{"id":8082,"date":"2010-09-15T11:19:34","date_gmt":"2010-09-15T11:19:34","guid":{"rendered":"https:\/\/sandzakpress.net\/arhiva\/?p=8082"},"modified":"2010-09-15T11:19:34","modified_gmt":"2010-09-15T11:19:34","slug":"vecer-sanzaka-u-srebrenici","status":"publish","type":"post","link":"https:\/\/sandzakpress.net\/arhiva\/vecer-sanzaka-u-srebrenici\/","title":{"rendered":"Ve\u010der San\u017eaka u Srebrenici"},"content":{"rendered":"<p><strong><a href=\"https:\/\/sandzakpress.net\/arhiva\/wp-content\/uploads\/2010\/09\/bajram-srebrenica-2010-20.jpg\"><img loading=\"lazy\" decoding=\"async\" class=\"alignleft size-medium wp-image-8084\" title=\"bajram-srebrenica-2010 (20)\" src=\"https:\/\/sandzakpress.net\/arhiva\/wp-content\/uploads\/2010\/09\/bajram-srebrenica-2010-20-300x248.jpg\" alt=\"\" width=\"300\" height=\"248\" \/><\/a>Sjeverni Sand\u017eak &#8211; U organizaciji Bo\u0161nja\u010dkog nacionalnog vije\u0107a, a u okviru manifestacije \u201eBajramski dani bo\u0161nja\u010dke kulture\u201c, 11. septembra 2010. godine (subota) u Domu kulture u Srebrenici uprili\u010dena je Bajramska akademija.<\/strong><\/p>\n<p>Sve\u010danost je organizovana u koordinaciji i sa Med\u017elisom IZ-e Srebrenica i Udru\u017eenjem \u201eMajke Srebrenice\u201c.<\/p>\n<p>Ovoj sve\u010danosti su prisustvovali visoki funkcioneri Bo\u0161nja\u010dkog nacionalnog vije\u0107a, predsjednik prof. dr. Mevlud Dudi\u0107 i predsjednik IO Samir Tandir, zatim predsjednik Med\u017elisa IZ-e Srebrenica Alija Tabakovi\u0107, srebreni\u010dki glavni imam Damir-ef. Pe\u0161tali\u0107 i predsjednica Udru\u017eenja \u201eMajke Srebrenice\u201c Munira Suba\u0161i\u0107.<\/p>\n<p>U programu je u\u010destvovao hor \u201eGazi Isa-beg\u201c medrese, kao i izvo\u0111a\u010di sevdalinki iz sand\u017ea\u010dkih gradova.\u00a0 Nakon prou\u010denih odlomaka iz Kur'ana \u010casnog, prisutnima se obratio predsjednik Med\u017elisa IZ-e Srebrenica. On je izrazio dobrodo\u0161licu gostima iz Sand\u017eaka i zahvalio se na prisustvu. Posebno se zahvalio glavnom imamu Damir-ef. Pe\u0161tali\u0107u i predsjedniku Med\u017elisa IZ-e Prijepolje Samir-ef. Tandiru na \u201enjihovoj uspje\u0161noj saradnji koja je rezulirala ovom konekcijom Sand\u017eak-Srebrenica\u201c, naglasio je Tabakovi\u0107.<\/p>\n<p>Potom su se obratili predstavnici BNV-a Samir Tandir i prof. dr. Mevlud Dudi\u0107.\u00a0 Na po\u010detku izlaganja Tandir je prenio li\u010dnu \u010destitku glavnog muftije Muamer-ef. Zukorli\u0107a i izvinjenje zato \u0161to nije bio u prilici da prisustvuje ovoj manifestaciji.\u00a0 \u201eSvako od nas treba na svoj na\u010din da se sje\u0107a Srebrenice i mimo 11. jula. Treba da poka\u017eemo da mo\u017eemo dostojanstveno da podnesemo bol. Da se \u010dvrsto i nepokolebljivo borimo za istinu i da smijemo re\u0107i da je bio genocid, iako to nije jednostavno. Ali nisu nas porazili i za nas ima \u017eivota. D\u017eenaza 11. jula i na\u0161e okupljanje ovdje, kao i podr\u0161ke na\u0161im predstavnicima, prvenstveno njegovoj eminenciji reisulemi dr. Mustafi-ef. Ceri\u0107u, jeste dokaz da se genocid nad Bo\u0161njacima nikada ne\u0107e ponoviti\u201c, kazao je Tandir.<\/p>\n<p>\u201eSrebrenica je mubarek mjesto za nas Bo\u0161njake, jer se u Srebrenici dogodio genocid i mi u Sand\u017eaku djelimi\u010dno ispa\u0161tamo zbog toga \u0161to nismo htjeli prihvatiti bilo koju drugu formulaciju osim genocid. Iako neki koji sebe nazivaju bo\u0161nja\u010dkim politi\u010darima prihvataju sve, pa i to da u Srebrenici nije bio genocid, mi to nismo prihvatili. Zato nikada nismo bili odlu\u010dniji nego na zadnjim izborima da ka\u017eemo narodu za koga \u0107e glasati.<\/p>\n<p><a href=\"https:\/\/sandzakpress.net\/arhiva\/wp-content\/uploads\/2010\/09\/bajram-srebrenica-2010-9.jpg\"><img loading=\"lazy\" decoding=\"async\" class=\"aligncenter size-full wp-image-8083\" title=\"bajram-srebrenica-2010 (9)\" src=\"https:\/\/sandzakpress.net\/arhiva\/wp-content\/uploads\/2010\/09\/bajram-srebrenica-2010-9.jpg\" alt=\"\" width=\"616\" height=\"410\" \/><\/a><br \/>\nMi smo se probudili kao narod, kao Bo\u0161njaci. I to bu\u0111enje nas je ko\u0161talo. Ovoga puta to bu\u0111enje je bilo ne haoti\u010dno, ve\u0107 organizovano, iza na\u0161ih imama, iza na\u0161eg crvenog fesa i bijele ahmedije.<\/p>\n<p>E zato je Islamska zajednica u Sand\u017eaku napadnuta. Zato \u0161to je ona jedini garant opstanka muslimana i Bo\u0161njaka u Sand\u017eaku. To je Islamska zajednica u Srbiji sa sjedi\u0161tem u Novom Pazaru i duhovnim centrom u Sarajevu\u201c, rekao je Dudi\u0107 u jednom dijelu izlaganja.<\/p>\n<h3>Posjeta \u0161ehidima<\/h3>\n<p>Gosti iz Sand\u017eaka, predvo\u0111eni predstavnicima Bo\u0161nja\u010dkog nacionalnog vije\u0107a, istoga dana, prije odr\u017eane manifestacije, obi\u0161li su \u0161ehidsko groblje u Memorijalnom centru u Poto\u010darima, te prou\u010dili Fatihu \u0161ehidima koji su dali svoj \u017eivot za slobodu.<\/p>\n<p>Izvor: <strong>BNV.rs<\/strong><\/p>\n","protected":false},"excerpt":{"rendered":"<p>Sjeverni Sand\u017eak &#8211; U organizaciji Bo\u0161nja\u010dkog nacionalnog vije\u0107a, a u okviru manifestacije \u201eBajramski dani bo\u0161nja\u010dke kulture\u201c, 11. septembra 2010. godine (subota) u Domu kulture u Srebrenici uprili\u010dena je Bajramska akademija. Sve\u010danost je organizovana u koordinaciji i sa Med\u017elisom IZ-e Srebrenica i Udru\u017eenjem \u201eMajke Srebrenice\u201c. Ovoj sve\u010danosti su prisustvovali visoki funkcioneri Bo\u0161nja\u010dkog nacionalnog vije\u0107a, predsjednik prof. [&hellip;]<\/p>\n","protected":false},"author":83,"featured_media":8084,"comment_status":"open","ping_status":"open","sticky":false,"template":"","format":"standard","meta":{"footnotes":""},"categories":[800,72,52,327,392,393,394],"tags":[],"class_list":{"0":"post-8082","1":"post","2":"type-post","3":"status-publish","4":"format-standard","5":"has-post-thumbnail","7":"category-nacija","8":"category-novi-pazar","9":"category-sjenica","10":"category-tutin","11":"category-prijepolje_","12":"category-priboj","13":"category-nova-varos"},"yoast_head":"<!-- This site is optimized with the Yoast SEO Premium plugin v23.1 (Yoast SEO v24.9) - https:\/\/yoast.com\/wordpress\/plugins\/seo\/ -->\n<title>Ve\u010der San\u017eaka u Srebrenici<\/title>\n<meta name=\"robots\" content=\"index, follow, max-snippet:-1, max-image-preview:large, max-video-preview:-1\" \/>\n<link rel=\"canonical\" href=\"https:\/\/sandzakpress.net\/arhiva\/vecer-sanzaka-u-srebrenici\/\" \/>\n<meta property=\"og:locale\" content=\"bs_BA\" \/>\n<meta property=\"og:type\" content=\"article\" \/>\n<meta property=\"og:title\" content=\"Ve\u010der San\u017eaka u Srebrenici\" \/>\n<meta property=\"og:description\" content=\"Sjeverni Sand\u017eak &#8211; U organizaciji Bo\u0161nja\u010dkog nacionalnog vije\u0107a, a u okviru manifestacije \u201eBajramski dani bo\u0161nja\u010dke kulture\u201c, 11. septembra 2010. godine (subota) u Domu kulture u Srebrenici uprili\u010dena je Bajramska akademija. Sve\u010danost je organizovana u koordinaciji i sa Med\u017elisom IZ-e Srebrenica i Udru\u017eenjem \u201eMajke Srebrenice\u201c. Ovoj sve\u010danosti su prisustvovali visoki funkcioneri Bo\u0161nja\u010dkog nacionalnog vije\u0107a, predsjednik prof. [&hellip;]\" \/>\n<meta property=\"og:url\" content=\"https:\/\/sandzakpress.net\/arhiva\/vecer-sanzaka-u-srebrenici\/\" \/>\n<meta property=\"og:site_name\" content=\"Sand\u017eak PRESS\" \/>\n<meta property=\"article:published_time\" content=\"2010-09-15T11:19:34+00:00\" \/>\n<meta property=\"og:image\" content=\"https:\/\/sandzakpress.net\/arhiva\/wp-content\/uploads\/2010\/09\/bajram-srebrenica-2010-20.jpg\" \/>\n\t<meta property=\"og:image:width\" content=\"482\" \/>\n\t<meta property=\"og:image:height\" content=\"399\" \/>\n\t<meta property=\"og:image:type\" content=\"image\/jpeg\" \/>\n<meta name=\"author\" content=\"bosniak\" \/>\n<meta name=\"twitter:card\" content=\"summary_large_image\" \/>\n<meta name=\"twitter:label1\" content=\"Written by\" \/>\n\t<meta name=\"twitter:data1\" content=\"bosniak\" \/>\n\t<meta name=\"twitter:label2\" content=\"Est. reading time\" \/>\n\t<meta name=\"twitter:data2\" content=\"3 minute\" \/>\n<script type=\"application\/ld+json\" class=\"yoast-schema-graph\">{\"@context\":\"https:\/\/schema.org\",\"@graph\":[{\"@type\":\"Article\",\"@id\":\"https:\/\/sandzakpress.net\/arhiva\/vecer-sanzaka-u-srebrenici\/#article\",\"isPartOf\":{\"@id\":\"https:\/\/sandzakpress.net\/arhiva\/vecer-sanzaka-u-srebrenici\/\"},\"author\":{\"name\":\"bosniak\",\"@id\":\"https:\/\/sandzakpress.net\/arhiva\/#\/schema\/person\/c8baee722073534b583ea7bdb2e36c02\"},\"headline\":\"Ve\u010der San\u017eaka u Srebrenici\",\"datePublished\":\"2010-09-15T11:19:34+00:00\",\"mainEntityOfPage\":{\"@id\":\"https:\/\/sandzakpress.net\/arhiva\/vecer-sanzaka-u-srebrenici\/\"},\"wordCount\":535,\"commentCount\":0,\"publisher\":{\"@id\":\"https:\/\/sandzakpress.net\/arhiva\/#\/schema\/person\/6e72b67d6e51910a1117b3b483ba20bd\"},\"image\":{\"@id\":\"https:\/\/sandzakpress.net\/arhiva\/vecer-sanzaka-u-srebrenici\/#primaryimage\"},\"thumbnailUrl\":\"https:\/\/sandzakpress.net\/arhiva\/wp-content\/uploads\/2010\/09\/bajram-srebrenica-2010-20.jpg\",\"articleSection\":[\"Nacija\",\"Novi Pazar\",\"Sjenica\",\"Tutin\",\"Prijepolje\",\"Priboj\",\"Nova Varo\u0161\"],\"inLanguage\":\"bs-BA\",\"potentialAction\":[{\"@type\":\"CommentAction\",\"name\":\"Comment\",\"target\":[\"https:\/\/sandzakpress.net\/arhiva\/vecer-sanzaka-u-srebrenici\/#respond\"]}]},{\"@type\":\"WebPage\",\"@id\":\"https:\/\/sandzakpress.net\/arhiva\/vecer-sanzaka-u-srebrenici\/\",\"url\":\"https:\/\/sandzakpress.net\/arhiva\/vecer-sanzaka-u-srebrenici\/\",\"name\":\"Ve\u010der San\u017eaka u Srebrenici\",\"isPartOf\":{\"@id\":\"https:\/\/sandzakpress.net\/arhiva\/#website\"},\"primaryImageOfPage\":{\"@id\":\"https:\/\/sandzakpress.net\/arhiva\/vecer-sanzaka-u-srebrenici\/#primaryimage\"},\"image\":{\"@id\":\"https:\/\/sandzakpress.net\/arhiva\/vecer-sanzaka-u-srebrenici\/#primaryimage\"},\"thumbnailUrl\":\"https:\/\/sandzakpress.net\/arhiva\/wp-content\/uploads\/2010\/09\/bajram-srebrenica-2010-20.jpg\",\"datePublished\":\"2010-09-15T11:19:34+00:00\",\"breadcrumb\":{\"@id\":\"https:\/\/sandzakpress.net\/arhiva\/vecer-sanzaka-u-srebrenici\/#breadcrumb\"},\"inLanguage\":\"bs-BA\",\"potentialAction\":[{\"@type\":\"ReadAction\",\"target\":[\"https:\/\/sandzakpress.net\/arhiva\/vecer-sanzaka-u-srebrenici\/\"]}]},{\"@type\":\"ImageObject\",\"inLanguage\":\"bs-BA\",\"@id\":\"https:\/\/sandzakpress.net\/arhiva\/vecer-sanzaka-u-srebrenici\/#primaryimage\",\"url\":\"https:\/\/sandzakpress.net\/arhiva\/wp-content\/uploads\/2010\/09\/bajram-srebrenica-2010-20.jpg\",\"contentUrl\":\"https:\/\/sandzakpress.net\/arhiva\/wp-content\/uploads\/2010\/09\/bajram-srebrenica-2010-20.jpg\",\"width\":482,\"height\":399},{\"@type\":\"BreadcrumbList\",\"@id\":\"https:\/\/sandzakpress.net\/arhiva\/vecer-sanzaka-u-srebrenici\/#breadcrumb\",\"itemListElement\":[{\"@type\":\"ListItem\",\"position\":1,\"name\":\"Home\",\"item\":\"https:\/\/sandzakpress.net\/arhiva\/\"},{\"@type\":\"ListItem\",\"position\":2,\"name\":\"Ve\u010der San\u017eaka u Srebrenici\"}]},{\"@type\":\"WebSite\",\"@id\":\"https:\/\/sandzakpress.net\/arhiva\/#website\",\"url\":\"https:\/\/sandzakpress.net\/arhiva\/\",\"name\":\"Sand\u017eak PRESS\",\"description\":\"Prve elektronske novine u Sand\u017eaku\",\"publisher\":{\"@id\":\"https:\/\/sandzakpress.net\/arhiva\/#\/schema\/person\/6e72b67d6e51910a1117b3b483ba20bd\"},\"potentialAction\":[{\"@type\":\"SearchAction\",\"target\":{\"@type\":\"EntryPoint\",\"urlTemplate\":\"https:\/\/sandzakpress.net\/arhiva\/?s={search_term_string}\"},\"query-input\":{\"@type\":\"PropertyValueSpecification\",\"valueRequired\":true,\"valueName\":\"search_term_string\"}}],\"inLanguage\":\"bs-BA\"},{\"@type\":[\"Person\",\"Organization\"],\"@id\":\"https:\/\/sandzakpress.net\/arhiva\/#\/schema\/person\/6e72b67d6e51910a1117b3b483ba20bd\",\"name\":\"Kul\",\"image\":{\"@type\":\"ImageObject\",\"inLanguage\":\"bs-BA\",\"@id\":\"https:\/\/sandzakpress.net\/arhiva\/#\/schema\/person\/image\/\",\"url\":\"https:\/\/secure.gravatar.com\/avatar\/42263f39aa27ac04c43cab85c280eb2e?s=96&d=mm&r=pg\",\"contentUrl\":\"https:\/\/secure.gravatar.com\/avatar\/42263f39aa27ac04c43cab85c280eb2e?s=96&d=mm&r=pg\",\"caption\":\"Kul\"},\"logo\":{\"@id\":\"https:\/\/sandzakpress.net\/arhiva\/#\/schema\/person\/image\/\"}},{\"@type\":\"Person\",\"@id\":\"https:\/\/sandzakpress.net\/arhiva\/#\/schema\/person\/c8baee722073534b583ea7bdb2e36c02\",\"name\":\"bosniak\",\"image\":{\"@type\":\"ImageObject\",\"inLanguage\":\"bs-BA\",\"@id\":\"https:\/\/sandzakpress.net\/arhiva\/#\/schema\/person\/image\/\",\"url\":\"https:\/\/secure.gravatar.com\/avatar\/a04fd330bfe3a36a72a0ad4a6d89fca7?s=96&d=mm&r=pg\",\"contentUrl\":\"https:\/\/secure.gravatar.com\/avatar\/a04fd330bfe3a36a72a0ad4a6d89fca7?s=96&d=mm&r=pg\",\"caption\":\"bosniak\"},\"url\":\"https:\/\/sandzakpress.net\/arhiva\/author\/bosniak\/\"}]}<\/script>\n<!-- \/ Yoast SEO Premium plugin. -->","yoast_head_json":{"title":"Ve\u010der San\u017eaka u Srebrenici","robots":{"index":"index","follow":"follow","max-snippet":"max-snippet:-1","max-image-preview":"max-image-preview:large","max-video-preview":"max-video-preview:-1"},"canonical":"https:\/\/sandzakpress.net\/arhiva\/vecer-sanzaka-u-srebrenici\/","og_locale":"bs_BA","og_type":"article","og_title":"Ve\u010der San\u017eaka u Srebrenici","og_description":"Sjeverni Sand\u017eak &#8211; U organizaciji Bo\u0161nja\u010dkog nacionalnog vije\u0107a, a u okviru manifestacije \u201eBajramski dani bo\u0161nja\u010dke kulture\u201c, 11. septembra 2010. godine (subota) u Domu kulture u Srebrenici uprili\u010dena je Bajramska akademija. Sve\u010danost je organizovana u koordinaciji i sa Med\u017elisom IZ-e Srebrenica i Udru\u017eenjem \u201eMajke Srebrenice\u201c. Ovoj sve\u010danosti su prisustvovali visoki funkcioneri Bo\u0161nja\u010dkog nacionalnog vije\u0107a, predsjednik prof. [&hellip;]","og_url":"https:\/\/sandzakpress.net\/arhiva\/vecer-sanzaka-u-srebrenici\/","og_site_name":"Sand\u017eak PRESS","article_published_time":"2010-09-15T11:19:34+00:00","og_image":[{"width":482,"height":399,"url":"https:\/\/sandzakpress.net\/arhiva\/wp-content\/uploads\/2010\/09\/bajram-srebrenica-2010-20.jpg","type":"image\/jpeg"}],"author":"bosniak","twitter_card":"summary_large_image","twitter_misc":{"Written by":"bosniak","Est. reading time":"3 minute"},"schema":{"@context":"https:\/\/schema.org","@graph":[{"@type":"Article","@id":"https:\/\/sandzakpress.net\/arhiva\/vecer-sanzaka-u-srebrenici\/#article","isPartOf":{"@id":"https:\/\/sandzakpress.net\/arhiva\/vecer-sanzaka-u-srebrenici\/"},"author":{"name":"bosniak","@id":"https:\/\/sandzakpress.net\/arhiva\/#\/schema\/person\/c8baee722073534b583ea7bdb2e36c02"},"headline":"Ve\u010der San\u017eaka u Srebrenici","datePublished":"2010-09-15T11:19:34+00:00","mainEntityOfPage":{"@id":"https:\/\/sandzakpress.net\/arhiva\/vecer-sanzaka-u-srebrenici\/"},"wordCount":535,"commentCount":0,"publisher":{"@id":"https:\/\/sandzakpress.net\/arhiva\/#\/schema\/person\/6e72b67d6e51910a1117b3b483ba20bd"},"image":{"@id":"https:\/\/sandzakpress.net\/arhiva\/vecer-sanzaka-u-srebrenici\/#primaryimage"},"thumbnailUrl":"https:\/\/sandzakpress.net\/arhiva\/wp-content\/uploads\/2010\/09\/bajram-srebrenica-2010-20.jpg","articleSection":["Nacija","Novi Pazar","Sjenica","Tutin","Prijepolje","Priboj","Nova Varo\u0161"],"inLanguage":"bs-BA","potentialAction":[{"@type":"CommentAction","name":"Comment","target":["https:\/\/sandzakpress.net\/arhiva\/vecer-sanzaka-u-srebrenici\/#respond"]}]},{"@type":"WebPage","@id":"https:\/\/sandzakpress.net\/arhiva\/vecer-sanzaka-u-srebrenici\/","url":"https:\/\/sandzakpress.net\/arhiva\/vecer-sanzaka-u-srebrenici\/","name":"Ve\u010der San\u017eaka u Srebrenici","isPartOf":{"@id":"https:\/\/sandzakpress.net\/arhiva\/#website"},"primaryImageOfPage":{"@id":"https:\/\/sandzakpress.net\/arhiva\/vecer-sanzaka-u-srebrenici\/#primaryimage"},"image":{"@id":"https:\/\/sandzakpress.net\/arhiva\/vecer-sanzaka-u-srebrenici\/#primaryimage"},"thumbnailUrl":"https:\/\/sandzakpress.net\/arhiva\/wp-content\/uploads\/2010\/09\/bajram-srebrenica-2010-20.jpg","datePublished":"2010-09-15T11:19:34+00:00","breadcrumb":{"@id":"https:\/\/sandzakpress.net\/arhiva\/vecer-sanzaka-u-srebrenici\/#breadcrumb"},"inLanguage":"bs-BA","potentialAction":[{"@type":"ReadAction","target":["https:\/\/sandzakpress.net\/arhiva\/vecer-sanzaka-u-srebrenici\/"]}]},{"@type":"ImageObject","inLanguage":"bs-BA","@id":"https:\/\/sandzakpress.net\/arhiva\/vecer-sanzaka-u-srebrenici\/#primaryimage","url":"https:\/\/sandzakpress.net\/arhiva\/wp-content\/uploads\/2010\/09\/bajram-srebrenica-2010-20.jpg","contentUrl":"https:\/\/sandzakpress.net\/arhiva\/wp-content\/uploads\/2010\/09\/bajram-srebrenica-2010-20.jpg","width":482,"height":399},{"@type":"BreadcrumbList","@id":"https:\/\/sandzakpress.net\/arhiva\/vecer-sanzaka-u-srebrenici\/#breadcrumb","itemListElement":[{"@type":"ListItem","position":1,"name":"Home","item":"https:\/\/sandzakpress.net\/arhiva\/"},{"@type":"ListItem","position":2,"name":"Ve\u010der San\u017eaka u Srebrenici"}]},{"@type":"WebSite","@id":"https:\/\/sandzakpress.net\/arhiva\/#website","url":"https:\/\/sandzakpress.net\/arhiva\/","name":"Sand\u017eak PRESS","description":"Prve elektronske novine u Sand\u017eaku","publisher":{"@id":"https:\/\/sandzakpress.net\/arhiva\/#\/schema\/person\/6e72b67d6e51910a1117b3b483ba20bd"},"potentialAction":[{"@type":"SearchAction","target":{"@type":"EntryPoint","urlTemplate":"https:\/\/sandzakpress.net\/arhiva\/?s={search_term_string}"},"query-input":{"@type":"PropertyValueSpecification","valueRequired":true,"valueName":"search_term_string"}}],"inLanguage":"bs-BA"},{"@type":["Person","Organization"],"@id":"https:\/\/sandzakpress.net\/arhiva\/#\/schema\/person\/6e72b67d6e51910a1117b3b483ba20bd","name":"Kul","image":{"@type":"ImageObject","inLanguage":"bs-BA","@id":"https:\/\/sandzakpress.net\/arhiva\/#\/schema\/person\/image\/","url":"https:\/\/secure.gravatar.com\/avatar\/42263f39aa27ac04c43cab85c280eb2e?s=96&d=mm&r=pg","contentUrl":"https:\/\/secure.gravatar.com\/avatar\/42263f39aa27ac04c43cab85c280eb2e?s=96&d=mm&r=pg","caption":"Kul"},"logo":{"@id":"https:\/\/sandzakpress.net\/arhiva\/#\/schema\/person\/image\/"}},{"@type":"Person","@id":"https:\/\/sandzakpress.net\/arhiva\/#\/schema\/person\/c8baee722073534b583ea7bdb2e36c02","name":"bosniak","image":{"@type":"ImageObject","inLanguage":"bs-BA","@id":"https:\/\/sandzakpress.net\/arhiva\/#\/schema\/person\/image\/","url":"https:\/\/secure.gravatar.com\/avatar\/a04fd330bfe3a36a72a0ad4a6d89fca7?s=96&d=mm&r=pg","contentUrl":"https:\/\/secure.gravatar.com\/avatar\/a04fd330bfe3a36a72a0ad4a6d89fca7?s=96&d=mm&r=pg","caption":"bosniak"},"url":"https:\/\/sandzakpress.net\/arhiva\/author\/bosniak\/"}]}},"_links":{"self":[{"href":"https:\/\/sandzakpress.net\/arhiva\/wp-json\/wp\/v2\/posts\/8082"}],"collection":[{"href":"https:\/\/sandzakpress.net\/arhiva\/wp-json\/wp\/v2\/posts"}],"about":[{"href":"https:\/\/sandzakpress.net\/arhiva\/wp-json\/wp\/v2\/types\/post"}],"author":[{"embeddable":true,"href":"https:\/\/sandzakpress.net\/arhiva\/wp-json\/wp\/v2\/users\/83"}],"replies":[{"embeddable":true,"href":"https:\/\/sandzakpress.net\/arhiva\/wp-json\/wp\/v2\/comments?post=8082"}],"version-history":[{"count":0,"href":"https:\/\/sandzakpress.net\/arhiva\/wp-json\/wp\/v2\/posts\/8082\/revisions"}],"wp:featuredmedia":[{"embeddable":true,"href":"https:\/\/sandzakpress.net\/arhiva\/wp-json\/wp\/v2\/media\/8084"}],"wp:attachment":[{"href":"https:\/\/sandzakpress.net\/arhiva\/wp-json\/wp\/v2\/media?parent=8082"}],"wp:term":[{"taxonomy":"category","embeddable":true,"href":"https:\/\/sandzakpress.net\/arhiva\/wp-json\/wp\/v2\/categories?post=8082"},{"taxonomy":"post_tag","embeddable":true,"href":"https:\/\/sandzakpress.net\/arhiva\/wp-json\/wp\/v2\/tags?post=8082"}],"curies":[{"name":"wp","href":"https:\/\/api.w.org\/{rel}","templated":true}]}}