{"id":8079,"date":"2010-09-15T11:12:41","date_gmt":"2010-09-15T11:12:41","guid":{"rendered":"https:\/\/sandzakpress.net\/arhiva\/?p=8079"},"modified":"2010-09-15T11:12:41","modified_gmt":"2010-09-15T11:12:41","slug":"cestitka-%e2%80%9cpreporodu%e2%80%9d-povodom-40-godisnjice","status":"publish","type":"post","link":"https:\/\/sandzakpress.net\/arhiva\/cestitka-%e2%80%9cpreporodu%e2%80%9d-povodom-40-godisnjice\/","title":{"rendered":"\u010cestitka \u201cPreporodu\u201d povodom 40-godi\u0161njice"},"content":{"rendered":"<p><strong><a href=\"https:\/\/sandzakpress.net\/arhiva\/wp-content\/uploads\/2010\/09\/preporod.jpg\"><img loading=\"lazy\" decoding=\"async\" class=\"alignleft size-full wp-image-8080\" title=\"preporod\" src=\"https:\/\/sandzakpress.net\/arhiva\/wp-content\/uploads\/2010\/09\/preporod.jpg\" alt=\"\" width=\"191\" height=\"67\" \/><\/a>Sjeverni Sand\u017eak &#8211; Predsjednik Bo\u0161nja\u010dkog nacionalnog vije\u0107a uputio je \u010destitku uredni\u0161tvu Islamskih informativnih novina \u201cPreporod\u201d na nastupaju\u0107em jubileju \u2013 \u010detrdesetogodi\u0161njice. U pismu se ka\u017ee:<\/strong><\/p>\n<p style=\"text-align: center;\"><strong>ISLAMSKE INFORMATIVNE NOVINE \u201cPREPORD\u201d<\/strong><\/p>\n<p style=\"text-align: center;\"><strong>glavni i odgovorni uredik, Aziz Kadribegovi\u0107<\/strong><\/p>\n<p>Po\u0161tovana bra\u0107o i dragi prijatelji, usljed sprije\u010denosti da li\u010dno prisustvujem proslavi obilje\u017eavanja \u010detrdesetogodi\u0161njice kontinuiranoga izlaska islamskih informativnih novina \u201cPreporod\u201d zbog unaprijed planiranih obaveza, \u017eelim Vam se ovim putem najsrda\u010dnije zahvaliti na pozivu, \u010destitati Vam na ustrajnosti i predanom radu i, bar korespondencijom, u\u010destvovati u zajedni\u010dkoj radosti i historijskoj datosti kakav je dana\u0161nji dan za sve Bo\u0161njake i muslimane svijeta.<\/p>\n<p>Povode\u0107i se za mi\u0161lju jednog istaknutog filozofa koji je kazao: \u201cTradicija to je ono \u0161to se gradi decenijama.\u201d, smatram da je islamska informativna novina \u201cPreporod\u201d, u ve\u0107 \u010detrdeset godina svog postojanja, izrasla u jedan od nose\u0107ih stubova vjerskog i nacionalnog identiteta Bo\u0161njaka, tradiciju i kulturnu ba\u0161tinu koja svjedo\u010di o svim komponentama na\u0161eg \u017eivljenja proteklih decenija, bri\u017eno i savjesno bilje\u017ee\u0107i svaki zna\u010dajniji doga\u0111aj koji je utjecao na izgradnju bo\u0161nja\u010dkoga duha i bi\u0107a. Posebna je radost znati da je \u201cPreprod\u201d danas sna\u017eniji nego ju\u010der, kao \u0161to je ju\u010der imao vi\u0161e \u010ditalaca nego prekju\u010der, i kao \u0161to \u0107e, ako Bog da, sjutra biti jo\u0161 ja\u010di sto\u017eer svekolike bo\u0161nja\u010dke vjerske, duhovne, nacionalne, intelektualne i moralne posebnosti u odnosu na ostale narode Balkana i Evrope. Sve ovo ne bi bilo mogu\u0107e posti\u0107i da nije pregalaca koji su utkali svoja \u017eivotna iskustva u ovoj novini, te im zato treba iskazati posebnu po\u010dast i njihova imena upisati zlatnim slovima u spomenicama Rijaseta Islamske zajednice Bosne i Hercegovine i op\u0107oj historiji Bo\u0161njaka. Imaju\u0107i u obzir sve naprijed napisano, smatram dana\u0161nji dan na\u0161im velikim blagdanom pisane rije\u010di u kom i sand\u017ea\u010dki Bo\u0161njaci zajedno u\u010destvuju sa Vama, dragi uredni\u010de, Rijasetom Islamske zajednice Bosne i Hercegovine, Bo\u0161njacima u domovini i dijaspori i op\u0107enito svim muslimanima svijeta.<\/p>\n<p>Ne mo\u017eemo prenebregnuti \u010dinjenicu da je u najte\u017eim vremenima za muslimane Balkana \u201cPreprod\u201d bio jedino glasilo koje je pisanom rije\u010dju stalo u odbranu vjere, \u010dasti, dostojanstva i po\u0161tivanja islamskih vrijednosti na ovim prostorima, i to onda kada su svi re\u017eimski i \u201cnezavisni mediji\u201d sprovodili bezbo\u017eni\u010dku politiku nipoda\u0161tavanja civilizacijskih vrijednosti i \u010dovjeka dostojnih normi \u017eivljena. Tako\u0111er, zna\u010dajno je naglasiti i da je islamska informativna novina \u201cPreprod\u201d matica svih ostalih sli\u010dnih medija. Svjesni smo \u010dinjenice da nije bilo \u201cPreproda\u201d, nikada ne bi postojavali ni Glas islama, ni Novi horizonti, ni Muallim, ni Islamska misao niti bilo koji drugi pisani medij bo\u0161nja\u010dko-islamskog usmjerenja. \u201cPreporod\u201d je pionirskim zahvatima svim bo\u0161nja\u010dko-muslimanskim medijima prokr\u010dio put i utabao stazu na kojoj su oni kasnije profilirali vlastitu ure\u0111iva\u010du politiku.<\/p>\n<p>\u017delimo Vam da i dalje budete dosljedni \u010duvari islamske tradicije na\u0161ih muslimana i autenti\u010dni promicatelji bo\u0161nja\u010dkog naslje\u0111a, te da svi skupa proslavimo i neke budu\u0107e \u201cPreprodove\u201d uspjehe. U to ime Vam na kraju jo\u0161 jednom \u0161aljemo, li\u010dno na\u0161e i sviju sand\u017ea\u010dkih Bo\u0161njaka, najtoplije bratske selame s nestrpljenjem i\u0161\u010dkeju\u0107i nove broje najzna\u010dajnije muslimanske informativne perodike na Balkanu, nadaju\u0107i se da \u0107emo, u najskorije mogu\u0107e vrijeme, umjesto petanestodnevno dobijati hefti\u010dna izdanja \u201cPreporda\u201d.<\/p>\n<p>Izvor: <strong>BNV.rs<\/strong><\/p>\n","protected":false},"excerpt":{"rendered":"<p>Sjeverni Sand\u017eak &#8211; Predsjednik Bo\u0161nja\u010dkog nacionalnog vije\u0107a uputio je \u010destitku uredni\u0161tvu Islamskih informativnih novina \u201cPreporod\u201d na nastupaju\u0107em jubileju \u2013 \u010detrdesetogodi\u0161njice. U pismu se ka\u017ee: ISLAMSKE INFORMATIVNE NOVINE \u201cPREPORD\u201d glavni i odgovorni uredik, Aziz Kadribegovi\u0107 Po\u0161tovana bra\u0107o i dragi prijatelji, usljed sprije\u010denosti da li\u010dno prisustvujem proslavi obilje\u017eavanja \u010detrdesetogodi\u0161njice kontinuiranoga izlaska islamskih informativnih novina \u201cPreporod\u201d zbog unaprijed [&hellip;]<\/p>\n","protected":false},"author":83,"featured_media":8080,"comment_status":"open","ping_status":"open","sticky":false,"template":"","format":"standard","meta":{"footnotes":""},"categories":[800,72,52,327,392,393,394],"tags":[],"class_list":{"0":"post-8079","1":"post","2":"type-post","3":"status-publish","4":"format-standard","5":"has-post-thumbnail","7":"category-nacija","8":"category-novi-pazar","9":"category-sjenica","10":"category-tutin","11":"category-prijepolje_","12":"category-priboj","13":"category-nova-varos"},"yoast_head":"<!-- This site is optimized with the Yoast SEO Premium plugin v23.1 (Yoast SEO v24.9) - https:\/\/yoast.com\/wordpress\/plugins\/seo\/ -->\n<title>\u010cestitka \u201cPreporodu\u201d povodom 40-godi\u0161njice<\/title>\n<meta name=\"robots\" content=\"index, follow, max-snippet:-1, max-image-preview:large, max-video-preview:-1\" \/>\n<link rel=\"canonical\" href=\"https:\/\/sandzakpress.net\/arhiva\/cestitka-\u201cpreporodu\u201d-povodom-40-godisnjice\/\" \/>\n<meta property=\"og:locale\" content=\"bs_BA\" \/>\n<meta property=\"og:type\" content=\"article\" \/>\n<meta property=\"og:title\" content=\"\u010cestitka \u201cPreporodu\u201d povodom 40-godi\u0161njice\" \/>\n<meta property=\"og:description\" content=\"Sjeverni Sand\u017eak &#8211; Predsjednik Bo\u0161nja\u010dkog nacionalnog vije\u0107a uputio je \u010destitku uredni\u0161tvu Islamskih informativnih novina \u201cPreporod\u201d na nastupaju\u0107em jubileju \u2013 \u010detrdesetogodi\u0161njice. U pismu se ka\u017ee: ISLAMSKE INFORMATIVNE NOVINE \u201cPREPORD\u201d glavni i odgovorni uredik, Aziz Kadribegovi\u0107 Po\u0161tovana bra\u0107o i dragi prijatelji, usljed sprije\u010denosti da li\u010dno prisustvujem proslavi obilje\u017eavanja \u010detrdesetogodi\u0161njice kontinuiranoga izlaska islamskih informativnih novina \u201cPreporod\u201d zbog unaprijed [&hellip;]\" \/>\n<meta property=\"og:url\" content=\"https:\/\/sandzakpress.net\/arhiva\/cestitka-\u201cpreporodu\u201d-povodom-40-godisnjice\/\" \/>\n<meta property=\"og:site_name\" content=\"Sand\u017eak PRESS\" \/>\n<meta property=\"article:published_time\" content=\"2010-09-15T11:12:41+00:00\" \/>\n<meta property=\"og:image\" content=\"https:\/\/sandzakpress.net\/arhiva\/wp-content\/uploads\/2010\/09\/preporod.jpg\" \/>\n\t<meta property=\"og:image:width\" content=\"191\" \/>\n\t<meta property=\"og:image:height\" content=\"67\" \/>\n\t<meta property=\"og:image:type\" content=\"image\/jpeg\" \/>\n<meta name=\"author\" content=\"bosniak\" \/>\n<meta name=\"twitter:card\" content=\"summary_large_image\" \/>\n<meta name=\"twitter:label1\" content=\"Written by\" \/>\n\t<meta name=\"twitter:data1\" content=\"bosniak\" \/>\n\t<meta name=\"twitter:label2\" content=\"Est. reading time\" \/>\n\t<meta name=\"twitter:data2\" content=\"3 minute\" \/>\n<script type=\"application\/ld+json\" class=\"yoast-schema-graph\">{\"@context\":\"https:\/\/schema.org\",\"@graph\":[{\"@type\":\"Article\",\"@id\":\"https:\/\/sandzakpress.net\/arhiva\/cestitka-%e2%80%9cpreporodu%e2%80%9d-povodom-40-godisnjice\/#article\",\"isPartOf\":{\"@id\":\"https:\/\/sandzakpress.net\/arhiva\/cestitka-%e2%80%9cpreporodu%e2%80%9d-povodom-40-godisnjice\/\"},\"author\":{\"name\":\"bosniak\",\"@id\":\"https:\/\/sandzakpress.net\/arhiva\/#\/schema\/person\/c8baee722073534b583ea7bdb2e36c02\"},\"headline\":\"\u010cestitka \u201cPreporodu\u201d povodom 40-godi\u0161njice\",\"datePublished\":\"2010-09-15T11:12:41+00:00\",\"mainEntityOfPage\":{\"@id\":\"https:\/\/sandzakpress.net\/arhiva\/cestitka-%e2%80%9cpreporodu%e2%80%9d-povodom-40-godisnjice\/\"},\"wordCount\":590,\"commentCount\":0,\"publisher\":{\"@id\":\"https:\/\/sandzakpress.net\/arhiva\/#\/schema\/person\/6e72b67d6e51910a1117b3b483ba20bd\"},\"image\":{\"@id\":\"https:\/\/sandzakpress.net\/arhiva\/cestitka-%e2%80%9cpreporodu%e2%80%9d-povodom-40-godisnjice\/#primaryimage\"},\"thumbnailUrl\":\"https:\/\/sandzakpress.net\/arhiva\/wp-content\/uploads\/2010\/09\/preporod.jpg\",\"articleSection\":[\"Nacija\",\"Novi Pazar\",\"Sjenica\",\"Tutin\",\"Prijepolje\",\"Priboj\",\"Nova Varo\u0161\"],\"inLanguage\":\"bs-BA\",\"potentialAction\":[{\"@type\":\"CommentAction\",\"name\":\"Comment\",\"target\":[\"https:\/\/sandzakpress.net\/arhiva\/cestitka-%e2%80%9cpreporodu%e2%80%9d-povodom-40-godisnjice\/#respond\"]}]},{\"@type\":\"WebPage\",\"@id\":\"https:\/\/sandzakpress.net\/arhiva\/cestitka-%e2%80%9cpreporodu%e2%80%9d-povodom-40-godisnjice\/\",\"url\":\"https:\/\/sandzakpress.net\/arhiva\/cestitka-%e2%80%9cpreporodu%e2%80%9d-povodom-40-godisnjice\/\",\"name\":\"\u010cestitka \u201cPreporodu\u201d povodom 40-godi\u0161njice\",\"isPartOf\":{\"@id\":\"https:\/\/sandzakpress.net\/arhiva\/#website\"},\"primaryImageOfPage\":{\"@id\":\"https:\/\/sandzakpress.net\/arhiva\/cestitka-%e2%80%9cpreporodu%e2%80%9d-povodom-40-godisnjice\/#primaryimage\"},\"image\":{\"@id\":\"https:\/\/sandzakpress.net\/arhiva\/cestitka-%e2%80%9cpreporodu%e2%80%9d-povodom-40-godisnjice\/#primaryimage\"},\"thumbnailUrl\":\"https:\/\/sandzakpress.net\/arhiva\/wp-content\/uploads\/2010\/09\/preporod.jpg\",\"datePublished\":\"2010-09-15T11:12:41+00:00\",\"breadcrumb\":{\"@id\":\"https:\/\/sandzakpress.net\/arhiva\/cestitka-%e2%80%9cpreporodu%e2%80%9d-povodom-40-godisnjice\/#breadcrumb\"},\"inLanguage\":\"bs-BA\",\"potentialAction\":[{\"@type\":\"ReadAction\",\"target\":[\"https:\/\/sandzakpress.net\/arhiva\/cestitka-%e2%80%9cpreporodu%e2%80%9d-povodom-40-godisnjice\/\"]}]},{\"@type\":\"ImageObject\",\"inLanguage\":\"bs-BA\",\"@id\":\"https:\/\/sandzakpress.net\/arhiva\/cestitka-%e2%80%9cpreporodu%e2%80%9d-povodom-40-godisnjice\/#primaryimage\",\"url\":\"https:\/\/sandzakpress.net\/arhiva\/wp-content\/uploads\/2010\/09\/preporod.jpg\",\"contentUrl\":\"https:\/\/sandzakpress.net\/arhiva\/wp-content\/uploads\/2010\/09\/preporod.jpg\",\"width\":191,\"height\":67},{\"@type\":\"BreadcrumbList\",\"@id\":\"https:\/\/sandzakpress.net\/arhiva\/cestitka-%e2%80%9cpreporodu%e2%80%9d-povodom-40-godisnjice\/#breadcrumb\",\"itemListElement\":[{\"@type\":\"ListItem\",\"position\":1,\"name\":\"Home\",\"item\":\"https:\/\/sandzakpress.net\/arhiva\/\"},{\"@type\":\"ListItem\",\"position\":2,\"name\":\"\u010cestitka \u201cPreporodu\u201d povodom 40-godi\u0161njice\"}]},{\"@type\":\"WebSite\",\"@id\":\"https:\/\/sandzakpress.net\/arhiva\/#website\",\"url\":\"https:\/\/sandzakpress.net\/arhiva\/\",\"name\":\"Sand\u017eak PRESS\",\"description\":\"Prve elektronske novine u Sand\u017eaku\",\"publisher\":{\"@id\":\"https:\/\/sandzakpress.net\/arhiva\/#\/schema\/person\/6e72b67d6e51910a1117b3b483ba20bd\"},\"potentialAction\":[{\"@type\":\"SearchAction\",\"target\":{\"@type\":\"EntryPoint\",\"urlTemplate\":\"https:\/\/sandzakpress.net\/arhiva\/?s={search_term_string}\"},\"query-input\":{\"@type\":\"PropertyValueSpecification\",\"valueRequired\":true,\"valueName\":\"search_term_string\"}}],\"inLanguage\":\"bs-BA\"},{\"@type\":[\"Person\",\"Organization\"],\"@id\":\"https:\/\/sandzakpress.net\/arhiva\/#\/schema\/person\/6e72b67d6e51910a1117b3b483ba20bd\",\"name\":\"Kul\",\"image\":{\"@type\":\"ImageObject\",\"inLanguage\":\"bs-BA\",\"@id\":\"https:\/\/sandzakpress.net\/arhiva\/#\/schema\/person\/image\/\",\"url\":\"https:\/\/secure.gravatar.com\/avatar\/42263f39aa27ac04c43cab85c280eb2e?s=96&d=mm&r=pg\",\"contentUrl\":\"https:\/\/secure.gravatar.com\/avatar\/42263f39aa27ac04c43cab85c280eb2e?s=96&d=mm&r=pg\",\"caption\":\"Kul\"},\"logo\":{\"@id\":\"https:\/\/sandzakpress.net\/arhiva\/#\/schema\/person\/image\/\"}},{\"@type\":\"Person\",\"@id\":\"https:\/\/sandzakpress.net\/arhiva\/#\/schema\/person\/c8baee722073534b583ea7bdb2e36c02\",\"name\":\"bosniak\",\"image\":{\"@type\":\"ImageObject\",\"inLanguage\":\"bs-BA\",\"@id\":\"https:\/\/sandzakpress.net\/arhiva\/#\/schema\/person\/image\/\",\"url\":\"https:\/\/secure.gravatar.com\/avatar\/a04fd330bfe3a36a72a0ad4a6d89fca7?s=96&d=mm&r=pg\",\"contentUrl\":\"https:\/\/secure.gravatar.com\/avatar\/a04fd330bfe3a36a72a0ad4a6d89fca7?s=96&d=mm&r=pg\",\"caption\":\"bosniak\"},\"url\":\"https:\/\/sandzakpress.net\/arhiva\/author\/bosniak\/\"}]}<\/script>\n<!-- \/ Yoast SEO Premium plugin. -->","yoast_head_json":{"title":"\u010cestitka \u201cPreporodu\u201d povodom 40-godi\u0161njice","robots":{"index":"index","follow":"follow","max-snippet":"max-snippet:-1","max-image-preview":"max-image-preview:large","max-video-preview":"max-video-preview:-1"},"canonical":"https:\/\/sandzakpress.net\/arhiva\/cestitka-\u201cpreporodu\u201d-povodom-40-godisnjice\/","og_locale":"bs_BA","og_type":"article","og_title":"\u010cestitka \u201cPreporodu\u201d povodom 40-godi\u0161njice","og_description":"Sjeverni Sand\u017eak &#8211; Predsjednik Bo\u0161nja\u010dkog nacionalnog vije\u0107a uputio je \u010destitku uredni\u0161tvu Islamskih informativnih novina \u201cPreporod\u201d na nastupaju\u0107em jubileju \u2013 \u010detrdesetogodi\u0161njice. U pismu se ka\u017ee: ISLAMSKE INFORMATIVNE NOVINE \u201cPREPORD\u201d glavni i odgovorni uredik, Aziz Kadribegovi\u0107 Po\u0161tovana bra\u0107o i dragi prijatelji, usljed sprije\u010denosti da li\u010dno prisustvujem proslavi obilje\u017eavanja \u010detrdesetogodi\u0161njice kontinuiranoga izlaska islamskih informativnih novina \u201cPreporod\u201d zbog unaprijed [&hellip;]","og_url":"https:\/\/sandzakpress.net\/arhiva\/cestitka-\u201cpreporodu\u201d-povodom-40-godisnjice\/","og_site_name":"Sand\u017eak PRESS","article_published_time":"2010-09-15T11:12:41+00:00","og_image":[{"width":191,"height":67,"url":"https:\/\/sandzakpress.net\/arhiva\/wp-content\/uploads\/2010\/09\/preporod.jpg","type":"image\/jpeg"}],"author":"bosniak","twitter_card":"summary_large_image","twitter_misc":{"Written by":"bosniak","Est. reading time":"3 minute"},"schema":{"@context":"https:\/\/schema.org","@graph":[{"@type":"Article","@id":"https:\/\/sandzakpress.net\/arhiva\/cestitka-%e2%80%9cpreporodu%e2%80%9d-povodom-40-godisnjice\/#article","isPartOf":{"@id":"https:\/\/sandzakpress.net\/arhiva\/cestitka-%e2%80%9cpreporodu%e2%80%9d-povodom-40-godisnjice\/"},"author":{"name":"bosniak","@id":"https:\/\/sandzakpress.net\/arhiva\/#\/schema\/person\/c8baee722073534b583ea7bdb2e36c02"},"headline":"\u010cestitka \u201cPreporodu\u201d povodom 40-godi\u0161njice","datePublished":"2010-09-15T11:12:41+00:00","mainEntityOfPage":{"@id":"https:\/\/sandzakpress.net\/arhiva\/cestitka-%e2%80%9cpreporodu%e2%80%9d-povodom-40-godisnjice\/"},"wordCount":590,"commentCount":0,"publisher":{"@id":"https:\/\/sandzakpress.net\/arhiva\/#\/schema\/person\/6e72b67d6e51910a1117b3b483ba20bd"},"image":{"@id":"https:\/\/sandzakpress.net\/arhiva\/cestitka-%e2%80%9cpreporodu%e2%80%9d-povodom-40-godisnjice\/#primaryimage"},"thumbnailUrl":"https:\/\/sandzakpress.net\/arhiva\/wp-content\/uploads\/2010\/09\/preporod.jpg","articleSection":["Nacija","Novi Pazar","Sjenica","Tutin","Prijepolje","Priboj","Nova Varo\u0161"],"inLanguage":"bs-BA","potentialAction":[{"@type":"CommentAction","name":"Comment","target":["https:\/\/sandzakpress.net\/arhiva\/cestitka-%e2%80%9cpreporodu%e2%80%9d-povodom-40-godisnjice\/#respond"]}]},{"@type":"WebPage","@id":"https:\/\/sandzakpress.net\/arhiva\/cestitka-%e2%80%9cpreporodu%e2%80%9d-povodom-40-godisnjice\/","url":"https:\/\/sandzakpress.net\/arhiva\/cestitka-%e2%80%9cpreporodu%e2%80%9d-povodom-40-godisnjice\/","name":"\u010cestitka \u201cPreporodu\u201d povodom 40-godi\u0161njice","isPartOf":{"@id":"https:\/\/sandzakpress.net\/arhiva\/#website"},"primaryImageOfPage":{"@id":"https:\/\/sandzakpress.net\/arhiva\/cestitka-%e2%80%9cpreporodu%e2%80%9d-povodom-40-godisnjice\/#primaryimage"},"image":{"@id":"https:\/\/sandzakpress.net\/arhiva\/cestitka-%e2%80%9cpreporodu%e2%80%9d-povodom-40-godisnjice\/#primaryimage"},"thumbnailUrl":"https:\/\/sandzakpress.net\/arhiva\/wp-content\/uploads\/2010\/09\/preporod.jpg","datePublished":"2010-09-15T11:12:41+00:00","breadcrumb":{"@id":"https:\/\/sandzakpress.net\/arhiva\/cestitka-%e2%80%9cpreporodu%e2%80%9d-povodom-40-godisnjice\/#breadcrumb"},"inLanguage":"bs-BA","potentialAction":[{"@type":"ReadAction","target":["https:\/\/sandzakpress.net\/arhiva\/cestitka-%e2%80%9cpreporodu%e2%80%9d-povodom-40-godisnjice\/"]}]},{"@type":"ImageObject","inLanguage":"bs-BA","@id":"https:\/\/sandzakpress.net\/arhiva\/cestitka-%e2%80%9cpreporodu%e2%80%9d-povodom-40-godisnjice\/#primaryimage","url":"https:\/\/sandzakpress.net\/arhiva\/wp-content\/uploads\/2010\/09\/preporod.jpg","contentUrl":"https:\/\/sandzakpress.net\/arhiva\/wp-content\/uploads\/2010\/09\/preporod.jpg","width":191,"height":67},{"@type":"BreadcrumbList","@id":"https:\/\/sandzakpress.net\/arhiva\/cestitka-%e2%80%9cpreporodu%e2%80%9d-povodom-40-godisnjice\/#breadcrumb","itemListElement":[{"@type":"ListItem","position":1,"name":"Home","item":"https:\/\/sandzakpress.net\/arhiva\/"},{"@type":"ListItem","position":2,"name":"\u010cestitka \u201cPreporodu\u201d povodom 40-godi\u0161njice"}]},{"@type":"WebSite","@id":"https:\/\/sandzakpress.net\/arhiva\/#website","url":"https:\/\/sandzakpress.net\/arhiva\/","name":"Sand\u017eak PRESS","description":"Prve elektronske novine u Sand\u017eaku","publisher":{"@id":"https:\/\/sandzakpress.net\/arhiva\/#\/schema\/person\/6e72b67d6e51910a1117b3b483ba20bd"},"potentialAction":[{"@type":"SearchAction","target":{"@type":"EntryPoint","urlTemplate":"https:\/\/sandzakpress.net\/arhiva\/?s={search_term_string}"},"query-input":{"@type":"PropertyValueSpecification","valueRequired":true,"valueName":"search_term_string"}}],"inLanguage":"bs-BA"},{"@type":["Person","Organization"],"@id":"https:\/\/sandzakpress.net\/arhiva\/#\/schema\/person\/6e72b67d6e51910a1117b3b483ba20bd","name":"Kul","image":{"@type":"ImageObject","inLanguage":"bs-BA","@id":"https:\/\/sandzakpress.net\/arhiva\/#\/schema\/person\/image\/","url":"https:\/\/secure.gravatar.com\/avatar\/42263f39aa27ac04c43cab85c280eb2e?s=96&d=mm&r=pg","contentUrl":"https:\/\/secure.gravatar.com\/avatar\/42263f39aa27ac04c43cab85c280eb2e?s=96&d=mm&r=pg","caption":"Kul"},"logo":{"@id":"https:\/\/sandzakpress.net\/arhiva\/#\/schema\/person\/image\/"}},{"@type":"Person","@id":"https:\/\/sandzakpress.net\/arhiva\/#\/schema\/person\/c8baee722073534b583ea7bdb2e36c02","name":"bosniak","image":{"@type":"ImageObject","inLanguage":"bs-BA","@id":"https:\/\/sandzakpress.net\/arhiva\/#\/schema\/person\/image\/","url":"https:\/\/secure.gravatar.com\/avatar\/a04fd330bfe3a36a72a0ad4a6d89fca7?s=96&d=mm&r=pg","contentUrl":"https:\/\/secure.gravatar.com\/avatar\/a04fd330bfe3a36a72a0ad4a6d89fca7?s=96&d=mm&r=pg","caption":"bosniak"},"url":"https:\/\/sandzakpress.net\/arhiva\/author\/bosniak\/"}]}},"_links":{"self":[{"href":"https:\/\/sandzakpress.net\/arhiva\/wp-json\/wp\/v2\/posts\/8079"}],"collection":[{"href":"https:\/\/sandzakpress.net\/arhiva\/wp-json\/wp\/v2\/posts"}],"about":[{"href":"https:\/\/sandzakpress.net\/arhiva\/wp-json\/wp\/v2\/types\/post"}],"author":[{"embeddable":true,"href":"https:\/\/sandzakpress.net\/arhiva\/wp-json\/wp\/v2\/users\/83"}],"replies":[{"embeddable":true,"href":"https:\/\/sandzakpress.net\/arhiva\/wp-json\/wp\/v2\/comments?post=8079"}],"version-history":[{"count":0,"href":"https:\/\/sandzakpress.net\/arhiva\/wp-json\/wp\/v2\/posts\/8079\/revisions"}],"wp:featuredmedia":[{"embeddable":true,"href":"https:\/\/sandzakpress.net\/arhiva\/wp-json\/wp\/v2\/media\/8080"}],"wp:attachment":[{"href":"https:\/\/sandzakpress.net\/arhiva\/wp-json\/wp\/v2\/media?parent=8079"}],"wp:term":[{"taxonomy":"category","embeddable":true,"href":"https:\/\/sandzakpress.net\/arhiva\/wp-json\/wp\/v2\/categories?post=8079"},{"taxonomy":"post_tag","embeddable":true,"href":"https:\/\/sandzakpress.net\/arhiva\/wp-json\/wp\/v2\/tags?post=8079"}],"curies":[{"name":"wp","href":"https:\/\/api.w.org\/{rel}","templated":true}]}}