{"id":8072,"date":"2010-09-15T11:01:37","date_gmt":"2010-09-15T11:01:37","guid":{"rendered":"https:\/\/sandzakpress.net\/arhiva\/?p=8072"},"modified":"2010-09-15T11:01:37","modified_gmt":"2010-09-15T11:01:37","slug":"sve-kalac-do-kalaca","status":"publish","type":"post","link":"https:\/\/sandzakpress.net\/arhiva\/sve-kalac-do-kalaca\/","title":{"rendered":"Sve Kala\u010d do Kala\u010da"},"content":{"rendered":"<p><strong><a href=\"https:\/\/sandzakpress.net\/arhiva\/wp-content\/uploads\/2010\/09\/predsjednik-opstine-Nusret-Kalac.jpg\"><img loading=\"lazy\" decoding=\"async\" class=\"alignleft size-full wp-image-8073\" title=\"predsjednik-opstine-Nusret-Kalac\" src=\"https:\/\/sandzakpress.net\/arhiva\/wp-content\/uploads\/2010\/09\/predsjednik-opstine-Nusret-Kalac.jpg\" alt=\"\" width=\"235\" height=\"157\" \/><\/a>Ro\u017eaje &#8211; Predsjednik op\u0161tine Ro\u017eaje Nusret Kala\u010d kolegijum sa \u0161efovima op\u0161tinskih slu\u017ebi dr\u017ei uglavnom okru\u017een bliskim i daljim ro\u0111acima.<\/strong><\/p>\n<p>Poput bjelopoljskog gradona\u010delnika Tarzana Milo\u0161evi\u0107a, i Kala\u010d, vr\u0161e\u0107i vlast u ovoj sjevernoj crnogorskoj op\u0161tini, sara\u0111uje sa nekim vrlo bliskim srodnicima i partijskim kolegama. Bio to nepotizam ili ne, tek odre\u0111ene funkcije u ro\u017eajskoj samoupravi, na \u010dijem \u010delu je Nusret Kala\u010d jo\u0161 od 1993. godine, obavljaju pojedini njegovi bliski ro\u0111aci.<\/p>\n<p>Kala\u010d, \u010dlan Predsjedni\u0161tva Demokratske partije socijalista (DPS), na nedavnim izborima bio je nosilac liste DPS-a i zabilje\u017eio je pobjedu. Rezultat tog trijumfa je, izme\u0111u ostalog, i novi mandat za kadrove bliske Kala\u010du.<\/p>\n<p>Prema na\u0161im informacijama, resorom urbanizma u ro\u017eajskoj lokalnoj samoupravi rukovodi Arbin Kala\u010d, koji je, kako samo saznali, ro\u0111ak predsjednika op\u0161tine Nusreta. To, naravno, nije jedinstven slu\u010daj, jer je u Ro\u017eajama rukovodilac bolnice Hajran Kala\u010d, koji je biv\u0161i poslanik DPS-a i ro\u0111eni Nusretov brat.<\/p>\n<p>Prema kartonu koji je dostavio Komisiji za spre\u010davanje sukoba interesa, Nusret Kala\u010d je \u010dlan borda direktora ro\u017eajskog Doma zadravlja, od \u010dega prihoduje 110 eura mjese\u010dno. Ako se neko pita koliko mjese\u010dno zara\u0111uje predsjednik op\u0161tine Ro\u017eaje, Kala\u010dev karton nam i to otkriva &#8211; 1.040 eura, a od imovine je prijavio stan, ku\u0107u, zemlji\u0161te i &#8220;polo&#8221; iz 2002. godine.<\/p>\n<p>Od drugih predsjednikovih srodnika na funkcijama, otkrivamo da je, slu\u010dajno ili ne, Mahmut Kala\u010d \u0161ef Centra za socijalni rad. Mahmutov otac je Nusretov stric, ali da je ovako bliska ro\u0111a\u010dka veza imala bilo kakve veze sa ovim imenovanjem nije mogu\u0107e znati. Me\u0111utim, nije to sve &#8211; Mahmutov brat Be\u0107ir Kala\u010d je upravnik po\u0161te u Ro\u017eajama. A da li \u0161ef ro\u017eajske policije Ernad Kala\u010d ima bilo kakve ro\u0111a\u010dke veze sa predsjednikom op\u0161tine, ju\u010de nije bilo mogu\u0107e saznati.<br \/>\nDirektor \u0160umske uprave u Ro\u017eajama Faruk Kala\u010d, prema informacijama &#8220;Dana&#8221;, tako\u0111e je ro\u0111ak predsjednika op\u0161tine. Sredinom pro\u0161le godine biv\u0161i \u0161umarski tehni\u010dar u Ro\u017eajama Adem Dedei\u0107 najavljivao je podno\u0161enje krivi\u010dnih prijava protiv ministra poljoprivrede Milutina Simovi\u0107a, biv\u0161eg direktora Uprave \u0161uma Isa Kala\u010da i \u0161efova \u0160umske uprave i za\u0161tite, Faruka Kala\u010da i \u0160emsa \u0160krijelja zbog toga \u0161to, kako je tvrdio, nijesu ni\u0161ta preduzeli za vi\u0161emilionsku \u0161tetu na dr\u017eavnoj imovini, koja je nastala u periodu od 1998. do 2005. godine.<br \/>\nOsim Faruka, i osnovni tu\u017eilac u Ro\u017eajama Hajran Kala\u010d tako\u0111e je Nusretov ro\u0111ak, a on je maja ove godine sve\u010dano polo\u017eio zakletvu pred predsjednikom Skup\u0161tine Rankom Krivokapi\u0107em.<\/p>\n<p>Po definiciji, nepotizam je pona\u0161anje nosilaca politi\u010dke, ekonomske, vojne ili neke druge mo\u0107i i uticaja, kojim obezbje\u0111uju beneficije \u010dlanovima porodice, ro\u0111acima ili bliskim osobama. Nepotizam u Crnoj Gori posljednjih godina je jedna od glavnih stavki koje se kritikuju u radu dr\u017eavnih organa. Na to upozoravaju ne samo doma\u0107e, ve\u0107 i me\u0111unarodne organizacije. Prema Galupovom istra\u017eivanju, jedne od najuticajnijih agencija u svijetu, ve\u0107ina ljudi u Crnoj Gori ro\u0111a\u010dke veze vidi kao stil \u017eivota i na\u010din da se &#8220;zavr\u0161i posao&#8221;, a ne kao neku lo\u0161u stvar, sa stanovi\u0161ta za\u0161tite javnog interesa.<\/p>\n<p><strong>Nedostupan<\/strong><\/p>\n<p>Uprkos naporima da stupimo u kontakt sa predsjednikom op\u0161tine Ro\u017eaje, to ju\u010de nije bilo mogu\u0107e. Kala\u010d nije odgovarao na telefonske pozive redakcije &#8220;Dana&#8221;. Htjeli smo od njega da \u010dujemo da li u ro\u017eajskoj lokalnoj upravi ima nepotizma i da li je on pomogao da neko do\u0111e na funkciju iako za to nije ispunjavao uslove.<\/p>\n<p>Ostaje nada da \u0107e Kala\u010d reagovati narednih dana da saop\u0161ti ima li nepotizma u ro\u017eajskoj lokalnoj upravi.<\/p>\n<p>Izvor: <strong>Dan.co.me<\/strong><\/p>\n","protected":false},"excerpt":{"rendered":"<p>Ro\u017eaje &#8211; Predsjednik op\u0161tine Ro\u017eaje Nusret Kala\u010d kolegijum sa \u0161efovima op\u0161tinskih slu\u017ebi dr\u017ei uglavnom okru\u017een bliskim i daljim ro\u0111acima. Poput bjelopoljskog gradona\u010delnika Tarzana Milo\u0161evi\u0107a, i Kala\u010d, vr\u0161e\u0107i vlast u ovoj sjevernoj crnogorskoj op\u0161tini, sara\u0111uje sa nekim vrlo bliskim srodnicima i partijskim kolegama. Bio to nepotizam ili ne, tek odre\u0111ene funkcije u ro\u017eajskoj samoupravi, na \u010dijem [&hellip;]<\/p>\n","protected":false},"author":83,"featured_media":8073,"comment_status":"open","ping_status":"open","sticky":false,"template":"","format":"standard","meta":{"footnotes":""},"categories":[398,1],"tags":[],"class_list":{"0":"post-8072","1":"post","2":"type-post","3":"status-publish","4":"format-standard","5":"has-post-thumbnail","7":"category-rozaje","8":"category-politika"},"yoast_head":"<!-- This site is optimized with the Yoast SEO Premium plugin v23.1 (Yoast SEO v24.9) - https:\/\/yoast.com\/wordpress\/plugins\/seo\/ -->\n<title>Sve Kala\u010d do Kala\u010da<\/title>\n<meta name=\"robots\" content=\"index, follow, max-snippet:-1, max-image-preview:large, max-video-preview:-1\" \/>\n<link rel=\"canonical\" href=\"https:\/\/sandzakpress.net\/arhiva\/sve-kalac-do-kalaca\/\" \/>\n<meta property=\"og:locale\" content=\"bs_BA\" \/>\n<meta property=\"og:type\" content=\"article\" \/>\n<meta property=\"og:title\" content=\"Sve Kala\u010d do Kala\u010da\" \/>\n<meta property=\"og:description\" content=\"Ro\u017eaje &#8211; Predsjednik op\u0161tine Ro\u017eaje Nusret Kala\u010d kolegijum sa \u0161efovima op\u0161tinskih slu\u017ebi dr\u017ei uglavnom okru\u017een bliskim i daljim ro\u0111acima. Poput bjelopoljskog gradona\u010delnika Tarzana Milo\u0161evi\u0107a, i Kala\u010d, vr\u0161e\u0107i vlast u ovoj sjevernoj crnogorskoj op\u0161tini, sara\u0111uje sa nekim vrlo bliskim srodnicima i partijskim kolegama. Bio to nepotizam ili ne, tek odre\u0111ene funkcije u ro\u017eajskoj samoupravi, na \u010dijem [&hellip;]\" \/>\n<meta property=\"og:url\" content=\"https:\/\/sandzakpress.net\/arhiva\/sve-kalac-do-kalaca\/\" \/>\n<meta property=\"og:site_name\" content=\"Sand\u017eak PRESS\" \/>\n<meta property=\"article:published_time\" content=\"2010-09-15T11:01:37+00:00\" \/>\n<meta property=\"og:image\" content=\"https:\/\/sandzakpress.net\/arhiva\/wp-content\/uploads\/2010\/09\/predsjednik-opstine-Nusret-Kalac.jpg\" \/>\n\t<meta property=\"og:image:width\" content=\"235\" \/>\n\t<meta property=\"og:image:height\" content=\"157\" \/>\n\t<meta property=\"og:image:type\" content=\"image\/jpeg\" \/>\n<meta name=\"author\" content=\"bosniak\" \/>\n<meta name=\"twitter:card\" content=\"summary_large_image\" \/>\n<meta name=\"twitter:label1\" content=\"Written by\" \/>\n\t<meta name=\"twitter:data1\" content=\"bosniak\" \/>\n\t<meta name=\"twitter:label2\" content=\"Est. reading time\" \/>\n\t<meta name=\"twitter:data2\" content=\"3 minute\" \/>\n<script type=\"application\/ld+json\" class=\"yoast-schema-graph\">{\"@context\":\"https:\/\/schema.org\",\"@graph\":[{\"@type\":\"Article\",\"@id\":\"https:\/\/sandzakpress.net\/arhiva\/sve-kalac-do-kalaca\/#article\",\"isPartOf\":{\"@id\":\"https:\/\/sandzakpress.net\/arhiva\/sve-kalac-do-kalaca\/\"},\"author\":{\"name\":\"bosniak\",\"@id\":\"https:\/\/sandzakpress.net\/arhiva\/#\/schema\/person\/c8baee722073534b583ea7bdb2e36c02\"},\"headline\":\"Sve Kala\u010d do Kala\u010da\",\"datePublished\":\"2010-09-15T11:01:37+00:00\",\"mainEntityOfPage\":{\"@id\":\"https:\/\/sandzakpress.net\/arhiva\/sve-kalac-do-kalaca\/\"},\"wordCount\":649,\"commentCount\":0,\"publisher\":{\"@id\":\"https:\/\/sandzakpress.net\/arhiva\/#\/schema\/person\/6e72b67d6e51910a1117b3b483ba20bd\"},\"image\":{\"@id\":\"https:\/\/sandzakpress.net\/arhiva\/sve-kalac-do-kalaca\/#primaryimage\"},\"thumbnailUrl\":\"https:\/\/sandzakpress.net\/arhiva\/wp-content\/uploads\/2010\/09\/predsjednik-opstine-Nusret-Kalac.jpg\",\"articleSection\":[\"Ro\u017eaje\",\"Politika\"],\"inLanguage\":\"bs-BA\",\"potentialAction\":[{\"@type\":\"CommentAction\",\"name\":\"Comment\",\"target\":[\"https:\/\/sandzakpress.net\/arhiva\/sve-kalac-do-kalaca\/#respond\"]}]},{\"@type\":\"WebPage\",\"@id\":\"https:\/\/sandzakpress.net\/arhiva\/sve-kalac-do-kalaca\/\",\"url\":\"https:\/\/sandzakpress.net\/arhiva\/sve-kalac-do-kalaca\/\",\"name\":\"Sve Kala\u010d do Kala\u010da\",\"isPartOf\":{\"@id\":\"https:\/\/sandzakpress.net\/arhiva\/#website\"},\"primaryImageOfPage\":{\"@id\":\"https:\/\/sandzakpress.net\/arhiva\/sve-kalac-do-kalaca\/#primaryimage\"},\"image\":{\"@id\":\"https:\/\/sandzakpress.net\/arhiva\/sve-kalac-do-kalaca\/#primaryimage\"},\"thumbnailUrl\":\"https:\/\/sandzakpress.net\/arhiva\/wp-content\/uploads\/2010\/09\/predsjednik-opstine-Nusret-Kalac.jpg\",\"datePublished\":\"2010-09-15T11:01:37+00:00\",\"breadcrumb\":{\"@id\":\"https:\/\/sandzakpress.net\/arhiva\/sve-kalac-do-kalaca\/#breadcrumb\"},\"inLanguage\":\"bs-BA\",\"potentialAction\":[{\"@type\":\"ReadAction\",\"target\":[\"https:\/\/sandzakpress.net\/arhiva\/sve-kalac-do-kalaca\/\"]}]},{\"@type\":\"ImageObject\",\"inLanguage\":\"bs-BA\",\"@id\":\"https:\/\/sandzakpress.net\/arhiva\/sve-kalac-do-kalaca\/#primaryimage\",\"url\":\"https:\/\/sandzakpress.net\/arhiva\/wp-content\/uploads\/2010\/09\/predsjednik-opstine-Nusret-Kalac.jpg\",\"contentUrl\":\"https:\/\/sandzakpress.net\/arhiva\/wp-content\/uploads\/2010\/09\/predsjednik-opstine-Nusret-Kalac.jpg\",\"width\":235,\"height\":157},{\"@type\":\"BreadcrumbList\",\"@id\":\"https:\/\/sandzakpress.net\/arhiva\/sve-kalac-do-kalaca\/#breadcrumb\",\"itemListElement\":[{\"@type\":\"ListItem\",\"position\":1,\"name\":\"Home\",\"item\":\"https:\/\/sandzakpress.net\/arhiva\/\"},{\"@type\":\"ListItem\",\"position\":2,\"name\":\"Sve Kala\u010d do Kala\u010da\"}]},{\"@type\":\"WebSite\",\"@id\":\"https:\/\/sandzakpress.net\/arhiva\/#website\",\"url\":\"https:\/\/sandzakpress.net\/arhiva\/\",\"name\":\"Sand\u017eak PRESS\",\"description\":\"Prve elektronske novine u Sand\u017eaku\",\"publisher\":{\"@id\":\"https:\/\/sandzakpress.net\/arhiva\/#\/schema\/person\/6e72b67d6e51910a1117b3b483ba20bd\"},\"potentialAction\":[{\"@type\":\"SearchAction\",\"target\":{\"@type\":\"EntryPoint\",\"urlTemplate\":\"https:\/\/sandzakpress.net\/arhiva\/?s={search_term_string}\"},\"query-input\":{\"@type\":\"PropertyValueSpecification\",\"valueRequired\":true,\"valueName\":\"search_term_string\"}}],\"inLanguage\":\"bs-BA\"},{\"@type\":[\"Person\",\"Organization\"],\"@id\":\"https:\/\/sandzakpress.net\/arhiva\/#\/schema\/person\/6e72b67d6e51910a1117b3b483ba20bd\",\"name\":\"Kul\",\"image\":{\"@type\":\"ImageObject\",\"inLanguage\":\"bs-BA\",\"@id\":\"https:\/\/sandzakpress.net\/arhiva\/#\/schema\/person\/image\/\",\"url\":\"https:\/\/secure.gravatar.com\/avatar\/42263f39aa27ac04c43cab85c280eb2e?s=96&d=mm&r=pg\",\"contentUrl\":\"https:\/\/secure.gravatar.com\/avatar\/42263f39aa27ac04c43cab85c280eb2e?s=96&d=mm&r=pg\",\"caption\":\"Kul\"},\"logo\":{\"@id\":\"https:\/\/sandzakpress.net\/arhiva\/#\/schema\/person\/image\/\"}},{\"@type\":\"Person\",\"@id\":\"https:\/\/sandzakpress.net\/arhiva\/#\/schema\/person\/c8baee722073534b583ea7bdb2e36c02\",\"name\":\"bosniak\",\"image\":{\"@type\":\"ImageObject\",\"inLanguage\":\"bs-BA\",\"@id\":\"https:\/\/sandzakpress.net\/arhiva\/#\/schema\/person\/image\/\",\"url\":\"https:\/\/secure.gravatar.com\/avatar\/a04fd330bfe3a36a72a0ad4a6d89fca7?s=96&d=mm&r=pg\",\"contentUrl\":\"https:\/\/secure.gravatar.com\/avatar\/a04fd330bfe3a36a72a0ad4a6d89fca7?s=96&d=mm&r=pg\",\"caption\":\"bosniak\"},\"url\":\"https:\/\/sandzakpress.net\/arhiva\/author\/bosniak\/\"}]}<\/script>\n<!-- \/ Yoast SEO Premium plugin. -->","yoast_head_json":{"title":"Sve Kala\u010d do Kala\u010da","robots":{"index":"index","follow":"follow","max-snippet":"max-snippet:-1","max-image-preview":"max-image-preview:large","max-video-preview":"max-video-preview:-1"},"canonical":"https:\/\/sandzakpress.net\/arhiva\/sve-kalac-do-kalaca\/","og_locale":"bs_BA","og_type":"article","og_title":"Sve Kala\u010d do Kala\u010da","og_description":"Ro\u017eaje &#8211; Predsjednik op\u0161tine Ro\u017eaje Nusret Kala\u010d kolegijum sa \u0161efovima op\u0161tinskih slu\u017ebi dr\u017ei uglavnom okru\u017een bliskim i daljim ro\u0111acima. Poput bjelopoljskog gradona\u010delnika Tarzana Milo\u0161evi\u0107a, i Kala\u010d, vr\u0161e\u0107i vlast u ovoj sjevernoj crnogorskoj op\u0161tini, sara\u0111uje sa nekim vrlo bliskim srodnicima i partijskim kolegama. Bio to nepotizam ili ne, tek odre\u0111ene funkcije u ro\u017eajskoj samoupravi, na \u010dijem [&hellip;]","og_url":"https:\/\/sandzakpress.net\/arhiva\/sve-kalac-do-kalaca\/","og_site_name":"Sand\u017eak PRESS","article_published_time":"2010-09-15T11:01:37+00:00","og_image":[{"width":235,"height":157,"url":"https:\/\/sandzakpress.net\/arhiva\/wp-content\/uploads\/2010\/09\/predsjednik-opstine-Nusret-Kalac.jpg","type":"image\/jpeg"}],"author":"bosniak","twitter_card":"summary_large_image","twitter_misc":{"Written by":"bosniak","Est. reading time":"3 minute"},"schema":{"@context":"https:\/\/schema.org","@graph":[{"@type":"Article","@id":"https:\/\/sandzakpress.net\/arhiva\/sve-kalac-do-kalaca\/#article","isPartOf":{"@id":"https:\/\/sandzakpress.net\/arhiva\/sve-kalac-do-kalaca\/"},"author":{"name":"bosniak","@id":"https:\/\/sandzakpress.net\/arhiva\/#\/schema\/person\/c8baee722073534b583ea7bdb2e36c02"},"headline":"Sve Kala\u010d do Kala\u010da","datePublished":"2010-09-15T11:01:37+00:00","mainEntityOfPage":{"@id":"https:\/\/sandzakpress.net\/arhiva\/sve-kalac-do-kalaca\/"},"wordCount":649,"commentCount":0,"publisher":{"@id":"https:\/\/sandzakpress.net\/arhiva\/#\/schema\/person\/6e72b67d6e51910a1117b3b483ba20bd"},"image":{"@id":"https:\/\/sandzakpress.net\/arhiva\/sve-kalac-do-kalaca\/#primaryimage"},"thumbnailUrl":"https:\/\/sandzakpress.net\/arhiva\/wp-content\/uploads\/2010\/09\/predsjednik-opstine-Nusret-Kalac.jpg","articleSection":["Ro\u017eaje","Politika"],"inLanguage":"bs-BA","potentialAction":[{"@type":"CommentAction","name":"Comment","target":["https:\/\/sandzakpress.net\/arhiva\/sve-kalac-do-kalaca\/#respond"]}]},{"@type":"WebPage","@id":"https:\/\/sandzakpress.net\/arhiva\/sve-kalac-do-kalaca\/","url":"https:\/\/sandzakpress.net\/arhiva\/sve-kalac-do-kalaca\/","name":"Sve Kala\u010d do Kala\u010da","isPartOf":{"@id":"https:\/\/sandzakpress.net\/arhiva\/#website"},"primaryImageOfPage":{"@id":"https:\/\/sandzakpress.net\/arhiva\/sve-kalac-do-kalaca\/#primaryimage"},"image":{"@id":"https:\/\/sandzakpress.net\/arhiva\/sve-kalac-do-kalaca\/#primaryimage"},"thumbnailUrl":"https:\/\/sandzakpress.net\/arhiva\/wp-content\/uploads\/2010\/09\/predsjednik-opstine-Nusret-Kalac.jpg","datePublished":"2010-09-15T11:01:37+00:00","breadcrumb":{"@id":"https:\/\/sandzakpress.net\/arhiva\/sve-kalac-do-kalaca\/#breadcrumb"},"inLanguage":"bs-BA","potentialAction":[{"@type":"ReadAction","target":["https:\/\/sandzakpress.net\/arhiva\/sve-kalac-do-kalaca\/"]}]},{"@type":"ImageObject","inLanguage":"bs-BA","@id":"https:\/\/sandzakpress.net\/arhiva\/sve-kalac-do-kalaca\/#primaryimage","url":"https:\/\/sandzakpress.net\/arhiva\/wp-content\/uploads\/2010\/09\/predsjednik-opstine-Nusret-Kalac.jpg","contentUrl":"https:\/\/sandzakpress.net\/arhiva\/wp-content\/uploads\/2010\/09\/predsjednik-opstine-Nusret-Kalac.jpg","width":235,"height":157},{"@type":"BreadcrumbList","@id":"https:\/\/sandzakpress.net\/arhiva\/sve-kalac-do-kalaca\/#breadcrumb","itemListElement":[{"@type":"ListItem","position":1,"name":"Home","item":"https:\/\/sandzakpress.net\/arhiva\/"},{"@type":"ListItem","position":2,"name":"Sve Kala\u010d do Kala\u010da"}]},{"@type":"WebSite","@id":"https:\/\/sandzakpress.net\/arhiva\/#website","url":"https:\/\/sandzakpress.net\/arhiva\/","name":"Sand\u017eak PRESS","description":"Prve elektronske novine u Sand\u017eaku","publisher":{"@id":"https:\/\/sandzakpress.net\/arhiva\/#\/schema\/person\/6e72b67d6e51910a1117b3b483ba20bd"},"potentialAction":[{"@type":"SearchAction","target":{"@type":"EntryPoint","urlTemplate":"https:\/\/sandzakpress.net\/arhiva\/?s={search_term_string}"},"query-input":{"@type":"PropertyValueSpecification","valueRequired":true,"valueName":"search_term_string"}}],"inLanguage":"bs-BA"},{"@type":["Person","Organization"],"@id":"https:\/\/sandzakpress.net\/arhiva\/#\/schema\/person\/6e72b67d6e51910a1117b3b483ba20bd","name":"Kul","image":{"@type":"ImageObject","inLanguage":"bs-BA","@id":"https:\/\/sandzakpress.net\/arhiva\/#\/schema\/person\/image\/","url":"https:\/\/secure.gravatar.com\/avatar\/42263f39aa27ac04c43cab85c280eb2e?s=96&d=mm&r=pg","contentUrl":"https:\/\/secure.gravatar.com\/avatar\/42263f39aa27ac04c43cab85c280eb2e?s=96&d=mm&r=pg","caption":"Kul"},"logo":{"@id":"https:\/\/sandzakpress.net\/arhiva\/#\/schema\/person\/image\/"}},{"@type":"Person","@id":"https:\/\/sandzakpress.net\/arhiva\/#\/schema\/person\/c8baee722073534b583ea7bdb2e36c02","name":"bosniak","image":{"@type":"ImageObject","inLanguage":"bs-BA","@id":"https:\/\/sandzakpress.net\/arhiva\/#\/schema\/person\/image\/","url":"https:\/\/secure.gravatar.com\/avatar\/a04fd330bfe3a36a72a0ad4a6d89fca7?s=96&d=mm&r=pg","contentUrl":"https:\/\/secure.gravatar.com\/avatar\/a04fd330bfe3a36a72a0ad4a6d89fca7?s=96&d=mm&r=pg","caption":"bosniak"},"url":"https:\/\/sandzakpress.net\/arhiva\/author\/bosniak\/"}]}},"_links":{"self":[{"href":"https:\/\/sandzakpress.net\/arhiva\/wp-json\/wp\/v2\/posts\/8072"}],"collection":[{"href":"https:\/\/sandzakpress.net\/arhiva\/wp-json\/wp\/v2\/posts"}],"about":[{"href":"https:\/\/sandzakpress.net\/arhiva\/wp-json\/wp\/v2\/types\/post"}],"author":[{"embeddable":true,"href":"https:\/\/sandzakpress.net\/arhiva\/wp-json\/wp\/v2\/users\/83"}],"replies":[{"embeddable":true,"href":"https:\/\/sandzakpress.net\/arhiva\/wp-json\/wp\/v2\/comments?post=8072"}],"version-history":[{"count":0,"href":"https:\/\/sandzakpress.net\/arhiva\/wp-json\/wp\/v2\/posts\/8072\/revisions"}],"wp:featuredmedia":[{"embeddable":true,"href":"https:\/\/sandzakpress.net\/arhiva\/wp-json\/wp\/v2\/media\/8073"}],"wp:attachment":[{"href":"https:\/\/sandzakpress.net\/arhiva\/wp-json\/wp\/v2\/media?parent=8072"}],"wp:term":[{"taxonomy":"category","embeddable":true,"href":"https:\/\/sandzakpress.net\/arhiva\/wp-json\/wp\/v2\/categories?post=8072"},{"taxonomy":"post_tag","embeddable":true,"href":"https:\/\/sandzakpress.net\/arhiva\/wp-json\/wp\/v2\/tags?post=8072"}],"curies":[{"name":"wp","href":"https:\/\/api.w.org\/{rel}","templated":true}]}}