{"id":80527,"date":"2013-06-28T00:33:11","date_gmt":"2013-06-27T22:33:11","guid":{"rendered":"https:\/\/sandzakpress.net\/arhiva\/?p=80527"},"modified":"2013-06-29T17:10:35","modified_gmt":"2013-06-29T15:10:35","slug":"erdogan-i-putin-zele-politicko-rjesenje-za-siriju","status":"publish","type":"post","link":"https:\/\/sandzakpress.net\/arhiva\/erdogan-i-putin-zele-politicko-rjesenje-za-siriju\/","title":{"rendered":"Erdogan i Putin \u017eele politi\u010dko rje\u0161enje za Siriju"},"content":{"rendered":"<p><strong><a href=\"https:\/\/sandzakpress.net\/arhiva\/wp-content\/uploads\/2013\/06\/erdogan-i-putin-zele-politicko-rjesenje-za-siriju_trt-bosanski-21072.jpg\"><img loading=\"lazy\" decoding=\"async\" class=\"alignleft size-medium wp-image-80528\" title=\"erdogan-i-putin-zele-politicko-rjesenje-za-siriju_trt-bosanski-21072\" src=\"https:\/\/sandzakpress.net\/arhiva\/wp-content\/uploads\/2013\/06\/erdogan-i-putin-zele-politicko-rjesenje-za-siriju_trt-bosanski-21072-300x181.jpg\" alt=\"\" width=\"300\" height=\"181\" \/><\/a>Turska &#8211; Premijer  Turske Recep Tayyip Erdogan obavio je telefonski razgovor sa ruskim  predsjednikom Vladimirom Putinom te su tom prilikom dva lidera istakli  da je potrebno posti\u0107i politi\u010dko rje\u0161enje krize u Siriji.<\/strong><\/p>\n<div>U saop\u0107enju iz Kremlja navedeno je da je razgovor obavljen na  inicijativu turskog premijera i kako su dvojica \u010delnika najvi\u0161e pa\u017enje  posvetili sirijskom pitanju.<\/div>\n<div>&#8220;Dvojica lidera su razgovarali o sirijskoj krizi ali i o sveukupnoj  situaciji u regiji. Dva \u010delnika su istakli da su spremni zajedno  kooridinirati sve aktivnosti kako bi se \u0161to prije prona\u0161lo politi\u010dko  rje\u0161enje sirijske krize&#8221;, navedeno je u saop\u0107enju.<\/div>\n<div>Tako\u0111er, tokom sastanka je potvr\u0111ena volja i odlu\u010dnost za ja\u010danjem saradnje dviju zemalja.<\/div>\n<div>U saop\u0107enju je navedeno da su Putin i Erdogan dogovrili provedbu  svih odluka koje su dvije zemlje postigle na bilateralnom samitu u  Istanbulu u decembru pro\u0161le godine.<\/div>\n<div>Tako\u0111er, dvojica lidera su razgovarali i o pripremama za  predstoje\u0107i samit dviju zemalja koji \u0107e se krajem ove godine odr\u017eati u  Rusiji.<\/div>\n<div>(trtbosanski)<\/div>\n","protected":false},"excerpt":{"rendered":"<p>Turska &#8211; Premijer Turske Recep Tayyip Erdogan obavio je telefonski razgovor sa ruskim predsjednikom Vladimirom Putinom te su tom prilikom dva lidera istakli da je potrebno posti\u0107i politi\u010dko rje\u0161enje krize u Siriji. U saop\u0107enju iz Kremlja navedeno je da je razgovor obavljen na inicijativu turskog premijera i kako su dvojica \u010delnika najvi\u0161e pa\u017enje posvetili sirijskom [&hellip;]<\/p>\n","protected":false},"author":83,"featured_media":80528,"comment_status":"open","ping_status":"open","sticky":false,"template":"","format":"standard","meta":{"footnotes":""},"categories":[9,8957,2692],"tags":[],"class_list":{"0":"post-80527","1":"post","2":"type-post","3":"status-publish","4":"format-standard","5":"has-post-thumbnail","7":"category-svijet","8":"category-vijesti-dana","9":"category-turska-gradovi"},"yoast_head":"<!-- This site is optimized with the Yoast SEO Premium plugin v23.1 (Yoast SEO v24.9) - https:\/\/yoast.com\/wordpress\/plugins\/seo\/ -->\n<title>Erdogan i Putin \u017eele politi\u010dko rje\u0161enje za Siriju<\/title>\n<meta name=\"robots\" content=\"index, follow, max-snippet:-1, max-image-preview:large, max-video-preview:-1\" \/>\n<link rel=\"canonical\" href=\"https:\/\/sandzakpress.net\/arhiva\/erdogan-i-putin-zele-politicko-rjesenje-za-siriju\/\" \/>\n<meta property=\"og:locale\" content=\"bs_BA\" \/>\n<meta property=\"og:type\" content=\"article\" \/>\n<meta property=\"og:title\" content=\"Erdogan i Putin \u017eele politi\u010dko rje\u0161enje za Siriju\" \/>\n<meta property=\"og:description\" content=\"Turska &#8211; Premijer Turske Recep Tayyip Erdogan obavio je telefonski razgovor sa ruskim predsjednikom Vladimirom Putinom te su tom prilikom dva lidera istakli da je potrebno posti\u0107i politi\u010dko rje\u0161enje krize u Siriji. U saop\u0107enju iz Kremlja navedeno je da je razgovor obavljen na inicijativu turskog premijera i kako su dvojica \u010delnika najvi\u0161e pa\u017enje posvetili sirijskom [&hellip;]\" \/>\n<meta property=\"og:url\" content=\"https:\/\/sandzakpress.net\/arhiva\/erdogan-i-putin-zele-politicko-rjesenje-za-siriju\/\" \/>\n<meta property=\"og:site_name\" content=\"Sand\u017eak PRESS\" \/>\n<meta property=\"article:published_time\" content=\"2013-06-27T22:33:11+00:00\" \/>\n<meta property=\"article:modified_time\" content=\"2013-06-29T15:10:35+00:00\" \/>\n<meta property=\"og:image\" content=\"https:\/\/sandzakpress.net\/arhiva\/wp-content\/uploads\/2013\/06\/erdogan-i-putin-zele-politicko-rjesenje-za-siriju_trt-bosanski-21072.jpg\" \/>\n\t<meta property=\"og:image:width\" content=\"600\" \/>\n\t<meta property=\"og:image:height\" content=\"363\" \/>\n\t<meta property=\"og:image:type\" content=\"image\/jpeg\" \/>\n<meta name=\"author\" content=\"bosniak\" \/>\n<meta name=\"twitter:card\" content=\"summary_large_image\" \/>\n<meta name=\"twitter:label1\" content=\"Written by\" \/>\n\t<meta name=\"twitter:data1\" content=\"bosniak\" \/>\n\t<meta name=\"twitter:label2\" content=\"Est. reading time\" \/>\n\t<meta name=\"twitter:data2\" content=\"1 minuta\" \/>\n<script type=\"application\/ld+json\" class=\"yoast-schema-graph\">{\"@context\":\"https:\/\/schema.org\",\"@graph\":[{\"@type\":\"Article\",\"@id\":\"https:\/\/sandzakpress.net\/arhiva\/erdogan-i-putin-zele-politicko-rjesenje-za-siriju\/#article\",\"isPartOf\":{\"@id\":\"https:\/\/sandzakpress.net\/arhiva\/erdogan-i-putin-zele-politicko-rjesenje-za-siriju\/\"},\"author\":{\"name\":\"bosniak\",\"@id\":\"https:\/\/sandzakpress.net\/arhiva\/#\/schema\/person\/c8baee722073534b583ea7bdb2e36c02\"},\"headline\":\"Erdogan i Putin \u017eele politi\u010dko rje\u0161enje za Siriju\",\"datePublished\":\"2013-06-27T22:33:11+00:00\",\"dateModified\":\"2013-06-29T15:10:35+00:00\",\"mainEntityOfPage\":{\"@id\":\"https:\/\/sandzakpress.net\/arhiva\/erdogan-i-putin-zele-politicko-rjesenje-za-siriju\/\"},\"wordCount\":187,\"commentCount\":0,\"publisher\":{\"@id\":\"https:\/\/sandzakpress.net\/arhiva\/#\/schema\/person\/6e72b67d6e51910a1117b3b483ba20bd\"},\"image\":{\"@id\":\"https:\/\/sandzakpress.net\/arhiva\/erdogan-i-putin-zele-politicko-rjesenje-za-siriju\/#primaryimage\"},\"thumbnailUrl\":\"https:\/\/sandzakpress.net\/arhiva\/wp-content\/uploads\/2013\/06\/erdogan-i-putin-zele-politicko-rjesenje-za-siriju_trt-bosanski-21072.jpg\",\"articleSection\":[\"Svijet\",\"VIJESTI DANA\",\"Turska\"],\"inLanguage\":\"bs-BA\",\"potentialAction\":[{\"@type\":\"CommentAction\",\"name\":\"Comment\",\"target\":[\"https:\/\/sandzakpress.net\/arhiva\/erdogan-i-putin-zele-politicko-rjesenje-za-siriju\/#respond\"]}]},{\"@type\":\"WebPage\",\"@id\":\"https:\/\/sandzakpress.net\/arhiva\/erdogan-i-putin-zele-politicko-rjesenje-za-siriju\/\",\"url\":\"https:\/\/sandzakpress.net\/arhiva\/erdogan-i-putin-zele-politicko-rjesenje-za-siriju\/\",\"name\":\"Erdogan i Putin \u017eele politi\u010dko rje\u0161enje za Siriju\",\"isPartOf\":{\"@id\":\"https:\/\/sandzakpress.net\/arhiva\/#website\"},\"primaryImageOfPage\":{\"@id\":\"https:\/\/sandzakpress.net\/arhiva\/erdogan-i-putin-zele-politicko-rjesenje-za-siriju\/#primaryimage\"},\"image\":{\"@id\":\"https:\/\/sandzakpress.net\/arhiva\/erdogan-i-putin-zele-politicko-rjesenje-za-siriju\/#primaryimage\"},\"thumbnailUrl\":\"https:\/\/sandzakpress.net\/arhiva\/wp-content\/uploads\/2013\/06\/erdogan-i-putin-zele-politicko-rjesenje-za-siriju_trt-bosanski-21072.jpg\",\"datePublished\":\"2013-06-27T22:33:11+00:00\",\"dateModified\":\"2013-06-29T15:10:35+00:00\",\"breadcrumb\":{\"@id\":\"https:\/\/sandzakpress.net\/arhiva\/erdogan-i-putin-zele-politicko-rjesenje-za-siriju\/#breadcrumb\"},\"inLanguage\":\"bs-BA\",\"potentialAction\":[{\"@type\":\"ReadAction\",\"target\":[\"https:\/\/sandzakpress.net\/arhiva\/erdogan-i-putin-zele-politicko-rjesenje-za-siriju\/\"]}]},{\"@type\":\"ImageObject\",\"inLanguage\":\"bs-BA\",\"@id\":\"https:\/\/sandzakpress.net\/arhiva\/erdogan-i-putin-zele-politicko-rjesenje-za-siriju\/#primaryimage\",\"url\":\"https:\/\/sandzakpress.net\/arhiva\/wp-content\/uploads\/2013\/06\/erdogan-i-putin-zele-politicko-rjesenje-za-siriju_trt-bosanski-21072.jpg\",\"contentUrl\":\"https:\/\/sandzakpress.net\/arhiva\/wp-content\/uploads\/2013\/06\/erdogan-i-putin-zele-politicko-rjesenje-za-siriju_trt-bosanski-21072.jpg\",\"width\":600,\"height\":363},{\"@type\":\"BreadcrumbList\",\"@id\":\"https:\/\/sandzakpress.net\/arhiva\/erdogan-i-putin-zele-politicko-rjesenje-za-siriju\/#breadcrumb\",\"itemListElement\":[{\"@type\":\"ListItem\",\"position\":1,\"name\":\"Home\",\"item\":\"https:\/\/sandzakpress.net\/arhiva\/\"},{\"@type\":\"ListItem\",\"position\":2,\"name\":\"Erdogan i Putin \u017eele politi\u010dko rje\u0161enje za Siriju\"}]},{\"@type\":\"WebSite\",\"@id\":\"https:\/\/sandzakpress.net\/arhiva\/#website\",\"url\":\"https:\/\/sandzakpress.net\/arhiva\/\",\"name\":\"Sand\u017eak PRESS\",\"description\":\"Prve elektronske novine u Sand\u017eaku\",\"publisher\":{\"@id\":\"https:\/\/sandzakpress.net\/arhiva\/#\/schema\/person\/6e72b67d6e51910a1117b3b483ba20bd\"},\"potentialAction\":[{\"@type\":\"SearchAction\",\"target\":{\"@type\":\"EntryPoint\",\"urlTemplate\":\"https:\/\/sandzakpress.net\/arhiva\/?s={search_term_string}\"},\"query-input\":{\"@type\":\"PropertyValueSpecification\",\"valueRequired\":true,\"valueName\":\"search_term_string\"}}],\"inLanguage\":\"bs-BA\"},{\"@type\":[\"Person\",\"Organization\"],\"@id\":\"https:\/\/sandzakpress.net\/arhiva\/#\/schema\/person\/6e72b67d6e51910a1117b3b483ba20bd\",\"name\":\"Kul\",\"image\":{\"@type\":\"ImageObject\",\"inLanguage\":\"bs-BA\",\"@id\":\"https:\/\/sandzakpress.net\/arhiva\/#\/schema\/person\/image\/\",\"url\":\"https:\/\/secure.gravatar.com\/avatar\/42263f39aa27ac04c43cab85c280eb2e?s=96&d=mm&r=pg\",\"contentUrl\":\"https:\/\/secure.gravatar.com\/avatar\/42263f39aa27ac04c43cab85c280eb2e?s=96&d=mm&r=pg\",\"caption\":\"Kul\"},\"logo\":{\"@id\":\"https:\/\/sandzakpress.net\/arhiva\/#\/schema\/person\/image\/\"}},{\"@type\":\"Person\",\"@id\":\"https:\/\/sandzakpress.net\/arhiva\/#\/schema\/person\/c8baee722073534b583ea7bdb2e36c02\",\"name\":\"bosniak\",\"image\":{\"@type\":\"ImageObject\",\"inLanguage\":\"bs-BA\",\"@id\":\"https:\/\/sandzakpress.net\/arhiva\/#\/schema\/person\/image\/\",\"url\":\"https:\/\/secure.gravatar.com\/avatar\/a04fd330bfe3a36a72a0ad4a6d89fca7?s=96&d=mm&r=pg\",\"contentUrl\":\"https:\/\/secure.gravatar.com\/avatar\/a04fd330bfe3a36a72a0ad4a6d89fca7?s=96&d=mm&r=pg\",\"caption\":\"bosniak\"},\"url\":\"https:\/\/sandzakpress.net\/arhiva\/author\/bosniak\/\"}]}<\/script>\n<!-- \/ Yoast SEO Premium plugin. -->","yoast_head_json":{"title":"Erdogan i Putin \u017eele politi\u010dko rje\u0161enje za Siriju","robots":{"index":"index","follow":"follow","max-snippet":"max-snippet:-1","max-image-preview":"max-image-preview:large","max-video-preview":"max-video-preview:-1"},"canonical":"https:\/\/sandzakpress.net\/arhiva\/erdogan-i-putin-zele-politicko-rjesenje-za-siriju\/","og_locale":"bs_BA","og_type":"article","og_title":"Erdogan i Putin \u017eele politi\u010dko rje\u0161enje za Siriju","og_description":"Turska &#8211; Premijer Turske Recep Tayyip Erdogan obavio je telefonski razgovor sa ruskim predsjednikom Vladimirom Putinom te su tom prilikom dva lidera istakli da je potrebno posti\u0107i politi\u010dko rje\u0161enje krize u Siriji. U saop\u0107enju iz Kremlja navedeno je da je razgovor obavljen na inicijativu turskog premijera i kako su dvojica \u010delnika najvi\u0161e pa\u017enje posvetili sirijskom [&hellip;]","og_url":"https:\/\/sandzakpress.net\/arhiva\/erdogan-i-putin-zele-politicko-rjesenje-za-siriju\/","og_site_name":"Sand\u017eak PRESS","article_published_time":"2013-06-27T22:33:11+00:00","article_modified_time":"2013-06-29T15:10:35+00:00","og_image":[{"width":600,"height":363,"url":"https:\/\/sandzakpress.net\/arhiva\/wp-content\/uploads\/2013\/06\/erdogan-i-putin-zele-politicko-rjesenje-za-siriju_trt-bosanski-21072.jpg","type":"image\/jpeg"}],"author":"bosniak","twitter_card":"summary_large_image","twitter_misc":{"Written by":"bosniak","Est. reading time":"1 minuta"},"schema":{"@context":"https:\/\/schema.org","@graph":[{"@type":"Article","@id":"https:\/\/sandzakpress.net\/arhiva\/erdogan-i-putin-zele-politicko-rjesenje-za-siriju\/#article","isPartOf":{"@id":"https:\/\/sandzakpress.net\/arhiva\/erdogan-i-putin-zele-politicko-rjesenje-za-siriju\/"},"author":{"name":"bosniak","@id":"https:\/\/sandzakpress.net\/arhiva\/#\/schema\/person\/c8baee722073534b583ea7bdb2e36c02"},"headline":"Erdogan i Putin \u017eele politi\u010dko rje\u0161enje za Siriju","datePublished":"2013-06-27T22:33:11+00:00","dateModified":"2013-06-29T15:10:35+00:00","mainEntityOfPage":{"@id":"https:\/\/sandzakpress.net\/arhiva\/erdogan-i-putin-zele-politicko-rjesenje-za-siriju\/"},"wordCount":187,"commentCount":0,"publisher":{"@id":"https:\/\/sandzakpress.net\/arhiva\/#\/schema\/person\/6e72b67d6e51910a1117b3b483ba20bd"},"image":{"@id":"https:\/\/sandzakpress.net\/arhiva\/erdogan-i-putin-zele-politicko-rjesenje-za-siriju\/#primaryimage"},"thumbnailUrl":"https:\/\/sandzakpress.net\/arhiva\/wp-content\/uploads\/2013\/06\/erdogan-i-putin-zele-politicko-rjesenje-za-siriju_trt-bosanski-21072.jpg","articleSection":["Svijet","VIJESTI DANA","Turska"],"inLanguage":"bs-BA","potentialAction":[{"@type":"CommentAction","name":"Comment","target":["https:\/\/sandzakpress.net\/arhiva\/erdogan-i-putin-zele-politicko-rjesenje-za-siriju\/#respond"]}]},{"@type":"WebPage","@id":"https:\/\/sandzakpress.net\/arhiva\/erdogan-i-putin-zele-politicko-rjesenje-za-siriju\/","url":"https:\/\/sandzakpress.net\/arhiva\/erdogan-i-putin-zele-politicko-rjesenje-za-siriju\/","name":"Erdogan i Putin \u017eele politi\u010dko rje\u0161enje za Siriju","isPartOf":{"@id":"https:\/\/sandzakpress.net\/arhiva\/#website"},"primaryImageOfPage":{"@id":"https:\/\/sandzakpress.net\/arhiva\/erdogan-i-putin-zele-politicko-rjesenje-za-siriju\/#primaryimage"},"image":{"@id":"https:\/\/sandzakpress.net\/arhiva\/erdogan-i-putin-zele-politicko-rjesenje-za-siriju\/#primaryimage"},"thumbnailUrl":"https:\/\/sandzakpress.net\/arhiva\/wp-content\/uploads\/2013\/06\/erdogan-i-putin-zele-politicko-rjesenje-za-siriju_trt-bosanski-21072.jpg","datePublished":"2013-06-27T22:33:11+00:00","dateModified":"2013-06-29T15:10:35+00:00","breadcrumb":{"@id":"https:\/\/sandzakpress.net\/arhiva\/erdogan-i-putin-zele-politicko-rjesenje-za-siriju\/#breadcrumb"},"inLanguage":"bs-BA","potentialAction":[{"@type":"ReadAction","target":["https:\/\/sandzakpress.net\/arhiva\/erdogan-i-putin-zele-politicko-rjesenje-za-siriju\/"]}]},{"@type":"ImageObject","inLanguage":"bs-BA","@id":"https:\/\/sandzakpress.net\/arhiva\/erdogan-i-putin-zele-politicko-rjesenje-za-siriju\/#primaryimage","url":"https:\/\/sandzakpress.net\/arhiva\/wp-content\/uploads\/2013\/06\/erdogan-i-putin-zele-politicko-rjesenje-za-siriju_trt-bosanski-21072.jpg","contentUrl":"https:\/\/sandzakpress.net\/arhiva\/wp-content\/uploads\/2013\/06\/erdogan-i-putin-zele-politicko-rjesenje-za-siriju_trt-bosanski-21072.jpg","width":600,"height":363},{"@type":"BreadcrumbList","@id":"https:\/\/sandzakpress.net\/arhiva\/erdogan-i-putin-zele-politicko-rjesenje-za-siriju\/#breadcrumb","itemListElement":[{"@type":"ListItem","position":1,"name":"Home","item":"https:\/\/sandzakpress.net\/arhiva\/"},{"@type":"ListItem","position":2,"name":"Erdogan i Putin \u017eele politi\u010dko rje\u0161enje za Siriju"}]},{"@type":"WebSite","@id":"https:\/\/sandzakpress.net\/arhiva\/#website","url":"https:\/\/sandzakpress.net\/arhiva\/","name":"Sand\u017eak PRESS","description":"Prve elektronske novine u Sand\u017eaku","publisher":{"@id":"https:\/\/sandzakpress.net\/arhiva\/#\/schema\/person\/6e72b67d6e51910a1117b3b483ba20bd"},"potentialAction":[{"@type":"SearchAction","target":{"@type":"EntryPoint","urlTemplate":"https:\/\/sandzakpress.net\/arhiva\/?s={search_term_string}"},"query-input":{"@type":"PropertyValueSpecification","valueRequired":true,"valueName":"search_term_string"}}],"inLanguage":"bs-BA"},{"@type":["Person","Organization"],"@id":"https:\/\/sandzakpress.net\/arhiva\/#\/schema\/person\/6e72b67d6e51910a1117b3b483ba20bd","name":"Kul","image":{"@type":"ImageObject","inLanguage":"bs-BA","@id":"https:\/\/sandzakpress.net\/arhiva\/#\/schema\/person\/image\/","url":"https:\/\/secure.gravatar.com\/avatar\/42263f39aa27ac04c43cab85c280eb2e?s=96&d=mm&r=pg","contentUrl":"https:\/\/secure.gravatar.com\/avatar\/42263f39aa27ac04c43cab85c280eb2e?s=96&d=mm&r=pg","caption":"Kul"},"logo":{"@id":"https:\/\/sandzakpress.net\/arhiva\/#\/schema\/person\/image\/"}},{"@type":"Person","@id":"https:\/\/sandzakpress.net\/arhiva\/#\/schema\/person\/c8baee722073534b583ea7bdb2e36c02","name":"bosniak","image":{"@type":"ImageObject","inLanguage":"bs-BA","@id":"https:\/\/sandzakpress.net\/arhiva\/#\/schema\/person\/image\/","url":"https:\/\/secure.gravatar.com\/avatar\/a04fd330bfe3a36a72a0ad4a6d89fca7?s=96&d=mm&r=pg","contentUrl":"https:\/\/secure.gravatar.com\/avatar\/a04fd330bfe3a36a72a0ad4a6d89fca7?s=96&d=mm&r=pg","caption":"bosniak"},"url":"https:\/\/sandzakpress.net\/arhiva\/author\/bosniak\/"}]}},"_links":{"self":[{"href":"https:\/\/sandzakpress.net\/arhiva\/wp-json\/wp\/v2\/posts\/80527"}],"collection":[{"href":"https:\/\/sandzakpress.net\/arhiva\/wp-json\/wp\/v2\/posts"}],"about":[{"href":"https:\/\/sandzakpress.net\/arhiva\/wp-json\/wp\/v2\/types\/post"}],"author":[{"embeddable":true,"href":"https:\/\/sandzakpress.net\/arhiva\/wp-json\/wp\/v2\/users\/83"}],"replies":[{"embeddable":true,"href":"https:\/\/sandzakpress.net\/arhiva\/wp-json\/wp\/v2\/comments?post=80527"}],"version-history":[{"count":0,"href":"https:\/\/sandzakpress.net\/arhiva\/wp-json\/wp\/v2\/posts\/80527\/revisions"}],"wp:featuredmedia":[{"embeddable":true,"href":"https:\/\/sandzakpress.net\/arhiva\/wp-json\/wp\/v2\/media\/80528"}],"wp:attachment":[{"href":"https:\/\/sandzakpress.net\/arhiva\/wp-json\/wp\/v2\/media?parent=80527"}],"wp:term":[{"taxonomy":"category","embeddable":true,"href":"https:\/\/sandzakpress.net\/arhiva\/wp-json\/wp\/v2\/categories?post=80527"},{"taxonomy":"post_tag","embeddable":true,"href":"https:\/\/sandzakpress.net\/arhiva\/wp-json\/wp\/v2\/tags?post=80527"}],"curies":[{"name":"wp","href":"https:\/\/api.w.org\/{rel}","templated":true}]}}