{"id":80424,"date":"2013-06-27T21:18:26","date_gmt":"2013-06-27T19:18:26","guid":{"rendered":"https:\/\/sandzakpress.net\/arhiva\/?p=80424"},"modified":"2013-06-27T21:18:26","modified_gmt":"2013-06-27T19:18:26","slug":"obiljezavanje-21-godisnjice-zive-lomace-u-naselju-bikavac","status":"publish","type":"post","link":"https:\/\/sandzakpress.net\/arhiva\/obiljezavanje-21-godisnjice-zive-lomace-u-naselju-bikavac\/","title":{"rendered":"Obilje\u017eavanje 21. godi\u0161njice &#8220;\u017eive loma\u010de&#8221; u naselju Bikavac"},"content":{"rendered":"<p><strong><a href=\"https:\/\/sandzakpress.net\/arhiva\/wp-content\/uploads\/2013\/06\/visegrad_genocid-obiljezavanje-21-godisnjice-zive-lomace-u-naselju-bikavac.jpg\"><img loading=\"lazy\" decoding=\"async\" class=\"alignleft size-medium wp-image-80425\" title=\"visegrad_genocid-obiljezavanje-21-godisnjice-zive-lomace-u-naselju-bikavac\" src=\"https:\/\/sandzakpress.net\/arhiva\/wp-content\/uploads\/2013\/06\/visegrad_genocid-obiljezavanje-21-godisnjice-zive-lomace-u-naselju-bikavac-300x181.jpg\" alt=\"\" width=\"300\" height=\"181\" \/><\/a>BiH &#8211; U vi\u0161egradskom naselju Bikavac danas \u0107e biti obilje\u017eena 21. godi\u0161njica  &#8220;\u017eive loma\u010de&#8221;, stra\u0161nog zlo\u010dina u kojem su pripadnici vojske i policije  Republike Srpske zarobili i zapalili 70 Bo\u0161njaka.<\/strong><\/p>\n<p>Godi\u0161njica ovog masakra bit \u0107e obilje\u017eena vjerskom ceremonijom,  molitvama i u\u010denjem prigodnih poglavlja iz Kur'ana u Carevoj d\u017eamiji u  Vi\u0161egradu, a nakon podnevne molitve (namaza) gra\u0111ani \u0107e se okupiti na  strati\u0161tu u naselju Bikavac gdje \u0107e &#8211; polaganjem cvije\u0107a, u\u010denjem Fatihe  i obra\u0107anjem doma\u0107ina i gostiju &#8211; biti odata po\u0161ta \u017ertvama ovog  stravi\u010dnog zlo\u010dina.<\/p>\n<p>&#8220;U ku\u0107i je izgorjelo sedamdesetak \u017eena, djece i mu\u0161karaca. Kompletna  porodica moje supruge, otac, mati, nena, tetke, izgorjeli su ovdje&#8221;,  kazao je za agenciju Anadolija Meho Alji\u0107, u \u010dijoj se ku\u0107i desio ovaj  monstruozni zlo\u010din kojeg je Ha\u0161ki sud okarakterisao kao &#8220;najstra\u0161nije  djelo i najve\u0107u pojedina\u010dnu povredu humanosti u ratu&#8221;.<\/p>\n<table border=\"0\" cellspacing=\"0\" cellpadding=\"5\" width=\"566\" align=\"center\" bgcolor=\"Gainsboro\">\n<tbody>\n<tr>\n<td align=\"left\"><span style=\"color: black;\"><img decoding=\"async\" src=\"http:\/\/www.bosnjaci.net\/foto\/Visegrad_genocid_003.jpg\" border=\"0\" alt=\"\" width=\"566\" \/> <\/span><\/td>\n<\/tr>\n<\/tbody>\n<\/table>\n<p>Kosti spaljenih Bo\u0161njaka nikad nisu prona\u0111ene, kao i elementi zidova ku\u0107e, jer su odvezeni na nepoznatu lokaciju.<\/p>\n<p>Jedina \u017ertva koja je pre\u017eivjela loma\u010du je Zehra Turja\u010danin, koja \u017eivi  izvan Bosne i Hercegovine i koja nikad nije mogla skupiti hrabrost da se  vrati u BiH.<\/p>\n<p>Za\u0161ti\u0107eni svjedok VG-035 i kom\u0161inica Mehe Alji\u0107a je na su\u0111enju  zlo\u010dincima iz Vi\u0161egrada svjedo\u010dila da je stravi\u010dan prizor po\u017eara Mehine  ku\u0107e, zajedno sa svojom svekrvom, gledala kroz prozor i da im je na  vrata do\u0161la Zehra, jedina pre\u017eivjela. Nakon \u0161to su od nje saznali \u0161ta se  zapravo desilo, svjedok VG-035 je pobjegla iz ku\u0107e. Ona je u iskazu  rekla da se tad osjetio &#8220;u\u017easan smrad izgorjelih tijela i kose&#8221;.<\/p>\n<p>Sli\u010dna tragedija desila se i 14.juna 1992. godine u vi\u0161egradskoj  Pionirskoj ulici, gdje je u ku\u0107i Adema Omeragi\u0107a tako\u0111er spaljeno vi\u0161e  od 70 bo\u0161nja\u010dkih \u017eena, djece i staraca. Najmla\u0111a \u017ertva je bila beba  starosti samo dva dana, a najstarija je imala 79 godina.<\/p>\n<p>Me\u0111unarodni Tribunal za ratne zlo\u010dine i Sud BiH do sada su za zlo\u010dine u  Vi\u0161egradu krivim proglasili osam pripadnika vojnih, paravojnih i  policijskih snaga Republike Srpske. Milan Luki\u0107 osu\u0111en je na do\u017eivotnu  robiju, Sredoje Luki\u0107 na 30 godina zatvora, Momir Savi\u0107 na 18, Mitar  Vasiljevi\u0107 15, Boban \u0160im\u0161i\u0107 i Novo Rajak na 14 godina, \u017deljko Lelelk na  13, a Nenad Tanaskovi\u0107 na 12 (presuda mu je u \u017ealbenom postupku smanjena  na osam godina). Osu\u0111ene zlo\u010dince Milana i Sredoju Luki\u0107a, te Mitra  Vasiljevi\u0107a, Ha\u0161ki tribunal teretio je za &#8220;istrebljenje velikog broja  civila, uklju\u010duju\u0107i \u017eene, djecu i starce&#8221;.<\/p>\n<p>Mnogi pripadnici vojske i policije Republike Srpske, kao i paravojnih  formacija, koji su po\u010dinili zlo\u010dine u Vi\u0161egradu, i danas \u017eive na  slobodi. Kosti ubijenih vi\u0161egradskih Bo\u0161njaka jo\u0161 \u010dekaju da budu  prona\u0111ene, ekshumirane i dostojanstveno ukopane.<\/p>\n<p>(Bosnjaci)<\/p>\n","protected":false},"excerpt":{"rendered":"<p>BiH &#8211; U vi\u0161egradskom naselju Bikavac danas \u0107e biti obilje\u017eena 21. godi\u0161njica &#8220;\u017eive loma\u010de&#8221;, stra\u0161nog zlo\u010dina u kojem su pripadnici vojske i policije Republike Srpske zarobili i zapalili 70 Bo\u0161njaka. Godi\u0161njica ovog masakra bit \u0107e obilje\u017eena vjerskom ceremonijom, molitvama i u\u010denjem prigodnih poglavlja iz Kur'ana u Carevoj d\u017eamiji u Vi\u0161egradu, a nakon podnevne molitve (namaza) [&hellip;]<\/p>\n","protected":false},"author":83,"featured_media":80425,"comment_status":"open","ping_status":"open","sticky":false,"template":"","format":"standard","meta":{"footnotes":""},"categories":[800,2860],"tags":[],"class_list":{"0":"post-80424","1":"post","2":"type-post","3":"status-publish","4":"format-standard","5":"has-post-thumbnail","7":"category-nacija","8":"category-bosna-i-hercegovina-gradovi"},"yoast_head":"<!-- This site is optimized with the Yoast SEO Premium plugin v23.1 (Yoast SEO v24.9) - https:\/\/yoast.com\/wordpress\/plugins\/seo\/ -->\n<title>Obilje\u017eavanje 21. godi\u0161njice &quot;\u017eive loma\u010de&quot; u naselju Bikavac<\/title>\n<meta name=\"robots\" content=\"index, follow, max-snippet:-1, max-image-preview:large, max-video-preview:-1\" \/>\n<link rel=\"canonical\" href=\"https:\/\/sandzakpress.net\/arhiva\/obiljezavanje-21-godisnjice-zive-lomace-u-naselju-bikavac\/\" \/>\n<meta property=\"og:locale\" content=\"bs_BA\" \/>\n<meta property=\"og:type\" content=\"article\" \/>\n<meta property=\"og:title\" content=\"Obilje\u017eavanje 21. godi\u0161njice &quot;\u017eive loma\u010de&quot; u naselju Bikavac\" \/>\n<meta property=\"og:description\" content=\"BiH &#8211; U vi\u0161egradskom naselju Bikavac danas \u0107e biti obilje\u017eena 21. godi\u0161njica &#8220;\u017eive loma\u010de&#8221;, stra\u0161nog zlo\u010dina u kojem su pripadnici vojske i policije Republike Srpske zarobili i zapalili 70 Bo\u0161njaka. Godi\u0161njica ovog masakra bit \u0107e obilje\u017eena vjerskom ceremonijom, molitvama i u\u010denjem prigodnih poglavlja iz Kur&#039;ana u Carevoj d\u017eamiji u Vi\u0161egradu, a nakon podnevne molitve (namaza) [&hellip;]\" \/>\n<meta property=\"og:url\" content=\"https:\/\/sandzakpress.net\/arhiva\/obiljezavanje-21-godisnjice-zive-lomace-u-naselju-bikavac\/\" \/>\n<meta property=\"og:site_name\" content=\"Sand\u017eak PRESS\" \/>\n<meta property=\"article:published_time\" content=\"2013-06-27T19:18:26+00:00\" \/>\n<meta property=\"og:image\" content=\"https:\/\/sandzakpress.net\/arhiva\/wp-content\/uploads\/2013\/06\/visegrad_genocid-obiljezavanje-21-godisnjice-zive-lomace-u-naselju-bikavac.jpg\" \/>\n\t<meta property=\"og:image:width\" content=\"600\" \/>\n\t<meta property=\"og:image:height\" content=\"363\" \/>\n\t<meta property=\"og:image:type\" content=\"image\/jpeg\" \/>\n<meta name=\"author\" content=\"bosniak\" \/>\n<meta name=\"twitter:card\" content=\"summary_large_image\" \/>\n<meta name=\"twitter:label1\" content=\"Written by\" \/>\n\t<meta name=\"twitter:data1\" content=\"bosniak\" \/>\n\t<meta name=\"twitter:label2\" content=\"Est. reading time\" \/>\n\t<meta name=\"twitter:data2\" content=\"2 minute\" \/>\n<script type=\"application\/ld+json\" class=\"yoast-schema-graph\">{\"@context\":\"https:\/\/schema.org\",\"@graph\":[{\"@type\":\"Article\",\"@id\":\"https:\/\/sandzakpress.net\/arhiva\/obiljezavanje-21-godisnjice-zive-lomace-u-naselju-bikavac\/#article\",\"isPartOf\":{\"@id\":\"https:\/\/sandzakpress.net\/arhiva\/obiljezavanje-21-godisnjice-zive-lomace-u-naselju-bikavac\/\"},\"author\":{\"name\":\"bosniak\",\"@id\":\"https:\/\/sandzakpress.net\/arhiva\/#\/schema\/person\/c8baee722073534b583ea7bdb2e36c02\"},\"headline\":\"Obilje\u017eavanje 21. godi\u0161njice &#8220;\u017eive loma\u010de&#8221; u naselju Bikavac\",\"datePublished\":\"2013-06-27T19:18:26+00:00\",\"mainEntityOfPage\":{\"@id\":\"https:\/\/sandzakpress.net\/arhiva\/obiljezavanje-21-godisnjice-zive-lomace-u-naselju-bikavac\/\"},\"wordCount\":501,\"commentCount\":0,\"publisher\":{\"@id\":\"https:\/\/sandzakpress.net\/arhiva\/#\/schema\/person\/6e72b67d6e51910a1117b3b483ba20bd\"},\"image\":{\"@id\":\"https:\/\/sandzakpress.net\/arhiva\/obiljezavanje-21-godisnjice-zive-lomace-u-naselju-bikavac\/#primaryimage\"},\"thumbnailUrl\":\"https:\/\/sandzakpress.net\/arhiva\/wp-content\/uploads\/2013\/06\/visegrad_genocid-obiljezavanje-21-godisnjice-zive-lomace-u-naselju-bikavac.jpg\",\"articleSection\":[\"Nacija\",\"Bosna i Hercegovina\"],\"inLanguage\":\"bs-BA\",\"potentialAction\":[{\"@type\":\"CommentAction\",\"name\":\"Comment\",\"target\":[\"https:\/\/sandzakpress.net\/arhiva\/obiljezavanje-21-godisnjice-zive-lomace-u-naselju-bikavac\/#respond\"]}]},{\"@type\":\"WebPage\",\"@id\":\"https:\/\/sandzakpress.net\/arhiva\/obiljezavanje-21-godisnjice-zive-lomace-u-naselju-bikavac\/\",\"url\":\"https:\/\/sandzakpress.net\/arhiva\/obiljezavanje-21-godisnjice-zive-lomace-u-naselju-bikavac\/\",\"name\":\"Obilje\u017eavanje 21. godi\u0161njice \\\"\u017eive loma\u010de\\\" u naselju Bikavac\",\"isPartOf\":{\"@id\":\"https:\/\/sandzakpress.net\/arhiva\/#website\"},\"primaryImageOfPage\":{\"@id\":\"https:\/\/sandzakpress.net\/arhiva\/obiljezavanje-21-godisnjice-zive-lomace-u-naselju-bikavac\/#primaryimage\"},\"image\":{\"@id\":\"https:\/\/sandzakpress.net\/arhiva\/obiljezavanje-21-godisnjice-zive-lomace-u-naselju-bikavac\/#primaryimage\"},\"thumbnailUrl\":\"https:\/\/sandzakpress.net\/arhiva\/wp-content\/uploads\/2013\/06\/visegrad_genocid-obiljezavanje-21-godisnjice-zive-lomace-u-naselju-bikavac.jpg\",\"datePublished\":\"2013-06-27T19:18:26+00:00\",\"breadcrumb\":{\"@id\":\"https:\/\/sandzakpress.net\/arhiva\/obiljezavanje-21-godisnjice-zive-lomace-u-naselju-bikavac\/#breadcrumb\"},\"inLanguage\":\"bs-BA\",\"potentialAction\":[{\"@type\":\"ReadAction\",\"target\":[\"https:\/\/sandzakpress.net\/arhiva\/obiljezavanje-21-godisnjice-zive-lomace-u-naselju-bikavac\/\"]}]},{\"@type\":\"ImageObject\",\"inLanguage\":\"bs-BA\",\"@id\":\"https:\/\/sandzakpress.net\/arhiva\/obiljezavanje-21-godisnjice-zive-lomace-u-naselju-bikavac\/#primaryimage\",\"url\":\"https:\/\/sandzakpress.net\/arhiva\/wp-content\/uploads\/2013\/06\/visegrad_genocid-obiljezavanje-21-godisnjice-zive-lomace-u-naselju-bikavac.jpg\",\"contentUrl\":\"https:\/\/sandzakpress.net\/arhiva\/wp-content\/uploads\/2013\/06\/visegrad_genocid-obiljezavanje-21-godisnjice-zive-lomace-u-naselju-bikavac.jpg\",\"width\":600,\"height\":363},{\"@type\":\"BreadcrumbList\",\"@id\":\"https:\/\/sandzakpress.net\/arhiva\/obiljezavanje-21-godisnjice-zive-lomace-u-naselju-bikavac\/#breadcrumb\",\"itemListElement\":[{\"@type\":\"ListItem\",\"position\":1,\"name\":\"Home\",\"item\":\"https:\/\/sandzakpress.net\/arhiva\/\"},{\"@type\":\"ListItem\",\"position\":2,\"name\":\"Obilje\u017eavanje 21. godi\u0161njice &#8220;\u017eive loma\u010de&#8221; u naselju Bikavac\"}]},{\"@type\":\"WebSite\",\"@id\":\"https:\/\/sandzakpress.net\/arhiva\/#website\",\"url\":\"https:\/\/sandzakpress.net\/arhiva\/\",\"name\":\"Sand\u017eak PRESS\",\"description\":\"Prve elektronske novine u Sand\u017eaku\",\"publisher\":{\"@id\":\"https:\/\/sandzakpress.net\/arhiva\/#\/schema\/person\/6e72b67d6e51910a1117b3b483ba20bd\"},\"potentialAction\":[{\"@type\":\"SearchAction\",\"target\":{\"@type\":\"EntryPoint\",\"urlTemplate\":\"https:\/\/sandzakpress.net\/arhiva\/?s={search_term_string}\"},\"query-input\":{\"@type\":\"PropertyValueSpecification\",\"valueRequired\":true,\"valueName\":\"search_term_string\"}}],\"inLanguage\":\"bs-BA\"},{\"@type\":[\"Person\",\"Organization\"],\"@id\":\"https:\/\/sandzakpress.net\/arhiva\/#\/schema\/person\/6e72b67d6e51910a1117b3b483ba20bd\",\"name\":\"Kul\",\"image\":{\"@type\":\"ImageObject\",\"inLanguage\":\"bs-BA\",\"@id\":\"https:\/\/sandzakpress.net\/arhiva\/#\/schema\/person\/image\/\",\"url\":\"https:\/\/secure.gravatar.com\/avatar\/42263f39aa27ac04c43cab85c280eb2e?s=96&d=mm&r=pg\",\"contentUrl\":\"https:\/\/secure.gravatar.com\/avatar\/42263f39aa27ac04c43cab85c280eb2e?s=96&d=mm&r=pg\",\"caption\":\"Kul\"},\"logo\":{\"@id\":\"https:\/\/sandzakpress.net\/arhiva\/#\/schema\/person\/image\/\"}},{\"@type\":\"Person\",\"@id\":\"https:\/\/sandzakpress.net\/arhiva\/#\/schema\/person\/c8baee722073534b583ea7bdb2e36c02\",\"name\":\"bosniak\",\"image\":{\"@type\":\"ImageObject\",\"inLanguage\":\"bs-BA\",\"@id\":\"https:\/\/sandzakpress.net\/arhiva\/#\/schema\/person\/image\/\",\"url\":\"https:\/\/secure.gravatar.com\/avatar\/a04fd330bfe3a36a72a0ad4a6d89fca7?s=96&d=mm&r=pg\",\"contentUrl\":\"https:\/\/secure.gravatar.com\/avatar\/a04fd330bfe3a36a72a0ad4a6d89fca7?s=96&d=mm&r=pg\",\"caption\":\"bosniak\"},\"url\":\"https:\/\/sandzakpress.net\/arhiva\/author\/bosniak\/\"}]}<\/script>\n<!-- \/ Yoast SEO Premium plugin. -->","yoast_head_json":{"title":"Obilje\u017eavanje 21. godi\u0161njice \"\u017eive loma\u010de\" u naselju Bikavac","robots":{"index":"index","follow":"follow","max-snippet":"max-snippet:-1","max-image-preview":"max-image-preview:large","max-video-preview":"max-video-preview:-1"},"canonical":"https:\/\/sandzakpress.net\/arhiva\/obiljezavanje-21-godisnjice-zive-lomace-u-naselju-bikavac\/","og_locale":"bs_BA","og_type":"article","og_title":"Obilje\u017eavanje 21. godi\u0161njice \"\u017eive loma\u010de\" u naselju Bikavac","og_description":"BiH &#8211; U vi\u0161egradskom naselju Bikavac danas \u0107e biti obilje\u017eena 21. godi\u0161njica &#8220;\u017eive loma\u010de&#8221;, stra\u0161nog zlo\u010dina u kojem su pripadnici vojske i policije Republike Srpske zarobili i zapalili 70 Bo\u0161njaka. Godi\u0161njica ovog masakra bit \u0107e obilje\u017eena vjerskom ceremonijom, molitvama i u\u010denjem prigodnih poglavlja iz Kur'ana u Carevoj d\u017eamiji u Vi\u0161egradu, a nakon podnevne molitve (namaza) [&hellip;]","og_url":"https:\/\/sandzakpress.net\/arhiva\/obiljezavanje-21-godisnjice-zive-lomace-u-naselju-bikavac\/","og_site_name":"Sand\u017eak PRESS","article_published_time":"2013-06-27T19:18:26+00:00","og_image":[{"width":600,"height":363,"url":"https:\/\/sandzakpress.net\/arhiva\/wp-content\/uploads\/2013\/06\/visegrad_genocid-obiljezavanje-21-godisnjice-zive-lomace-u-naselju-bikavac.jpg","type":"image\/jpeg"}],"author":"bosniak","twitter_card":"summary_large_image","twitter_misc":{"Written by":"bosniak","Est. reading time":"2 minute"},"schema":{"@context":"https:\/\/schema.org","@graph":[{"@type":"Article","@id":"https:\/\/sandzakpress.net\/arhiva\/obiljezavanje-21-godisnjice-zive-lomace-u-naselju-bikavac\/#article","isPartOf":{"@id":"https:\/\/sandzakpress.net\/arhiva\/obiljezavanje-21-godisnjice-zive-lomace-u-naselju-bikavac\/"},"author":{"name":"bosniak","@id":"https:\/\/sandzakpress.net\/arhiva\/#\/schema\/person\/c8baee722073534b583ea7bdb2e36c02"},"headline":"Obilje\u017eavanje 21. godi\u0161njice &#8220;\u017eive loma\u010de&#8221; u naselju Bikavac","datePublished":"2013-06-27T19:18:26+00:00","mainEntityOfPage":{"@id":"https:\/\/sandzakpress.net\/arhiva\/obiljezavanje-21-godisnjice-zive-lomace-u-naselju-bikavac\/"},"wordCount":501,"commentCount":0,"publisher":{"@id":"https:\/\/sandzakpress.net\/arhiva\/#\/schema\/person\/6e72b67d6e51910a1117b3b483ba20bd"},"image":{"@id":"https:\/\/sandzakpress.net\/arhiva\/obiljezavanje-21-godisnjice-zive-lomace-u-naselju-bikavac\/#primaryimage"},"thumbnailUrl":"https:\/\/sandzakpress.net\/arhiva\/wp-content\/uploads\/2013\/06\/visegrad_genocid-obiljezavanje-21-godisnjice-zive-lomace-u-naselju-bikavac.jpg","articleSection":["Nacija","Bosna i Hercegovina"],"inLanguage":"bs-BA","potentialAction":[{"@type":"CommentAction","name":"Comment","target":["https:\/\/sandzakpress.net\/arhiva\/obiljezavanje-21-godisnjice-zive-lomace-u-naselju-bikavac\/#respond"]}]},{"@type":"WebPage","@id":"https:\/\/sandzakpress.net\/arhiva\/obiljezavanje-21-godisnjice-zive-lomace-u-naselju-bikavac\/","url":"https:\/\/sandzakpress.net\/arhiva\/obiljezavanje-21-godisnjice-zive-lomace-u-naselju-bikavac\/","name":"Obilje\u017eavanje 21. godi\u0161njice \"\u017eive loma\u010de\" u naselju Bikavac","isPartOf":{"@id":"https:\/\/sandzakpress.net\/arhiva\/#website"},"primaryImageOfPage":{"@id":"https:\/\/sandzakpress.net\/arhiva\/obiljezavanje-21-godisnjice-zive-lomace-u-naselju-bikavac\/#primaryimage"},"image":{"@id":"https:\/\/sandzakpress.net\/arhiva\/obiljezavanje-21-godisnjice-zive-lomace-u-naselju-bikavac\/#primaryimage"},"thumbnailUrl":"https:\/\/sandzakpress.net\/arhiva\/wp-content\/uploads\/2013\/06\/visegrad_genocid-obiljezavanje-21-godisnjice-zive-lomace-u-naselju-bikavac.jpg","datePublished":"2013-06-27T19:18:26+00:00","breadcrumb":{"@id":"https:\/\/sandzakpress.net\/arhiva\/obiljezavanje-21-godisnjice-zive-lomace-u-naselju-bikavac\/#breadcrumb"},"inLanguage":"bs-BA","potentialAction":[{"@type":"ReadAction","target":["https:\/\/sandzakpress.net\/arhiva\/obiljezavanje-21-godisnjice-zive-lomace-u-naselju-bikavac\/"]}]},{"@type":"ImageObject","inLanguage":"bs-BA","@id":"https:\/\/sandzakpress.net\/arhiva\/obiljezavanje-21-godisnjice-zive-lomace-u-naselju-bikavac\/#primaryimage","url":"https:\/\/sandzakpress.net\/arhiva\/wp-content\/uploads\/2013\/06\/visegrad_genocid-obiljezavanje-21-godisnjice-zive-lomace-u-naselju-bikavac.jpg","contentUrl":"https:\/\/sandzakpress.net\/arhiva\/wp-content\/uploads\/2013\/06\/visegrad_genocid-obiljezavanje-21-godisnjice-zive-lomace-u-naselju-bikavac.jpg","width":600,"height":363},{"@type":"BreadcrumbList","@id":"https:\/\/sandzakpress.net\/arhiva\/obiljezavanje-21-godisnjice-zive-lomace-u-naselju-bikavac\/#breadcrumb","itemListElement":[{"@type":"ListItem","position":1,"name":"Home","item":"https:\/\/sandzakpress.net\/arhiva\/"},{"@type":"ListItem","position":2,"name":"Obilje\u017eavanje 21. godi\u0161njice &#8220;\u017eive loma\u010de&#8221; u naselju Bikavac"}]},{"@type":"WebSite","@id":"https:\/\/sandzakpress.net\/arhiva\/#website","url":"https:\/\/sandzakpress.net\/arhiva\/","name":"Sand\u017eak PRESS","description":"Prve elektronske novine u Sand\u017eaku","publisher":{"@id":"https:\/\/sandzakpress.net\/arhiva\/#\/schema\/person\/6e72b67d6e51910a1117b3b483ba20bd"},"potentialAction":[{"@type":"SearchAction","target":{"@type":"EntryPoint","urlTemplate":"https:\/\/sandzakpress.net\/arhiva\/?s={search_term_string}"},"query-input":{"@type":"PropertyValueSpecification","valueRequired":true,"valueName":"search_term_string"}}],"inLanguage":"bs-BA"},{"@type":["Person","Organization"],"@id":"https:\/\/sandzakpress.net\/arhiva\/#\/schema\/person\/6e72b67d6e51910a1117b3b483ba20bd","name":"Kul","image":{"@type":"ImageObject","inLanguage":"bs-BA","@id":"https:\/\/sandzakpress.net\/arhiva\/#\/schema\/person\/image\/","url":"https:\/\/secure.gravatar.com\/avatar\/42263f39aa27ac04c43cab85c280eb2e?s=96&d=mm&r=pg","contentUrl":"https:\/\/secure.gravatar.com\/avatar\/42263f39aa27ac04c43cab85c280eb2e?s=96&d=mm&r=pg","caption":"Kul"},"logo":{"@id":"https:\/\/sandzakpress.net\/arhiva\/#\/schema\/person\/image\/"}},{"@type":"Person","@id":"https:\/\/sandzakpress.net\/arhiva\/#\/schema\/person\/c8baee722073534b583ea7bdb2e36c02","name":"bosniak","image":{"@type":"ImageObject","inLanguage":"bs-BA","@id":"https:\/\/sandzakpress.net\/arhiva\/#\/schema\/person\/image\/","url":"https:\/\/secure.gravatar.com\/avatar\/a04fd330bfe3a36a72a0ad4a6d89fca7?s=96&d=mm&r=pg","contentUrl":"https:\/\/secure.gravatar.com\/avatar\/a04fd330bfe3a36a72a0ad4a6d89fca7?s=96&d=mm&r=pg","caption":"bosniak"},"url":"https:\/\/sandzakpress.net\/arhiva\/author\/bosniak\/"}]}},"_links":{"self":[{"href":"https:\/\/sandzakpress.net\/arhiva\/wp-json\/wp\/v2\/posts\/80424"}],"collection":[{"href":"https:\/\/sandzakpress.net\/arhiva\/wp-json\/wp\/v2\/posts"}],"about":[{"href":"https:\/\/sandzakpress.net\/arhiva\/wp-json\/wp\/v2\/types\/post"}],"author":[{"embeddable":true,"href":"https:\/\/sandzakpress.net\/arhiva\/wp-json\/wp\/v2\/users\/83"}],"replies":[{"embeddable":true,"href":"https:\/\/sandzakpress.net\/arhiva\/wp-json\/wp\/v2\/comments?post=80424"}],"version-history":[{"count":0,"href":"https:\/\/sandzakpress.net\/arhiva\/wp-json\/wp\/v2\/posts\/80424\/revisions"}],"wp:featuredmedia":[{"embeddable":true,"href":"https:\/\/sandzakpress.net\/arhiva\/wp-json\/wp\/v2\/media\/80425"}],"wp:attachment":[{"href":"https:\/\/sandzakpress.net\/arhiva\/wp-json\/wp\/v2\/media?parent=80424"}],"wp:term":[{"taxonomy":"category","embeddable":true,"href":"https:\/\/sandzakpress.net\/arhiva\/wp-json\/wp\/v2\/categories?post=80424"},{"taxonomy":"post_tag","embeddable":true,"href":"https:\/\/sandzakpress.net\/arhiva\/wp-json\/wp\/v2\/tags?post=80424"}],"curies":[{"name":"wp","href":"https:\/\/api.w.org\/{rel}","templated":true}]}}