{"id":80199,"date":"2013-06-25T23:32:51","date_gmt":"2013-06-25T21:32:51","guid":{"rendered":"https:\/\/sandzakpress.net\/arhiva\/?p=80199"},"modified":"2013-06-25T23:33:01","modified_gmt":"2013-06-25T21:33:01","slug":"kuran-prenesen-na-slikarsko-platno","status":"publish","type":"post","link":"https:\/\/sandzakpress.net\/arhiva\/kuran-prenesen-na-slikarsko-platno\/","title":{"rendered":"Kur'an prenesen na slikarsko platno"},"content":{"rendered":"<p><strong><a href=\"https:\/\/sandzakpress.net\/arhiva\/wp-content\/uploads\/2013\/06\/kuran-prenesen-na-slikarsko-platno_trt-bosanski-21000.jpg\"><img loading=\"lazy\" decoding=\"async\" class=\"alignleft size-medium wp-image-80200\" title=\"kuran-prenesen-na-slikarsko-platno_trt-bosanski-21000\" src=\"https:\/\/sandzakpress.net\/arhiva\/wp-content\/uploads\/2013\/06\/kuran-prenesen-na-slikarsko-platno_trt-bosanski-21000-300x181.jpg\" alt=\"\" width=\"300\" height=\"181\" \/><\/a>Turska &#8211; U izlo\u017ebenom salonu u palati Dolmabah\u010de u Istanbulu izlo\u017een je Kur\u2019an  ispisan uljanim bojama na slikarskom platnu, koji \u0107e svi zainteresirani  mo\u0107i vidjeti do 30. juna.<\/strong><\/p>\n<p>Turski slikar Ziya Buyuk, nakon rada od jednu i pol godinu dana  prenio je uljanim bojama Kur\u2019an na slikarsko platno, a za ovo se djelo,  kako je rekao, odlu\u010dio s namjerom da mu ime ostane u trajnom sje\u0107anju.<\/p>\n<p>Buyuk je kazao da je jo\u0161 u po\u010detku odlu\u010dio da na crnoj podlozi pi\u0161e  bijelom bojom, a zatim je pojasnio razlog; \u201c\u017delio sam da crnom podlogom  predstavim doba neznanja kada je Kur\u2019an objavljen, a bijelom bojom sam  \u017eelio predstaviti svjetlost koju su ajeti donijeli. Morao sam da pi\u0161em  \u0161to je mogu\u0107e manjim slovima, slova sam morao smjestiti u redove manje  od jednog centimetra. Tako sam po\u010deo. Cijeli Kur'an sam napisao uljanim  bojama na platnu visine pet metara i \u0161irine dva i pol metra,  sastavljenom iz tri dijela. Uspio sam ga napisati za jednu i pol godinu  dana\u201d.<\/p>\n<p>Buyuk je pojasnio da je radio tako \u0161to je gledao u fotokopirane  stranice originalnog teksta, jer ne zna arapski jezik. \u201cNakon odre\u0111enog  vremena, posvetio sam se tom djelu u potpunosti. Radio sam oko 12 sati  dnevno. To je posao koji zahtjeva jako puno strpljenja. Ja sam to  strpljenje pokazao i uspio sam da napravim ovo djelo\u201d, ponosno je rekao  turski slikar.<\/p>\n<p>(trtbosanski.com)<\/p>\n","protected":false},"excerpt":{"rendered":"<p>Turska &#8211; U izlo\u017ebenom salonu u palati Dolmabah\u010de u Istanbulu izlo\u017een je Kur\u2019an ispisan uljanim bojama na slikarskom platnu, koji \u0107e svi zainteresirani mo\u0107i vidjeti do 30. juna. Turski slikar Ziya Buyuk, nakon rada od jednu i pol godinu dana prenio je uljanim bojama Kur\u2019an na slikarsko platno, a za ovo se djelo, kako je [&hellip;]<\/p>\n","protected":false},"author":83,"featured_media":80200,"comment_status":"open","ping_status":"open","sticky":false,"template":"","format":"standard","meta":{"footnotes":""},"categories":[9,2692],"tags":[],"class_list":{"0":"post-80199","1":"post","2":"type-post","3":"status-publish","4":"format-standard","5":"has-post-thumbnail","7":"category-svijet","8":"category-turska-gradovi"},"yoast_head":"<!-- This site is optimized with the Yoast SEO Premium plugin v23.1 (Yoast SEO v24.9) - https:\/\/yoast.com\/wordpress\/plugins\/seo\/ -->\n<title>Kur&#039;an prenesen na slikarsko platno<\/title>\n<meta name=\"robots\" content=\"index, follow, max-snippet:-1, max-image-preview:large, max-video-preview:-1\" \/>\n<link rel=\"canonical\" href=\"https:\/\/sandzakpress.net\/arhiva\/kuran-prenesen-na-slikarsko-platno\/\" \/>\n<meta property=\"og:locale\" content=\"bs_BA\" \/>\n<meta property=\"og:type\" content=\"article\" \/>\n<meta property=\"og:title\" content=\"Kur&#039;an prenesen na slikarsko platno\" \/>\n<meta property=\"og:description\" content=\"Turska &#8211; U izlo\u017ebenom salonu u palati Dolmabah\u010de u Istanbulu izlo\u017een je Kur\u2019an ispisan uljanim bojama na slikarskom platnu, koji \u0107e svi zainteresirani mo\u0107i vidjeti do 30. juna. Turski slikar Ziya Buyuk, nakon rada od jednu i pol godinu dana prenio je uljanim bojama Kur\u2019an na slikarsko platno, a za ovo se djelo, kako je [&hellip;]\" \/>\n<meta property=\"og:url\" content=\"https:\/\/sandzakpress.net\/arhiva\/kuran-prenesen-na-slikarsko-platno\/\" \/>\n<meta property=\"og:site_name\" content=\"Sand\u017eak PRESS\" \/>\n<meta property=\"article:published_time\" content=\"2013-06-25T21:32:51+00:00\" \/>\n<meta property=\"article:modified_time\" content=\"2013-06-25T21:33:01+00:00\" \/>\n<meta property=\"og:image\" content=\"https:\/\/sandzakpress.net\/arhiva\/wp-content\/uploads\/2013\/06\/kuran-prenesen-na-slikarsko-platno_trt-bosanski-21000.jpg\" \/>\n\t<meta property=\"og:image:width\" content=\"600\" \/>\n\t<meta property=\"og:image:height\" content=\"363\" \/>\n\t<meta property=\"og:image:type\" content=\"image\/jpeg\" \/>\n<meta name=\"author\" content=\"bosniak\" \/>\n<meta name=\"twitter:card\" content=\"summary_large_image\" \/>\n<meta name=\"twitter:label1\" content=\"Written by\" \/>\n\t<meta name=\"twitter:data1\" content=\"bosniak\" \/>\n\t<meta name=\"twitter:label2\" content=\"Est. reading time\" \/>\n\t<meta name=\"twitter:data2\" content=\"1 minuta\" \/>\n<script type=\"application\/ld+json\" class=\"yoast-schema-graph\">{\"@context\":\"https:\/\/schema.org\",\"@graph\":[{\"@type\":\"Article\",\"@id\":\"https:\/\/sandzakpress.net\/arhiva\/kuran-prenesen-na-slikarsko-platno\/#article\",\"isPartOf\":{\"@id\":\"https:\/\/sandzakpress.net\/arhiva\/kuran-prenesen-na-slikarsko-platno\/\"},\"author\":{\"name\":\"bosniak\",\"@id\":\"https:\/\/sandzakpress.net\/arhiva\/#\/schema\/person\/c8baee722073534b583ea7bdb2e36c02\"},\"headline\":\"Kur'an prenesen na slikarsko platno\",\"datePublished\":\"2013-06-25T21:32:51+00:00\",\"dateModified\":\"2013-06-25T21:33:01+00:00\",\"mainEntityOfPage\":{\"@id\":\"https:\/\/sandzakpress.net\/arhiva\/kuran-prenesen-na-slikarsko-platno\/\"},\"wordCount\":247,\"commentCount\":0,\"publisher\":{\"@id\":\"https:\/\/sandzakpress.net\/arhiva\/#\/schema\/person\/6e72b67d6e51910a1117b3b483ba20bd\"},\"image\":{\"@id\":\"https:\/\/sandzakpress.net\/arhiva\/kuran-prenesen-na-slikarsko-platno\/#primaryimage\"},\"thumbnailUrl\":\"https:\/\/sandzakpress.net\/arhiva\/wp-content\/uploads\/2013\/06\/kuran-prenesen-na-slikarsko-platno_trt-bosanski-21000.jpg\",\"articleSection\":[\"Svijet\",\"Turska\"],\"inLanguage\":\"bs-BA\",\"potentialAction\":[{\"@type\":\"CommentAction\",\"name\":\"Comment\",\"target\":[\"https:\/\/sandzakpress.net\/arhiva\/kuran-prenesen-na-slikarsko-platno\/#respond\"]}]},{\"@type\":\"WebPage\",\"@id\":\"https:\/\/sandzakpress.net\/arhiva\/kuran-prenesen-na-slikarsko-platno\/\",\"url\":\"https:\/\/sandzakpress.net\/arhiva\/kuran-prenesen-na-slikarsko-platno\/\",\"name\":\"Kur'an prenesen na slikarsko platno\",\"isPartOf\":{\"@id\":\"https:\/\/sandzakpress.net\/arhiva\/#website\"},\"primaryImageOfPage\":{\"@id\":\"https:\/\/sandzakpress.net\/arhiva\/kuran-prenesen-na-slikarsko-platno\/#primaryimage\"},\"image\":{\"@id\":\"https:\/\/sandzakpress.net\/arhiva\/kuran-prenesen-na-slikarsko-platno\/#primaryimage\"},\"thumbnailUrl\":\"https:\/\/sandzakpress.net\/arhiva\/wp-content\/uploads\/2013\/06\/kuran-prenesen-na-slikarsko-platno_trt-bosanski-21000.jpg\",\"datePublished\":\"2013-06-25T21:32:51+00:00\",\"dateModified\":\"2013-06-25T21:33:01+00:00\",\"breadcrumb\":{\"@id\":\"https:\/\/sandzakpress.net\/arhiva\/kuran-prenesen-na-slikarsko-platno\/#breadcrumb\"},\"inLanguage\":\"bs-BA\",\"potentialAction\":[{\"@type\":\"ReadAction\",\"target\":[\"https:\/\/sandzakpress.net\/arhiva\/kuran-prenesen-na-slikarsko-platno\/\"]}]},{\"@type\":\"ImageObject\",\"inLanguage\":\"bs-BA\",\"@id\":\"https:\/\/sandzakpress.net\/arhiva\/kuran-prenesen-na-slikarsko-platno\/#primaryimage\",\"url\":\"https:\/\/sandzakpress.net\/arhiva\/wp-content\/uploads\/2013\/06\/kuran-prenesen-na-slikarsko-platno_trt-bosanski-21000.jpg\",\"contentUrl\":\"https:\/\/sandzakpress.net\/arhiva\/wp-content\/uploads\/2013\/06\/kuran-prenesen-na-slikarsko-platno_trt-bosanski-21000.jpg\",\"width\":600,\"height\":363},{\"@type\":\"BreadcrumbList\",\"@id\":\"https:\/\/sandzakpress.net\/arhiva\/kuran-prenesen-na-slikarsko-platno\/#breadcrumb\",\"itemListElement\":[{\"@type\":\"ListItem\",\"position\":1,\"name\":\"Home\",\"item\":\"https:\/\/sandzakpress.net\/arhiva\/\"},{\"@type\":\"ListItem\",\"position\":2,\"name\":\"Kur'an prenesen na slikarsko platno\"}]},{\"@type\":\"WebSite\",\"@id\":\"https:\/\/sandzakpress.net\/arhiva\/#website\",\"url\":\"https:\/\/sandzakpress.net\/arhiva\/\",\"name\":\"Sand\u017eak PRESS\",\"description\":\"Prve elektronske novine u Sand\u017eaku\",\"publisher\":{\"@id\":\"https:\/\/sandzakpress.net\/arhiva\/#\/schema\/person\/6e72b67d6e51910a1117b3b483ba20bd\"},\"potentialAction\":[{\"@type\":\"SearchAction\",\"target\":{\"@type\":\"EntryPoint\",\"urlTemplate\":\"https:\/\/sandzakpress.net\/arhiva\/?s={search_term_string}\"},\"query-input\":{\"@type\":\"PropertyValueSpecification\",\"valueRequired\":true,\"valueName\":\"search_term_string\"}}],\"inLanguage\":\"bs-BA\"},{\"@type\":[\"Person\",\"Organization\"],\"@id\":\"https:\/\/sandzakpress.net\/arhiva\/#\/schema\/person\/6e72b67d6e51910a1117b3b483ba20bd\",\"name\":\"Kul\",\"image\":{\"@type\":\"ImageObject\",\"inLanguage\":\"bs-BA\",\"@id\":\"https:\/\/sandzakpress.net\/arhiva\/#\/schema\/person\/image\/\",\"url\":\"https:\/\/secure.gravatar.com\/avatar\/42263f39aa27ac04c43cab85c280eb2e?s=96&d=mm&r=pg\",\"contentUrl\":\"https:\/\/secure.gravatar.com\/avatar\/42263f39aa27ac04c43cab85c280eb2e?s=96&d=mm&r=pg\",\"caption\":\"Kul\"},\"logo\":{\"@id\":\"https:\/\/sandzakpress.net\/arhiva\/#\/schema\/person\/image\/\"}},{\"@type\":\"Person\",\"@id\":\"https:\/\/sandzakpress.net\/arhiva\/#\/schema\/person\/c8baee722073534b583ea7bdb2e36c02\",\"name\":\"bosniak\",\"image\":{\"@type\":\"ImageObject\",\"inLanguage\":\"bs-BA\",\"@id\":\"https:\/\/sandzakpress.net\/arhiva\/#\/schema\/person\/image\/\",\"url\":\"https:\/\/secure.gravatar.com\/avatar\/a04fd330bfe3a36a72a0ad4a6d89fca7?s=96&d=mm&r=pg\",\"contentUrl\":\"https:\/\/secure.gravatar.com\/avatar\/a04fd330bfe3a36a72a0ad4a6d89fca7?s=96&d=mm&r=pg\",\"caption\":\"bosniak\"},\"url\":\"https:\/\/sandzakpress.net\/arhiva\/author\/bosniak\/\"}]}<\/script>\n<!-- \/ Yoast SEO Premium plugin. -->","yoast_head_json":{"title":"Kur'an prenesen na slikarsko platno","robots":{"index":"index","follow":"follow","max-snippet":"max-snippet:-1","max-image-preview":"max-image-preview:large","max-video-preview":"max-video-preview:-1"},"canonical":"https:\/\/sandzakpress.net\/arhiva\/kuran-prenesen-na-slikarsko-platno\/","og_locale":"bs_BA","og_type":"article","og_title":"Kur'an prenesen na slikarsko platno","og_description":"Turska &#8211; U izlo\u017ebenom salonu u palati Dolmabah\u010de u Istanbulu izlo\u017een je Kur\u2019an ispisan uljanim bojama na slikarskom platnu, koji \u0107e svi zainteresirani mo\u0107i vidjeti do 30. juna. Turski slikar Ziya Buyuk, nakon rada od jednu i pol godinu dana prenio je uljanim bojama Kur\u2019an na slikarsko platno, a za ovo se djelo, kako je [&hellip;]","og_url":"https:\/\/sandzakpress.net\/arhiva\/kuran-prenesen-na-slikarsko-platno\/","og_site_name":"Sand\u017eak PRESS","article_published_time":"2013-06-25T21:32:51+00:00","article_modified_time":"2013-06-25T21:33:01+00:00","og_image":[{"width":600,"height":363,"url":"https:\/\/sandzakpress.net\/arhiva\/wp-content\/uploads\/2013\/06\/kuran-prenesen-na-slikarsko-platno_trt-bosanski-21000.jpg","type":"image\/jpeg"}],"author":"bosniak","twitter_card":"summary_large_image","twitter_misc":{"Written by":"bosniak","Est. reading time":"1 minuta"},"schema":{"@context":"https:\/\/schema.org","@graph":[{"@type":"Article","@id":"https:\/\/sandzakpress.net\/arhiva\/kuran-prenesen-na-slikarsko-platno\/#article","isPartOf":{"@id":"https:\/\/sandzakpress.net\/arhiva\/kuran-prenesen-na-slikarsko-platno\/"},"author":{"name":"bosniak","@id":"https:\/\/sandzakpress.net\/arhiva\/#\/schema\/person\/c8baee722073534b583ea7bdb2e36c02"},"headline":"Kur'an prenesen na slikarsko platno","datePublished":"2013-06-25T21:32:51+00:00","dateModified":"2013-06-25T21:33:01+00:00","mainEntityOfPage":{"@id":"https:\/\/sandzakpress.net\/arhiva\/kuran-prenesen-na-slikarsko-platno\/"},"wordCount":247,"commentCount":0,"publisher":{"@id":"https:\/\/sandzakpress.net\/arhiva\/#\/schema\/person\/6e72b67d6e51910a1117b3b483ba20bd"},"image":{"@id":"https:\/\/sandzakpress.net\/arhiva\/kuran-prenesen-na-slikarsko-platno\/#primaryimage"},"thumbnailUrl":"https:\/\/sandzakpress.net\/arhiva\/wp-content\/uploads\/2013\/06\/kuran-prenesen-na-slikarsko-platno_trt-bosanski-21000.jpg","articleSection":["Svijet","Turska"],"inLanguage":"bs-BA","potentialAction":[{"@type":"CommentAction","name":"Comment","target":["https:\/\/sandzakpress.net\/arhiva\/kuran-prenesen-na-slikarsko-platno\/#respond"]}]},{"@type":"WebPage","@id":"https:\/\/sandzakpress.net\/arhiva\/kuran-prenesen-na-slikarsko-platno\/","url":"https:\/\/sandzakpress.net\/arhiva\/kuran-prenesen-na-slikarsko-platno\/","name":"Kur'an prenesen na slikarsko platno","isPartOf":{"@id":"https:\/\/sandzakpress.net\/arhiva\/#website"},"primaryImageOfPage":{"@id":"https:\/\/sandzakpress.net\/arhiva\/kuran-prenesen-na-slikarsko-platno\/#primaryimage"},"image":{"@id":"https:\/\/sandzakpress.net\/arhiva\/kuran-prenesen-na-slikarsko-platno\/#primaryimage"},"thumbnailUrl":"https:\/\/sandzakpress.net\/arhiva\/wp-content\/uploads\/2013\/06\/kuran-prenesen-na-slikarsko-platno_trt-bosanski-21000.jpg","datePublished":"2013-06-25T21:32:51+00:00","dateModified":"2013-06-25T21:33:01+00:00","breadcrumb":{"@id":"https:\/\/sandzakpress.net\/arhiva\/kuran-prenesen-na-slikarsko-platno\/#breadcrumb"},"inLanguage":"bs-BA","potentialAction":[{"@type":"ReadAction","target":["https:\/\/sandzakpress.net\/arhiva\/kuran-prenesen-na-slikarsko-platno\/"]}]},{"@type":"ImageObject","inLanguage":"bs-BA","@id":"https:\/\/sandzakpress.net\/arhiva\/kuran-prenesen-na-slikarsko-platno\/#primaryimage","url":"https:\/\/sandzakpress.net\/arhiva\/wp-content\/uploads\/2013\/06\/kuran-prenesen-na-slikarsko-platno_trt-bosanski-21000.jpg","contentUrl":"https:\/\/sandzakpress.net\/arhiva\/wp-content\/uploads\/2013\/06\/kuran-prenesen-na-slikarsko-platno_trt-bosanski-21000.jpg","width":600,"height":363},{"@type":"BreadcrumbList","@id":"https:\/\/sandzakpress.net\/arhiva\/kuran-prenesen-na-slikarsko-platno\/#breadcrumb","itemListElement":[{"@type":"ListItem","position":1,"name":"Home","item":"https:\/\/sandzakpress.net\/arhiva\/"},{"@type":"ListItem","position":2,"name":"Kur'an prenesen na slikarsko platno"}]},{"@type":"WebSite","@id":"https:\/\/sandzakpress.net\/arhiva\/#website","url":"https:\/\/sandzakpress.net\/arhiva\/","name":"Sand\u017eak PRESS","description":"Prve elektronske novine u Sand\u017eaku","publisher":{"@id":"https:\/\/sandzakpress.net\/arhiva\/#\/schema\/person\/6e72b67d6e51910a1117b3b483ba20bd"},"potentialAction":[{"@type":"SearchAction","target":{"@type":"EntryPoint","urlTemplate":"https:\/\/sandzakpress.net\/arhiva\/?s={search_term_string}"},"query-input":{"@type":"PropertyValueSpecification","valueRequired":true,"valueName":"search_term_string"}}],"inLanguage":"bs-BA"},{"@type":["Person","Organization"],"@id":"https:\/\/sandzakpress.net\/arhiva\/#\/schema\/person\/6e72b67d6e51910a1117b3b483ba20bd","name":"Kul","image":{"@type":"ImageObject","inLanguage":"bs-BA","@id":"https:\/\/sandzakpress.net\/arhiva\/#\/schema\/person\/image\/","url":"https:\/\/secure.gravatar.com\/avatar\/42263f39aa27ac04c43cab85c280eb2e?s=96&d=mm&r=pg","contentUrl":"https:\/\/secure.gravatar.com\/avatar\/42263f39aa27ac04c43cab85c280eb2e?s=96&d=mm&r=pg","caption":"Kul"},"logo":{"@id":"https:\/\/sandzakpress.net\/arhiva\/#\/schema\/person\/image\/"}},{"@type":"Person","@id":"https:\/\/sandzakpress.net\/arhiva\/#\/schema\/person\/c8baee722073534b583ea7bdb2e36c02","name":"bosniak","image":{"@type":"ImageObject","inLanguage":"bs-BA","@id":"https:\/\/sandzakpress.net\/arhiva\/#\/schema\/person\/image\/","url":"https:\/\/secure.gravatar.com\/avatar\/a04fd330bfe3a36a72a0ad4a6d89fca7?s=96&d=mm&r=pg","contentUrl":"https:\/\/secure.gravatar.com\/avatar\/a04fd330bfe3a36a72a0ad4a6d89fca7?s=96&d=mm&r=pg","caption":"bosniak"},"url":"https:\/\/sandzakpress.net\/arhiva\/author\/bosniak\/"}]}},"_links":{"self":[{"href":"https:\/\/sandzakpress.net\/arhiva\/wp-json\/wp\/v2\/posts\/80199"}],"collection":[{"href":"https:\/\/sandzakpress.net\/arhiva\/wp-json\/wp\/v2\/posts"}],"about":[{"href":"https:\/\/sandzakpress.net\/arhiva\/wp-json\/wp\/v2\/types\/post"}],"author":[{"embeddable":true,"href":"https:\/\/sandzakpress.net\/arhiva\/wp-json\/wp\/v2\/users\/83"}],"replies":[{"embeddable":true,"href":"https:\/\/sandzakpress.net\/arhiva\/wp-json\/wp\/v2\/comments?post=80199"}],"version-history":[{"count":0,"href":"https:\/\/sandzakpress.net\/arhiva\/wp-json\/wp\/v2\/posts\/80199\/revisions"}],"wp:featuredmedia":[{"embeddable":true,"href":"https:\/\/sandzakpress.net\/arhiva\/wp-json\/wp\/v2\/media\/80200"}],"wp:attachment":[{"href":"https:\/\/sandzakpress.net\/arhiva\/wp-json\/wp\/v2\/media?parent=80199"}],"wp:term":[{"taxonomy":"category","embeddable":true,"href":"https:\/\/sandzakpress.net\/arhiva\/wp-json\/wp\/v2\/categories?post=80199"},{"taxonomy":"post_tag","embeddable":true,"href":"https:\/\/sandzakpress.net\/arhiva\/wp-json\/wp\/v2\/tags?post=80199"}],"curies":[{"name":"wp","href":"https:\/\/api.w.org\/{rel}","templated":true}]}}