{"id":79974,"date":"2013-06-24T23:38:44","date_gmt":"2013-06-24T21:38:44","guid":{"rendered":"https:\/\/sandzakpress.net\/arhiva\/?p=79974"},"modified":"2013-06-25T00:16:48","modified_gmt":"2013-06-24T22:16:48","slug":"brnicanin-ovog-ljeta-bez-restrikcija-vode","status":"publish","type":"post","link":"https:\/\/sandzakpress.net\/arhiva\/brnicanin-ovog-ljeta-bez-restrikcija-vode\/","title":{"rendered":"Brni\u010danin: Ovog ljeta bez restrikcija vode"},"content":{"rendered":"<p><strong><a href=\"https:\/\/sandzakpress.net\/arhiva\/wp-content\/uploads\/2013\/06\/2d9861f7dfa371a841ce6730b641ed6c_M.jpg\"><img loading=\"lazy\" decoding=\"async\" class=\"alignleft size-medium wp-image-79975\" title=\"2d9861f7dfa371a841ce6730b641ed6c_M\" src=\"https:\/\/sandzakpress.net\/arhiva\/wp-content\/uploads\/2013\/06\/2d9861f7dfa371a841ce6730b641ed6c_M-300x224.jpg\" alt=\"\" width=\"300\" height=\"224\" \/><\/a>Novi Pazar &#8211; Snabdevanje Novog Pazara vodom ovog ljeta \u0107e biti znatno bolje i, za  razliku od prethodnih godina, ne\u0107e biti restrikcija, rekao je danas  radiju Sto plus direktor JKP \u201cVodovod i kanalizacija\u201d Hanefija  Brni\u010danin.<\/strong><\/p>\n<p>Tropske temperature zabele\u017eene ovih dana pove\u0107ale su  potro\u0161nju vode, pa tako \u017eitelji pojedinih djelova grada tokom ve\u0107eg djela  dana uop\u0161te nisu imali vodu ili je pritisak bio veoma slab.<\/p>\n<p>Direktor  \u201cVodovoda\u201d Hanefija Brni\u010danin ka\u017ee da \u0107e ti problemi potrajati dok se  ne zavr\u0161i izgradnja buster stanice \u201cRa\u0161ka\u201d, \u010dije pu\u0161tanje u rad \u0107e  pobolj\u0161ati vodosnabdevanje.<\/p>\n<p>\u201cO\u010dekujem da izvo\u0111a\u010di zavr\u0161e radove  na izgradnji buster stanice za 20 do mjesec dana. Tako\u0111e, do tada \u0107e i  \u201cVodovod\u201d okon\u010dati radove na usisno-potisnim cevovodima i tek onda \u0107e  gra\u0111ani osjetiti bolje vodosnabdevanje . Mi do danas nismo imali  restrikcije, pa ih ovog ljeta ne\u0107emo ni uvoditi\u201d, istakao je Brni\u010danin.<\/p>\n<p>On  je dodao da \u0161trajk radnika ovog preduze\u0107a ne\u0107e uticati na snabdevanje  Novog Pazara vodom i da je u okviru minimum procesa rada predvi\u0111eno  normalno distribuiranje vode gra\u0111anima.<\/p>\n<p>\u201cPo\u0161tovanje minimum  procesa rada podrazumeva i da filtersko postrojenje radi nesmetano.  Koli\u010dina vode koja se prera\u0111uje u periodu kada su radnici u \u0161trajku i  kada rade punim kapacitetom je ista i zato nema bojazni da \u0107e biti  problema u distribuiranju vode gra\u0111anima tokom trajanja \u0161trajka\u201d, rekao  je Brni\u010danin.<\/p>\n<p>Gra\u0111ani Novog Pazara ve\u0107 godinama se tokom ljeta  suo\u010davaju sa nesta\u0161icom vode. Pored nenameskog tro\u0161enja vode tokom  ljetnjih mjeseci, glavni problemi sa kojim se suo\u010dava \u201cVodovod\u201d su ogromni  gubici u mre\u017ei i divlji priklju\u010dci kojih prema nekim podacima ima oko  3.000.<\/p>\n<p>(RadioStoPlus)<\/p>\n","protected":false},"excerpt":{"rendered":"<p>Novi Pazar &#8211; Snabdevanje Novog Pazara vodom ovog ljeta \u0107e biti znatno bolje i, za razliku od prethodnih godina, ne\u0107e biti restrikcija, rekao je danas radiju Sto plus direktor JKP \u201cVodovod i kanalizacija\u201d Hanefija Brni\u010danin. Tropske temperature zabele\u017eene ovih dana pove\u0107ale su potro\u0161nju vode, pa tako \u017eitelji pojedinih djelova grada tokom ve\u0107eg djela dana uop\u0161te [&hellip;]<\/p>\n","protected":false},"author":83,"featured_media":79975,"comment_status":"open","ping_status":"open","sticky":false,"template":"","format":"standard","meta":{"footnotes":""},"categories":[72,3],"tags":[],"class_list":{"0":"post-79974","1":"post","2":"type-post","3":"status-publish","4":"format-standard","5":"has-post-thumbnail","7":"category-novi-pazar","8":"category-privreda"},"yoast_head":"<!-- This site is optimized with the Yoast SEO Premium plugin v23.1 (Yoast SEO v24.9) - https:\/\/yoast.com\/wordpress\/plugins\/seo\/ -->\n<title>Brni\u010danin: Ovog ljeta bez restrikcija vode<\/title>\n<meta name=\"robots\" content=\"index, follow, max-snippet:-1, max-image-preview:large, max-video-preview:-1\" \/>\n<link rel=\"canonical\" href=\"https:\/\/sandzakpress.net\/arhiva\/brnicanin-ovog-ljeta-bez-restrikcija-vode\/\" \/>\n<meta property=\"og:locale\" content=\"bs_BA\" \/>\n<meta property=\"og:type\" content=\"article\" \/>\n<meta property=\"og:title\" content=\"Brni\u010danin: Ovog ljeta bez restrikcija vode\" \/>\n<meta property=\"og:description\" content=\"Novi Pazar &#8211; Snabdevanje Novog Pazara vodom ovog ljeta \u0107e biti znatno bolje i, za razliku od prethodnih godina, ne\u0107e biti restrikcija, rekao je danas radiju Sto plus direktor JKP \u201cVodovod i kanalizacija\u201d Hanefija Brni\u010danin. Tropske temperature zabele\u017eene ovih dana pove\u0107ale su potro\u0161nju vode, pa tako \u017eitelji pojedinih djelova grada tokom ve\u0107eg djela dana uop\u0161te [&hellip;]\" \/>\n<meta property=\"og:url\" content=\"https:\/\/sandzakpress.net\/arhiva\/brnicanin-ovog-ljeta-bez-restrikcija-vode\/\" \/>\n<meta property=\"og:site_name\" content=\"Sand\u017eak PRESS\" \/>\n<meta property=\"article:published_time\" content=\"2013-06-24T21:38:44+00:00\" \/>\n<meta property=\"article:modified_time\" content=\"2013-06-24T22:16:48+00:00\" \/>\n<meta property=\"og:image\" content=\"https:\/\/sandzakpress.net\/arhiva\/wp-content\/uploads\/2013\/06\/2d9861f7dfa371a841ce6730b641ed6c_M.jpg\" \/>\n\t<meta property=\"og:image:width\" content=\"310\" \/>\n\t<meta property=\"og:image:height\" content=\"232\" \/>\n\t<meta property=\"og:image:type\" content=\"image\/jpeg\" \/>\n<meta name=\"author\" content=\"bosniak\" \/>\n<meta name=\"twitter:card\" content=\"summary_large_image\" \/>\n<meta name=\"twitter:label1\" content=\"Written by\" \/>\n\t<meta name=\"twitter:data1\" content=\"bosniak\" \/>\n\t<meta name=\"twitter:label2\" content=\"Est. reading time\" \/>\n\t<meta name=\"twitter:data2\" content=\"1 minuta\" \/>\n<script type=\"application\/ld+json\" class=\"yoast-schema-graph\">{\"@context\":\"https:\/\/schema.org\",\"@graph\":[{\"@type\":\"Article\",\"@id\":\"https:\/\/sandzakpress.net\/arhiva\/brnicanin-ovog-ljeta-bez-restrikcija-vode\/#article\",\"isPartOf\":{\"@id\":\"https:\/\/sandzakpress.net\/arhiva\/brnicanin-ovog-ljeta-bez-restrikcija-vode\/\"},\"author\":{\"name\":\"bosniak\",\"@id\":\"https:\/\/sandzakpress.net\/arhiva\/#\/schema\/person\/c8baee722073534b583ea7bdb2e36c02\"},\"headline\":\"Brni\u010danin: Ovog ljeta bez restrikcija vode\",\"datePublished\":\"2013-06-24T21:38:44+00:00\",\"dateModified\":\"2013-06-24T22:16:48+00:00\",\"mainEntityOfPage\":{\"@id\":\"https:\/\/sandzakpress.net\/arhiva\/brnicanin-ovog-ljeta-bez-restrikcija-vode\/\"},\"wordCount\":299,\"commentCount\":0,\"publisher\":{\"@id\":\"https:\/\/sandzakpress.net\/arhiva\/#\/schema\/person\/6e72b67d6e51910a1117b3b483ba20bd\"},\"image\":{\"@id\":\"https:\/\/sandzakpress.net\/arhiva\/brnicanin-ovog-ljeta-bez-restrikcija-vode\/#primaryimage\"},\"thumbnailUrl\":\"https:\/\/sandzakpress.net\/arhiva\/wp-content\/uploads\/2013\/06\/2d9861f7dfa371a841ce6730b641ed6c_M.jpg\",\"articleSection\":[\"Novi Pazar\",\"Privreda\"],\"inLanguage\":\"bs-BA\",\"potentialAction\":[{\"@type\":\"CommentAction\",\"name\":\"Comment\",\"target\":[\"https:\/\/sandzakpress.net\/arhiva\/brnicanin-ovog-ljeta-bez-restrikcija-vode\/#respond\"]}]},{\"@type\":\"WebPage\",\"@id\":\"https:\/\/sandzakpress.net\/arhiva\/brnicanin-ovog-ljeta-bez-restrikcija-vode\/\",\"url\":\"https:\/\/sandzakpress.net\/arhiva\/brnicanin-ovog-ljeta-bez-restrikcija-vode\/\",\"name\":\"Brni\u010danin: Ovog ljeta bez restrikcija vode\",\"isPartOf\":{\"@id\":\"https:\/\/sandzakpress.net\/arhiva\/#website\"},\"primaryImageOfPage\":{\"@id\":\"https:\/\/sandzakpress.net\/arhiva\/brnicanin-ovog-ljeta-bez-restrikcija-vode\/#primaryimage\"},\"image\":{\"@id\":\"https:\/\/sandzakpress.net\/arhiva\/brnicanin-ovog-ljeta-bez-restrikcija-vode\/#primaryimage\"},\"thumbnailUrl\":\"https:\/\/sandzakpress.net\/arhiva\/wp-content\/uploads\/2013\/06\/2d9861f7dfa371a841ce6730b641ed6c_M.jpg\",\"datePublished\":\"2013-06-24T21:38:44+00:00\",\"dateModified\":\"2013-06-24T22:16:48+00:00\",\"breadcrumb\":{\"@id\":\"https:\/\/sandzakpress.net\/arhiva\/brnicanin-ovog-ljeta-bez-restrikcija-vode\/#breadcrumb\"},\"inLanguage\":\"bs-BA\",\"potentialAction\":[{\"@type\":\"ReadAction\",\"target\":[\"https:\/\/sandzakpress.net\/arhiva\/brnicanin-ovog-ljeta-bez-restrikcija-vode\/\"]}]},{\"@type\":\"ImageObject\",\"inLanguage\":\"bs-BA\",\"@id\":\"https:\/\/sandzakpress.net\/arhiva\/brnicanin-ovog-ljeta-bez-restrikcija-vode\/#primaryimage\",\"url\":\"https:\/\/sandzakpress.net\/arhiva\/wp-content\/uploads\/2013\/06\/2d9861f7dfa371a841ce6730b641ed6c_M.jpg\",\"contentUrl\":\"https:\/\/sandzakpress.net\/arhiva\/wp-content\/uploads\/2013\/06\/2d9861f7dfa371a841ce6730b641ed6c_M.jpg\",\"width\":310,\"height\":232},{\"@type\":\"BreadcrumbList\",\"@id\":\"https:\/\/sandzakpress.net\/arhiva\/brnicanin-ovog-ljeta-bez-restrikcija-vode\/#breadcrumb\",\"itemListElement\":[{\"@type\":\"ListItem\",\"position\":1,\"name\":\"Home\",\"item\":\"https:\/\/sandzakpress.net\/arhiva\/\"},{\"@type\":\"ListItem\",\"position\":2,\"name\":\"Brni\u010danin: Ovog ljeta bez restrikcija vode\"}]},{\"@type\":\"WebSite\",\"@id\":\"https:\/\/sandzakpress.net\/arhiva\/#website\",\"url\":\"https:\/\/sandzakpress.net\/arhiva\/\",\"name\":\"Sand\u017eak PRESS\",\"description\":\"Prve elektronske novine u Sand\u017eaku\",\"publisher\":{\"@id\":\"https:\/\/sandzakpress.net\/arhiva\/#\/schema\/person\/6e72b67d6e51910a1117b3b483ba20bd\"},\"potentialAction\":[{\"@type\":\"SearchAction\",\"target\":{\"@type\":\"EntryPoint\",\"urlTemplate\":\"https:\/\/sandzakpress.net\/arhiva\/?s={search_term_string}\"},\"query-input\":{\"@type\":\"PropertyValueSpecification\",\"valueRequired\":true,\"valueName\":\"search_term_string\"}}],\"inLanguage\":\"bs-BA\"},{\"@type\":[\"Person\",\"Organization\"],\"@id\":\"https:\/\/sandzakpress.net\/arhiva\/#\/schema\/person\/6e72b67d6e51910a1117b3b483ba20bd\",\"name\":\"Kul\",\"image\":{\"@type\":\"ImageObject\",\"inLanguage\":\"bs-BA\",\"@id\":\"https:\/\/sandzakpress.net\/arhiva\/#\/schema\/person\/image\/\",\"url\":\"https:\/\/secure.gravatar.com\/avatar\/42263f39aa27ac04c43cab85c280eb2e?s=96&d=mm&r=pg\",\"contentUrl\":\"https:\/\/secure.gravatar.com\/avatar\/42263f39aa27ac04c43cab85c280eb2e?s=96&d=mm&r=pg\",\"caption\":\"Kul\"},\"logo\":{\"@id\":\"https:\/\/sandzakpress.net\/arhiva\/#\/schema\/person\/image\/\"}},{\"@type\":\"Person\",\"@id\":\"https:\/\/sandzakpress.net\/arhiva\/#\/schema\/person\/c8baee722073534b583ea7bdb2e36c02\",\"name\":\"bosniak\",\"image\":{\"@type\":\"ImageObject\",\"inLanguage\":\"bs-BA\",\"@id\":\"https:\/\/sandzakpress.net\/arhiva\/#\/schema\/person\/image\/\",\"url\":\"https:\/\/secure.gravatar.com\/avatar\/a04fd330bfe3a36a72a0ad4a6d89fca7?s=96&d=mm&r=pg\",\"contentUrl\":\"https:\/\/secure.gravatar.com\/avatar\/a04fd330bfe3a36a72a0ad4a6d89fca7?s=96&d=mm&r=pg\",\"caption\":\"bosniak\"},\"url\":\"https:\/\/sandzakpress.net\/arhiva\/author\/bosniak\/\"}]}<\/script>\n<!-- \/ Yoast SEO Premium plugin. -->","yoast_head_json":{"title":"Brni\u010danin: Ovog ljeta bez restrikcija vode","robots":{"index":"index","follow":"follow","max-snippet":"max-snippet:-1","max-image-preview":"max-image-preview:large","max-video-preview":"max-video-preview:-1"},"canonical":"https:\/\/sandzakpress.net\/arhiva\/brnicanin-ovog-ljeta-bez-restrikcija-vode\/","og_locale":"bs_BA","og_type":"article","og_title":"Brni\u010danin: Ovog ljeta bez restrikcija vode","og_description":"Novi Pazar &#8211; Snabdevanje Novog Pazara vodom ovog ljeta \u0107e biti znatno bolje i, za razliku od prethodnih godina, ne\u0107e biti restrikcija, rekao je danas radiju Sto plus direktor JKP \u201cVodovod i kanalizacija\u201d Hanefija Brni\u010danin. Tropske temperature zabele\u017eene ovih dana pove\u0107ale su potro\u0161nju vode, pa tako \u017eitelji pojedinih djelova grada tokom ve\u0107eg djela dana uop\u0161te [&hellip;]","og_url":"https:\/\/sandzakpress.net\/arhiva\/brnicanin-ovog-ljeta-bez-restrikcija-vode\/","og_site_name":"Sand\u017eak PRESS","article_published_time":"2013-06-24T21:38:44+00:00","article_modified_time":"2013-06-24T22:16:48+00:00","og_image":[{"width":310,"height":232,"url":"https:\/\/sandzakpress.net\/arhiva\/wp-content\/uploads\/2013\/06\/2d9861f7dfa371a841ce6730b641ed6c_M.jpg","type":"image\/jpeg"}],"author":"bosniak","twitter_card":"summary_large_image","twitter_misc":{"Written by":"bosniak","Est. reading time":"1 minuta"},"schema":{"@context":"https:\/\/schema.org","@graph":[{"@type":"Article","@id":"https:\/\/sandzakpress.net\/arhiva\/brnicanin-ovog-ljeta-bez-restrikcija-vode\/#article","isPartOf":{"@id":"https:\/\/sandzakpress.net\/arhiva\/brnicanin-ovog-ljeta-bez-restrikcija-vode\/"},"author":{"name":"bosniak","@id":"https:\/\/sandzakpress.net\/arhiva\/#\/schema\/person\/c8baee722073534b583ea7bdb2e36c02"},"headline":"Brni\u010danin: Ovog ljeta bez restrikcija vode","datePublished":"2013-06-24T21:38:44+00:00","dateModified":"2013-06-24T22:16:48+00:00","mainEntityOfPage":{"@id":"https:\/\/sandzakpress.net\/arhiva\/brnicanin-ovog-ljeta-bez-restrikcija-vode\/"},"wordCount":299,"commentCount":0,"publisher":{"@id":"https:\/\/sandzakpress.net\/arhiva\/#\/schema\/person\/6e72b67d6e51910a1117b3b483ba20bd"},"image":{"@id":"https:\/\/sandzakpress.net\/arhiva\/brnicanin-ovog-ljeta-bez-restrikcija-vode\/#primaryimage"},"thumbnailUrl":"https:\/\/sandzakpress.net\/arhiva\/wp-content\/uploads\/2013\/06\/2d9861f7dfa371a841ce6730b641ed6c_M.jpg","articleSection":["Novi Pazar","Privreda"],"inLanguage":"bs-BA","potentialAction":[{"@type":"CommentAction","name":"Comment","target":["https:\/\/sandzakpress.net\/arhiva\/brnicanin-ovog-ljeta-bez-restrikcija-vode\/#respond"]}]},{"@type":"WebPage","@id":"https:\/\/sandzakpress.net\/arhiva\/brnicanin-ovog-ljeta-bez-restrikcija-vode\/","url":"https:\/\/sandzakpress.net\/arhiva\/brnicanin-ovog-ljeta-bez-restrikcija-vode\/","name":"Brni\u010danin: Ovog ljeta bez restrikcija vode","isPartOf":{"@id":"https:\/\/sandzakpress.net\/arhiva\/#website"},"primaryImageOfPage":{"@id":"https:\/\/sandzakpress.net\/arhiva\/brnicanin-ovog-ljeta-bez-restrikcija-vode\/#primaryimage"},"image":{"@id":"https:\/\/sandzakpress.net\/arhiva\/brnicanin-ovog-ljeta-bez-restrikcija-vode\/#primaryimage"},"thumbnailUrl":"https:\/\/sandzakpress.net\/arhiva\/wp-content\/uploads\/2013\/06\/2d9861f7dfa371a841ce6730b641ed6c_M.jpg","datePublished":"2013-06-24T21:38:44+00:00","dateModified":"2013-06-24T22:16:48+00:00","breadcrumb":{"@id":"https:\/\/sandzakpress.net\/arhiva\/brnicanin-ovog-ljeta-bez-restrikcija-vode\/#breadcrumb"},"inLanguage":"bs-BA","potentialAction":[{"@type":"ReadAction","target":["https:\/\/sandzakpress.net\/arhiva\/brnicanin-ovog-ljeta-bez-restrikcija-vode\/"]}]},{"@type":"ImageObject","inLanguage":"bs-BA","@id":"https:\/\/sandzakpress.net\/arhiva\/brnicanin-ovog-ljeta-bez-restrikcija-vode\/#primaryimage","url":"https:\/\/sandzakpress.net\/arhiva\/wp-content\/uploads\/2013\/06\/2d9861f7dfa371a841ce6730b641ed6c_M.jpg","contentUrl":"https:\/\/sandzakpress.net\/arhiva\/wp-content\/uploads\/2013\/06\/2d9861f7dfa371a841ce6730b641ed6c_M.jpg","width":310,"height":232},{"@type":"BreadcrumbList","@id":"https:\/\/sandzakpress.net\/arhiva\/brnicanin-ovog-ljeta-bez-restrikcija-vode\/#breadcrumb","itemListElement":[{"@type":"ListItem","position":1,"name":"Home","item":"https:\/\/sandzakpress.net\/arhiva\/"},{"@type":"ListItem","position":2,"name":"Brni\u010danin: Ovog ljeta bez restrikcija vode"}]},{"@type":"WebSite","@id":"https:\/\/sandzakpress.net\/arhiva\/#website","url":"https:\/\/sandzakpress.net\/arhiva\/","name":"Sand\u017eak PRESS","description":"Prve elektronske novine u Sand\u017eaku","publisher":{"@id":"https:\/\/sandzakpress.net\/arhiva\/#\/schema\/person\/6e72b67d6e51910a1117b3b483ba20bd"},"potentialAction":[{"@type":"SearchAction","target":{"@type":"EntryPoint","urlTemplate":"https:\/\/sandzakpress.net\/arhiva\/?s={search_term_string}"},"query-input":{"@type":"PropertyValueSpecification","valueRequired":true,"valueName":"search_term_string"}}],"inLanguage":"bs-BA"},{"@type":["Person","Organization"],"@id":"https:\/\/sandzakpress.net\/arhiva\/#\/schema\/person\/6e72b67d6e51910a1117b3b483ba20bd","name":"Kul","image":{"@type":"ImageObject","inLanguage":"bs-BA","@id":"https:\/\/sandzakpress.net\/arhiva\/#\/schema\/person\/image\/","url":"https:\/\/secure.gravatar.com\/avatar\/42263f39aa27ac04c43cab85c280eb2e?s=96&d=mm&r=pg","contentUrl":"https:\/\/secure.gravatar.com\/avatar\/42263f39aa27ac04c43cab85c280eb2e?s=96&d=mm&r=pg","caption":"Kul"},"logo":{"@id":"https:\/\/sandzakpress.net\/arhiva\/#\/schema\/person\/image\/"}},{"@type":"Person","@id":"https:\/\/sandzakpress.net\/arhiva\/#\/schema\/person\/c8baee722073534b583ea7bdb2e36c02","name":"bosniak","image":{"@type":"ImageObject","inLanguage":"bs-BA","@id":"https:\/\/sandzakpress.net\/arhiva\/#\/schema\/person\/image\/","url":"https:\/\/secure.gravatar.com\/avatar\/a04fd330bfe3a36a72a0ad4a6d89fca7?s=96&d=mm&r=pg","contentUrl":"https:\/\/secure.gravatar.com\/avatar\/a04fd330bfe3a36a72a0ad4a6d89fca7?s=96&d=mm&r=pg","caption":"bosniak"},"url":"https:\/\/sandzakpress.net\/arhiva\/author\/bosniak\/"}]}},"_links":{"self":[{"href":"https:\/\/sandzakpress.net\/arhiva\/wp-json\/wp\/v2\/posts\/79974"}],"collection":[{"href":"https:\/\/sandzakpress.net\/arhiva\/wp-json\/wp\/v2\/posts"}],"about":[{"href":"https:\/\/sandzakpress.net\/arhiva\/wp-json\/wp\/v2\/types\/post"}],"author":[{"embeddable":true,"href":"https:\/\/sandzakpress.net\/arhiva\/wp-json\/wp\/v2\/users\/83"}],"replies":[{"embeddable":true,"href":"https:\/\/sandzakpress.net\/arhiva\/wp-json\/wp\/v2\/comments?post=79974"}],"version-history":[{"count":0,"href":"https:\/\/sandzakpress.net\/arhiva\/wp-json\/wp\/v2\/posts\/79974\/revisions"}],"wp:featuredmedia":[{"embeddable":true,"href":"https:\/\/sandzakpress.net\/arhiva\/wp-json\/wp\/v2\/media\/79975"}],"wp:attachment":[{"href":"https:\/\/sandzakpress.net\/arhiva\/wp-json\/wp\/v2\/media?parent=79974"}],"wp:term":[{"taxonomy":"category","embeddable":true,"href":"https:\/\/sandzakpress.net\/arhiva\/wp-json\/wp\/v2\/categories?post=79974"},{"taxonomy":"post_tag","embeddable":true,"href":"https:\/\/sandzakpress.net\/arhiva\/wp-json\/wp\/v2\/tags?post=79974"}],"curies":[{"name":"wp","href":"https:\/\/api.w.org\/{rel}","templated":true}]}}