{"id":79786,"date":"2013-06-23T00:09:25","date_gmt":"2013-06-22T22:09:25","guid":{"rendered":"https:\/\/sandzakpress.net\/arhiva\/?p=79786"},"modified":"2013-06-23T00:09:25","modified_gmt":"2013-06-22T22:09:25","slug":"pljevlja-se-zaduzuju-pola-miliona-eura","status":"publish","type":"post","link":"https:\/\/sandzakpress.net\/arhiva\/pljevlja-se-zaduzuju-pola-miliona-eura\/","title":{"rendered":"Pljevlja se zadu\u017euju pola miliona eura"},"content":{"rendered":"<p style=\"margin: 0px; padding: 0px 0px 15px; border: 0px; font-size: 15px; color: #000000; font-family: Arial, Helvetica, sans-serif; font-style: normal; font-variant: normal; font-weight: normal; letter-spacing: normal; line-height: 18px; orphans: auto; text-indent: 0px; text-transform: none; white-space: normal; widows: auto; word-spacing: 0px; -webkit-text-stroke-width: 0px; background-color: #eeeeee; text-align: justify;\"><strong><a href=\"https:\/\/sandzakpress.net\/arhiva\/wp-content\/uploads\/2013\/06\/Pljevlja.jpg\"><img loading=\"lazy\" decoding=\"async\" class=\"size-medium wp-image-79787 alignleft\" title=\"Pljevlja\" src=\"https:\/\/sandzakpress.net\/arhiva\/wp-content\/uploads\/2013\/06\/Pljevlja-300x225.jpg\" alt=\"\" width=\"236\" height=\"177\" \/><\/a>Pljevlja &#8211; <\/strong><strong><span style=\"color: #000000; font-family: Arial, Helvetica, sans-serif; font-size: 17px; font-style: normal; font-variant: normal; font-weight: normal; letter-spacing: normal; line-height: 25px; orphans: auto; text-align: start; text-indent: 0px; text-transform: none; white-space: normal; widows: auto; word-spacing: 0px; -webkit-text-stroke-width: 0px; background-color: #eeeeee; display: inline !important; float: none;\"><strong>Op\u0161tina Pljevlja, zbog finansijskih problema i &#8220;prazne&#8221; kase, primorana je da uzme bankarsku pozajmicu, a kona\u010dnu rije\u010d o tome da\u0107e odbornici na sjednici 24.<\/strong> <strong>juna<\/strong><\/span><\/strong><\/p>\n<p style=\"margin: 0px; padding: 0px 0px 15px; border: 0px; font-size: 15px; color: #000000; font-family: Arial, Helvetica, sans-serif; font-style: normal; font-variant: normal; font-weight: normal; letter-spacing: normal; line-height: 18px; orphans: auto; text-indent: 0px; text-transform: none; white-space: normal; widows: auto; word-spacing: 0px; -webkit-text-stroke-width: 0px; background-color: #eeeeee; text-align: justify;\"><strong>&#8220;<\/strong>Novosti&#8221; pi\u0161u da je visok nivo dospjelih obaveza iz teku\u0107eg i kapitalnog dijela Bud\u017eeta zbog neostvarivanja planiranih prihoda i drugih primanja uslovio potrebu za zadu\u017eivanjem najsjevernijeg crnogorskog grada u visini od 500.000 eura.<\/p>\n<p style=\"margin: 0px; padding: 0px 0px 15px; border: 0px; font-size: 15px; color: #000000; font-family: Arial, Helvetica, sans-serif; font-style: normal; font-variant: normal; font-weight: normal; letter-spacing: normal; line-height: 18px; orphans: auto; text-indent: 0px; text-transform: none; white-space: normal; widows: auto; word-spacing: 0px; -webkit-text-stroke-width: 0px; background-color: #eeeeee; text-align: justify;\"><span style=\"margin: 0px; padding: 0px;\">Odbornici Skup\u0161tine op\u0161tine na sjednici lokalnog parlamenta zakazanoj za 24. jun da\u0107e kona\u010dnu rije\u010d o novom zadu\u017eenju. Pretpostavlja se da \u0107e predlog izvr\u0161ne vlasti biti prihva\u0107en jer je, kako je obja\u0161njeno, potrebno platiti prispjele dugove.<\/span><\/p>\n<p style=\"margin: 0px; padding: 0px 0px 15px; border: 0px; font-size: 15px; color: #000000; font-family: Arial, Helvetica, sans-serif; font-style: normal; font-variant: normal; font-weight: normal; letter-spacing: normal; line-height: 18px; orphans: auto; text-indent: 0px; text-transform: none; white-space: normal; widows: auto; word-spacing: 0px; -webkit-text-stroke-width: 0px; background-color: #eeeeee; text-align: justify;\">Sredstva iz kredita iskoristila bi se za izmirivanje obaveza iz kapitalnog dijela bud\u017eeta. Sredstva za otplatu kredita obezbijedila bi se iz Bud\u017eeta op\u0161tine Pljevlja.<\/p>\n<p style=\"margin: 0px; padding: 0px 0px 15px; border: 0px; font-size: 15px; color: #000000; font-family: Arial, Helvetica, sans-serif; font-style: normal; font-variant: normal; font-weight: normal; letter-spacing: normal; line-height: 18px; orphans: auto; text-indent: 0px; text-transform: none; white-space: normal; widows: auto; word-spacing: 0px; -webkit-text-stroke-width: 0px; background-color: #eeeeee; text-align: justify;\">Pored ovog dugoro\u010dnog zadu\u017eenja, odbornici SO Pljevlja na pomenutoj sjednici odlu\u010di\u0107e i da li \u0107e se op\u0161tina i kratkoro\u010dno zadu\u017eiti. Prema toj odluci, trebalo bi da uzme kredit kod Atlas banke u visini od 18.000 eura. Kredit se uzima radi izmirivanja obaveza iz bud\u017eeta op\u0161tine prema JP za odr\u017eavanje i za\u0161titu lokalnih puteva &#8220;Pljevlja&#8221;, radi teku\u0107e likvidnosti. Na ovaj na\u010din bi se op\u0161tina kreditno zadu\u017eila na 60 dana.<\/p>\n<p style=\"margin: 0px; padding: 0px 0px 15px; border: 0px; font-size: 15px; color: #000000; font-family: Arial, Helvetica, sans-serif; font-style: normal; font-variant: normal; font-weight: normal; letter-spacing: normal; line-height: 18px; orphans: auto; text-indent: 0px; text-transform: none; white-space: normal; widows: auto; word-spacing: 0px; -webkit-text-stroke-width: 0px; background-color: #eeeeee; text-align: justify;\">Pored ovog kredita, SO Pljevlja treba da potvrdi odluku s kojom bi se kao jemac-platilac obavezala kod Atlas banke a.d. Podgorica da \u0107e izmiriti obaveze &#8220;Tehnogradnje&#8221; d.o.o Pljevlja po osnovu kratkoro\u010dnog kredita od 80.000 eura, ako du\u017enik po istom ne izmiri obaveze.<\/p>\n<p style=\"margin: 0px; padding: 0px 0px 15px; border: 0px; font-size: 15px; color: #000000; font-family: Arial, Helvetica, sans-serif; font-style: normal; font-variant: normal; font-weight: normal; letter-spacing: normal; line-height: 18px; orphans: auto; text-indent: 0px; text-transform: none; white-space: normal; widows: auto; word-spacing: 0px; -webkit-text-stroke-width: 0px; background-color: #eeeeee; text-align: justify;\">Do kraja maja, u lokalni bud\u017eet slilo se svega 2,8 miliona od planiranih 16.443.000 eura.<\/p>\n<p style=\"margin: 0px; padding: 0px 0px 15px; border: 0px; font-size: 15px; color: #000000; font-family: Arial, Helvetica, sans-serif; font-style: normal; font-variant: normal; font-weight: normal; letter-spacing: normal; line-height: 18px; orphans: auto; text-indent: 0px; text-transform: none; white-space: normal; widows: auto; word-spacing: 0px; -webkit-text-stroke-width: 0px; background-color: #eeeeee; text-align: justify;\">&#8220;U ovih 2,8 miliona ulazi 850.000 eura kredita, \u0161to zna\u010di da je prihodovano \u010disto samo dva miliona&#8221;, saop\u0161tio je nedavno Velimir Drobnjak, \u010dlan lokalnog skup\u0161tinskog odbora za finansije.<\/p>\n<p style=\"margin: 0px; padding: 0px 0px 15px; border: 0px; font-size: 15px; color: #000000; font-family: Arial, Helvetica, sans-serif; font-style: normal; font-variant: normal; font-weight: normal; letter-spacing: normal; line-height: 18px; orphans: auto; text-indent: 0px; text-transform: none; white-space: normal; widows: auto; word-spacing: 0px; -webkit-text-stroke-width: 0px; background-color: #eeeeee; text-align: justify;\">(rtcg.me)<\/p>\n","protected":false},"excerpt":{"rendered":"<p>Pljevlja &#8211; Op\u0161tina Pljevlja, zbog finansijskih problema i &#8220;prazne&#8221; kase, primorana je da uzme bankarsku pozajmicu, a kona\u010dnu rije\u010d o tome da\u0107e odbornici na sjednici 24. juna &#8220;Novosti&#8221; pi\u0161u da je visok nivo dospjelih obaveza iz teku\u0107eg i kapitalnog dijela Bud\u017eeta zbog neostvarivanja planiranih prihoda i drugih primanja uslovio potrebu za zadu\u017eivanjem najsjevernijeg crnogorskog grada [&hellip;]<\/p>\n","protected":false},"author":83,"featured_media":79787,"comment_status":"open","ping_status":"open","sticky":false,"template":"","format":"standard","meta":{"footnotes":""},"categories":[1,395],"tags":[],"class_list":{"0":"post-79786","1":"post","2":"type-post","3":"status-publish","4":"format-standard","5":"has-post-thumbnail","7":"category-politika","8":"category-pljevlja_"},"yoast_head":"<!-- This site is optimized with the Yoast SEO Premium plugin v23.1 (Yoast SEO v24.9) - https:\/\/yoast.com\/wordpress\/plugins\/seo\/ -->\n<title>Pljevlja se zadu\u017euju pola miliona eura<\/title>\n<meta name=\"robots\" content=\"index, follow, max-snippet:-1, max-image-preview:large, max-video-preview:-1\" \/>\n<link rel=\"canonical\" href=\"https:\/\/sandzakpress.net\/arhiva\/pljevlja-se-zaduzuju-pola-miliona-eura\/\" \/>\n<meta property=\"og:locale\" content=\"bs_BA\" \/>\n<meta property=\"og:type\" content=\"article\" \/>\n<meta property=\"og:title\" content=\"Pljevlja se zadu\u017euju pola miliona eura\" \/>\n<meta property=\"og:description\" content=\"Pljevlja &#8211; Op\u0161tina Pljevlja, zbog finansijskih problema i &#8220;prazne&#8221; kase, primorana je da uzme bankarsku pozajmicu, a kona\u010dnu rije\u010d o tome da\u0107e odbornici na sjednici 24. juna &#8220;Novosti&#8221; pi\u0161u da je visok nivo dospjelih obaveza iz teku\u0107eg i kapitalnog dijela Bud\u017eeta zbog neostvarivanja planiranih prihoda i drugih primanja uslovio potrebu za zadu\u017eivanjem najsjevernijeg crnogorskog grada [&hellip;]\" \/>\n<meta property=\"og:url\" content=\"https:\/\/sandzakpress.net\/arhiva\/pljevlja-se-zaduzuju-pola-miliona-eura\/\" \/>\n<meta property=\"og:site_name\" content=\"Sand\u017eak PRESS\" \/>\n<meta property=\"article:published_time\" content=\"2013-06-22T22:09:25+00:00\" \/>\n<meta property=\"og:image\" content=\"https:\/\/sandzakpress.net\/arhiva\/wp-content\/uploads\/2013\/06\/Pljevlja.jpg\" \/>\n\t<meta property=\"og:image:width\" content=\"450\" \/>\n\t<meta property=\"og:image:height\" content=\"338\" \/>\n\t<meta property=\"og:image:type\" content=\"image\/jpeg\" \/>\n<meta name=\"author\" content=\"bosniak\" \/>\n<meta name=\"twitter:card\" content=\"summary_large_image\" \/>\n<meta name=\"twitter:label1\" content=\"Written by\" \/>\n\t<meta name=\"twitter:data1\" content=\"bosniak\" \/>\n\t<meta name=\"twitter:label2\" content=\"Est. reading time\" \/>\n\t<meta name=\"twitter:data2\" content=\"2 minute\" \/>\n<script type=\"application\/ld+json\" class=\"yoast-schema-graph\">{\"@context\":\"https:\/\/schema.org\",\"@graph\":[{\"@type\":\"Article\",\"@id\":\"https:\/\/sandzakpress.net\/arhiva\/pljevlja-se-zaduzuju-pola-miliona-eura\/#article\",\"isPartOf\":{\"@id\":\"https:\/\/sandzakpress.net\/arhiva\/pljevlja-se-zaduzuju-pola-miliona-eura\/\"},\"author\":{\"name\":\"bosniak\",\"@id\":\"https:\/\/sandzakpress.net\/arhiva\/#\/schema\/person\/c8baee722073534b583ea7bdb2e36c02\"},\"headline\":\"Pljevlja se zadu\u017euju pola miliona eura\",\"datePublished\":\"2013-06-22T22:09:25+00:00\",\"mainEntityOfPage\":{\"@id\":\"https:\/\/sandzakpress.net\/arhiva\/pljevlja-se-zaduzuju-pola-miliona-eura\/\"},\"wordCount\":313,\"commentCount\":0,\"publisher\":{\"@id\":\"https:\/\/sandzakpress.net\/arhiva\/#\/schema\/person\/6e72b67d6e51910a1117b3b483ba20bd\"},\"image\":{\"@id\":\"https:\/\/sandzakpress.net\/arhiva\/pljevlja-se-zaduzuju-pola-miliona-eura\/#primaryimage\"},\"thumbnailUrl\":\"https:\/\/sandzakpress.net\/arhiva\/wp-content\/uploads\/2013\/06\/Pljevlja.jpg\",\"articleSection\":[\"Politika\",\"Pljevlja\"],\"inLanguage\":\"bs-BA\",\"potentialAction\":[{\"@type\":\"CommentAction\",\"name\":\"Comment\",\"target\":[\"https:\/\/sandzakpress.net\/arhiva\/pljevlja-se-zaduzuju-pola-miliona-eura\/#respond\"]}]},{\"@type\":\"WebPage\",\"@id\":\"https:\/\/sandzakpress.net\/arhiva\/pljevlja-se-zaduzuju-pola-miliona-eura\/\",\"url\":\"https:\/\/sandzakpress.net\/arhiva\/pljevlja-se-zaduzuju-pola-miliona-eura\/\",\"name\":\"Pljevlja se zadu\u017euju pola miliona eura\",\"isPartOf\":{\"@id\":\"https:\/\/sandzakpress.net\/arhiva\/#website\"},\"primaryImageOfPage\":{\"@id\":\"https:\/\/sandzakpress.net\/arhiva\/pljevlja-se-zaduzuju-pola-miliona-eura\/#primaryimage\"},\"image\":{\"@id\":\"https:\/\/sandzakpress.net\/arhiva\/pljevlja-se-zaduzuju-pola-miliona-eura\/#primaryimage\"},\"thumbnailUrl\":\"https:\/\/sandzakpress.net\/arhiva\/wp-content\/uploads\/2013\/06\/Pljevlja.jpg\",\"datePublished\":\"2013-06-22T22:09:25+00:00\",\"breadcrumb\":{\"@id\":\"https:\/\/sandzakpress.net\/arhiva\/pljevlja-se-zaduzuju-pola-miliona-eura\/#breadcrumb\"},\"inLanguage\":\"bs-BA\",\"potentialAction\":[{\"@type\":\"ReadAction\",\"target\":[\"https:\/\/sandzakpress.net\/arhiva\/pljevlja-se-zaduzuju-pola-miliona-eura\/\"]}]},{\"@type\":\"ImageObject\",\"inLanguage\":\"bs-BA\",\"@id\":\"https:\/\/sandzakpress.net\/arhiva\/pljevlja-se-zaduzuju-pola-miliona-eura\/#primaryimage\",\"url\":\"https:\/\/sandzakpress.net\/arhiva\/wp-content\/uploads\/2013\/06\/Pljevlja.jpg\",\"contentUrl\":\"https:\/\/sandzakpress.net\/arhiva\/wp-content\/uploads\/2013\/06\/Pljevlja.jpg\",\"width\":450,\"height\":338},{\"@type\":\"BreadcrumbList\",\"@id\":\"https:\/\/sandzakpress.net\/arhiva\/pljevlja-se-zaduzuju-pola-miliona-eura\/#breadcrumb\",\"itemListElement\":[{\"@type\":\"ListItem\",\"position\":1,\"name\":\"Home\",\"item\":\"https:\/\/sandzakpress.net\/arhiva\/\"},{\"@type\":\"ListItem\",\"position\":2,\"name\":\"Pljevlja se zadu\u017euju pola miliona eura\"}]},{\"@type\":\"WebSite\",\"@id\":\"https:\/\/sandzakpress.net\/arhiva\/#website\",\"url\":\"https:\/\/sandzakpress.net\/arhiva\/\",\"name\":\"Sand\u017eak PRESS\",\"description\":\"Prve elektronske novine u Sand\u017eaku\",\"publisher\":{\"@id\":\"https:\/\/sandzakpress.net\/arhiva\/#\/schema\/person\/6e72b67d6e51910a1117b3b483ba20bd\"},\"potentialAction\":[{\"@type\":\"SearchAction\",\"target\":{\"@type\":\"EntryPoint\",\"urlTemplate\":\"https:\/\/sandzakpress.net\/arhiva\/?s={search_term_string}\"},\"query-input\":{\"@type\":\"PropertyValueSpecification\",\"valueRequired\":true,\"valueName\":\"search_term_string\"}}],\"inLanguage\":\"bs-BA\"},{\"@type\":[\"Person\",\"Organization\"],\"@id\":\"https:\/\/sandzakpress.net\/arhiva\/#\/schema\/person\/6e72b67d6e51910a1117b3b483ba20bd\",\"name\":\"Kul\",\"image\":{\"@type\":\"ImageObject\",\"inLanguage\":\"bs-BA\",\"@id\":\"https:\/\/sandzakpress.net\/arhiva\/#\/schema\/person\/image\/\",\"url\":\"https:\/\/secure.gravatar.com\/avatar\/42263f39aa27ac04c43cab85c280eb2e?s=96&d=mm&r=pg\",\"contentUrl\":\"https:\/\/secure.gravatar.com\/avatar\/42263f39aa27ac04c43cab85c280eb2e?s=96&d=mm&r=pg\",\"caption\":\"Kul\"},\"logo\":{\"@id\":\"https:\/\/sandzakpress.net\/arhiva\/#\/schema\/person\/image\/\"}},{\"@type\":\"Person\",\"@id\":\"https:\/\/sandzakpress.net\/arhiva\/#\/schema\/person\/c8baee722073534b583ea7bdb2e36c02\",\"name\":\"bosniak\",\"image\":{\"@type\":\"ImageObject\",\"inLanguage\":\"bs-BA\",\"@id\":\"https:\/\/sandzakpress.net\/arhiva\/#\/schema\/person\/image\/\",\"url\":\"https:\/\/secure.gravatar.com\/avatar\/a04fd330bfe3a36a72a0ad4a6d89fca7?s=96&d=mm&r=pg\",\"contentUrl\":\"https:\/\/secure.gravatar.com\/avatar\/a04fd330bfe3a36a72a0ad4a6d89fca7?s=96&d=mm&r=pg\",\"caption\":\"bosniak\"},\"url\":\"https:\/\/sandzakpress.net\/arhiva\/author\/bosniak\/\"}]}<\/script>\n<!-- \/ Yoast SEO Premium plugin. -->","yoast_head_json":{"title":"Pljevlja se zadu\u017euju pola miliona eura","robots":{"index":"index","follow":"follow","max-snippet":"max-snippet:-1","max-image-preview":"max-image-preview:large","max-video-preview":"max-video-preview:-1"},"canonical":"https:\/\/sandzakpress.net\/arhiva\/pljevlja-se-zaduzuju-pola-miliona-eura\/","og_locale":"bs_BA","og_type":"article","og_title":"Pljevlja se zadu\u017euju pola miliona eura","og_description":"Pljevlja &#8211; Op\u0161tina Pljevlja, zbog finansijskih problema i &#8220;prazne&#8221; kase, primorana je da uzme bankarsku pozajmicu, a kona\u010dnu rije\u010d o tome da\u0107e odbornici na sjednici 24. juna &#8220;Novosti&#8221; pi\u0161u da je visok nivo dospjelih obaveza iz teku\u0107eg i kapitalnog dijela Bud\u017eeta zbog neostvarivanja planiranih prihoda i drugih primanja uslovio potrebu za zadu\u017eivanjem najsjevernijeg crnogorskog grada [&hellip;]","og_url":"https:\/\/sandzakpress.net\/arhiva\/pljevlja-se-zaduzuju-pola-miliona-eura\/","og_site_name":"Sand\u017eak PRESS","article_published_time":"2013-06-22T22:09:25+00:00","og_image":[{"width":450,"height":338,"url":"https:\/\/sandzakpress.net\/arhiva\/wp-content\/uploads\/2013\/06\/Pljevlja.jpg","type":"image\/jpeg"}],"author":"bosniak","twitter_card":"summary_large_image","twitter_misc":{"Written by":"bosniak","Est. reading time":"2 minute"},"schema":{"@context":"https:\/\/schema.org","@graph":[{"@type":"Article","@id":"https:\/\/sandzakpress.net\/arhiva\/pljevlja-se-zaduzuju-pola-miliona-eura\/#article","isPartOf":{"@id":"https:\/\/sandzakpress.net\/arhiva\/pljevlja-se-zaduzuju-pola-miliona-eura\/"},"author":{"name":"bosniak","@id":"https:\/\/sandzakpress.net\/arhiva\/#\/schema\/person\/c8baee722073534b583ea7bdb2e36c02"},"headline":"Pljevlja se zadu\u017euju pola miliona eura","datePublished":"2013-06-22T22:09:25+00:00","mainEntityOfPage":{"@id":"https:\/\/sandzakpress.net\/arhiva\/pljevlja-se-zaduzuju-pola-miliona-eura\/"},"wordCount":313,"commentCount":0,"publisher":{"@id":"https:\/\/sandzakpress.net\/arhiva\/#\/schema\/person\/6e72b67d6e51910a1117b3b483ba20bd"},"image":{"@id":"https:\/\/sandzakpress.net\/arhiva\/pljevlja-se-zaduzuju-pola-miliona-eura\/#primaryimage"},"thumbnailUrl":"https:\/\/sandzakpress.net\/arhiva\/wp-content\/uploads\/2013\/06\/Pljevlja.jpg","articleSection":["Politika","Pljevlja"],"inLanguage":"bs-BA","potentialAction":[{"@type":"CommentAction","name":"Comment","target":["https:\/\/sandzakpress.net\/arhiva\/pljevlja-se-zaduzuju-pola-miliona-eura\/#respond"]}]},{"@type":"WebPage","@id":"https:\/\/sandzakpress.net\/arhiva\/pljevlja-se-zaduzuju-pola-miliona-eura\/","url":"https:\/\/sandzakpress.net\/arhiva\/pljevlja-se-zaduzuju-pola-miliona-eura\/","name":"Pljevlja se zadu\u017euju pola miliona eura","isPartOf":{"@id":"https:\/\/sandzakpress.net\/arhiva\/#website"},"primaryImageOfPage":{"@id":"https:\/\/sandzakpress.net\/arhiva\/pljevlja-se-zaduzuju-pola-miliona-eura\/#primaryimage"},"image":{"@id":"https:\/\/sandzakpress.net\/arhiva\/pljevlja-se-zaduzuju-pola-miliona-eura\/#primaryimage"},"thumbnailUrl":"https:\/\/sandzakpress.net\/arhiva\/wp-content\/uploads\/2013\/06\/Pljevlja.jpg","datePublished":"2013-06-22T22:09:25+00:00","breadcrumb":{"@id":"https:\/\/sandzakpress.net\/arhiva\/pljevlja-se-zaduzuju-pola-miliona-eura\/#breadcrumb"},"inLanguage":"bs-BA","potentialAction":[{"@type":"ReadAction","target":["https:\/\/sandzakpress.net\/arhiva\/pljevlja-se-zaduzuju-pola-miliona-eura\/"]}]},{"@type":"ImageObject","inLanguage":"bs-BA","@id":"https:\/\/sandzakpress.net\/arhiva\/pljevlja-se-zaduzuju-pola-miliona-eura\/#primaryimage","url":"https:\/\/sandzakpress.net\/arhiva\/wp-content\/uploads\/2013\/06\/Pljevlja.jpg","contentUrl":"https:\/\/sandzakpress.net\/arhiva\/wp-content\/uploads\/2013\/06\/Pljevlja.jpg","width":450,"height":338},{"@type":"BreadcrumbList","@id":"https:\/\/sandzakpress.net\/arhiva\/pljevlja-se-zaduzuju-pola-miliona-eura\/#breadcrumb","itemListElement":[{"@type":"ListItem","position":1,"name":"Home","item":"https:\/\/sandzakpress.net\/arhiva\/"},{"@type":"ListItem","position":2,"name":"Pljevlja se zadu\u017euju pola miliona eura"}]},{"@type":"WebSite","@id":"https:\/\/sandzakpress.net\/arhiva\/#website","url":"https:\/\/sandzakpress.net\/arhiva\/","name":"Sand\u017eak PRESS","description":"Prve elektronske novine u Sand\u017eaku","publisher":{"@id":"https:\/\/sandzakpress.net\/arhiva\/#\/schema\/person\/6e72b67d6e51910a1117b3b483ba20bd"},"potentialAction":[{"@type":"SearchAction","target":{"@type":"EntryPoint","urlTemplate":"https:\/\/sandzakpress.net\/arhiva\/?s={search_term_string}"},"query-input":{"@type":"PropertyValueSpecification","valueRequired":true,"valueName":"search_term_string"}}],"inLanguage":"bs-BA"},{"@type":["Person","Organization"],"@id":"https:\/\/sandzakpress.net\/arhiva\/#\/schema\/person\/6e72b67d6e51910a1117b3b483ba20bd","name":"Kul","image":{"@type":"ImageObject","inLanguage":"bs-BA","@id":"https:\/\/sandzakpress.net\/arhiva\/#\/schema\/person\/image\/","url":"https:\/\/secure.gravatar.com\/avatar\/42263f39aa27ac04c43cab85c280eb2e?s=96&d=mm&r=pg","contentUrl":"https:\/\/secure.gravatar.com\/avatar\/42263f39aa27ac04c43cab85c280eb2e?s=96&d=mm&r=pg","caption":"Kul"},"logo":{"@id":"https:\/\/sandzakpress.net\/arhiva\/#\/schema\/person\/image\/"}},{"@type":"Person","@id":"https:\/\/sandzakpress.net\/arhiva\/#\/schema\/person\/c8baee722073534b583ea7bdb2e36c02","name":"bosniak","image":{"@type":"ImageObject","inLanguage":"bs-BA","@id":"https:\/\/sandzakpress.net\/arhiva\/#\/schema\/person\/image\/","url":"https:\/\/secure.gravatar.com\/avatar\/a04fd330bfe3a36a72a0ad4a6d89fca7?s=96&d=mm&r=pg","contentUrl":"https:\/\/secure.gravatar.com\/avatar\/a04fd330bfe3a36a72a0ad4a6d89fca7?s=96&d=mm&r=pg","caption":"bosniak"},"url":"https:\/\/sandzakpress.net\/arhiva\/author\/bosniak\/"}]}},"_links":{"self":[{"href":"https:\/\/sandzakpress.net\/arhiva\/wp-json\/wp\/v2\/posts\/79786"}],"collection":[{"href":"https:\/\/sandzakpress.net\/arhiva\/wp-json\/wp\/v2\/posts"}],"about":[{"href":"https:\/\/sandzakpress.net\/arhiva\/wp-json\/wp\/v2\/types\/post"}],"author":[{"embeddable":true,"href":"https:\/\/sandzakpress.net\/arhiva\/wp-json\/wp\/v2\/users\/83"}],"replies":[{"embeddable":true,"href":"https:\/\/sandzakpress.net\/arhiva\/wp-json\/wp\/v2\/comments?post=79786"}],"version-history":[{"count":0,"href":"https:\/\/sandzakpress.net\/arhiva\/wp-json\/wp\/v2\/posts\/79786\/revisions"}],"wp:featuredmedia":[{"embeddable":true,"href":"https:\/\/sandzakpress.net\/arhiva\/wp-json\/wp\/v2\/media\/79787"}],"wp:attachment":[{"href":"https:\/\/sandzakpress.net\/arhiva\/wp-json\/wp\/v2\/media?parent=79786"}],"wp:term":[{"taxonomy":"category","embeddable":true,"href":"https:\/\/sandzakpress.net\/arhiva\/wp-json\/wp\/v2\/categories?post=79786"},{"taxonomy":"post_tag","embeddable":true,"href":"https:\/\/sandzakpress.net\/arhiva\/wp-json\/wp\/v2\/tags?post=79786"}],"curies":[{"name":"wp","href":"https:\/\/api.w.org\/{rel}","templated":true}]}}