{"id":79516,"date":"2013-06-19T18:52:59","date_gmt":"2013-06-19T16:52:59","guid":{"rendered":"https:\/\/sandzakpress.net\/arhiva\/?p=79516"},"modified":"2013-06-19T18:52:59","modified_gmt":"2013-06-19T16:52:59","slug":"susret-zena-u-dzematu-uhingen","status":"publish","type":"post","link":"https:\/\/sandzakpress.net\/arhiva\/susret-zena-u-dzematu-uhingen\/","title":{"rendered":"Susret \u017eena u d\u017eematu Uhingen"},"content":{"rendered":"<p style=\"border: 0px; font-family: Arial, Helvetica, sans-serif; font-size: 12px; font-style: normal; font-weight: normal; margin: 0px 0px 10px; outline: 0px; padding: 0px; vertical-align: baseline; color: #333333; font-variant: normal; letter-spacing: normal; line-height: 20px; orphans: auto; text-indent: 0px; text-transform: none; white-space: normal; widows: auto; word-spacing: 0px; -webkit-text-stroke-width: 0px; background-color: #ffffff; text-align: justify;\"><strong><a href=\"https:\/\/sandzakpress.net\/arhiva\/wp-content\/uploads\/2013\/06\/Foto-susret-zena.jpg\"><img loading=\"lazy\" decoding=\"async\" class=\"alignleft size-medium wp-image-79517\" title=\"Foto-susret-zena\" src=\"https:\/\/sandzakpress.net\/arhiva\/wp-content\/uploads\/2013\/06\/Foto-susret-zena-300x224.jpg\" alt=\"\" width=\"300\" height=\"224\" srcset=\"https:\/\/sandzakpress.net\/arhiva\/wp-content\/uploads\/2013\/06\/Foto-susret-zena-300x224.jpg 300w, https:\/\/sandzakpress.net\/arhiva\/wp-content\/uploads\/2013\/06\/Foto-susret-zena.jpg 700w\" sizes=\"(max-width: 300px) 100vw, 300px\" \/><\/a>Njema\u010dka &#8211; U nedelju 7.\u0161abana 1434.\/ 16.06.2013.organizovan je prvi susret \u017eena u d\u017eematu Uhingen. Tema ovogodi\u0161njeg susreta bila je\u00a0 \u201eBosanskohercegov\u010dke \u017eene o \u017eivotu i radu\u00a0 pod mahramom u Njema\u010dkoj<\/strong>\u201c.<\/p>\n<p style=\"border: 0px; font-family: Arial, Helvetica, sans-serif; font-size: 12px; font-style: normal; font-weight: normal; margin: 0px 0px 10px; outline: 0px; padding: 0px; vertical-align: baseline; color: #333333; font-variant: normal; letter-spacing: normal; line-height: 20px; orphans: auto; text-indent: 0px; text-transform: none; white-space: normal; widows: auto; word-spacing: 0px; -webkit-text-stroke-width: 0px; background-color: #ffffff; text-align: center;\">\n<p style=\"border: 0px; font-family: Arial, Helvetica, sans-serif; font-size: 12px; font-style: normal; font-weight: normal; margin: 0px 0px 10px; outline: 0px; padding: 0px; vertical-align: baseline; color: #333333; font-variant: normal; letter-spacing: normal; line-height: 20px; orphans: auto; text-indent: 0px; text-transform: none; white-space: normal; widows: auto; word-spacing: 0px; -webkit-text-stroke-width: 0px; background-color: #ffffff; text-align: justify;\">Ovo je ujedno bila i prilika da se o\u017eive tradicionalne posjete dzemata me\u0111usobno, s tim\u00a0 da su se\u00a0 na ovaj skup odazvale sestre iz dzemata Kirchheim, Stuttgart i Sindelfingen.<\/p>\n<p style=\"border: 0px; font-family: Arial, Helvetica, sans-serif; font-size: 12px; font-style: normal; font-weight: normal; margin: 0px 0px 10px; outline: 0px; padding: 0px; vertical-align: baseline; color: #333333; font-variant: normal; letter-spacing: normal; line-height: 20px; orphans: auto; text-indent: 0px; text-transform: none; white-space: normal; widows: auto; word-spacing: 0px; -webkit-text-stroke-width: 0px; background-color: #ffffff; text-align: justify;\">Nakon prou\u010denog odlomka\u00a0 iz Kur'ana uvodnu rije\u010d\u00a0 kao doma\u0107in odr\u017eala\u00a0 je\u00a0 Azemina Mujagi\u0107 koja se osvrnula na va\u017enost bu\u0111enja muslimana i\u00a0 me\u0111usobno potpomaganje i podr\u017eavanje\u00a0\u00a0 jedni drugih, te istaknula va\u017enu ulogu druge generacije muslimana u Njema\u010dkoj, koja je kada je u pitanju islam kao i\u00a0 sama mahrama, tako re\u0107i \u201eprobila led\u201c za nadolaze\u0107e generacije muslimana koje se\u00a0 na ovim prostorima\u00a0 ukorijenjuju te vide svoju\u00a0 budu\u0107nost u Njema\u010dkoj za razliku od prve generacije muslimana koja je dolazila na \u201eodre\u0111eno vrijeme\u201c.\u00a0Potom su uslijedile zanimljive i emotivne pri\u010de sestara koje su govorile o svom pristupu\u00a0 ka mahrami te svojim \u017eivotnim ikustvima vezano o \u017eivotu pod mahramom i\u00a0 isku\u0161enjima na tom putu,\u00a0nakon \u010dega je kao gost predava\u010d\u00a0 Lejla Bi\u0161evac\u00a0 govorila o smislu pokrivanja \u017eena i\u00a0 islamskom stavu o mahrami\u00a0 kao \u0161titu\u00a0 za \u017eenu muslimanku.<\/p>\n<p style=\"border: 0px; font-family: Arial, Helvetica, sans-serif; font-size: 12px; font-style: normal; font-weight: normal; margin: 0px 0px 10px; outline: 0px; padding: 0px; vertical-align: baseline; color: #333333; font-variant: normal; letter-spacing: normal; line-height: 20px; orphans: auto; text-indent: 0px; text-transform: none; white-space: normal; widows: auto; word-spacing: 0px; -webkit-text-stroke-width: 0px; background-color: #ffffff; text-align: justify;\">Na samom kraju u svom nadahnutom govoru Zineta Suba\u0161i\u0107 osvrnula se na\u00a0 sve ono\u00a0 \u0161to predhodi mahrami, a to jest, \u010dvrstom uvjerenju i osloncu na Allaha d\u017e.\u0161. koji\u00a0 daje izlaz u svakoj situaciji i u savakom vremenu, ba\u0161 onako kako je Uzvi\u0161eni Gospodar potpomagao sve poslanike i davao izlaz u svim njihovim isku\u0161enjima.<\/p>\n<p style=\"border: 0px; font-family: Arial, Helvetica, sans-serif; font-size: 12px; font-style: normal; font-weight: normal; margin: 0px 0px 10px; outline: 0px; padding: 0px; vertical-align: baseline; color: #333333; font-variant: normal; letter-spacing: normal; line-height: 20px; orphans: auto; text-indent: 0px; text-transform: none; white-space: normal; widows: auto; word-spacing: 0px; -webkit-text-stroke-width: 0px; background-color: #ffffff; text-align: justify;\">Izlaganjem na\u0161ih sestara upravo se dalo zaklju\u010diti, da su\u00a0 \u010dvrstim ubje\u0111enjem i osloncem na Allaha d\u017e.\u0161. upravo na\u0161e Bo\u0161njakinje u Njema\u010dkoj, unato\u010d mahrami, do\u0161le do raznih pozicija u ovom dru\u0161tvu.<\/p>\n<p style=\"border: 0px; font-family: Arial, Helvetica, sans-serif; font-size: 12px; font-style: normal; font-weight: normal; margin: 0px 0px 10px; outline: 0px; padding: 0px; vertical-align: baseline; color: #333333; font-variant: normal; letter-spacing: normal; line-height: 20px; orphans: auto; text-align: start; text-indent: 0px; text-transform: none; white-space: normal; widows: auto; word-spacing: 0px; -webkit-text-stroke-width: 0px; background-color: #ffffff;\">Nakon zavr\u0161etka oficijelnog dijela programa, dru\u017eenje se nastavilo uz razgovor i obilnu trpezu.<\/p>\n<p style=\"border: 0px; font-family: Arial, Helvetica, sans-serif; font-size: 12px; font-style: normal; font-weight: normal; margin: 0px 0px 10px; outline: 0px; padding: 0px; vertical-align: baseline; color: #333333; font-variant: normal; letter-spacing: normal; line-height: 20px; orphans: auto; text-align: start; text-indent: 0px; text-transform: none; white-space: normal; widows: auto; word-spacing: 0px; -webkit-text-stroke-width: 0px; background-color: #ffffff;\">Nadamo se da \u0107e ovih i sli\u010dnih susreta biti \u0161to vi\u0161e u d\u017eematu Uhingen ,koji iz dana u dan prerasta u\u00a0jedan aktivan i oraganizovan d\u017eemat na ovom podru\u010dju<\/p>\n<p style=\"border: 0px; font-family: Arial, Helvetica, sans-serif; font-size: 12px; font-style: normal; font-weight: normal; margin: 0px 0px 10px; outline: 0px; padding: 0px; vertical-align: baseline; color: #333333; font-variant: normal; letter-spacing: normal; line-height: 20px; orphans: auto; text-align: start; text-indent: 0px; text-transform: none; white-space: normal; widows: auto; word-spacing: 0px; -webkit-text-stroke-width: 0px; background-color: #ffffff;\">(igbd)<\/p>\n","protected":false},"excerpt":{"rendered":"<p>Njema\u010dka &#8211; U nedelju 7.\u0161abana 1434.\/ 16.06.2013.organizovan je prvi susret \u017eena u d\u017eematu Uhingen. Tema ovogodi\u0161njeg susreta bila je\u00a0 \u201eBosanskohercegov\u010dke \u017eene o \u017eivotu i radu\u00a0 pod mahramom u Njema\u010dkoj\u201c. Ovo je ujedno bila i prilika da se o\u017eive tradicionalne posjete dzemata me\u0111usobno, s tim\u00a0 da su se\u00a0 na ovaj skup odazvale sestre iz dzemata Kirchheim, [&hellip;]<\/p>\n","protected":false},"author":33,"featured_media":79517,"comment_status":"open","ping_status":"open","sticky":false,"template":"","format":"standard","meta":{"footnotes":""},"categories":[9538,802],"tags":[],"class_list":{"0":"post-79516","1":"post","2":"type-post","3":"status-publish","4":"format-standard","5":"has-post-thumbnail","7":"category-njemacka-dijaspora-gradovi-vase-vijesti","8":"category-islamska_zajednica"},"yoast_head":"<!-- This site is optimized with the Yoast SEO Premium plugin v23.1 (Yoast SEO v24.9) - https:\/\/yoast.com\/wordpress\/plugins\/seo\/ -->\n<title>Susret \u017eena u d\u017eematu Uhingen<\/title>\n<meta name=\"robots\" content=\"index, follow, max-snippet:-1, max-image-preview:large, max-video-preview:-1\" \/>\n<link rel=\"canonical\" href=\"https:\/\/sandzakpress.net\/arhiva\/susret-zena-u-dzematu-uhingen\/\" \/>\n<meta property=\"og:locale\" content=\"bs_BA\" \/>\n<meta property=\"og:type\" content=\"article\" \/>\n<meta property=\"og:title\" content=\"Susret \u017eena u d\u017eematu Uhingen\" \/>\n<meta property=\"og:description\" content=\"Njema\u010dka &#8211; U nedelju 7.\u0161abana 1434.\/ 16.06.2013.organizovan je prvi susret \u017eena u d\u017eematu Uhingen. Tema ovogodi\u0161njeg susreta bila je\u00a0 \u201eBosanskohercegov\u010dke \u017eene o \u017eivotu i radu\u00a0 pod mahramom u Njema\u010dkoj\u201c. Ovo je ujedno bila i prilika da se o\u017eive tradicionalne posjete dzemata me\u0111usobno, s tim\u00a0 da su se\u00a0 na ovaj skup odazvale sestre iz dzemata Kirchheim, [&hellip;]\" \/>\n<meta property=\"og:url\" content=\"https:\/\/sandzakpress.net\/arhiva\/susret-zena-u-dzematu-uhingen\/\" \/>\n<meta property=\"og:site_name\" content=\"Sand\u017eak PRESS\" \/>\n<meta property=\"article:published_time\" content=\"2013-06-19T16:52:59+00:00\" \/>\n<meta property=\"og:image\" content=\"https:\/\/sandzakpress.net\/arhiva\/wp-content\/uploads\/2013\/06\/Foto-susret-zena.jpg\" \/>\n\t<meta property=\"og:image:width\" content=\"700\" \/>\n\t<meta property=\"og:image:height\" content=\"523\" \/>\n\t<meta property=\"og:image:type\" content=\"image\/jpeg\" \/>\n<meta name=\"twitter:card\" content=\"summary_large_image\" \/>\n<meta name=\"twitter:label1\" content=\"Written by\" \/>\n\t<meta name=\"twitter:data1\" content=\"\" \/>\n\t<meta name=\"twitter:label2\" content=\"Est. reading time\" \/>\n\t<meta name=\"twitter:data2\" content=\"2 minute\" \/>\n<script type=\"application\/ld+json\" class=\"yoast-schema-graph\">{\"@context\":\"https:\/\/schema.org\",\"@graph\":[{\"@type\":\"Article\",\"@id\":\"https:\/\/sandzakpress.net\/arhiva\/susret-zena-u-dzematu-uhingen\/#article\",\"isPartOf\":{\"@id\":\"https:\/\/sandzakpress.net\/arhiva\/susret-zena-u-dzematu-uhingen\/\"},\"author\":{\"name\":\"\",\"@id\":\"\"},\"headline\":\"Susret \u017eena u d\u017eematu Uhingen\",\"datePublished\":\"2013-06-19T16:52:59+00:00\",\"mainEntityOfPage\":{\"@id\":\"https:\/\/sandzakpress.net\/arhiva\/susret-zena-u-dzematu-uhingen\/\"},\"wordCount\":364,\"commentCount\":0,\"publisher\":{\"@id\":\"https:\/\/sandzakpress.net\/arhiva\/#\/schema\/person\/6e72b67d6e51910a1117b3b483ba20bd\"},\"image\":{\"@id\":\"https:\/\/sandzakpress.net\/arhiva\/susret-zena-u-dzematu-uhingen\/#primaryimage\"},\"thumbnailUrl\":\"https:\/\/sandzakpress.net\/arhiva\/wp-content\/uploads\/2013\/06\/Foto-susret-zena.jpg\",\"articleSection\":[\"Njema\u010dka\",\"Islamska zajednica\"],\"inLanguage\":\"bs-BA\",\"potentialAction\":[{\"@type\":\"CommentAction\",\"name\":\"Comment\",\"target\":[\"https:\/\/sandzakpress.net\/arhiva\/susret-zena-u-dzematu-uhingen\/#respond\"]}]},{\"@type\":\"WebPage\",\"@id\":\"https:\/\/sandzakpress.net\/arhiva\/susret-zena-u-dzematu-uhingen\/\",\"url\":\"https:\/\/sandzakpress.net\/arhiva\/susret-zena-u-dzematu-uhingen\/\",\"name\":\"Susret \u017eena u d\u017eematu Uhingen\",\"isPartOf\":{\"@id\":\"https:\/\/sandzakpress.net\/arhiva\/#website\"},\"primaryImageOfPage\":{\"@id\":\"https:\/\/sandzakpress.net\/arhiva\/susret-zena-u-dzematu-uhingen\/#primaryimage\"},\"image\":{\"@id\":\"https:\/\/sandzakpress.net\/arhiva\/susret-zena-u-dzematu-uhingen\/#primaryimage\"},\"thumbnailUrl\":\"https:\/\/sandzakpress.net\/arhiva\/wp-content\/uploads\/2013\/06\/Foto-susret-zena.jpg\",\"datePublished\":\"2013-06-19T16:52:59+00:00\",\"breadcrumb\":{\"@id\":\"https:\/\/sandzakpress.net\/arhiva\/susret-zena-u-dzematu-uhingen\/#breadcrumb\"},\"inLanguage\":\"bs-BA\",\"potentialAction\":[{\"@type\":\"ReadAction\",\"target\":[\"https:\/\/sandzakpress.net\/arhiva\/susret-zena-u-dzematu-uhingen\/\"]}]},{\"@type\":\"ImageObject\",\"inLanguage\":\"bs-BA\",\"@id\":\"https:\/\/sandzakpress.net\/arhiva\/susret-zena-u-dzematu-uhingen\/#primaryimage\",\"url\":\"https:\/\/sandzakpress.net\/arhiva\/wp-content\/uploads\/2013\/06\/Foto-susret-zena.jpg\",\"contentUrl\":\"https:\/\/sandzakpress.net\/arhiva\/wp-content\/uploads\/2013\/06\/Foto-susret-zena.jpg\",\"width\":\"700\",\"height\":\"523\"},{\"@type\":\"BreadcrumbList\",\"@id\":\"https:\/\/sandzakpress.net\/arhiva\/susret-zena-u-dzematu-uhingen\/#breadcrumb\",\"itemListElement\":[{\"@type\":\"ListItem\",\"position\":1,\"name\":\"Home\",\"item\":\"https:\/\/sandzakpress.net\/arhiva\/\"},{\"@type\":\"ListItem\",\"position\":2,\"name\":\"Susret \u017eena u d\u017eematu Uhingen\"}]},{\"@type\":\"WebSite\",\"@id\":\"https:\/\/sandzakpress.net\/arhiva\/#website\",\"url\":\"https:\/\/sandzakpress.net\/arhiva\/\",\"name\":\"Sand\u017eak PRESS\",\"description\":\"Prve elektronske novine u Sand\u017eaku\",\"publisher\":{\"@id\":\"https:\/\/sandzakpress.net\/arhiva\/#\/schema\/person\/6e72b67d6e51910a1117b3b483ba20bd\"},\"potentialAction\":[{\"@type\":\"SearchAction\",\"target\":{\"@type\":\"EntryPoint\",\"urlTemplate\":\"https:\/\/sandzakpress.net\/arhiva\/?s={search_term_string}\"},\"query-input\":{\"@type\":\"PropertyValueSpecification\",\"valueRequired\":true,\"valueName\":\"search_term_string\"}}],\"inLanguage\":\"bs-BA\"},{\"@type\":[\"Person\",\"Organization\"],\"@id\":\"https:\/\/sandzakpress.net\/arhiva\/#\/schema\/person\/6e72b67d6e51910a1117b3b483ba20bd\",\"name\":\"Kul\",\"image\":{\"@type\":\"ImageObject\",\"inLanguage\":\"bs-BA\",\"@id\":\"https:\/\/sandzakpress.net\/arhiva\/#\/schema\/person\/image\/\",\"url\":\"https:\/\/secure.gravatar.com\/avatar\/42263f39aa27ac04c43cab85c280eb2e?s=96&d=mm&r=pg\",\"contentUrl\":\"https:\/\/secure.gravatar.com\/avatar\/42263f39aa27ac04c43cab85c280eb2e?s=96&d=mm&r=pg\",\"caption\":\"Kul\"},\"logo\":{\"@id\":\"https:\/\/sandzakpress.net\/arhiva\/#\/schema\/person\/image\/\"}},{\"@type\":\"Person\",\"@id\":\"\",\"url\":\"https:\/\/sandzakpress.net\/arhiva\/author\/\"}]}<\/script>\n<!-- \/ Yoast SEO Premium plugin. -->","yoast_head_json":{"title":"Susret \u017eena u d\u017eematu Uhingen","robots":{"index":"index","follow":"follow","max-snippet":"max-snippet:-1","max-image-preview":"max-image-preview:large","max-video-preview":"max-video-preview:-1"},"canonical":"https:\/\/sandzakpress.net\/arhiva\/susret-zena-u-dzematu-uhingen\/","og_locale":"bs_BA","og_type":"article","og_title":"Susret \u017eena u d\u017eematu Uhingen","og_description":"Njema\u010dka &#8211; U nedelju 7.\u0161abana 1434.\/ 16.06.2013.organizovan je prvi susret \u017eena u d\u017eematu Uhingen. Tema ovogodi\u0161njeg susreta bila je\u00a0 \u201eBosanskohercegov\u010dke \u017eene o \u017eivotu i radu\u00a0 pod mahramom u Njema\u010dkoj\u201c. Ovo je ujedno bila i prilika da se o\u017eive tradicionalne posjete dzemata me\u0111usobno, s tim\u00a0 da su se\u00a0 na ovaj skup odazvale sestre iz dzemata Kirchheim, [&hellip;]","og_url":"https:\/\/sandzakpress.net\/arhiva\/susret-zena-u-dzematu-uhingen\/","og_site_name":"Sand\u017eak PRESS","article_published_time":"2013-06-19T16:52:59+00:00","og_image":[{"width":700,"height":523,"url":"https:\/\/sandzakpress.net\/arhiva\/wp-content\/uploads\/2013\/06\/Foto-susret-zena.jpg","type":"image\/jpeg"}],"twitter_card":"summary_large_image","twitter_misc":{"Written by":"","Est. reading time":"2 minute"},"schema":{"@context":"https:\/\/schema.org","@graph":[{"@type":"Article","@id":"https:\/\/sandzakpress.net\/arhiva\/susret-zena-u-dzematu-uhingen\/#article","isPartOf":{"@id":"https:\/\/sandzakpress.net\/arhiva\/susret-zena-u-dzematu-uhingen\/"},"author":{"name":"","@id":""},"headline":"Susret \u017eena u d\u017eematu Uhingen","datePublished":"2013-06-19T16:52:59+00:00","mainEntityOfPage":{"@id":"https:\/\/sandzakpress.net\/arhiva\/susret-zena-u-dzematu-uhingen\/"},"wordCount":364,"commentCount":0,"publisher":{"@id":"https:\/\/sandzakpress.net\/arhiva\/#\/schema\/person\/6e72b67d6e51910a1117b3b483ba20bd"},"image":{"@id":"https:\/\/sandzakpress.net\/arhiva\/susret-zena-u-dzematu-uhingen\/#primaryimage"},"thumbnailUrl":"https:\/\/sandzakpress.net\/arhiva\/wp-content\/uploads\/2013\/06\/Foto-susret-zena.jpg","articleSection":["Njema\u010dka","Islamska zajednica"],"inLanguage":"bs-BA","potentialAction":[{"@type":"CommentAction","name":"Comment","target":["https:\/\/sandzakpress.net\/arhiva\/susret-zena-u-dzematu-uhingen\/#respond"]}]},{"@type":"WebPage","@id":"https:\/\/sandzakpress.net\/arhiva\/susret-zena-u-dzematu-uhingen\/","url":"https:\/\/sandzakpress.net\/arhiva\/susret-zena-u-dzematu-uhingen\/","name":"Susret \u017eena u d\u017eematu Uhingen","isPartOf":{"@id":"https:\/\/sandzakpress.net\/arhiva\/#website"},"primaryImageOfPage":{"@id":"https:\/\/sandzakpress.net\/arhiva\/susret-zena-u-dzematu-uhingen\/#primaryimage"},"image":{"@id":"https:\/\/sandzakpress.net\/arhiva\/susret-zena-u-dzematu-uhingen\/#primaryimage"},"thumbnailUrl":"https:\/\/sandzakpress.net\/arhiva\/wp-content\/uploads\/2013\/06\/Foto-susret-zena.jpg","datePublished":"2013-06-19T16:52:59+00:00","breadcrumb":{"@id":"https:\/\/sandzakpress.net\/arhiva\/susret-zena-u-dzematu-uhingen\/#breadcrumb"},"inLanguage":"bs-BA","potentialAction":[{"@type":"ReadAction","target":["https:\/\/sandzakpress.net\/arhiva\/susret-zena-u-dzematu-uhingen\/"]}]},{"@type":"ImageObject","inLanguage":"bs-BA","@id":"https:\/\/sandzakpress.net\/arhiva\/susret-zena-u-dzematu-uhingen\/#primaryimage","url":"https:\/\/sandzakpress.net\/arhiva\/wp-content\/uploads\/2013\/06\/Foto-susret-zena.jpg","contentUrl":"https:\/\/sandzakpress.net\/arhiva\/wp-content\/uploads\/2013\/06\/Foto-susret-zena.jpg","width":"700","height":"523"},{"@type":"BreadcrumbList","@id":"https:\/\/sandzakpress.net\/arhiva\/susret-zena-u-dzematu-uhingen\/#breadcrumb","itemListElement":[{"@type":"ListItem","position":1,"name":"Home","item":"https:\/\/sandzakpress.net\/arhiva\/"},{"@type":"ListItem","position":2,"name":"Susret \u017eena u d\u017eematu Uhingen"}]},{"@type":"WebSite","@id":"https:\/\/sandzakpress.net\/arhiva\/#website","url":"https:\/\/sandzakpress.net\/arhiva\/","name":"Sand\u017eak PRESS","description":"Prve elektronske novine u Sand\u017eaku","publisher":{"@id":"https:\/\/sandzakpress.net\/arhiva\/#\/schema\/person\/6e72b67d6e51910a1117b3b483ba20bd"},"potentialAction":[{"@type":"SearchAction","target":{"@type":"EntryPoint","urlTemplate":"https:\/\/sandzakpress.net\/arhiva\/?s={search_term_string}"},"query-input":{"@type":"PropertyValueSpecification","valueRequired":true,"valueName":"search_term_string"}}],"inLanguage":"bs-BA"},{"@type":["Person","Organization"],"@id":"https:\/\/sandzakpress.net\/arhiva\/#\/schema\/person\/6e72b67d6e51910a1117b3b483ba20bd","name":"Kul","image":{"@type":"ImageObject","inLanguage":"bs-BA","@id":"https:\/\/sandzakpress.net\/arhiva\/#\/schema\/person\/image\/","url":"https:\/\/secure.gravatar.com\/avatar\/42263f39aa27ac04c43cab85c280eb2e?s=96&d=mm&r=pg","contentUrl":"https:\/\/secure.gravatar.com\/avatar\/42263f39aa27ac04c43cab85c280eb2e?s=96&d=mm&r=pg","caption":"Kul"},"logo":{"@id":"https:\/\/sandzakpress.net\/arhiva\/#\/schema\/person\/image\/"}},{"@type":"Person","@id":"","url":"https:\/\/sandzakpress.net\/arhiva\/author\/"}]}},"_links":{"self":[{"href":"https:\/\/sandzakpress.net\/arhiva\/wp-json\/wp\/v2\/posts\/79516"}],"collection":[{"href":"https:\/\/sandzakpress.net\/arhiva\/wp-json\/wp\/v2\/posts"}],"about":[{"href":"https:\/\/sandzakpress.net\/arhiva\/wp-json\/wp\/v2\/types\/post"}],"author":[{"embeddable":true,"href":"https:\/\/sandzakpress.net\/arhiva\/wp-json\/wp\/v2\/users\/33"}],"replies":[{"embeddable":true,"href":"https:\/\/sandzakpress.net\/arhiva\/wp-json\/wp\/v2\/comments?post=79516"}],"version-history":[{"count":0,"href":"https:\/\/sandzakpress.net\/arhiva\/wp-json\/wp\/v2\/posts\/79516\/revisions"}],"wp:featuredmedia":[{"embeddable":true,"href":"https:\/\/sandzakpress.net\/arhiva\/wp-json\/wp\/v2\/media\/79517"}],"wp:attachment":[{"href":"https:\/\/sandzakpress.net\/arhiva\/wp-json\/wp\/v2\/media?parent=79516"}],"wp:term":[{"taxonomy":"category","embeddable":true,"href":"https:\/\/sandzakpress.net\/arhiva\/wp-json\/wp\/v2\/categories?post=79516"},{"taxonomy":"post_tag","embeddable":true,"href":"https:\/\/sandzakpress.net\/arhiva\/wp-json\/wp\/v2\/tags?post=79516"}],"curies":[{"name":"wp","href":"https:\/\/api.w.org\/{rel}","templated":true}]}}