{"id":79466,"date":"2013-06-19T16:58:45","date_gmt":"2013-06-19T14:58:45","guid":{"rendered":"https:\/\/sandzakpress.net\/arhiva\/?p=79466"},"modified":"2013-06-19T16:58:45","modified_gmt":"2013-06-19T14:58:45","slug":"bosnjacka-djeca-iz-portlanda-zahtijevaju-od-politicara-da-rijese-pitanje-jmbg-u-bih","status":"publish","type":"post","link":"https:\/\/sandzakpress.net\/arhiva\/bosnjacka-djeca-iz-portlanda-zahtijevaju-od-politicara-da-rijese-pitanje-jmbg-u-bih\/","title":{"rendered":"Bo\u0161nja\u010dka djeca iz Portlanda zahtijevaju od politi\u010dara da rije\u0161e pitanje JMBG u BIH"},"content":{"rendered":"<p><span style=\"color: #000000; font-family: 'Times New Roman', serif; font-size: 14px; font-style: normal; font-variant: normal; font-weight: normal; letter-spacing: normal; line-height: 20px; orphans: auto; text-align: -webkit-left; text-indent: 0px; text-transform: none; white-space: normal; widows: auto; word-spacing: 0px; -webkit-text-stroke-width: 0px; background-color: #ffffff; display: inline !important; float: none;\"><strong><a href=\"https:\/\/sandzakpress.net\/arhiva\/wp-content\/uploads\/2013\/06\/10BosnjackiTefericBEKO15Juni2013_151DjecaJMBzaBosnu_14.jpg\"><img loading=\"lazy\" decoding=\"async\" class=\"alignleft size-medium wp-image-79467\" title=\"10BosnjackiTefericBEKO15Juni2013_151DjecaJMBzaBosnu_14\" src=\"https:\/\/sandzakpress.net\/arhiva\/wp-content\/uploads\/2013\/06\/10BosnjackiTefericBEKO15Juni2013_151DjecaJMBzaBosnu_14-300x224.jpg\" alt=\"\" width=\"300\" height=\"224\" srcset=\"https:\/\/sandzakpress.net\/arhiva\/wp-content\/uploads\/2013\/06\/10BosnjackiTefericBEKO15Juni2013_151DjecaJMBzaBosnu_14-300x224.jpg 300w, https:\/\/sandzakpress.net\/arhiva\/wp-content\/uploads\/2013\/06\/10BosnjackiTefericBEKO15Juni2013_151DjecaJMBzaBosnu_14.jpg 645w\" sizes=\"(max-width: 300px) 100vw, 300px\" \/><\/a>BIH &#8211; U subotu,15. juna 2013. godine, Bo\u0161nja\u010dka edukativna i kulturalna organizacija (BEKO) u Portlandu, d\u017eemat i zajednica u ameri\u010dkoj saveznoj dr\u017eavi Oregon, organizirala je 10. tradicionalni bo\u0161nja\u010dki teferi\u010d i piknik. Pored zabavno-rekreativnog programa, bo\u0161nja\u010dka djeca su se organizirala da upute podr\u0161ku svima onima koji se proteklih dana mrinim prosvjedima bore da se rije\u0161i politi\u010dka enigma Jedinstvenog mati\u010dnog broja gra\u0111ana u BiH.<\/strong> Dje\u010dica su posebno poru\u010dila nadle\u017enim organima i vlastima u na\u0161oj domovini Bosni i Hercegovini da bez odlaganja rije\u0161e problem Jedinstvenog mati\u010dnog broja gra\u0111ana.<span class=\"Apple-converted-space\"> <\/span><\/span><br style=\"color: #000000; font-family: 'Times New Roman', serif; font-size: 14px; font-style: normal; font-variant: normal; font-weight: normal; letter-spacing: normal; line-height: 20px; orphans: auto; text-align: -webkit-left; text-indent: 0px; text-transform: none; white-space: normal; widows: auto; word-spacing: 0px; -webkit-text-stroke-width: 0px; background-color: #ffffff;\" \/><span style=\"color: #000000; font-family: 'Times New Roman', serif; font-size: 14px; font-style: normal; font-variant: normal; font-weight: normal; letter-spacing: normal; line-height: 20px; orphans: auto; text-align: -webkit-left; text-indent: 0px; text-transform: none; white-space: normal; widows: auto; word-spacing: 0px; -webkit-text-stroke-width: 0px; background-color: #ffffff; display: inline !important; float: none;\">Dje;ica su izrazili duboko \u017ealjenje u povodu smrti bebe Berine Hamidovi\u0107 koja je \u017ertva neodgovornih politi\u010dara i administracije koju su nametnuli u BiH koji neradom i nemarno\u0161\u0107u pokazuju da im ni \u017eivoti djece ni\u0161ta ne zna\u010de.<span class=\"Apple-converted-space\"> <\/span><\/span><br style=\"color: #000000; font-family: 'Times New Roman', serif; font-size: 14px; font-style: normal; font-variant: normal; font-weight: normal; letter-spacing: normal; line-height: 20px; orphans: auto; text-align: -webkit-left; text-indent: 0px; text-transform: none; white-space: normal; widows: auto; word-spacing: 0px; -webkit-text-stroke-width: 0px; background-color: #ffffff;\" \/><br style=\"color: #000000; font-family: 'Times New Roman', serif; font-size: 14px; font-style: normal; font-variant: normal; font-weight: normal; letter-spacing: normal; line-height: 20px; orphans: auto; text-align: -webkit-left; text-indent: 0px; text-transform: none; white-space: normal; widows: auto; word-spacing: 0px; -webkit-text-stroke-width: 0px; background-color: #ffffff;\" \/><span style=\"color: #000000; font-family: 'Times New Roman', serif; font-size: 14px; font-style: normal; font-variant: normal; font-weight: normal; letter-spacing: normal; line-height: 20px; orphans: auto; text-align: -webkit-left; text-indent: 0px; text-transform: none; white-space: normal; widows: auto; word-spacing: 0px; -webkit-text-stroke-width: 0px; background-color: #ffffff; display: inline !important; float: none;\">Narode na\u0161e domovine Bosne i Hercegovine dobro razmislite da li zaslu\u017eujete da imate takve politi\u010dare koji ni za \u017eivote djece nemare!<\/span><br style=\"color: #000000; font-family: 'Times New Roman', serif; font-size: 14px; font-style: normal; font-variant: normal; font-weight: normal; letter-spacing: normal; line-height: 20px; orphans: auto; text-align: -webkit-left; text-indent: 0px; text-transform: none; white-space: normal; widows: auto; word-spacing: 0px; -webkit-text-stroke-width: 0px; background-color: #ffffff;\" \/><br style=\"color: #000000; font-family: 'Times New Roman', serif; font-size: 14px; font-style: normal; font-variant: normal; font-weight: normal; letter-spacing: normal; line-height: 20px; orphans: auto; text-align: -webkit-left; text-indent: 0px; text-transform: none; white-space: normal; widows: auto; word-spacing: 0px; -webkit-text-stroke-width: 0px; background-color: #ffffff;\" \/><\/p>\n<table style=\"color: #000000; font-family: 'Times New Roman', serif; font-size: 14px; font-style: normal; font-variant: normal; font-weight: normal; letter-spacing: normal; line-height: 20px; orphans: auto; text-indent: 0px; text-transform: none; white-space: normal; widows: auto; word-spacing: 0px; -webkit-text-stroke-width: 0px;\" border=\"0\" cellspacing=\"0\" cellpadding=\"5\" width=\"645\" align=\"center\" bgcolor=\"Gainsboro\">\n<tbody>\n<tr>\n<td style=\"font-family: Arial, sans-serif; font-size: 12px; color: #000000;\" align=\"left\"><span style=\"color: black;\"><img decoding=\"async\" src=\"http:\/\/www.bosnjaci.net\/foto\/10BosnjackiTefericBEKO15Juni2013_151DjecaJMBzaBosnu_13.jpg\" border=\"0\" alt=\"\" width=\"645\" \/><\/span><\/td>\n<\/tr>\n<\/tbody>\n<\/table>\n","protected":false},"excerpt":{"rendered":"<p>BIH &#8211; U subotu,15. juna 2013. godine, Bo\u0161nja\u010dka edukativna i kulturalna organizacija (BEKO) u Portlandu, d\u017eemat i zajednica u ameri\u010dkoj saveznoj dr\u017eavi Oregon, organizirala je 10. tradicionalni bo\u0161nja\u010dki teferi\u010d i piknik. Pored zabavno-rekreativnog programa, bo\u0161nja\u010dka djeca su se organizirala da upute podr\u0161ku svima onima koji se proteklih dana mrinim prosvjedima bore da se rije\u0161i politi\u010dka [&hellip;]<\/p>\n","protected":false},"author":33,"featured_media":79467,"comment_status":"open","ping_status":"open","sticky":false,"template":"","format":"standard","meta":{"footnotes":""},"categories":[800,2860],"tags":[],"class_list":{"0":"post-79466","1":"post","2":"type-post","3":"status-publish","4":"format-standard","5":"has-post-thumbnail","7":"category-nacija","8":"category-bosna-i-hercegovina-gradovi"},"yoast_head":"<!-- This site is optimized with the Yoast SEO Premium plugin v23.1 (Yoast SEO v24.9) - https:\/\/yoast.com\/wordpress\/plugins\/seo\/ -->\n<title>Bo\u0161nja\u010dka djeca iz Portlanda zahtijevaju od politi\u010dara da rije\u0161e pitanje JMBG u BIH<\/title>\n<meta name=\"robots\" content=\"index, follow, max-snippet:-1, max-image-preview:large, max-video-preview:-1\" \/>\n<link rel=\"canonical\" href=\"https:\/\/sandzakpress.net\/arhiva\/bosnjacka-djeca-iz-portlanda-zahtijevaju-od-politicara-da-rijese-pitanje-jmbg-u-bih\/\" \/>\n<meta property=\"og:locale\" content=\"bs_BA\" \/>\n<meta property=\"og:type\" content=\"article\" \/>\n<meta property=\"og:title\" content=\"Bo\u0161nja\u010dka djeca iz Portlanda zahtijevaju od politi\u010dara da rije\u0161e pitanje JMBG u BIH\" \/>\n<meta property=\"og:description\" content=\"BIH &#8211; U subotu,15. juna 2013. godine, Bo\u0161nja\u010dka edukativna i kulturalna organizacija (BEKO) u Portlandu, d\u017eemat i zajednica u ameri\u010dkoj saveznoj dr\u017eavi Oregon, organizirala je 10. tradicionalni bo\u0161nja\u010dki teferi\u010d i piknik. Pored zabavno-rekreativnog programa, bo\u0161nja\u010dka djeca su se organizirala da upute podr\u0161ku svima onima koji se proteklih dana mrinim prosvjedima bore da se rije\u0161i politi\u010dka [&hellip;]\" \/>\n<meta property=\"og:url\" content=\"https:\/\/sandzakpress.net\/arhiva\/bosnjacka-djeca-iz-portlanda-zahtijevaju-od-politicara-da-rijese-pitanje-jmbg-u-bih\/\" \/>\n<meta property=\"og:site_name\" content=\"Sand\u017eak PRESS\" \/>\n<meta property=\"article:published_time\" content=\"2013-06-19T14:58:45+00:00\" \/>\n<meta property=\"og:image\" content=\"https:\/\/sandzakpress.net\/arhiva\/wp-content\/uploads\/2013\/06\/10BosnjackiTefericBEKO15Juni2013_151DjecaJMBzaBosnu_14.jpg\" \/>\n\t<meta property=\"og:image:width\" content=\"645\" \/>\n\t<meta property=\"og:image:height\" content=\"482\" \/>\n\t<meta property=\"og:image:type\" content=\"image\/jpeg\" \/>\n<meta name=\"twitter:card\" content=\"summary_large_image\" \/>\n<meta name=\"twitter:label1\" content=\"Written by\" \/>\n\t<meta name=\"twitter:data1\" content=\"\" \/>\n\t<meta name=\"twitter:label2\" content=\"Est. reading time\" \/>\n\t<meta name=\"twitter:data2\" content=\"1 minuta\" \/>\n<script type=\"application\/ld+json\" class=\"yoast-schema-graph\">{\"@context\":\"https:\/\/schema.org\",\"@graph\":[{\"@type\":\"Article\",\"@id\":\"https:\/\/sandzakpress.net\/arhiva\/bosnjacka-djeca-iz-portlanda-zahtijevaju-od-politicara-da-rijese-pitanje-jmbg-u-bih\/#article\",\"isPartOf\":{\"@id\":\"https:\/\/sandzakpress.net\/arhiva\/bosnjacka-djeca-iz-portlanda-zahtijevaju-od-politicara-da-rijese-pitanje-jmbg-u-bih\/\"},\"author\":{\"name\":\"\",\"@id\":\"\"},\"headline\":\"Bo\u0161nja\u010dka djeca iz Portlanda zahtijevaju od politi\u010dara da rije\u0161e pitanje JMBG u BIH\",\"datePublished\":\"2013-06-19T14:58:45+00:00\",\"mainEntityOfPage\":{\"@id\":\"https:\/\/sandzakpress.net\/arhiva\/bosnjacka-djeca-iz-portlanda-zahtijevaju-od-politicara-da-rijese-pitanje-jmbg-u-bih\/\"},\"wordCount\":186,\"commentCount\":0,\"publisher\":{\"@id\":\"https:\/\/sandzakpress.net\/arhiva\/#\/schema\/person\/6e72b67d6e51910a1117b3b483ba20bd\"},\"image\":{\"@id\":\"https:\/\/sandzakpress.net\/arhiva\/bosnjacka-djeca-iz-portlanda-zahtijevaju-od-politicara-da-rijese-pitanje-jmbg-u-bih\/#primaryimage\"},\"thumbnailUrl\":\"https:\/\/sandzakpress.net\/arhiva\/wp-content\/uploads\/2013\/06\/10BosnjackiTefericBEKO15Juni2013_151DjecaJMBzaBosnu_14.jpg\",\"articleSection\":[\"Nacija\",\"Bosna i Hercegovina\"],\"inLanguage\":\"bs-BA\",\"potentialAction\":[{\"@type\":\"CommentAction\",\"name\":\"Comment\",\"target\":[\"https:\/\/sandzakpress.net\/arhiva\/bosnjacka-djeca-iz-portlanda-zahtijevaju-od-politicara-da-rijese-pitanje-jmbg-u-bih\/#respond\"]}]},{\"@type\":\"WebPage\",\"@id\":\"https:\/\/sandzakpress.net\/arhiva\/bosnjacka-djeca-iz-portlanda-zahtijevaju-od-politicara-da-rijese-pitanje-jmbg-u-bih\/\",\"url\":\"https:\/\/sandzakpress.net\/arhiva\/bosnjacka-djeca-iz-portlanda-zahtijevaju-od-politicara-da-rijese-pitanje-jmbg-u-bih\/\",\"name\":\"Bo\u0161nja\u010dka djeca iz Portlanda zahtijevaju od politi\u010dara da rije\u0161e pitanje JMBG u BIH\",\"isPartOf\":{\"@id\":\"https:\/\/sandzakpress.net\/arhiva\/#website\"},\"primaryImageOfPage\":{\"@id\":\"https:\/\/sandzakpress.net\/arhiva\/bosnjacka-djeca-iz-portlanda-zahtijevaju-od-politicara-da-rijese-pitanje-jmbg-u-bih\/#primaryimage\"},\"image\":{\"@id\":\"https:\/\/sandzakpress.net\/arhiva\/bosnjacka-djeca-iz-portlanda-zahtijevaju-od-politicara-da-rijese-pitanje-jmbg-u-bih\/#primaryimage\"},\"thumbnailUrl\":\"https:\/\/sandzakpress.net\/arhiva\/wp-content\/uploads\/2013\/06\/10BosnjackiTefericBEKO15Juni2013_151DjecaJMBzaBosnu_14.jpg\",\"datePublished\":\"2013-06-19T14:58:45+00:00\",\"breadcrumb\":{\"@id\":\"https:\/\/sandzakpress.net\/arhiva\/bosnjacka-djeca-iz-portlanda-zahtijevaju-od-politicara-da-rijese-pitanje-jmbg-u-bih\/#breadcrumb\"},\"inLanguage\":\"bs-BA\",\"potentialAction\":[{\"@type\":\"ReadAction\",\"target\":[\"https:\/\/sandzakpress.net\/arhiva\/bosnjacka-djeca-iz-portlanda-zahtijevaju-od-politicara-da-rijese-pitanje-jmbg-u-bih\/\"]}]},{\"@type\":\"ImageObject\",\"inLanguage\":\"bs-BA\",\"@id\":\"https:\/\/sandzakpress.net\/arhiva\/bosnjacka-djeca-iz-portlanda-zahtijevaju-od-politicara-da-rijese-pitanje-jmbg-u-bih\/#primaryimage\",\"url\":\"https:\/\/sandzakpress.net\/arhiva\/wp-content\/uploads\/2013\/06\/10BosnjackiTefericBEKO15Juni2013_151DjecaJMBzaBosnu_14.jpg\",\"contentUrl\":\"https:\/\/sandzakpress.net\/arhiva\/wp-content\/uploads\/2013\/06\/10BosnjackiTefericBEKO15Juni2013_151DjecaJMBzaBosnu_14.jpg\",\"width\":\"645\",\"height\":\"482\"},{\"@type\":\"BreadcrumbList\",\"@id\":\"https:\/\/sandzakpress.net\/arhiva\/bosnjacka-djeca-iz-portlanda-zahtijevaju-od-politicara-da-rijese-pitanje-jmbg-u-bih\/#breadcrumb\",\"itemListElement\":[{\"@type\":\"ListItem\",\"position\":1,\"name\":\"Home\",\"item\":\"https:\/\/sandzakpress.net\/arhiva\/\"},{\"@type\":\"ListItem\",\"position\":2,\"name\":\"Bo\u0161nja\u010dka djeca iz Portlanda zahtijevaju od politi\u010dara da rije\u0161e pitanje JMBG u BIH\"}]},{\"@type\":\"WebSite\",\"@id\":\"https:\/\/sandzakpress.net\/arhiva\/#website\",\"url\":\"https:\/\/sandzakpress.net\/arhiva\/\",\"name\":\"Sand\u017eak PRESS\",\"description\":\"Prve elektronske novine u Sand\u017eaku\",\"publisher\":{\"@id\":\"https:\/\/sandzakpress.net\/arhiva\/#\/schema\/person\/6e72b67d6e51910a1117b3b483ba20bd\"},\"potentialAction\":[{\"@type\":\"SearchAction\",\"target\":{\"@type\":\"EntryPoint\",\"urlTemplate\":\"https:\/\/sandzakpress.net\/arhiva\/?s={search_term_string}\"},\"query-input\":{\"@type\":\"PropertyValueSpecification\",\"valueRequired\":true,\"valueName\":\"search_term_string\"}}],\"inLanguage\":\"bs-BA\"},{\"@type\":[\"Person\",\"Organization\"],\"@id\":\"https:\/\/sandzakpress.net\/arhiva\/#\/schema\/person\/6e72b67d6e51910a1117b3b483ba20bd\",\"name\":\"Kul\",\"image\":{\"@type\":\"ImageObject\",\"inLanguage\":\"bs-BA\",\"@id\":\"https:\/\/sandzakpress.net\/arhiva\/#\/schema\/person\/image\/\",\"url\":\"https:\/\/secure.gravatar.com\/avatar\/42263f39aa27ac04c43cab85c280eb2e?s=96&d=mm&r=pg\",\"contentUrl\":\"https:\/\/secure.gravatar.com\/avatar\/42263f39aa27ac04c43cab85c280eb2e?s=96&d=mm&r=pg\",\"caption\":\"Kul\"},\"logo\":{\"@id\":\"https:\/\/sandzakpress.net\/arhiva\/#\/schema\/person\/image\/\"}},{\"@type\":\"Person\",\"@id\":\"\",\"url\":\"https:\/\/sandzakpress.net\/arhiva\/author\/\"}]}<\/script>\n<!-- \/ Yoast SEO Premium plugin. -->","yoast_head_json":{"title":"Bo\u0161nja\u010dka djeca iz Portlanda zahtijevaju od politi\u010dara da rije\u0161e pitanje JMBG u BIH","robots":{"index":"index","follow":"follow","max-snippet":"max-snippet:-1","max-image-preview":"max-image-preview:large","max-video-preview":"max-video-preview:-1"},"canonical":"https:\/\/sandzakpress.net\/arhiva\/bosnjacka-djeca-iz-portlanda-zahtijevaju-od-politicara-da-rijese-pitanje-jmbg-u-bih\/","og_locale":"bs_BA","og_type":"article","og_title":"Bo\u0161nja\u010dka djeca iz Portlanda zahtijevaju od politi\u010dara da rije\u0161e pitanje JMBG u BIH","og_description":"BIH &#8211; U subotu,15. juna 2013. godine, Bo\u0161nja\u010dka edukativna i kulturalna organizacija (BEKO) u Portlandu, d\u017eemat i zajednica u ameri\u010dkoj saveznoj dr\u017eavi Oregon, organizirala je 10. tradicionalni bo\u0161nja\u010dki teferi\u010d i piknik. Pored zabavno-rekreativnog programa, bo\u0161nja\u010dka djeca su se organizirala da upute podr\u0161ku svima onima koji se proteklih dana mrinim prosvjedima bore da se rije\u0161i politi\u010dka [&hellip;]","og_url":"https:\/\/sandzakpress.net\/arhiva\/bosnjacka-djeca-iz-portlanda-zahtijevaju-od-politicara-da-rijese-pitanje-jmbg-u-bih\/","og_site_name":"Sand\u017eak PRESS","article_published_time":"2013-06-19T14:58:45+00:00","og_image":[{"width":645,"height":482,"url":"https:\/\/sandzakpress.net\/arhiva\/wp-content\/uploads\/2013\/06\/10BosnjackiTefericBEKO15Juni2013_151DjecaJMBzaBosnu_14.jpg","type":"image\/jpeg"}],"twitter_card":"summary_large_image","twitter_misc":{"Written by":"","Est. reading time":"1 minuta"},"schema":{"@context":"https:\/\/schema.org","@graph":[{"@type":"Article","@id":"https:\/\/sandzakpress.net\/arhiva\/bosnjacka-djeca-iz-portlanda-zahtijevaju-od-politicara-da-rijese-pitanje-jmbg-u-bih\/#article","isPartOf":{"@id":"https:\/\/sandzakpress.net\/arhiva\/bosnjacka-djeca-iz-portlanda-zahtijevaju-od-politicara-da-rijese-pitanje-jmbg-u-bih\/"},"author":{"name":"","@id":""},"headline":"Bo\u0161nja\u010dka djeca iz Portlanda zahtijevaju od politi\u010dara da rije\u0161e pitanje JMBG u BIH","datePublished":"2013-06-19T14:58:45+00:00","mainEntityOfPage":{"@id":"https:\/\/sandzakpress.net\/arhiva\/bosnjacka-djeca-iz-portlanda-zahtijevaju-od-politicara-da-rijese-pitanje-jmbg-u-bih\/"},"wordCount":186,"commentCount":0,"publisher":{"@id":"https:\/\/sandzakpress.net\/arhiva\/#\/schema\/person\/6e72b67d6e51910a1117b3b483ba20bd"},"image":{"@id":"https:\/\/sandzakpress.net\/arhiva\/bosnjacka-djeca-iz-portlanda-zahtijevaju-od-politicara-da-rijese-pitanje-jmbg-u-bih\/#primaryimage"},"thumbnailUrl":"https:\/\/sandzakpress.net\/arhiva\/wp-content\/uploads\/2013\/06\/10BosnjackiTefericBEKO15Juni2013_151DjecaJMBzaBosnu_14.jpg","articleSection":["Nacija","Bosna i Hercegovina"],"inLanguage":"bs-BA","potentialAction":[{"@type":"CommentAction","name":"Comment","target":["https:\/\/sandzakpress.net\/arhiva\/bosnjacka-djeca-iz-portlanda-zahtijevaju-od-politicara-da-rijese-pitanje-jmbg-u-bih\/#respond"]}]},{"@type":"WebPage","@id":"https:\/\/sandzakpress.net\/arhiva\/bosnjacka-djeca-iz-portlanda-zahtijevaju-od-politicara-da-rijese-pitanje-jmbg-u-bih\/","url":"https:\/\/sandzakpress.net\/arhiva\/bosnjacka-djeca-iz-portlanda-zahtijevaju-od-politicara-da-rijese-pitanje-jmbg-u-bih\/","name":"Bo\u0161nja\u010dka djeca iz Portlanda zahtijevaju od politi\u010dara da rije\u0161e pitanje JMBG u BIH","isPartOf":{"@id":"https:\/\/sandzakpress.net\/arhiva\/#website"},"primaryImageOfPage":{"@id":"https:\/\/sandzakpress.net\/arhiva\/bosnjacka-djeca-iz-portlanda-zahtijevaju-od-politicara-da-rijese-pitanje-jmbg-u-bih\/#primaryimage"},"image":{"@id":"https:\/\/sandzakpress.net\/arhiva\/bosnjacka-djeca-iz-portlanda-zahtijevaju-od-politicara-da-rijese-pitanje-jmbg-u-bih\/#primaryimage"},"thumbnailUrl":"https:\/\/sandzakpress.net\/arhiva\/wp-content\/uploads\/2013\/06\/10BosnjackiTefericBEKO15Juni2013_151DjecaJMBzaBosnu_14.jpg","datePublished":"2013-06-19T14:58:45+00:00","breadcrumb":{"@id":"https:\/\/sandzakpress.net\/arhiva\/bosnjacka-djeca-iz-portlanda-zahtijevaju-od-politicara-da-rijese-pitanje-jmbg-u-bih\/#breadcrumb"},"inLanguage":"bs-BA","potentialAction":[{"@type":"ReadAction","target":["https:\/\/sandzakpress.net\/arhiva\/bosnjacka-djeca-iz-portlanda-zahtijevaju-od-politicara-da-rijese-pitanje-jmbg-u-bih\/"]}]},{"@type":"ImageObject","inLanguage":"bs-BA","@id":"https:\/\/sandzakpress.net\/arhiva\/bosnjacka-djeca-iz-portlanda-zahtijevaju-od-politicara-da-rijese-pitanje-jmbg-u-bih\/#primaryimage","url":"https:\/\/sandzakpress.net\/arhiva\/wp-content\/uploads\/2013\/06\/10BosnjackiTefericBEKO15Juni2013_151DjecaJMBzaBosnu_14.jpg","contentUrl":"https:\/\/sandzakpress.net\/arhiva\/wp-content\/uploads\/2013\/06\/10BosnjackiTefericBEKO15Juni2013_151DjecaJMBzaBosnu_14.jpg","width":"645","height":"482"},{"@type":"BreadcrumbList","@id":"https:\/\/sandzakpress.net\/arhiva\/bosnjacka-djeca-iz-portlanda-zahtijevaju-od-politicara-da-rijese-pitanje-jmbg-u-bih\/#breadcrumb","itemListElement":[{"@type":"ListItem","position":1,"name":"Home","item":"https:\/\/sandzakpress.net\/arhiva\/"},{"@type":"ListItem","position":2,"name":"Bo\u0161nja\u010dka djeca iz Portlanda zahtijevaju od politi\u010dara da rije\u0161e pitanje JMBG u BIH"}]},{"@type":"WebSite","@id":"https:\/\/sandzakpress.net\/arhiva\/#website","url":"https:\/\/sandzakpress.net\/arhiva\/","name":"Sand\u017eak PRESS","description":"Prve elektronske novine u Sand\u017eaku","publisher":{"@id":"https:\/\/sandzakpress.net\/arhiva\/#\/schema\/person\/6e72b67d6e51910a1117b3b483ba20bd"},"potentialAction":[{"@type":"SearchAction","target":{"@type":"EntryPoint","urlTemplate":"https:\/\/sandzakpress.net\/arhiva\/?s={search_term_string}"},"query-input":{"@type":"PropertyValueSpecification","valueRequired":true,"valueName":"search_term_string"}}],"inLanguage":"bs-BA"},{"@type":["Person","Organization"],"@id":"https:\/\/sandzakpress.net\/arhiva\/#\/schema\/person\/6e72b67d6e51910a1117b3b483ba20bd","name":"Kul","image":{"@type":"ImageObject","inLanguage":"bs-BA","@id":"https:\/\/sandzakpress.net\/arhiva\/#\/schema\/person\/image\/","url":"https:\/\/secure.gravatar.com\/avatar\/42263f39aa27ac04c43cab85c280eb2e?s=96&d=mm&r=pg","contentUrl":"https:\/\/secure.gravatar.com\/avatar\/42263f39aa27ac04c43cab85c280eb2e?s=96&d=mm&r=pg","caption":"Kul"},"logo":{"@id":"https:\/\/sandzakpress.net\/arhiva\/#\/schema\/person\/image\/"}},{"@type":"Person","@id":"","url":"https:\/\/sandzakpress.net\/arhiva\/author\/"}]}},"_links":{"self":[{"href":"https:\/\/sandzakpress.net\/arhiva\/wp-json\/wp\/v2\/posts\/79466"}],"collection":[{"href":"https:\/\/sandzakpress.net\/arhiva\/wp-json\/wp\/v2\/posts"}],"about":[{"href":"https:\/\/sandzakpress.net\/arhiva\/wp-json\/wp\/v2\/types\/post"}],"author":[{"embeddable":true,"href":"https:\/\/sandzakpress.net\/arhiva\/wp-json\/wp\/v2\/users\/33"}],"replies":[{"embeddable":true,"href":"https:\/\/sandzakpress.net\/arhiva\/wp-json\/wp\/v2\/comments?post=79466"}],"version-history":[{"count":0,"href":"https:\/\/sandzakpress.net\/arhiva\/wp-json\/wp\/v2\/posts\/79466\/revisions"}],"wp:featuredmedia":[{"embeddable":true,"href":"https:\/\/sandzakpress.net\/arhiva\/wp-json\/wp\/v2\/media\/79467"}],"wp:attachment":[{"href":"https:\/\/sandzakpress.net\/arhiva\/wp-json\/wp\/v2\/media?parent=79466"}],"wp:term":[{"taxonomy":"category","embeddable":true,"href":"https:\/\/sandzakpress.net\/arhiva\/wp-json\/wp\/v2\/categories?post=79466"},{"taxonomy":"post_tag","embeddable":true,"href":"https:\/\/sandzakpress.net\/arhiva\/wp-json\/wp\/v2\/tags?post=79466"}],"curies":[{"name":"wp","href":"https:\/\/api.w.org\/{rel}","templated":true}]}}