{"id":79453,"date":"2013-06-19T15:51:27","date_gmt":"2013-06-19T13:51:27","guid":{"rendered":"https:\/\/sandzakpress.net\/arhiva\/?p=79453"},"modified":"2013-06-19T15:51:27","modified_gmt":"2013-06-19T13:51:27","slug":"obama-u-posjeti-njemackoj","status":"publish","type":"post","link":"https:\/\/sandzakpress.net\/arhiva\/obama-u-posjeti-njemackoj\/","title":{"rendered":"Obama u posjeti Njema\u010dkoj"},"content":{"rendered":"<p style=\"margin: 0px 0px 10px; font-size: 12px; font-weight: normal; color: #000000; font-family: Verdana, Arial, Helvetica, sans-serif; font-style: normal; font-variant: normal; letter-spacing: normal; line-height: 16.796875px; orphans: auto; text-align: left; text-indent: 0px; text-transform: none; white-space: normal; widows: auto; word-spacing: 0px; -webkit-text-stroke-width: 0px; background-color: #ffffff;\"><strong><a href=\"https:\/\/sandzakpress.net\/arhiva\/wp-content\/uploads\/2013\/06\/obama-gauck-AA.jpg\"><img loading=\"lazy\" decoding=\"async\" class=\"alignleft size-medium wp-image-79452\" title=\"Obama u Berlinu\" src=\"https:\/\/sandzakpress.net\/arhiva\/wp-content\/uploads\/2013\/06\/obama-gauck-AA-300x225.jpg\" alt=\"\" width=\"260\" height=\"195\" srcset=\"https:\/\/sandzakpress.net\/arhiva\/wp-content\/uploads\/2013\/06\/obama-gauck-AA-300x225.jpg 300w, https:\/\/sandzakpress.net\/arhiva\/wp-content\/uploads\/2013\/06\/obama-gauck-AA.jpg 400w\" sizes=\"(max-width: 260px) 100vw, 260px\" \/><\/a>Amerika, Njema\u010dka &#8211; Predsjednik Sjedinjenih Ameri\u010dkih Dr\u017eava (SAD)<span class=\"Apple-converted-space\"> <\/span>Barack Obamadoputovao je posjetu Njema\u010dkoj, gdje se u Berlinu sastao sa predsjednikom Njema\u010dkeJoachimom Gauckom, javio je dopisnik agencije Anadolija.<\/strong><br \/>\nObama je u Berlin doputovao u pratnji supruge<span class=\"Apple-converted-space\"> <\/span><strong>Michelle Obama<span class=\"Apple-converted-space\"> <\/span><\/strong>i njihove dvije k\u0107erke, a obavit \u0107e niz susreta sa njema\u010dkim zvani\u010dnicima. Obama je prethodno u\u010destvovao na samitu osam industrijski najrazvijenijih zemalja svijeta, odr\u017eanom u Sjevernoj Irskoj.<br \/>\n<strong>Ameri\u010dki predsjednik \u0107e zatra\u017eiti smanjenje zaliha nuklearnog oru\u017eja u svijetu<\/strong><\/p>\n<p style=\"margin: 0px 0px 10px; font-size: 12px; font-weight: normal; color: #000000; font-family: Verdana, Arial, Helvetica, sans-serif; font-style: normal; font-variant: normal; letter-spacing: normal; line-height: 16.796875px; orphans: auto; text-align: left; text-indent: 0px; text-transform: none; white-space: normal; widows: auto; word-spacing: 0px; -webkit-text-stroke-width: 0px; background-color: #ffffff;\">Ameri\u010dki predsjednik Barack Obama prilikom obra\u0107anja kod Brandenbur\u0161ke kapije u Berlinu u Njema\u010dkoj zatra\u017eit \u0107e da se smanje zalihe nuklearnog oru\u017eja u svijetu.<br \/>\nVisoki zvani\u010dnik Obamine administracije kazao je da \u0107e Obama predlo\u017eiti smanjenje ameri\u010dkih i ruskih zaliha nuklearnog oru\u017eja na jednu tre\u0107inu, \u010dime bi broj bojevih glava u obje zemlje iznosio oko 1.000.<br \/>\nBritanski mediji pi\u0161u kako je Obama o smanjenju zaliha nuklearnog oru\u017eja u svijetu razgovarao i sa predsjednikom Rusije<span class=\"Apple-converted-space\"> <\/span><strong>Vladimirom Putinom<\/strong><span class=\"Apple-converted-space\"> <\/span>tokom odr\u017eavanja samita grupe G8 u Sjevernoj Irskoj.<br \/>\nU vrijeme Obaminog prvog mandata, SAD i Rusija su se dogovorile da svoje zalihe nuklearnog oru\u017eja smanje na oko 1.550 bojevih glava.<br \/>\nPrema pisanju britanskih medija, Obama \u0107e tra\u017eiti i od ameri\u010dkog Kongresa da ratifikuje sporazum o zabrani testiranja nuklearnog oru\u017eja.<br \/>\nIako ne postoje ta\u010dni podaci u zalihama nuklearnog oru\u017eja u svijetu, odre\u0111ena istra\u017eivanja pokazuju da osim SAD-a i Rusije, nijedna zemlja u svijetu nema vi\u0161e od 300 bojevih glava. Prema podacima Federacije ameri\u010dkih nau\u010dnika, Francuska posjeduje oko 300, Kina oko 240, Britanija oko 225, dok Izrael, Indija i Pakistan imaju po oko 100 bojevih glava.<\/p>\n<p style=\"margin: 0px 0px 10px; font-size: 12px; font-weight: normal; color: #000000; font-family: Verdana, Arial, Helvetica, sans-serif; font-style: normal; font-variant: normal; letter-spacing: normal; line-height: 16.796875px; orphans: auto; text-align: left; text-indent: 0px; text-transform: none; white-space: normal; widows: auto; word-spacing: 0px; -webkit-text-stroke-width: 0px; background-color: #ffffff;\">(AA)<\/p>\n","protected":false},"excerpt":{"rendered":"<p>Amerika, Njema\u010dka &#8211; Predsjednik Sjedinjenih Ameri\u010dkih Dr\u017eava (SAD) Barack Obamadoputovao je posjetu Njema\u010dkoj, gdje se u Berlinu sastao sa predsjednikom Njema\u010dkeJoachimom Gauckom, javio je dopisnik agencije Anadolija. Obama je u Berlin doputovao u pratnji supruge Michelle Obama i njihove dvije k\u0107erke, a obavit \u0107e niz susreta sa njema\u010dkim zvani\u010dnicima. Obama je prethodno u\u010destvovao na samitu [&hellip;]<\/p>\n","protected":false},"author":33,"featured_media":79452,"comment_status":"open","ping_status":"open","sticky":false,"template":"","format":"standard","meta":{"footnotes":""},"categories":[9538,9],"tags":[],"class_list":{"0":"post-79453","1":"post","2":"type-post","3":"status-publish","4":"format-standard","5":"has-post-thumbnail","7":"category-njemacka-dijaspora-gradovi-vase-vijesti","8":"category-svijet"},"yoast_head":"<!-- This site is optimized with the Yoast SEO Premium plugin v23.1 (Yoast SEO v24.9) - https:\/\/yoast.com\/wordpress\/plugins\/seo\/ -->\n<title>Obama u posjeti Njema\u010dkoj<\/title>\n<meta name=\"robots\" content=\"index, follow, max-snippet:-1, max-image-preview:large, max-video-preview:-1\" \/>\n<link rel=\"canonical\" href=\"https:\/\/sandzakpress.net\/arhiva\/obama-u-posjeti-njemackoj\/\" \/>\n<meta property=\"og:locale\" content=\"bs_BA\" \/>\n<meta property=\"og:type\" content=\"article\" \/>\n<meta property=\"og:title\" content=\"Obama u posjeti Njema\u010dkoj\" \/>\n<meta property=\"og:description\" content=\"Amerika, Njema\u010dka &#8211; Predsjednik Sjedinjenih Ameri\u010dkih Dr\u017eava (SAD) Barack Obamadoputovao je posjetu Njema\u010dkoj, gdje se u Berlinu sastao sa predsjednikom Njema\u010dkeJoachimom Gauckom, javio je dopisnik agencije Anadolija. Obama je u Berlin doputovao u pratnji supruge Michelle Obama i njihove dvije k\u0107erke, a obavit \u0107e niz susreta sa njema\u010dkim zvani\u010dnicima. Obama je prethodno u\u010destvovao na samitu [&hellip;]\" \/>\n<meta property=\"og:url\" content=\"https:\/\/sandzakpress.net\/arhiva\/obama-u-posjeti-njemackoj\/\" \/>\n<meta property=\"og:site_name\" content=\"Sand\u017eak PRESS\" \/>\n<meta property=\"article:published_time\" content=\"2013-06-19T13:51:27+00:00\" \/>\n<meta property=\"og:image\" content=\"https:\/\/sandzakpress.net\/arhiva\/wp-content\/uploads\/2013\/06\/obama-gauck-AA.jpg\" \/>\n\t<meta property=\"og:image:width\" content=\"400\" \/>\n\t<meta property=\"og:image:height\" content=\"300\" \/>\n\t<meta property=\"og:image:type\" content=\"image\/jpeg\" \/>\n<meta name=\"twitter:card\" content=\"summary_large_image\" \/>\n<meta name=\"twitter:label1\" content=\"Written by\" \/>\n\t<meta name=\"twitter:data1\" content=\"\" \/>\n\t<meta name=\"twitter:label2\" content=\"Est. reading time\" \/>\n\t<meta name=\"twitter:data2\" content=\"1 minuta\" \/>\n<script type=\"application\/ld+json\" class=\"yoast-schema-graph\">{\"@context\":\"https:\/\/schema.org\",\"@graph\":[{\"@type\":\"Article\",\"@id\":\"https:\/\/sandzakpress.net\/arhiva\/obama-u-posjeti-njemackoj\/#article\",\"isPartOf\":{\"@id\":\"https:\/\/sandzakpress.net\/arhiva\/obama-u-posjeti-njemackoj\/\"},\"author\":{\"name\":\"\",\"@id\":\"\"},\"headline\":\"Obama u posjeti Njema\u010dkoj\",\"datePublished\":\"2013-06-19T13:51:27+00:00\",\"mainEntityOfPage\":{\"@id\":\"https:\/\/sandzakpress.net\/arhiva\/obama-u-posjeti-njemackoj\/\"},\"wordCount\":289,\"commentCount\":0,\"publisher\":{\"@id\":\"https:\/\/sandzakpress.net\/arhiva\/#\/schema\/person\/6e72b67d6e51910a1117b3b483ba20bd\"},\"image\":{\"@id\":\"https:\/\/sandzakpress.net\/arhiva\/obama-u-posjeti-njemackoj\/#primaryimage\"},\"thumbnailUrl\":\"https:\/\/sandzakpress.net\/arhiva\/wp-content\/uploads\/2013\/06\/obama-gauck-AA.jpg\",\"articleSection\":[\"Njema\u010dka\",\"Svijet\"],\"inLanguage\":\"bs-BA\",\"potentialAction\":[{\"@type\":\"CommentAction\",\"name\":\"Comment\",\"target\":[\"https:\/\/sandzakpress.net\/arhiva\/obama-u-posjeti-njemackoj\/#respond\"]}]},{\"@type\":\"WebPage\",\"@id\":\"https:\/\/sandzakpress.net\/arhiva\/obama-u-posjeti-njemackoj\/\",\"url\":\"https:\/\/sandzakpress.net\/arhiva\/obama-u-posjeti-njemackoj\/\",\"name\":\"Obama u posjeti Njema\u010dkoj\",\"isPartOf\":{\"@id\":\"https:\/\/sandzakpress.net\/arhiva\/#website\"},\"primaryImageOfPage\":{\"@id\":\"https:\/\/sandzakpress.net\/arhiva\/obama-u-posjeti-njemackoj\/#primaryimage\"},\"image\":{\"@id\":\"https:\/\/sandzakpress.net\/arhiva\/obama-u-posjeti-njemackoj\/#primaryimage\"},\"thumbnailUrl\":\"https:\/\/sandzakpress.net\/arhiva\/wp-content\/uploads\/2013\/06\/obama-gauck-AA.jpg\",\"datePublished\":\"2013-06-19T13:51:27+00:00\",\"breadcrumb\":{\"@id\":\"https:\/\/sandzakpress.net\/arhiva\/obama-u-posjeti-njemackoj\/#breadcrumb\"},\"inLanguage\":\"bs-BA\",\"potentialAction\":[{\"@type\":\"ReadAction\",\"target\":[\"https:\/\/sandzakpress.net\/arhiva\/obama-u-posjeti-njemackoj\/\"]}]},{\"@type\":\"ImageObject\",\"inLanguage\":\"bs-BA\",\"@id\":\"https:\/\/sandzakpress.net\/arhiva\/obama-u-posjeti-njemackoj\/#primaryimage\",\"url\":\"https:\/\/sandzakpress.net\/arhiva\/wp-content\/uploads\/2013\/06\/obama-gauck-AA.jpg\",\"contentUrl\":\"https:\/\/sandzakpress.net\/arhiva\/wp-content\/uploads\/2013\/06\/obama-gauck-AA.jpg\",\"width\":\"400\",\"height\":\"300\"},{\"@type\":\"BreadcrumbList\",\"@id\":\"https:\/\/sandzakpress.net\/arhiva\/obama-u-posjeti-njemackoj\/#breadcrumb\",\"itemListElement\":[{\"@type\":\"ListItem\",\"position\":1,\"name\":\"Home\",\"item\":\"https:\/\/sandzakpress.net\/arhiva\/\"},{\"@type\":\"ListItem\",\"position\":2,\"name\":\"Obama u posjeti Njema\u010dkoj\"}]},{\"@type\":\"WebSite\",\"@id\":\"https:\/\/sandzakpress.net\/arhiva\/#website\",\"url\":\"https:\/\/sandzakpress.net\/arhiva\/\",\"name\":\"Sand\u017eak PRESS\",\"description\":\"Prve elektronske novine u Sand\u017eaku\",\"publisher\":{\"@id\":\"https:\/\/sandzakpress.net\/arhiva\/#\/schema\/person\/6e72b67d6e51910a1117b3b483ba20bd\"},\"potentialAction\":[{\"@type\":\"SearchAction\",\"target\":{\"@type\":\"EntryPoint\",\"urlTemplate\":\"https:\/\/sandzakpress.net\/arhiva\/?s={search_term_string}\"},\"query-input\":{\"@type\":\"PropertyValueSpecification\",\"valueRequired\":true,\"valueName\":\"search_term_string\"}}],\"inLanguage\":\"bs-BA\"},{\"@type\":[\"Person\",\"Organization\"],\"@id\":\"https:\/\/sandzakpress.net\/arhiva\/#\/schema\/person\/6e72b67d6e51910a1117b3b483ba20bd\",\"name\":\"Kul\",\"image\":{\"@type\":\"ImageObject\",\"inLanguage\":\"bs-BA\",\"@id\":\"https:\/\/sandzakpress.net\/arhiva\/#\/schema\/person\/image\/\",\"url\":\"https:\/\/secure.gravatar.com\/avatar\/42263f39aa27ac04c43cab85c280eb2e?s=96&d=mm&r=pg\",\"contentUrl\":\"https:\/\/secure.gravatar.com\/avatar\/42263f39aa27ac04c43cab85c280eb2e?s=96&d=mm&r=pg\",\"caption\":\"Kul\"},\"logo\":{\"@id\":\"https:\/\/sandzakpress.net\/arhiva\/#\/schema\/person\/image\/\"}},{\"@type\":\"Person\",\"@id\":\"\",\"url\":\"https:\/\/sandzakpress.net\/arhiva\/author\/\"}]}<\/script>\n<!-- \/ Yoast SEO Premium plugin. -->","yoast_head_json":{"title":"Obama u posjeti Njema\u010dkoj","robots":{"index":"index","follow":"follow","max-snippet":"max-snippet:-1","max-image-preview":"max-image-preview:large","max-video-preview":"max-video-preview:-1"},"canonical":"https:\/\/sandzakpress.net\/arhiva\/obama-u-posjeti-njemackoj\/","og_locale":"bs_BA","og_type":"article","og_title":"Obama u posjeti Njema\u010dkoj","og_description":"Amerika, Njema\u010dka &#8211; Predsjednik Sjedinjenih Ameri\u010dkih Dr\u017eava (SAD) Barack Obamadoputovao je posjetu Njema\u010dkoj, gdje se u Berlinu sastao sa predsjednikom Njema\u010dkeJoachimom Gauckom, javio je dopisnik agencije Anadolija. Obama je u Berlin doputovao u pratnji supruge Michelle Obama i njihove dvije k\u0107erke, a obavit \u0107e niz susreta sa njema\u010dkim zvani\u010dnicima. Obama je prethodno u\u010destvovao na samitu [&hellip;]","og_url":"https:\/\/sandzakpress.net\/arhiva\/obama-u-posjeti-njemackoj\/","og_site_name":"Sand\u017eak PRESS","article_published_time":"2013-06-19T13:51:27+00:00","og_image":[{"width":400,"height":300,"url":"https:\/\/sandzakpress.net\/arhiva\/wp-content\/uploads\/2013\/06\/obama-gauck-AA.jpg","type":"image\/jpeg"}],"twitter_card":"summary_large_image","twitter_misc":{"Written by":"","Est. reading time":"1 minuta"},"schema":{"@context":"https:\/\/schema.org","@graph":[{"@type":"Article","@id":"https:\/\/sandzakpress.net\/arhiva\/obama-u-posjeti-njemackoj\/#article","isPartOf":{"@id":"https:\/\/sandzakpress.net\/arhiva\/obama-u-posjeti-njemackoj\/"},"author":{"name":"","@id":""},"headline":"Obama u posjeti Njema\u010dkoj","datePublished":"2013-06-19T13:51:27+00:00","mainEntityOfPage":{"@id":"https:\/\/sandzakpress.net\/arhiva\/obama-u-posjeti-njemackoj\/"},"wordCount":289,"commentCount":0,"publisher":{"@id":"https:\/\/sandzakpress.net\/arhiva\/#\/schema\/person\/6e72b67d6e51910a1117b3b483ba20bd"},"image":{"@id":"https:\/\/sandzakpress.net\/arhiva\/obama-u-posjeti-njemackoj\/#primaryimage"},"thumbnailUrl":"https:\/\/sandzakpress.net\/arhiva\/wp-content\/uploads\/2013\/06\/obama-gauck-AA.jpg","articleSection":["Njema\u010dka","Svijet"],"inLanguage":"bs-BA","potentialAction":[{"@type":"CommentAction","name":"Comment","target":["https:\/\/sandzakpress.net\/arhiva\/obama-u-posjeti-njemackoj\/#respond"]}]},{"@type":"WebPage","@id":"https:\/\/sandzakpress.net\/arhiva\/obama-u-posjeti-njemackoj\/","url":"https:\/\/sandzakpress.net\/arhiva\/obama-u-posjeti-njemackoj\/","name":"Obama u posjeti Njema\u010dkoj","isPartOf":{"@id":"https:\/\/sandzakpress.net\/arhiva\/#website"},"primaryImageOfPage":{"@id":"https:\/\/sandzakpress.net\/arhiva\/obama-u-posjeti-njemackoj\/#primaryimage"},"image":{"@id":"https:\/\/sandzakpress.net\/arhiva\/obama-u-posjeti-njemackoj\/#primaryimage"},"thumbnailUrl":"https:\/\/sandzakpress.net\/arhiva\/wp-content\/uploads\/2013\/06\/obama-gauck-AA.jpg","datePublished":"2013-06-19T13:51:27+00:00","breadcrumb":{"@id":"https:\/\/sandzakpress.net\/arhiva\/obama-u-posjeti-njemackoj\/#breadcrumb"},"inLanguage":"bs-BA","potentialAction":[{"@type":"ReadAction","target":["https:\/\/sandzakpress.net\/arhiva\/obama-u-posjeti-njemackoj\/"]}]},{"@type":"ImageObject","inLanguage":"bs-BA","@id":"https:\/\/sandzakpress.net\/arhiva\/obama-u-posjeti-njemackoj\/#primaryimage","url":"https:\/\/sandzakpress.net\/arhiva\/wp-content\/uploads\/2013\/06\/obama-gauck-AA.jpg","contentUrl":"https:\/\/sandzakpress.net\/arhiva\/wp-content\/uploads\/2013\/06\/obama-gauck-AA.jpg","width":"400","height":"300"},{"@type":"BreadcrumbList","@id":"https:\/\/sandzakpress.net\/arhiva\/obama-u-posjeti-njemackoj\/#breadcrumb","itemListElement":[{"@type":"ListItem","position":1,"name":"Home","item":"https:\/\/sandzakpress.net\/arhiva\/"},{"@type":"ListItem","position":2,"name":"Obama u posjeti Njema\u010dkoj"}]},{"@type":"WebSite","@id":"https:\/\/sandzakpress.net\/arhiva\/#website","url":"https:\/\/sandzakpress.net\/arhiva\/","name":"Sand\u017eak PRESS","description":"Prve elektronske novine u Sand\u017eaku","publisher":{"@id":"https:\/\/sandzakpress.net\/arhiva\/#\/schema\/person\/6e72b67d6e51910a1117b3b483ba20bd"},"potentialAction":[{"@type":"SearchAction","target":{"@type":"EntryPoint","urlTemplate":"https:\/\/sandzakpress.net\/arhiva\/?s={search_term_string}"},"query-input":{"@type":"PropertyValueSpecification","valueRequired":true,"valueName":"search_term_string"}}],"inLanguage":"bs-BA"},{"@type":["Person","Organization"],"@id":"https:\/\/sandzakpress.net\/arhiva\/#\/schema\/person\/6e72b67d6e51910a1117b3b483ba20bd","name":"Kul","image":{"@type":"ImageObject","inLanguage":"bs-BA","@id":"https:\/\/sandzakpress.net\/arhiva\/#\/schema\/person\/image\/","url":"https:\/\/secure.gravatar.com\/avatar\/42263f39aa27ac04c43cab85c280eb2e?s=96&d=mm&r=pg","contentUrl":"https:\/\/secure.gravatar.com\/avatar\/42263f39aa27ac04c43cab85c280eb2e?s=96&d=mm&r=pg","caption":"Kul"},"logo":{"@id":"https:\/\/sandzakpress.net\/arhiva\/#\/schema\/person\/image\/"}},{"@type":"Person","@id":"","url":"https:\/\/sandzakpress.net\/arhiva\/author\/"}]}},"_links":{"self":[{"href":"https:\/\/sandzakpress.net\/arhiva\/wp-json\/wp\/v2\/posts\/79453"}],"collection":[{"href":"https:\/\/sandzakpress.net\/arhiva\/wp-json\/wp\/v2\/posts"}],"about":[{"href":"https:\/\/sandzakpress.net\/arhiva\/wp-json\/wp\/v2\/types\/post"}],"author":[{"embeddable":true,"href":"https:\/\/sandzakpress.net\/arhiva\/wp-json\/wp\/v2\/users\/33"}],"replies":[{"embeddable":true,"href":"https:\/\/sandzakpress.net\/arhiva\/wp-json\/wp\/v2\/comments?post=79453"}],"version-history":[{"count":0,"href":"https:\/\/sandzakpress.net\/arhiva\/wp-json\/wp\/v2\/posts\/79453\/revisions"}],"wp:featuredmedia":[{"embeddable":true,"href":"https:\/\/sandzakpress.net\/arhiva\/wp-json\/wp\/v2\/media\/79452"}],"wp:attachment":[{"href":"https:\/\/sandzakpress.net\/arhiva\/wp-json\/wp\/v2\/media?parent=79453"}],"wp:term":[{"taxonomy":"category","embeddable":true,"href":"https:\/\/sandzakpress.net\/arhiva\/wp-json\/wp\/v2\/categories?post=79453"},{"taxonomy":"post_tag","embeddable":true,"href":"https:\/\/sandzakpress.net\/arhiva\/wp-json\/wp\/v2\/tags?post=79453"}],"curies":[{"name":"wp","href":"https:\/\/api.w.org\/{rel}","templated":true}]}}