{"id":79319,"date":"2013-06-17T16:30:25","date_gmt":"2013-06-17T14:30:25","guid":{"rendered":"https:\/\/sandzakpress.net\/arhiva\/?p=79319"},"modified":"2013-06-22T17:02:41","modified_gmt":"2013-06-22T15:02:41","slug":"preko-7-prostrijelnih-rana-na-tijelu-dika-dolovc-junak-diko","status":"publish","type":"post","link":"https:\/\/sandzakpress.net\/arhiva\/preko-7-prostrijelnih-rana-na-tijelu-dika-dolovc-junak-diko\/","title":{"rendered":"Preko 7 prostrijelnih rana Diko Dolovac juna\u010dki podnio!"},"content":{"rendered":"<p><strong><a href=\"https:\/\/sandzakpress.net\/arhiva\/wp-content\/uploads\/2013\/06\/DSC_0227.jpg\"><img loading=\"lazy\" decoding=\"async\" class=\"alignleft size-medium wp-image-79752\" title=\"DSC_0227\" src=\"https:\/\/sandzakpress.net\/arhiva\/wp-content\/uploads\/2013\/06\/DSC_0227-268x300.jpg\" alt=\"\" width=\"268\" height=\"300\" \/><\/a>Novi Pazar &#8211; Glavni muftija Muamer-ef. Zukorli\u0107 odr\u017eao je ju\u010der konferenciju za medije u Velikoj Sali Me\u0161ihata na kojoj je govorio o poku\u0161aju ubistva aktiviste Islamske zajednice Aldina Dika Dolovca od strane obezbje\u0111enja Ministra Ljaji\u0107a i pla\u0107enika GU Novi Paza Iksana Zejnelovi\u0107a, gdje nas izme\u0111u ostalog obavijestio o stanju Dolovca:<\/strong><\/p>\n<p>&#8220;Povod, ovog obra\u0107anja javnosti je, poku\u0161aj likvidacije Aldina Dika Dolovca, koji se desio oko 22:15h na gradskom \u0161etali\u0161tu u Novom Pazaru, u petak, od strane Iksana Zejnelovi\u0107a, pripadnika obezbe\u0111enja ministra Rasima Ljai\u0107a i gradona\u010delnika Meha Mahmutovi\u0107a, uposlenika gradske uprave u Novom Pazaru, koji je te ve\u010deri sa le\u0111a u Dolovca ispalio vi\u0161e hitaca iz vatrenog oru\u017eja, nanijev\u0161i mu te\u0161ke telesne povrede, nakon \u010dega je Dolovac hitno preba\u010den u novopazarsku bolnicu, gdje mu je ukazana pomo\u0107 i nakon vi\u0161e \u010dasovne hiru\u0161ke intervencije on se hvala Bogu za sada nalazi u stabilnom stanju, i kako ljekari ka\u017eu van je \u017eivotne opasnosti.<\/p>\n<p>Imao sam prilike posjetiti Dika Dolovca, koji mi je kazao da je te ve\u010deri prolazio na svom motociklu usporeno, ulicom koja se kri\u017ea sa gradskom \u0161etali\u0161tem na kome je bilo vi\u0161e stotina gra\u0111ana, te da je bo\u010dno sa zada prvo pogo\u0111en u prijedelu noge, nakon \u010dega je pao na zemlju, i ka\u017ee da je Zejnelovi\u0107 pri\u0161ao i ostale hice ispalio dok je le\u017eao na zemlji, ka\u017ee \u201e Podigao sam desnu ruku prema glavi i tada zadobio vi\u0161e hitaca u desnu ruku, koji su o\u010dito bili namijenjeni glavi\u201c..<\/p>\n<p>Imao sam prilike uvjeriti se svojim o\u010dima da na njegovom tijelu ima izme\u0111u 7 i 9 rana, tri u prijedelu desne ruke, dva u prijedelu stomaka i tri ili \u010detri u prijedelu nogu ili butina. Samo Allahova volja, da \u017eivot ovog mladog \u010dovjeka bude spa\u0161en, je zapravo presudila da on ostane u \u017eivotu. Prisutni gra\u0111ani, a sa nekoliko njih smo imali prilike i razgovarati su zaprepa\u0161teni na\u010dinom ovog ubistva u poku\u0161aju, mu\u010dkim, kukavi\u010dkim nastojanjem da se jedam mladi \u017eivot likvidira. Svi koji poznaju Aldina Dika Dolovca, znaju da je to jedna \u010dista du\u0161a koja ne misli nikome zlo.<\/p>\n<p>Diko Dolovac nije na platnom spisku Islamske zajednice, niti bilo koje ustanove ili organizacije pri Islamskoj zajednici, on je aktivista Islamske zajednice, volonter koji se uvijek stavljao na raspolaganje u raznim prigodama i aktivnostima Islamskoj zajednici, i drugim ustanovama pri Islamskoj zajednici.<\/p>\n<p>Nema nikakve sumnje da ovaj zlo\u010din nije bez pozadine, rije\u010d je o poru\u010denoj likvidaciji koja ima jasnu pozadinu i namjeru od strane poslodavaca ubice, a to je da se po\u0161alje poruka terora i straha prvo ljudima oko Muftije Sand\u017ea\u010dkog, dakle oko mene, drugo, \u0161alje se poruka terora svim aktivistima Islamske zajednice, koji o\u010dito predugo odoljevaju svim oblicima pritisaka, a znate da se protekle godine permanentno smenjuju koncepti \u201emrkve i \u0161tapa\u201c, potkupi ili zastra\u0161i&#8221; &#8211; kazao je Muftija.<\/p>\n<p>(Sand\u017eak PRESS)<\/p>\n","protected":false},"excerpt":{"rendered":"<p>Novi Pazar &#8211; Glavni muftija Muamer-ef. Zukorli\u0107 odr\u017eao je ju\u010der konferenciju za medije u Velikoj Sali Me\u0161ihata na kojoj je govorio o poku\u0161aju ubistva aktiviste Islamske zajednice Aldina Dika Dolovca od strane obezbje\u0111enja Ministra Ljaji\u0107a i pla\u0107enika GU Novi Paza Iksana Zejnelovi\u0107a, gdje nas izme\u0111u ostalog obavijestio o stanju Dolovca: &#8220;Povod, ovog obra\u0107anja javnosti je, [&hellip;]<\/p>\n","protected":false},"author":83,"featured_media":79752,"comment_status":"open","ping_status":"open","sticky":false,"template":"","format":"standard","meta":{"footnotes":""},"categories":[72,800,8957],"tags":[],"class_list":{"0":"post-79319","1":"post","2":"type-post","3":"status-publish","4":"format-standard","5":"has-post-thumbnail","7":"category-novi-pazar","8":"category-nacija","9":"category-vijesti-dana"},"yoast_head":"<!-- This site is optimized with the Yoast SEO Premium plugin v23.1 (Yoast SEO v24.9) - https:\/\/yoast.com\/wordpress\/plugins\/seo\/ -->\n<title>Preko 7 prostrijelnih rana Diko Dolovac juna\u010dki podnio!<\/title>\n<meta name=\"robots\" content=\"index, follow, max-snippet:-1, max-image-preview:large, max-video-preview:-1\" \/>\n<link rel=\"canonical\" href=\"https:\/\/sandzakpress.net\/arhiva\/preko-7-prostrijelnih-rana-na-tijelu-dika-dolovc-junak-diko\/\" \/>\n<meta property=\"og:locale\" content=\"bs_BA\" \/>\n<meta property=\"og:type\" content=\"article\" \/>\n<meta property=\"og:title\" content=\"Preko 7 prostrijelnih rana Diko Dolovac juna\u010dki podnio!\" \/>\n<meta property=\"og:description\" content=\"Novi Pazar &#8211; Glavni muftija Muamer-ef. Zukorli\u0107 odr\u017eao je ju\u010der konferenciju za medije u Velikoj Sali Me\u0161ihata na kojoj je govorio o poku\u0161aju ubistva aktiviste Islamske zajednice Aldina Dika Dolovca od strane obezbje\u0111enja Ministra Ljaji\u0107a i pla\u0107enika GU Novi Paza Iksana Zejnelovi\u0107a, gdje nas izme\u0111u ostalog obavijestio o stanju Dolovca: &#8220;Povod, ovog obra\u0107anja javnosti je, [&hellip;]\" \/>\n<meta property=\"og:url\" content=\"https:\/\/sandzakpress.net\/arhiva\/preko-7-prostrijelnih-rana-na-tijelu-dika-dolovc-junak-diko\/\" \/>\n<meta property=\"og:site_name\" content=\"Sand\u017eak PRESS\" \/>\n<meta property=\"article:published_time\" content=\"2013-06-17T14:30:25+00:00\" \/>\n<meta property=\"article:modified_time\" content=\"2013-06-22T15:02:41+00:00\" \/>\n<meta property=\"og:image\" content=\"https:\/\/sandzakpress.net\/arhiva\/wp-content\/uploads\/2013\/06\/DSC_0227.jpg\" \/>\n\t<meta property=\"og:image:width\" content=\"467\" \/>\n\t<meta property=\"og:image:height\" content=\"521\" \/>\n\t<meta property=\"og:image:type\" content=\"image\/jpeg\" \/>\n<meta name=\"author\" content=\"bosniak\" \/>\n<meta name=\"twitter:card\" content=\"summary_large_image\" \/>\n<meta name=\"twitter:label1\" content=\"Written by\" \/>\n\t<meta name=\"twitter:data1\" content=\"bosniak\" \/>\n\t<meta name=\"twitter:label2\" content=\"Est. reading time\" \/>\n\t<meta name=\"twitter:data2\" content=\"3 minute\" \/>\n<script type=\"application\/ld+json\" class=\"yoast-schema-graph\">{\"@context\":\"https:\/\/schema.org\",\"@graph\":[{\"@type\":\"Article\",\"@id\":\"https:\/\/sandzakpress.net\/arhiva\/preko-7-prostrijelnih-rana-na-tijelu-dika-dolovc-junak-diko\/#article\",\"isPartOf\":{\"@id\":\"https:\/\/sandzakpress.net\/arhiva\/preko-7-prostrijelnih-rana-na-tijelu-dika-dolovc-junak-diko\/\"},\"author\":{\"name\":\"bosniak\",\"@id\":\"https:\/\/sandzakpress.net\/arhiva\/#\/schema\/person\/c8baee722073534b583ea7bdb2e36c02\"},\"headline\":\"Preko 7 prostrijelnih rana Diko Dolovac juna\u010dki podnio!\",\"datePublished\":\"2013-06-17T14:30:25+00:00\",\"dateModified\":\"2013-06-22T15:02:41+00:00\",\"mainEntityOfPage\":{\"@id\":\"https:\/\/sandzakpress.net\/arhiva\/preko-7-prostrijelnih-rana-na-tijelu-dika-dolovc-junak-diko\/\"},\"wordCount\":518,\"commentCount\":13,\"publisher\":{\"@id\":\"https:\/\/sandzakpress.net\/arhiva\/#\/schema\/person\/6e72b67d6e51910a1117b3b483ba20bd\"},\"image\":{\"@id\":\"https:\/\/sandzakpress.net\/arhiva\/preko-7-prostrijelnih-rana-na-tijelu-dika-dolovc-junak-diko\/#primaryimage\"},\"thumbnailUrl\":\"https:\/\/sandzakpress.net\/arhiva\/wp-content\/uploads\/2013\/06\/DSC_0227.jpg\",\"articleSection\":[\"Novi Pazar\",\"Nacija\",\"VIJESTI DANA\"],\"inLanguage\":\"bs-BA\",\"potentialAction\":[{\"@type\":\"CommentAction\",\"name\":\"Comment\",\"target\":[\"https:\/\/sandzakpress.net\/arhiva\/preko-7-prostrijelnih-rana-na-tijelu-dika-dolovc-junak-diko\/#respond\"]}]},{\"@type\":\"WebPage\",\"@id\":\"https:\/\/sandzakpress.net\/arhiva\/preko-7-prostrijelnih-rana-na-tijelu-dika-dolovc-junak-diko\/\",\"url\":\"https:\/\/sandzakpress.net\/arhiva\/preko-7-prostrijelnih-rana-na-tijelu-dika-dolovc-junak-diko\/\",\"name\":\"Preko 7 prostrijelnih rana Diko Dolovac juna\u010dki podnio!\",\"isPartOf\":{\"@id\":\"https:\/\/sandzakpress.net\/arhiva\/#website\"},\"primaryImageOfPage\":{\"@id\":\"https:\/\/sandzakpress.net\/arhiva\/preko-7-prostrijelnih-rana-na-tijelu-dika-dolovc-junak-diko\/#primaryimage\"},\"image\":{\"@id\":\"https:\/\/sandzakpress.net\/arhiva\/preko-7-prostrijelnih-rana-na-tijelu-dika-dolovc-junak-diko\/#primaryimage\"},\"thumbnailUrl\":\"https:\/\/sandzakpress.net\/arhiva\/wp-content\/uploads\/2013\/06\/DSC_0227.jpg\",\"datePublished\":\"2013-06-17T14:30:25+00:00\",\"dateModified\":\"2013-06-22T15:02:41+00:00\",\"breadcrumb\":{\"@id\":\"https:\/\/sandzakpress.net\/arhiva\/preko-7-prostrijelnih-rana-na-tijelu-dika-dolovc-junak-diko\/#breadcrumb\"},\"inLanguage\":\"bs-BA\",\"potentialAction\":[{\"@type\":\"ReadAction\",\"target\":[\"https:\/\/sandzakpress.net\/arhiva\/preko-7-prostrijelnih-rana-na-tijelu-dika-dolovc-junak-diko\/\"]}]},{\"@type\":\"ImageObject\",\"inLanguage\":\"bs-BA\",\"@id\":\"https:\/\/sandzakpress.net\/arhiva\/preko-7-prostrijelnih-rana-na-tijelu-dika-dolovc-junak-diko\/#primaryimage\",\"url\":\"https:\/\/sandzakpress.net\/arhiva\/wp-content\/uploads\/2013\/06\/DSC_0227.jpg\",\"contentUrl\":\"https:\/\/sandzakpress.net\/arhiva\/wp-content\/uploads\/2013\/06\/DSC_0227.jpg\",\"width\":467,\"height\":521},{\"@type\":\"BreadcrumbList\",\"@id\":\"https:\/\/sandzakpress.net\/arhiva\/preko-7-prostrijelnih-rana-na-tijelu-dika-dolovc-junak-diko\/#breadcrumb\",\"itemListElement\":[{\"@type\":\"ListItem\",\"position\":1,\"name\":\"Home\",\"item\":\"https:\/\/sandzakpress.net\/arhiva\/\"},{\"@type\":\"ListItem\",\"position\":2,\"name\":\"Preko 7 prostrijelnih rana Diko Dolovac juna\u010dki podnio!\"}]},{\"@type\":\"WebSite\",\"@id\":\"https:\/\/sandzakpress.net\/arhiva\/#website\",\"url\":\"https:\/\/sandzakpress.net\/arhiva\/\",\"name\":\"Sand\u017eak PRESS\",\"description\":\"Prve elektronske novine u Sand\u017eaku\",\"publisher\":{\"@id\":\"https:\/\/sandzakpress.net\/arhiva\/#\/schema\/person\/6e72b67d6e51910a1117b3b483ba20bd\"},\"potentialAction\":[{\"@type\":\"SearchAction\",\"target\":{\"@type\":\"EntryPoint\",\"urlTemplate\":\"https:\/\/sandzakpress.net\/arhiva\/?s={search_term_string}\"},\"query-input\":{\"@type\":\"PropertyValueSpecification\",\"valueRequired\":true,\"valueName\":\"search_term_string\"}}],\"inLanguage\":\"bs-BA\"},{\"@type\":[\"Person\",\"Organization\"],\"@id\":\"https:\/\/sandzakpress.net\/arhiva\/#\/schema\/person\/6e72b67d6e51910a1117b3b483ba20bd\",\"name\":\"Kul\",\"image\":{\"@type\":\"ImageObject\",\"inLanguage\":\"bs-BA\",\"@id\":\"https:\/\/sandzakpress.net\/arhiva\/#\/schema\/person\/image\/\",\"url\":\"https:\/\/secure.gravatar.com\/avatar\/42263f39aa27ac04c43cab85c280eb2e?s=96&d=mm&r=pg\",\"contentUrl\":\"https:\/\/secure.gravatar.com\/avatar\/42263f39aa27ac04c43cab85c280eb2e?s=96&d=mm&r=pg\",\"caption\":\"Kul\"},\"logo\":{\"@id\":\"https:\/\/sandzakpress.net\/arhiva\/#\/schema\/person\/image\/\"}},{\"@type\":\"Person\",\"@id\":\"https:\/\/sandzakpress.net\/arhiva\/#\/schema\/person\/c8baee722073534b583ea7bdb2e36c02\",\"name\":\"bosniak\",\"image\":{\"@type\":\"ImageObject\",\"inLanguage\":\"bs-BA\",\"@id\":\"https:\/\/sandzakpress.net\/arhiva\/#\/schema\/person\/image\/\",\"url\":\"https:\/\/secure.gravatar.com\/avatar\/a04fd330bfe3a36a72a0ad4a6d89fca7?s=96&d=mm&r=pg\",\"contentUrl\":\"https:\/\/secure.gravatar.com\/avatar\/a04fd330bfe3a36a72a0ad4a6d89fca7?s=96&d=mm&r=pg\",\"caption\":\"bosniak\"},\"url\":\"https:\/\/sandzakpress.net\/arhiva\/author\/bosniak\/\"}]}<\/script>\n<!-- \/ Yoast SEO Premium plugin. -->","yoast_head_json":{"title":"Preko 7 prostrijelnih rana Diko Dolovac juna\u010dki podnio!","robots":{"index":"index","follow":"follow","max-snippet":"max-snippet:-1","max-image-preview":"max-image-preview:large","max-video-preview":"max-video-preview:-1"},"canonical":"https:\/\/sandzakpress.net\/arhiva\/preko-7-prostrijelnih-rana-na-tijelu-dika-dolovc-junak-diko\/","og_locale":"bs_BA","og_type":"article","og_title":"Preko 7 prostrijelnih rana Diko Dolovac juna\u010dki podnio!","og_description":"Novi Pazar &#8211; Glavni muftija Muamer-ef. Zukorli\u0107 odr\u017eao je ju\u010der konferenciju za medije u Velikoj Sali Me\u0161ihata na kojoj je govorio o poku\u0161aju ubistva aktiviste Islamske zajednice Aldina Dika Dolovca od strane obezbje\u0111enja Ministra Ljaji\u0107a i pla\u0107enika GU Novi Paza Iksana Zejnelovi\u0107a, gdje nas izme\u0111u ostalog obavijestio o stanju Dolovca: &#8220;Povod, ovog obra\u0107anja javnosti je, [&hellip;]","og_url":"https:\/\/sandzakpress.net\/arhiva\/preko-7-prostrijelnih-rana-na-tijelu-dika-dolovc-junak-diko\/","og_site_name":"Sand\u017eak PRESS","article_published_time":"2013-06-17T14:30:25+00:00","article_modified_time":"2013-06-22T15:02:41+00:00","og_image":[{"width":467,"height":521,"url":"https:\/\/sandzakpress.net\/arhiva\/wp-content\/uploads\/2013\/06\/DSC_0227.jpg","type":"image\/jpeg"}],"author":"bosniak","twitter_card":"summary_large_image","twitter_misc":{"Written by":"bosniak","Est. reading time":"3 minute"},"schema":{"@context":"https:\/\/schema.org","@graph":[{"@type":"Article","@id":"https:\/\/sandzakpress.net\/arhiva\/preko-7-prostrijelnih-rana-na-tijelu-dika-dolovc-junak-diko\/#article","isPartOf":{"@id":"https:\/\/sandzakpress.net\/arhiva\/preko-7-prostrijelnih-rana-na-tijelu-dika-dolovc-junak-diko\/"},"author":{"name":"bosniak","@id":"https:\/\/sandzakpress.net\/arhiva\/#\/schema\/person\/c8baee722073534b583ea7bdb2e36c02"},"headline":"Preko 7 prostrijelnih rana Diko Dolovac juna\u010dki podnio!","datePublished":"2013-06-17T14:30:25+00:00","dateModified":"2013-06-22T15:02:41+00:00","mainEntityOfPage":{"@id":"https:\/\/sandzakpress.net\/arhiva\/preko-7-prostrijelnih-rana-na-tijelu-dika-dolovc-junak-diko\/"},"wordCount":518,"commentCount":13,"publisher":{"@id":"https:\/\/sandzakpress.net\/arhiva\/#\/schema\/person\/6e72b67d6e51910a1117b3b483ba20bd"},"image":{"@id":"https:\/\/sandzakpress.net\/arhiva\/preko-7-prostrijelnih-rana-na-tijelu-dika-dolovc-junak-diko\/#primaryimage"},"thumbnailUrl":"https:\/\/sandzakpress.net\/arhiva\/wp-content\/uploads\/2013\/06\/DSC_0227.jpg","articleSection":["Novi Pazar","Nacija","VIJESTI DANA"],"inLanguage":"bs-BA","potentialAction":[{"@type":"CommentAction","name":"Comment","target":["https:\/\/sandzakpress.net\/arhiva\/preko-7-prostrijelnih-rana-na-tijelu-dika-dolovc-junak-diko\/#respond"]}]},{"@type":"WebPage","@id":"https:\/\/sandzakpress.net\/arhiva\/preko-7-prostrijelnih-rana-na-tijelu-dika-dolovc-junak-diko\/","url":"https:\/\/sandzakpress.net\/arhiva\/preko-7-prostrijelnih-rana-na-tijelu-dika-dolovc-junak-diko\/","name":"Preko 7 prostrijelnih rana Diko Dolovac juna\u010dki podnio!","isPartOf":{"@id":"https:\/\/sandzakpress.net\/arhiva\/#website"},"primaryImageOfPage":{"@id":"https:\/\/sandzakpress.net\/arhiva\/preko-7-prostrijelnih-rana-na-tijelu-dika-dolovc-junak-diko\/#primaryimage"},"image":{"@id":"https:\/\/sandzakpress.net\/arhiva\/preko-7-prostrijelnih-rana-na-tijelu-dika-dolovc-junak-diko\/#primaryimage"},"thumbnailUrl":"https:\/\/sandzakpress.net\/arhiva\/wp-content\/uploads\/2013\/06\/DSC_0227.jpg","datePublished":"2013-06-17T14:30:25+00:00","dateModified":"2013-06-22T15:02:41+00:00","breadcrumb":{"@id":"https:\/\/sandzakpress.net\/arhiva\/preko-7-prostrijelnih-rana-na-tijelu-dika-dolovc-junak-diko\/#breadcrumb"},"inLanguage":"bs-BA","potentialAction":[{"@type":"ReadAction","target":["https:\/\/sandzakpress.net\/arhiva\/preko-7-prostrijelnih-rana-na-tijelu-dika-dolovc-junak-diko\/"]}]},{"@type":"ImageObject","inLanguage":"bs-BA","@id":"https:\/\/sandzakpress.net\/arhiva\/preko-7-prostrijelnih-rana-na-tijelu-dika-dolovc-junak-diko\/#primaryimage","url":"https:\/\/sandzakpress.net\/arhiva\/wp-content\/uploads\/2013\/06\/DSC_0227.jpg","contentUrl":"https:\/\/sandzakpress.net\/arhiva\/wp-content\/uploads\/2013\/06\/DSC_0227.jpg","width":467,"height":521},{"@type":"BreadcrumbList","@id":"https:\/\/sandzakpress.net\/arhiva\/preko-7-prostrijelnih-rana-na-tijelu-dika-dolovc-junak-diko\/#breadcrumb","itemListElement":[{"@type":"ListItem","position":1,"name":"Home","item":"https:\/\/sandzakpress.net\/arhiva\/"},{"@type":"ListItem","position":2,"name":"Preko 7 prostrijelnih rana Diko Dolovac juna\u010dki podnio!"}]},{"@type":"WebSite","@id":"https:\/\/sandzakpress.net\/arhiva\/#website","url":"https:\/\/sandzakpress.net\/arhiva\/","name":"Sand\u017eak PRESS","description":"Prve elektronske novine u Sand\u017eaku","publisher":{"@id":"https:\/\/sandzakpress.net\/arhiva\/#\/schema\/person\/6e72b67d6e51910a1117b3b483ba20bd"},"potentialAction":[{"@type":"SearchAction","target":{"@type":"EntryPoint","urlTemplate":"https:\/\/sandzakpress.net\/arhiva\/?s={search_term_string}"},"query-input":{"@type":"PropertyValueSpecification","valueRequired":true,"valueName":"search_term_string"}}],"inLanguage":"bs-BA"},{"@type":["Person","Organization"],"@id":"https:\/\/sandzakpress.net\/arhiva\/#\/schema\/person\/6e72b67d6e51910a1117b3b483ba20bd","name":"Kul","image":{"@type":"ImageObject","inLanguage":"bs-BA","@id":"https:\/\/sandzakpress.net\/arhiva\/#\/schema\/person\/image\/","url":"https:\/\/secure.gravatar.com\/avatar\/42263f39aa27ac04c43cab85c280eb2e?s=96&d=mm&r=pg","contentUrl":"https:\/\/secure.gravatar.com\/avatar\/42263f39aa27ac04c43cab85c280eb2e?s=96&d=mm&r=pg","caption":"Kul"},"logo":{"@id":"https:\/\/sandzakpress.net\/arhiva\/#\/schema\/person\/image\/"}},{"@type":"Person","@id":"https:\/\/sandzakpress.net\/arhiva\/#\/schema\/person\/c8baee722073534b583ea7bdb2e36c02","name":"bosniak","image":{"@type":"ImageObject","inLanguage":"bs-BA","@id":"https:\/\/sandzakpress.net\/arhiva\/#\/schema\/person\/image\/","url":"https:\/\/secure.gravatar.com\/avatar\/a04fd330bfe3a36a72a0ad4a6d89fca7?s=96&d=mm&r=pg","contentUrl":"https:\/\/secure.gravatar.com\/avatar\/a04fd330bfe3a36a72a0ad4a6d89fca7?s=96&d=mm&r=pg","caption":"bosniak"},"url":"https:\/\/sandzakpress.net\/arhiva\/author\/bosniak\/"}]}},"_links":{"self":[{"href":"https:\/\/sandzakpress.net\/arhiva\/wp-json\/wp\/v2\/posts\/79319"}],"collection":[{"href":"https:\/\/sandzakpress.net\/arhiva\/wp-json\/wp\/v2\/posts"}],"about":[{"href":"https:\/\/sandzakpress.net\/arhiva\/wp-json\/wp\/v2\/types\/post"}],"author":[{"embeddable":true,"href":"https:\/\/sandzakpress.net\/arhiva\/wp-json\/wp\/v2\/users\/83"}],"replies":[{"embeddable":true,"href":"https:\/\/sandzakpress.net\/arhiva\/wp-json\/wp\/v2\/comments?post=79319"}],"version-history":[{"count":0,"href":"https:\/\/sandzakpress.net\/arhiva\/wp-json\/wp\/v2\/posts\/79319\/revisions"}],"wp:featuredmedia":[{"embeddable":true,"href":"https:\/\/sandzakpress.net\/arhiva\/wp-json\/wp\/v2\/media\/79752"}],"wp:attachment":[{"href":"https:\/\/sandzakpress.net\/arhiva\/wp-json\/wp\/v2\/media?parent=79319"}],"wp:term":[{"taxonomy":"category","embeddable":true,"href":"https:\/\/sandzakpress.net\/arhiva\/wp-json\/wp\/v2\/categories?post=79319"},{"taxonomy":"post_tag","embeddable":true,"href":"https:\/\/sandzakpress.net\/arhiva\/wp-json\/wp\/v2\/tags?post=79319"}],"curies":[{"name":"wp","href":"https:\/\/api.w.org\/{rel}","templated":true}]}}