{"id":79311,"date":"2013-06-17T14:07:10","date_gmt":"2013-06-17T12:07:10","guid":{"rendered":"https:\/\/sandzakpress.net\/arhiva\/?p=79311"},"modified":"2013-06-17T14:07:10","modified_gmt":"2013-06-17T12:07:10","slug":"eu-horizonti-i-za-sandzak-evropsku-regiju","status":"publish","type":"post","link":"https:\/\/sandzakpress.net\/arhiva\/eu-horizonti-i-za-sandzak-evropsku-regiju\/","title":{"rendered":"EU horizonti i za Sand\u017eak &#8211; Evropsku regiju"},"content":{"rendered":"<p><strong><\/strong><strong><span style=\"color: #000000; font-family: 'Times New Roman', serif; font-size: 14px; font-style: normal; font-variant: normal; font-weight: normal; letter-spacing: normal; line-height: 20px; orphans: auto; text-align: -webkit-left; text-indent: 0px; text-transform: none; white-space: normal; widows: auto; word-spacing: 0px; -webkit-text-stroke-width: 0px; background-color: #ffffff; display: inline !important; float: none;\"><strong><a href=\"https:\/\/sandzakpress.net\/arhiva\/wp-content\/uploads\/2013\/06\/Ceman_Celebic__Karl-Heinz-Lambertz_Alickovic121.jpg\"><img loading=\"lazy\" decoding=\"async\" class=\"alignleft size-medium wp-image-79312\" title=\"Ceman_Celebic__Karl-Heinz-Lambertz_Alickovic121\" src=\"https:\/\/sandzakpress.net\/arhiva\/wp-content\/uploads\/2013\/06\/Ceman_Celebic__Karl-Heinz-Lambertz_Alickovic121-300x239.jpg\" alt=\"\" width=\"300\" height=\"239\" srcset=\"https:\/\/sandzakpress.net\/arhiva\/wp-content\/uploads\/2013\/06\/Ceman_Celebic__Karl-Heinz-Lambertz_Alickovic121-300x239.jpg 300w, https:\/\/sandzakpress.net\/arhiva\/wp-content\/uploads\/2013\/06\/Ceman_Celebic__Karl-Heinz-Lambertz_Alickovic121.jpg 600w\" sizes=\"(max-width: 300px) 100vw, 300px\" \/><\/a>Belgija &#8211; U petak, 14. juna 2013 na poziv<span class=\"Apple-converted-space\"> <\/span><\/strong><\/span><\/strong><strong><\/strong><strong><span style=\"color: #000000; font-family: 'Times New Roman', serif; font-size: 14px; font-style: normal; font-variant: normal; font-weight: normal; letter-spacing: normal; line-height: 20px; orphans: auto; text-align: -webkit-left; text-indent: 0px; text-transform: none; white-space: normal; widows: auto; word-spacing: 0px; -webkit-text-stroke-width: 0px; background-color: #ffffff; display: inline !important; float: none;\"><strong>B<span class=\"Apple-converted-space\"><\/span><\/strong><\/span><span style=\"color: #000000; font-family: 'Times New Roman', serif; font-size: 14px; font-style: normal; font-variant: normal; letter-spacing: normal; line-height: 20px; orphans: auto; text-align: -webkit-left; text-indent: 0px; text-transform: none; white-space: normal; widows: auto; word-spacing: 0px; -webkit-text-stroke-width: 0px; background-color: #ffffff;\">Karl-Heinz-Lambertz,<\/span><\/strong><span style=\"color: #000000; font-family: 'Times New Roman', serif; font-size: 14px; font-style: normal; font-variant: normal; font-weight: normal; letter-spacing: normal; line-height: 20px; orphans: auto; text-align: -webkit-left; text-indent: 0px; text-transform: none; white-space: normal; widows: auto; word-spacing: 0px; -webkit-text-stroke-width: 0px; background-color: #ffffff; display: inline !important; float: none;\"><strong><span class=\"Apple-converted-space\"> <\/span>predsjednika Euregio Maas-Rhein, koji je ujedno i premijer DG Regiona u Belgiji, kao i istaknuti evropski politi\u010dar u Briselu, sa posebnim anga\u017emanom po pitanju evropskih regiona, predsjednik Odbora za regionale integracije u Evropskom parlamentu, te ujedno i predsjednik Yajednice evropskih regiona kojih postoji 182 u Evropi, odazvali su se predsjednici bo\u0161nja\u010dkih organizacija<\/strong>:<\/span><br style=\"color: #000000; font-family: 'Times New Roman', serif; font-size: 14px; font-style: normal; font-variant: normal; font-weight: normal; letter-spacing: normal; line-height: 20px; orphans: auto; text-align: -webkit-left; text-indent: 0px; text-transform: none; white-space: normal; widows: auto; word-spacing: 0px; -webkit-text-stroke-width: 0px; background-color: #ffffff;\" \/><br style=\"color: #000000; font-family: 'Times New Roman', serif; font-size: 14px; font-style: normal; font-variant: normal; font-weight: normal; letter-spacing: normal; line-height: 20px; orphans: auto; text-align: -webkit-left; text-indent: 0px; text-transform: none; white-space: normal; widows: auto; word-spacing: 0px; -webkit-text-stroke-width: 0px; background-color: #ffffff;\" \/><\/p>\n<table style=\"color: #000000; font-family: 'Times New Roman', serif; font-size: 14px; font-style: normal; font-variant: normal; font-weight: normal; letter-spacing: normal; line-height: 20px; orphans: auto; text-indent: 0px; text-transform: none; white-space: normal; widows: auto; word-spacing: 0px; -webkit-text-stroke-width: 0px;\" border=\"0\" cellspacing=\"0\" cellpadding=\"5\" width=\"350\" align=\"right\" bgcolor=\"Gainsboro\">\n<tbody>\n<tr>\n<td style=\"font-family: Arial, sans-serif; font-size: 12px; color: #000000;\" align=\"left\"><span style=\"color: black;\">A gje je taj Sand\u017eak, da prosti\u0161?<span class=\"Apple-converted-space\"> <\/span><br \/>\n<a style=\"text-decoration: none; color: black;\" rel=\"lightbox\" href=\"http:\/\/www.bosnjaci.net\/foto\/barknjizara_big.jpg\"><img decoding=\"async\" src=\"http:\/\/www.bosnjaci.net\/foto\/350_A_gje_je_Sandzak_Sulejman_Alickovic_i_predsjednik_Lambertz.jpg\" border=\"0\" alt=\"\" width=\"350\" \/><\/a><br \/>\nSulejman Ali\u010dkovi\u0107 pokazuje predsjedniku Lambertzu teritorijalni polo\u017eaj Sand\u017eaka. Peter Sch\u00f6ner (lijevo) i Zaim \u010celebi\u0107 (desno) prate sa pozorno\u0161\u0107u<span class=\"Apple-converted-space\"> <\/span><br \/>\n<a style=\"text-decoration: none; color: black;\" rel=\"lightbox\" href=\"http:\/\/www.bosnjaci.net\/foto\/Sa_Shonenom_Ceman_i_Celebic.jpg\"><img decoding=\"async\" src=\"http:\/\/www.bosnjaci.net\/foto\/350_Sa_Shonenom_Ceman_i_Celebic.jpg\" border=\"0\" alt=\"\" width=\"350\" \/><\/a><br \/>\nSch\u00f6ner i \u0106eman prate izlaganje \u010celebi\u0107a<br \/>\n<a style=\"text-decoration: none; color: black;\" rel=\"lightbox\" href=\"http:\/\/www.bosnjaci.net\/foto\/Sandzak_Celebic_i_drugi.jpg\"><img decoding=\"async\" src=\"http:\/\/www.bosnjaci.net\/foto\/350_Sandzak_Celebic_i_drugi.jpg\" border=\"0\" alt=\"\" width=\"350\" \/><\/a><\/span><\/td>\n<\/tr>\n<\/tbody>\n<\/table>\n<p><br style=\"color: #000000; font-family: 'Times New Roman', serif; font-size: 14px; font-style: normal; font-variant: normal; font-weight: normal; letter-spacing: normal; line-height: 20px; orphans: auto; text-align: -webkit-left; text-indent: 0px; text-transform: none; white-space: normal; widows: auto; word-spacing: 0px; -webkit-text-stroke-width: 0px; background-color: #ffffff;\" \/><span style=\"color: #000000; font-family: 'Times New Roman', serif; font-size: 14px; font-style: normal; font-variant: normal; font-weight: normal; letter-spacing: normal; line-height: 20px; orphans: auto; text-align: -webkit-left; text-indent: 0px; text-transform: none; white-space: normal; widows: auto; word-spacing: 0px; -webkit-text-stroke-width: 0px; background-color: #ffffff; display: inline !important; float: none;\">HG Sand\u017eak Euregio iz Aachena (Njema\u010dka) kojeg je predstavljao predsjednik<span class=\"Apple-converted-space\"> <\/span><\/span><strong style=\"color: #000000; font-family: 'Times New Roman', serif; font-size: 14px; font-style: normal; font-variant: normal; letter-spacing: normal; line-height: 20px; orphans: auto; text-align: -webkit-left; text-indent: 0px; text-transform: none; white-space: normal; widows: auto; word-spacing: 0px; -webkit-text-stroke-width: 0px; background-color: #ffffff;\">Zaim \u010celebi\u0107<\/strong><span style=\"color: #000000; font-family: 'Times New Roman', serif; font-size: 14px; font-style: normal; font-variant: normal; font-weight: normal; letter-spacing: normal; line-height: 20px; orphans: auto; text-align: -webkit-left; text-indent: 0px; text-transform: none; white-space: normal; widows: auto; word-spacing: 0px; -webkit-text-stroke-width: 0px; background-color: #ffffff; display: inline !important; float: none;\">, Bo\u0161nja\u010dku kulturnu zajednicu u Belgiji je predstavljao predsjednik<\/span><strong style=\"color: #000000; font-family: 'Times New Roman', serif; font-size: 14px; font-style: normal; font-variant: normal; letter-spacing: normal; line-height: 20px; orphans: auto; text-align: -webkit-left; text-indent: 0px; text-transform: none; white-space: normal; widows: auto; word-spacing: 0px; -webkit-text-stroke-width: 0px; background-color: #ffffff;\">Ned\u017ead \u0106eman<\/strong><span style=\"color: #000000; font-family: 'Times New Roman', serif; font-size: 14px; font-style: normal; font-variant: normal; font-weight: normal; letter-spacing: normal; line-height: 20px; orphans: auto; text-align: -webkit-left; text-indent: 0px; text-transform: none; white-space: normal; widows: auto; word-spacing: 0px; -webkit-text-stroke-width: 0px; background-color: #ffffff; display: inline !important; float: none;\">, kao i etnolog profesor<\/span><strong style=\"color: #000000; font-family: 'Times New Roman', serif; font-size: 14px; font-style: normal; font-variant: normal; letter-spacing: normal; line-height: 20px; orphans: auto; text-align: -webkit-left; text-indent: 0px; text-transform: none; white-space: normal; widows: auto; word-spacing: 0px; -webkit-text-stroke-width: 0px; background-color: #ffffff;\"><span class=\"Apple-converted-space\"> <\/span>Sulejman Ali\u010dkovi\u0107<\/strong><span style=\"color: #000000; font-family: 'Times New Roman', serif; font-size: 14px; font-style: normal; font-variant: normal; font-weight: normal; letter-spacing: normal; line-height: 20px; orphans: auto; text-align: -webkit-left; text-indent: 0px; text-transform: none; white-space: normal; widows: auto; word-spacing: 0px; -webkit-text-stroke-width: 0px; background-color: #ffffff; display: inline !important; float: none;\">, autor vi\u0161e knjiga.<span class=\"Apple-converted-space\"> <\/span><\/span><br style=\"color: #000000; font-family: 'Times New Roman', serif; font-size: 14px; font-style: normal; font-variant: normal; font-weight: normal; letter-spacing: normal; line-height: 20px; orphans: auto; text-align: -webkit-left; text-indent: 0px; text-transform: none; white-space: normal; widows: auto; word-spacing: 0px; -webkit-text-stroke-width: 0px; background-color: #ffffff;\" \/><br style=\"color: #000000; font-family: 'Times New Roman', serif; font-size: 14px; font-style: normal; font-variant: normal; font-weight: normal; letter-spacing: normal; line-height: 20px; orphans: auto; text-align: -webkit-left; text-indent: 0px; text-transform: none; white-space: normal; widows: auto; word-spacing: 0px; -webkit-text-stroke-width: 0px; background-color: #ffffff;\" \/><span style=\"color: #000000; font-family: 'Times New Roman', serif; font-size: 14px; font-style: normal; font-variant: normal; font-weight: normal; letter-spacing: normal; line-height: 20px; orphans: auto; text-align: -webkit-left; text-indent: 0px; text-transform: none; white-space: normal; widows: auto; word-spacing: 0px; -webkit-text-stroke-width: 0px; background-color: #ffffff; display: inline !important; float: none;\">Radni sastanak su uveli\u010dali i<span class=\"Apple-converted-space\"> <\/span><\/span><strong style=\"color: #000000; font-family: 'Times New Roman', serif; font-size: 14px; font-style: normal; font-variant: normal; letter-spacing: normal; line-height: 20px; orphans: auto; text-align: -webkit-left; text-indent: 0px; text-transform: none; white-space: normal; widows: auto; word-spacing: 0px; -webkit-text-stroke-width: 0px; background-color: #ffffff;\">Monique Wey<\/strong><span style=\"color: #000000; font-family: 'Times New Roman', serif; font-size: 14px; font-style: normal; font-variant: normal; font-weight: normal; letter-spacing: normal; line-height: 20px; orphans: auto; text-align: -webkit-left; text-indent: 0px; text-transform: none; white-space: normal; widows: auto; word-spacing: 0px; -webkit-text-stroke-width: 0px; background-color: #ffffff; display: inline !important; float: none;\">, \u0161ef protokola,<span class=\"Apple-converted-space\"> <\/span><\/span><strong style=\"color: #000000; font-family: 'Times New Roman', serif; font-size: 14px; font-style: normal; font-variant: normal; letter-spacing: normal; line-height: 20px; orphans: auto; text-align: -webkit-left; text-indent: 0px; text-transform: none; white-space: normal; widows: auto; word-spacing: 0px; -webkit-text-stroke-width: 0px; background-color: #ffffff;\">Peter Sch\u00f6ner<\/strong><span style=\"color: #000000; font-family: 'Times New Roman', serif; font-size: 14px; font-style: normal; font-variant: normal; font-weight: normal; letter-spacing: normal; line-height: 20px; orphans: auto; text-align: -webkit-left; text-indent: 0px; text-transform: none; white-space: normal; widows: auto; word-spacing: 0px; -webkit-text-stroke-width: 0px; background-color: #ffffff; display: inline !important; float: none;\">, predsjednik Evropskog dru\u0161tva za dru\u0161tveno politi\u010dko obrazovanje kao i<\/span><strong style=\"color: #000000; font-family: 'Times New Roman', serif; font-size: 14px; font-style: normal; font-variant: normal; letter-spacing: normal; line-height: 20px; orphans: auto; text-align: -webkit-left; text-indent: 0px; text-transform: none; white-space: normal; widows: auto; word-spacing: 0px; -webkit-text-stroke-width: 0px; background-color: #ffffff;\">Annelene Adolphs<\/strong><span style=\"color: #000000; font-family: 'Times New Roman', serif; font-size: 14px; font-style: normal; font-variant: normal; font-weight: normal; letter-spacing: normal; line-height: 20px; orphans: auto; text-align: -webkit-left; text-indent: 0px; text-transform: none; white-space: normal; widows: auto; word-spacing: 0px; -webkit-text-stroke-width: 0px; background-color: #ffffff; display: inline !important; float: none;\">, generalni sekretar.<\/span><br style=\"color: #000000; font-family: 'Times New Roman', serif; font-size: 14px; font-style: normal; font-variant: normal; font-weight: normal; letter-spacing: normal; line-height: 20px; orphans: auto; text-align: -webkit-left; text-indent: 0px; text-transform: none; white-space: normal; widows: auto; word-spacing: 0px; -webkit-text-stroke-width: 0px; background-color: #ffffff;\" \/><br style=\"color: #000000; font-family: 'Times New Roman', serif; font-size: 14px; font-style: normal; font-variant: normal; font-weight: normal; letter-spacing: normal; line-height: 20px; orphans: auto; text-align: -webkit-left; text-indent: 0px; text-transform: none; white-space: normal; widows: auto; word-spacing: 0px; -webkit-text-stroke-width: 0px; background-color: #ffffff;\" \/><span style=\"color: #000000; font-family: 'Times New Roman', serif; font-size: 14px; font-style: normal; font-variant: normal; font-weight: normal; letter-spacing: normal; line-height: 20px; orphans: auto; text-align: -webkit-left; text-indent: 0px; text-transform: none; white-space: normal; widows: auto; word-spacing: 0px; -webkit-text-stroke-width: 0px; background-color: #ffffff; display: inline !important; float: none;\">Sastanak je odr\u017ean u belgijskom gradu Eupenu koji se nalazi u trokutu koji prave tri grada i tri dr\u017eave Lijez-Belgija, Mastriht-Holandija i Aachen \u2013 Njemacka, tako da ta tri grada \u010dine bezgrani\u010dnu Euregiu nazvanu Maas-Rhein.<\/span><br style=\"color: #000000; font-family: 'Times New Roman', serif; font-size: 14px; font-style: normal; font-variant: normal; font-weight: normal; letter-spacing: normal; line-height: 20px; orphans: auto; text-align: -webkit-left; text-indent: 0px; text-transform: none; white-space: normal; widows: auto; word-spacing: 0px; -webkit-text-stroke-width: 0px; background-color: #ffffff;\" \/><br style=\"color: #000000; font-family: 'Times New Roman', serif; font-size: 14px; font-style: normal; font-variant: normal; font-weight: normal; letter-spacing: normal; line-height: 20px; orphans: auto; text-align: -webkit-left; text-indent: 0px; text-transform: none; white-space: normal; widows: auto; word-spacing: 0px; -webkit-text-stroke-width: 0px; background-color: #ffffff;\" \/><span style=\"color: #000000; font-family: 'Times New Roman', serif; font-size: 14px; font-style: normal; font-variant: normal; font-weight: normal; letter-spacing: normal; line-height: 20px; orphans: auto; text-align: -webkit-left; text-indent: 0px; text-transform: none; white-space: normal; widows: auto; word-spacing: 0px; -webkit-text-stroke-width: 0px; background-color: #ffffff; display: inline !important; float: none;\">Sastanak je po\u010deo izlaganjem gospodina \u010celebi\u0107a koji je upoznao prisutne sa programom i ciljevima novo osnovanog udru\u017eenja H.G. Sand\u017eak, kao i ljudskim resursima koje Sand\u017eak posjeduje i naglasio da uspje\u0161na integracija sand\u017ea\u010dke imigracije u Euregio Mass-Rhein pokazuje o kvalitetima i spremnosti istih da budu most povezivanja izme\u0111u sand\u017ea\u010dke regije i Euregio Mass-Rhein.<\/span><br style=\"color: #000000; font-family: 'Times New Roman', serif; font-size: 14px; font-style: normal; font-variant: normal; font-weight: normal; letter-spacing: normal; line-height: 20px; orphans: auto; text-align: -webkit-left; text-indent: 0px; text-transform: none; white-space: normal; widows: auto; word-spacing: 0px; -webkit-text-stroke-width: 0px; background-color: #ffffff;\" \/><br style=\"color: #000000; font-family: 'Times New Roman', serif; font-size: 14px; font-style: normal; font-variant: normal; font-weight: normal; letter-spacing: normal; line-height: 20px; orphans: auto; text-align: -webkit-left; text-indent: 0px; text-transform: none; white-space: normal; widows: auto; word-spacing: 0px; -webkit-text-stroke-width: 0px; background-color: #ffffff;\" \/><span style=\"color: #000000; font-family: 'Times New Roman', serif; font-size: 14px; font-style: normal; font-variant: normal; font-weight: normal; letter-spacing: normal; line-height: 20px; orphans: auto; text-align: -webkit-left; text-indent: 0px; text-transform: none; white-space: normal; widows: auto; word-spacing: 0px; -webkit-text-stroke-width: 0px; background-color: #ffffff; display: inline !important; float: none;\">Gospodin \u0106eman je govorio o trenutnom ekonomskom stanju u Sand\u017eaku i regionu gdje je akcenat podvu\u010den na postoje\u0107e ideolo\u0161ko-politi\u010dke prepreke koje \u010dine \u017eivot stanovnika Sand\u017eaka i regiona jako komplikovanim i nezbrinutim i dodao da model Euregio Mass-Rhein je nepobitno i trajno rje\u0161enje za sada\u0161nju lo\u0161u situaciju kao i za svjetliju budu\u0107nost naroda koji \u017eive u tom regionu. \u0106eman je zatra\u017eio od presjednika Euregio Mass-Rhein da u\u0107ini sve \u0111to je u njegovoj mo\u0107i i mogu\u0107nosti da se pitanje Sand\u017eaka stavi na dnevni red evropskih institucija i da rje\u0161ava na savremen na\u010din kroz evropske institucije, i da se ne daje prostora za dnevnopoliti\u010dke sukobe u regionu.<\/span><br style=\"color: #000000; font-family: 'Times New Roman', serif; font-size: 14px; font-style: normal; font-variant: normal; font-weight: normal; letter-spacing: normal; line-height: 20px; orphans: auto; text-align: -webkit-left; text-indent: 0px; text-transform: none; white-space: normal; widows: auto; word-spacing: 0px; -webkit-text-stroke-width: 0px; background-color: #ffffff;\" \/><span style=\"color: #000000; font-family: 'Times New Roman', serif; font-size: 14px; font-style: normal; font-variant: normal; font-weight: normal; letter-spacing: normal; line-height: 20px; orphans: auto; text-align: -webkit-left; text-indent: 0px; text-transform: none; white-space: normal; widows: auto; word-spacing: 0px; -webkit-text-stroke-width: 0px; background-color: #ffffff; display: inline !important; float: none;\">Gospodin Ali\u010dkovi\u0107 je napravio historisku retrospektivu Sand\u017eaka uz nepobitne dokaze da se radi o prostoru koji je bio cjelina kako etni\u010dka tako i geografska u trajanju od preko 500 godina i da su povla\u010denjem novih granica i uspostavljanjem nezavisnosti Crne Gore i Srbije, regija Sand\u017eak dovedena u nepovoljnu situaciju. Etnolog Ali\u010dkovi\u0107 je u svom izlaganju naglasio da je \u017eelja gra\u0111ana Sand\u017eaka da budu ravnopravni gra\u0111ani kojima su njihova prava zagarantovana evropskim zakonima.<\/span><br style=\"color: #000000; font-family: 'Times New Roman', serif; font-size: 14px; font-style: normal; font-variant: normal; font-weight: normal; letter-spacing: normal; line-height: 20px; orphans: auto; text-align: -webkit-left; text-indent: 0px; text-transform: none; white-space: normal; widows: auto; word-spacing: 0px; -webkit-text-stroke-width: 0px; background-color: #ffffff;\" \/><br style=\"color: #000000; font-family: 'Times New Roman', serif; font-size: 14px; font-style: normal; font-variant: normal; font-weight: normal; letter-spacing: normal; line-height: 20px; orphans: auto; text-align: -webkit-left; text-indent: 0px; text-transform: none; white-space: normal; widows: auto; word-spacing: 0px; -webkit-text-stroke-width: 0px; background-color: #ffffff;\" \/><span style=\"color: #000000; font-family: 'Times New Roman', serif; font-size: 14px; font-style: normal; font-variant: normal; font-weight: normal; letter-spacing: normal; line-height: 20px; orphans: auto; text-align: -webkit-left; text-indent: 0px; text-transform: none; white-space: normal; widows: auto; word-spacing: 0px; -webkit-text-stroke-width: 0px; background-color: #ffffff; display: inline !important; float: none;\">Predsjednik Karl-Heinz-Lambertz je pa\u017eljivo saslu\u0161ao izlaga\u010de i na ono \u0161to je \u010duo izrazio je jake simpatije prema ideji izlaga\u010da, pohvalio je sand\u017ea\u010dke emigrante i doseljenike u njegovoj regiji. On je naglasio da je prepoznao problematiku izlaga\u010da, jer je to sli\u010dnost sa problemima koji su regioni Njema\u010dke i Belgije imali prije nekoliko decenija, kao i specifi\u010dnosti begijskog federalizma.<\/span><br style=\"color: #000000; font-family: 'Times New Roman', serif; font-size: 14px; font-style: normal; font-variant: normal; font-weight: normal; letter-spacing: normal; line-height: 20px; orphans: auto; text-align: -webkit-left; text-indent: 0px; text-transform: none; white-space: normal; widows: auto; word-spacing: 0px; -webkit-text-stroke-width: 0px; background-color: #ffffff;\" \/><br style=\"color: #000000; font-family: 'Times New Roman', serif; font-size: 14px; font-style: normal; font-variant: normal; font-weight: normal; letter-spacing: normal; line-height: 20px; orphans: auto; text-align: -webkit-left; text-indent: 0px; text-transform: none; white-space: normal; widows: auto; word-spacing: 0px; -webkit-text-stroke-width: 0px; background-color: #ffffff;\" \/><span style=\"color: #000000; font-family: 'Times New Roman', serif; font-size: 14px; font-style: normal; font-variant: normal; font-weight: normal; letter-spacing: normal; line-height: 20px; orphans: auto; text-align: -webkit-left; text-indent: 0px; text-transform: none; white-space: normal; widows: auto; word-spacing: 0px; -webkit-text-stroke-width: 0px; background-color: #ffffff; display: inline !important; float: none;\">Predsjednik Karl-Heinz-Lambertz je ponudio bo\u0161nja\u010dkim organizacijama saradnju stavljaju\u0107i im na raspolaganje svoje savjetnike i prostorije svojeg kabineta ujedno ih pozvao na Samit evropskih regiona koji \u0107e se odr\u017eati krajem ove godine u belgijskom gradu Lije\u017eu 7., 8. i 9. novembra. Predsjednik Karl-Heinz-Lambertz je predlo\u017eio da se u skoroj budu\u0107nosti odr\u017ei konferncija izme\u0111u predstavnika Evropske unije, lokalnih zajednica sa Sand\u017eaka, kao i predstavnika dr\u017eava Srbije i Crne Gore, nagla\u0161avaju\u0107i da treba otvoriti diskusije u Evropskom parlamentu na temu Sand\u017eak, zatim je dodao da dr\u017eave Crna Gora i Srbija u ovakvoj teritorijalnoj organizaciji mogu biti jedino dobitinici gdje ih o\u010dekuju milioni eura iz fondova Evropske unije.<\/span><br style=\"color: #000000; font-family: 'Times New Roman', serif; font-size: 14px; font-style: normal; font-variant: normal; font-weight: normal; letter-spacing: normal; line-height: 20px; orphans: auto; text-align: -webkit-left; text-indent: 0px; text-transform: none; white-space: normal; widows: auto; word-spacing: 0px; -webkit-text-stroke-width: 0px; background-color: #ffffff;\" \/><br style=\"color: #000000; font-family: 'Times New Roman', serif; font-size: 14px; font-style: normal; font-variant: normal; font-weight: normal; letter-spacing: normal; line-height: 20px; orphans: auto; text-align: -webkit-left; text-indent: 0px; text-transform: none; white-space: normal; widows: auto; word-spacing: 0px; -webkit-text-stroke-width: 0px; background-color: #ffffff;\" \/><span style=\"color: #000000; font-family: 'Times New Roman', serif; font-size: 14px; font-style: normal; font-variant: normal; font-weight: normal; letter-spacing: normal; line-height: 20px; orphans: auto; text-align: -webkit-left; text-indent: 0px; text-transform: none; white-space: normal; widows: auto; word-spacing: 0px; -webkit-text-stroke-width: 0px; background-color: #ffffff; display: inline !important; float: none;\">Peter Sch\u00f6ner, predsjednik Evropskog dru\u0161tva za dru\u0161tveno politi\u010dko obrazovanje izrazio jake \u017eelje da pomogne na ovom za njega vrlo va\u017enom projektu i dodao da 182 evropske regije su primjer spajanja i mimoila\u017eenja problema koji u nekim slu\u010dajevima vjekovima postoje.<span class=\"Apple-converted-space\"> <\/span><\/span><br style=\"color: #000000; font-family: 'Times New Roman', serif; font-size: 14px; font-style: normal; font-variant: normal; font-weight: normal; letter-spacing: normal; line-height: 20px; orphans: auto; text-align: -webkit-left; text-indent: 0px; text-transform: none; white-space: normal; widows: auto; word-spacing: 0px; -webkit-text-stroke-width: 0px; background-color: #ffffff;\" \/><br style=\"color: #000000; font-family: 'Times New Roman', serif; font-size: 14px; font-style: normal; font-variant: normal; font-weight: normal; letter-spacing: normal; line-height: 20px; orphans: auto; text-align: -webkit-left; text-indent: 0px; text-transform: none; white-space: normal; widows: auto; word-spacing: 0px; -webkit-text-stroke-width: 0px; background-color: #ffffff;\" \/><span style=\"color: #000000; font-family: 'Times New Roman', serif; font-size: 14px; font-style: normal; font-variant: normal; font-weight: normal; letter-spacing: normal; line-height: 20px; orphans: auto; text-align: -webkit-left; text-indent: 0px; text-transform: none; white-space: normal; widows: auto; word-spacing: 0px; -webkit-text-stroke-width: 0px; background-color: #ffffff; display: inline !important; float: none;\">U zavr\u0161noj rije\u010di predsjednik Karl-Heinz-Lambertz je pozvao prisutne da zajedni\u010dki obi\u0111u prostorije Euregio Maas-Rhein i DG Regiona sa \u017eeljom da se u \u0161to kra\u0107em roku u njima ponovo susretne sa prestavnicima sand\u017ea\u010dkih organizacija.<\/span><br style=\"color: #000000; font-family: 'Times New Roman', serif; font-size: 14px; font-style: normal; font-variant: normal; font-weight: normal; letter-spacing: normal; line-height: 20px; orphans: auto; text-align: -webkit-left; text-indent: 0px; text-transform: none; white-space: normal; widows: auto; word-spacing: 0px; -webkit-text-stroke-width: 0px; background-color: #ffffff;\" \/><br style=\"color: #000000; font-family: 'Times New Roman', serif; font-size: 14px; font-style: normal; font-variant: normal; font-weight: normal; letter-spacing: normal; line-height: 20px; orphans: auto; text-align: -webkit-left; text-indent: 0px; text-transform: none; white-space: normal; widows: auto; word-spacing: 0px; -webkit-text-stroke-width: 0px; background-color: #ffffff;\" \/><span style=\"color: #000000; font-family: 'Times New Roman', serif; font-size: 14px; font-style: normal; font-variant: normal; font-weight: normal; letter-spacing: normal; line-height: 20px; orphans: auto; text-align: -webkit-left; text-indent: 0px; text-transform: none; white-space: normal; widows: auto; word-spacing: 0px; -webkit-text-stroke-width: 0px; background-color: #ffffff; display: inline !important; float: none;\">Sastanak je zavr\u0161en uz zajedni\u010dki ru\u010dak, javlja Press centar Bkz-Belgium.<\/span><\/p>\n<p><span style=\"color: #000000; font-family: 'Times New Roman', serif; font-size: 14px; font-style: normal; font-variant: normal; font-weight: normal; letter-spacing: normal; line-height: 20px; orphans: auto; text-align: -webkit-left; text-indent: 0px; text-transform: none; white-space: normal; widows: auto; word-spacing: 0px; -webkit-text-stroke-width: 0px; background-color: #ffffff; display: inline !important; float: none;\">(b.net)<br \/>\n<\/span><\/p>\n","protected":false},"excerpt":{"rendered":"<p>Belgija &#8211; U petak, 14. juna 2013 na poziv BKarl-Heinz-Lambertz, predsjednika Euregio Maas-Rhein, koji je ujedno i premijer DG Regiona u Belgiji, kao i istaknuti evropski politi\u010dar u Briselu, sa posebnim anga\u017emanom po pitanju evropskih regiona, predsjednik Odbora za regionale integracije u Evropskom parlamentu, te ujedno i predsjednik Yajednice evropskih regiona kojih postoji 182 u [&hellip;]<\/p>\n","protected":false},"author":33,"featured_media":79312,"comment_status":"open","ping_status":"open","sticky":false,"template":"","format":"standard","meta":{"footnotes":""},"categories":[800,9548],"tags":[],"class_list":{"0":"post-79311","1":"post","2":"type-post","3":"status-publish","4":"format-standard","5":"has-post-thumbnail","7":"category-nacija","8":"category-belgija-dijaspora-gradovi-vase-vijesti"},"yoast_head":"<!-- This site is optimized with the Yoast SEO Premium plugin v23.1 (Yoast SEO v24.9) - https:\/\/yoast.com\/wordpress\/plugins\/seo\/ -->\n<title>EU horizonti i za Sand\u017eak - Evropsku regiju<\/title>\n<meta name=\"robots\" content=\"index, follow, max-snippet:-1, max-image-preview:large, max-video-preview:-1\" \/>\n<link rel=\"canonical\" href=\"https:\/\/sandzakpress.net\/arhiva\/eu-horizonti-i-za-sandzak-evropsku-regiju\/\" \/>\n<meta property=\"og:locale\" content=\"bs_BA\" \/>\n<meta property=\"og:type\" content=\"article\" \/>\n<meta property=\"og:title\" content=\"EU horizonti i za Sand\u017eak - Evropsku regiju\" \/>\n<meta property=\"og:description\" content=\"Belgija &#8211; U petak, 14. juna 2013 na poziv BKarl-Heinz-Lambertz, predsjednika Euregio Maas-Rhein, koji je ujedno i premijer DG Regiona u Belgiji, kao i istaknuti evropski politi\u010dar u Briselu, sa posebnim anga\u017emanom po pitanju evropskih regiona, predsjednik Odbora za regionale integracije u Evropskom parlamentu, te ujedno i predsjednik Yajednice evropskih regiona kojih postoji 182 u [&hellip;]\" \/>\n<meta property=\"og:url\" content=\"https:\/\/sandzakpress.net\/arhiva\/eu-horizonti-i-za-sandzak-evropsku-regiju\/\" \/>\n<meta property=\"og:site_name\" content=\"Sand\u017eak PRESS\" \/>\n<meta property=\"article:published_time\" content=\"2013-06-17T12:07:10+00:00\" \/>\n<meta property=\"og:image\" content=\"https:\/\/sandzakpress.net\/arhiva\/wp-content\/uploads\/2013\/06\/Ceman_Celebic__Karl-Heinz-Lambertz_Alickovic121.jpg\" \/>\n\t<meta property=\"og:image:width\" content=\"600\" \/>\n\t<meta property=\"og:image:height\" content=\"479\" \/>\n\t<meta property=\"og:image:type\" content=\"image\/jpeg\" \/>\n<meta name=\"twitter:card\" content=\"summary_large_image\" \/>\n<meta name=\"twitter:label1\" content=\"Written by\" \/>\n\t<meta name=\"twitter:data1\" content=\"\" \/>\n\t<meta name=\"twitter:label2\" content=\"Est. reading time\" \/>\n\t<meta name=\"twitter:data2\" content=\"4 minute\" \/>\n<script type=\"application\/ld+json\" class=\"yoast-schema-graph\">{\"@context\":\"https:\/\/schema.org\",\"@graph\":[{\"@type\":\"Article\",\"@id\":\"https:\/\/sandzakpress.net\/arhiva\/eu-horizonti-i-za-sandzak-evropsku-regiju\/#article\",\"isPartOf\":{\"@id\":\"https:\/\/sandzakpress.net\/arhiva\/eu-horizonti-i-za-sandzak-evropsku-regiju\/\"},\"author\":{\"name\":\"\",\"@id\":\"\"},\"headline\":\"EU horizonti i za Sand\u017eak &#8211; Evropsku regiju\",\"datePublished\":\"2013-06-17T12:07:10+00:00\",\"mainEntityOfPage\":{\"@id\":\"https:\/\/sandzakpress.net\/arhiva\/eu-horizonti-i-za-sandzak-evropsku-regiju\/\"},\"wordCount\":766,\"commentCount\":0,\"publisher\":{\"@id\":\"https:\/\/sandzakpress.net\/arhiva\/#\/schema\/person\/6e72b67d6e51910a1117b3b483ba20bd\"},\"image\":{\"@id\":\"https:\/\/sandzakpress.net\/arhiva\/eu-horizonti-i-za-sandzak-evropsku-regiju\/#primaryimage\"},\"thumbnailUrl\":\"https:\/\/sandzakpress.net\/arhiva\/wp-content\/uploads\/2013\/06\/Ceman_Celebic__Karl-Heinz-Lambertz_Alickovic121.jpg\",\"articleSection\":[\"Nacija\",\"Belgija\"],\"inLanguage\":\"bs-BA\",\"potentialAction\":[{\"@type\":\"CommentAction\",\"name\":\"Comment\",\"target\":[\"https:\/\/sandzakpress.net\/arhiva\/eu-horizonti-i-za-sandzak-evropsku-regiju\/#respond\"]}]},{\"@type\":\"WebPage\",\"@id\":\"https:\/\/sandzakpress.net\/arhiva\/eu-horizonti-i-za-sandzak-evropsku-regiju\/\",\"url\":\"https:\/\/sandzakpress.net\/arhiva\/eu-horizonti-i-za-sandzak-evropsku-regiju\/\",\"name\":\"EU horizonti i za Sand\u017eak - Evropsku regiju\",\"isPartOf\":{\"@id\":\"https:\/\/sandzakpress.net\/arhiva\/#website\"},\"primaryImageOfPage\":{\"@id\":\"https:\/\/sandzakpress.net\/arhiva\/eu-horizonti-i-za-sandzak-evropsku-regiju\/#primaryimage\"},\"image\":{\"@id\":\"https:\/\/sandzakpress.net\/arhiva\/eu-horizonti-i-za-sandzak-evropsku-regiju\/#primaryimage\"},\"thumbnailUrl\":\"https:\/\/sandzakpress.net\/arhiva\/wp-content\/uploads\/2013\/06\/Ceman_Celebic__Karl-Heinz-Lambertz_Alickovic121.jpg\",\"datePublished\":\"2013-06-17T12:07:10+00:00\",\"breadcrumb\":{\"@id\":\"https:\/\/sandzakpress.net\/arhiva\/eu-horizonti-i-za-sandzak-evropsku-regiju\/#breadcrumb\"},\"inLanguage\":\"bs-BA\",\"potentialAction\":[{\"@type\":\"ReadAction\",\"target\":[\"https:\/\/sandzakpress.net\/arhiva\/eu-horizonti-i-za-sandzak-evropsku-regiju\/\"]}]},{\"@type\":\"ImageObject\",\"inLanguage\":\"bs-BA\",\"@id\":\"https:\/\/sandzakpress.net\/arhiva\/eu-horizonti-i-za-sandzak-evropsku-regiju\/#primaryimage\",\"url\":\"https:\/\/sandzakpress.net\/arhiva\/wp-content\/uploads\/2013\/06\/Ceman_Celebic__Karl-Heinz-Lambertz_Alickovic121.jpg\",\"contentUrl\":\"https:\/\/sandzakpress.net\/arhiva\/wp-content\/uploads\/2013\/06\/Ceman_Celebic__Karl-Heinz-Lambertz_Alickovic121.jpg\",\"width\":\"600\",\"height\":\"479\"},{\"@type\":\"BreadcrumbList\",\"@id\":\"https:\/\/sandzakpress.net\/arhiva\/eu-horizonti-i-za-sandzak-evropsku-regiju\/#breadcrumb\",\"itemListElement\":[{\"@type\":\"ListItem\",\"position\":1,\"name\":\"Home\",\"item\":\"https:\/\/sandzakpress.net\/arhiva\/\"},{\"@type\":\"ListItem\",\"position\":2,\"name\":\"EU horizonti i za Sand\u017eak &#8211; Evropsku regiju\"}]},{\"@type\":\"WebSite\",\"@id\":\"https:\/\/sandzakpress.net\/arhiva\/#website\",\"url\":\"https:\/\/sandzakpress.net\/arhiva\/\",\"name\":\"Sand\u017eak PRESS\",\"description\":\"Prve elektronske novine u Sand\u017eaku\",\"publisher\":{\"@id\":\"https:\/\/sandzakpress.net\/arhiva\/#\/schema\/person\/6e72b67d6e51910a1117b3b483ba20bd\"},\"potentialAction\":[{\"@type\":\"SearchAction\",\"target\":{\"@type\":\"EntryPoint\",\"urlTemplate\":\"https:\/\/sandzakpress.net\/arhiva\/?s={search_term_string}\"},\"query-input\":{\"@type\":\"PropertyValueSpecification\",\"valueRequired\":true,\"valueName\":\"search_term_string\"}}],\"inLanguage\":\"bs-BA\"},{\"@type\":[\"Person\",\"Organization\"],\"@id\":\"https:\/\/sandzakpress.net\/arhiva\/#\/schema\/person\/6e72b67d6e51910a1117b3b483ba20bd\",\"name\":\"Kul\",\"image\":{\"@type\":\"ImageObject\",\"inLanguage\":\"bs-BA\",\"@id\":\"https:\/\/sandzakpress.net\/arhiva\/#\/schema\/person\/image\/\",\"url\":\"https:\/\/secure.gravatar.com\/avatar\/42263f39aa27ac04c43cab85c280eb2e?s=96&d=mm&r=pg\",\"contentUrl\":\"https:\/\/secure.gravatar.com\/avatar\/42263f39aa27ac04c43cab85c280eb2e?s=96&d=mm&r=pg\",\"caption\":\"Kul\"},\"logo\":{\"@id\":\"https:\/\/sandzakpress.net\/arhiva\/#\/schema\/person\/image\/\"}},{\"@type\":\"Person\",\"@id\":\"\",\"url\":\"https:\/\/sandzakpress.net\/arhiva\/author\/\"}]}<\/script>\n<!-- \/ Yoast SEO Premium plugin. -->","yoast_head_json":{"title":"EU horizonti i za Sand\u017eak - Evropsku regiju","robots":{"index":"index","follow":"follow","max-snippet":"max-snippet:-1","max-image-preview":"max-image-preview:large","max-video-preview":"max-video-preview:-1"},"canonical":"https:\/\/sandzakpress.net\/arhiva\/eu-horizonti-i-za-sandzak-evropsku-regiju\/","og_locale":"bs_BA","og_type":"article","og_title":"EU horizonti i za Sand\u017eak - Evropsku regiju","og_description":"Belgija &#8211; U petak, 14. juna 2013 na poziv BKarl-Heinz-Lambertz, predsjednika Euregio Maas-Rhein, koji je ujedno i premijer DG Regiona u Belgiji, kao i istaknuti evropski politi\u010dar u Briselu, sa posebnim anga\u017emanom po pitanju evropskih regiona, predsjednik Odbora za regionale integracije u Evropskom parlamentu, te ujedno i predsjednik Yajednice evropskih regiona kojih postoji 182 u [&hellip;]","og_url":"https:\/\/sandzakpress.net\/arhiva\/eu-horizonti-i-za-sandzak-evropsku-regiju\/","og_site_name":"Sand\u017eak PRESS","article_published_time":"2013-06-17T12:07:10+00:00","og_image":[{"width":600,"height":479,"url":"https:\/\/sandzakpress.net\/arhiva\/wp-content\/uploads\/2013\/06\/Ceman_Celebic__Karl-Heinz-Lambertz_Alickovic121.jpg","type":"image\/jpeg"}],"twitter_card":"summary_large_image","twitter_misc":{"Written by":"","Est. reading time":"4 minute"},"schema":{"@context":"https:\/\/schema.org","@graph":[{"@type":"Article","@id":"https:\/\/sandzakpress.net\/arhiva\/eu-horizonti-i-za-sandzak-evropsku-regiju\/#article","isPartOf":{"@id":"https:\/\/sandzakpress.net\/arhiva\/eu-horizonti-i-za-sandzak-evropsku-regiju\/"},"author":{"name":"","@id":""},"headline":"EU horizonti i za Sand\u017eak &#8211; Evropsku regiju","datePublished":"2013-06-17T12:07:10+00:00","mainEntityOfPage":{"@id":"https:\/\/sandzakpress.net\/arhiva\/eu-horizonti-i-za-sandzak-evropsku-regiju\/"},"wordCount":766,"commentCount":0,"publisher":{"@id":"https:\/\/sandzakpress.net\/arhiva\/#\/schema\/person\/6e72b67d6e51910a1117b3b483ba20bd"},"image":{"@id":"https:\/\/sandzakpress.net\/arhiva\/eu-horizonti-i-za-sandzak-evropsku-regiju\/#primaryimage"},"thumbnailUrl":"https:\/\/sandzakpress.net\/arhiva\/wp-content\/uploads\/2013\/06\/Ceman_Celebic__Karl-Heinz-Lambertz_Alickovic121.jpg","articleSection":["Nacija","Belgija"],"inLanguage":"bs-BA","potentialAction":[{"@type":"CommentAction","name":"Comment","target":["https:\/\/sandzakpress.net\/arhiva\/eu-horizonti-i-za-sandzak-evropsku-regiju\/#respond"]}]},{"@type":"WebPage","@id":"https:\/\/sandzakpress.net\/arhiva\/eu-horizonti-i-za-sandzak-evropsku-regiju\/","url":"https:\/\/sandzakpress.net\/arhiva\/eu-horizonti-i-za-sandzak-evropsku-regiju\/","name":"EU horizonti i za Sand\u017eak - Evropsku regiju","isPartOf":{"@id":"https:\/\/sandzakpress.net\/arhiva\/#website"},"primaryImageOfPage":{"@id":"https:\/\/sandzakpress.net\/arhiva\/eu-horizonti-i-za-sandzak-evropsku-regiju\/#primaryimage"},"image":{"@id":"https:\/\/sandzakpress.net\/arhiva\/eu-horizonti-i-za-sandzak-evropsku-regiju\/#primaryimage"},"thumbnailUrl":"https:\/\/sandzakpress.net\/arhiva\/wp-content\/uploads\/2013\/06\/Ceman_Celebic__Karl-Heinz-Lambertz_Alickovic121.jpg","datePublished":"2013-06-17T12:07:10+00:00","breadcrumb":{"@id":"https:\/\/sandzakpress.net\/arhiva\/eu-horizonti-i-za-sandzak-evropsku-regiju\/#breadcrumb"},"inLanguage":"bs-BA","potentialAction":[{"@type":"ReadAction","target":["https:\/\/sandzakpress.net\/arhiva\/eu-horizonti-i-za-sandzak-evropsku-regiju\/"]}]},{"@type":"ImageObject","inLanguage":"bs-BA","@id":"https:\/\/sandzakpress.net\/arhiva\/eu-horizonti-i-za-sandzak-evropsku-regiju\/#primaryimage","url":"https:\/\/sandzakpress.net\/arhiva\/wp-content\/uploads\/2013\/06\/Ceman_Celebic__Karl-Heinz-Lambertz_Alickovic121.jpg","contentUrl":"https:\/\/sandzakpress.net\/arhiva\/wp-content\/uploads\/2013\/06\/Ceman_Celebic__Karl-Heinz-Lambertz_Alickovic121.jpg","width":"600","height":"479"},{"@type":"BreadcrumbList","@id":"https:\/\/sandzakpress.net\/arhiva\/eu-horizonti-i-za-sandzak-evropsku-regiju\/#breadcrumb","itemListElement":[{"@type":"ListItem","position":1,"name":"Home","item":"https:\/\/sandzakpress.net\/arhiva\/"},{"@type":"ListItem","position":2,"name":"EU horizonti i za Sand\u017eak &#8211; Evropsku regiju"}]},{"@type":"WebSite","@id":"https:\/\/sandzakpress.net\/arhiva\/#website","url":"https:\/\/sandzakpress.net\/arhiva\/","name":"Sand\u017eak PRESS","description":"Prve elektronske novine u Sand\u017eaku","publisher":{"@id":"https:\/\/sandzakpress.net\/arhiva\/#\/schema\/person\/6e72b67d6e51910a1117b3b483ba20bd"},"potentialAction":[{"@type":"SearchAction","target":{"@type":"EntryPoint","urlTemplate":"https:\/\/sandzakpress.net\/arhiva\/?s={search_term_string}"},"query-input":{"@type":"PropertyValueSpecification","valueRequired":true,"valueName":"search_term_string"}}],"inLanguage":"bs-BA"},{"@type":["Person","Organization"],"@id":"https:\/\/sandzakpress.net\/arhiva\/#\/schema\/person\/6e72b67d6e51910a1117b3b483ba20bd","name":"Kul","image":{"@type":"ImageObject","inLanguage":"bs-BA","@id":"https:\/\/sandzakpress.net\/arhiva\/#\/schema\/person\/image\/","url":"https:\/\/secure.gravatar.com\/avatar\/42263f39aa27ac04c43cab85c280eb2e?s=96&d=mm&r=pg","contentUrl":"https:\/\/secure.gravatar.com\/avatar\/42263f39aa27ac04c43cab85c280eb2e?s=96&d=mm&r=pg","caption":"Kul"},"logo":{"@id":"https:\/\/sandzakpress.net\/arhiva\/#\/schema\/person\/image\/"}},{"@type":"Person","@id":"","url":"https:\/\/sandzakpress.net\/arhiva\/author\/"}]}},"_links":{"self":[{"href":"https:\/\/sandzakpress.net\/arhiva\/wp-json\/wp\/v2\/posts\/79311"}],"collection":[{"href":"https:\/\/sandzakpress.net\/arhiva\/wp-json\/wp\/v2\/posts"}],"about":[{"href":"https:\/\/sandzakpress.net\/arhiva\/wp-json\/wp\/v2\/types\/post"}],"author":[{"embeddable":true,"href":"https:\/\/sandzakpress.net\/arhiva\/wp-json\/wp\/v2\/users\/33"}],"replies":[{"embeddable":true,"href":"https:\/\/sandzakpress.net\/arhiva\/wp-json\/wp\/v2\/comments?post=79311"}],"version-history":[{"count":0,"href":"https:\/\/sandzakpress.net\/arhiva\/wp-json\/wp\/v2\/posts\/79311\/revisions"}],"wp:featuredmedia":[{"embeddable":true,"href":"https:\/\/sandzakpress.net\/arhiva\/wp-json\/wp\/v2\/media\/79312"}],"wp:attachment":[{"href":"https:\/\/sandzakpress.net\/arhiva\/wp-json\/wp\/v2\/media?parent=79311"}],"wp:term":[{"taxonomy":"category","embeddable":true,"href":"https:\/\/sandzakpress.net\/arhiva\/wp-json\/wp\/v2\/categories?post=79311"},{"taxonomy":"post_tag","embeddable":true,"href":"https:\/\/sandzakpress.net\/arhiva\/wp-json\/wp\/v2\/tags?post=79311"}],"curies":[{"name":"wp","href":"https:\/\/api.w.org\/{rel}","templated":true}]}}