{"id":79291,"date":"2013-06-17T16:35:15","date_gmt":"2013-06-17T14:35:15","guid":{"rendered":"https:\/\/sandzakpress.net\/arhiva\/?p=79291"},"modified":"2013-06-18T16:03:09","modified_gmt":"2013-06-18T14:03:09","slug":"poziv-na-protestni-skup-svi-protiv-ubica","status":"publish","type":"post","link":"https:\/\/sandzakpress.net\/arhiva\/poziv-na-protestni-skup-svi-protiv-ubica\/","title":{"rendered":"Poziv na protestni skup &#8216;SVI PROTIV UBICA&#8217;"},"content":{"rendered":"<p><a href=\"https:\/\/sandzakpress.net\/arhiva\/wp-content\/uploads\/2013\/06\/letak_protest1.jpg\"><img loading=\"lazy\" decoding=\"async\" class=\"aligncenter size-full wp-image-79297\" title=\"letak_protest\" src=\"https:\/\/sandzakpress.net\/arhiva\/wp-content\/uploads\/2013\/06\/letak_protest1.jpg\" alt=\"\" width=\"620\" height=\"490\" srcset=\"https:\/\/sandzakpress.net\/arhiva\/wp-content\/uploads\/2013\/06\/letak_protest1.jpg 620w, https:\/\/sandzakpress.net\/arhiva\/wp-content\/uploads\/2013\/06\/letak_protest1-300x237.jpg 300w\" sizes=\"(max-width: 620px) 100vw, 620px\" \/><\/a><\/p>\n<p><strong>Novi Pazar &#8211; Polaze\u0107i od \u010dinjenice da je pravo na \u017eivot osnova ljudske civilizacije, Bo\u0161nja\u010dka kulturna zajednica poziva sve gra\u0111ane i politi\u010dke, vjerske i kulturne predstavnike naroda na protestni skup \u201eSVI PROTIV UBICA\u201c ispred Gradske uprave Novog Pazara u utorak 18. 6. 2013. godine u 14:00 h.<\/strong><\/p>\n<p><strong> <\/strong>Posljednji u nizu ubila\u010dkih napada na nevine gra\u0111ane Novog Pazara izvr\u0161en je 14. 6. 2013. godine na gradskom \u0161etali\u0161tu kada je pripadnik obezbje\u0111enja gradona\u010delnika Mahmutovi\u0107a i minstra Ljaji\u0107a s vi\u0161e hitaca pred o\u010dima nekoliko stotina \u0161eta\u010da poku\u0161ao ugasiti nevini mladi ljudski \u017eivot.  Vlasti gradona\u010delnika Mahmutovi\u0107a i ministra Ljaji\u0107a ubistvima, poku\u0161ajima ubistava i drugim incidentima poku\u0161avaju skrenuti pa\u017enju s katastrofalnog stanja u koje su doveli gra\u0111ane Novog Pazara i Sand\u017eaka i neispunjenih predizbornih obe\u0107anja.<\/p>\n<p>Derdemez, Ali\u0107, Ajdinovi\u0107, Dolovac &#8211; ko je sljede\u0107i na spisku za odstrijel kriminalnih i politi\u010dkih mo\u0107nika koji \u017eele od Novog Pazara i Sand\u017eaka napraviti nesigurnu zonu i terorom natjerati gra\u0111ane da im postanu sluge ili da se isele sa ovih prostora.  Do\u0111ite da na skupu \u201eSVI PROTIV UBICA\u201c poka\u017eemo da nas ne mogu ni zapla\u0161iti ni otjerati sa na\u0161ih ognji\u0161ta!  Ljudski \u017eivot nema cijenu! Sloboda je temelj civilizacije! Poka\u017eimo da smo slobodni i civilizovani ljudi!  Vrijeme je za gra\u0111anski aktivizam protiv terora kriminalnih vlasti!<\/p>\n<p style=\"text-align: center;\"><strong>\u201eSVI PROTIV UBICA\u201c<\/strong><\/p>\n<p><strong> <\/strong><\/p>\n<p style=\"text-align: right;\"><strong>Predsjedni\u0161tvo BKZ<\/strong><\/p>\n<p style=\"text-align: left;\">(BKZ)<\/p>\n","protected":false},"excerpt":{"rendered":"<p>Novi Pazar &#8211; Polaze\u0107i od \u010dinjenice da je pravo na \u017eivot osnova ljudske civilizacije, Bo\u0161nja\u010dka kulturna zajednica poziva sve gra\u0111ane i politi\u010dke, vjerske i kulturne predstavnike naroda na protestni skup \u201eSVI PROTIV UBICA\u201c ispred Gradske uprave Novog Pazara u utorak 18. 6. 2013. godine u 14:00 h. Posljednji u nizu ubila\u010dkih napada na nevine gra\u0111ane [&hellip;]<\/p>\n","protected":false},"author":83,"featured_media":79297,"comment_status":"open","ping_status":"open","sticky":false,"template":"","format":"standard","meta":{"footnotes":""},"categories":[72,398,800,9538,52,9539,327,392,9544],"tags":[],"class_list":{"0":"post-79291","1":"post","2":"type-post","3":"status-publish","4":"format-standard","5":"has-post-thumbnail","7":"category-novi-pazar","8":"category-rozaje","9":"category-nacija","10":"category-njemacka-dijaspora-gradovi-vase-vijesti","11":"category-sjenica","12":"category-austrija-dijaspora-gradovi-vase-vijesti","13":"category-tutin","14":"category-prijepolje_","15":"category-svicarska-dijaspora-gradovi-vase-vijesti"},"yoast_head":"<!-- This site is optimized with the Yoast SEO Premium plugin v23.1 (Yoast SEO v24.9) - https:\/\/yoast.com\/wordpress\/plugins\/seo\/ -->\n<title>Poziv na protestni skup &#039;SVI PROTIV UBICA&#039;<\/title>\n<meta name=\"robots\" content=\"index, follow, max-snippet:-1, max-image-preview:large, max-video-preview:-1\" \/>\n<link rel=\"canonical\" href=\"https:\/\/sandzakpress.net\/arhiva\/poziv-na-protestni-skup-svi-protiv-ubica\/\" \/>\n<meta property=\"og:locale\" content=\"bs_BA\" \/>\n<meta property=\"og:type\" content=\"article\" \/>\n<meta property=\"og:title\" content=\"Poziv na protestni skup &#039;SVI PROTIV UBICA&#039;\" \/>\n<meta property=\"og:description\" content=\"Novi Pazar &#8211; Polaze\u0107i od \u010dinjenice da je pravo na \u017eivot osnova ljudske civilizacije, Bo\u0161nja\u010dka kulturna zajednica poziva sve gra\u0111ane i politi\u010dke, vjerske i kulturne predstavnike naroda na protestni skup \u201eSVI PROTIV UBICA\u201c ispred Gradske uprave Novog Pazara u utorak 18. 6. 2013. godine u 14:00 h. Posljednji u nizu ubila\u010dkih napada na nevine gra\u0111ane [&hellip;]\" \/>\n<meta property=\"og:url\" content=\"https:\/\/sandzakpress.net\/arhiva\/poziv-na-protestni-skup-svi-protiv-ubica\/\" \/>\n<meta property=\"og:site_name\" content=\"Sand\u017eak PRESS\" \/>\n<meta property=\"article:published_time\" content=\"2013-06-17T14:35:15+00:00\" \/>\n<meta property=\"article:modified_time\" content=\"2013-06-18T14:03:09+00:00\" \/>\n<meta property=\"og:image\" content=\"https:\/\/sandzakpress.net\/arhiva\/wp-content\/uploads\/2013\/06\/letak_protest1.jpg\" \/>\n\t<meta property=\"og:image:width\" content=\"620\" \/>\n\t<meta property=\"og:image:height\" content=\"490\" \/>\n\t<meta property=\"og:image:type\" content=\"image\/jpeg\" \/>\n<meta name=\"author\" content=\"bosniak\" \/>\n<meta name=\"twitter:card\" content=\"summary_large_image\" \/>\n<meta name=\"twitter:label1\" content=\"Written by\" \/>\n\t<meta name=\"twitter:data1\" content=\"bosniak\" \/>\n\t<meta name=\"twitter:label2\" content=\"Est. reading time\" \/>\n\t<meta name=\"twitter:data2\" content=\"1 minuta\" \/>\n<script type=\"application\/ld+json\" class=\"yoast-schema-graph\">{\"@context\":\"https:\/\/schema.org\",\"@graph\":[{\"@type\":\"Article\",\"@id\":\"https:\/\/sandzakpress.net\/arhiva\/poziv-na-protestni-skup-svi-protiv-ubica\/#article\",\"isPartOf\":{\"@id\":\"https:\/\/sandzakpress.net\/arhiva\/poziv-na-protestni-skup-svi-protiv-ubica\/\"},\"author\":{\"name\":\"bosniak\",\"@id\":\"https:\/\/sandzakpress.net\/arhiva\/#\/schema\/person\/c8baee722073534b583ea7bdb2e36c02\"},\"headline\":\"Poziv na protestni skup &#8216;SVI PROTIV UBICA&#8217;\",\"datePublished\":\"2013-06-17T14:35:15+00:00\",\"dateModified\":\"2013-06-18T14:03:09+00:00\",\"mainEntityOfPage\":{\"@id\":\"https:\/\/sandzakpress.net\/arhiva\/poziv-na-protestni-skup-svi-protiv-ubica\/\"},\"wordCount\":249,\"commentCount\":10,\"publisher\":{\"@id\":\"https:\/\/sandzakpress.net\/arhiva\/#\/schema\/person\/6e72b67d6e51910a1117b3b483ba20bd\"},\"image\":{\"@id\":\"https:\/\/sandzakpress.net\/arhiva\/poziv-na-protestni-skup-svi-protiv-ubica\/#primaryimage\"},\"thumbnailUrl\":\"https:\/\/sandzakpress.net\/arhiva\/wp-content\/uploads\/2013\/06\/letak_protest1.jpg\",\"articleSection\":[\"Novi Pazar\",\"Ro\u017eaje\",\"Nacija\",\"Njema\u010dka\",\"Sjenica\",\"Austrija\",\"Tutin\",\"Prijepolje\",\"\u0160vicarska\"],\"inLanguage\":\"bs-BA\",\"potentialAction\":[{\"@type\":\"CommentAction\",\"name\":\"Comment\",\"target\":[\"https:\/\/sandzakpress.net\/arhiva\/poziv-na-protestni-skup-svi-protiv-ubica\/#respond\"]}]},{\"@type\":\"WebPage\",\"@id\":\"https:\/\/sandzakpress.net\/arhiva\/poziv-na-protestni-skup-svi-protiv-ubica\/\",\"url\":\"https:\/\/sandzakpress.net\/arhiva\/poziv-na-protestni-skup-svi-protiv-ubica\/\",\"name\":\"Poziv na protestni skup 'SVI PROTIV UBICA'\",\"isPartOf\":{\"@id\":\"https:\/\/sandzakpress.net\/arhiva\/#website\"},\"primaryImageOfPage\":{\"@id\":\"https:\/\/sandzakpress.net\/arhiva\/poziv-na-protestni-skup-svi-protiv-ubica\/#primaryimage\"},\"image\":{\"@id\":\"https:\/\/sandzakpress.net\/arhiva\/poziv-na-protestni-skup-svi-protiv-ubica\/#primaryimage\"},\"thumbnailUrl\":\"https:\/\/sandzakpress.net\/arhiva\/wp-content\/uploads\/2013\/06\/letak_protest1.jpg\",\"datePublished\":\"2013-06-17T14:35:15+00:00\",\"dateModified\":\"2013-06-18T14:03:09+00:00\",\"breadcrumb\":{\"@id\":\"https:\/\/sandzakpress.net\/arhiva\/poziv-na-protestni-skup-svi-protiv-ubica\/#breadcrumb\"},\"inLanguage\":\"bs-BA\",\"potentialAction\":[{\"@type\":\"ReadAction\",\"target\":[\"https:\/\/sandzakpress.net\/arhiva\/poziv-na-protestni-skup-svi-protiv-ubica\/\"]}]},{\"@type\":\"ImageObject\",\"inLanguage\":\"bs-BA\",\"@id\":\"https:\/\/sandzakpress.net\/arhiva\/poziv-na-protestni-skup-svi-protiv-ubica\/#primaryimage\",\"url\":\"https:\/\/sandzakpress.net\/arhiva\/wp-content\/uploads\/2013\/06\/letak_protest1.jpg\",\"contentUrl\":\"https:\/\/sandzakpress.net\/arhiva\/wp-content\/uploads\/2013\/06\/letak_protest1.jpg\",\"width\":\"620\",\"height\":\"490\"},{\"@type\":\"BreadcrumbList\",\"@id\":\"https:\/\/sandzakpress.net\/arhiva\/poziv-na-protestni-skup-svi-protiv-ubica\/#breadcrumb\",\"itemListElement\":[{\"@type\":\"ListItem\",\"position\":1,\"name\":\"Home\",\"item\":\"https:\/\/sandzakpress.net\/arhiva\/\"},{\"@type\":\"ListItem\",\"position\":2,\"name\":\"Poziv na protestni skup &#8216;SVI PROTIV UBICA&#8217;\"}]},{\"@type\":\"WebSite\",\"@id\":\"https:\/\/sandzakpress.net\/arhiva\/#website\",\"url\":\"https:\/\/sandzakpress.net\/arhiva\/\",\"name\":\"Sand\u017eak PRESS\",\"description\":\"Prve elektronske novine u Sand\u017eaku\",\"publisher\":{\"@id\":\"https:\/\/sandzakpress.net\/arhiva\/#\/schema\/person\/6e72b67d6e51910a1117b3b483ba20bd\"},\"potentialAction\":[{\"@type\":\"SearchAction\",\"target\":{\"@type\":\"EntryPoint\",\"urlTemplate\":\"https:\/\/sandzakpress.net\/arhiva\/?s={search_term_string}\"},\"query-input\":{\"@type\":\"PropertyValueSpecification\",\"valueRequired\":true,\"valueName\":\"search_term_string\"}}],\"inLanguage\":\"bs-BA\"},{\"@type\":[\"Person\",\"Organization\"],\"@id\":\"https:\/\/sandzakpress.net\/arhiva\/#\/schema\/person\/6e72b67d6e51910a1117b3b483ba20bd\",\"name\":\"Kul\",\"image\":{\"@type\":\"ImageObject\",\"inLanguage\":\"bs-BA\",\"@id\":\"https:\/\/sandzakpress.net\/arhiva\/#\/schema\/person\/image\/\",\"url\":\"https:\/\/secure.gravatar.com\/avatar\/42263f39aa27ac04c43cab85c280eb2e?s=96&d=mm&r=pg\",\"contentUrl\":\"https:\/\/secure.gravatar.com\/avatar\/42263f39aa27ac04c43cab85c280eb2e?s=96&d=mm&r=pg\",\"caption\":\"Kul\"},\"logo\":{\"@id\":\"https:\/\/sandzakpress.net\/arhiva\/#\/schema\/person\/image\/\"}},{\"@type\":\"Person\",\"@id\":\"https:\/\/sandzakpress.net\/arhiva\/#\/schema\/person\/c8baee722073534b583ea7bdb2e36c02\",\"name\":\"bosniak\",\"image\":{\"@type\":\"ImageObject\",\"inLanguage\":\"bs-BA\",\"@id\":\"https:\/\/sandzakpress.net\/arhiva\/#\/schema\/person\/image\/\",\"url\":\"https:\/\/secure.gravatar.com\/avatar\/a04fd330bfe3a36a72a0ad4a6d89fca7?s=96&d=mm&r=pg\",\"contentUrl\":\"https:\/\/secure.gravatar.com\/avatar\/a04fd330bfe3a36a72a0ad4a6d89fca7?s=96&d=mm&r=pg\",\"caption\":\"bosniak\"},\"url\":\"https:\/\/sandzakpress.net\/arhiva\/author\/bosniak\/\"}]}<\/script>\n<!-- \/ Yoast SEO Premium plugin. -->","yoast_head_json":{"title":"Poziv na protestni skup 'SVI PROTIV UBICA'","robots":{"index":"index","follow":"follow","max-snippet":"max-snippet:-1","max-image-preview":"max-image-preview:large","max-video-preview":"max-video-preview:-1"},"canonical":"https:\/\/sandzakpress.net\/arhiva\/poziv-na-protestni-skup-svi-protiv-ubica\/","og_locale":"bs_BA","og_type":"article","og_title":"Poziv na protestni skup 'SVI PROTIV UBICA'","og_description":"Novi Pazar &#8211; Polaze\u0107i od \u010dinjenice da je pravo na \u017eivot osnova ljudske civilizacije, Bo\u0161nja\u010dka kulturna zajednica poziva sve gra\u0111ane i politi\u010dke, vjerske i kulturne predstavnike naroda na protestni skup \u201eSVI PROTIV UBICA\u201c ispred Gradske uprave Novog Pazara u utorak 18. 6. 2013. godine u 14:00 h. Posljednji u nizu ubila\u010dkih napada na nevine gra\u0111ane [&hellip;]","og_url":"https:\/\/sandzakpress.net\/arhiva\/poziv-na-protestni-skup-svi-protiv-ubica\/","og_site_name":"Sand\u017eak PRESS","article_published_time":"2013-06-17T14:35:15+00:00","article_modified_time":"2013-06-18T14:03:09+00:00","og_image":[{"width":620,"height":490,"url":"https:\/\/sandzakpress.net\/arhiva\/wp-content\/uploads\/2013\/06\/letak_protest1.jpg","type":"image\/jpeg"}],"author":"bosniak","twitter_card":"summary_large_image","twitter_misc":{"Written by":"bosniak","Est. reading time":"1 minuta"},"schema":{"@context":"https:\/\/schema.org","@graph":[{"@type":"Article","@id":"https:\/\/sandzakpress.net\/arhiva\/poziv-na-protestni-skup-svi-protiv-ubica\/#article","isPartOf":{"@id":"https:\/\/sandzakpress.net\/arhiva\/poziv-na-protestni-skup-svi-protiv-ubica\/"},"author":{"name":"bosniak","@id":"https:\/\/sandzakpress.net\/arhiva\/#\/schema\/person\/c8baee722073534b583ea7bdb2e36c02"},"headline":"Poziv na protestni skup &#8216;SVI PROTIV UBICA&#8217;","datePublished":"2013-06-17T14:35:15+00:00","dateModified":"2013-06-18T14:03:09+00:00","mainEntityOfPage":{"@id":"https:\/\/sandzakpress.net\/arhiva\/poziv-na-protestni-skup-svi-protiv-ubica\/"},"wordCount":249,"commentCount":10,"publisher":{"@id":"https:\/\/sandzakpress.net\/arhiva\/#\/schema\/person\/6e72b67d6e51910a1117b3b483ba20bd"},"image":{"@id":"https:\/\/sandzakpress.net\/arhiva\/poziv-na-protestni-skup-svi-protiv-ubica\/#primaryimage"},"thumbnailUrl":"https:\/\/sandzakpress.net\/arhiva\/wp-content\/uploads\/2013\/06\/letak_protest1.jpg","articleSection":["Novi Pazar","Ro\u017eaje","Nacija","Njema\u010dka","Sjenica","Austrija","Tutin","Prijepolje","\u0160vicarska"],"inLanguage":"bs-BA","potentialAction":[{"@type":"CommentAction","name":"Comment","target":["https:\/\/sandzakpress.net\/arhiva\/poziv-na-protestni-skup-svi-protiv-ubica\/#respond"]}]},{"@type":"WebPage","@id":"https:\/\/sandzakpress.net\/arhiva\/poziv-na-protestni-skup-svi-protiv-ubica\/","url":"https:\/\/sandzakpress.net\/arhiva\/poziv-na-protestni-skup-svi-protiv-ubica\/","name":"Poziv na protestni skup 'SVI PROTIV UBICA'","isPartOf":{"@id":"https:\/\/sandzakpress.net\/arhiva\/#website"},"primaryImageOfPage":{"@id":"https:\/\/sandzakpress.net\/arhiva\/poziv-na-protestni-skup-svi-protiv-ubica\/#primaryimage"},"image":{"@id":"https:\/\/sandzakpress.net\/arhiva\/poziv-na-protestni-skup-svi-protiv-ubica\/#primaryimage"},"thumbnailUrl":"https:\/\/sandzakpress.net\/arhiva\/wp-content\/uploads\/2013\/06\/letak_protest1.jpg","datePublished":"2013-06-17T14:35:15+00:00","dateModified":"2013-06-18T14:03:09+00:00","breadcrumb":{"@id":"https:\/\/sandzakpress.net\/arhiva\/poziv-na-protestni-skup-svi-protiv-ubica\/#breadcrumb"},"inLanguage":"bs-BA","potentialAction":[{"@type":"ReadAction","target":["https:\/\/sandzakpress.net\/arhiva\/poziv-na-protestni-skup-svi-protiv-ubica\/"]}]},{"@type":"ImageObject","inLanguage":"bs-BA","@id":"https:\/\/sandzakpress.net\/arhiva\/poziv-na-protestni-skup-svi-protiv-ubica\/#primaryimage","url":"https:\/\/sandzakpress.net\/arhiva\/wp-content\/uploads\/2013\/06\/letak_protest1.jpg","contentUrl":"https:\/\/sandzakpress.net\/arhiva\/wp-content\/uploads\/2013\/06\/letak_protest1.jpg","width":"620","height":"490"},{"@type":"BreadcrumbList","@id":"https:\/\/sandzakpress.net\/arhiva\/poziv-na-protestni-skup-svi-protiv-ubica\/#breadcrumb","itemListElement":[{"@type":"ListItem","position":1,"name":"Home","item":"https:\/\/sandzakpress.net\/arhiva\/"},{"@type":"ListItem","position":2,"name":"Poziv na protestni skup &#8216;SVI PROTIV UBICA&#8217;"}]},{"@type":"WebSite","@id":"https:\/\/sandzakpress.net\/arhiva\/#website","url":"https:\/\/sandzakpress.net\/arhiva\/","name":"Sand\u017eak PRESS","description":"Prve elektronske novine u Sand\u017eaku","publisher":{"@id":"https:\/\/sandzakpress.net\/arhiva\/#\/schema\/person\/6e72b67d6e51910a1117b3b483ba20bd"},"potentialAction":[{"@type":"SearchAction","target":{"@type":"EntryPoint","urlTemplate":"https:\/\/sandzakpress.net\/arhiva\/?s={search_term_string}"},"query-input":{"@type":"PropertyValueSpecification","valueRequired":true,"valueName":"search_term_string"}}],"inLanguage":"bs-BA"},{"@type":["Person","Organization"],"@id":"https:\/\/sandzakpress.net\/arhiva\/#\/schema\/person\/6e72b67d6e51910a1117b3b483ba20bd","name":"Kul","image":{"@type":"ImageObject","inLanguage":"bs-BA","@id":"https:\/\/sandzakpress.net\/arhiva\/#\/schema\/person\/image\/","url":"https:\/\/secure.gravatar.com\/avatar\/42263f39aa27ac04c43cab85c280eb2e?s=96&d=mm&r=pg","contentUrl":"https:\/\/secure.gravatar.com\/avatar\/42263f39aa27ac04c43cab85c280eb2e?s=96&d=mm&r=pg","caption":"Kul"},"logo":{"@id":"https:\/\/sandzakpress.net\/arhiva\/#\/schema\/person\/image\/"}},{"@type":"Person","@id":"https:\/\/sandzakpress.net\/arhiva\/#\/schema\/person\/c8baee722073534b583ea7bdb2e36c02","name":"bosniak","image":{"@type":"ImageObject","inLanguage":"bs-BA","@id":"https:\/\/sandzakpress.net\/arhiva\/#\/schema\/person\/image\/","url":"https:\/\/secure.gravatar.com\/avatar\/a04fd330bfe3a36a72a0ad4a6d89fca7?s=96&d=mm&r=pg","contentUrl":"https:\/\/secure.gravatar.com\/avatar\/a04fd330bfe3a36a72a0ad4a6d89fca7?s=96&d=mm&r=pg","caption":"bosniak"},"url":"https:\/\/sandzakpress.net\/arhiva\/author\/bosniak\/"}]}},"_links":{"self":[{"href":"https:\/\/sandzakpress.net\/arhiva\/wp-json\/wp\/v2\/posts\/79291"}],"collection":[{"href":"https:\/\/sandzakpress.net\/arhiva\/wp-json\/wp\/v2\/posts"}],"about":[{"href":"https:\/\/sandzakpress.net\/arhiva\/wp-json\/wp\/v2\/types\/post"}],"author":[{"embeddable":true,"href":"https:\/\/sandzakpress.net\/arhiva\/wp-json\/wp\/v2\/users\/83"}],"replies":[{"embeddable":true,"href":"https:\/\/sandzakpress.net\/arhiva\/wp-json\/wp\/v2\/comments?post=79291"}],"version-history":[{"count":0,"href":"https:\/\/sandzakpress.net\/arhiva\/wp-json\/wp\/v2\/posts\/79291\/revisions"}],"wp:featuredmedia":[{"embeddable":true,"href":"https:\/\/sandzakpress.net\/arhiva\/wp-json\/wp\/v2\/media\/79297"}],"wp:attachment":[{"href":"https:\/\/sandzakpress.net\/arhiva\/wp-json\/wp\/v2\/media?parent=79291"}],"wp:term":[{"taxonomy":"category","embeddable":true,"href":"https:\/\/sandzakpress.net\/arhiva\/wp-json\/wp\/v2\/categories?post=79291"},{"taxonomy":"post_tag","embeddable":true,"href":"https:\/\/sandzakpress.net\/arhiva\/wp-json\/wp\/v2\/tags?post=79291"}],"curies":[{"name":"wp","href":"https:\/\/api.w.org\/{rel}","templated":true}]}}