{"id":79273,"date":"2013-06-16T00:34:44","date_gmt":"2013-06-15T22:34:44","guid":{"rendered":"https:\/\/sandzakpress.net\/arhiva\/?p=79273"},"modified":"2013-06-18T16:13:07","modified_gmt":"2013-06-18T14:13:07","slug":"stotine-hiljada-prisutnih-na-mitingu-podrske-erdoganu","status":"publish","type":"post","link":"https:\/\/sandzakpress.net\/arhiva\/stotine-hiljada-prisutnih-na-mitingu-podrske-erdoganu\/","title":{"rendered":"Stotine hiljada prisutnih na mitingu podr\u0161ke Erdoganu"},"content":{"rendered":"<div style=\"margin: 0px; padding: 0px; border: 0px; outline: 0px; vertical-align: baseline; color: #414141; font-family: arial, helvetica, sans-serif; font-size: 14px; font-style: normal; font-variant: normal; font-weight: normal; letter-spacing: normal; line-height: 21px; orphans: auto; text-align: start; text-indent: 0px; text-transform: none; white-space: normal; widows: auto; word-spacing: 0px; -webkit-text-stroke-width: 0px; background-color: #ffffff;\"><strong><a href=\"https:\/\/sandzakpress.net\/arhiva\/wp-content\/uploads\/2013\/06\/u-ankari-poceo-miting-turske-vladajuce-stranke-pravde-i-razvoja-ak-parti_trt-bosanski-20693.jpg\"><img loading=\"lazy\" decoding=\"async\" class=\"alignleft size-medium wp-image-79276\" title=\"u-ankari-poceo-miting-turske-vladajuce-stranke-pravde-i-razvoja-ak-parti_trt-bosanski-20693\" src=\"https:\/\/sandzakpress.net\/arhiva\/wp-content\/uploads\/2013\/06\/u-ankari-poceo-miting-turske-vladajuce-stranke-pravde-i-razvoja-ak-parti_trt-bosanski-20693-300x181.jpg\" alt=\"\" width=\"226\" height=\"136\" srcset=\"https:\/\/sandzakpress.net\/arhiva\/wp-content\/uploads\/2013\/06\/u-ankari-poceo-miting-turske-vladajuce-stranke-pravde-i-razvoja-ak-parti_trt-bosanski-20693-300x181.jpg 300w, https:\/\/sandzakpress.net\/arhiva\/wp-content\/uploads\/2013\/06\/u-ankari-poceo-miting-turske-vladajuce-stranke-pravde-i-razvoja-ak-parti_trt-bosanski-20693.jpg 600w\" sizes=\"(max-width: 226px) 100vw, 226px\" \/><\/a>Turska &#8211; Turski premijer Recep Tayyip Erdogan zapo\u010deo je sa obra\u0107anjem na mitingu vladaju\u0107e Stranke pravde i razvoja (AK Parti), na kojem se okupilo vi\u0161e stotina hiljada ljudi.<\/strong><\/div>\n<div style=\"margin: 0px; padding: 0px; border: 0px; outline: 0px; vertical-align: baseline; color: #414141; font-family: arial, helvetica, sans-serif; font-size: 14px; font-style: normal; font-variant: normal; font-weight: normal; letter-spacing: normal; line-height: 21px; orphans: auto; text-align: start; text-indent: 0px; text-transform: none; white-space: normal; widows: auto; word-spacing: 0px; -webkit-text-stroke-width: 0px; background-color: #ffffff;\">Vi\u0161e desetina hiljada simpatizera turskog premijera Recepa Tayyipa Erdogana, okupilo se danas danas u Ankari, gdje se odr\u017eava miting vladaju\u0107e Stranke pravde i razvoja (AK Parti).<\/div>\n<div style=\"margin: 0px; padding: 0px; border: 0px; outline: 0px; vertical-align: baseline; color: #414141; font-family: arial, helvetica, sans-serif; font-size: 14px; font-style: normal; font-variant: normal; font-weight: normal; letter-spacing: normal; line-height: 21px; orphans: auto; text-align: start; text-indent: 0px; text-transform: none; white-space: normal; widows: auto; word-spacing: 0px; -webkit-text-stroke-width: 0px; background-color: #ffffff;\">Stotine hiljada ljudi okupilo se na prostoru predvi\u0111enom za sajmove u \u010detvrti Sincap u Ankari. Miting pod nazivom &#8220;Podr\u0161ka nacionalnoj svijesti&#8221;, danas se odr\u017eava pod sloganom &#8220;Pokvarimo velike igre, napi\u0161imo historiju&#8221;. Kako je ranije najavljeno na mitingu se o\u010dekuje oko 300 hiljada ljudi.<\/div>\n<div style=\"margin: 0px; padding: 0px; border: 0px; outline: 0px; vertical-align: baseline; color: #414141; font-family: arial, helvetica, sans-serif; font-size: 14px; font-style: normal; font-variant: normal; font-weight: normal; letter-spacing: normal; line-height: 21px; orphans: auto; text-align: start; text-indent: 0px; text-transform: none; white-space: normal; widows: auto; word-spacing: 0px; -webkit-text-stroke-width: 0px; background-color: #ffffff;\">Organizatori su naglasili da se radi o mirnom skupu te da su preduzete velike mjere sigurnosti u okolini mjesta mitinga.<\/div>\n<div style=\"margin: 0px; padding: 0px; border: 0px; outline: 0px; vertical-align: baseline; color: #414141; font-family: arial, helvetica, sans-serif; font-size: 14px; font-style: normal; font-variant: normal; font-weight: normal; letter-spacing: normal; line-height: 21px; orphans: auto; text-align: start; text-indent: 0px; text-transform: none; white-space: normal; widows: auto; word-spacing: 0px; -webkit-text-stroke-width: 0px; background-color: #ffffff;\">(Agencija Anadolija)<\/div>\n","protected":false},"excerpt":{"rendered":"<p>Turska &#8211; Turski premijer Recep Tayyip Erdogan zapo\u010deo je sa obra\u0107anjem na mitingu vladaju\u0107e Stranke pravde i razvoja (AK Parti), na kojem se okupilo vi\u0161e stotina hiljada ljudi. Vi\u0161e desetina hiljada simpatizera turskog premijera Recepa Tayyipa Erdogana, okupilo se danas danas u Ankari, gdje se odr\u017eava miting vladaju\u0107e Stranke pravde i razvoja (AK Parti). Stotine [&hellip;]<\/p>\n","protected":false},"author":33,"featured_media":79276,"comment_status":"open","ping_status":"open","sticky":false,"template":"","format":"standard","meta":{"footnotes":""},"categories":[9,8957,2692],"tags":[],"class_list":{"0":"post-79273","1":"post","2":"type-post","3":"status-publish","4":"format-standard","5":"has-post-thumbnail","7":"category-svijet","8":"category-vijesti-dana","9":"category-turska-gradovi"},"yoast_head":"<!-- This site is optimized with the Yoast SEO Premium plugin v23.1 (Yoast SEO v24.9) - https:\/\/yoast.com\/wordpress\/plugins\/seo\/ -->\n<title>Stotine hiljada prisutnih na mitingu podr\u0161ke Erdoganu<\/title>\n<meta name=\"robots\" content=\"index, follow, max-snippet:-1, max-image-preview:large, max-video-preview:-1\" \/>\n<link rel=\"canonical\" href=\"https:\/\/sandzakpress.net\/arhiva\/stotine-hiljada-prisutnih-na-mitingu-podrske-erdoganu\/\" \/>\n<meta property=\"og:locale\" content=\"bs_BA\" \/>\n<meta property=\"og:type\" content=\"article\" \/>\n<meta property=\"og:title\" content=\"Stotine hiljada prisutnih na mitingu podr\u0161ke Erdoganu\" \/>\n<meta property=\"og:description\" content=\"Turska &#8211; Turski premijer Recep Tayyip Erdogan zapo\u010deo je sa obra\u0107anjem na mitingu vladaju\u0107e Stranke pravde i razvoja (AK Parti), na kojem se okupilo vi\u0161e stotina hiljada ljudi. Vi\u0161e desetina hiljada simpatizera turskog premijera Recepa Tayyipa Erdogana, okupilo se danas danas u Ankari, gdje se odr\u017eava miting vladaju\u0107e Stranke pravde i razvoja (AK Parti). Stotine [&hellip;]\" \/>\n<meta property=\"og:url\" content=\"https:\/\/sandzakpress.net\/arhiva\/stotine-hiljada-prisutnih-na-mitingu-podrske-erdoganu\/\" \/>\n<meta property=\"og:site_name\" content=\"Sand\u017eak PRESS\" \/>\n<meta property=\"article:published_time\" content=\"2013-06-15T22:34:44+00:00\" \/>\n<meta property=\"article:modified_time\" content=\"2013-06-18T14:13:07+00:00\" \/>\n<meta property=\"og:image\" content=\"https:\/\/sandzakpress.net\/arhiva\/wp-content\/uploads\/2013\/06\/u-ankari-poceo-miting-turske-vladajuce-stranke-pravde-i-razvoja-ak-parti_trt-bosanski-20693.jpg\" \/>\n\t<meta property=\"og:image:width\" content=\"600\" \/>\n\t<meta property=\"og:image:height\" content=\"363\" \/>\n\t<meta property=\"og:image:type\" content=\"image\/jpeg\" \/>\n<meta name=\"twitter:card\" content=\"summary_large_image\" \/>\n<meta name=\"twitter:label1\" content=\"Written by\" \/>\n\t<meta name=\"twitter:data1\" content=\"\" \/>\n\t<meta name=\"twitter:label2\" content=\"Est. reading time\" \/>\n\t<meta name=\"twitter:data2\" content=\"1 minuta\" \/>\n<script type=\"application\/ld+json\" class=\"yoast-schema-graph\">{\"@context\":\"https:\/\/schema.org\",\"@graph\":[{\"@type\":\"Article\",\"@id\":\"https:\/\/sandzakpress.net\/arhiva\/stotine-hiljada-prisutnih-na-mitingu-podrske-erdoganu\/#article\",\"isPartOf\":{\"@id\":\"https:\/\/sandzakpress.net\/arhiva\/stotine-hiljada-prisutnih-na-mitingu-podrske-erdoganu\/\"},\"author\":{\"name\":\"\",\"@id\":\"\"},\"headline\":\"Stotine hiljada prisutnih na mitingu podr\u0161ke Erdoganu\",\"datePublished\":\"2013-06-15T22:34:44+00:00\",\"dateModified\":\"2013-06-18T14:13:07+00:00\",\"mainEntityOfPage\":{\"@id\":\"https:\/\/sandzakpress.net\/arhiva\/stotine-hiljada-prisutnih-na-mitingu-podrske-erdoganu\/\"},\"wordCount\":138,\"commentCount\":2,\"publisher\":{\"@id\":\"https:\/\/sandzakpress.net\/arhiva\/#\/schema\/person\/6e72b67d6e51910a1117b3b483ba20bd\"},\"image\":{\"@id\":\"https:\/\/sandzakpress.net\/arhiva\/stotine-hiljada-prisutnih-na-mitingu-podrske-erdoganu\/#primaryimage\"},\"thumbnailUrl\":\"https:\/\/sandzakpress.net\/arhiva\/wp-content\/uploads\/2013\/06\/u-ankari-poceo-miting-turske-vladajuce-stranke-pravde-i-razvoja-ak-parti_trt-bosanski-20693.jpg\",\"articleSection\":[\"Svijet\",\"VIJESTI DANA\",\"Turska\"],\"inLanguage\":\"bs-BA\",\"potentialAction\":[{\"@type\":\"CommentAction\",\"name\":\"Comment\",\"target\":[\"https:\/\/sandzakpress.net\/arhiva\/stotine-hiljada-prisutnih-na-mitingu-podrske-erdoganu\/#respond\"]}]},{\"@type\":\"WebPage\",\"@id\":\"https:\/\/sandzakpress.net\/arhiva\/stotine-hiljada-prisutnih-na-mitingu-podrske-erdoganu\/\",\"url\":\"https:\/\/sandzakpress.net\/arhiva\/stotine-hiljada-prisutnih-na-mitingu-podrske-erdoganu\/\",\"name\":\"Stotine hiljada prisutnih na mitingu podr\u0161ke Erdoganu\",\"isPartOf\":{\"@id\":\"https:\/\/sandzakpress.net\/arhiva\/#website\"},\"primaryImageOfPage\":{\"@id\":\"https:\/\/sandzakpress.net\/arhiva\/stotine-hiljada-prisutnih-na-mitingu-podrske-erdoganu\/#primaryimage\"},\"image\":{\"@id\":\"https:\/\/sandzakpress.net\/arhiva\/stotine-hiljada-prisutnih-na-mitingu-podrske-erdoganu\/#primaryimage\"},\"thumbnailUrl\":\"https:\/\/sandzakpress.net\/arhiva\/wp-content\/uploads\/2013\/06\/u-ankari-poceo-miting-turske-vladajuce-stranke-pravde-i-razvoja-ak-parti_trt-bosanski-20693.jpg\",\"datePublished\":\"2013-06-15T22:34:44+00:00\",\"dateModified\":\"2013-06-18T14:13:07+00:00\",\"breadcrumb\":{\"@id\":\"https:\/\/sandzakpress.net\/arhiva\/stotine-hiljada-prisutnih-na-mitingu-podrske-erdoganu\/#breadcrumb\"},\"inLanguage\":\"bs-BA\",\"potentialAction\":[{\"@type\":\"ReadAction\",\"target\":[\"https:\/\/sandzakpress.net\/arhiva\/stotine-hiljada-prisutnih-na-mitingu-podrske-erdoganu\/\"]}]},{\"@type\":\"ImageObject\",\"inLanguage\":\"bs-BA\",\"@id\":\"https:\/\/sandzakpress.net\/arhiva\/stotine-hiljada-prisutnih-na-mitingu-podrske-erdoganu\/#primaryimage\",\"url\":\"https:\/\/sandzakpress.net\/arhiva\/wp-content\/uploads\/2013\/06\/u-ankari-poceo-miting-turske-vladajuce-stranke-pravde-i-razvoja-ak-parti_trt-bosanski-20693.jpg\",\"contentUrl\":\"https:\/\/sandzakpress.net\/arhiva\/wp-content\/uploads\/2013\/06\/u-ankari-poceo-miting-turske-vladajuce-stranke-pravde-i-razvoja-ak-parti_trt-bosanski-20693.jpg\",\"width\":\"600\",\"height\":\"363\"},{\"@type\":\"BreadcrumbList\",\"@id\":\"https:\/\/sandzakpress.net\/arhiva\/stotine-hiljada-prisutnih-na-mitingu-podrske-erdoganu\/#breadcrumb\",\"itemListElement\":[{\"@type\":\"ListItem\",\"position\":1,\"name\":\"Home\",\"item\":\"https:\/\/sandzakpress.net\/arhiva\/\"},{\"@type\":\"ListItem\",\"position\":2,\"name\":\"Stotine hiljada prisutnih na mitingu podr\u0161ke Erdoganu\"}]},{\"@type\":\"WebSite\",\"@id\":\"https:\/\/sandzakpress.net\/arhiva\/#website\",\"url\":\"https:\/\/sandzakpress.net\/arhiva\/\",\"name\":\"Sand\u017eak PRESS\",\"description\":\"Prve elektronske novine u Sand\u017eaku\",\"publisher\":{\"@id\":\"https:\/\/sandzakpress.net\/arhiva\/#\/schema\/person\/6e72b67d6e51910a1117b3b483ba20bd\"},\"potentialAction\":[{\"@type\":\"SearchAction\",\"target\":{\"@type\":\"EntryPoint\",\"urlTemplate\":\"https:\/\/sandzakpress.net\/arhiva\/?s={search_term_string}\"},\"query-input\":{\"@type\":\"PropertyValueSpecification\",\"valueRequired\":true,\"valueName\":\"search_term_string\"}}],\"inLanguage\":\"bs-BA\"},{\"@type\":[\"Person\",\"Organization\"],\"@id\":\"https:\/\/sandzakpress.net\/arhiva\/#\/schema\/person\/6e72b67d6e51910a1117b3b483ba20bd\",\"name\":\"Kul\",\"image\":{\"@type\":\"ImageObject\",\"inLanguage\":\"bs-BA\",\"@id\":\"https:\/\/sandzakpress.net\/arhiva\/#\/schema\/person\/image\/\",\"url\":\"https:\/\/secure.gravatar.com\/avatar\/42263f39aa27ac04c43cab85c280eb2e?s=96&d=mm&r=pg\",\"contentUrl\":\"https:\/\/secure.gravatar.com\/avatar\/42263f39aa27ac04c43cab85c280eb2e?s=96&d=mm&r=pg\",\"caption\":\"Kul\"},\"logo\":{\"@id\":\"https:\/\/sandzakpress.net\/arhiva\/#\/schema\/person\/image\/\"}},{\"@type\":\"Person\",\"@id\":\"\",\"url\":\"https:\/\/sandzakpress.net\/arhiva\/author\/\"}]}<\/script>\n<!-- \/ Yoast SEO Premium plugin. -->","yoast_head_json":{"title":"Stotine hiljada prisutnih na mitingu podr\u0161ke Erdoganu","robots":{"index":"index","follow":"follow","max-snippet":"max-snippet:-1","max-image-preview":"max-image-preview:large","max-video-preview":"max-video-preview:-1"},"canonical":"https:\/\/sandzakpress.net\/arhiva\/stotine-hiljada-prisutnih-na-mitingu-podrske-erdoganu\/","og_locale":"bs_BA","og_type":"article","og_title":"Stotine hiljada prisutnih na mitingu podr\u0161ke Erdoganu","og_description":"Turska &#8211; Turski premijer Recep Tayyip Erdogan zapo\u010deo je sa obra\u0107anjem na mitingu vladaju\u0107e Stranke pravde i razvoja (AK Parti), na kojem se okupilo vi\u0161e stotina hiljada ljudi. Vi\u0161e desetina hiljada simpatizera turskog premijera Recepa Tayyipa Erdogana, okupilo se danas danas u Ankari, gdje se odr\u017eava miting vladaju\u0107e Stranke pravde i razvoja (AK Parti). Stotine [&hellip;]","og_url":"https:\/\/sandzakpress.net\/arhiva\/stotine-hiljada-prisutnih-na-mitingu-podrske-erdoganu\/","og_site_name":"Sand\u017eak PRESS","article_published_time":"2013-06-15T22:34:44+00:00","article_modified_time":"2013-06-18T14:13:07+00:00","og_image":[{"width":600,"height":363,"url":"https:\/\/sandzakpress.net\/arhiva\/wp-content\/uploads\/2013\/06\/u-ankari-poceo-miting-turske-vladajuce-stranke-pravde-i-razvoja-ak-parti_trt-bosanski-20693.jpg","type":"image\/jpeg"}],"twitter_card":"summary_large_image","twitter_misc":{"Written by":"","Est. reading time":"1 minuta"},"schema":{"@context":"https:\/\/schema.org","@graph":[{"@type":"Article","@id":"https:\/\/sandzakpress.net\/arhiva\/stotine-hiljada-prisutnih-na-mitingu-podrske-erdoganu\/#article","isPartOf":{"@id":"https:\/\/sandzakpress.net\/arhiva\/stotine-hiljada-prisutnih-na-mitingu-podrske-erdoganu\/"},"author":{"name":"","@id":""},"headline":"Stotine hiljada prisutnih na mitingu podr\u0161ke Erdoganu","datePublished":"2013-06-15T22:34:44+00:00","dateModified":"2013-06-18T14:13:07+00:00","mainEntityOfPage":{"@id":"https:\/\/sandzakpress.net\/arhiva\/stotine-hiljada-prisutnih-na-mitingu-podrske-erdoganu\/"},"wordCount":138,"commentCount":2,"publisher":{"@id":"https:\/\/sandzakpress.net\/arhiva\/#\/schema\/person\/6e72b67d6e51910a1117b3b483ba20bd"},"image":{"@id":"https:\/\/sandzakpress.net\/arhiva\/stotine-hiljada-prisutnih-na-mitingu-podrske-erdoganu\/#primaryimage"},"thumbnailUrl":"https:\/\/sandzakpress.net\/arhiva\/wp-content\/uploads\/2013\/06\/u-ankari-poceo-miting-turske-vladajuce-stranke-pravde-i-razvoja-ak-parti_trt-bosanski-20693.jpg","articleSection":["Svijet","VIJESTI DANA","Turska"],"inLanguage":"bs-BA","potentialAction":[{"@type":"CommentAction","name":"Comment","target":["https:\/\/sandzakpress.net\/arhiva\/stotine-hiljada-prisutnih-na-mitingu-podrske-erdoganu\/#respond"]}]},{"@type":"WebPage","@id":"https:\/\/sandzakpress.net\/arhiva\/stotine-hiljada-prisutnih-na-mitingu-podrske-erdoganu\/","url":"https:\/\/sandzakpress.net\/arhiva\/stotine-hiljada-prisutnih-na-mitingu-podrske-erdoganu\/","name":"Stotine hiljada prisutnih na mitingu podr\u0161ke Erdoganu","isPartOf":{"@id":"https:\/\/sandzakpress.net\/arhiva\/#website"},"primaryImageOfPage":{"@id":"https:\/\/sandzakpress.net\/arhiva\/stotine-hiljada-prisutnih-na-mitingu-podrske-erdoganu\/#primaryimage"},"image":{"@id":"https:\/\/sandzakpress.net\/arhiva\/stotine-hiljada-prisutnih-na-mitingu-podrske-erdoganu\/#primaryimage"},"thumbnailUrl":"https:\/\/sandzakpress.net\/arhiva\/wp-content\/uploads\/2013\/06\/u-ankari-poceo-miting-turske-vladajuce-stranke-pravde-i-razvoja-ak-parti_trt-bosanski-20693.jpg","datePublished":"2013-06-15T22:34:44+00:00","dateModified":"2013-06-18T14:13:07+00:00","breadcrumb":{"@id":"https:\/\/sandzakpress.net\/arhiva\/stotine-hiljada-prisutnih-na-mitingu-podrske-erdoganu\/#breadcrumb"},"inLanguage":"bs-BA","potentialAction":[{"@type":"ReadAction","target":["https:\/\/sandzakpress.net\/arhiva\/stotine-hiljada-prisutnih-na-mitingu-podrske-erdoganu\/"]}]},{"@type":"ImageObject","inLanguage":"bs-BA","@id":"https:\/\/sandzakpress.net\/arhiva\/stotine-hiljada-prisutnih-na-mitingu-podrske-erdoganu\/#primaryimage","url":"https:\/\/sandzakpress.net\/arhiva\/wp-content\/uploads\/2013\/06\/u-ankari-poceo-miting-turske-vladajuce-stranke-pravde-i-razvoja-ak-parti_trt-bosanski-20693.jpg","contentUrl":"https:\/\/sandzakpress.net\/arhiva\/wp-content\/uploads\/2013\/06\/u-ankari-poceo-miting-turske-vladajuce-stranke-pravde-i-razvoja-ak-parti_trt-bosanski-20693.jpg","width":"600","height":"363"},{"@type":"BreadcrumbList","@id":"https:\/\/sandzakpress.net\/arhiva\/stotine-hiljada-prisutnih-na-mitingu-podrske-erdoganu\/#breadcrumb","itemListElement":[{"@type":"ListItem","position":1,"name":"Home","item":"https:\/\/sandzakpress.net\/arhiva\/"},{"@type":"ListItem","position":2,"name":"Stotine hiljada prisutnih na mitingu podr\u0161ke Erdoganu"}]},{"@type":"WebSite","@id":"https:\/\/sandzakpress.net\/arhiva\/#website","url":"https:\/\/sandzakpress.net\/arhiva\/","name":"Sand\u017eak PRESS","description":"Prve elektronske novine u Sand\u017eaku","publisher":{"@id":"https:\/\/sandzakpress.net\/arhiva\/#\/schema\/person\/6e72b67d6e51910a1117b3b483ba20bd"},"potentialAction":[{"@type":"SearchAction","target":{"@type":"EntryPoint","urlTemplate":"https:\/\/sandzakpress.net\/arhiva\/?s={search_term_string}"},"query-input":{"@type":"PropertyValueSpecification","valueRequired":true,"valueName":"search_term_string"}}],"inLanguage":"bs-BA"},{"@type":["Person","Organization"],"@id":"https:\/\/sandzakpress.net\/arhiva\/#\/schema\/person\/6e72b67d6e51910a1117b3b483ba20bd","name":"Kul","image":{"@type":"ImageObject","inLanguage":"bs-BA","@id":"https:\/\/sandzakpress.net\/arhiva\/#\/schema\/person\/image\/","url":"https:\/\/secure.gravatar.com\/avatar\/42263f39aa27ac04c43cab85c280eb2e?s=96&d=mm&r=pg","contentUrl":"https:\/\/secure.gravatar.com\/avatar\/42263f39aa27ac04c43cab85c280eb2e?s=96&d=mm&r=pg","caption":"Kul"},"logo":{"@id":"https:\/\/sandzakpress.net\/arhiva\/#\/schema\/person\/image\/"}},{"@type":"Person","@id":"","url":"https:\/\/sandzakpress.net\/arhiva\/author\/"}]}},"_links":{"self":[{"href":"https:\/\/sandzakpress.net\/arhiva\/wp-json\/wp\/v2\/posts\/79273"}],"collection":[{"href":"https:\/\/sandzakpress.net\/arhiva\/wp-json\/wp\/v2\/posts"}],"about":[{"href":"https:\/\/sandzakpress.net\/arhiva\/wp-json\/wp\/v2\/types\/post"}],"author":[{"embeddable":true,"href":"https:\/\/sandzakpress.net\/arhiva\/wp-json\/wp\/v2\/users\/33"}],"replies":[{"embeddable":true,"href":"https:\/\/sandzakpress.net\/arhiva\/wp-json\/wp\/v2\/comments?post=79273"}],"version-history":[{"count":0,"href":"https:\/\/sandzakpress.net\/arhiva\/wp-json\/wp\/v2\/posts\/79273\/revisions"}],"wp:featuredmedia":[{"embeddable":true,"href":"https:\/\/sandzakpress.net\/arhiva\/wp-json\/wp\/v2\/media\/79276"}],"wp:attachment":[{"href":"https:\/\/sandzakpress.net\/arhiva\/wp-json\/wp\/v2\/media?parent=79273"}],"wp:term":[{"taxonomy":"category","embeddable":true,"href":"https:\/\/sandzakpress.net\/arhiva\/wp-json\/wp\/v2\/categories?post=79273"},{"taxonomy":"post_tag","embeddable":true,"href":"https:\/\/sandzakpress.net\/arhiva\/wp-json\/wp\/v2\/tags?post=79273"}],"curies":[{"name":"wp","href":"https:\/\/api.w.org\/{rel}","templated":true}]}}