{"id":79244,"date":"2013-06-15T17:42:16","date_gmt":"2013-06-15T15:42:16","guid":{"rendered":"https:\/\/sandzakpress.net\/arhiva\/?p=79244"},"modified":"2013-06-15T17:42:16","modified_gmt":"2013-06-15T15:42:16","slug":"francuski-predsjednik-hollande-odlazi-u-posjetu-kataru-i-jordanu","status":"publish","type":"post","link":"https:\/\/sandzakpress.net\/arhiva\/francuski-predsjednik-hollande-odlazi-u-posjetu-kataru-i-jordanu\/","title":{"rendered":"Francuski predsjednik Hollande odlazi u posjetu Kataru i Jordanu"},"content":{"rendered":"<div><strong><a href=\"https:\/\/sandzakpress.net\/arhiva\/wp-content\/uploads\/2013\/06\/francuski-predsjednik-hollande-odlazi-u-posjetu-kataru-i-jordanu_trt-bosanski-20688.jpg\"><img loading=\"lazy\" decoding=\"async\" class=\"alignleft size-medium wp-image-79245\" title=\"francuski-predsjednik-hollande-odlazi-u-posjetu-kataru-i-jordanu_trt-bosanski-20688\" src=\"https:\/\/sandzakpress.net\/arhiva\/wp-content\/uploads\/2013\/06\/francuski-predsjednik-hollande-odlazi-u-posjetu-kataru-i-jordanu_trt-bosanski-20688-300x181.jpg\" alt=\"\" width=\"300\" height=\"181\" srcset=\"https:\/\/sandzakpress.net\/arhiva\/wp-content\/uploads\/2013\/06\/francuski-predsjednik-hollande-odlazi-u-posjetu-kataru-i-jordanu_trt-bosanski-20688-300x181.jpg 300w, https:\/\/sandzakpress.net\/arhiva\/wp-content\/uploads\/2013\/06\/francuski-predsjednik-hollande-odlazi-u-posjetu-kataru-i-jordanu_trt-bosanski-20688.jpg 600w\" sizes=\"(max-width: 300px) 100vw, 300px\" \/><\/a>Francuski predsjednik Francois Hollande 22. i 23. juna \u0107e posjetiti Katar i Jordan.<\/strong><\/div>\n<div><\/div>\n<div>U saop\u0161tenju koje je izdalo Predsjedni\u0161tvo, re\u010deno je da \u0107e francuski predsjednik odr\u017eati razgovore \u00a0o bilateralnim i regionalnim pitanjima, ali \u0107e sa jordanskim i katarskim zvani\u010dnicima detaljno razgovarati o krizi u Siriji.<\/div>\n<div><\/div>\n<div>Hollande \u0107e na putu po arapskom svijetu pratiti i delegacija direktora poznatih francuskih kompanija, koja \u0107e na sastancima razmatrati francuska ulaganja u Kataru i Jordanu.<\/div>\n<div><\/div>\n<div>(trtbosanski)<\/div>\n","protected":false},"excerpt":{"rendered":"<p>Francuski predsjednik Francois Hollande 22. i 23. juna \u0107e posjetiti Katar i Jordan. U saop\u0161tenju koje je izdalo Predsjedni\u0161tvo, re\u010deno je da \u0107e francuski predsjednik odr\u017eati razgovore \u00a0o bilateralnim i regionalnim pitanjima, ali \u0107e sa jordanskim i katarskim zvani\u010dnicima detaljno razgovarati o krizi u Siriji. Hollande \u0107e na putu po arapskom svijetu pratiti i delegacija [&hellip;]<\/p>\n","protected":false},"author":16,"featured_media":79245,"comment_status":"open","ping_status":"open","sticky":false,"template":"","format":"standard","meta":{"footnotes":""},"categories":[9550,9],"tags":[],"class_list":{"0":"post-79244","1":"post","2":"type-post","3":"status-publish","4":"format-standard","5":"has-post-thumbnail","7":"category-francuska-dijaspora-gradovi-vase-vijesti","8":"category-svijet"},"yoast_head":"<!-- This site is optimized with the Yoast SEO Premium plugin v23.1 (Yoast SEO v24.9) - https:\/\/yoast.com\/wordpress\/plugins\/seo\/ -->\n<title>Francuski predsjednik Hollande odlazi u posjetu Kataru i Jordanu<\/title>\n<meta name=\"robots\" content=\"index, follow, max-snippet:-1, max-image-preview:large, max-video-preview:-1\" \/>\n<link rel=\"canonical\" href=\"https:\/\/sandzakpress.net\/arhiva\/francuski-predsjednik-hollande-odlazi-u-posjetu-kataru-i-jordanu\/\" \/>\n<meta property=\"og:locale\" content=\"bs_BA\" \/>\n<meta property=\"og:type\" content=\"article\" \/>\n<meta property=\"og:title\" content=\"Francuski predsjednik Hollande odlazi u posjetu Kataru i Jordanu\" \/>\n<meta property=\"og:description\" content=\"Francuski predsjednik Francois Hollande 22. i 23. juna \u0107e posjetiti Katar i Jordan. U saop\u0161tenju koje je izdalo Predsjedni\u0161tvo, re\u010deno je da \u0107e francuski predsjednik odr\u017eati razgovore \u00a0o bilateralnim i regionalnim pitanjima, ali \u0107e sa jordanskim i katarskim zvani\u010dnicima detaljno razgovarati o krizi u Siriji. Hollande \u0107e na putu po arapskom svijetu pratiti i delegacija [&hellip;]\" \/>\n<meta property=\"og:url\" content=\"https:\/\/sandzakpress.net\/arhiva\/francuski-predsjednik-hollande-odlazi-u-posjetu-kataru-i-jordanu\/\" \/>\n<meta property=\"og:site_name\" content=\"Sand\u017eak PRESS\" \/>\n<meta property=\"article:published_time\" content=\"2013-06-15T15:42:16+00:00\" \/>\n<meta property=\"og:image\" content=\"https:\/\/sandzakpress.net\/arhiva\/wp-content\/uploads\/2013\/06\/francuski-predsjednik-hollande-odlazi-u-posjetu-kataru-i-jordanu_trt-bosanski-20688.jpg\" \/>\n\t<meta property=\"og:image:width\" content=\"600\" \/>\n\t<meta property=\"og:image:height\" content=\"363\" \/>\n\t<meta property=\"og:image:type\" content=\"image\/jpeg\" \/>\n<meta name=\"twitter:card\" content=\"summary_large_image\" \/>\n<meta name=\"twitter:label1\" content=\"Written by\" \/>\n\t<meta name=\"twitter:data1\" content=\"\" \/>\n<script type=\"application\/ld+json\" class=\"yoast-schema-graph\">{\"@context\":\"https:\/\/schema.org\",\"@graph\":[{\"@type\":\"Article\",\"@id\":\"https:\/\/sandzakpress.net\/arhiva\/francuski-predsjednik-hollande-odlazi-u-posjetu-kataru-i-jordanu\/#article\",\"isPartOf\":{\"@id\":\"https:\/\/sandzakpress.net\/arhiva\/francuski-predsjednik-hollande-odlazi-u-posjetu-kataru-i-jordanu\/\"},\"author\":{\"name\":\"\",\"@id\":\"\"},\"headline\":\"Francuski predsjednik Hollande odlazi u posjetu Kataru i Jordanu\",\"datePublished\":\"2013-06-15T15:42:16+00:00\",\"mainEntityOfPage\":{\"@id\":\"https:\/\/sandzakpress.net\/arhiva\/francuski-predsjednik-hollande-odlazi-u-posjetu-kataru-i-jordanu\/\"},\"wordCount\":83,\"commentCount\":0,\"publisher\":{\"@id\":\"https:\/\/sandzakpress.net\/arhiva\/#\/schema\/person\/6e72b67d6e51910a1117b3b483ba20bd\"},\"image\":{\"@id\":\"https:\/\/sandzakpress.net\/arhiva\/francuski-predsjednik-hollande-odlazi-u-posjetu-kataru-i-jordanu\/#primaryimage\"},\"thumbnailUrl\":\"https:\/\/sandzakpress.net\/arhiva\/wp-content\/uploads\/2013\/06\/francuski-predsjednik-hollande-odlazi-u-posjetu-kataru-i-jordanu_trt-bosanski-20688.jpg\",\"articleSection\":[\"Francuska\",\"Svijet\"],\"inLanguage\":\"bs-BA\",\"potentialAction\":[{\"@type\":\"CommentAction\",\"name\":\"Comment\",\"target\":[\"https:\/\/sandzakpress.net\/arhiva\/francuski-predsjednik-hollande-odlazi-u-posjetu-kataru-i-jordanu\/#respond\"]}]},{\"@type\":\"WebPage\",\"@id\":\"https:\/\/sandzakpress.net\/arhiva\/francuski-predsjednik-hollande-odlazi-u-posjetu-kataru-i-jordanu\/\",\"url\":\"https:\/\/sandzakpress.net\/arhiva\/francuski-predsjednik-hollande-odlazi-u-posjetu-kataru-i-jordanu\/\",\"name\":\"Francuski predsjednik Hollande odlazi u posjetu Kataru i Jordanu\",\"isPartOf\":{\"@id\":\"https:\/\/sandzakpress.net\/arhiva\/#website\"},\"primaryImageOfPage\":{\"@id\":\"https:\/\/sandzakpress.net\/arhiva\/francuski-predsjednik-hollande-odlazi-u-posjetu-kataru-i-jordanu\/#primaryimage\"},\"image\":{\"@id\":\"https:\/\/sandzakpress.net\/arhiva\/francuski-predsjednik-hollande-odlazi-u-posjetu-kataru-i-jordanu\/#primaryimage\"},\"thumbnailUrl\":\"https:\/\/sandzakpress.net\/arhiva\/wp-content\/uploads\/2013\/06\/francuski-predsjednik-hollande-odlazi-u-posjetu-kataru-i-jordanu_trt-bosanski-20688.jpg\",\"datePublished\":\"2013-06-15T15:42:16+00:00\",\"breadcrumb\":{\"@id\":\"https:\/\/sandzakpress.net\/arhiva\/francuski-predsjednik-hollande-odlazi-u-posjetu-kataru-i-jordanu\/#breadcrumb\"},\"inLanguage\":\"bs-BA\",\"potentialAction\":[{\"@type\":\"ReadAction\",\"target\":[\"https:\/\/sandzakpress.net\/arhiva\/francuski-predsjednik-hollande-odlazi-u-posjetu-kataru-i-jordanu\/\"]}]},{\"@type\":\"ImageObject\",\"inLanguage\":\"bs-BA\",\"@id\":\"https:\/\/sandzakpress.net\/arhiva\/francuski-predsjednik-hollande-odlazi-u-posjetu-kataru-i-jordanu\/#primaryimage\",\"url\":\"https:\/\/sandzakpress.net\/arhiva\/wp-content\/uploads\/2013\/06\/francuski-predsjednik-hollande-odlazi-u-posjetu-kataru-i-jordanu_trt-bosanski-20688.jpg\",\"contentUrl\":\"https:\/\/sandzakpress.net\/arhiva\/wp-content\/uploads\/2013\/06\/francuski-predsjednik-hollande-odlazi-u-posjetu-kataru-i-jordanu_trt-bosanski-20688.jpg\",\"width\":\"600\",\"height\":\"363\"},{\"@type\":\"BreadcrumbList\",\"@id\":\"https:\/\/sandzakpress.net\/arhiva\/francuski-predsjednik-hollande-odlazi-u-posjetu-kataru-i-jordanu\/#breadcrumb\",\"itemListElement\":[{\"@type\":\"ListItem\",\"position\":1,\"name\":\"Home\",\"item\":\"https:\/\/sandzakpress.net\/arhiva\/\"},{\"@type\":\"ListItem\",\"position\":2,\"name\":\"Francuski predsjednik Hollande odlazi u posjetu Kataru i Jordanu\"}]},{\"@type\":\"WebSite\",\"@id\":\"https:\/\/sandzakpress.net\/arhiva\/#website\",\"url\":\"https:\/\/sandzakpress.net\/arhiva\/\",\"name\":\"Sand\u017eak PRESS\",\"description\":\"Prve elektronske novine u Sand\u017eaku\",\"publisher\":{\"@id\":\"https:\/\/sandzakpress.net\/arhiva\/#\/schema\/person\/6e72b67d6e51910a1117b3b483ba20bd\"},\"potentialAction\":[{\"@type\":\"SearchAction\",\"target\":{\"@type\":\"EntryPoint\",\"urlTemplate\":\"https:\/\/sandzakpress.net\/arhiva\/?s={search_term_string}\"},\"query-input\":{\"@type\":\"PropertyValueSpecification\",\"valueRequired\":true,\"valueName\":\"search_term_string\"}}],\"inLanguage\":\"bs-BA\"},{\"@type\":[\"Person\",\"Organization\"],\"@id\":\"https:\/\/sandzakpress.net\/arhiva\/#\/schema\/person\/6e72b67d6e51910a1117b3b483ba20bd\",\"name\":\"Kul\",\"image\":{\"@type\":\"ImageObject\",\"inLanguage\":\"bs-BA\",\"@id\":\"https:\/\/sandzakpress.net\/arhiva\/#\/schema\/person\/image\/\",\"url\":\"https:\/\/secure.gravatar.com\/avatar\/42263f39aa27ac04c43cab85c280eb2e?s=96&d=mm&r=pg\",\"contentUrl\":\"https:\/\/secure.gravatar.com\/avatar\/42263f39aa27ac04c43cab85c280eb2e?s=96&d=mm&r=pg\",\"caption\":\"Kul\"},\"logo\":{\"@id\":\"https:\/\/sandzakpress.net\/arhiva\/#\/schema\/person\/image\/\"}},{\"@type\":\"Person\",\"@id\":\"\",\"url\":\"https:\/\/sandzakpress.net\/arhiva\/author\/\"}]}<\/script>\n<!-- \/ Yoast SEO Premium plugin. -->","yoast_head_json":{"title":"Francuski predsjednik Hollande odlazi u posjetu Kataru i Jordanu","robots":{"index":"index","follow":"follow","max-snippet":"max-snippet:-1","max-image-preview":"max-image-preview:large","max-video-preview":"max-video-preview:-1"},"canonical":"https:\/\/sandzakpress.net\/arhiva\/francuski-predsjednik-hollande-odlazi-u-posjetu-kataru-i-jordanu\/","og_locale":"bs_BA","og_type":"article","og_title":"Francuski predsjednik Hollande odlazi u posjetu Kataru i Jordanu","og_description":"Francuski predsjednik Francois Hollande 22. i 23. juna \u0107e posjetiti Katar i Jordan. U saop\u0161tenju koje je izdalo Predsjedni\u0161tvo, re\u010deno je da \u0107e francuski predsjednik odr\u017eati razgovore \u00a0o bilateralnim i regionalnim pitanjima, ali \u0107e sa jordanskim i katarskim zvani\u010dnicima detaljno razgovarati o krizi u Siriji. Hollande \u0107e na putu po arapskom svijetu pratiti i delegacija [&hellip;]","og_url":"https:\/\/sandzakpress.net\/arhiva\/francuski-predsjednik-hollande-odlazi-u-posjetu-kataru-i-jordanu\/","og_site_name":"Sand\u017eak PRESS","article_published_time":"2013-06-15T15:42:16+00:00","og_image":[{"width":600,"height":363,"url":"https:\/\/sandzakpress.net\/arhiva\/wp-content\/uploads\/2013\/06\/francuski-predsjednik-hollande-odlazi-u-posjetu-kataru-i-jordanu_trt-bosanski-20688.jpg","type":"image\/jpeg"}],"twitter_card":"summary_large_image","twitter_misc":{"Written by":""},"schema":{"@context":"https:\/\/schema.org","@graph":[{"@type":"Article","@id":"https:\/\/sandzakpress.net\/arhiva\/francuski-predsjednik-hollande-odlazi-u-posjetu-kataru-i-jordanu\/#article","isPartOf":{"@id":"https:\/\/sandzakpress.net\/arhiva\/francuski-predsjednik-hollande-odlazi-u-posjetu-kataru-i-jordanu\/"},"author":{"name":"","@id":""},"headline":"Francuski predsjednik Hollande odlazi u posjetu Kataru i Jordanu","datePublished":"2013-06-15T15:42:16+00:00","mainEntityOfPage":{"@id":"https:\/\/sandzakpress.net\/arhiva\/francuski-predsjednik-hollande-odlazi-u-posjetu-kataru-i-jordanu\/"},"wordCount":83,"commentCount":0,"publisher":{"@id":"https:\/\/sandzakpress.net\/arhiva\/#\/schema\/person\/6e72b67d6e51910a1117b3b483ba20bd"},"image":{"@id":"https:\/\/sandzakpress.net\/arhiva\/francuski-predsjednik-hollande-odlazi-u-posjetu-kataru-i-jordanu\/#primaryimage"},"thumbnailUrl":"https:\/\/sandzakpress.net\/arhiva\/wp-content\/uploads\/2013\/06\/francuski-predsjednik-hollande-odlazi-u-posjetu-kataru-i-jordanu_trt-bosanski-20688.jpg","articleSection":["Francuska","Svijet"],"inLanguage":"bs-BA","potentialAction":[{"@type":"CommentAction","name":"Comment","target":["https:\/\/sandzakpress.net\/arhiva\/francuski-predsjednik-hollande-odlazi-u-posjetu-kataru-i-jordanu\/#respond"]}]},{"@type":"WebPage","@id":"https:\/\/sandzakpress.net\/arhiva\/francuski-predsjednik-hollande-odlazi-u-posjetu-kataru-i-jordanu\/","url":"https:\/\/sandzakpress.net\/arhiva\/francuski-predsjednik-hollande-odlazi-u-posjetu-kataru-i-jordanu\/","name":"Francuski predsjednik Hollande odlazi u posjetu Kataru i Jordanu","isPartOf":{"@id":"https:\/\/sandzakpress.net\/arhiva\/#website"},"primaryImageOfPage":{"@id":"https:\/\/sandzakpress.net\/arhiva\/francuski-predsjednik-hollande-odlazi-u-posjetu-kataru-i-jordanu\/#primaryimage"},"image":{"@id":"https:\/\/sandzakpress.net\/arhiva\/francuski-predsjednik-hollande-odlazi-u-posjetu-kataru-i-jordanu\/#primaryimage"},"thumbnailUrl":"https:\/\/sandzakpress.net\/arhiva\/wp-content\/uploads\/2013\/06\/francuski-predsjednik-hollande-odlazi-u-posjetu-kataru-i-jordanu_trt-bosanski-20688.jpg","datePublished":"2013-06-15T15:42:16+00:00","breadcrumb":{"@id":"https:\/\/sandzakpress.net\/arhiva\/francuski-predsjednik-hollande-odlazi-u-posjetu-kataru-i-jordanu\/#breadcrumb"},"inLanguage":"bs-BA","potentialAction":[{"@type":"ReadAction","target":["https:\/\/sandzakpress.net\/arhiva\/francuski-predsjednik-hollande-odlazi-u-posjetu-kataru-i-jordanu\/"]}]},{"@type":"ImageObject","inLanguage":"bs-BA","@id":"https:\/\/sandzakpress.net\/arhiva\/francuski-predsjednik-hollande-odlazi-u-posjetu-kataru-i-jordanu\/#primaryimage","url":"https:\/\/sandzakpress.net\/arhiva\/wp-content\/uploads\/2013\/06\/francuski-predsjednik-hollande-odlazi-u-posjetu-kataru-i-jordanu_trt-bosanski-20688.jpg","contentUrl":"https:\/\/sandzakpress.net\/arhiva\/wp-content\/uploads\/2013\/06\/francuski-predsjednik-hollande-odlazi-u-posjetu-kataru-i-jordanu_trt-bosanski-20688.jpg","width":"600","height":"363"},{"@type":"BreadcrumbList","@id":"https:\/\/sandzakpress.net\/arhiva\/francuski-predsjednik-hollande-odlazi-u-posjetu-kataru-i-jordanu\/#breadcrumb","itemListElement":[{"@type":"ListItem","position":1,"name":"Home","item":"https:\/\/sandzakpress.net\/arhiva\/"},{"@type":"ListItem","position":2,"name":"Francuski predsjednik Hollande odlazi u posjetu Kataru i Jordanu"}]},{"@type":"WebSite","@id":"https:\/\/sandzakpress.net\/arhiva\/#website","url":"https:\/\/sandzakpress.net\/arhiva\/","name":"Sand\u017eak PRESS","description":"Prve elektronske novine u Sand\u017eaku","publisher":{"@id":"https:\/\/sandzakpress.net\/arhiva\/#\/schema\/person\/6e72b67d6e51910a1117b3b483ba20bd"},"potentialAction":[{"@type":"SearchAction","target":{"@type":"EntryPoint","urlTemplate":"https:\/\/sandzakpress.net\/arhiva\/?s={search_term_string}"},"query-input":{"@type":"PropertyValueSpecification","valueRequired":true,"valueName":"search_term_string"}}],"inLanguage":"bs-BA"},{"@type":["Person","Organization"],"@id":"https:\/\/sandzakpress.net\/arhiva\/#\/schema\/person\/6e72b67d6e51910a1117b3b483ba20bd","name":"Kul","image":{"@type":"ImageObject","inLanguage":"bs-BA","@id":"https:\/\/sandzakpress.net\/arhiva\/#\/schema\/person\/image\/","url":"https:\/\/secure.gravatar.com\/avatar\/42263f39aa27ac04c43cab85c280eb2e?s=96&d=mm&r=pg","contentUrl":"https:\/\/secure.gravatar.com\/avatar\/42263f39aa27ac04c43cab85c280eb2e?s=96&d=mm&r=pg","caption":"Kul"},"logo":{"@id":"https:\/\/sandzakpress.net\/arhiva\/#\/schema\/person\/image\/"}},{"@type":"Person","@id":"","url":"https:\/\/sandzakpress.net\/arhiva\/author\/"}]}},"_links":{"self":[{"href":"https:\/\/sandzakpress.net\/arhiva\/wp-json\/wp\/v2\/posts\/79244"}],"collection":[{"href":"https:\/\/sandzakpress.net\/arhiva\/wp-json\/wp\/v2\/posts"}],"about":[{"href":"https:\/\/sandzakpress.net\/arhiva\/wp-json\/wp\/v2\/types\/post"}],"author":[{"embeddable":true,"href":"https:\/\/sandzakpress.net\/arhiva\/wp-json\/wp\/v2\/users\/16"}],"replies":[{"embeddable":true,"href":"https:\/\/sandzakpress.net\/arhiva\/wp-json\/wp\/v2\/comments?post=79244"}],"version-history":[{"count":0,"href":"https:\/\/sandzakpress.net\/arhiva\/wp-json\/wp\/v2\/posts\/79244\/revisions"}],"wp:featuredmedia":[{"embeddable":true,"href":"https:\/\/sandzakpress.net\/arhiva\/wp-json\/wp\/v2\/media\/79245"}],"wp:attachment":[{"href":"https:\/\/sandzakpress.net\/arhiva\/wp-json\/wp\/v2\/media?parent=79244"}],"wp:term":[{"taxonomy":"category","embeddable":true,"href":"https:\/\/sandzakpress.net\/arhiva\/wp-json\/wp\/v2\/categories?post=79244"},{"taxonomy":"post_tag","embeddable":true,"href":"https:\/\/sandzakpress.net\/arhiva\/wp-json\/wp\/v2\/tags?post=79244"}],"curies":[{"name":"wp","href":"https:\/\/api.w.org\/{rel}","templated":true}]}}