{"id":79230,"date":"2013-06-15T17:37:23","date_gmt":"2013-06-15T15:37:23","guid":{"rendered":"https:\/\/sandzakpress.net\/arhiva\/?p=79230"},"modified":"2013-06-15T17:37:23","modified_gmt":"2013-06-15T15:37:23","slug":"konferencija-za-medije-svjetskog-bosnjackog-kongresa","status":"publish","type":"post","link":"https:\/\/sandzakpress.net\/arhiva\/konferencija-za-medije-svjetskog-bosnjackog-kongresa\/","title":{"rendered":"Konferencija za medije Svjetskog bo\u0161nja\u010dkog kongresa"},"content":{"rendered":"<p><strong><a href=\"https:\/\/sandzakpress.net\/arhiva\/wp-content\/uploads\/2013\/06\/svjetski-bosnjacki-kongres-logo2012.jpg\"><img loading=\"lazy\" decoding=\"async\" class=\"alignleft size-medium wp-image-79232\" title=\"svjetski-bosnjacki-kongres-logo2012\" src=\"https:\/\/sandzakpress.net\/arhiva\/wp-content\/uploads\/2013\/06\/svjetski-bosnjacki-kongres-logo2012-286x300.jpg\" alt=\"\" width=\"286\" height=\"300\" srcset=\"https:\/\/sandzakpress.net\/arhiva\/wp-content\/uploads\/2013\/06\/svjetski-bosnjacki-kongres-logo2012-286x300.jpg 286w, https:\/\/sandzakpress.net\/arhiva\/wp-content\/uploads\/2013\/06\/svjetski-bosnjacki-kongres-logo2012.jpg 299w\" sizes=\"(max-width: 286px) 100vw, 286px\" \/><\/a>BIH &#8211; Svjetski bo\u0161nja\u010dki kongres odr\u017eat \u0107e konferenciju za medije u ponedjeljak 17.06. 2013. godine, u atriju hotela Evropa u Sarajevu s po\u010detkom u 12 sati.<br \/>\n<\/strong><br \/>\nNa konferenciji za medije obratit ce se Predsjednik skupstine Svjetskog bosnjackog kongresa Muftija Muamer Zukorlic, te prezentirati\u00a0<em>Deklaraciju Svjetskog bo\u0161nja\u010dkog kongresa o zajedni\u010dkoj sigurnosti i globalnom gra\u0111anstvu. <\/em><\/p>\n<p>Ova Deklaracija predstavlja odgovor na nedavne doga\u0111aje u Bostonu i Londonu, sa naglaskom na neprihvatljivu upotrebu i zloupotrebu imena Allaha i islama, pogotovo u slu\u010daju londonskog ubistva. Osam godina nakon objavljivanja<em>Deklaracije evropskih muslimana, <\/em>sada kao predsjednik Svjetskog bo\u0161nja\u010dkog kongresa, reisu-l-ulema emeritus dr. Mustafa Ceri\u0107 je pokrenuo inicijativu za objavljivanje druge deklaracije, a to je\u00a0<em>Deklaracija Svjetskog bo\u0161nja\u010dkog kongresa o zajedni\u010dkoj sigurnosti i globalnom gra\u0111anstvu.<\/em><\/p>\n<p>Pozivaju se predstavnici medija da prisustvuju konferenciji i putem svojih medijskih izvje\u0161taja upoznaju gra\u0111ane Bosne i Hercegovine sa svim aspektima\u00a0<em>Deklaracije<\/em>.<\/p>\n<p>U nadi korektne saradnje i me\u0111usobnog razumijevanja, primite izraze na\u0161eg po\u0161tovanja!, pi\u0161e u saop\u0107enju Sekretarijata Svjetskog bo\u0161nja\u010dkog kongresa.<\/p>\n<p>(Bosnjaci)<\/p>\n","protected":false},"excerpt":{"rendered":"<p>BIH &#8211; Svjetski bo\u0161nja\u010dki kongres odr\u017eat \u0107e konferenciju za medije u ponedjeljak 17.06. 2013. godine, u atriju hotela Evropa u Sarajevu s po\u010detkom u 12 sati. Na konferenciji za medije obratit ce se Predsjednik skupstine Svjetskog bosnjackog kongresa Muftija Muamer Zukorlic, te prezentirati\u00a0Deklaraciju Svjetskog bo\u0161nja\u010dkog kongresa o zajedni\u010dkoj sigurnosti i globalnom gra\u0111anstvu. Ova Deklaracija predstavlja [&hellip;]<\/p>\n","protected":false},"author":16,"featured_media":79232,"comment_status":"open","ping_status":"open","sticky":false,"template":"","format":"standard","meta":{"footnotes":""},"categories":[800,2860],"tags":[],"class_list":{"0":"post-79230","1":"post","2":"type-post","3":"status-publish","4":"format-standard","5":"has-post-thumbnail","7":"category-nacija","8":"category-bosna-i-hercegovina-gradovi"},"yoast_head":"<!-- This site is optimized with the Yoast SEO Premium plugin v23.1 (Yoast SEO v24.9) - https:\/\/yoast.com\/wordpress\/plugins\/seo\/ -->\n<title>Konferencija za medije Svjetskog bo\u0161nja\u010dkog kongresa<\/title>\n<meta name=\"robots\" content=\"index, follow, max-snippet:-1, max-image-preview:large, max-video-preview:-1\" \/>\n<link rel=\"canonical\" href=\"https:\/\/sandzakpress.net\/arhiva\/konferencija-za-medije-svjetskog-bosnjackog-kongresa\/\" \/>\n<meta property=\"og:locale\" content=\"bs_BA\" \/>\n<meta property=\"og:type\" content=\"article\" \/>\n<meta property=\"og:title\" content=\"Konferencija za medije Svjetskog bo\u0161nja\u010dkog kongresa\" \/>\n<meta property=\"og:description\" content=\"BIH &#8211; Svjetski bo\u0161nja\u010dki kongres odr\u017eat \u0107e konferenciju za medije u ponedjeljak 17.06. 2013. godine, u atriju hotela Evropa u Sarajevu s po\u010detkom u 12 sati. Na konferenciji za medije obratit ce se Predsjednik skupstine Svjetskog bosnjackog kongresa Muftija Muamer Zukorlic, te prezentirati\u00a0Deklaraciju Svjetskog bo\u0161nja\u010dkog kongresa o zajedni\u010dkoj sigurnosti i globalnom gra\u0111anstvu. Ova Deklaracija predstavlja [&hellip;]\" \/>\n<meta property=\"og:url\" content=\"https:\/\/sandzakpress.net\/arhiva\/konferencija-za-medije-svjetskog-bosnjackog-kongresa\/\" \/>\n<meta property=\"og:site_name\" content=\"Sand\u017eak PRESS\" \/>\n<meta property=\"article:published_time\" content=\"2013-06-15T15:37:23+00:00\" \/>\n<meta property=\"og:image\" content=\"https:\/\/sandzakpress.net\/arhiva\/wp-content\/uploads\/2013\/06\/svjetski-bosnjacki-kongres-logo2012.jpg\" \/>\n\t<meta property=\"og:image:width\" content=\"299\" \/>\n\t<meta property=\"og:image:height\" content=\"313\" \/>\n\t<meta property=\"og:image:type\" content=\"image\/jpeg\" \/>\n<meta name=\"twitter:card\" content=\"summary_large_image\" \/>\n<meta name=\"twitter:label1\" content=\"Written by\" \/>\n\t<meta name=\"twitter:data1\" content=\"\" \/>\n\t<meta name=\"twitter:label2\" content=\"Est. reading time\" \/>\n\t<meta name=\"twitter:data2\" content=\"1 minuta\" \/>\n<script type=\"application\/ld+json\" class=\"yoast-schema-graph\">{\"@context\":\"https:\/\/schema.org\",\"@graph\":[{\"@type\":\"Article\",\"@id\":\"https:\/\/sandzakpress.net\/arhiva\/konferencija-za-medije-svjetskog-bosnjackog-kongresa\/#article\",\"isPartOf\":{\"@id\":\"https:\/\/sandzakpress.net\/arhiva\/konferencija-za-medije-svjetskog-bosnjackog-kongresa\/\"},\"author\":{\"name\":\"\",\"@id\":\"\"},\"headline\":\"Konferencija za medije Svjetskog bo\u0161nja\u010dkog kongresa\",\"datePublished\":\"2013-06-15T15:37:23+00:00\",\"mainEntityOfPage\":{\"@id\":\"https:\/\/sandzakpress.net\/arhiva\/konferencija-za-medije-svjetskog-bosnjackog-kongresa\/\"},\"wordCount\":187,\"commentCount\":0,\"publisher\":{\"@id\":\"https:\/\/sandzakpress.net\/arhiva\/#\/schema\/person\/6e72b67d6e51910a1117b3b483ba20bd\"},\"image\":{\"@id\":\"https:\/\/sandzakpress.net\/arhiva\/konferencija-za-medije-svjetskog-bosnjackog-kongresa\/#primaryimage\"},\"thumbnailUrl\":\"https:\/\/sandzakpress.net\/arhiva\/wp-content\/uploads\/2013\/06\/svjetski-bosnjacki-kongres-logo2012.jpg\",\"articleSection\":[\"Nacija\",\"Bosna i Hercegovina\"],\"inLanguage\":\"bs-BA\",\"potentialAction\":[{\"@type\":\"CommentAction\",\"name\":\"Comment\",\"target\":[\"https:\/\/sandzakpress.net\/arhiva\/konferencija-za-medije-svjetskog-bosnjackog-kongresa\/#respond\"]}]},{\"@type\":\"WebPage\",\"@id\":\"https:\/\/sandzakpress.net\/arhiva\/konferencija-za-medije-svjetskog-bosnjackog-kongresa\/\",\"url\":\"https:\/\/sandzakpress.net\/arhiva\/konferencija-za-medije-svjetskog-bosnjackog-kongresa\/\",\"name\":\"Konferencija za medije Svjetskog bo\u0161nja\u010dkog kongresa\",\"isPartOf\":{\"@id\":\"https:\/\/sandzakpress.net\/arhiva\/#website\"},\"primaryImageOfPage\":{\"@id\":\"https:\/\/sandzakpress.net\/arhiva\/konferencija-za-medije-svjetskog-bosnjackog-kongresa\/#primaryimage\"},\"image\":{\"@id\":\"https:\/\/sandzakpress.net\/arhiva\/konferencija-za-medije-svjetskog-bosnjackog-kongresa\/#primaryimage\"},\"thumbnailUrl\":\"https:\/\/sandzakpress.net\/arhiva\/wp-content\/uploads\/2013\/06\/svjetski-bosnjacki-kongres-logo2012.jpg\",\"datePublished\":\"2013-06-15T15:37:23+00:00\",\"breadcrumb\":{\"@id\":\"https:\/\/sandzakpress.net\/arhiva\/konferencija-za-medije-svjetskog-bosnjackog-kongresa\/#breadcrumb\"},\"inLanguage\":\"bs-BA\",\"potentialAction\":[{\"@type\":\"ReadAction\",\"target\":[\"https:\/\/sandzakpress.net\/arhiva\/konferencija-za-medije-svjetskog-bosnjackog-kongresa\/\"]}]},{\"@type\":\"ImageObject\",\"inLanguage\":\"bs-BA\",\"@id\":\"https:\/\/sandzakpress.net\/arhiva\/konferencija-za-medije-svjetskog-bosnjackog-kongresa\/#primaryimage\",\"url\":\"https:\/\/sandzakpress.net\/arhiva\/wp-content\/uploads\/2013\/06\/svjetski-bosnjacki-kongres-logo2012.jpg\",\"contentUrl\":\"https:\/\/sandzakpress.net\/arhiva\/wp-content\/uploads\/2013\/06\/svjetski-bosnjacki-kongres-logo2012.jpg\",\"width\":\"299\",\"height\":\"313\"},{\"@type\":\"BreadcrumbList\",\"@id\":\"https:\/\/sandzakpress.net\/arhiva\/konferencija-za-medije-svjetskog-bosnjackog-kongresa\/#breadcrumb\",\"itemListElement\":[{\"@type\":\"ListItem\",\"position\":1,\"name\":\"Home\",\"item\":\"https:\/\/sandzakpress.net\/arhiva\/\"},{\"@type\":\"ListItem\",\"position\":2,\"name\":\"Konferencija za medije Svjetskog bo\u0161nja\u010dkog kongresa\"}]},{\"@type\":\"WebSite\",\"@id\":\"https:\/\/sandzakpress.net\/arhiva\/#website\",\"url\":\"https:\/\/sandzakpress.net\/arhiva\/\",\"name\":\"Sand\u017eak PRESS\",\"description\":\"Prve elektronske novine u Sand\u017eaku\",\"publisher\":{\"@id\":\"https:\/\/sandzakpress.net\/arhiva\/#\/schema\/person\/6e72b67d6e51910a1117b3b483ba20bd\"},\"potentialAction\":[{\"@type\":\"SearchAction\",\"target\":{\"@type\":\"EntryPoint\",\"urlTemplate\":\"https:\/\/sandzakpress.net\/arhiva\/?s={search_term_string}\"},\"query-input\":{\"@type\":\"PropertyValueSpecification\",\"valueRequired\":true,\"valueName\":\"search_term_string\"}}],\"inLanguage\":\"bs-BA\"},{\"@type\":[\"Person\",\"Organization\"],\"@id\":\"https:\/\/sandzakpress.net\/arhiva\/#\/schema\/person\/6e72b67d6e51910a1117b3b483ba20bd\",\"name\":\"Kul\",\"image\":{\"@type\":\"ImageObject\",\"inLanguage\":\"bs-BA\",\"@id\":\"https:\/\/sandzakpress.net\/arhiva\/#\/schema\/person\/image\/\",\"url\":\"https:\/\/secure.gravatar.com\/avatar\/42263f39aa27ac04c43cab85c280eb2e?s=96&d=mm&r=pg\",\"contentUrl\":\"https:\/\/secure.gravatar.com\/avatar\/42263f39aa27ac04c43cab85c280eb2e?s=96&d=mm&r=pg\",\"caption\":\"Kul\"},\"logo\":{\"@id\":\"https:\/\/sandzakpress.net\/arhiva\/#\/schema\/person\/image\/\"}},{\"@type\":\"Person\",\"@id\":\"\",\"url\":\"https:\/\/sandzakpress.net\/arhiva\/author\/\"}]}<\/script>\n<!-- \/ Yoast SEO Premium plugin. -->","yoast_head_json":{"title":"Konferencija za medije Svjetskog bo\u0161nja\u010dkog kongresa","robots":{"index":"index","follow":"follow","max-snippet":"max-snippet:-1","max-image-preview":"max-image-preview:large","max-video-preview":"max-video-preview:-1"},"canonical":"https:\/\/sandzakpress.net\/arhiva\/konferencija-za-medije-svjetskog-bosnjackog-kongresa\/","og_locale":"bs_BA","og_type":"article","og_title":"Konferencija za medije Svjetskog bo\u0161nja\u010dkog kongresa","og_description":"BIH &#8211; Svjetski bo\u0161nja\u010dki kongres odr\u017eat \u0107e konferenciju za medije u ponedjeljak 17.06. 2013. godine, u atriju hotela Evropa u Sarajevu s po\u010detkom u 12 sati. Na konferenciji za medije obratit ce se Predsjednik skupstine Svjetskog bosnjackog kongresa Muftija Muamer Zukorlic, te prezentirati\u00a0Deklaraciju Svjetskog bo\u0161nja\u010dkog kongresa o zajedni\u010dkoj sigurnosti i globalnom gra\u0111anstvu. Ova Deklaracija predstavlja [&hellip;]","og_url":"https:\/\/sandzakpress.net\/arhiva\/konferencija-za-medije-svjetskog-bosnjackog-kongresa\/","og_site_name":"Sand\u017eak PRESS","article_published_time":"2013-06-15T15:37:23+00:00","og_image":[{"width":299,"height":313,"url":"https:\/\/sandzakpress.net\/arhiva\/wp-content\/uploads\/2013\/06\/svjetski-bosnjacki-kongres-logo2012.jpg","type":"image\/jpeg"}],"twitter_card":"summary_large_image","twitter_misc":{"Written by":"","Est. reading time":"1 minuta"},"schema":{"@context":"https:\/\/schema.org","@graph":[{"@type":"Article","@id":"https:\/\/sandzakpress.net\/arhiva\/konferencija-za-medije-svjetskog-bosnjackog-kongresa\/#article","isPartOf":{"@id":"https:\/\/sandzakpress.net\/arhiva\/konferencija-za-medije-svjetskog-bosnjackog-kongresa\/"},"author":{"name":"","@id":""},"headline":"Konferencija za medije Svjetskog bo\u0161nja\u010dkog kongresa","datePublished":"2013-06-15T15:37:23+00:00","mainEntityOfPage":{"@id":"https:\/\/sandzakpress.net\/arhiva\/konferencija-za-medije-svjetskog-bosnjackog-kongresa\/"},"wordCount":187,"commentCount":0,"publisher":{"@id":"https:\/\/sandzakpress.net\/arhiva\/#\/schema\/person\/6e72b67d6e51910a1117b3b483ba20bd"},"image":{"@id":"https:\/\/sandzakpress.net\/arhiva\/konferencija-za-medije-svjetskog-bosnjackog-kongresa\/#primaryimage"},"thumbnailUrl":"https:\/\/sandzakpress.net\/arhiva\/wp-content\/uploads\/2013\/06\/svjetski-bosnjacki-kongres-logo2012.jpg","articleSection":["Nacija","Bosna i Hercegovina"],"inLanguage":"bs-BA","potentialAction":[{"@type":"CommentAction","name":"Comment","target":["https:\/\/sandzakpress.net\/arhiva\/konferencija-za-medije-svjetskog-bosnjackog-kongresa\/#respond"]}]},{"@type":"WebPage","@id":"https:\/\/sandzakpress.net\/arhiva\/konferencija-za-medije-svjetskog-bosnjackog-kongresa\/","url":"https:\/\/sandzakpress.net\/arhiva\/konferencija-za-medije-svjetskog-bosnjackog-kongresa\/","name":"Konferencija za medije Svjetskog bo\u0161nja\u010dkog kongresa","isPartOf":{"@id":"https:\/\/sandzakpress.net\/arhiva\/#website"},"primaryImageOfPage":{"@id":"https:\/\/sandzakpress.net\/arhiva\/konferencija-za-medije-svjetskog-bosnjackog-kongresa\/#primaryimage"},"image":{"@id":"https:\/\/sandzakpress.net\/arhiva\/konferencija-za-medije-svjetskog-bosnjackog-kongresa\/#primaryimage"},"thumbnailUrl":"https:\/\/sandzakpress.net\/arhiva\/wp-content\/uploads\/2013\/06\/svjetski-bosnjacki-kongres-logo2012.jpg","datePublished":"2013-06-15T15:37:23+00:00","breadcrumb":{"@id":"https:\/\/sandzakpress.net\/arhiva\/konferencija-za-medije-svjetskog-bosnjackog-kongresa\/#breadcrumb"},"inLanguage":"bs-BA","potentialAction":[{"@type":"ReadAction","target":["https:\/\/sandzakpress.net\/arhiva\/konferencija-za-medije-svjetskog-bosnjackog-kongresa\/"]}]},{"@type":"ImageObject","inLanguage":"bs-BA","@id":"https:\/\/sandzakpress.net\/arhiva\/konferencija-za-medije-svjetskog-bosnjackog-kongresa\/#primaryimage","url":"https:\/\/sandzakpress.net\/arhiva\/wp-content\/uploads\/2013\/06\/svjetski-bosnjacki-kongres-logo2012.jpg","contentUrl":"https:\/\/sandzakpress.net\/arhiva\/wp-content\/uploads\/2013\/06\/svjetski-bosnjacki-kongres-logo2012.jpg","width":"299","height":"313"},{"@type":"BreadcrumbList","@id":"https:\/\/sandzakpress.net\/arhiva\/konferencija-za-medije-svjetskog-bosnjackog-kongresa\/#breadcrumb","itemListElement":[{"@type":"ListItem","position":1,"name":"Home","item":"https:\/\/sandzakpress.net\/arhiva\/"},{"@type":"ListItem","position":2,"name":"Konferencija za medije Svjetskog bo\u0161nja\u010dkog kongresa"}]},{"@type":"WebSite","@id":"https:\/\/sandzakpress.net\/arhiva\/#website","url":"https:\/\/sandzakpress.net\/arhiva\/","name":"Sand\u017eak PRESS","description":"Prve elektronske novine u Sand\u017eaku","publisher":{"@id":"https:\/\/sandzakpress.net\/arhiva\/#\/schema\/person\/6e72b67d6e51910a1117b3b483ba20bd"},"potentialAction":[{"@type":"SearchAction","target":{"@type":"EntryPoint","urlTemplate":"https:\/\/sandzakpress.net\/arhiva\/?s={search_term_string}"},"query-input":{"@type":"PropertyValueSpecification","valueRequired":true,"valueName":"search_term_string"}}],"inLanguage":"bs-BA"},{"@type":["Person","Organization"],"@id":"https:\/\/sandzakpress.net\/arhiva\/#\/schema\/person\/6e72b67d6e51910a1117b3b483ba20bd","name":"Kul","image":{"@type":"ImageObject","inLanguage":"bs-BA","@id":"https:\/\/sandzakpress.net\/arhiva\/#\/schema\/person\/image\/","url":"https:\/\/secure.gravatar.com\/avatar\/42263f39aa27ac04c43cab85c280eb2e?s=96&d=mm&r=pg","contentUrl":"https:\/\/secure.gravatar.com\/avatar\/42263f39aa27ac04c43cab85c280eb2e?s=96&d=mm&r=pg","caption":"Kul"},"logo":{"@id":"https:\/\/sandzakpress.net\/arhiva\/#\/schema\/person\/image\/"}},{"@type":"Person","@id":"","url":"https:\/\/sandzakpress.net\/arhiva\/author\/"}]}},"_links":{"self":[{"href":"https:\/\/sandzakpress.net\/arhiva\/wp-json\/wp\/v2\/posts\/79230"}],"collection":[{"href":"https:\/\/sandzakpress.net\/arhiva\/wp-json\/wp\/v2\/posts"}],"about":[{"href":"https:\/\/sandzakpress.net\/arhiva\/wp-json\/wp\/v2\/types\/post"}],"author":[{"embeddable":true,"href":"https:\/\/sandzakpress.net\/arhiva\/wp-json\/wp\/v2\/users\/16"}],"replies":[{"embeddable":true,"href":"https:\/\/sandzakpress.net\/arhiva\/wp-json\/wp\/v2\/comments?post=79230"}],"version-history":[{"count":0,"href":"https:\/\/sandzakpress.net\/arhiva\/wp-json\/wp\/v2\/posts\/79230\/revisions"}],"wp:featuredmedia":[{"embeddable":true,"href":"https:\/\/sandzakpress.net\/arhiva\/wp-json\/wp\/v2\/media\/79232"}],"wp:attachment":[{"href":"https:\/\/sandzakpress.net\/arhiva\/wp-json\/wp\/v2\/media?parent=79230"}],"wp:term":[{"taxonomy":"category","embeddable":true,"href":"https:\/\/sandzakpress.net\/arhiva\/wp-json\/wp\/v2\/categories?post=79230"},{"taxonomy":"post_tag","embeddable":true,"href":"https:\/\/sandzakpress.net\/arhiva\/wp-json\/wp\/v2\/tags?post=79230"}],"curies":[{"name":"wp","href":"https:\/\/api.w.org\/{rel}","templated":true}]}}