{"id":79110,"date":"2013-06-14T19:00:08","date_gmt":"2013-06-14T17:00:08","guid":{"rendered":"https:\/\/sandzakpress.net\/arhiva\/?p=79110"},"modified":"2013-06-14T19:00:08","modified_gmt":"2013-06-14T17:00:08","slug":"turski-premijer-odgada-radove-u-parku-gezi","status":"publish","type":"post","link":"https:\/\/sandzakpress.net\/arhiva\/turski-premijer-odgada-radove-u-parku-gezi\/","title":{"rendered":"Turski premijer odga\u0111a radove u parku Gezi"},"content":{"rendered":"<p><strong><a href=\"https:\/\/sandzakpress.net\/arhiva\/wp-content\/uploads\/2013\/06\/afp_209.jpg\"><img loading=\"lazy\" decoding=\"async\" class=\"alignleft size-medium wp-image-79111\" title=\"afp_209\" src=\"https:\/\/sandzakpress.net\/arhiva\/wp-content\/uploads\/2013\/06\/afp_209-300x200.jpg\" alt=\"\" width=\"300\" height=\"200\" srcset=\"https:\/\/sandzakpress.net\/arhiva\/wp-content\/uploads\/2013\/06\/afp_209-300x200.jpg 300w, https:\/\/sandzakpress.net\/arhiva\/wp-content\/uploads\/2013\/06\/afp_209.jpg 900w\" sizes=\"(max-width: 300px) 100vw, 300px\" \/><\/a>Turska &#8211; Turski demonstranti koji su pregovarali sa premijerom Recepom Tayyipom Erdoganom u vezi s okon\u010danjem antivladinih demonstracija, rekli su da \u0107e premijer odgoditi radove u parku Gezi dok Sud o tome ne donese odluku.<\/strong><\/p>\n<p>Erdogan se tokom no\u0107i susreo s predstavnicima Solidarnosti za Taksim, krovne demonstrantske grupe, kao i s glumcima i umjetnicima. Do pregovora je do\u0161lo nekoliko sati nakon \u0161to je premijer rekao da je izgubio strpljenje i upozorio demonstrante da napuste Gezi park.<\/p>\n<p>Predstavnici grupe Solidarnost za Taksim ka\u017eu da je Erdogan obe\u0107ao povinuti se odluci Suda. Erdogan \u0107e, tako\u0111er, odr\u017eati referendum o planovima gradnje u parku ukoliko Sud presudi u korist Vlade, rekao je jedan \u010dlan grupe.<\/p>\n<p>&#8220;Premijer je rekao da \u0107e se, ukoliko rezultat glasanja bude da ovdje ostane park, on toga pridr\u017eavati&#8221;, rekao je Tayfun Kahraman.<\/p>\n<p>&#8220;Njegov komentar da projekt ne\u0107e biti realiziran do sudske odluke je pozitivan rezultat&#8221;, dodao je.<\/p>\n<p><strong>Protesti bez presedana<\/strong><\/p>\n<p>Protesti u vezi s parkom izbacili su na povr\u0161inu tenzije unutar zemlje izme\u0111u sekularista i Erdoganove konzervativne Vlade.\u00a0Vlada \u017eeli izgraditi repliku kasarne iz otomanskog doba, koja bi sadr\u017eavala shopping centar, na parku koji se naslanja na trg Taksim, epicentar protesta.<\/p>\n<p>Policijska racija u parku, koja se dogodila prije skoro dvije sedmice, potakla je val protesta bez presedana protiv Erdogana i njegove stranke.<\/p>\n<p>Protesti su privukli ljude iz razli\u010ditih dru\u0161tvenih krugova, uklju\u010duju\u0107i profesionalce, pristalice sindikata i studente.<\/p>\n<p>Policija je bacala suzavac i vodenim topom rastjerivala demonstrante u vi\u0161e gradova pro\u0161le sedmice, dok je omladina odgovarala kamenjem i molotovljevim koktelima.<\/p>\n<p>Pet osoba, uklju\u010duju\u0107i jednog policajca, poginulo je u neredima, a skoro 5.000 je povrije\u0111eno.<\/p>\n<p><strong>Licem u lice<\/strong><\/p>\n<p>Huseyin Celik, zamjenik predsjednika Erdoganove partije AK, koji je, tako\u0111er, prisustvovao razgovorima, ka\u017ee da je sastanak bio pozitivan, ali je ponovio Erdoganovu poziciju da okupacija mora biti okon\u010dana.<\/p>\n<p>&#8220;Na\u0161a Vlada je bila veoma tolerantna, koliko to demokratija podnosi, ali ne vjerujem da \u0107e Vlada ovoj okupaciji ostaviti jo\u0161 mnogo prostora\u201c, rekao je on.<\/p>\n<p>U me\u0111uvremenu je guverner Istanbula Huseyin Avni Mutlu demonstrantima sa Taksima ponudio sastanak.<\/p>\n<p>&#8220;Za one koji \u017eele razgovor licem u lice ve\u010deras od pono\u0107i \u0107emo razgovarati u grupama, ako bude trebalo do jutra&#8221;, rekao je Mutlu.<\/p>\n<p>(balkans.aljazeera)<\/p>\n","protected":false},"excerpt":{"rendered":"<p>Turska &#8211; Turski demonstranti koji su pregovarali sa premijerom Recepom Tayyipom Erdoganom u vezi s okon\u010danjem antivladinih demonstracija, rekli su da \u0107e premijer odgoditi radove u parku Gezi dok Sud o tome ne donese odluku. Erdogan se tokom no\u0107i susreo s predstavnicima Solidarnosti za Taksim, krovne demonstrantske grupe, kao i s glumcima i umjetnicima. Do [&hellip;]<\/p>\n","protected":false},"author":16,"featured_media":79111,"comment_status":"open","ping_status":"open","sticky":false,"template":"","format":"standard","meta":{"footnotes":""},"categories":[9,2692],"tags":[],"class_list":{"0":"post-79110","1":"post","2":"type-post","3":"status-publish","4":"format-standard","5":"has-post-thumbnail","7":"category-svijet","8":"category-turska-gradovi"},"yoast_head":"<!-- This site is optimized with the Yoast SEO Premium plugin v23.1 (Yoast SEO v24.9) - https:\/\/yoast.com\/wordpress\/plugins\/seo\/ -->\n<title>Turski premijer odga\u0111a radove u parku Gezi<\/title>\n<meta name=\"robots\" content=\"index, follow, max-snippet:-1, max-image-preview:large, max-video-preview:-1\" \/>\n<link rel=\"canonical\" href=\"https:\/\/sandzakpress.net\/arhiva\/turski-premijer-odgada-radove-u-parku-gezi\/\" \/>\n<meta property=\"og:locale\" content=\"bs_BA\" \/>\n<meta property=\"og:type\" content=\"article\" \/>\n<meta property=\"og:title\" content=\"Turski premijer odga\u0111a radove u parku Gezi\" \/>\n<meta property=\"og:description\" content=\"Turska &#8211; Turski demonstranti koji su pregovarali sa premijerom Recepom Tayyipom Erdoganom u vezi s okon\u010danjem antivladinih demonstracija, rekli su da \u0107e premijer odgoditi radove u parku Gezi dok Sud o tome ne donese odluku. Erdogan se tokom no\u0107i susreo s predstavnicima Solidarnosti za Taksim, krovne demonstrantske grupe, kao i s glumcima i umjetnicima. Do [&hellip;]\" \/>\n<meta property=\"og:url\" content=\"https:\/\/sandzakpress.net\/arhiva\/turski-premijer-odgada-radove-u-parku-gezi\/\" \/>\n<meta property=\"og:site_name\" content=\"Sand\u017eak PRESS\" \/>\n<meta property=\"article:published_time\" content=\"2013-06-14T17:00:08+00:00\" \/>\n<meta property=\"og:image\" content=\"https:\/\/sandzakpress.net\/arhiva\/wp-content\/uploads\/2013\/06\/afp_209.jpg\" \/>\n\t<meta property=\"og:image:width\" content=\"900\" \/>\n\t<meta property=\"og:image:height\" content=\"600\" \/>\n\t<meta property=\"og:image:type\" content=\"image\/jpeg\" \/>\n<meta name=\"twitter:card\" content=\"summary_large_image\" \/>\n<meta name=\"twitter:label1\" content=\"Written by\" \/>\n\t<meta name=\"twitter:data1\" content=\"\" \/>\n\t<meta name=\"twitter:label2\" content=\"Est. reading time\" \/>\n\t<meta name=\"twitter:data2\" content=\"2 minute\" \/>\n<script type=\"application\/ld+json\" class=\"yoast-schema-graph\">{\"@context\":\"https:\/\/schema.org\",\"@graph\":[{\"@type\":\"Article\",\"@id\":\"https:\/\/sandzakpress.net\/arhiva\/turski-premijer-odgada-radove-u-parku-gezi\/#article\",\"isPartOf\":{\"@id\":\"https:\/\/sandzakpress.net\/arhiva\/turski-premijer-odgada-radove-u-parku-gezi\/\"},\"author\":{\"name\":\"\",\"@id\":\"\"},\"headline\":\"Turski premijer odga\u0111a radove u parku Gezi\",\"datePublished\":\"2013-06-14T17:00:08+00:00\",\"mainEntityOfPage\":{\"@id\":\"https:\/\/sandzakpress.net\/arhiva\/turski-premijer-odgada-radove-u-parku-gezi\/\"},\"wordCount\":392,\"commentCount\":0,\"publisher\":{\"@id\":\"https:\/\/sandzakpress.net\/arhiva\/#\/schema\/person\/6e72b67d6e51910a1117b3b483ba20bd\"},\"image\":{\"@id\":\"https:\/\/sandzakpress.net\/arhiva\/turski-premijer-odgada-radove-u-parku-gezi\/#primaryimage\"},\"thumbnailUrl\":\"https:\/\/sandzakpress.net\/arhiva\/wp-content\/uploads\/2013\/06\/afp_209.jpg\",\"articleSection\":[\"Svijet\",\"Turska\"],\"inLanguage\":\"bs-BA\",\"potentialAction\":[{\"@type\":\"CommentAction\",\"name\":\"Comment\",\"target\":[\"https:\/\/sandzakpress.net\/arhiva\/turski-premijer-odgada-radove-u-parku-gezi\/#respond\"]}]},{\"@type\":\"WebPage\",\"@id\":\"https:\/\/sandzakpress.net\/arhiva\/turski-premijer-odgada-radove-u-parku-gezi\/\",\"url\":\"https:\/\/sandzakpress.net\/arhiva\/turski-premijer-odgada-radove-u-parku-gezi\/\",\"name\":\"Turski premijer odga\u0111a radove u parku Gezi\",\"isPartOf\":{\"@id\":\"https:\/\/sandzakpress.net\/arhiva\/#website\"},\"primaryImageOfPage\":{\"@id\":\"https:\/\/sandzakpress.net\/arhiva\/turski-premijer-odgada-radove-u-parku-gezi\/#primaryimage\"},\"image\":{\"@id\":\"https:\/\/sandzakpress.net\/arhiva\/turski-premijer-odgada-radove-u-parku-gezi\/#primaryimage\"},\"thumbnailUrl\":\"https:\/\/sandzakpress.net\/arhiva\/wp-content\/uploads\/2013\/06\/afp_209.jpg\",\"datePublished\":\"2013-06-14T17:00:08+00:00\",\"breadcrumb\":{\"@id\":\"https:\/\/sandzakpress.net\/arhiva\/turski-premijer-odgada-radove-u-parku-gezi\/#breadcrumb\"},\"inLanguage\":\"bs-BA\",\"potentialAction\":[{\"@type\":\"ReadAction\",\"target\":[\"https:\/\/sandzakpress.net\/arhiva\/turski-premijer-odgada-radove-u-parku-gezi\/\"]}]},{\"@type\":\"ImageObject\",\"inLanguage\":\"bs-BA\",\"@id\":\"https:\/\/sandzakpress.net\/arhiva\/turski-premijer-odgada-radove-u-parku-gezi\/#primaryimage\",\"url\":\"https:\/\/sandzakpress.net\/arhiva\/wp-content\/uploads\/2013\/06\/afp_209.jpg\",\"contentUrl\":\"https:\/\/sandzakpress.net\/arhiva\/wp-content\/uploads\/2013\/06\/afp_209.jpg\",\"width\":\"900\",\"height\":\"600\"},{\"@type\":\"BreadcrumbList\",\"@id\":\"https:\/\/sandzakpress.net\/arhiva\/turski-premijer-odgada-radove-u-parku-gezi\/#breadcrumb\",\"itemListElement\":[{\"@type\":\"ListItem\",\"position\":1,\"name\":\"Home\",\"item\":\"https:\/\/sandzakpress.net\/arhiva\/\"},{\"@type\":\"ListItem\",\"position\":2,\"name\":\"Turski premijer odga\u0111a radove u parku Gezi\"}]},{\"@type\":\"WebSite\",\"@id\":\"https:\/\/sandzakpress.net\/arhiva\/#website\",\"url\":\"https:\/\/sandzakpress.net\/arhiva\/\",\"name\":\"Sand\u017eak PRESS\",\"description\":\"Prve elektronske novine u Sand\u017eaku\",\"publisher\":{\"@id\":\"https:\/\/sandzakpress.net\/arhiva\/#\/schema\/person\/6e72b67d6e51910a1117b3b483ba20bd\"},\"potentialAction\":[{\"@type\":\"SearchAction\",\"target\":{\"@type\":\"EntryPoint\",\"urlTemplate\":\"https:\/\/sandzakpress.net\/arhiva\/?s={search_term_string}\"},\"query-input\":{\"@type\":\"PropertyValueSpecification\",\"valueRequired\":true,\"valueName\":\"search_term_string\"}}],\"inLanguage\":\"bs-BA\"},{\"@type\":[\"Person\",\"Organization\"],\"@id\":\"https:\/\/sandzakpress.net\/arhiva\/#\/schema\/person\/6e72b67d6e51910a1117b3b483ba20bd\",\"name\":\"Kul\",\"image\":{\"@type\":\"ImageObject\",\"inLanguage\":\"bs-BA\",\"@id\":\"https:\/\/sandzakpress.net\/arhiva\/#\/schema\/person\/image\/\",\"url\":\"https:\/\/secure.gravatar.com\/avatar\/42263f39aa27ac04c43cab85c280eb2e?s=96&d=mm&r=pg\",\"contentUrl\":\"https:\/\/secure.gravatar.com\/avatar\/42263f39aa27ac04c43cab85c280eb2e?s=96&d=mm&r=pg\",\"caption\":\"Kul\"},\"logo\":{\"@id\":\"https:\/\/sandzakpress.net\/arhiva\/#\/schema\/person\/image\/\"}},{\"@type\":\"Person\",\"@id\":\"\",\"url\":\"https:\/\/sandzakpress.net\/arhiva\/author\/\"}]}<\/script>\n<!-- \/ Yoast SEO Premium plugin. -->","yoast_head_json":{"title":"Turski premijer odga\u0111a radove u parku Gezi","robots":{"index":"index","follow":"follow","max-snippet":"max-snippet:-1","max-image-preview":"max-image-preview:large","max-video-preview":"max-video-preview:-1"},"canonical":"https:\/\/sandzakpress.net\/arhiva\/turski-premijer-odgada-radove-u-parku-gezi\/","og_locale":"bs_BA","og_type":"article","og_title":"Turski premijer odga\u0111a radove u parku Gezi","og_description":"Turska &#8211; Turski demonstranti koji su pregovarali sa premijerom Recepom Tayyipom Erdoganom u vezi s okon\u010danjem antivladinih demonstracija, rekli su da \u0107e premijer odgoditi radove u parku Gezi dok Sud o tome ne donese odluku. Erdogan se tokom no\u0107i susreo s predstavnicima Solidarnosti za Taksim, krovne demonstrantske grupe, kao i s glumcima i umjetnicima. Do [&hellip;]","og_url":"https:\/\/sandzakpress.net\/arhiva\/turski-premijer-odgada-radove-u-parku-gezi\/","og_site_name":"Sand\u017eak PRESS","article_published_time":"2013-06-14T17:00:08+00:00","og_image":[{"width":900,"height":600,"url":"https:\/\/sandzakpress.net\/arhiva\/wp-content\/uploads\/2013\/06\/afp_209.jpg","type":"image\/jpeg"}],"twitter_card":"summary_large_image","twitter_misc":{"Written by":"","Est. reading time":"2 minute"},"schema":{"@context":"https:\/\/schema.org","@graph":[{"@type":"Article","@id":"https:\/\/sandzakpress.net\/arhiva\/turski-premijer-odgada-radove-u-parku-gezi\/#article","isPartOf":{"@id":"https:\/\/sandzakpress.net\/arhiva\/turski-premijer-odgada-radove-u-parku-gezi\/"},"author":{"name":"","@id":""},"headline":"Turski premijer odga\u0111a radove u parku Gezi","datePublished":"2013-06-14T17:00:08+00:00","mainEntityOfPage":{"@id":"https:\/\/sandzakpress.net\/arhiva\/turski-premijer-odgada-radove-u-parku-gezi\/"},"wordCount":392,"commentCount":0,"publisher":{"@id":"https:\/\/sandzakpress.net\/arhiva\/#\/schema\/person\/6e72b67d6e51910a1117b3b483ba20bd"},"image":{"@id":"https:\/\/sandzakpress.net\/arhiva\/turski-premijer-odgada-radove-u-parku-gezi\/#primaryimage"},"thumbnailUrl":"https:\/\/sandzakpress.net\/arhiva\/wp-content\/uploads\/2013\/06\/afp_209.jpg","articleSection":["Svijet","Turska"],"inLanguage":"bs-BA","potentialAction":[{"@type":"CommentAction","name":"Comment","target":["https:\/\/sandzakpress.net\/arhiva\/turski-premijer-odgada-radove-u-parku-gezi\/#respond"]}]},{"@type":"WebPage","@id":"https:\/\/sandzakpress.net\/arhiva\/turski-premijer-odgada-radove-u-parku-gezi\/","url":"https:\/\/sandzakpress.net\/arhiva\/turski-premijer-odgada-radove-u-parku-gezi\/","name":"Turski premijer odga\u0111a radove u parku Gezi","isPartOf":{"@id":"https:\/\/sandzakpress.net\/arhiva\/#website"},"primaryImageOfPage":{"@id":"https:\/\/sandzakpress.net\/arhiva\/turski-premijer-odgada-radove-u-parku-gezi\/#primaryimage"},"image":{"@id":"https:\/\/sandzakpress.net\/arhiva\/turski-premijer-odgada-radove-u-parku-gezi\/#primaryimage"},"thumbnailUrl":"https:\/\/sandzakpress.net\/arhiva\/wp-content\/uploads\/2013\/06\/afp_209.jpg","datePublished":"2013-06-14T17:00:08+00:00","breadcrumb":{"@id":"https:\/\/sandzakpress.net\/arhiva\/turski-premijer-odgada-radove-u-parku-gezi\/#breadcrumb"},"inLanguage":"bs-BA","potentialAction":[{"@type":"ReadAction","target":["https:\/\/sandzakpress.net\/arhiva\/turski-premijer-odgada-radove-u-parku-gezi\/"]}]},{"@type":"ImageObject","inLanguage":"bs-BA","@id":"https:\/\/sandzakpress.net\/arhiva\/turski-premijer-odgada-radove-u-parku-gezi\/#primaryimage","url":"https:\/\/sandzakpress.net\/arhiva\/wp-content\/uploads\/2013\/06\/afp_209.jpg","contentUrl":"https:\/\/sandzakpress.net\/arhiva\/wp-content\/uploads\/2013\/06\/afp_209.jpg","width":"900","height":"600"},{"@type":"BreadcrumbList","@id":"https:\/\/sandzakpress.net\/arhiva\/turski-premijer-odgada-radove-u-parku-gezi\/#breadcrumb","itemListElement":[{"@type":"ListItem","position":1,"name":"Home","item":"https:\/\/sandzakpress.net\/arhiva\/"},{"@type":"ListItem","position":2,"name":"Turski premijer odga\u0111a radove u parku Gezi"}]},{"@type":"WebSite","@id":"https:\/\/sandzakpress.net\/arhiva\/#website","url":"https:\/\/sandzakpress.net\/arhiva\/","name":"Sand\u017eak PRESS","description":"Prve elektronske novine u Sand\u017eaku","publisher":{"@id":"https:\/\/sandzakpress.net\/arhiva\/#\/schema\/person\/6e72b67d6e51910a1117b3b483ba20bd"},"potentialAction":[{"@type":"SearchAction","target":{"@type":"EntryPoint","urlTemplate":"https:\/\/sandzakpress.net\/arhiva\/?s={search_term_string}"},"query-input":{"@type":"PropertyValueSpecification","valueRequired":true,"valueName":"search_term_string"}}],"inLanguage":"bs-BA"},{"@type":["Person","Organization"],"@id":"https:\/\/sandzakpress.net\/arhiva\/#\/schema\/person\/6e72b67d6e51910a1117b3b483ba20bd","name":"Kul","image":{"@type":"ImageObject","inLanguage":"bs-BA","@id":"https:\/\/sandzakpress.net\/arhiva\/#\/schema\/person\/image\/","url":"https:\/\/secure.gravatar.com\/avatar\/42263f39aa27ac04c43cab85c280eb2e?s=96&d=mm&r=pg","contentUrl":"https:\/\/secure.gravatar.com\/avatar\/42263f39aa27ac04c43cab85c280eb2e?s=96&d=mm&r=pg","caption":"Kul"},"logo":{"@id":"https:\/\/sandzakpress.net\/arhiva\/#\/schema\/person\/image\/"}},{"@type":"Person","@id":"","url":"https:\/\/sandzakpress.net\/arhiva\/author\/"}]}},"_links":{"self":[{"href":"https:\/\/sandzakpress.net\/arhiva\/wp-json\/wp\/v2\/posts\/79110"}],"collection":[{"href":"https:\/\/sandzakpress.net\/arhiva\/wp-json\/wp\/v2\/posts"}],"about":[{"href":"https:\/\/sandzakpress.net\/arhiva\/wp-json\/wp\/v2\/types\/post"}],"author":[{"embeddable":true,"href":"https:\/\/sandzakpress.net\/arhiva\/wp-json\/wp\/v2\/users\/16"}],"replies":[{"embeddable":true,"href":"https:\/\/sandzakpress.net\/arhiva\/wp-json\/wp\/v2\/comments?post=79110"}],"version-history":[{"count":0,"href":"https:\/\/sandzakpress.net\/arhiva\/wp-json\/wp\/v2\/posts\/79110\/revisions"}],"wp:featuredmedia":[{"embeddable":true,"href":"https:\/\/sandzakpress.net\/arhiva\/wp-json\/wp\/v2\/media\/79111"}],"wp:attachment":[{"href":"https:\/\/sandzakpress.net\/arhiva\/wp-json\/wp\/v2\/media?parent=79110"}],"wp:term":[{"taxonomy":"category","embeddable":true,"href":"https:\/\/sandzakpress.net\/arhiva\/wp-json\/wp\/v2\/categories?post=79110"},{"taxonomy":"post_tag","embeddable":true,"href":"https:\/\/sandzakpress.net\/arhiva\/wp-json\/wp\/v2\/tags?post=79110"}],"curies":[{"name":"wp","href":"https:\/\/api.w.org\/{rel}","templated":true}]}}