{"id":7907,"date":"2010-09-13T07:15:03","date_gmt":"2010-09-13T07:15:03","guid":{"rendered":"https:\/\/sandzakpress.net\/arhiva\/?p=7907"},"modified":"2010-09-13T07:15:03","modified_gmt":"2010-09-13T07:15:03","slug":"ko-ima-pravo-dobit-ce-pare","status":"publish","type":"post","link":"https:\/\/sandzakpress.net\/arhiva\/ko-ima-pravo-dobit-ce-pare\/","title":{"rendered":"Ko ima pravo dobit \u0107e pare"},"content":{"rendered":"<p><strong><a href=\"https:\/\/sandzakpress.net\/arhiva\/wp-content\/uploads\/2010\/09\/15207_radnici_f.jpg\"><img loading=\"lazy\" decoding=\"async\" class=\"alignleft size-medium wp-image-7908\" title=\"15207_radnici_f\" src=\"https:\/\/sandzakpress.net\/arhiva\/wp-content\/uploads\/2010\/09\/15207_radnici_f-300x181.jpg\" alt=\"\" width=\"191\" height=\"115\" \/><\/a>Ro\u017eaje &#8211; Direktor crnogorskog fonda rada Du\u0161an Perovi\u0107, u prisustvu predsjednika op\u0161tine Nusreta Kala\u010da, ju\u010der je u Ro\u017eajama uru\u010dio rje\u0161enja za 16 radnika iz ovog grada koji su bez posla ostali zbog ste\u010daja firmi u kojima su radili ili po osnovu tehno-ekonomskog vi\u0161ka.<\/strong><\/p>\n<p>Rje\u0161enja na osnovu kojih sti\u010du pravo na otpremnine u iznosu od 1.926 eura dobilo je 10 radnika ZZ Bogaje, \u010detiri firme Famod i po jedan radnik AD Trgovina i Ugostiteljskog preduze\u0107a Turjak.<\/p>\n<p>Perovi\u0107 je rekao da to nije kona\u010dan broj radnika ro\u017eajskih firmi koji su dobili otpremnine. Vladinim mjerama, kojima se \u017eeli pomo\u0107i onima koji su ostali bez posla, bi\u0107e obuhva\u0107eni svi koji dostave zahtjeve i za koje se utvrdi da imaju pravo na otpremninu.<\/p>\n<p>Izvor: <strong>Pobjeda.co.me<\/strong><\/p>\n","protected":false},"excerpt":{"rendered":"<p>Ro\u017eaje &#8211; Direktor crnogorskog fonda rada Du\u0161an Perovi\u0107, u prisustvu predsjednika op\u0161tine Nusreta Kala\u010da, ju\u010der je u Ro\u017eajama uru\u010dio rje\u0161enja za 16 radnika iz ovog grada koji su bez posla ostali zbog ste\u010daja firmi u kojima su radili ili po osnovu tehno-ekonomskog vi\u0161ka. Rje\u0161enja na osnovu kojih sti\u010du pravo na otpremnine u iznosu od 1.926 [&hellip;]<\/p>\n","protected":false},"author":83,"featured_media":7908,"comment_status":"open","ping_status":"open","sticky":false,"template":"","format":"standard","meta":{"footnotes":""},"categories":[398,5],"tags":[],"class_list":{"0":"post-7907","1":"post","2":"type-post","3":"status-publish","4":"format-standard","5":"has-post-thumbnail","7":"category-rozaje","8":"category-drustvo"},"yoast_head":"<!-- This site is optimized with the Yoast SEO Premium plugin v23.1 (Yoast SEO v24.9) - https:\/\/yoast.com\/wordpress\/plugins\/seo\/ -->\n<title>Ko ima pravo dobit \u0107e pare<\/title>\n<meta name=\"robots\" content=\"index, follow, max-snippet:-1, max-image-preview:large, max-video-preview:-1\" \/>\n<link rel=\"canonical\" href=\"https:\/\/sandzakpress.net\/arhiva\/ko-ima-pravo-dobit-ce-pare\/\" \/>\n<meta property=\"og:locale\" content=\"bs_BA\" \/>\n<meta property=\"og:type\" content=\"article\" \/>\n<meta property=\"og:title\" content=\"Ko ima pravo dobit \u0107e pare\" \/>\n<meta property=\"og:description\" content=\"Ro\u017eaje &#8211; Direktor crnogorskog fonda rada Du\u0161an Perovi\u0107, u prisustvu predsjednika op\u0161tine Nusreta Kala\u010da, ju\u010der je u Ro\u017eajama uru\u010dio rje\u0161enja za 16 radnika iz ovog grada koji su bez posla ostali zbog ste\u010daja firmi u kojima su radili ili po osnovu tehno-ekonomskog vi\u0161ka. Rje\u0161enja na osnovu kojih sti\u010du pravo na otpremnine u iznosu od 1.926 [&hellip;]\" \/>\n<meta property=\"og:url\" content=\"https:\/\/sandzakpress.net\/arhiva\/ko-ima-pravo-dobit-ce-pare\/\" \/>\n<meta property=\"og:site_name\" content=\"Sand\u017eak PRESS\" \/>\n<meta property=\"article:published_time\" content=\"2010-09-13T07:15:03+00:00\" \/>\n<meta property=\"og:image\" content=\"https:\/\/sandzakpress.net\/arhiva\/wp-content\/uploads\/2010\/09\/15207_radnici_f.jpg\" \/>\n\t<meta property=\"og:image:width\" content=\"480\" \/>\n\t<meta property=\"og:image:height\" content=\"290\" \/>\n\t<meta property=\"og:image:type\" content=\"image\/jpeg\" \/>\n<meta name=\"author\" content=\"bosniak\" \/>\n<meta name=\"twitter:card\" content=\"summary_large_image\" \/>\n<meta name=\"twitter:label1\" content=\"Written by\" \/>\n\t<meta name=\"twitter:data1\" content=\"bosniak\" \/>\n\t<meta name=\"twitter:label2\" content=\"Est. reading time\" \/>\n\t<meta name=\"twitter:data2\" content=\"1 minuta\" \/>\n<script type=\"application\/ld+json\" class=\"yoast-schema-graph\">{\"@context\":\"https:\/\/schema.org\",\"@graph\":[{\"@type\":\"Article\",\"@id\":\"https:\/\/sandzakpress.net\/arhiva\/ko-ima-pravo-dobit-ce-pare\/#article\",\"isPartOf\":{\"@id\":\"https:\/\/sandzakpress.net\/arhiva\/ko-ima-pravo-dobit-ce-pare\/\"},\"author\":{\"name\":\"bosniak\",\"@id\":\"https:\/\/sandzakpress.net\/arhiva\/#\/schema\/person\/c8baee722073534b583ea7bdb2e36c02\"},\"headline\":\"Ko ima pravo dobit \u0107e pare\",\"datePublished\":\"2010-09-13T07:15:03+00:00\",\"mainEntityOfPage\":{\"@id\":\"https:\/\/sandzakpress.net\/arhiva\/ko-ima-pravo-dobit-ce-pare\/\"},\"wordCount\":143,\"commentCount\":0,\"publisher\":{\"@id\":\"https:\/\/sandzakpress.net\/arhiva\/#\/schema\/person\/6e72b67d6e51910a1117b3b483ba20bd\"},\"image\":{\"@id\":\"https:\/\/sandzakpress.net\/arhiva\/ko-ima-pravo-dobit-ce-pare\/#primaryimage\"},\"thumbnailUrl\":\"https:\/\/sandzakpress.net\/arhiva\/wp-content\/uploads\/2010\/09\/15207_radnici_f.jpg\",\"articleSection\":[\"Ro\u017eaje\",\"Dru\u0161tvo\"],\"inLanguage\":\"bs-BA\",\"potentialAction\":[{\"@type\":\"CommentAction\",\"name\":\"Comment\",\"target\":[\"https:\/\/sandzakpress.net\/arhiva\/ko-ima-pravo-dobit-ce-pare\/#respond\"]}]},{\"@type\":\"WebPage\",\"@id\":\"https:\/\/sandzakpress.net\/arhiva\/ko-ima-pravo-dobit-ce-pare\/\",\"url\":\"https:\/\/sandzakpress.net\/arhiva\/ko-ima-pravo-dobit-ce-pare\/\",\"name\":\"Ko ima pravo dobit \u0107e pare\",\"isPartOf\":{\"@id\":\"https:\/\/sandzakpress.net\/arhiva\/#website\"},\"primaryImageOfPage\":{\"@id\":\"https:\/\/sandzakpress.net\/arhiva\/ko-ima-pravo-dobit-ce-pare\/#primaryimage\"},\"image\":{\"@id\":\"https:\/\/sandzakpress.net\/arhiva\/ko-ima-pravo-dobit-ce-pare\/#primaryimage\"},\"thumbnailUrl\":\"https:\/\/sandzakpress.net\/arhiva\/wp-content\/uploads\/2010\/09\/15207_radnici_f.jpg\",\"datePublished\":\"2010-09-13T07:15:03+00:00\",\"breadcrumb\":{\"@id\":\"https:\/\/sandzakpress.net\/arhiva\/ko-ima-pravo-dobit-ce-pare\/#breadcrumb\"},\"inLanguage\":\"bs-BA\",\"potentialAction\":[{\"@type\":\"ReadAction\",\"target\":[\"https:\/\/sandzakpress.net\/arhiva\/ko-ima-pravo-dobit-ce-pare\/\"]}]},{\"@type\":\"ImageObject\",\"inLanguage\":\"bs-BA\",\"@id\":\"https:\/\/sandzakpress.net\/arhiva\/ko-ima-pravo-dobit-ce-pare\/#primaryimage\",\"url\":\"https:\/\/sandzakpress.net\/arhiva\/wp-content\/uploads\/2010\/09\/15207_radnici_f.jpg\",\"contentUrl\":\"https:\/\/sandzakpress.net\/arhiva\/wp-content\/uploads\/2010\/09\/15207_radnici_f.jpg\",\"width\":480,\"height\":290},{\"@type\":\"BreadcrumbList\",\"@id\":\"https:\/\/sandzakpress.net\/arhiva\/ko-ima-pravo-dobit-ce-pare\/#breadcrumb\",\"itemListElement\":[{\"@type\":\"ListItem\",\"position\":1,\"name\":\"Home\",\"item\":\"https:\/\/sandzakpress.net\/arhiva\/\"},{\"@type\":\"ListItem\",\"position\":2,\"name\":\"Ko ima pravo dobit \u0107e pare\"}]},{\"@type\":\"WebSite\",\"@id\":\"https:\/\/sandzakpress.net\/arhiva\/#website\",\"url\":\"https:\/\/sandzakpress.net\/arhiva\/\",\"name\":\"Sand\u017eak PRESS\",\"description\":\"Prve elektronske novine u Sand\u017eaku\",\"publisher\":{\"@id\":\"https:\/\/sandzakpress.net\/arhiva\/#\/schema\/person\/6e72b67d6e51910a1117b3b483ba20bd\"},\"potentialAction\":[{\"@type\":\"SearchAction\",\"target\":{\"@type\":\"EntryPoint\",\"urlTemplate\":\"https:\/\/sandzakpress.net\/arhiva\/?s={search_term_string}\"},\"query-input\":{\"@type\":\"PropertyValueSpecification\",\"valueRequired\":true,\"valueName\":\"search_term_string\"}}],\"inLanguage\":\"bs-BA\"},{\"@type\":[\"Person\",\"Organization\"],\"@id\":\"https:\/\/sandzakpress.net\/arhiva\/#\/schema\/person\/6e72b67d6e51910a1117b3b483ba20bd\",\"name\":\"Kul\",\"image\":{\"@type\":\"ImageObject\",\"inLanguage\":\"bs-BA\",\"@id\":\"https:\/\/sandzakpress.net\/arhiva\/#\/schema\/person\/image\/\",\"url\":\"https:\/\/secure.gravatar.com\/avatar\/42263f39aa27ac04c43cab85c280eb2e?s=96&d=mm&r=pg\",\"contentUrl\":\"https:\/\/secure.gravatar.com\/avatar\/42263f39aa27ac04c43cab85c280eb2e?s=96&d=mm&r=pg\",\"caption\":\"Kul\"},\"logo\":{\"@id\":\"https:\/\/sandzakpress.net\/arhiva\/#\/schema\/person\/image\/\"}},{\"@type\":\"Person\",\"@id\":\"https:\/\/sandzakpress.net\/arhiva\/#\/schema\/person\/c8baee722073534b583ea7bdb2e36c02\",\"name\":\"bosniak\",\"image\":{\"@type\":\"ImageObject\",\"inLanguage\":\"bs-BA\",\"@id\":\"https:\/\/sandzakpress.net\/arhiva\/#\/schema\/person\/image\/\",\"url\":\"https:\/\/secure.gravatar.com\/avatar\/a04fd330bfe3a36a72a0ad4a6d89fca7?s=96&d=mm&r=pg\",\"contentUrl\":\"https:\/\/secure.gravatar.com\/avatar\/a04fd330bfe3a36a72a0ad4a6d89fca7?s=96&d=mm&r=pg\",\"caption\":\"bosniak\"},\"url\":\"https:\/\/sandzakpress.net\/arhiva\/author\/bosniak\/\"}]}<\/script>\n<!-- \/ Yoast SEO Premium plugin. -->","yoast_head_json":{"title":"Ko ima pravo dobit \u0107e pare","robots":{"index":"index","follow":"follow","max-snippet":"max-snippet:-1","max-image-preview":"max-image-preview:large","max-video-preview":"max-video-preview:-1"},"canonical":"https:\/\/sandzakpress.net\/arhiva\/ko-ima-pravo-dobit-ce-pare\/","og_locale":"bs_BA","og_type":"article","og_title":"Ko ima pravo dobit \u0107e pare","og_description":"Ro\u017eaje &#8211; Direktor crnogorskog fonda rada Du\u0161an Perovi\u0107, u prisustvu predsjednika op\u0161tine Nusreta Kala\u010da, ju\u010der je u Ro\u017eajama uru\u010dio rje\u0161enja za 16 radnika iz ovog grada koji su bez posla ostali zbog ste\u010daja firmi u kojima su radili ili po osnovu tehno-ekonomskog vi\u0161ka. Rje\u0161enja na osnovu kojih sti\u010du pravo na otpremnine u iznosu od 1.926 [&hellip;]","og_url":"https:\/\/sandzakpress.net\/arhiva\/ko-ima-pravo-dobit-ce-pare\/","og_site_name":"Sand\u017eak PRESS","article_published_time":"2010-09-13T07:15:03+00:00","og_image":[{"width":480,"height":290,"url":"https:\/\/sandzakpress.net\/arhiva\/wp-content\/uploads\/2010\/09\/15207_radnici_f.jpg","type":"image\/jpeg"}],"author":"bosniak","twitter_card":"summary_large_image","twitter_misc":{"Written by":"bosniak","Est. reading time":"1 minuta"},"schema":{"@context":"https:\/\/schema.org","@graph":[{"@type":"Article","@id":"https:\/\/sandzakpress.net\/arhiva\/ko-ima-pravo-dobit-ce-pare\/#article","isPartOf":{"@id":"https:\/\/sandzakpress.net\/arhiva\/ko-ima-pravo-dobit-ce-pare\/"},"author":{"name":"bosniak","@id":"https:\/\/sandzakpress.net\/arhiva\/#\/schema\/person\/c8baee722073534b583ea7bdb2e36c02"},"headline":"Ko ima pravo dobit \u0107e pare","datePublished":"2010-09-13T07:15:03+00:00","mainEntityOfPage":{"@id":"https:\/\/sandzakpress.net\/arhiva\/ko-ima-pravo-dobit-ce-pare\/"},"wordCount":143,"commentCount":0,"publisher":{"@id":"https:\/\/sandzakpress.net\/arhiva\/#\/schema\/person\/6e72b67d6e51910a1117b3b483ba20bd"},"image":{"@id":"https:\/\/sandzakpress.net\/arhiva\/ko-ima-pravo-dobit-ce-pare\/#primaryimage"},"thumbnailUrl":"https:\/\/sandzakpress.net\/arhiva\/wp-content\/uploads\/2010\/09\/15207_radnici_f.jpg","articleSection":["Ro\u017eaje","Dru\u0161tvo"],"inLanguage":"bs-BA","potentialAction":[{"@type":"CommentAction","name":"Comment","target":["https:\/\/sandzakpress.net\/arhiva\/ko-ima-pravo-dobit-ce-pare\/#respond"]}]},{"@type":"WebPage","@id":"https:\/\/sandzakpress.net\/arhiva\/ko-ima-pravo-dobit-ce-pare\/","url":"https:\/\/sandzakpress.net\/arhiva\/ko-ima-pravo-dobit-ce-pare\/","name":"Ko ima pravo dobit \u0107e pare","isPartOf":{"@id":"https:\/\/sandzakpress.net\/arhiva\/#website"},"primaryImageOfPage":{"@id":"https:\/\/sandzakpress.net\/arhiva\/ko-ima-pravo-dobit-ce-pare\/#primaryimage"},"image":{"@id":"https:\/\/sandzakpress.net\/arhiva\/ko-ima-pravo-dobit-ce-pare\/#primaryimage"},"thumbnailUrl":"https:\/\/sandzakpress.net\/arhiva\/wp-content\/uploads\/2010\/09\/15207_radnici_f.jpg","datePublished":"2010-09-13T07:15:03+00:00","breadcrumb":{"@id":"https:\/\/sandzakpress.net\/arhiva\/ko-ima-pravo-dobit-ce-pare\/#breadcrumb"},"inLanguage":"bs-BA","potentialAction":[{"@type":"ReadAction","target":["https:\/\/sandzakpress.net\/arhiva\/ko-ima-pravo-dobit-ce-pare\/"]}]},{"@type":"ImageObject","inLanguage":"bs-BA","@id":"https:\/\/sandzakpress.net\/arhiva\/ko-ima-pravo-dobit-ce-pare\/#primaryimage","url":"https:\/\/sandzakpress.net\/arhiva\/wp-content\/uploads\/2010\/09\/15207_radnici_f.jpg","contentUrl":"https:\/\/sandzakpress.net\/arhiva\/wp-content\/uploads\/2010\/09\/15207_radnici_f.jpg","width":480,"height":290},{"@type":"BreadcrumbList","@id":"https:\/\/sandzakpress.net\/arhiva\/ko-ima-pravo-dobit-ce-pare\/#breadcrumb","itemListElement":[{"@type":"ListItem","position":1,"name":"Home","item":"https:\/\/sandzakpress.net\/arhiva\/"},{"@type":"ListItem","position":2,"name":"Ko ima pravo dobit \u0107e pare"}]},{"@type":"WebSite","@id":"https:\/\/sandzakpress.net\/arhiva\/#website","url":"https:\/\/sandzakpress.net\/arhiva\/","name":"Sand\u017eak PRESS","description":"Prve elektronske novine u Sand\u017eaku","publisher":{"@id":"https:\/\/sandzakpress.net\/arhiva\/#\/schema\/person\/6e72b67d6e51910a1117b3b483ba20bd"},"potentialAction":[{"@type":"SearchAction","target":{"@type":"EntryPoint","urlTemplate":"https:\/\/sandzakpress.net\/arhiva\/?s={search_term_string}"},"query-input":{"@type":"PropertyValueSpecification","valueRequired":true,"valueName":"search_term_string"}}],"inLanguage":"bs-BA"},{"@type":["Person","Organization"],"@id":"https:\/\/sandzakpress.net\/arhiva\/#\/schema\/person\/6e72b67d6e51910a1117b3b483ba20bd","name":"Kul","image":{"@type":"ImageObject","inLanguage":"bs-BA","@id":"https:\/\/sandzakpress.net\/arhiva\/#\/schema\/person\/image\/","url":"https:\/\/secure.gravatar.com\/avatar\/42263f39aa27ac04c43cab85c280eb2e?s=96&d=mm&r=pg","contentUrl":"https:\/\/secure.gravatar.com\/avatar\/42263f39aa27ac04c43cab85c280eb2e?s=96&d=mm&r=pg","caption":"Kul"},"logo":{"@id":"https:\/\/sandzakpress.net\/arhiva\/#\/schema\/person\/image\/"}},{"@type":"Person","@id":"https:\/\/sandzakpress.net\/arhiva\/#\/schema\/person\/c8baee722073534b583ea7bdb2e36c02","name":"bosniak","image":{"@type":"ImageObject","inLanguage":"bs-BA","@id":"https:\/\/sandzakpress.net\/arhiva\/#\/schema\/person\/image\/","url":"https:\/\/secure.gravatar.com\/avatar\/a04fd330bfe3a36a72a0ad4a6d89fca7?s=96&d=mm&r=pg","contentUrl":"https:\/\/secure.gravatar.com\/avatar\/a04fd330bfe3a36a72a0ad4a6d89fca7?s=96&d=mm&r=pg","caption":"bosniak"},"url":"https:\/\/sandzakpress.net\/arhiva\/author\/bosniak\/"}]}},"_links":{"self":[{"href":"https:\/\/sandzakpress.net\/arhiva\/wp-json\/wp\/v2\/posts\/7907"}],"collection":[{"href":"https:\/\/sandzakpress.net\/arhiva\/wp-json\/wp\/v2\/posts"}],"about":[{"href":"https:\/\/sandzakpress.net\/arhiva\/wp-json\/wp\/v2\/types\/post"}],"author":[{"embeddable":true,"href":"https:\/\/sandzakpress.net\/arhiva\/wp-json\/wp\/v2\/users\/83"}],"replies":[{"embeddable":true,"href":"https:\/\/sandzakpress.net\/arhiva\/wp-json\/wp\/v2\/comments?post=7907"}],"version-history":[{"count":0,"href":"https:\/\/sandzakpress.net\/arhiva\/wp-json\/wp\/v2\/posts\/7907\/revisions"}],"wp:featuredmedia":[{"embeddable":true,"href":"https:\/\/sandzakpress.net\/arhiva\/wp-json\/wp\/v2\/media\/7908"}],"wp:attachment":[{"href":"https:\/\/sandzakpress.net\/arhiva\/wp-json\/wp\/v2\/media?parent=7907"}],"wp:term":[{"taxonomy":"category","embeddable":true,"href":"https:\/\/sandzakpress.net\/arhiva\/wp-json\/wp\/v2\/categories?post=7907"},{"taxonomy":"post_tag","embeddable":true,"href":"https:\/\/sandzakpress.net\/arhiva\/wp-json\/wp\/v2\/tags?post=7907"}],"curies":[{"name":"wp","href":"https:\/\/api.w.org\/{rel}","templated":true}]}}