{"id":78786,"date":"2013-06-12T15:57:46","date_gmt":"2013-06-12T13:57:46","guid":{"rendered":"https:\/\/sandzakpress.net\/arhiva\/?p=78786"},"modified":"2013-06-12T18:37:47","modified_gmt":"2013-06-12T16:37:47","slug":"yenikoy-bosnjacko-selo-na-obalama-crnog-mora","status":"publish","type":"post","link":"https:\/\/sandzakpress.net\/arhiva\/yenikoy-bosnjacko-selo-na-obalama-crnog-mora\/","title":{"rendered":"Yenikoy &#8211; bo\u0161nja\u010dko selo na obalama Crnog mora"},"content":{"rendered":"<div><a href=\"https:\/\/sandzakpress.net\/arhiva\/wp-content\/uploads\/2013\/06\/bosnjaci-u-yenikoyu_trt-bosanski-20335.jpg\"><img loading=\"lazy\" decoding=\"async\" class=\"aligncenter size-full wp-image-78787\" title=\"bosnjaci-u-yenikoyu_trt-bosanski-20335\" src=\"https:\/\/sandzakpress.net\/arhiva\/wp-content\/uploads\/2013\/06\/bosnjaci-u-yenikoyu_trt-bosanski-20335.jpg\" alt=\"\" width=\"600\" height=\"363\" srcset=\"https:\/\/sandzakpress.net\/arhiva\/wp-content\/uploads\/2013\/06\/bosnjaci-u-yenikoyu_trt-bosanski-20335.jpg 600w, https:\/\/sandzakpress.net\/arhiva\/wp-content\/uploads\/2013\/06\/bosnjaci-u-yenikoyu_trt-bosanski-20335-300x181.jpg 300w\" sizes=\"(max-width: 600px) 100vw, 600px\" \/><\/a><\/div>\n<div>&#8220;Od na\u0161ih smo djedova stalno slu\u0161ali o patnjama koje su muslimani pre\u017eivjeli, zbog nepravdi i zuluma,\u201d ka\u017eu Bo\u0161njaci porijeklom iz Sand\u017eaka nastanjeni u turskom selu Yenikoy, obja\u0161njavaju\u0107i pri\u010du o njihovom dolasku. Yenikoy je bo\u0161nja\u010dko selo u Turskoj zelenilom ukra\u0161ene prirode, vazduhom od kakvog \u010distijeg nema i primjetnom toplinom ljudi koji ga naseljavaju&#8230;<\/div>\n<div>Abdurrahman Akova se prije osamdeset i osam godina doselio iz Sand\u017eaka, zbog sukoba i ekonomskih pote\u0161ko\u0107a u tom regionu. Selo Yenikoy po njemu su prozvali Bo\u0161nja\u010dko selo.<\/div>\n<div>Bo\u0161njaci su se 1920-tih godina doselili u brojne gradove \u0161irom Turske, pa su tako za svoje prebivali\u0161te odabrali i Istanbul i njegovu okolinu. Selo Yenikoy na podru\u010dju op\u0107ine \u0160ile, smje\u0161teno na crnomorskoj obali Istanbula, jedno je od prvih bo\u0161nja\u010dkih naselja.<\/div>\n<div>U Yenikoyu su prije Bo\u0161njaka \u017eivjeli Grci. Me\u0111utim, migracije koje je izazvao Prvi svjetski rat, utjecale su i na Grke iz tog sela. Ve\u0107ina njih je napustila selo, ili tokom rata ili odmah nakon rata. Zbog sukoba izme\u0111u Grka povratnika i Turaka, mnoge ku\u0107e su spaljene i selo je ostalo pusto.<\/div>\n<div><strong>&#8220;Ovdje sve potpuno li\u010di na na\u0161e selo&#8221;<\/strong><\/div>\n<div>Godina je 1925\u2026Abdurrahmanu Akovi, koji je u doba Osmanlija slu\u017eio vojsku u rejonu \u0160ilea, na um pada jedna misao &#8211; da se preseli u Yenikoy koji je mnogo zavolio tokom slu\u017eenja vojnog roka, a koji ga je podsje\u0107ao na njegovo selo Musli\u0107e. Krenuo je na put, ali je najprije morao da uvjeri porodicu i bliske ro\u0111ake. U mjestu za koje je rekao &#8220;Ovdje sve u potpunosti li\u010di na na\u0161e selo,&#8221; Akova je napravio prvu bo\u0161nja\u010dku ku\u0107u. Poslije njega, vi\u0161e se ljudi preselilio iz Sand\u017eaka u \u0160ile&#8230;To je zapravo po\u010detak pri\u010de o tome kako je Yenikoy postao bo\u0161nja\u010dko selo.<\/div>\n<div><img loading=\"lazy\" decoding=\"async\" src=\"http:\/\/www.trtbosanski.com\/webimage\/image\/yenikoy\/yenikoy_reportaj_prima.JPG\" alt=\"\" width=\"609\" height=\"404\" \/><\/div>\n<div>Zaputismo se tokom sun\u010danog dana ka selu Yenik\u00f6y, u \u010dijih 120 ku\u0107a \u017eivi 450 Bo\u0161njaka. Nakon skoro dva sata putovanja stigli smo u \u0160ile. Vozimo putem opasanim drvoredima, na kome nas prati pjev ptica i tokom koga na\u0161 jezik postaje ne\u010dujan u susretu sa veli\u010danstvenom prirodom&#8230; Od nas troje putnika u Bo\u0161nja\u010dko selo, ja sam posebno uzbu\u0111ena i nestrpljiva. \u017delim \u0161to prije \u010duti pri\u010du Bo\u0161njaka koji su se nastanili u Yenikoyu. Na kraju puta ugledasmo jednu modernu kafeteriju i vi\u0161e starinskih kafana na seoskom trgu. Tra\u017eim seoskog muhtara Ferita Y\u0131lmaza (Musli\u0107), s kojim sam putem telefona stupila u kontakt prije nego sam do\u0161la u selo, no on mi se ne javlja. Upitasmo ljude koji sjede u kafi\u0107u gdje bi Ferit mogao biti. Pokazuju drvenu kahved\u017einicu koju smo ugledali na ulazu u selo. Kada smo oti\u0161li u kahved\u017einicu po imenu &#8220;\u010cajna ba\u0161ta kod hrasta&#8221; najprije smo se predstavili.<\/div>\n<div>Do\u010dekuje nas divni gospodin Ferit. Upustili smo se u prijatan razgovor, a niko od prisutnih iz sela nam nije uskratio ono \u0161to zna ili \u0161to je \u010duo. Svi su nam iza\u0161li u susret. Pri\u010da po\u010dinje oko jednog okruglog stola. Najprije pozva\u0161e Ahmeta Merta (Musli\u0107a) koji je najstariji u selu; ka\u017eu da je on taj koji je najvi\u0161e pro\u017eivio, da je on taj koji najbolje pri\u010da ovu pri\u010du&#8230;<\/div>\n<div><strong>&#8220;Od na\u0161ih djedova i o\u010deva stalno smo slu\u0161ali gorke i te\u0161ke stvari&#8221;<\/strong><\/div>\n<div>Pri\u010da svakako, kako i ranije rekoh, po\u010dinje sa vojnikom Akovom. U redu, no \u0161ta je bilo prije toga&#8230;<\/div>\n<div>Akovine unici Uzeir i D\u017eihad Akova sjede za stolom skupa s nama. Pitamo jesu li ikad pomi\u0161ljali da se vrate nazad&#8230;&#8221; Od na\u0161ih djedova i o\u010deva slu\u0161ali smo samo iste stvari: tegobe koje su pre\u017eivjeli u Sand\u017eaku, nepravdu \u010dinjenu muslimanima. Zbog toga nismo ni pomi\u0161ljali da se vratimo,&#8221; odgovori\u0161e oni.<\/div>\n<div>Osim jedne \u00a0ili dviju porodica, ve\u0107ina stanovnika ro\u0111ena je upravo ovdje. Posljednji su \u00a0u Yenikoy doselili ro\u0111aci Nusret i Mirsad T\u00fcrker, koji su do\u0161li skupa sa njihovim porodicama. Ra\u0161id Musli\u0107, djed gospodina Ferita, jedan je od onih koji su u Yenikoy do\u0161li iz Sand\u017eaka. Mezar umrlog Ra\u0161ida Musli\u0107a je u Yenikoyu.<\/div>\n<div>Otac gospodina Ferita, Halil Ibrahim Yilmaz je najstarija osoba ro\u0111ena u selu koja je i sada \u017eiva. Ne mo\u017eemo razgovarati sa Halil \u0130brahim Yilmazom (85), zbog bolesti koju su mu donijele pozne godine. Stoga po\u010dinjemo razgovor sa Ahmetom Mertom, \u010detiri godine mla\u0111im od Halila. Gospodin Ahmet spominje tradicionalne svadbe i veselja; one svadbe i veselja koja su trajala danima i sedmicama i tokom kojih se uvijek \u010duo zvuk harmonike&#8230;Kako mu jako nedostaju davni dani, on nam \u010dak i zapjeva neku staru pjesmu.<\/div>\n<div><strong>&#8220;Ovdje smo se rodili, ovdje \u0107emo i umrijeti&#8221;<\/strong><\/div>\n<div>Gospodin Ahmet se rodio u Yenikoyu. Nikada nije posjetio Sand\u017eak. Ka\u017ee da je mnogo \u017eelio da ode tamo, ali zbog skromnih ekonomskih prilika, nije bio u mogu\u0107nosti da to u\u010dini, niti je mogao pozvati one koji su tamo ostali da ga posjete. &#8220;Na\u0161i su nam o\u010devi ostavili ovo lijepo selo. Tu smo se rodili, tu \u0107emo i umrijeti&#8221;, re\u010de Ahmet.<\/div>\n<div>Nusret T\u00fcrker je jedan od onih koji su me\u0111u posljednjim doselili u Yenikoy. &#8220;Ve\u0107ina na\u0161ih ro\u0111aka \u017eivjela je ovdje. Zato smo i do\u0161li,&#8221; veli Nusret i uz li\u010dnu kritiku nastavlja: &#8220;Na\u0161u djecu nismo nau\u010dili bosanskom jeziku. U ku\u0107i su ga samo stariji govorili i tako je vremenom zaboravljen.&#8221;<\/div>\n<div>Gospodin Mirsad je kao dijete do\u0161ao iz Sand\u017eaka u Yenikoy. S nama je podijelio uspomenu koja nas je sve nasmijala. Njegova je porodica prilikom selidbe u Tursku sa sobom ponijela i jedan televizor. No, godina je 1966. i u ovom selu tada jo\u0161 uvijek nije bilo struje. Zbog toga nisu mogli da gledaju televiziju, pa su prodali televizor. Ali kada je selo dobilo struju, prisje\u0107a se on, svi su gledali televizor koji je bio postavljen ispod hrasta na seoskom trgu.<\/div>\n<div>Mla\u0111i preuzimaju rije\u010d. I oni su od starijih \u010duli stvari od kojih \u010dovjeka zabole i srce i du\u0161a. Me\u0111u njima ima i onih koji su ve\u0107 posjetili Sand\u017eak i Bosnu i Hercegovinu, ali ima i onih koji jo\u0161 uvijek samo sanjaju o predjelima o kojima govore&#8230;<\/div>\n<div>Mla\u0111i uglavnom rade kao dr\u017eavni slu\u017ebenici. U posljednje vrijeme, Yenikoy je postao poznat po kestenovom medu. Vi\u0161e porodica svoj opstanak obezbje\u0111uje p\u010delarstvom. Do 90-tih godina selo se bavilo sto\u010darstvom, mljekarstvom i sje\u010dom drveta.<\/div>\n<div>Govori se i o poduhvatima Cana Tabakoglua, predsjednika op\u0161tine \u0160ile. Tabakoglu vi\u0161e puta godi\u0161nje putuje u Bosnu i Hercegovinu, jer je op\u0161tina \u0160ile potpisala sporazum o bratimljenju s op\u0161tinom Cazin u BiH. Reko\u0161e nam da kada predsjednik Op\u0161tine Cazin Nermin Ogre\u0161evi\u0107 posjeti \u0160ile obavezno navrati i u Yenikoy. Cilj je jasan: produbiti prijateljstvo izme\u0111u Bo\u0161njaka i Turaka. Narod Yenikoya je veoma zadovoljan ovim bratimljenjem.<\/div>\n<div>Tokom razgovora gospodin Ahmet ponovo u pri\u010du uvodi stare svadbe i veselja. Jasno je da se njegova \u010de\u017enja za davnim danima i drevnim obi\u010dajima ne smiruje. Spomenuo je i njegovu svadbu. Zabava je trajala gotovo mjesec dana na trgu u Yenikoyu. Za svadbu je zaklano oko 10-15 manjih kurbana. Gozbili su se raznim jeilma, pjevale stare pjesme.<\/div>\n<div>&#8220;Nema danas takvih svadbi, sve se preselilo u salone za vjen\u010danja&#8221;, s tugom govori gospodin Ahmet koji je u braku ve\u0107 62 godine.<\/div>\n<div><img loading=\"lazy\" decoding=\"async\" src=\"http:\/\/www.trtbosanski.com\/webimage\/image\/yenikoy\/yenikoy_reportaj%20(1)(1).jpg\" alt=\"\" width=\"609\" height=\"404\" \/><\/div>\n<div>Dok nastavljamo s razgovorom, na stol dolaze \u010duvene bo\u0161nja\u010dke pite. S apetitom, uz mla\u0107enicu, jedemo zeljanicu, sirnicu, krompiru\u0161u&#8230;a \u010dim smo se dobro najeli, po\u017eeljeli smo da pro\u0161etamo selom. Muhtar i gospodin Ahmet su nam vodi\u010di. Dovode nas do najstarije \u010desme u selu, iz koje se napismo ledeno hladne vode. Usput se pozdravljamo sa svakim koga sre\u0107emo. Odmah nas pozivaju svojim ku\u0107ama, \u017eele nas ponuditi ne\u010dim. U prolazu razgovaramo.<\/div>\n<div>Nedugo potom, pa\u017enju nam je privukla grupa \u017eena, u ba\u0161ti, ispred jedne ku\u0107e. Idemo prema njima. Vlasnica ku\u0107e je Sabahat Akova, jedna od nevjesta Abdurrahmana Akove. Gospo\u0111a Sabahat je jedna od onih koje nisu zaboravile bosanski jezik. Sada ona poku\u0161ava da podu\u010di svoje unuke bosanskom jeziku za koji ka\u017ee: &#8220;Odli\u010dno ga znam&#8221;. Odlazimo iz ku\u0107e gospo\u0111e Sabahat koja nas je po\u010dastila \u0161ljivama. Slikamo najstariju ku\u0107u u selu, ku\u0107u Abdurrahmana Akove. Seoske ku\u0107e su lijepe koliko i samo selo.<\/div>\n<div><img loading=\"lazy\" decoding=\"async\" src=\"http:\/\/www.trtbosanski.com\/webimage\/image\/yenikoy\/yenikoy_reportaj%20(3).JPG\" alt=\"\" width=\"609\" height=\"404\" \/><\/div>\n<div>Vra\u0107amo se na mjesto gdje smo zapo\u010deli na\u0161u turu, na seoski trg. Dva sata su brzo pro\u0161la, nismo ni osjetili. Zahvaliv\u0161i se na njihovom gostoprimstvu, opra\u0161tamo se sa svima. Gospodin Nusret, vlasnik lokala &#8220;\u010cajna ba\u0161ta kod hrasta&#8221;, spakovao je ukusne pite, da nam se na\u0111e u putu. Opra\u0161tamo se i odlazimo.<\/div>\n<div>Mje\u0161tani Yenikoya osta\u0107e mi u sje\u0107anju po gostoprimstvu, a selo, pak, po svojoj ljepoti. Ako vas nekad put nanese, obavezno posjetite Yenikoy i upoznajte ove divne ljude. Oni \u0107e biti presretni, jer su im, kako reko\u0161e, vrata \u0161irom otvorena za goste koji \u0107e im do\u0107i sa prostora Balkana i iz rodnog kraja njihovih djedova.<\/div>\n<p>(K\u00fcbra Erten)<\/p>\n","protected":false},"excerpt":{"rendered":"<p>&#8220;Od na\u0161ih smo djedova stalno slu\u0161ali o patnjama koje su muslimani pre\u017eivjeli, zbog nepravdi i zuluma,\u201d ka\u017eu Bo\u0161njaci porijeklom iz Sand\u017eaka nastanjeni u turskom selu Yenikoy, obja\u0161njavaju\u0107i pri\u010du o njihovom dolasku. Yenikoy je bo\u0161nja\u010dko selo u Turskoj zelenilom ukra\u0161ene prirode, vazduhom od kakvog \u010distijeg nema i primjetnom toplinom ljudi koji ga naseljavaju&#8230; Abdurrahman Akova se [&hellip;]<\/p>\n","protected":false},"author":83,"featured_media":78787,"comment_status":"open","ping_status":"open","sticky":false,"template":"","format":"standard","meta":{"footnotes":""},"categories":[5,8957,2692],"tags":[],"class_list":{"0":"post-78786","1":"post","2":"type-post","3":"status-publish","4":"format-standard","5":"has-post-thumbnail","7":"category-drustvo","8":"category-vijesti-dana","9":"category-turska-gradovi"},"yoast_head":"<!-- This site is optimized with the Yoast SEO Premium plugin v23.1 (Yoast SEO v24.9) - https:\/\/yoast.com\/wordpress\/plugins\/seo\/ -->\n<title>Yenikoy - bo\u0161nja\u010dko selo na obalama Crnog mora<\/title>\n<meta name=\"robots\" content=\"index, follow, max-snippet:-1, max-image-preview:large, max-video-preview:-1\" \/>\n<link rel=\"canonical\" href=\"https:\/\/sandzakpress.net\/arhiva\/yenikoy-bosnjacko-selo-na-obalama-crnog-mora\/\" \/>\n<meta property=\"og:locale\" content=\"bs_BA\" \/>\n<meta property=\"og:type\" content=\"article\" \/>\n<meta property=\"og:title\" content=\"Yenikoy - bo\u0161nja\u010dko selo na obalama Crnog mora\" \/>\n<meta property=\"og:description\" content=\"&#8220;Od na\u0161ih smo djedova stalno slu\u0161ali o patnjama koje su muslimani pre\u017eivjeli, zbog nepravdi i zuluma,\u201d ka\u017eu Bo\u0161njaci porijeklom iz Sand\u017eaka nastanjeni u turskom selu Yenikoy, obja\u0161njavaju\u0107i pri\u010du o njihovom dolasku. Yenikoy je bo\u0161nja\u010dko selo u Turskoj zelenilom ukra\u0161ene prirode, vazduhom od kakvog \u010distijeg nema i primjetnom toplinom ljudi koji ga naseljavaju&#8230; Abdurrahman Akova se [&hellip;]\" \/>\n<meta property=\"og:url\" content=\"https:\/\/sandzakpress.net\/arhiva\/yenikoy-bosnjacko-selo-na-obalama-crnog-mora\/\" \/>\n<meta property=\"og:site_name\" content=\"Sand\u017eak PRESS\" \/>\n<meta property=\"article:published_time\" content=\"2013-06-12T13:57:46+00:00\" \/>\n<meta property=\"article:modified_time\" content=\"2013-06-12T16:37:47+00:00\" \/>\n<meta property=\"og:image\" content=\"https:\/\/sandzakpress.net\/arhiva\/wp-content\/uploads\/2013\/06\/bosnjaci-u-yenikoyu_trt-bosanski-20335.jpg\" \/>\n\t<meta property=\"og:image:width\" content=\"600\" \/>\n\t<meta property=\"og:image:height\" content=\"363\" \/>\n\t<meta property=\"og:image:type\" content=\"image\/jpeg\" \/>\n<meta name=\"author\" content=\"bosniak\" \/>\n<meta name=\"twitter:card\" content=\"summary_large_image\" \/>\n<meta name=\"twitter:label1\" content=\"Written by\" \/>\n\t<meta name=\"twitter:data1\" content=\"bosniak\" \/>\n\t<meta name=\"twitter:label2\" content=\"Est. reading time\" \/>\n\t<meta name=\"twitter:data2\" content=\"8 minuta\" \/>\n<script type=\"application\/ld+json\" class=\"yoast-schema-graph\">{\"@context\":\"https:\/\/schema.org\",\"@graph\":[{\"@type\":\"Article\",\"@id\":\"https:\/\/sandzakpress.net\/arhiva\/yenikoy-bosnjacko-selo-na-obalama-crnog-mora\/#article\",\"isPartOf\":{\"@id\":\"https:\/\/sandzakpress.net\/arhiva\/yenikoy-bosnjacko-selo-na-obalama-crnog-mora\/\"},\"author\":{\"name\":\"bosniak\",\"@id\":\"https:\/\/sandzakpress.net\/arhiva\/#\/schema\/person\/c8baee722073534b583ea7bdb2e36c02\"},\"headline\":\"Yenikoy &#8211; bo\u0161nja\u010dko selo na obalama Crnog mora\",\"datePublished\":\"2013-06-12T13:57:46+00:00\",\"dateModified\":\"2013-06-12T16:37:47+00:00\",\"mainEntityOfPage\":{\"@id\":\"https:\/\/sandzakpress.net\/arhiva\/yenikoy-bosnjacko-selo-na-obalama-crnog-mora\/\"},\"wordCount\":1575,\"commentCount\":1,\"publisher\":{\"@id\":\"https:\/\/sandzakpress.net\/arhiva\/#\/schema\/person\/6e72b67d6e51910a1117b3b483ba20bd\"},\"image\":{\"@id\":\"https:\/\/sandzakpress.net\/arhiva\/yenikoy-bosnjacko-selo-na-obalama-crnog-mora\/#primaryimage\"},\"thumbnailUrl\":\"https:\/\/sandzakpress.net\/arhiva\/wp-content\/uploads\/2013\/06\/bosnjaci-u-yenikoyu_trt-bosanski-20335.jpg\",\"articleSection\":[\"Dru\u0161tvo\",\"VIJESTI DANA\",\"Turska\"],\"inLanguage\":\"bs-BA\",\"potentialAction\":[{\"@type\":\"CommentAction\",\"name\":\"Comment\",\"target\":[\"https:\/\/sandzakpress.net\/arhiva\/yenikoy-bosnjacko-selo-na-obalama-crnog-mora\/#respond\"]}]},{\"@type\":\"WebPage\",\"@id\":\"https:\/\/sandzakpress.net\/arhiva\/yenikoy-bosnjacko-selo-na-obalama-crnog-mora\/\",\"url\":\"https:\/\/sandzakpress.net\/arhiva\/yenikoy-bosnjacko-selo-na-obalama-crnog-mora\/\",\"name\":\"Yenikoy - bo\u0161nja\u010dko selo na obalama Crnog mora\",\"isPartOf\":{\"@id\":\"https:\/\/sandzakpress.net\/arhiva\/#website\"},\"primaryImageOfPage\":{\"@id\":\"https:\/\/sandzakpress.net\/arhiva\/yenikoy-bosnjacko-selo-na-obalama-crnog-mora\/#primaryimage\"},\"image\":{\"@id\":\"https:\/\/sandzakpress.net\/arhiva\/yenikoy-bosnjacko-selo-na-obalama-crnog-mora\/#primaryimage\"},\"thumbnailUrl\":\"https:\/\/sandzakpress.net\/arhiva\/wp-content\/uploads\/2013\/06\/bosnjaci-u-yenikoyu_trt-bosanski-20335.jpg\",\"datePublished\":\"2013-06-12T13:57:46+00:00\",\"dateModified\":\"2013-06-12T16:37:47+00:00\",\"breadcrumb\":{\"@id\":\"https:\/\/sandzakpress.net\/arhiva\/yenikoy-bosnjacko-selo-na-obalama-crnog-mora\/#breadcrumb\"},\"inLanguage\":\"bs-BA\",\"potentialAction\":[{\"@type\":\"ReadAction\",\"target\":[\"https:\/\/sandzakpress.net\/arhiva\/yenikoy-bosnjacko-selo-na-obalama-crnog-mora\/\"]}]},{\"@type\":\"ImageObject\",\"inLanguage\":\"bs-BA\",\"@id\":\"https:\/\/sandzakpress.net\/arhiva\/yenikoy-bosnjacko-selo-na-obalama-crnog-mora\/#primaryimage\",\"url\":\"https:\/\/sandzakpress.net\/arhiva\/wp-content\/uploads\/2013\/06\/bosnjaci-u-yenikoyu_trt-bosanski-20335.jpg\",\"contentUrl\":\"https:\/\/sandzakpress.net\/arhiva\/wp-content\/uploads\/2013\/06\/bosnjaci-u-yenikoyu_trt-bosanski-20335.jpg\",\"width\":\"600\",\"height\":\"363\"},{\"@type\":\"BreadcrumbList\",\"@id\":\"https:\/\/sandzakpress.net\/arhiva\/yenikoy-bosnjacko-selo-na-obalama-crnog-mora\/#breadcrumb\",\"itemListElement\":[{\"@type\":\"ListItem\",\"position\":1,\"name\":\"Home\",\"item\":\"https:\/\/sandzakpress.net\/arhiva\/\"},{\"@type\":\"ListItem\",\"position\":2,\"name\":\"Yenikoy &#8211; bo\u0161nja\u010dko selo na obalama Crnog mora\"}]},{\"@type\":\"WebSite\",\"@id\":\"https:\/\/sandzakpress.net\/arhiva\/#website\",\"url\":\"https:\/\/sandzakpress.net\/arhiva\/\",\"name\":\"Sand\u017eak PRESS\",\"description\":\"Prve elektronske novine u Sand\u017eaku\",\"publisher\":{\"@id\":\"https:\/\/sandzakpress.net\/arhiva\/#\/schema\/person\/6e72b67d6e51910a1117b3b483ba20bd\"},\"potentialAction\":[{\"@type\":\"SearchAction\",\"target\":{\"@type\":\"EntryPoint\",\"urlTemplate\":\"https:\/\/sandzakpress.net\/arhiva\/?s={search_term_string}\"},\"query-input\":{\"@type\":\"PropertyValueSpecification\",\"valueRequired\":true,\"valueName\":\"search_term_string\"}}],\"inLanguage\":\"bs-BA\"},{\"@type\":[\"Person\",\"Organization\"],\"@id\":\"https:\/\/sandzakpress.net\/arhiva\/#\/schema\/person\/6e72b67d6e51910a1117b3b483ba20bd\",\"name\":\"Kul\",\"image\":{\"@type\":\"ImageObject\",\"inLanguage\":\"bs-BA\",\"@id\":\"https:\/\/sandzakpress.net\/arhiva\/#\/schema\/person\/image\/\",\"url\":\"https:\/\/secure.gravatar.com\/avatar\/42263f39aa27ac04c43cab85c280eb2e?s=96&d=mm&r=pg\",\"contentUrl\":\"https:\/\/secure.gravatar.com\/avatar\/42263f39aa27ac04c43cab85c280eb2e?s=96&d=mm&r=pg\",\"caption\":\"Kul\"},\"logo\":{\"@id\":\"https:\/\/sandzakpress.net\/arhiva\/#\/schema\/person\/image\/\"}},{\"@type\":\"Person\",\"@id\":\"https:\/\/sandzakpress.net\/arhiva\/#\/schema\/person\/c8baee722073534b583ea7bdb2e36c02\",\"name\":\"bosniak\",\"image\":{\"@type\":\"ImageObject\",\"inLanguage\":\"bs-BA\",\"@id\":\"https:\/\/sandzakpress.net\/arhiva\/#\/schema\/person\/image\/\",\"url\":\"https:\/\/secure.gravatar.com\/avatar\/a04fd330bfe3a36a72a0ad4a6d89fca7?s=96&d=mm&r=pg\",\"contentUrl\":\"https:\/\/secure.gravatar.com\/avatar\/a04fd330bfe3a36a72a0ad4a6d89fca7?s=96&d=mm&r=pg\",\"caption\":\"bosniak\"},\"url\":\"https:\/\/sandzakpress.net\/arhiva\/author\/bosniak\/\"}]}<\/script>\n<!-- \/ Yoast SEO Premium plugin. -->","yoast_head_json":{"title":"Yenikoy - bo\u0161nja\u010dko selo na obalama Crnog mora","robots":{"index":"index","follow":"follow","max-snippet":"max-snippet:-1","max-image-preview":"max-image-preview:large","max-video-preview":"max-video-preview:-1"},"canonical":"https:\/\/sandzakpress.net\/arhiva\/yenikoy-bosnjacko-selo-na-obalama-crnog-mora\/","og_locale":"bs_BA","og_type":"article","og_title":"Yenikoy - bo\u0161nja\u010dko selo na obalama Crnog mora","og_description":"&#8220;Od na\u0161ih smo djedova stalno slu\u0161ali o patnjama koje su muslimani pre\u017eivjeli, zbog nepravdi i zuluma,\u201d ka\u017eu Bo\u0161njaci porijeklom iz Sand\u017eaka nastanjeni u turskom selu Yenikoy, obja\u0161njavaju\u0107i pri\u010du o njihovom dolasku. Yenikoy je bo\u0161nja\u010dko selo u Turskoj zelenilom ukra\u0161ene prirode, vazduhom od kakvog \u010distijeg nema i primjetnom toplinom ljudi koji ga naseljavaju&#8230; Abdurrahman Akova se [&hellip;]","og_url":"https:\/\/sandzakpress.net\/arhiva\/yenikoy-bosnjacko-selo-na-obalama-crnog-mora\/","og_site_name":"Sand\u017eak PRESS","article_published_time":"2013-06-12T13:57:46+00:00","article_modified_time":"2013-06-12T16:37:47+00:00","og_image":[{"width":600,"height":363,"url":"https:\/\/sandzakpress.net\/arhiva\/wp-content\/uploads\/2013\/06\/bosnjaci-u-yenikoyu_trt-bosanski-20335.jpg","type":"image\/jpeg"}],"author":"bosniak","twitter_card":"summary_large_image","twitter_misc":{"Written by":"bosniak","Est. reading time":"8 minuta"},"schema":{"@context":"https:\/\/schema.org","@graph":[{"@type":"Article","@id":"https:\/\/sandzakpress.net\/arhiva\/yenikoy-bosnjacko-selo-na-obalama-crnog-mora\/#article","isPartOf":{"@id":"https:\/\/sandzakpress.net\/arhiva\/yenikoy-bosnjacko-selo-na-obalama-crnog-mora\/"},"author":{"name":"bosniak","@id":"https:\/\/sandzakpress.net\/arhiva\/#\/schema\/person\/c8baee722073534b583ea7bdb2e36c02"},"headline":"Yenikoy &#8211; bo\u0161nja\u010dko selo na obalama Crnog mora","datePublished":"2013-06-12T13:57:46+00:00","dateModified":"2013-06-12T16:37:47+00:00","mainEntityOfPage":{"@id":"https:\/\/sandzakpress.net\/arhiva\/yenikoy-bosnjacko-selo-na-obalama-crnog-mora\/"},"wordCount":1575,"commentCount":1,"publisher":{"@id":"https:\/\/sandzakpress.net\/arhiva\/#\/schema\/person\/6e72b67d6e51910a1117b3b483ba20bd"},"image":{"@id":"https:\/\/sandzakpress.net\/arhiva\/yenikoy-bosnjacko-selo-na-obalama-crnog-mora\/#primaryimage"},"thumbnailUrl":"https:\/\/sandzakpress.net\/arhiva\/wp-content\/uploads\/2013\/06\/bosnjaci-u-yenikoyu_trt-bosanski-20335.jpg","articleSection":["Dru\u0161tvo","VIJESTI DANA","Turska"],"inLanguage":"bs-BA","potentialAction":[{"@type":"CommentAction","name":"Comment","target":["https:\/\/sandzakpress.net\/arhiva\/yenikoy-bosnjacko-selo-na-obalama-crnog-mora\/#respond"]}]},{"@type":"WebPage","@id":"https:\/\/sandzakpress.net\/arhiva\/yenikoy-bosnjacko-selo-na-obalama-crnog-mora\/","url":"https:\/\/sandzakpress.net\/arhiva\/yenikoy-bosnjacko-selo-na-obalama-crnog-mora\/","name":"Yenikoy - bo\u0161nja\u010dko selo na obalama Crnog mora","isPartOf":{"@id":"https:\/\/sandzakpress.net\/arhiva\/#website"},"primaryImageOfPage":{"@id":"https:\/\/sandzakpress.net\/arhiva\/yenikoy-bosnjacko-selo-na-obalama-crnog-mora\/#primaryimage"},"image":{"@id":"https:\/\/sandzakpress.net\/arhiva\/yenikoy-bosnjacko-selo-na-obalama-crnog-mora\/#primaryimage"},"thumbnailUrl":"https:\/\/sandzakpress.net\/arhiva\/wp-content\/uploads\/2013\/06\/bosnjaci-u-yenikoyu_trt-bosanski-20335.jpg","datePublished":"2013-06-12T13:57:46+00:00","dateModified":"2013-06-12T16:37:47+00:00","breadcrumb":{"@id":"https:\/\/sandzakpress.net\/arhiva\/yenikoy-bosnjacko-selo-na-obalama-crnog-mora\/#breadcrumb"},"inLanguage":"bs-BA","potentialAction":[{"@type":"ReadAction","target":["https:\/\/sandzakpress.net\/arhiva\/yenikoy-bosnjacko-selo-na-obalama-crnog-mora\/"]}]},{"@type":"ImageObject","inLanguage":"bs-BA","@id":"https:\/\/sandzakpress.net\/arhiva\/yenikoy-bosnjacko-selo-na-obalama-crnog-mora\/#primaryimage","url":"https:\/\/sandzakpress.net\/arhiva\/wp-content\/uploads\/2013\/06\/bosnjaci-u-yenikoyu_trt-bosanski-20335.jpg","contentUrl":"https:\/\/sandzakpress.net\/arhiva\/wp-content\/uploads\/2013\/06\/bosnjaci-u-yenikoyu_trt-bosanski-20335.jpg","width":"600","height":"363"},{"@type":"BreadcrumbList","@id":"https:\/\/sandzakpress.net\/arhiva\/yenikoy-bosnjacko-selo-na-obalama-crnog-mora\/#breadcrumb","itemListElement":[{"@type":"ListItem","position":1,"name":"Home","item":"https:\/\/sandzakpress.net\/arhiva\/"},{"@type":"ListItem","position":2,"name":"Yenikoy &#8211; bo\u0161nja\u010dko selo na obalama Crnog mora"}]},{"@type":"WebSite","@id":"https:\/\/sandzakpress.net\/arhiva\/#website","url":"https:\/\/sandzakpress.net\/arhiva\/","name":"Sand\u017eak PRESS","description":"Prve elektronske novine u Sand\u017eaku","publisher":{"@id":"https:\/\/sandzakpress.net\/arhiva\/#\/schema\/person\/6e72b67d6e51910a1117b3b483ba20bd"},"potentialAction":[{"@type":"SearchAction","target":{"@type":"EntryPoint","urlTemplate":"https:\/\/sandzakpress.net\/arhiva\/?s={search_term_string}"},"query-input":{"@type":"PropertyValueSpecification","valueRequired":true,"valueName":"search_term_string"}}],"inLanguage":"bs-BA"},{"@type":["Person","Organization"],"@id":"https:\/\/sandzakpress.net\/arhiva\/#\/schema\/person\/6e72b67d6e51910a1117b3b483ba20bd","name":"Kul","image":{"@type":"ImageObject","inLanguage":"bs-BA","@id":"https:\/\/sandzakpress.net\/arhiva\/#\/schema\/person\/image\/","url":"https:\/\/secure.gravatar.com\/avatar\/42263f39aa27ac04c43cab85c280eb2e?s=96&d=mm&r=pg","contentUrl":"https:\/\/secure.gravatar.com\/avatar\/42263f39aa27ac04c43cab85c280eb2e?s=96&d=mm&r=pg","caption":"Kul"},"logo":{"@id":"https:\/\/sandzakpress.net\/arhiva\/#\/schema\/person\/image\/"}},{"@type":"Person","@id":"https:\/\/sandzakpress.net\/arhiva\/#\/schema\/person\/c8baee722073534b583ea7bdb2e36c02","name":"bosniak","image":{"@type":"ImageObject","inLanguage":"bs-BA","@id":"https:\/\/sandzakpress.net\/arhiva\/#\/schema\/person\/image\/","url":"https:\/\/secure.gravatar.com\/avatar\/a04fd330bfe3a36a72a0ad4a6d89fca7?s=96&d=mm&r=pg","contentUrl":"https:\/\/secure.gravatar.com\/avatar\/a04fd330bfe3a36a72a0ad4a6d89fca7?s=96&d=mm&r=pg","caption":"bosniak"},"url":"https:\/\/sandzakpress.net\/arhiva\/author\/bosniak\/"}]}},"_links":{"self":[{"href":"https:\/\/sandzakpress.net\/arhiva\/wp-json\/wp\/v2\/posts\/78786"}],"collection":[{"href":"https:\/\/sandzakpress.net\/arhiva\/wp-json\/wp\/v2\/posts"}],"about":[{"href":"https:\/\/sandzakpress.net\/arhiva\/wp-json\/wp\/v2\/types\/post"}],"author":[{"embeddable":true,"href":"https:\/\/sandzakpress.net\/arhiva\/wp-json\/wp\/v2\/users\/83"}],"replies":[{"embeddable":true,"href":"https:\/\/sandzakpress.net\/arhiva\/wp-json\/wp\/v2\/comments?post=78786"}],"version-history":[{"count":0,"href":"https:\/\/sandzakpress.net\/arhiva\/wp-json\/wp\/v2\/posts\/78786\/revisions"}],"wp:featuredmedia":[{"embeddable":true,"href":"https:\/\/sandzakpress.net\/arhiva\/wp-json\/wp\/v2\/media\/78787"}],"wp:attachment":[{"href":"https:\/\/sandzakpress.net\/arhiva\/wp-json\/wp\/v2\/media?parent=78786"}],"wp:term":[{"taxonomy":"category","embeddable":true,"href":"https:\/\/sandzakpress.net\/arhiva\/wp-json\/wp\/v2\/categories?post=78786"},{"taxonomy":"post_tag","embeddable":true,"href":"https:\/\/sandzakpress.net\/arhiva\/wp-json\/wp\/v2\/tags?post=78786"}],"curies":[{"name":"wp","href":"https:\/\/api.w.org\/{rel}","templated":true}]}}