{"id":78665,"date":"2013-06-11T17:31:58","date_gmt":"2013-06-11T15:31:58","guid":{"rendered":"https:\/\/sandzakpress.net\/arhiva\/?p=78665"},"modified":"2013-06-11T17:31:58","modified_gmt":"2013-06-11T15:31:58","slug":"bih-rijaset-pozvao-bosnjake-da-se-prijave-za-ucesce-u-popisnim-komisijama","status":"publish","type":"post","link":"https:\/\/sandzakpress.net\/arhiva\/bih-rijaset-pozvao-bosnjake-da-se-prijave-za-ucesce-u-popisnim-komisijama\/","title":{"rendered":"BIH: Rijaset pozvao Bo\u0161njake da se prijave za u\u010de\u0161\u0107e u popisnim komisijama"},"content":{"rendered":"<p><strong><a href=\"https:\/\/sandzakpress.net\/arhiva\/wp-content\/uploads\/2013\/06\/969202_646764592004409_1389768588_n.jpg\"><img loading=\"lazy\" decoding=\"async\" class=\"alignleft size-medium wp-image-78666\" title=\"969202_646764592004409_1389768588_n\" src=\"https:\/\/sandzakpress.net\/arhiva\/wp-content\/uploads\/2013\/06\/969202_646764592004409_1389768588_n-300x225.jpg\" alt=\"\" width=\"300\" height=\"225\" srcset=\"https:\/\/sandzakpress.net\/arhiva\/wp-content\/uploads\/2013\/06\/969202_646764592004409_1389768588_n-300x225.jpg 300w, https:\/\/sandzakpress.net\/arhiva\/wp-content\/uploads\/2013\/06\/969202_646764592004409_1389768588_n.jpg 676w\" sizes=\"(max-width: 300px) 100vw, 300px\" \/><\/a>BIH &#8211; Rijaset Islamske zajednice u Bosni i Hercegovini uputio je poziv bo\u0161nja\u010dkim predstavnicima da se prijave za \u010dlanstvo u lokalnim popisnim komisijama te izrazio zabrinutost inertno\u0161\u0107u bo\u0161nja\u010dkog politi\u010dkog i dru\u0161tvenog faktora.<br \/>\n<\/strong><br \/>\nNa sjednici Rijaseta Islamske zajednice, odr\u017eanoj 10. juna 2013. godine u Sarajevu, kojom je predsjedavao reisu-l-ulema mr. Husein ef. Kavazovi\u0107, razmotrena je usmena informacija o aktivnostima koje se sprovode vezano za predstoje\u0107i popis stanovni\u0161tva i, u tom kontekstu, pozicija Islamske zajednice. U raspravi je istaknuto da se ne mo\u017ee biti zadovoljno dinamikom dosada\u0161njih aktivnosti na podizanju svijesti o va\u017enosti u\u010de\u0161\u0107a bo\u0161nja\u010dkog naroda na izborima i razinom informiranosti o pitanjima na koja se trebaju dati odgovori.<\/p>\n<p>Neki \u010dlanovi Rijaseta su ukazali da me\u0111u Bo\u0161njacima u povratni\u010dkim sredinama jo\u0161 uvijek ima dosta nesnala\u017eenja i neinformiranosti \u0161to ostavlja velike mogu\u0107nosti za popisni in\u017einjering i manipulacije.<\/p>\n<p>Rijaset Islamske zajednice je zabrinut nedopustivom inertno\u0161\u0107u bo\u0161nja\u010dkog politi\u010dkog i dru\u0161tvenog faktora o tako va\u017enom pitanju kakvo je popis stanovni\u0161tva. Oni koji nisu spremni istrajno i hrabro boriti se za interes i dobrobit svoga naroda ne mogu biti njegovi predstavnici niti svoje pozicije u dru\u0161tvu graditi na zastupni\u0161tvu tog naroda.<\/p>\n<p>Rijaset Islamske zajednice poziva sve Bo\u0161njake, posebno u povratni\u010dkim podru\u010djima, da se cjelovito informiraju te aktivno uklju\u010de u popisni proces i prijave za \u010dlanove popisnih komisija. U\u010de\u0161\u0107e kompetentnih i samosvjesnih bo\u0161nja\u010dkih \u010dlanova u lokalnim popisnim komisijama je od krucijalne va\u017enosti za bo\u0161nja\u010dki narod.<\/p>\n<p>Islamska zajednica na svim razinama odlu\u010dno \u0107e ukazivati na sve \u0161tetne tendencije i pojave i predano pomagati kako bi popisni proces protekao u skladu s najvi\u0161im standardima i sprije\u010dile se prevare, a bo\u0161nja\u010dki narod o\u010duvao svoja nacionalna prava i pozicije. U tom pogledu svi \u010dlanovi i slu\u017ebenici Islamske zajednice moraju dati svoj puni doprinos, isti\u010de se u informaciji Ureda za odnose s javno\u0161\u0107u Rijaseta Islamske zajednice.<\/p>\n<p>(Bosnjaci)<\/p>\n","protected":false},"excerpt":{"rendered":"<p>BIH &#8211; Rijaset Islamske zajednice u Bosni i Hercegovini uputio je poziv bo\u0161nja\u010dkim predstavnicima da se prijave za \u010dlanstvo u lokalnim popisnim komisijama te izrazio zabrinutost inertno\u0161\u0107u bo\u0161nja\u010dkog politi\u010dkog i dru\u0161tvenog faktora. Na sjednici Rijaseta Islamske zajednice, odr\u017eanoj 10. juna 2013. godine u Sarajevu, kojom je predsjedavao reisu-l-ulema mr. Husein ef. Kavazovi\u0107, razmotrena je usmena [&hellip;]<\/p>\n","protected":false},"author":16,"featured_media":78666,"comment_status":"open","ping_status":"open","sticky":false,"template":"","format":"standard","meta":{"footnotes":""},"categories":[800,2860],"tags":[],"class_list":{"0":"post-78665","1":"post","2":"type-post","3":"status-publish","4":"format-standard","5":"has-post-thumbnail","7":"category-nacija","8":"category-bosna-i-hercegovina-gradovi"},"yoast_head":"<!-- This site is optimized with the Yoast SEO Premium plugin v23.1 (Yoast SEO v24.9) - https:\/\/yoast.com\/wordpress\/plugins\/seo\/ -->\n<title>BIH: Rijaset pozvao Bo\u0161njake da se prijave za u\u010de\u0161\u0107e u popisnim komisijama<\/title>\n<meta name=\"robots\" content=\"index, follow, max-snippet:-1, max-image-preview:large, max-video-preview:-1\" \/>\n<link rel=\"canonical\" href=\"https:\/\/sandzakpress.net\/arhiva\/bih-rijaset-pozvao-bosnjake-da-se-prijave-za-ucesce-u-popisnim-komisijama\/\" \/>\n<meta property=\"og:locale\" content=\"bs_BA\" \/>\n<meta property=\"og:type\" content=\"article\" \/>\n<meta property=\"og:title\" content=\"BIH: Rijaset pozvao Bo\u0161njake da se prijave za u\u010de\u0161\u0107e u popisnim komisijama\" \/>\n<meta property=\"og:description\" content=\"BIH &#8211; Rijaset Islamske zajednice u Bosni i Hercegovini uputio je poziv bo\u0161nja\u010dkim predstavnicima da se prijave za \u010dlanstvo u lokalnim popisnim komisijama te izrazio zabrinutost inertno\u0161\u0107u bo\u0161nja\u010dkog politi\u010dkog i dru\u0161tvenog faktora. Na sjednici Rijaseta Islamske zajednice, odr\u017eanoj 10. juna 2013. godine u Sarajevu, kojom je predsjedavao reisu-l-ulema mr. Husein ef. Kavazovi\u0107, razmotrena je usmena [&hellip;]\" \/>\n<meta property=\"og:url\" content=\"https:\/\/sandzakpress.net\/arhiva\/bih-rijaset-pozvao-bosnjake-da-se-prijave-za-ucesce-u-popisnim-komisijama\/\" \/>\n<meta property=\"og:site_name\" content=\"Sand\u017eak PRESS\" \/>\n<meta property=\"article:published_time\" content=\"2013-06-11T15:31:58+00:00\" \/>\n<meta property=\"og:image\" content=\"https:\/\/sandzakpress.net\/arhiva\/wp-content\/uploads\/2013\/06\/969202_646764592004409_1389768588_n.jpg\" \/>\n\t<meta property=\"og:image:width\" content=\"676\" \/>\n\t<meta property=\"og:image:height\" content=\"507\" \/>\n\t<meta property=\"og:image:type\" content=\"image\/jpeg\" \/>\n<meta name=\"twitter:card\" content=\"summary_large_image\" \/>\n<meta name=\"twitter:label1\" content=\"Written by\" \/>\n\t<meta name=\"twitter:data1\" content=\"\" \/>\n\t<meta name=\"twitter:label2\" content=\"Est. reading time\" \/>\n\t<meta name=\"twitter:data2\" content=\"2 minute\" \/>\n<script type=\"application\/ld+json\" class=\"yoast-schema-graph\">{\"@context\":\"https:\/\/schema.org\",\"@graph\":[{\"@type\":\"Article\",\"@id\":\"https:\/\/sandzakpress.net\/arhiva\/bih-rijaset-pozvao-bosnjake-da-se-prijave-za-ucesce-u-popisnim-komisijama\/#article\",\"isPartOf\":{\"@id\":\"https:\/\/sandzakpress.net\/arhiva\/bih-rijaset-pozvao-bosnjake-da-se-prijave-za-ucesce-u-popisnim-komisijama\/\"},\"author\":{\"name\":\"\",\"@id\":\"\"},\"headline\":\"BIH: Rijaset pozvao Bo\u0161njake da se prijave za u\u010de\u0161\u0107e u popisnim komisijama\",\"datePublished\":\"2013-06-11T15:31:58+00:00\",\"mainEntityOfPage\":{\"@id\":\"https:\/\/sandzakpress.net\/arhiva\/bih-rijaset-pozvao-bosnjake-da-se-prijave-za-ucesce-u-popisnim-komisijama\/\"},\"wordCount\":359,\"commentCount\":0,\"publisher\":{\"@id\":\"https:\/\/sandzakpress.net\/arhiva\/#\/schema\/person\/6e72b67d6e51910a1117b3b483ba20bd\"},\"image\":{\"@id\":\"https:\/\/sandzakpress.net\/arhiva\/bih-rijaset-pozvao-bosnjake-da-se-prijave-za-ucesce-u-popisnim-komisijama\/#primaryimage\"},\"thumbnailUrl\":\"https:\/\/sandzakpress.net\/arhiva\/wp-content\/uploads\/2013\/06\/969202_646764592004409_1389768588_n.jpg\",\"articleSection\":[\"Nacija\",\"Bosna i Hercegovina\"],\"inLanguage\":\"bs-BA\",\"potentialAction\":[{\"@type\":\"CommentAction\",\"name\":\"Comment\",\"target\":[\"https:\/\/sandzakpress.net\/arhiva\/bih-rijaset-pozvao-bosnjake-da-se-prijave-za-ucesce-u-popisnim-komisijama\/#respond\"]}]},{\"@type\":\"WebPage\",\"@id\":\"https:\/\/sandzakpress.net\/arhiva\/bih-rijaset-pozvao-bosnjake-da-se-prijave-za-ucesce-u-popisnim-komisijama\/\",\"url\":\"https:\/\/sandzakpress.net\/arhiva\/bih-rijaset-pozvao-bosnjake-da-se-prijave-za-ucesce-u-popisnim-komisijama\/\",\"name\":\"BIH: Rijaset pozvao Bo\u0161njake da se prijave za u\u010de\u0161\u0107e u popisnim komisijama\",\"isPartOf\":{\"@id\":\"https:\/\/sandzakpress.net\/arhiva\/#website\"},\"primaryImageOfPage\":{\"@id\":\"https:\/\/sandzakpress.net\/arhiva\/bih-rijaset-pozvao-bosnjake-da-se-prijave-za-ucesce-u-popisnim-komisijama\/#primaryimage\"},\"image\":{\"@id\":\"https:\/\/sandzakpress.net\/arhiva\/bih-rijaset-pozvao-bosnjake-da-se-prijave-za-ucesce-u-popisnim-komisijama\/#primaryimage\"},\"thumbnailUrl\":\"https:\/\/sandzakpress.net\/arhiva\/wp-content\/uploads\/2013\/06\/969202_646764592004409_1389768588_n.jpg\",\"datePublished\":\"2013-06-11T15:31:58+00:00\",\"breadcrumb\":{\"@id\":\"https:\/\/sandzakpress.net\/arhiva\/bih-rijaset-pozvao-bosnjake-da-se-prijave-za-ucesce-u-popisnim-komisijama\/#breadcrumb\"},\"inLanguage\":\"bs-BA\",\"potentialAction\":[{\"@type\":\"ReadAction\",\"target\":[\"https:\/\/sandzakpress.net\/arhiva\/bih-rijaset-pozvao-bosnjake-da-se-prijave-za-ucesce-u-popisnim-komisijama\/\"]}]},{\"@type\":\"ImageObject\",\"inLanguage\":\"bs-BA\",\"@id\":\"https:\/\/sandzakpress.net\/arhiva\/bih-rijaset-pozvao-bosnjake-da-se-prijave-za-ucesce-u-popisnim-komisijama\/#primaryimage\",\"url\":\"https:\/\/sandzakpress.net\/arhiva\/wp-content\/uploads\/2013\/06\/969202_646764592004409_1389768588_n.jpg\",\"contentUrl\":\"https:\/\/sandzakpress.net\/arhiva\/wp-content\/uploads\/2013\/06\/969202_646764592004409_1389768588_n.jpg\",\"width\":\"676\",\"height\":\"507\"},{\"@type\":\"BreadcrumbList\",\"@id\":\"https:\/\/sandzakpress.net\/arhiva\/bih-rijaset-pozvao-bosnjake-da-se-prijave-za-ucesce-u-popisnim-komisijama\/#breadcrumb\",\"itemListElement\":[{\"@type\":\"ListItem\",\"position\":1,\"name\":\"Home\",\"item\":\"https:\/\/sandzakpress.net\/arhiva\/\"},{\"@type\":\"ListItem\",\"position\":2,\"name\":\"BIH: Rijaset pozvao Bo\u0161njake da se prijave za u\u010de\u0161\u0107e u popisnim komisijama\"}]},{\"@type\":\"WebSite\",\"@id\":\"https:\/\/sandzakpress.net\/arhiva\/#website\",\"url\":\"https:\/\/sandzakpress.net\/arhiva\/\",\"name\":\"Sand\u017eak PRESS\",\"description\":\"Prve elektronske novine u Sand\u017eaku\",\"publisher\":{\"@id\":\"https:\/\/sandzakpress.net\/arhiva\/#\/schema\/person\/6e72b67d6e51910a1117b3b483ba20bd\"},\"potentialAction\":[{\"@type\":\"SearchAction\",\"target\":{\"@type\":\"EntryPoint\",\"urlTemplate\":\"https:\/\/sandzakpress.net\/arhiva\/?s={search_term_string}\"},\"query-input\":{\"@type\":\"PropertyValueSpecification\",\"valueRequired\":true,\"valueName\":\"search_term_string\"}}],\"inLanguage\":\"bs-BA\"},{\"@type\":[\"Person\",\"Organization\"],\"@id\":\"https:\/\/sandzakpress.net\/arhiva\/#\/schema\/person\/6e72b67d6e51910a1117b3b483ba20bd\",\"name\":\"Kul\",\"image\":{\"@type\":\"ImageObject\",\"inLanguage\":\"bs-BA\",\"@id\":\"https:\/\/sandzakpress.net\/arhiva\/#\/schema\/person\/image\/\",\"url\":\"https:\/\/secure.gravatar.com\/avatar\/42263f39aa27ac04c43cab85c280eb2e?s=96&d=mm&r=pg\",\"contentUrl\":\"https:\/\/secure.gravatar.com\/avatar\/42263f39aa27ac04c43cab85c280eb2e?s=96&d=mm&r=pg\",\"caption\":\"Kul\"},\"logo\":{\"@id\":\"https:\/\/sandzakpress.net\/arhiva\/#\/schema\/person\/image\/\"}},{\"@type\":\"Person\",\"@id\":\"\",\"url\":\"https:\/\/sandzakpress.net\/arhiva\/author\/\"}]}<\/script>\n<!-- \/ Yoast SEO Premium plugin. -->","yoast_head_json":{"title":"BIH: Rijaset pozvao Bo\u0161njake da se prijave za u\u010de\u0161\u0107e u popisnim komisijama","robots":{"index":"index","follow":"follow","max-snippet":"max-snippet:-1","max-image-preview":"max-image-preview:large","max-video-preview":"max-video-preview:-1"},"canonical":"https:\/\/sandzakpress.net\/arhiva\/bih-rijaset-pozvao-bosnjake-da-se-prijave-za-ucesce-u-popisnim-komisijama\/","og_locale":"bs_BA","og_type":"article","og_title":"BIH: Rijaset pozvao Bo\u0161njake da se prijave za u\u010de\u0161\u0107e u popisnim komisijama","og_description":"BIH &#8211; Rijaset Islamske zajednice u Bosni i Hercegovini uputio je poziv bo\u0161nja\u010dkim predstavnicima da se prijave za \u010dlanstvo u lokalnim popisnim komisijama te izrazio zabrinutost inertno\u0161\u0107u bo\u0161nja\u010dkog politi\u010dkog i dru\u0161tvenog faktora. Na sjednici Rijaseta Islamske zajednice, odr\u017eanoj 10. juna 2013. godine u Sarajevu, kojom je predsjedavao reisu-l-ulema mr. Husein ef. Kavazovi\u0107, razmotrena je usmena [&hellip;]","og_url":"https:\/\/sandzakpress.net\/arhiva\/bih-rijaset-pozvao-bosnjake-da-se-prijave-za-ucesce-u-popisnim-komisijama\/","og_site_name":"Sand\u017eak PRESS","article_published_time":"2013-06-11T15:31:58+00:00","og_image":[{"width":676,"height":507,"url":"https:\/\/sandzakpress.net\/arhiva\/wp-content\/uploads\/2013\/06\/969202_646764592004409_1389768588_n.jpg","type":"image\/jpeg"}],"twitter_card":"summary_large_image","twitter_misc":{"Written by":"","Est. reading time":"2 minute"},"schema":{"@context":"https:\/\/schema.org","@graph":[{"@type":"Article","@id":"https:\/\/sandzakpress.net\/arhiva\/bih-rijaset-pozvao-bosnjake-da-se-prijave-za-ucesce-u-popisnim-komisijama\/#article","isPartOf":{"@id":"https:\/\/sandzakpress.net\/arhiva\/bih-rijaset-pozvao-bosnjake-da-se-prijave-za-ucesce-u-popisnim-komisijama\/"},"author":{"name":"","@id":""},"headline":"BIH: Rijaset pozvao Bo\u0161njake da se prijave za u\u010de\u0161\u0107e u popisnim komisijama","datePublished":"2013-06-11T15:31:58+00:00","mainEntityOfPage":{"@id":"https:\/\/sandzakpress.net\/arhiva\/bih-rijaset-pozvao-bosnjake-da-se-prijave-za-ucesce-u-popisnim-komisijama\/"},"wordCount":359,"commentCount":0,"publisher":{"@id":"https:\/\/sandzakpress.net\/arhiva\/#\/schema\/person\/6e72b67d6e51910a1117b3b483ba20bd"},"image":{"@id":"https:\/\/sandzakpress.net\/arhiva\/bih-rijaset-pozvao-bosnjake-da-se-prijave-za-ucesce-u-popisnim-komisijama\/#primaryimage"},"thumbnailUrl":"https:\/\/sandzakpress.net\/arhiva\/wp-content\/uploads\/2013\/06\/969202_646764592004409_1389768588_n.jpg","articleSection":["Nacija","Bosna i Hercegovina"],"inLanguage":"bs-BA","potentialAction":[{"@type":"CommentAction","name":"Comment","target":["https:\/\/sandzakpress.net\/arhiva\/bih-rijaset-pozvao-bosnjake-da-se-prijave-za-ucesce-u-popisnim-komisijama\/#respond"]}]},{"@type":"WebPage","@id":"https:\/\/sandzakpress.net\/arhiva\/bih-rijaset-pozvao-bosnjake-da-se-prijave-za-ucesce-u-popisnim-komisijama\/","url":"https:\/\/sandzakpress.net\/arhiva\/bih-rijaset-pozvao-bosnjake-da-se-prijave-za-ucesce-u-popisnim-komisijama\/","name":"BIH: Rijaset pozvao Bo\u0161njake da se prijave za u\u010de\u0161\u0107e u popisnim komisijama","isPartOf":{"@id":"https:\/\/sandzakpress.net\/arhiva\/#website"},"primaryImageOfPage":{"@id":"https:\/\/sandzakpress.net\/arhiva\/bih-rijaset-pozvao-bosnjake-da-se-prijave-za-ucesce-u-popisnim-komisijama\/#primaryimage"},"image":{"@id":"https:\/\/sandzakpress.net\/arhiva\/bih-rijaset-pozvao-bosnjake-da-se-prijave-za-ucesce-u-popisnim-komisijama\/#primaryimage"},"thumbnailUrl":"https:\/\/sandzakpress.net\/arhiva\/wp-content\/uploads\/2013\/06\/969202_646764592004409_1389768588_n.jpg","datePublished":"2013-06-11T15:31:58+00:00","breadcrumb":{"@id":"https:\/\/sandzakpress.net\/arhiva\/bih-rijaset-pozvao-bosnjake-da-se-prijave-za-ucesce-u-popisnim-komisijama\/#breadcrumb"},"inLanguage":"bs-BA","potentialAction":[{"@type":"ReadAction","target":["https:\/\/sandzakpress.net\/arhiva\/bih-rijaset-pozvao-bosnjake-da-se-prijave-za-ucesce-u-popisnim-komisijama\/"]}]},{"@type":"ImageObject","inLanguage":"bs-BA","@id":"https:\/\/sandzakpress.net\/arhiva\/bih-rijaset-pozvao-bosnjake-da-se-prijave-za-ucesce-u-popisnim-komisijama\/#primaryimage","url":"https:\/\/sandzakpress.net\/arhiva\/wp-content\/uploads\/2013\/06\/969202_646764592004409_1389768588_n.jpg","contentUrl":"https:\/\/sandzakpress.net\/arhiva\/wp-content\/uploads\/2013\/06\/969202_646764592004409_1389768588_n.jpg","width":"676","height":"507"},{"@type":"BreadcrumbList","@id":"https:\/\/sandzakpress.net\/arhiva\/bih-rijaset-pozvao-bosnjake-da-se-prijave-za-ucesce-u-popisnim-komisijama\/#breadcrumb","itemListElement":[{"@type":"ListItem","position":1,"name":"Home","item":"https:\/\/sandzakpress.net\/arhiva\/"},{"@type":"ListItem","position":2,"name":"BIH: Rijaset pozvao Bo\u0161njake da se prijave za u\u010de\u0161\u0107e u popisnim komisijama"}]},{"@type":"WebSite","@id":"https:\/\/sandzakpress.net\/arhiva\/#website","url":"https:\/\/sandzakpress.net\/arhiva\/","name":"Sand\u017eak PRESS","description":"Prve elektronske novine u Sand\u017eaku","publisher":{"@id":"https:\/\/sandzakpress.net\/arhiva\/#\/schema\/person\/6e72b67d6e51910a1117b3b483ba20bd"},"potentialAction":[{"@type":"SearchAction","target":{"@type":"EntryPoint","urlTemplate":"https:\/\/sandzakpress.net\/arhiva\/?s={search_term_string}"},"query-input":{"@type":"PropertyValueSpecification","valueRequired":true,"valueName":"search_term_string"}}],"inLanguage":"bs-BA"},{"@type":["Person","Organization"],"@id":"https:\/\/sandzakpress.net\/arhiva\/#\/schema\/person\/6e72b67d6e51910a1117b3b483ba20bd","name":"Kul","image":{"@type":"ImageObject","inLanguage":"bs-BA","@id":"https:\/\/sandzakpress.net\/arhiva\/#\/schema\/person\/image\/","url":"https:\/\/secure.gravatar.com\/avatar\/42263f39aa27ac04c43cab85c280eb2e?s=96&d=mm&r=pg","contentUrl":"https:\/\/secure.gravatar.com\/avatar\/42263f39aa27ac04c43cab85c280eb2e?s=96&d=mm&r=pg","caption":"Kul"},"logo":{"@id":"https:\/\/sandzakpress.net\/arhiva\/#\/schema\/person\/image\/"}},{"@type":"Person","@id":"","url":"https:\/\/sandzakpress.net\/arhiva\/author\/"}]}},"_links":{"self":[{"href":"https:\/\/sandzakpress.net\/arhiva\/wp-json\/wp\/v2\/posts\/78665"}],"collection":[{"href":"https:\/\/sandzakpress.net\/arhiva\/wp-json\/wp\/v2\/posts"}],"about":[{"href":"https:\/\/sandzakpress.net\/arhiva\/wp-json\/wp\/v2\/types\/post"}],"author":[{"embeddable":true,"href":"https:\/\/sandzakpress.net\/arhiva\/wp-json\/wp\/v2\/users\/16"}],"replies":[{"embeddable":true,"href":"https:\/\/sandzakpress.net\/arhiva\/wp-json\/wp\/v2\/comments?post=78665"}],"version-history":[{"count":0,"href":"https:\/\/sandzakpress.net\/arhiva\/wp-json\/wp\/v2\/posts\/78665\/revisions"}],"wp:featuredmedia":[{"embeddable":true,"href":"https:\/\/sandzakpress.net\/arhiva\/wp-json\/wp\/v2\/media\/78666"}],"wp:attachment":[{"href":"https:\/\/sandzakpress.net\/arhiva\/wp-json\/wp\/v2\/media?parent=78665"}],"wp:term":[{"taxonomy":"category","embeddable":true,"href":"https:\/\/sandzakpress.net\/arhiva\/wp-json\/wp\/v2\/categories?post=78665"},{"taxonomy":"post_tag","embeddable":true,"href":"https:\/\/sandzakpress.net\/arhiva\/wp-json\/wp\/v2\/tags?post=78665"}],"curies":[{"name":"wp","href":"https:\/\/api.w.org\/{rel}","templated":true}]}}