{"id":78470,"date":"2013-06-07T18:02:49","date_gmt":"2013-06-07T16:02:49","guid":{"rendered":"https:\/\/sandzakpress.net\/arhiva\/?p=78470"},"modified":"2013-06-07T18:02:49","modified_gmt":"2013-06-07T16:02:49","slug":"premijer-erdogan-necemo-dozvoliti-da-trud-naseg-naroda-propadne","status":"publish","type":"post","link":"https:\/\/sandzakpress.net\/arhiva\/premijer-erdogan-necemo-dozvoliti-da-trud-naseg-naroda-propadne\/","title":{"rendered":"Premijer Erdogan: Ne\u0107emo dozvoliti da trud na\u0161eg naroda propadne"},"content":{"rendered":"<p><strong><a href=\"https:\/\/sandzakpress.net\/arhiva\/wp-content\/uploads\/2013\/06\/premijer-erdogan-necemo-dozvoliti-da-trud-naseg-naroda-propadne_trt-bosanski-20406.jpg\"><img loading=\"lazy\" decoding=\"async\" class=\"alignleft size-medium wp-image-78471\" title=\"premijer-erdogan-necemo-dozvoliti-da-trud-naseg-naroda-propadne_trt-bosanski-20406\" src=\"https:\/\/sandzakpress.net\/arhiva\/wp-content\/uploads\/2013\/06\/premijer-erdogan-necemo-dozvoliti-da-trud-naseg-naroda-propadne_trt-bosanski-20406-300x181.jpg\" alt=\"\" width=\"300\" height=\"181\" \/><\/a>Turska &#8211; Stajali smo uspravno, kazao je turski premijer Recep Tayyip Erdogan po dolasku iz zvani\u010dne posjete zemljama Magreba jutros (petak) oko 1.45 sati iza pono\u0107i po lokalnom vremenu.<br \/>\n<\/strong><br \/>\nPremijera Erdogana su na aerodromu &#8221;Ataturk&#8221; do\u010dekale hiljade njegovih simpatizera, gra\u0111ana Turske. Prema procjenama, pozdravilo ga je oko 100 hiljada osoba.<\/p>\n<p>Turski premijer je rekao da turske vlasti nisu na strani pona\u0161anja koje &#8221;slama srca&#8221;, nego onog pona\u0161anja kojim se &#8221;popravljaju odnosi&#8221;.<\/p>\n<p>&#8220;Ali, ipak, stajali smo uspravno. Mi nemamo posla sa sva\u0111ama, niti sa sukobima. Mi nemamo posla sa vandalizmom, razbijanjem, paljenjem ili lomljenjem&#8221;, rekao je Erdogan svojim sunarodnjacima, koji su se organizirali posredstvom dru\u0161tvenih mre\u017ea kako bi pru\u017eili podr\u0161ku premijeru suo\u010denom sa vi\u0161ednevnim protestima u zemlji.<\/p>\n<p>&#8220;Mi znamo kako praviti i proizvoditi. Tako smo doveli Tursku ovdje gdje jest, prave\u0107i i proizvode\u0107i. Mi ne\u0107emo dozvoliti da trud i napor na\u0161eg naroda propadne&#8221;, poru\u010dio je on, isti\u010du\u0107i na narod Turske ne\u0107e pristati na ucjene.<\/p>\n<p>Turski premijer Recep Tayyip Erdogan okon\u010dao je zvani\u010dne posjete zemljama Magreba u sjevernoj Africi, te se rano jutros vratio u Tursku.<\/p>\n<p>(trtbosanski)<\/p>\n","protected":false},"excerpt":{"rendered":"<p>Turska &#8211; Stajali smo uspravno, kazao je turski premijer Recep Tayyip Erdogan po dolasku iz zvani\u010dne posjete zemljama Magreba jutros (petak) oko 1.45 sati iza pono\u0107i po lokalnom vremenu. Premijera Erdogana su na aerodromu &#8221;Ataturk&#8221; do\u010dekale hiljade njegovih simpatizera, gra\u0111ana Turske. Prema procjenama, pozdravilo ga je oko 100 hiljada osoba. Turski premijer je rekao da [&hellip;]<\/p>\n","protected":false},"author":16,"featured_media":78471,"comment_status":"open","ping_status":"open","sticky":false,"template":"","format":"standard","meta":{"footnotes":""},"categories":[9,2692],"tags":[],"class_list":{"0":"post-78470","1":"post","2":"type-post","3":"status-publish","4":"format-standard","5":"has-post-thumbnail","7":"category-svijet","8":"category-turska-gradovi"},"yoast_head":"<!-- This site is optimized with the Yoast SEO Premium plugin v23.1 (Yoast SEO v24.9) - https:\/\/yoast.com\/wordpress\/plugins\/seo\/ -->\n<title>Premijer Erdogan: Ne\u0107emo dozvoliti da trud na\u0161eg naroda propadne<\/title>\n<meta name=\"robots\" content=\"index, follow, max-snippet:-1, max-image-preview:large, max-video-preview:-1\" \/>\n<link rel=\"canonical\" href=\"https:\/\/sandzakpress.net\/arhiva\/premijer-erdogan-necemo-dozvoliti-da-trud-naseg-naroda-propadne\/\" \/>\n<meta property=\"og:locale\" content=\"bs_BA\" \/>\n<meta property=\"og:type\" content=\"article\" \/>\n<meta property=\"og:title\" content=\"Premijer Erdogan: Ne\u0107emo dozvoliti da trud na\u0161eg naroda propadne\" \/>\n<meta property=\"og:description\" content=\"Turska &#8211; Stajali smo uspravno, kazao je turski premijer Recep Tayyip Erdogan po dolasku iz zvani\u010dne posjete zemljama Magreba jutros (petak) oko 1.45 sati iza pono\u0107i po lokalnom vremenu. Premijera Erdogana su na aerodromu &#8221;Ataturk&#8221; do\u010dekale hiljade njegovih simpatizera, gra\u0111ana Turske. Prema procjenama, pozdravilo ga je oko 100 hiljada osoba. Turski premijer je rekao da [&hellip;]\" \/>\n<meta property=\"og:url\" content=\"https:\/\/sandzakpress.net\/arhiva\/premijer-erdogan-necemo-dozvoliti-da-trud-naseg-naroda-propadne\/\" \/>\n<meta property=\"og:site_name\" content=\"Sand\u017eak PRESS\" \/>\n<meta property=\"article:published_time\" content=\"2013-06-07T16:02:49+00:00\" \/>\n<meta property=\"og:image\" content=\"https:\/\/sandzakpress.net\/arhiva\/wp-content\/uploads\/2013\/06\/premijer-erdogan-necemo-dozvoliti-da-trud-naseg-naroda-propadne_trt-bosanski-20406.jpg\" \/>\n\t<meta property=\"og:image:width\" content=\"600\" \/>\n\t<meta property=\"og:image:height\" content=\"363\" \/>\n\t<meta property=\"og:image:type\" content=\"image\/jpeg\" \/>\n<meta name=\"twitter:card\" content=\"summary_large_image\" \/>\n<meta name=\"twitter:label1\" content=\"Written by\" \/>\n\t<meta name=\"twitter:data1\" content=\"\" \/>\n\t<meta name=\"twitter:label2\" content=\"Est. reading time\" \/>\n\t<meta name=\"twitter:data2\" content=\"1 minuta\" \/>\n<script type=\"application\/ld+json\" class=\"yoast-schema-graph\">{\"@context\":\"https:\/\/schema.org\",\"@graph\":[{\"@type\":\"Article\",\"@id\":\"https:\/\/sandzakpress.net\/arhiva\/premijer-erdogan-necemo-dozvoliti-da-trud-naseg-naroda-propadne\/#article\",\"isPartOf\":{\"@id\":\"https:\/\/sandzakpress.net\/arhiva\/premijer-erdogan-necemo-dozvoliti-da-trud-naseg-naroda-propadne\/\"},\"author\":{\"name\":\"\",\"@id\":\"\"},\"headline\":\"Premijer Erdogan: Ne\u0107emo dozvoliti da trud na\u0161eg naroda propadne\",\"datePublished\":\"2013-06-07T16:02:49+00:00\",\"mainEntityOfPage\":{\"@id\":\"https:\/\/sandzakpress.net\/arhiva\/premijer-erdogan-necemo-dozvoliti-da-trud-naseg-naroda-propadne\/\"},\"wordCount\":207,\"commentCount\":0,\"publisher\":{\"@id\":\"https:\/\/sandzakpress.net\/arhiva\/#\/schema\/person\/6e72b67d6e51910a1117b3b483ba20bd\"},\"image\":{\"@id\":\"https:\/\/sandzakpress.net\/arhiva\/premijer-erdogan-necemo-dozvoliti-da-trud-naseg-naroda-propadne\/#primaryimage\"},\"thumbnailUrl\":\"https:\/\/sandzakpress.net\/arhiva\/wp-content\/uploads\/2013\/06\/premijer-erdogan-necemo-dozvoliti-da-trud-naseg-naroda-propadne_trt-bosanski-20406.jpg\",\"articleSection\":[\"Svijet\",\"Turska\"],\"inLanguage\":\"bs-BA\",\"potentialAction\":[{\"@type\":\"CommentAction\",\"name\":\"Comment\",\"target\":[\"https:\/\/sandzakpress.net\/arhiva\/premijer-erdogan-necemo-dozvoliti-da-trud-naseg-naroda-propadne\/#respond\"]}]},{\"@type\":\"WebPage\",\"@id\":\"https:\/\/sandzakpress.net\/arhiva\/premijer-erdogan-necemo-dozvoliti-da-trud-naseg-naroda-propadne\/\",\"url\":\"https:\/\/sandzakpress.net\/arhiva\/premijer-erdogan-necemo-dozvoliti-da-trud-naseg-naroda-propadne\/\",\"name\":\"Premijer Erdogan: Ne\u0107emo dozvoliti da trud na\u0161eg naroda propadne\",\"isPartOf\":{\"@id\":\"https:\/\/sandzakpress.net\/arhiva\/#website\"},\"primaryImageOfPage\":{\"@id\":\"https:\/\/sandzakpress.net\/arhiva\/premijer-erdogan-necemo-dozvoliti-da-trud-naseg-naroda-propadne\/#primaryimage\"},\"image\":{\"@id\":\"https:\/\/sandzakpress.net\/arhiva\/premijer-erdogan-necemo-dozvoliti-da-trud-naseg-naroda-propadne\/#primaryimage\"},\"thumbnailUrl\":\"https:\/\/sandzakpress.net\/arhiva\/wp-content\/uploads\/2013\/06\/premijer-erdogan-necemo-dozvoliti-da-trud-naseg-naroda-propadne_trt-bosanski-20406.jpg\",\"datePublished\":\"2013-06-07T16:02:49+00:00\",\"breadcrumb\":{\"@id\":\"https:\/\/sandzakpress.net\/arhiva\/premijer-erdogan-necemo-dozvoliti-da-trud-naseg-naroda-propadne\/#breadcrumb\"},\"inLanguage\":\"bs-BA\",\"potentialAction\":[{\"@type\":\"ReadAction\",\"target\":[\"https:\/\/sandzakpress.net\/arhiva\/premijer-erdogan-necemo-dozvoliti-da-trud-naseg-naroda-propadne\/\"]}]},{\"@type\":\"ImageObject\",\"inLanguage\":\"bs-BA\",\"@id\":\"https:\/\/sandzakpress.net\/arhiva\/premijer-erdogan-necemo-dozvoliti-da-trud-naseg-naroda-propadne\/#primaryimage\",\"url\":\"https:\/\/sandzakpress.net\/arhiva\/wp-content\/uploads\/2013\/06\/premijer-erdogan-necemo-dozvoliti-da-trud-naseg-naroda-propadne_trt-bosanski-20406.jpg\",\"contentUrl\":\"https:\/\/sandzakpress.net\/arhiva\/wp-content\/uploads\/2013\/06\/premijer-erdogan-necemo-dozvoliti-da-trud-naseg-naroda-propadne_trt-bosanski-20406.jpg\",\"width\":600,\"height\":363},{\"@type\":\"BreadcrumbList\",\"@id\":\"https:\/\/sandzakpress.net\/arhiva\/premijer-erdogan-necemo-dozvoliti-da-trud-naseg-naroda-propadne\/#breadcrumb\",\"itemListElement\":[{\"@type\":\"ListItem\",\"position\":1,\"name\":\"Home\",\"item\":\"https:\/\/sandzakpress.net\/arhiva\/\"},{\"@type\":\"ListItem\",\"position\":2,\"name\":\"Premijer Erdogan: Ne\u0107emo dozvoliti da trud na\u0161eg naroda propadne\"}]},{\"@type\":\"WebSite\",\"@id\":\"https:\/\/sandzakpress.net\/arhiva\/#website\",\"url\":\"https:\/\/sandzakpress.net\/arhiva\/\",\"name\":\"Sand\u017eak PRESS\",\"description\":\"Prve elektronske novine u Sand\u017eaku\",\"publisher\":{\"@id\":\"https:\/\/sandzakpress.net\/arhiva\/#\/schema\/person\/6e72b67d6e51910a1117b3b483ba20bd\"},\"potentialAction\":[{\"@type\":\"SearchAction\",\"target\":{\"@type\":\"EntryPoint\",\"urlTemplate\":\"https:\/\/sandzakpress.net\/arhiva\/?s={search_term_string}\"},\"query-input\":{\"@type\":\"PropertyValueSpecification\",\"valueRequired\":true,\"valueName\":\"search_term_string\"}}],\"inLanguage\":\"bs-BA\"},{\"@type\":[\"Person\",\"Organization\"],\"@id\":\"https:\/\/sandzakpress.net\/arhiva\/#\/schema\/person\/6e72b67d6e51910a1117b3b483ba20bd\",\"name\":\"Kul\",\"image\":{\"@type\":\"ImageObject\",\"inLanguage\":\"bs-BA\",\"@id\":\"https:\/\/sandzakpress.net\/arhiva\/#\/schema\/person\/image\/\",\"url\":\"https:\/\/secure.gravatar.com\/avatar\/42263f39aa27ac04c43cab85c280eb2e?s=96&d=mm&r=pg\",\"contentUrl\":\"https:\/\/secure.gravatar.com\/avatar\/42263f39aa27ac04c43cab85c280eb2e?s=96&d=mm&r=pg\",\"caption\":\"Kul\"},\"logo\":{\"@id\":\"https:\/\/sandzakpress.net\/arhiva\/#\/schema\/person\/image\/\"}},{\"@type\":\"Person\",\"@id\":\"\",\"url\":\"https:\/\/sandzakpress.net\/arhiva\/author\/\"}]}<\/script>\n<!-- \/ Yoast SEO Premium plugin. -->","yoast_head_json":{"title":"Premijer Erdogan: Ne\u0107emo dozvoliti da trud na\u0161eg naroda propadne","robots":{"index":"index","follow":"follow","max-snippet":"max-snippet:-1","max-image-preview":"max-image-preview:large","max-video-preview":"max-video-preview:-1"},"canonical":"https:\/\/sandzakpress.net\/arhiva\/premijer-erdogan-necemo-dozvoliti-da-trud-naseg-naroda-propadne\/","og_locale":"bs_BA","og_type":"article","og_title":"Premijer Erdogan: Ne\u0107emo dozvoliti da trud na\u0161eg naroda propadne","og_description":"Turska &#8211; Stajali smo uspravno, kazao je turski premijer Recep Tayyip Erdogan po dolasku iz zvani\u010dne posjete zemljama Magreba jutros (petak) oko 1.45 sati iza pono\u0107i po lokalnom vremenu. Premijera Erdogana su na aerodromu &#8221;Ataturk&#8221; do\u010dekale hiljade njegovih simpatizera, gra\u0111ana Turske. Prema procjenama, pozdravilo ga je oko 100 hiljada osoba. Turski premijer je rekao da [&hellip;]","og_url":"https:\/\/sandzakpress.net\/arhiva\/premijer-erdogan-necemo-dozvoliti-da-trud-naseg-naroda-propadne\/","og_site_name":"Sand\u017eak PRESS","article_published_time":"2013-06-07T16:02:49+00:00","og_image":[{"width":600,"height":363,"url":"https:\/\/sandzakpress.net\/arhiva\/wp-content\/uploads\/2013\/06\/premijer-erdogan-necemo-dozvoliti-da-trud-naseg-naroda-propadne_trt-bosanski-20406.jpg","type":"image\/jpeg"}],"twitter_card":"summary_large_image","twitter_misc":{"Written by":"","Est. reading time":"1 minuta"},"schema":{"@context":"https:\/\/schema.org","@graph":[{"@type":"Article","@id":"https:\/\/sandzakpress.net\/arhiva\/premijer-erdogan-necemo-dozvoliti-da-trud-naseg-naroda-propadne\/#article","isPartOf":{"@id":"https:\/\/sandzakpress.net\/arhiva\/premijer-erdogan-necemo-dozvoliti-da-trud-naseg-naroda-propadne\/"},"author":{"name":"","@id":""},"headline":"Premijer Erdogan: Ne\u0107emo dozvoliti da trud na\u0161eg naroda propadne","datePublished":"2013-06-07T16:02:49+00:00","mainEntityOfPage":{"@id":"https:\/\/sandzakpress.net\/arhiva\/premijer-erdogan-necemo-dozvoliti-da-trud-naseg-naroda-propadne\/"},"wordCount":207,"commentCount":0,"publisher":{"@id":"https:\/\/sandzakpress.net\/arhiva\/#\/schema\/person\/6e72b67d6e51910a1117b3b483ba20bd"},"image":{"@id":"https:\/\/sandzakpress.net\/arhiva\/premijer-erdogan-necemo-dozvoliti-da-trud-naseg-naroda-propadne\/#primaryimage"},"thumbnailUrl":"https:\/\/sandzakpress.net\/arhiva\/wp-content\/uploads\/2013\/06\/premijer-erdogan-necemo-dozvoliti-da-trud-naseg-naroda-propadne_trt-bosanski-20406.jpg","articleSection":["Svijet","Turska"],"inLanguage":"bs-BA","potentialAction":[{"@type":"CommentAction","name":"Comment","target":["https:\/\/sandzakpress.net\/arhiva\/premijer-erdogan-necemo-dozvoliti-da-trud-naseg-naroda-propadne\/#respond"]}]},{"@type":"WebPage","@id":"https:\/\/sandzakpress.net\/arhiva\/premijer-erdogan-necemo-dozvoliti-da-trud-naseg-naroda-propadne\/","url":"https:\/\/sandzakpress.net\/arhiva\/premijer-erdogan-necemo-dozvoliti-da-trud-naseg-naroda-propadne\/","name":"Premijer Erdogan: Ne\u0107emo dozvoliti da trud na\u0161eg naroda propadne","isPartOf":{"@id":"https:\/\/sandzakpress.net\/arhiva\/#website"},"primaryImageOfPage":{"@id":"https:\/\/sandzakpress.net\/arhiva\/premijer-erdogan-necemo-dozvoliti-da-trud-naseg-naroda-propadne\/#primaryimage"},"image":{"@id":"https:\/\/sandzakpress.net\/arhiva\/premijer-erdogan-necemo-dozvoliti-da-trud-naseg-naroda-propadne\/#primaryimage"},"thumbnailUrl":"https:\/\/sandzakpress.net\/arhiva\/wp-content\/uploads\/2013\/06\/premijer-erdogan-necemo-dozvoliti-da-trud-naseg-naroda-propadne_trt-bosanski-20406.jpg","datePublished":"2013-06-07T16:02:49+00:00","breadcrumb":{"@id":"https:\/\/sandzakpress.net\/arhiva\/premijer-erdogan-necemo-dozvoliti-da-trud-naseg-naroda-propadne\/#breadcrumb"},"inLanguage":"bs-BA","potentialAction":[{"@type":"ReadAction","target":["https:\/\/sandzakpress.net\/arhiva\/premijer-erdogan-necemo-dozvoliti-da-trud-naseg-naroda-propadne\/"]}]},{"@type":"ImageObject","inLanguage":"bs-BA","@id":"https:\/\/sandzakpress.net\/arhiva\/premijer-erdogan-necemo-dozvoliti-da-trud-naseg-naroda-propadne\/#primaryimage","url":"https:\/\/sandzakpress.net\/arhiva\/wp-content\/uploads\/2013\/06\/premijer-erdogan-necemo-dozvoliti-da-trud-naseg-naroda-propadne_trt-bosanski-20406.jpg","contentUrl":"https:\/\/sandzakpress.net\/arhiva\/wp-content\/uploads\/2013\/06\/premijer-erdogan-necemo-dozvoliti-da-trud-naseg-naroda-propadne_trt-bosanski-20406.jpg","width":600,"height":363},{"@type":"BreadcrumbList","@id":"https:\/\/sandzakpress.net\/arhiva\/premijer-erdogan-necemo-dozvoliti-da-trud-naseg-naroda-propadne\/#breadcrumb","itemListElement":[{"@type":"ListItem","position":1,"name":"Home","item":"https:\/\/sandzakpress.net\/arhiva\/"},{"@type":"ListItem","position":2,"name":"Premijer Erdogan: Ne\u0107emo dozvoliti da trud na\u0161eg naroda propadne"}]},{"@type":"WebSite","@id":"https:\/\/sandzakpress.net\/arhiva\/#website","url":"https:\/\/sandzakpress.net\/arhiva\/","name":"Sand\u017eak PRESS","description":"Prve elektronske novine u Sand\u017eaku","publisher":{"@id":"https:\/\/sandzakpress.net\/arhiva\/#\/schema\/person\/6e72b67d6e51910a1117b3b483ba20bd"},"potentialAction":[{"@type":"SearchAction","target":{"@type":"EntryPoint","urlTemplate":"https:\/\/sandzakpress.net\/arhiva\/?s={search_term_string}"},"query-input":{"@type":"PropertyValueSpecification","valueRequired":true,"valueName":"search_term_string"}}],"inLanguage":"bs-BA"},{"@type":["Person","Organization"],"@id":"https:\/\/sandzakpress.net\/arhiva\/#\/schema\/person\/6e72b67d6e51910a1117b3b483ba20bd","name":"Kul","image":{"@type":"ImageObject","inLanguage":"bs-BA","@id":"https:\/\/sandzakpress.net\/arhiva\/#\/schema\/person\/image\/","url":"https:\/\/secure.gravatar.com\/avatar\/42263f39aa27ac04c43cab85c280eb2e?s=96&d=mm&r=pg","contentUrl":"https:\/\/secure.gravatar.com\/avatar\/42263f39aa27ac04c43cab85c280eb2e?s=96&d=mm&r=pg","caption":"Kul"},"logo":{"@id":"https:\/\/sandzakpress.net\/arhiva\/#\/schema\/person\/image\/"}},{"@type":"Person","@id":"","url":"https:\/\/sandzakpress.net\/arhiva\/author\/"}]}},"_links":{"self":[{"href":"https:\/\/sandzakpress.net\/arhiva\/wp-json\/wp\/v2\/posts\/78470"}],"collection":[{"href":"https:\/\/sandzakpress.net\/arhiva\/wp-json\/wp\/v2\/posts"}],"about":[{"href":"https:\/\/sandzakpress.net\/arhiva\/wp-json\/wp\/v2\/types\/post"}],"author":[{"embeddable":true,"href":"https:\/\/sandzakpress.net\/arhiva\/wp-json\/wp\/v2\/users\/16"}],"replies":[{"embeddable":true,"href":"https:\/\/sandzakpress.net\/arhiva\/wp-json\/wp\/v2\/comments?post=78470"}],"version-history":[{"count":0,"href":"https:\/\/sandzakpress.net\/arhiva\/wp-json\/wp\/v2\/posts\/78470\/revisions"}],"wp:featuredmedia":[{"embeddable":true,"href":"https:\/\/sandzakpress.net\/arhiva\/wp-json\/wp\/v2\/media\/78471"}],"wp:attachment":[{"href":"https:\/\/sandzakpress.net\/arhiva\/wp-json\/wp\/v2\/media?parent=78470"}],"wp:term":[{"taxonomy":"category","embeddable":true,"href":"https:\/\/sandzakpress.net\/arhiva\/wp-json\/wp\/v2\/categories?post=78470"},{"taxonomy":"post_tag","embeddable":true,"href":"https:\/\/sandzakpress.net\/arhiva\/wp-json\/wp\/v2\/tags?post=78470"}],"curies":[{"name":"wp","href":"https:\/\/api.w.org\/{rel}","templated":true}]}}