{"id":78432,"date":"2013-06-07T17:32:16","date_gmt":"2013-06-07T15:32:16","guid":{"rendered":"https:\/\/sandzakpress.net\/arhiva\/?p=78432"},"modified":"2013-06-28T21:52:43","modified_gmt":"2013-06-28T19:52:43","slug":"gusinje-razvoj-ostao-u-obecanjima","status":"publish","type":"post","link":"https:\/\/sandzakpress.net\/arhiva\/gusinje-razvoj-ostao-u-obecanjima\/","title":{"rendered":"Gusinje: Razvoj ostao u obe\u0107anjima"},"content":{"rendered":"<p><strong><a href=\"https:\/\/sandzakpress.net\/arhiva\/wp-content\/uploads\/2013\/06\/2013-06-06-CGO-T-STR-xx-V01-Z-GOJKO-GUSINJE-1-300x264.jpg\"><img loading=\"lazy\" decoding=\"async\" class=\"alignleft size-full wp-image-78433\" title=\"2013-06-06-CGO-T-STR-xx-V01-Z-GOJKO-GUSINJE-1-300x264\" src=\"https:\/\/sandzakpress.net\/arhiva\/wp-content\/uploads\/2013\/06\/2013-06-06-CGO-T-STR-xx-V01-Z-GOJKO-GUSINJE-1-300x264.jpg\" alt=\"\" width=\"300\" height=\"264\" \/><\/a>Mjesna zajednica Gusinje sa oko 7.130 stanovnika u varo\u0161ici i selima Vusanje, Grn\u010dar, Dolja, Dosu\u0111e, Koljenovi\u0107e, Kru\u0161evo, Martinovi\u0107e i Vi\u0161njevo, na oko 157 kvadratnih kilometara, najvjerovatnije \u0107e se \u201eosamostaliti\u201c od plavske op\u0161tine i, nakon Petnjice, postati nova, 23. punopravna lokalna samouprava u Crnoj Gori.<\/strong><\/p>\n<p><strong> <\/strong>Tako su Gusinjanima, kako ka\u017ee predsjednik Mjesne zajednice i Odbora za povra\u0107aj statusa op\u0161tine dr Rusmin Lali\u010di\u0107, poodavno obe\u0107ali najvi\u0161i dr\u017eavni rukovodioci. Mje\u0161tani su to podr\u017eali 8. januara ove godine na konsultativnom referendumu, na kojem su od 58 odsto punoljetnih \u017eitelja samo tri glasala protiv. Podr\u0161ku je listom pru\u017eilo i vi\u0161e od 35 odsto bira\u010da plavske op\u0161tine, koji su iza\u0161li na referendum.<\/p>\n<p><strong>Zapelo u proceduri<\/strong><\/p>\n<div id=\"attachment_335292\">Ne sumnjaju\u0107i da \u0107e Vladina komisija potvrditi ocjenu iz elaborata o ekonomskoj i dru\u0161tvenoj opravdanosti vra\u0107anja statusa op\u0161tine Gusinju, dr Lali\u010di\u0107 podsje\u0107a da su tu inicijativu Gusinjani pokrenuli devedesetih godina, da bi je 23. maja 2003. i zvani\u010dno dostavili Vladi Crne Gore, uz potpise gra\u0111ana i elaborat o opravdanosti.<\/div>\n<p>&#8211; Me\u0111utim, za razliku od Petnji\u010dana, kojima \u010destitam op\u0161tinu, nijesmo imali uticajnih ljudi da vi\u0161edecenijski san ostvare, iako su nam stizala mnoga \u010dvrsta obe\u0107anja crnogorske vlasti. Podno\u0161enjem inicijative i studije o opravdanosti, a naro\u010dito gotovo jednoglasnom podr\u0161kom na referendumu, dovoljno smo argumentovano dokazali da Gusinje treba da bude op\u0161tina. Time smo ispunili sve zakonske pretpostavke koje su bile do nas. Sada je to u rukama Vlade i \u010dudi nas da njena komisija jo\u0161 nije saop\u0161tila zvani\u010dan stav, iako su istekli svi zakonski rokovi. Obja\u0161njeno nam je da je do zastoja do\u0161lo zbog nekih kadrovskih promjena u nadle\u017enom resoru, ali da \u0107e sada ubrzati proceduru\u2026 Mislim da su se, s obzirom da smo odradili sve po propisima i od MUP-a dobijeno zeleno svijetlo da se inicijativa uvede u zavr\u0161nicu, stekli svi uslovi da se glasanje o op\u0161tini Gusinje na\u0111e ve\u0107 na sljede\u0107em zasijedanju crnogorskog parlamenta. To, pored mje\u0161tana, nestrpljivo o\u010dekuje i na\u0161a dijaspora koja je masovno do\u0161la na referendum i spremna je da i materijalno pomogne da za\u017eivi nova samouprava \u2013 ka\u017ee Lali\u010di\u0107, zamjeraju\u0107i poslanicima iz Plava \u0161to \u201ene pokazuju ve\u0107u brigu da se status Gusinja rije\u0161i\u201c.<\/p>\n<p><strong>Prirodna cjelina<\/strong><\/p>\n<p>Kada je op\u0161tina ukinuta Gusinje je, podsje\u0107a Lali\u010di\u0107, bilo tre\u0107e po broju stanovnika u Crnoj Gori, a danas su se raselili po svijetu, jer ovdje nijesu imali posla. O tome govori i podatak da su \u201eu zanemarljivom broju u administraciji plavske op\u0161tine i dr\u017eave\u201c. A, istorijski gledano, Gusinje se jo\u0161 u 14. vijeku pominje kao va\u017ena stanica na karavanskom putu Dubrovnik \u2013 Kotor \u2013 Skadar \u2013 Pe\u0107 \u2013 Carigrad, dok je u Jugoslaviji svih ure\u0111enja razvijano kao trgova\u010dki i zanatski centar Gornjeg Polimlja.<\/p>\n<p>U elaboratu o ekonomskoj i dru\u0161tvenoj opravdanosti vra\u0107anja statusa op\u0161tine Gusinju polazi se od dostignutog stepena privrednog i dru\u0161tvenog razvoja, kao i uslova koji \u0107e bitno predodre\u0111ivati pravce razvoja.<\/p>\n<p>Urbano naselje je u kotlini koja se pru\u017ea isto\u010dno dolinom rijeke Lju\u010da prema Plavu, a zapadno i ju\u017eno obalama Grn\u010dara i Vrulje, dok su sela od Gusinja udaljena jedan do 7,5 kilometara. To ga \u010dini jedinstvenom prirodnom i kulturnom cjelinom, koja bi uz administrativni status mogla adekvatnije razvijati zavidne potencijale. O tome svjedo\u010di podatak da jepo\u010detkom 20. vijeka Gusinje hranilo 20.000 stanovnika, uz manufakturnu proizvodnju, a za\u0161to ne bi sada uz savremene nau\u010dno-tehni\u010dke mogu\u0107nosti, smatraju autori elaborata.<\/p>\n<p>Nacionalni park Prokletije dovoljan je dokaz izuzetno povoljnih ekolo\u0161kih uslova i ogromnih potencijala za razvoj turizma, a gusinjska kotlina sa \u010detiri rijeke, 497 hektara plodnih oranica, 214 vo\u0107njaka, 6.986 \u0161uma i vi\u0161e od 8.000 hektara livada i pa\u0161njaka bogom je dana za poljoprivredu i eksploataciju vode.<\/p>\n<div id=\"attachment_335294\"><a rel=\"attachment wp-att-335294 slb_group[slb] slb slb_internal\" href=\"http:\/\/www.pobjeda.me\/2013\/06\/06\/gusinje-razvoj-ostao-u-obecanjima\/2013-06-06-cgo-t-str-xx-v01-z-gojko-gusinje-3\/\"><img loading=\"lazy\" decoding=\"async\" title=\"2013 06 06 CGO T STR xx V01 Z - GOJKO GUSINJE 3\" src=\"http:\/\/www.pobjeda.me\/wp-content\/uploads\/2013\/06\/2013-06-06-CGO-T-STR-xx-V01-Z-GOJKO-GUSINJE-3-300x276.jpg\" alt=\"2013 06 06 CGO T STR xx V01 Z GOJKO GUSINJE 3 300x276 Gusinje: Razvoj ostao u obe\u0107anjima\" width=\"300\" height=\"276\" \/><\/a>Turisti\u010dki biznismen: Sr\u0111an Pavi\u0107evi\u0107<\/p>\n<\/div>\n<p>Sve to, kao i najava fondacije \u201eGusinje\u201c u Njujorku da \u0107e poraditi na privla\u010denju kapitala i ulagati u razvoj infrastrukture, kulture i obrazovanja u zavi\u010daju, ukazuje da bi, kako ka\u017ee dr Lali\u010di\u0107, uz povra\u0107aj statusa op\u0161tine i otvaranje puta prema Podgorici kroz Albaniju, Gusinje brzo postalo razvijena op\u0161tina i doprinijelo ukupnom razvoju Crne Gore.<\/p>\n<h4>Saradnja DPS-a i Partije za Gusinje<\/h4>\n<p>O\u010dekuju\u0107i da \u0107e DPS ubrzati proceduru vra\u0107anja op\u0161tine Gusinju, dr Rusmin Lali\u010di\u0107 podsje\u0107a na izjavu koju su 2008. potpisali on, u ime Partije za Gusinje, i potpredsjednik DPS-a Svetozar Marovi\u0107.<\/p>\n<p>&#8211; DPS \u0107e podr\u017eati\u2026 zahtjev gra\u0111ana Gusinja za teritorijalno organizovanje mjesnog centra kao op\u0161tine\u2026 U roku od 15 dana od prijema inicijative sa studijom o odr\u017eivosti Vlada \u0107e imenovati komisiju\u2026 za realizaciju ove inicijative za op\u0161tinu Gusinje \u2013 stoji u toj izjavi.<\/p>\n<h4>Stari odbornik \u010deka novu op\u0161tinu<\/h4>\n<p>Povratak statusa op\u0161tine pri\u017eeljkuje i 85-godi\u0161nji Husein Radon\u010di\u0107, jedini \u017eivi odbornik parlamenta 1954, kada je gusinjska op\u0161tina pripojena plavskoj.<\/p>\n<p>&#8211; Op\u0161tinske slu\u017ebe bile su u ku\u0107i Krsta Vu\u010devi\u0107a, a kada je ukinuta op\u0161tina polovina nas odbornika pre\u0161la je u Skup\u0161tinu Plava. To smo disciplinovano prihvatili kao partijsku direktivu, iako je Plav bio selo naspram Gusinja \u2013 pri\u010da Radon\u010di\u0107, podsje\u0107aju\u0107i da su tada ukinute op\u0161tine i u Murini i Velici.<\/p>\n<div id=\"attachment_335298\"><a rel=\"attachment wp-att-335298 slb_group[slb] slb slb_internal\" href=\"http:\/\/www.pobjeda.me\/2013\/06\/06\/gusinje-razvoj-ostao-u-obecanjima\/2013-06-06-cgo-t-str-xx-v01-z-gojko-gusinje-4-2\/\"><img loading=\"lazy\" decoding=\"async\" title=\"2013 06 06 CGO T STR xx V01 Z - GOJKO GUSINJE 4\" src=\"http:\/\/www.pobjeda.me\/wp-content\/uploads\/2013\/06\/2013-06-06-CGO-T-STR-xx-V01-Z-GOJKO-GUSINJE-41-300x212.jpg\" alt=\"2013 06 06 CGO T STR xx V01 Z GOJKO GUSINJE 41 300x212 Gusinje: Razvoj ostao u obe\u0107anjima\" width=\"300\" height=\"212\" \/><\/a>Fahrudin Dervi\u0161evi\u0107<\/p>\n<\/div>\n<h4>Dijaspora poma\u017ee zavi\u010daj<\/h4>\n<p>\u010clan Odbora za obnovu statusa op\u0161tine Sr\u0111an Pavi\u0107evi\u0107 vlasnik je eko-katuna \u201eGrebaja\u201c i najve\u0107e \u0161anse Gusinja vidi u razvoju turizma, za koji su izvanredni potencijali, naro\u010dito u grebajskoj i ropojanskoj dolini.<\/p>\n<p>Tako misli i slu\u017ebenik plavske op\u0161tine Fahrudin Dervi\u0161evi\u0107 koji o\u010dekuje da \u0107e se \u201epovratkom op\u0161tine u Gusinje vratiti i \u017eivot\u201c.<\/p>\n<p>&#8211; Imamo ogromne prirodne potencijale u turizmu i poljoprivredi, a veliku podr\u0161ku pru\u017ea nam i oko 30.000 Gusinjana iz dijaspore. Povratkom op\u0161tine stvori\u0107e se uslovi i za ulaganja u infrastrukturu i mala i srednja preduze\u0107a, otvaranje srednje \u0161kole i osnivanje dr\u017eavnih slu\u017ebi od interesa za lokalno stanovni\u0161tvo \u2013 ka\u017ee Dervi\u0161evi\u0107.<\/p>\n<p>(Pobjeda)<\/p>\n","protected":false},"excerpt":{"rendered":"<p>Mjesna zajednica Gusinje sa oko 7.130 stanovnika u varo\u0161ici i selima Vusanje, Grn\u010dar, Dolja, Dosu\u0111e, Koljenovi\u0107e, Kru\u0161evo, Martinovi\u0107e i Vi\u0161njevo, na oko 157 kvadratnih kilometara, najvjerovatnije \u0107e se \u201eosamostaliti\u201c od plavske op\u0161tine i, nakon Petnjice, postati nova, 23. punopravna lokalna samouprava u Crnoj Gori. Tako su Gusinjanima, kako ka\u017ee predsjednik Mjesne zajednice i Odbora za [&hellip;]<\/p>\n","protected":false},"author":83,"featured_media":78433,"comment_status":"open","ping_status":"open","sticky":false,"template":"","format":"standard","meta":{"footnotes":""},"categories":[1,10173],"tags":[],"class_list":{"0":"post-78432","1":"post","2":"type-post","3":"status-publish","4":"format-standard","5":"has-post-thumbnail","7":"category-politika","8":"category-gusinje-vase-vijesti"},"yoast_head":"<!-- This site is optimized with the Yoast SEO Premium plugin v23.1 (Yoast SEO v24.9) - https:\/\/yoast.com\/wordpress\/plugins\/seo\/ -->\n<title>Gusinje: Razvoj ostao u obe\u0107anjima<\/title>\n<meta name=\"robots\" content=\"index, follow, max-snippet:-1, max-image-preview:large, max-video-preview:-1\" \/>\n<link rel=\"canonical\" href=\"https:\/\/sandzakpress.net\/arhiva\/gusinje-razvoj-ostao-u-obecanjima\/\" \/>\n<meta property=\"og:locale\" content=\"bs_BA\" \/>\n<meta property=\"og:type\" content=\"article\" \/>\n<meta property=\"og:title\" content=\"Gusinje: Razvoj ostao u obe\u0107anjima\" \/>\n<meta property=\"og:description\" content=\"Mjesna zajednica Gusinje sa oko 7.130 stanovnika u varo\u0161ici i selima Vusanje, Grn\u010dar, Dolja, Dosu\u0111e, Koljenovi\u0107e, Kru\u0161evo, Martinovi\u0107e i Vi\u0161njevo, na oko 157 kvadratnih kilometara, najvjerovatnije \u0107e se \u201eosamostaliti\u201c od plavske op\u0161tine i, nakon Petnjice, postati nova, 23. punopravna lokalna samouprava u Crnoj Gori. Tako su Gusinjanima, kako ka\u017ee predsjednik Mjesne zajednice i Odbora za [&hellip;]\" \/>\n<meta property=\"og:url\" content=\"https:\/\/sandzakpress.net\/arhiva\/gusinje-razvoj-ostao-u-obecanjima\/\" \/>\n<meta property=\"og:site_name\" content=\"Sand\u017eak PRESS\" \/>\n<meta property=\"article:published_time\" content=\"2013-06-07T15:32:16+00:00\" \/>\n<meta property=\"article:modified_time\" content=\"2013-06-28T19:52:43+00:00\" \/>\n<meta property=\"og:image\" content=\"https:\/\/sandzakpress.net\/arhiva\/wp-content\/uploads\/2013\/06\/2013-06-06-CGO-T-STR-xx-V01-Z-GOJKO-GUSINJE-1-300x264.jpg\" \/>\n\t<meta property=\"og:image:width\" content=\"300\" \/>\n\t<meta property=\"og:image:height\" content=\"264\" \/>\n\t<meta property=\"og:image:type\" content=\"image\/jpeg\" \/>\n<meta name=\"author\" content=\"bosniak\" \/>\n<meta name=\"twitter:card\" content=\"summary_large_image\" \/>\n<meta name=\"twitter:label1\" content=\"Written by\" \/>\n\t<meta name=\"twitter:data1\" content=\"bosniak\" \/>\n\t<meta name=\"twitter:label2\" content=\"Est. reading time\" \/>\n\t<meta name=\"twitter:data2\" content=\"5 minuta\" \/>\n<script type=\"application\/ld+json\" class=\"yoast-schema-graph\">{\"@context\":\"https:\/\/schema.org\",\"@graph\":[{\"@type\":\"Article\",\"@id\":\"https:\/\/sandzakpress.net\/arhiva\/gusinje-razvoj-ostao-u-obecanjima\/#article\",\"isPartOf\":{\"@id\":\"https:\/\/sandzakpress.net\/arhiva\/gusinje-razvoj-ostao-u-obecanjima\/\"},\"author\":{\"name\":\"bosniak\",\"@id\":\"https:\/\/sandzakpress.net\/arhiva\/#\/schema\/person\/c8baee722073534b583ea7bdb2e36c02\"},\"headline\":\"Gusinje: Razvoj ostao u obe\u0107anjima\",\"datePublished\":\"2013-06-07T15:32:16+00:00\",\"dateModified\":\"2013-06-28T19:52:43+00:00\",\"mainEntityOfPage\":{\"@id\":\"https:\/\/sandzakpress.net\/arhiva\/gusinje-razvoj-ostao-u-obecanjima\/\"},\"wordCount\":1027,\"commentCount\":0,\"publisher\":{\"@id\":\"https:\/\/sandzakpress.net\/arhiva\/#\/schema\/person\/6e72b67d6e51910a1117b3b483ba20bd\"},\"image\":{\"@id\":\"https:\/\/sandzakpress.net\/arhiva\/gusinje-razvoj-ostao-u-obecanjima\/#primaryimage\"},\"thumbnailUrl\":\"https:\/\/sandzakpress.net\/arhiva\/wp-content\/uploads\/2013\/06\/2013-06-06-CGO-T-STR-xx-V01-Z-GOJKO-GUSINJE-1-300x264.jpg\",\"articleSection\":[\"Politika\",\"Gusinje\"],\"inLanguage\":\"bs-BA\",\"potentialAction\":[{\"@type\":\"CommentAction\",\"name\":\"Comment\",\"target\":[\"https:\/\/sandzakpress.net\/arhiva\/gusinje-razvoj-ostao-u-obecanjima\/#respond\"]}]},{\"@type\":\"WebPage\",\"@id\":\"https:\/\/sandzakpress.net\/arhiva\/gusinje-razvoj-ostao-u-obecanjima\/\",\"url\":\"https:\/\/sandzakpress.net\/arhiva\/gusinje-razvoj-ostao-u-obecanjima\/\",\"name\":\"Gusinje: Razvoj ostao u obe\u0107anjima\",\"isPartOf\":{\"@id\":\"https:\/\/sandzakpress.net\/arhiva\/#website\"},\"primaryImageOfPage\":{\"@id\":\"https:\/\/sandzakpress.net\/arhiva\/gusinje-razvoj-ostao-u-obecanjima\/#primaryimage\"},\"image\":{\"@id\":\"https:\/\/sandzakpress.net\/arhiva\/gusinje-razvoj-ostao-u-obecanjima\/#primaryimage\"},\"thumbnailUrl\":\"https:\/\/sandzakpress.net\/arhiva\/wp-content\/uploads\/2013\/06\/2013-06-06-CGO-T-STR-xx-V01-Z-GOJKO-GUSINJE-1-300x264.jpg\",\"datePublished\":\"2013-06-07T15:32:16+00:00\",\"dateModified\":\"2013-06-28T19:52:43+00:00\",\"breadcrumb\":{\"@id\":\"https:\/\/sandzakpress.net\/arhiva\/gusinje-razvoj-ostao-u-obecanjima\/#breadcrumb\"},\"inLanguage\":\"bs-BA\",\"potentialAction\":[{\"@type\":\"ReadAction\",\"target\":[\"https:\/\/sandzakpress.net\/arhiva\/gusinje-razvoj-ostao-u-obecanjima\/\"]}]},{\"@type\":\"ImageObject\",\"inLanguage\":\"bs-BA\",\"@id\":\"https:\/\/sandzakpress.net\/arhiva\/gusinje-razvoj-ostao-u-obecanjima\/#primaryimage\",\"url\":\"https:\/\/sandzakpress.net\/arhiva\/wp-content\/uploads\/2013\/06\/2013-06-06-CGO-T-STR-xx-V01-Z-GOJKO-GUSINJE-1-300x264.jpg\",\"contentUrl\":\"https:\/\/sandzakpress.net\/arhiva\/wp-content\/uploads\/2013\/06\/2013-06-06-CGO-T-STR-xx-V01-Z-GOJKO-GUSINJE-1-300x264.jpg\",\"width\":300,\"height\":264},{\"@type\":\"BreadcrumbList\",\"@id\":\"https:\/\/sandzakpress.net\/arhiva\/gusinje-razvoj-ostao-u-obecanjima\/#breadcrumb\",\"itemListElement\":[{\"@type\":\"ListItem\",\"position\":1,\"name\":\"Home\",\"item\":\"https:\/\/sandzakpress.net\/arhiva\/\"},{\"@type\":\"ListItem\",\"position\":2,\"name\":\"Gusinje: Razvoj ostao u obe\u0107anjima\"}]},{\"@type\":\"WebSite\",\"@id\":\"https:\/\/sandzakpress.net\/arhiva\/#website\",\"url\":\"https:\/\/sandzakpress.net\/arhiva\/\",\"name\":\"Sand\u017eak PRESS\",\"description\":\"Prve elektronske novine u Sand\u017eaku\",\"publisher\":{\"@id\":\"https:\/\/sandzakpress.net\/arhiva\/#\/schema\/person\/6e72b67d6e51910a1117b3b483ba20bd\"},\"potentialAction\":[{\"@type\":\"SearchAction\",\"target\":{\"@type\":\"EntryPoint\",\"urlTemplate\":\"https:\/\/sandzakpress.net\/arhiva\/?s={search_term_string}\"},\"query-input\":{\"@type\":\"PropertyValueSpecification\",\"valueRequired\":true,\"valueName\":\"search_term_string\"}}],\"inLanguage\":\"bs-BA\"},{\"@type\":[\"Person\",\"Organization\"],\"@id\":\"https:\/\/sandzakpress.net\/arhiva\/#\/schema\/person\/6e72b67d6e51910a1117b3b483ba20bd\",\"name\":\"Kul\",\"image\":{\"@type\":\"ImageObject\",\"inLanguage\":\"bs-BA\",\"@id\":\"https:\/\/sandzakpress.net\/arhiva\/#\/schema\/person\/image\/\",\"url\":\"https:\/\/secure.gravatar.com\/avatar\/42263f39aa27ac04c43cab85c280eb2e?s=96&d=mm&r=pg\",\"contentUrl\":\"https:\/\/secure.gravatar.com\/avatar\/42263f39aa27ac04c43cab85c280eb2e?s=96&d=mm&r=pg\",\"caption\":\"Kul\"},\"logo\":{\"@id\":\"https:\/\/sandzakpress.net\/arhiva\/#\/schema\/person\/image\/\"}},{\"@type\":\"Person\",\"@id\":\"https:\/\/sandzakpress.net\/arhiva\/#\/schema\/person\/c8baee722073534b583ea7bdb2e36c02\",\"name\":\"bosniak\",\"image\":{\"@type\":\"ImageObject\",\"inLanguage\":\"bs-BA\",\"@id\":\"https:\/\/sandzakpress.net\/arhiva\/#\/schema\/person\/image\/\",\"url\":\"https:\/\/secure.gravatar.com\/avatar\/a04fd330bfe3a36a72a0ad4a6d89fca7?s=96&d=mm&r=pg\",\"contentUrl\":\"https:\/\/secure.gravatar.com\/avatar\/a04fd330bfe3a36a72a0ad4a6d89fca7?s=96&d=mm&r=pg\",\"caption\":\"bosniak\"},\"url\":\"https:\/\/sandzakpress.net\/arhiva\/author\/bosniak\/\"}]}<\/script>\n<!-- \/ Yoast SEO Premium plugin. -->","yoast_head_json":{"title":"Gusinje: Razvoj ostao u obe\u0107anjima","robots":{"index":"index","follow":"follow","max-snippet":"max-snippet:-1","max-image-preview":"max-image-preview:large","max-video-preview":"max-video-preview:-1"},"canonical":"https:\/\/sandzakpress.net\/arhiva\/gusinje-razvoj-ostao-u-obecanjima\/","og_locale":"bs_BA","og_type":"article","og_title":"Gusinje: Razvoj ostao u obe\u0107anjima","og_description":"Mjesna zajednica Gusinje sa oko 7.130 stanovnika u varo\u0161ici i selima Vusanje, Grn\u010dar, Dolja, Dosu\u0111e, Koljenovi\u0107e, Kru\u0161evo, Martinovi\u0107e i Vi\u0161njevo, na oko 157 kvadratnih kilometara, najvjerovatnije \u0107e se \u201eosamostaliti\u201c od plavske op\u0161tine i, nakon Petnjice, postati nova, 23. punopravna lokalna samouprava u Crnoj Gori. Tako su Gusinjanima, kako ka\u017ee predsjednik Mjesne zajednice i Odbora za [&hellip;]","og_url":"https:\/\/sandzakpress.net\/arhiva\/gusinje-razvoj-ostao-u-obecanjima\/","og_site_name":"Sand\u017eak PRESS","article_published_time":"2013-06-07T15:32:16+00:00","article_modified_time":"2013-06-28T19:52:43+00:00","og_image":[{"width":300,"height":264,"url":"https:\/\/sandzakpress.net\/arhiva\/wp-content\/uploads\/2013\/06\/2013-06-06-CGO-T-STR-xx-V01-Z-GOJKO-GUSINJE-1-300x264.jpg","type":"image\/jpeg"}],"author":"bosniak","twitter_card":"summary_large_image","twitter_misc":{"Written by":"bosniak","Est. reading time":"5 minuta"},"schema":{"@context":"https:\/\/schema.org","@graph":[{"@type":"Article","@id":"https:\/\/sandzakpress.net\/arhiva\/gusinje-razvoj-ostao-u-obecanjima\/#article","isPartOf":{"@id":"https:\/\/sandzakpress.net\/arhiva\/gusinje-razvoj-ostao-u-obecanjima\/"},"author":{"name":"bosniak","@id":"https:\/\/sandzakpress.net\/arhiva\/#\/schema\/person\/c8baee722073534b583ea7bdb2e36c02"},"headline":"Gusinje: Razvoj ostao u obe\u0107anjima","datePublished":"2013-06-07T15:32:16+00:00","dateModified":"2013-06-28T19:52:43+00:00","mainEntityOfPage":{"@id":"https:\/\/sandzakpress.net\/arhiva\/gusinje-razvoj-ostao-u-obecanjima\/"},"wordCount":1027,"commentCount":0,"publisher":{"@id":"https:\/\/sandzakpress.net\/arhiva\/#\/schema\/person\/6e72b67d6e51910a1117b3b483ba20bd"},"image":{"@id":"https:\/\/sandzakpress.net\/arhiva\/gusinje-razvoj-ostao-u-obecanjima\/#primaryimage"},"thumbnailUrl":"https:\/\/sandzakpress.net\/arhiva\/wp-content\/uploads\/2013\/06\/2013-06-06-CGO-T-STR-xx-V01-Z-GOJKO-GUSINJE-1-300x264.jpg","articleSection":["Politika","Gusinje"],"inLanguage":"bs-BA","potentialAction":[{"@type":"CommentAction","name":"Comment","target":["https:\/\/sandzakpress.net\/arhiva\/gusinje-razvoj-ostao-u-obecanjima\/#respond"]}]},{"@type":"WebPage","@id":"https:\/\/sandzakpress.net\/arhiva\/gusinje-razvoj-ostao-u-obecanjima\/","url":"https:\/\/sandzakpress.net\/arhiva\/gusinje-razvoj-ostao-u-obecanjima\/","name":"Gusinje: Razvoj ostao u obe\u0107anjima","isPartOf":{"@id":"https:\/\/sandzakpress.net\/arhiva\/#website"},"primaryImageOfPage":{"@id":"https:\/\/sandzakpress.net\/arhiva\/gusinje-razvoj-ostao-u-obecanjima\/#primaryimage"},"image":{"@id":"https:\/\/sandzakpress.net\/arhiva\/gusinje-razvoj-ostao-u-obecanjima\/#primaryimage"},"thumbnailUrl":"https:\/\/sandzakpress.net\/arhiva\/wp-content\/uploads\/2013\/06\/2013-06-06-CGO-T-STR-xx-V01-Z-GOJKO-GUSINJE-1-300x264.jpg","datePublished":"2013-06-07T15:32:16+00:00","dateModified":"2013-06-28T19:52:43+00:00","breadcrumb":{"@id":"https:\/\/sandzakpress.net\/arhiva\/gusinje-razvoj-ostao-u-obecanjima\/#breadcrumb"},"inLanguage":"bs-BA","potentialAction":[{"@type":"ReadAction","target":["https:\/\/sandzakpress.net\/arhiva\/gusinje-razvoj-ostao-u-obecanjima\/"]}]},{"@type":"ImageObject","inLanguage":"bs-BA","@id":"https:\/\/sandzakpress.net\/arhiva\/gusinje-razvoj-ostao-u-obecanjima\/#primaryimage","url":"https:\/\/sandzakpress.net\/arhiva\/wp-content\/uploads\/2013\/06\/2013-06-06-CGO-T-STR-xx-V01-Z-GOJKO-GUSINJE-1-300x264.jpg","contentUrl":"https:\/\/sandzakpress.net\/arhiva\/wp-content\/uploads\/2013\/06\/2013-06-06-CGO-T-STR-xx-V01-Z-GOJKO-GUSINJE-1-300x264.jpg","width":300,"height":264},{"@type":"BreadcrumbList","@id":"https:\/\/sandzakpress.net\/arhiva\/gusinje-razvoj-ostao-u-obecanjima\/#breadcrumb","itemListElement":[{"@type":"ListItem","position":1,"name":"Home","item":"https:\/\/sandzakpress.net\/arhiva\/"},{"@type":"ListItem","position":2,"name":"Gusinje: Razvoj ostao u obe\u0107anjima"}]},{"@type":"WebSite","@id":"https:\/\/sandzakpress.net\/arhiva\/#website","url":"https:\/\/sandzakpress.net\/arhiva\/","name":"Sand\u017eak PRESS","description":"Prve elektronske novine u Sand\u017eaku","publisher":{"@id":"https:\/\/sandzakpress.net\/arhiva\/#\/schema\/person\/6e72b67d6e51910a1117b3b483ba20bd"},"potentialAction":[{"@type":"SearchAction","target":{"@type":"EntryPoint","urlTemplate":"https:\/\/sandzakpress.net\/arhiva\/?s={search_term_string}"},"query-input":{"@type":"PropertyValueSpecification","valueRequired":true,"valueName":"search_term_string"}}],"inLanguage":"bs-BA"},{"@type":["Person","Organization"],"@id":"https:\/\/sandzakpress.net\/arhiva\/#\/schema\/person\/6e72b67d6e51910a1117b3b483ba20bd","name":"Kul","image":{"@type":"ImageObject","inLanguage":"bs-BA","@id":"https:\/\/sandzakpress.net\/arhiva\/#\/schema\/person\/image\/","url":"https:\/\/secure.gravatar.com\/avatar\/42263f39aa27ac04c43cab85c280eb2e?s=96&d=mm&r=pg","contentUrl":"https:\/\/secure.gravatar.com\/avatar\/42263f39aa27ac04c43cab85c280eb2e?s=96&d=mm&r=pg","caption":"Kul"},"logo":{"@id":"https:\/\/sandzakpress.net\/arhiva\/#\/schema\/person\/image\/"}},{"@type":"Person","@id":"https:\/\/sandzakpress.net\/arhiva\/#\/schema\/person\/c8baee722073534b583ea7bdb2e36c02","name":"bosniak","image":{"@type":"ImageObject","inLanguage":"bs-BA","@id":"https:\/\/sandzakpress.net\/arhiva\/#\/schema\/person\/image\/","url":"https:\/\/secure.gravatar.com\/avatar\/a04fd330bfe3a36a72a0ad4a6d89fca7?s=96&d=mm&r=pg","contentUrl":"https:\/\/secure.gravatar.com\/avatar\/a04fd330bfe3a36a72a0ad4a6d89fca7?s=96&d=mm&r=pg","caption":"bosniak"},"url":"https:\/\/sandzakpress.net\/arhiva\/author\/bosniak\/"}]}},"_links":{"self":[{"href":"https:\/\/sandzakpress.net\/arhiva\/wp-json\/wp\/v2\/posts\/78432"}],"collection":[{"href":"https:\/\/sandzakpress.net\/arhiva\/wp-json\/wp\/v2\/posts"}],"about":[{"href":"https:\/\/sandzakpress.net\/arhiva\/wp-json\/wp\/v2\/types\/post"}],"author":[{"embeddable":true,"href":"https:\/\/sandzakpress.net\/arhiva\/wp-json\/wp\/v2\/users\/83"}],"replies":[{"embeddable":true,"href":"https:\/\/sandzakpress.net\/arhiva\/wp-json\/wp\/v2\/comments?post=78432"}],"version-history":[{"count":0,"href":"https:\/\/sandzakpress.net\/arhiva\/wp-json\/wp\/v2\/posts\/78432\/revisions"}],"wp:featuredmedia":[{"embeddable":true,"href":"https:\/\/sandzakpress.net\/arhiva\/wp-json\/wp\/v2\/media\/78433"}],"wp:attachment":[{"href":"https:\/\/sandzakpress.net\/arhiva\/wp-json\/wp\/v2\/media?parent=78432"}],"wp:term":[{"taxonomy":"category","embeddable":true,"href":"https:\/\/sandzakpress.net\/arhiva\/wp-json\/wp\/v2\/categories?post=78432"},{"taxonomy":"post_tag","embeddable":true,"href":"https:\/\/sandzakpress.net\/arhiva\/wp-json\/wp\/v2\/tags?post=78432"}],"curies":[{"name":"wp","href":"https:\/\/api.w.org\/{rel}","templated":true}]}}