{"id":78394,"date":"2013-06-07T14:59:09","date_gmt":"2013-06-07T12:59:09","guid":{"rendered":"https:\/\/sandzakpress.net\/arhiva\/?p=78394"},"modified":"2013-06-07T19:27:26","modified_gmt":"2013-06-07T17:27:26","slug":"erdogana-na-aerodromu-sacekalo-hiljade-pristalica","status":"publish","type":"post","link":"https:\/\/sandzakpress.net\/arhiva\/erdogana-na-aerodromu-sacekalo-hiljade-pristalica\/","title":{"rendered":"Erdogana na aerodromu sa\u010dekalo hiljade pristalica"},"content":{"rendered":"<p id=\"article_lead\"><a href=\"https:\/\/sandzakpress.net\/arhiva\/wp-content\/uploads\/2013\/06\/Erdogan34_zpsb27a2199.jpg\"><img loading=\"lazy\" decoding=\"async\" class=\"aligncenter size-full wp-image-78395\" title=\"Erdogan34_zpsb27a2199\" src=\"https:\/\/sandzakpress.net\/arhiva\/wp-content\/uploads\/2013\/06\/Erdogan34_zpsb27a2199.jpg\" alt=\"\" width=\"616\" height=\"411\" \/><\/a><\/p>\n<p><strong>Turska &#8211; Turski premijer Red\u017eep Tajip Erdogan okupio je svoje pristalice u Istanbulu po dolasku iz Tunisa i izjavio pred nekoliko hiljada okupljenih da se odmah prekinu uli\u010dni protesti, na kojima se ve\u0107 osam dana tra\u017ei njegova smena.<\/strong><\/p>\n<p style=\"text-align: center;\"><img loading=\"lazy\" decoding=\"async\" src=\"http:\/\/www.vesti-online.com\/data\/images\/2013-06-07\/329010_ap-4_f.jpg?ver=1370587809\" alt=\"\" width=\"480\" height=\"290\" \/><\/p>\n<p>Do\u010dekan srda\u010dno na aerodromu u Istanbulu posle trodnevne posete zemljama Magreba, Erdogan je ponovo osudio &#8220;anarhiste i ekstremiste koji defiluju po glavnim gradovima zemlje i prkose njegovom autoritetu&#8221; i zatra\u017eio da se odmah prekinu ti protesti.<\/p>\n<p>&#8220;Tra\u017eim da se hitno prekinu protesti, koji su izgubili demokratski karakter i pretvorili su se u vandalizam&#8221;.<\/p>\n<p style=\"text-align: center;\"><img loading=\"lazy\" decoding=\"async\" class=\"aligncenter\" src=\"http:\/\/www.vesti-online.com\/data\/images\/2013-06-07\/329013_ap-3_f.jpg?ver=1370587878\" alt=\"\" width=\"480\" height=\"290\" \/><\/p>\n<p>Dok je bio skup pristalica Erdogana, na trgu Taksim u Istanbulu okupilo se nekoliko desetina hiljada njegovih protivnika, koji su skandirali &#8220;Ostavka&#8221;. Nekoliko hiljada ih se okupilo i u Ankari, ali turski mediji nisu naveli da li je bilo incidenata na tim skupovima.<\/p>\n<p>Erdogan je ju\u010de u Tunisu isklju\u010dio mogu\u0107nost da odustane od urbanog projekta u Istanbulu \u0161to je izazvalo talas novih uli\u010dnih protesta u Turskoj.<\/p>\n<div><img loading=\"lazy\" decoding=\"async\" class=\"alignright\" src=\"http:\/\/www.vesti-online.com\/data\/images\/2013-06-07\/329015_ap-erdogan-2_kf.jpg?ver=1370587951\" alt=\"\" width=\"230\" height=\"130\" \/><\/div>\n<p>&#8220;Projekat po\u0161tuje istoriju, kulturu i ekologiju&#8230;. Mi \u017eelimo da \u0161titimo prava ve\u0107ina i o\u010duvamo lepotu Istanbula&#8221;, rekao je Erdogan u poseti Tunisu.<br \/>\nProtesti su po\u010deli u Istanbulu pre vi\u0161e od nedelju dana\u00a0zbog plana za ru\u0161enje jednog parka radi izgradnje komercijalnog centra ali su se posle grubog obra\u010duna policije sa demonstrantima pro\u0161irili na druge gradove i\u00a0prerasli u antivladine proteste. Demonstranti optu\u017euju konzervativnu vladu da je autoritarna i da islamizira sekularnu tursku dr\u017eavu. Tokom demonstracija je poginulo \u010detvoro ljudi, a stotine su povre\u0111ene i privedene.<\/p>\n","protected":false},"excerpt":{"rendered":"<p>Turska &#8211; Turski premijer Red\u017eep Tajip Erdogan okupio je svoje pristalice u Istanbulu po dolasku iz Tunisa i izjavio pred nekoliko hiljada okupljenih da se odmah prekinu uli\u010dni protesti, na kojima se ve\u0107 osam dana tra\u017ei njegova smena. Do\u010dekan srda\u010dno na aerodromu u Istanbulu posle trodnevne posete zemljama Magreba, Erdogan je ponovo osudio &#8220;anarhiste i [&hellip;]<\/p>\n","protected":false},"author":83,"featured_media":78395,"comment_status":"open","ping_status":"open","sticky":false,"template":"","format":"standard","meta":{"footnotes":""},"categories":[9,2692],"tags":[],"class_list":{"0":"post-78394","1":"post","2":"type-post","3":"status-publish","4":"format-standard","5":"has-post-thumbnail","7":"category-svijet","8":"category-turska-gradovi"},"yoast_head":"<!-- This site is optimized with the Yoast SEO Premium plugin v23.1 (Yoast SEO v24.9) - https:\/\/yoast.com\/wordpress\/plugins\/seo\/ -->\n<title>Erdogana na aerodromu sa\u010dekalo hiljade pristalica<\/title>\n<meta name=\"robots\" content=\"index, follow, max-snippet:-1, max-image-preview:large, max-video-preview:-1\" \/>\n<link rel=\"canonical\" href=\"https:\/\/sandzakpress.net\/arhiva\/erdogana-na-aerodromu-sacekalo-hiljade-pristalica\/\" \/>\n<meta property=\"og:locale\" content=\"bs_BA\" \/>\n<meta property=\"og:type\" content=\"article\" \/>\n<meta property=\"og:title\" content=\"Erdogana na aerodromu sa\u010dekalo hiljade pristalica\" \/>\n<meta property=\"og:description\" content=\"Turska &#8211; Turski premijer Red\u017eep Tajip Erdogan okupio je svoje pristalice u Istanbulu po dolasku iz Tunisa i izjavio pred nekoliko hiljada okupljenih da se odmah prekinu uli\u010dni protesti, na kojima se ve\u0107 osam dana tra\u017ei njegova smena. Do\u010dekan srda\u010dno na aerodromu u Istanbulu posle trodnevne posete zemljama Magreba, Erdogan je ponovo osudio &#8220;anarhiste i [&hellip;]\" \/>\n<meta property=\"og:url\" content=\"https:\/\/sandzakpress.net\/arhiva\/erdogana-na-aerodromu-sacekalo-hiljade-pristalica\/\" \/>\n<meta property=\"og:site_name\" content=\"Sand\u017eak PRESS\" \/>\n<meta property=\"article:published_time\" content=\"2013-06-07T12:59:09+00:00\" \/>\n<meta property=\"article:modified_time\" content=\"2013-06-07T17:27:26+00:00\" \/>\n<meta property=\"og:image\" content=\"https:\/\/sandzakpress.net\/arhiva\/wp-content\/uploads\/2013\/06\/Erdogan34_zpsb27a2199.jpg\" \/>\n\t<meta property=\"og:image:width\" content=\"616\" \/>\n\t<meta property=\"og:image:height\" content=\"411\" \/>\n\t<meta property=\"og:image:type\" content=\"image\/jpeg\" \/>\n<meta name=\"author\" content=\"bosniak\" \/>\n<meta name=\"twitter:card\" content=\"summary_large_image\" \/>\n<meta name=\"twitter:label1\" content=\"Written by\" \/>\n\t<meta name=\"twitter:data1\" content=\"bosniak\" \/>\n\t<meta name=\"twitter:label2\" content=\"Est. reading time\" \/>\n\t<meta name=\"twitter:data2\" content=\"1 minuta\" \/>\n<script type=\"application\/ld+json\" class=\"yoast-schema-graph\">{\"@context\":\"https:\/\/schema.org\",\"@graph\":[{\"@type\":\"Article\",\"@id\":\"https:\/\/sandzakpress.net\/arhiva\/erdogana-na-aerodromu-sacekalo-hiljade-pristalica\/#article\",\"isPartOf\":{\"@id\":\"https:\/\/sandzakpress.net\/arhiva\/erdogana-na-aerodromu-sacekalo-hiljade-pristalica\/\"},\"author\":{\"name\":\"bosniak\",\"@id\":\"https:\/\/sandzakpress.net\/arhiva\/#\/schema\/person\/c8baee722073534b583ea7bdb2e36c02\"},\"headline\":\"Erdogana na aerodromu sa\u010dekalo hiljade pristalica\",\"datePublished\":\"2013-06-07T12:59:09+00:00\",\"dateModified\":\"2013-06-07T17:27:26+00:00\",\"mainEntityOfPage\":{\"@id\":\"https:\/\/sandzakpress.net\/arhiva\/erdogana-na-aerodromu-sacekalo-hiljade-pristalica\/\"},\"wordCount\":271,\"commentCount\":0,\"publisher\":{\"@id\":\"https:\/\/sandzakpress.net\/arhiva\/#\/schema\/person\/6e72b67d6e51910a1117b3b483ba20bd\"},\"image\":{\"@id\":\"https:\/\/sandzakpress.net\/arhiva\/erdogana-na-aerodromu-sacekalo-hiljade-pristalica\/#primaryimage\"},\"thumbnailUrl\":\"https:\/\/sandzakpress.net\/arhiva\/wp-content\/uploads\/2013\/06\/Erdogan34_zpsb27a2199.jpg\",\"articleSection\":[\"Svijet\",\"Turska\"],\"inLanguage\":\"bs-BA\",\"potentialAction\":[{\"@type\":\"CommentAction\",\"name\":\"Comment\",\"target\":[\"https:\/\/sandzakpress.net\/arhiva\/erdogana-na-aerodromu-sacekalo-hiljade-pristalica\/#respond\"]}]},{\"@type\":\"WebPage\",\"@id\":\"https:\/\/sandzakpress.net\/arhiva\/erdogana-na-aerodromu-sacekalo-hiljade-pristalica\/\",\"url\":\"https:\/\/sandzakpress.net\/arhiva\/erdogana-na-aerodromu-sacekalo-hiljade-pristalica\/\",\"name\":\"Erdogana na aerodromu sa\u010dekalo hiljade pristalica\",\"isPartOf\":{\"@id\":\"https:\/\/sandzakpress.net\/arhiva\/#website\"},\"primaryImageOfPage\":{\"@id\":\"https:\/\/sandzakpress.net\/arhiva\/erdogana-na-aerodromu-sacekalo-hiljade-pristalica\/#primaryimage\"},\"image\":{\"@id\":\"https:\/\/sandzakpress.net\/arhiva\/erdogana-na-aerodromu-sacekalo-hiljade-pristalica\/#primaryimage\"},\"thumbnailUrl\":\"https:\/\/sandzakpress.net\/arhiva\/wp-content\/uploads\/2013\/06\/Erdogan34_zpsb27a2199.jpg\",\"datePublished\":\"2013-06-07T12:59:09+00:00\",\"dateModified\":\"2013-06-07T17:27:26+00:00\",\"breadcrumb\":{\"@id\":\"https:\/\/sandzakpress.net\/arhiva\/erdogana-na-aerodromu-sacekalo-hiljade-pristalica\/#breadcrumb\"},\"inLanguage\":\"bs-BA\",\"potentialAction\":[{\"@type\":\"ReadAction\",\"target\":[\"https:\/\/sandzakpress.net\/arhiva\/erdogana-na-aerodromu-sacekalo-hiljade-pristalica\/\"]}]},{\"@type\":\"ImageObject\",\"inLanguage\":\"bs-BA\",\"@id\":\"https:\/\/sandzakpress.net\/arhiva\/erdogana-na-aerodromu-sacekalo-hiljade-pristalica\/#primaryimage\",\"url\":\"https:\/\/sandzakpress.net\/arhiva\/wp-content\/uploads\/2013\/06\/Erdogan34_zpsb27a2199.jpg\",\"contentUrl\":\"https:\/\/sandzakpress.net\/arhiva\/wp-content\/uploads\/2013\/06\/Erdogan34_zpsb27a2199.jpg\",\"width\":616,\"height\":411},{\"@type\":\"BreadcrumbList\",\"@id\":\"https:\/\/sandzakpress.net\/arhiva\/erdogana-na-aerodromu-sacekalo-hiljade-pristalica\/#breadcrumb\",\"itemListElement\":[{\"@type\":\"ListItem\",\"position\":1,\"name\":\"Home\",\"item\":\"https:\/\/sandzakpress.net\/arhiva\/\"},{\"@type\":\"ListItem\",\"position\":2,\"name\":\"Erdogana na aerodromu sa\u010dekalo hiljade pristalica\"}]},{\"@type\":\"WebSite\",\"@id\":\"https:\/\/sandzakpress.net\/arhiva\/#website\",\"url\":\"https:\/\/sandzakpress.net\/arhiva\/\",\"name\":\"Sand\u017eak PRESS\",\"description\":\"Prve elektronske novine u Sand\u017eaku\",\"publisher\":{\"@id\":\"https:\/\/sandzakpress.net\/arhiva\/#\/schema\/person\/6e72b67d6e51910a1117b3b483ba20bd\"},\"potentialAction\":[{\"@type\":\"SearchAction\",\"target\":{\"@type\":\"EntryPoint\",\"urlTemplate\":\"https:\/\/sandzakpress.net\/arhiva\/?s={search_term_string}\"},\"query-input\":{\"@type\":\"PropertyValueSpecification\",\"valueRequired\":true,\"valueName\":\"search_term_string\"}}],\"inLanguage\":\"bs-BA\"},{\"@type\":[\"Person\",\"Organization\"],\"@id\":\"https:\/\/sandzakpress.net\/arhiva\/#\/schema\/person\/6e72b67d6e51910a1117b3b483ba20bd\",\"name\":\"Kul\",\"image\":{\"@type\":\"ImageObject\",\"inLanguage\":\"bs-BA\",\"@id\":\"https:\/\/sandzakpress.net\/arhiva\/#\/schema\/person\/image\/\",\"url\":\"https:\/\/secure.gravatar.com\/avatar\/42263f39aa27ac04c43cab85c280eb2e?s=96&d=mm&r=pg\",\"contentUrl\":\"https:\/\/secure.gravatar.com\/avatar\/42263f39aa27ac04c43cab85c280eb2e?s=96&d=mm&r=pg\",\"caption\":\"Kul\"},\"logo\":{\"@id\":\"https:\/\/sandzakpress.net\/arhiva\/#\/schema\/person\/image\/\"}},{\"@type\":\"Person\",\"@id\":\"https:\/\/sandzakpress.net\/arhiva\/#\/schema\/person\/c8baee722073534b583ea7bdb2e36c02\",\"name\":\"bosniak\",\"image\":{\"@type\":\"ImageObject\",\"inLanguage\":\"bs-BA\",\"@id\":\"https:\/\/sandzakpress.net\/arhiva\/#\/schema\/person\/image\/\",\"url\":\"https:\/\/secure.gravatar.com\/avatar\/a04fd330bfe3a36a72a0ad4a6d89fca7?s=96&d=mm&r=pg\",\"contentUrl\":\"https:\/\/secure.gravatar.com\/avatar\/a04fd330bfe3a36a72a0ad4a6d89fca7?s=96&d=mm&r=pg\",\"caption\":\"bosniak\"},\"url\":\"https:\/\/sandzakpress.net\/arhiva\/author\/bosniak\/\"}]}<\/script>\n<!-- \/ Yoast SEO Premium plugin. -->","yoast_head_json":{"title":"Erdogana na aerodromu sa\u010dekalo hiljade pristalica","robots":{"index":"index","follow":"follow","max-snippet":"max-snippet:-1","max-image-preview":"max-image-preview:large","max-video-preview":"max-video-preview:-1"},"canonical":"https:\/\/sandzakpress.net\/arhiva\/erdogana-na-aerodromu-sacekalo-hiljade-pristalica\/","og_locale":"bs_BA","og_type":"article","og_title":"Erdogana na aerodromu sa\u010dekalo hiljade pristalica","og_description":"Turska &#8211; Turski premijer Red\u017eep Tajip Erdogan okupio je svoje pristalice u Istanbulu po dolasku iz Tunisa i izjavio pred nekoliko hiljada okupljenih da se odmah prekinu uli\u010dni protesti, na kojima se ve\u0107 osam dana tra\u017ei njegova smena. Do\u010dekan srda\u010dno na aerodromu u Istanbulu posle trodnevne posete zemljama Magreba, Erdogan je ponovo osudio &#8220;anarhiste i [&hellip;]","og_url":"https:\/\/sandzakpress.net\/arhiva\/erdogana-na-aerodromu-sacekalo-hiljade-pristalica\/","og_site_name":"Sand\u017eak PRESS","article_published_time":"2013-06-07T12:59:09+00:00","article_modified_time":"2013-06-07T17:27:26+00:00","og_image":[{"width":616,"height":411,"url":"https:\/\/sandzakpress.net\/arhiva\/wp-content\/uploads\/2013\/06\/Erdogan34_zpsb27a2199.jpg","type":"image\/jpeg"}],"author":"bosniak","twitter_card":"summary_large_image","twitter_misc":{"Written by":"bosniak","Est. reading time":"1 minuta"},"schema":{"@context":"https:\/\/schema.org","@graph":[{"@type":"Article","@id":"https:\/\/sandzakpress.net\/arhiva\/erdogana-na-aerodromu-sacekalo-hiljade-pristalica\/#article","isPartOf":{"@id":"https:\/\/sandzakpress.net\/arhiva\/erdogana-na-aerodromu-sacekalo-hiljade-pristalica\/"},"author":{"name":"bosniak","@id":"https:\/\/sandzakpress.net\/arhiva\/#\/schema\/person\/c8baee722073534b583ea7bdb2e36c02"},"headline":"Erdogana na aerodromu sa\u010dekalo hiljade pristalica","datePublished":"2013-06-07T12:59:09+00:00","dateModified":"2013-06-07T17:27:26+00:00","mainEntityOfPage":{"@id":"https:\/\/sandzakpress.net\/arhiva\/erdogana-na-aerodromu-sacekalo-hiljade-pristalica\/"},"wordCount":271,"commentCount":0,"publisher":{"@id":"https:\/\/sandzakpress.net\/arhiva\/#\/schema\/person\/6e72b67d6e51910a1117b3b483ba20bd"},"image":{"@id":"https:\/\/sandzakpress.net\/arhiva\/erdogana-na-aerodromu-sacekalo-hiljade-pristalica\/#primaryimage"},"thumbnailUrl":"https:\/\/sandzakpress.net\/arhiva\/wp-content\/uploads\/2013\/06\/Erdogan34_zpsb27a2199.jpg","articleSection":["Svijet","Turska"],"inLanguage":"bs-BA","potentialAction":[{"@type":"CommentAction","name":"Comment","target":["https:\/\/sandzakpress.net\/arhiva\/erdogana-na-aerodromu-sacekalo-hiljade-pristalica\/#respond"]}]},{"@type":"WebPage","@id":"https:\/\/sandzakpress.net\/arhiva\/erdogana-na-aerodromu-sacekalo-hiljade-pristalica\/","url":"https:\/\/sandzakpress.net\/arhiva\/erdogana-na-aerodromu-sacekalo-hiljade-pristalica\/","name":"Erdogana na aerodromu sa\u010dekalo hiljade pristalica","isPartOf":{"@id":"https:\/\/sandzakpress.net\/arhiva\/#website"},"primaryImageOfPage":{"@id":"https:\/\/sandzakpress.net\/arhiva\/erdogana-na-aerodromu-sacekalo-hiljade-pristalica\/#primaryimage"},"image":{"@id":"https:\/\/sandzakpress.net\/arhiva\/erdogana-na-aerodromu-sacekalo-hiljade-pristalica\/#primaryimage"},"thumbnailUrl":"https:\/\/sandzakpress.net\/arhiva\/wp-content\/uploads\/2013\/06\/Erdogan34_zpsb27a2199.jpg","datePublished":"2013-06-07T12:59:09+00:00","dateModified":"2013-06-07T17:27:26+00:00","breadcrumb":{"@id":"https:\/\/sandzakpress.net\/arhiva\/erdogana-na-aerodromu-sacekalo-hiljade-pristalica\/#breadcrumb"},"inLanguage":"bs-BA","potentialAction":[{"@type":"ReadAction","target":["https:\/\/sandzakpress.net\/arhiva\/erdogana-na-aerodromu-sacekalo-hiljade-pristalica\/"]}]},{"@type":"ImageObject","inLanguage":"bs-BA","@id":"https:\/\/sandzakpress.net\/arhiva\/erdogana-na-aerodromu-sacekalo-hiljade-pristalica\/#primaryimage","url":"https:\/\/sandzakpress.net\/arhiva\/wp-content\/uploads\/2013\/06\/Erdogan34_zpsb27a2199.jpg","contentUrl":"https:\/\/sandzakpress.net\/arhiva\/wp-content\/uploads\/2013\/06\/Erdogan34_zpsb27a2199.jpg","width":616,"height":411},{"@type":"BreadcrumbList","@id":"https:\/\/sandzakpress.net\/arhiva\/erdogana-na-aerodromu-sacekalo-hiljade-pristalica\/#breadcrumb","itemListElement":[{"@type":"ListItem","position":1,"name":"Home","item":"https:\/\/sandzakpress.net\/arhiva\/"},{"@type":"ListItem","position":2,"name":"Erdogana na aerodromu sa\u010dekalo hiljade pristalica"}]},{"@type":"WebSite","@id":"https:\/\/sandzakpress.net\/arhiva\/#website","url":"https:\/\/sandzakpress.net\/arhiva\/","name":"Sand\u017eak PRESS","description":"Prve elektronske novine u Sand\u017eaku","publisher":{"@id":"https:\/\/sandzakpress.net\/arhiva\/#\/schema\/person\/6e72b67d6e51910a1117b3b483ba20bd"},"potentialAction":[{"@type":"SearchAction","target":{"@type":"EntryPoint","urlTemplate":"https:\/\/sandzakpress.net\/arhiva\/?s={search_term_string}"},"query-input":{"@type":"PropertyValueSpecification","valueRequired":true,"valueName":"search_term_string"}}],"inLanguage":"bs-BA"},{"@type":["Person","Organization"],"@id":"https:\/\/sandzakpress.net\/arhiva\/#\/schema\/person\/6e72b67d6e51910a1117b3b483ba20bd","name":"Kul","image":{"@type":"ImageObject","inLanguage":"bs-BA","@id":"https:\/\/sandzakpress.net\/arhiva\/#\/schema\/person\/image\/","url":"https:\/\/secure.gravatar.com\/avatar\/42263f39aa27ac04c43cab85c280eb2e?s=96&d=mm&r=pg","contentUrl":"https:\/\/secure.gravatar.com\/avatar\/42263f39aa27ac04c43cab85c280eb2e?s=96&d=mm&r=pg","caption":"Kul"},"logo":{"@id":"https:\/\/sandzakpress.net\/arhiva\/#\/schema\/person\/image\/"}},{"@type":"Person","@id":"https:\/\/sandzakpress.net\/arhiva\/#\/schema\/person\/c8baee722073534b583ea7bdb2e36c02","name":"bosniak","image":{"@type":"ImageObject","inLanguage":"bs-BA","@id":"https:\/\/sandzakpress.net\/arhiva\/#\/schema\/person\/image\/","url":"https:\/\/secure.gravatar.com\/avatar\/a04fd330bfe3a36a72a0ad4a6d89fca7?s=96&d=mm&r=pg","contentUrl":"https:\/\/secure.gravatar.com\/avatar\/a04fd330bfe3a36a72a0ad4a6d89fca7?s=96&d=mm&r=pg","caption":"bosniak"},"url":"https:\/\/sandzakpress.net\/arhiva\/author\/bosniak\/"}]}},"_links":{"self":[{"href":"https:\/\/sandzakpress.net\/arhiva\/wp-json\/wp\/v2\/posts\/78394"}],"collection":[{"href":"https:\/\/sandzakpress.net\/arhiva\/wp-json\/wp\/v2\/posts"}],"about":[{"href":"https:\/\/sandzakpress.net\/arhiva\/wp-json\/wp\/v2\/types\/post"}],"author":[{"embeddable":true,"href":"https:\/\/sandzakpress.net\/arhiva\/wp-json\/wp\/v2\/users\/83"}],"replies":[{"embeddable":true,"href":"https:\/\/sandzakpress.net\/arhiva\/wp-json\/wp\/v2\/comments?post=78394"}],"version-history":[{"count":0,"href":"https:\/\/sandzakpress.net\/arhiva\/wp-json\/wp\/v2\/posts\/78394\/revisions"}],"wp:featuredmedia":[{"embeddable":true,"href":"https:\/\/sandzakpress.net\/arhiva\/wp-json\/wp\/v2\/media\/78395"}],"wp:attachment":[{"href":"https:\/\/sandzakpress.net\/arhiva\/wp-json\/wp\/v2\/media?parent=78394"}],"wp:term":[{"taxonomy":"category","embeddable":true,"href":"https:\/\/sandzakpress.net\/arhiva\/wp-json\/wp\/v2\/categories?post=78394"},{"taxonomy":"post_tag","embeddable":true,"href":"https:\/\/sandzakpress.net\/arhiva\/wp-json\/wp\/v2\/tags?post=78394"}],"curies":[{"name":"wp","href":"https:\/\/api.w.org\/{rel}","templated":true}]}}