{"id":78100,"date":"2013-06-05T12:32:58","date_gmt":"2013-06-05T10:32:58","guid":{"rendered":"https:\/\/sandzakpress.net\/arhiva\/?p=78100"},"modified":"2013-06-05T16:54:29","modified_gmt":"2013-06-05T14:54:29","slug":"novi-pazar-privrednik-ubijen-pred-zenom-i-djecom","status":"publish","type":"post","link":"https:\/\/sandzakpress.net\/arhiva\/novi-pazar-privrednik-ubijen-pred-zenom-i-djecom\/","title":{"rendered":"Novi Pazar: Vlasnik menja\u010dnice ubijen pred \u017eenom i djecom"},"content":{"rendered":"<p style=\"margin: 1.2em 0em; padding: 0px; border: 0px; outline: 0px; font-size: 12px; vertical-align: baseline; background-color: #ffffff; line-height: 1.2em; color: #333333; font-family: verdana, arial, helvetica, sans-serif; font-style: normal; font-variant: normal; font-weight: normal; letter-spacing: normal; orphans: auto; text-indent: 0px; text-transform: none; white-space: normal; widows: auto; word-spacing: 0px; -webkit-text-stroke-width: 0px; text-align: justify; background-position: initial initial; background-repeat: initial initial;\"><strong><a href=\"https:\/\/sandzakpress.net\/arhiva\/wp-content\/uploads\/2013\/06\/vlasnik-menjanice-ubijen-na-kunom-pragu.jpg\"><img loading=\"lazy\" decoding=\"async\" class=\"alignleft size-medium wp-image-78130\" title=\"vlasnik menjanice ubijen na kunom pragu\" src=\"https:\/\/sandzakpress.net\/arhiva\/wp-content\/uploads\/2013\/06\/vlasnik-menjanice-ubijen-na-kunom-pragu-300x201.jpg\" alt=\"\" width=\"300\" height=\"201\" \/><\/a>Novi Pazar &#8211;<\/strong><strong style=\"margin: 0px; padding: 0px; border: 0px; outline: 0px; font-size: 12px; vertical-align: baseline; background-color: transparent; font-weight: bold; background-position: initial initial; background-repeat: initial initial;\"> Vlasnik menja\u010dnice \u201cMerima\u201d u Novom Pazaru Enes A. (45) ubijen je sino\u0107 oko 21.30 iz vatrenog oru\u017eja ispred porodi\u010dne ku\u0107e u naselju Lug, kod Bor d\u017eamije.<\/strong><\/p>\n<p style=\"margin: 1.2em 0em; padding: 0px; border: 0px; outline: 0px; font-size: 12px; vertical-align: baseline; background-color: #ffffff; line-height: 1.2em; color: #333333; font-family: verdana, arial, helvetica, sans-serif; font-style: normal; font-variant: normal; font-weight: normal; letter-spacing: normal; orphans: auto; text-align: left; text-indent: 0px; text-transform: none; white-space: normal; widows: auto; word-spacing: 0px; -webkit-text-stroke-width: 0px; background-position: initial initial; background-repeat: initial initial;\">Ubica je, po rije\u010dima o\u010devidaca, imao fantomku na glavi i u \u017ertvu je ispalio pet- \u0161est metaka, u trenutku kada je iza\u0161ao iz automobila u dru\u0161tvu supruge.<\/p>\n<p style=\"margin: 1.2em 0em; padding: 0px; border: 0px; outline: 0px; font-size: 12px; vertical-align: baseline; background-color: #ffffff; line-height: 1.2em; color: #333333; font-family: verdana, arial, helvetica, sans-serif; font-style: normal; font-variant: normal; font-weight: normal; letter-spacing: normal; orphans: auto; text-align: left; text-indent: 0px; text-transform: none; white-space: normal; widows: auto; word-spacing: 0px; -webkit-text-stroke-width: 0px; background-position: initial initial; background-repeat: initial initial;\">Njegova porodica tvrdi da im nije poznato da se Enes nekome zamerio ili da je ikome ne\u0161to dugovao.<\/p>\n<p style=\"margin: 1.2em 0em; padding: 0px; border: 0px; outline: 0px; font-size: 12px; vertical-align: baseline; background-color: #ffffff; line-height: 1.2em; color: #333333; font-family: verdana, arial, helvetica, sans-serif; font-style: normal; font-variant: normal; font-weight: normal; letter-spacing: normal; orphans: auto; text-align: left; text-indent: 0px; text-transform: none; white-space: normal; widows: auto; word-spacing: 0px; -webkit-text-stroke-width: 0px; background-position: initial initial; background-repeat: initial initial;\">Policija je obavila uvidjaj, a o dogadjaju se jo\u0161 uvijek nije zvani\u010dno oglasila, a u cilju dalje istrage nije se oglasio ni istra\u017eni sudija.<\/p>\n<p><span style=\"color: #000000; font-family: Arial, Helvetica, sans-serif; font-size: 14px; font-style: normal; font-variant: normal; font-weight: bold; letter-spacing: normal; line-height: 22.390625px; orphans: auto; text-align: start; text-indent: 0px; text-transform: none; white-space: normal; widows: auto; word-spacing: 0px; -webkit-text-stroke-width: 0px; background-color: #ffffff; display: inline !important; float: none;\"> <\/span><\/p>\n<p style=\"margin: 0px 0px 1em; padding: 0px; border: 0px; outline: 0px; font-weight: normal; font-family: Arial, Helvetica, sans-serif; color: #333333; font-size: 14px; font-style: normal; font-variant: normal; letter-spacing: normal; line-height: 22px; orphans: auto; text-align: start; text-indent: 0px; text-transform: none; white-space: normal; widows: auto; word-spacing: 0px; -webkit-text-stroke-width: 0px; background-color: #ffffff;\"><span style=\"margin: 0px; padding: 0px; border: 0px none; outline: 0px none; font-weight: inherit; font-size: 14px;\"><span style=\"margin: 0px; padding: 0px; border: 0px none; outline: 0px none; font-weight: inherit; font-size: 14px;\">(rtv)<br \/>\n<\/span><\/span><\/p>\n","protected":false},"excerpt":{"rendered":"<p>Novi Pazar &#8211; Vlasnik menja\u010dnice \u201cMerima\u201d u Novom Pazaru Enes A. (45) ubijen je sino\u0107 oko 21.30 iz vatrenog oru\u017eja ispred porodi\u010dne ku\u0107e u naselju Lug, kod Bor d\u017eamije. Ubica je, po rije\u010dima o\u010devidaca, imao fantomku na glavi i u \u017ertvu je ispalio pet- \u0161est metaka, u trenutku kada je iza\u0161ao iz automobila u dru\u0161tvu [&hellip;]<\/p>\n","protected":false},"author":33,"featured_media":78130,"comment_status":"open","ping_status":"open","sticky":false,"template":"","format":"standard","meta":{"footnotes":""},"categories":[72,801,8957],"tags":[],"class_list":{"0":"post-78100","1":"post","2":"type-post","3":"status-publish","4":"format-standard","5":"has-post-thumbnail","7":"category-novi-pazar","8":"category-crna_hronika","9":"category-vijesti-dana"},"yoast_head":"<!-- This site is optimized with the Yoast SEO Premium plugin v23.1 (Yoast SEO v24.9) - https:\/\/yoast.com\/wordpress\/plugins\/seo\/ -->\n<title>Novi Pazar: Vlasnik menja\u010dnice ubijen pred \u017eenom i djecom<\/title>\n<meta name=\"robots\" content=\"index, follow, max-snippet:-1, max-image-preview:large, max-video-preview:-1\" \/>\n<link rel=\"canonical\" href=\"https:\/\/sandzakpress.net\/arhiva\/novi-pazar-privrednik-ubijen-pred-zenom-i-djecom\/\" \/>\n<meta property=\"og:locale\" content=\"bs_BA\" \/>\n<meta property=\"og:type\" content=\"article\" \/>\n<meta property=\"og:title\" content=\"Novi Pazar: Vlasnik menja\u010dnice ubijen pred \u017eenom i djecom\" \/>\n<meta property=\"og:description\" content=\"Novi Pazar &#8211; Vlasnik menja\u010dnice \u201cMerima\u201d u Novom Pazaru Enes A. (45) ubijen je sino\u0107 oko 21.30 iz vatrenog oru\u017eja ispred porodi\u010dne ku\u0107e u naselju Lug, kod Bor d\u017eamije. Ubica je, po rije\u010dima o\u010devidaca, imao fantomku na glavi i u \u017ertvu je ispalio pet- \u0161est metaka, u trenutku kada je iza\u0161ao iz automobila u dru\u0161tvu [&hellip;]\" \/>\n<meta property=\"og:url\" content=\"https:\/\/sandzakpress.net\/arhiva\/novi-pazar-privrednik-ubijen-pred-zenom-i-djecom\/\" \/>\n<meta property=\"og:site_name\" content=\"Sand\u017eak PRESS\" \/>\n<meta property=\"article:published_time\" content=\"2013-06-05T10:32:58+00:00\" \/>\n<meta property=\"article:modified_time\" content=\"2013-06-05T14:54:29+00:00\" \/>\n<meta property=\"og:image\" content=\"https:\/\/sandzakpress.net\/arhiva\/wp-content\/uploads\/2013\/06\/vlasnik-menjanice-ubijen-na-kunom-pragu.jpg\" \/>\n\t<meta property=\"og:image:width\" content=\"450\" \/>\n\t<meta property=\"og:image:height\" content=\"302\" \/>\n\t<meta property=\"og:image:type\" content=\"image\/jpeg\" \/>\n<meta name=\"twitter:card\" content=\"summary_large_image\" \/>\n<meta name=\"twitter:label1\" content=\"Written by\" \/>\n\t<meta name=\"twitter:data1\" content=\"\" \/>\n\t<meta name=\"twitter:label2\" content=\"Est. reading time\" \/>\n\t<meta name=\"twitter:data2\" content=\"1 minuta\" \/>\n<script type=\"application\/ld+json\" class=\"yoast-schema-graph\">{\"@context\":\"https:\/\/schema.org\",\"@graph\":[{\"@type\":\"Article\",\"@id\":\"https:\/\/sandzakpress.net\/arhiva\/novi-pazar-privrednik-ubijen-pred-zenom-i-djecom\/#article\",\"isPartOf\":{\"@id\":\"https:\/\/sandzakpress.net\/arhiva\/novi-pazar-privrednik-ubijen-pred-zenom-i-djecom\/\"},\"author\":{\"name\":\"\",\"@id\":\"\"},\"headline\":\"Novi Pazar: Vlasnik menja\u010dnice ubijen pred \u017eenom i djecom\",\"datePublished\":\"2013-06-05T10:32:58+00:00\",\"dateModified\":\"2013-06-05T14:54:29+00:00\",\"mainEntityOfPage\":{\"@id\":\"https:\/\/sandzakpress.net\/arhiva\/novi-pazar-privrednik-ubijen-pred-zenom-i-djecom\/\"},\"wordCount\":119,\"commentCount\":1,\"publisher\":{\"@id\":\"https:\/\/sandzakpress.net\/arhiva\/#\/schema\/person\/6e72b67d6e51910a1117b3b483ba20bd\"},\"image\":{\"@id\":\"https:\/\/sandzakpress.net\/arhiva\/novi-pazar-privrednik-ubijen-pred-zenom-i-djecom\/#primaryimage\"},\"thumbnailUrl\":\"https:\/\/sandzakpress.net\/arhiva\/wp-content\/uploads\/2013\/06\/vlasnik-menjanice-ubijen-na-kunom-pragu.jpg\",\"articleSection\":[\"Novi Pazar\",\"Hronika\",\"VIJESTI DANA\"],\"inLanguage\":\"bs-BA\",\"potentialAction\":[{\"@type\":\"CommentAction\",\"name\":\"Comment\",\"target\":[\"https:\/\/sandzakpress.net\/arhiva\/novi-pazar-privrednik-ubijen-pred-zenom-i-djecom\/#respond\"]}]},{\"@type\":\"WebPage\",\"@id\":\"https:\/\/sandzakpress.net\/arhiva\/novi-pazar-privrednik-ubijen-pred-zenom-i-djecom\/\",\"url\":\"https:\/\/sandzakpress.net\/arhiva\/novi-pazar-privrednik-ubijen-pred-zenom-i-djecom\/\",\"name\":\"Novi Pazar: Vlasnik menja\u010dnice ubijen pred \u017eenom i djecom\",\"isPartOf\":{\"@id\":\"https:\/\/sandzakpress.net\/arhiva\/#website\"},\"primaryImageOfPage\":{\"@id\":\"https:\/\/sandzakpress.net\/arhiva\/novi-pazar-privrednik-ubijen-pred-zenom-i-djecom\/#primaryimage\"},\"image\":{\"@id\":\"https:\/\/sandzakpress.net\/arhiva\/novi-pazar-privrednik-ubijen-pred-zenom-i-djecom\/#primaryimage\"},\"thumbnailUrl\":\"https:\/\/sandzakpress.net\/arhiva\/wp-content\/uploads\/2013\/06\/vlasnik-menjanice-ubijen-na-kunom-pragu.jpg\",\"datePublished\":\"2013-06-05T10:32:58+00:00\",\"dateModified\":\"2013-06-05T14:54:29+00:00\",\"breadcrumb\":{\"@id\":\"https:\/\/sandzakpress.net\/arhiva\/novi-pazar-privrednik-ubijen-pred-zenom-i-djecom\/#breadcrumb\"},\"inLanguage\":\"bs-BA\",\"potentialAction\":[{\"@type\":\"ReadAction\",\"target\":[\"https:\/\/sandzakpress.net\/arhiva\/novi-pazar-privrednik-ubijen-pred-zenom-i-djecom\/\"]}]},{\"@type\":\"ImageObject\",\"inLanguage\":\"bs-BA\",\"@id\":\"https:\/\/sandzakpress.net\/arhiva\/novi-pazar-privrednik-ubijen-pred-zenom-i-djecom\/#primaryimage\",\"url\":\"https:\/\/sandzakpress.net\/arhiva\/wp-content\/uploads\/2013\/06\/vlasnik-menjanice-ubijen-na-kunom-pragu.jpg\",\"contentUrl\":\"https:\/\/sandzakpress.net\/arhiva\/wp-content\/uploads\/2013\/06\/vlasnik-menjanice-ubijen-na-kunom-pragu.jpg\",\"width\":450,\"height\":302},{\"@type\":\"BreadcrumbList\",\"@id\":\"https:\/\/sandzakpress.net\/arhiva\/novi-pazar-privrednik-ubijen-pred-zenom-i-djecom\/#breadcrumb\",\"itemListElement\":[{\"@type\":\"ListItem\",\"position\":1,\"name\":\"Home\",\"item\":\"https:\/\/sandzakpress.net\/arhiva\/\"},{\"@type\":\"ListItem\",\"position\":2,\"name\":\"Novi Pazar: Vlasnik menja\u010dnice ubijen pred \u017eenom i djecom\"}]},{\"@type\":\"WebSite\",\"@id\":\"https:\/\/sandzakpress.net\/arhiva\/#website\",\"url\":\"https:\/\/sandzakpress.net\/arhiva\/\",\"name\":\"Sand\u017eak PRESS\",\"description\":\"Prve elektronske novine u Sand\u017eaku\",\"publisher\":{\"@id\":\"https:\/\/sandzakpress.net\/arhiva\/#\/schema\/person\/6e72b67d6e51910a1117b3b483ba20bd\"},\"potentialAction\":[{\"@type\":\"SearchAction\",\"target\":{\"@type\":\"EntryPoint\",\"urlTemplate\":\"https:\/\/sandzakpress.net\/arhiva\/?s={search_term_string}\"},\"query-input\":{\"@type\":\"PropertyValueSpecification\",\"valueRequired\":true,\"valueName\":\"search_term_string\"}}],\"inLanguage\":\"bs-BA\"},{\"@type\":[\"Person\",\"Organization\"],\"@id\":\"https:\/\/sandzakpress.net\/arhiva\/#\/schema\/person\/6e72b67d6e51910a1117b3b483ba20bd\",\"name\":\"Kul\",\"image\":{\"@type\":\"ImageObject\",\"inLanguage\":\"bs-BA\",\"@id\":\"https:\/\/sandzakpress.net\/arhiva\/#\/schema\/person\/image\/\",\"url\":\"https:\/\/secure.gravatar.com\/avatar\/42263f39aa27ac04c43cab85c280eb2e?s=96&d=mm&r=pg\",\"contentUrl\":\"https:\/\/secure.gravatar.com\/avatar\/42263f39aa27ac04c43cab85c280eb2e?s=96&d=mm&r=pg\",\"caption\":\"Kul\"},\"logo\":{\"@id\":\"https:\/\/sandzakpress.net\/arhiva\/#\/schema\/person\/image\/\"}},{\"@type\":\"Person\",\"@id\":\"\",\"url\":\"https:\/\/sandzakpress.net\/arhiva\/author\/\"}]}<\/script>\n<!-- \/ Yoast SEO Premium plugin. -->","yoast_head_json":{"title":"Novi Pazar: Vlasnik menja\u010dnice ubijen pred \u017eenom i djecom","robots":{"index":"index","follow":"follow","max-snippet":"max-snippet:-1","max-image-preview":"max-image-preview:large","max-video-preview":"max-video-preview:-1"},"canonical":"https:\/\/sandzakpress.net\/arhiva\/novi-pazar-privrednik-ubijen-pred-zenom-i-djecom\/","og_locale":"bs_BA","og_type":"article","og_title":"Novi Pazar: Vlasnik menja\u010dnice ubijen pred \u017eenom i djecom","og_description":"Novi Pazar &#8211; Vlasnik menja\u010dnice \u201cMerima\u201d u Novom Pazaru Enes A. (45) ubijen je sino\u0107 oko 21.30 iz vatrenog oru\u017eja ispred porodi\u010dne ku\u0107e u naselju Lug, kod Bor d\u017eamije. Ubica je, po rije\u010dima o\u010devidaca, imao fantomku na glavi i u \u017ertvu je ispalio pet- \u0161est metaka, u trenutku kada je iza\u0161ao iz automobila u dru\u0161tvu [&hellip;]","og_url":"https:\/\/sandzakpress.net\/arhiva\/novi-pazar-privrednik-ubijen-pred-zenom-i-djecom\/","og_site_name":"Sand\u017eak PRESS","article_published_time":"2013-06-05T10:32:58+00:00","article_modified_time":"2013-06-05T14:54:29+00:00","og_image":[{"width":450,"height":302,"url":"https:\/\/sandzakpress.net\/arhiva\/wp-content\/uploads\/2013\/06\/vlasnik-menjanice-ubijen-na-kunom-pragu.jpg","type":"image\/jpeg"}],"twitter_card":"summary_large_image","twitter_misc":{"Written by":"","Est. reading time":"1 minuta"},"schema":{"@context":"https:\/\/schema.org","@graph":[{"@type":"Article","@id":"https:\/\/sandzakpress.net\/arhiva\/novi-pazar-privrednik-ubijen-pred-zenom-i-djecom\/#article","isPartOf":{"@id":"https:\/\/sandzakpress.net\/arhiva\/novi-pazar-privrednik-ubijen-pred-zenom-i-djecom\/"},"author":{"name":"","@id":""},"headline":"Novi Pazar: Vlasnik menja\u010dnice ubijen pred \u017eenom i djecom","datePublished":"2013-06-05T10:32:58+00:00","dateModified":"2013-06-05T14:54:29+00:00","mainEntityOfPage":{"@id":"https:\/\/sandzakpress.net\/arhiva\/novi-pazar-privrednik-ubijen-pred-zenom-i-djecom\/"},"wordCount":119,"commentCount":1,"publisher":{"@id":"https:\/\/sandzakpress.net\/arhiva\/#\/schema\/person\/6e72b67d6e51910a1117b3b483ba20bd"},"image":{"@id":"https:\/\/sandzakpress.net\/arhiva\/novi-pazar-privrednik-ubijen-pred-zenom-i-djecom\/#primaryimage"},"thumbnailUrl":"https:\/\/sandzakpress.net\/arhiva\/wp-content\/uploads\/2013\/06\/vlasnik-menjanice-ubijen-na-kunom-pragu.jpg","articleSection":["Novi Pazar","Hronika","VIJESTI DANA"],"inLanguage":"bs-BA","potentialAction":[{"@type":"CommentAction","name":"Comment","target":["https:\/\/sandzakpress.net\/arhiva\/novi-pazar-privrednik-ubijen-pred-zenom-i-djecom\/#respond"]}]},{"@type":"WebPage","@id":"https:\/\/sandzakpress.net\/arhiva\/novi-pazar-privrednik-ubijen-pred-zenom-i-djecom\/","url":"https:\/\/sandzakpress.net\/arhiva\/novi-pazar-privrednik-ubijen-pred-zenom-i-djecom\/","name":"Novi Pazar: Vlasnik menja\u010dnice ubijen pred \u017eenom i djecom","isPartOf":{"@id":"https:\/\/sandzakpress.net\/arhiva\/#website"},"primaryImageOfPage":{"@id":"https:\/\/sandzakpress.net\/arhiva\/novi-pazar-privrednik-ubijen-pred-zenom-i-djecom\/#primaryimage"},"image":{"@id":"https:\/\/sandzakpress.net\/arhiva\/novi-pazar-privrednik-ubijen-pred-zenom-i-djecom\/#primaryimage"},"thumbnailUrl":"https:\/\/sandzakpress.net\/arhiva\/wp-content\/uploads\/2013\/06\/vlasnik-menjanice-ubijen-na-kunom-pragu.jpg","datePublished":"2013-06-05T10:32:58+00:00","dateModified":"2013-06-05T14:54:29+00:00","breadcrumb":{"@id":"https:\/\/sandzakpress.net\/arhiva\/novi-pazar-privrednik-ubijen-pred-zenom-i-djecom\/#breadcrumb"},"inLanguage":"bs-BA","potentialAction":[{"@type":"ReadAction","target":["https:\/\/sandzakpress.net\/arhiva\/novi-pazar-privrednik-ubijen-pred-zenom-i-djecom\/"]}]},{"@type":"ImageObject","inLanguage":"bs-BA","@id":"https:\/\/sandzakpress.net\/arhiva\/novi-pazar-privrednik-ubijen-pred-zenom-i-djecom\/#primaryimage","url":"https:\/\/sandzakpress.net\/arhiva\/wp-content\/uploads\/2013\/06\/vlasnik-menjanice-ubijen-na-kunom-pragu.jpg","contentUrl":"https:\/\/sandzakpress.net\/arhiva\/wp-content\/uploads\/2013\/06\/vlasnik-menjanice-ubijen-na-kunom-pragu.jpg","width":450,"height":302},{"@type":"BreadcrumbList","@id":"https:\/\/sandzakpress.net\/arhiva\/novi-pazar-privrednik-ubijen-pred-zenom-i-djecom\/#breadcrumb","itemListElement":[{"@type":"ListItem","position":1,"name":"Home","item":"https:\/\/sandzakpress.net\/arhiva\/"},{"@type":"ListItem","position":2,"name":"Novi Pazar: Vlasnik menja\u010dnice ubijen pred \u017eenom i djecom"}]},{"@type":"WebSite","@id":"https:\/\/sandzakpress.net\/arhiva\/#website","url":"https:\/\/sandzakpress.net\/arhiva\/","name":"Sand\u017eak PRESS","description":"Prve elektronske novine u Sand\u017eaku","publisher":{"@id":"https:\/\/sandzakpress.net\/arhiva\/#\/schema\/person\/6e72b67d6e51910a1117b3b483ba20bd"},"potentialAction":[{"@type":"SearchAction","target":{"@type":"EntryPoint","urlTemplate":"https:\/\/sandzakpress.net\/arhiva\/?s={search_term_string}"},"query-input":{"@type":"PropertyValueSpecification","valueRequired":true,"valueName":"search_term_string"}}],"inLanguage":"bs-BA"},{"@type":["Person","Organization"],"@id":"https:\/\/sandzakpress.net\/arhiva\/#\/schema\/person\/6e72b67d6e51910a1117b3b483ba20bd","name":"Kul","image":{"@type":"ImageObject","inLanguage":"bs-BA","@id":"https:\/\/sandzakpress.net\/arhiva\/#\/schema\/person\/image\/","url":"https:\/\/secure.gravatar.com\/avatar\/42263f39aa27ac04c43cab85c280eb2e?s=96&d=mm&r=pg","contentUrl":"https:\/\/secure.gravatar.com\/avatar\/42263f39aa27ac04c43cab85c280eb2e?s=96&d=mm&r=pg","caption":"Kul"},"logo":{"@id":"https:\/\/sandzakpress.net\/arhiva\/#\/schema\/person\/image\/"}},{"@type":"Person","@id":"","url":"https:\/\/sandzakpress.net\/arhiva\/author\/"}]}},"_links":{"self":[{"href":"https:\/\/sandzakpress.net\/arhiva\/wp-json\/wp\/v2\/posts\/78100"}],"collection":[{"href":"https:\/\/sandzakpress.net\/arhiva\/wp-json\/wp\/v2\/posts"}],"about":[{"href":"https:\/\/sandzakpress.net\/arhiva\/wp-json\/wp\/v2\/types\/post"}],"author":[{"embeddable":true,"href":"https:\/\/sandzakpress.net\/arhiva\/wp-json\/wp\/v2\/users\/33"}],"replies":[{"embeddable":true,"href":"https:\/\/sandzakpress.net\/arhiva\/wp-json\/wp\/v2\/comments?post=78100"}],"version-history":[{"count":0,"href":"https:\/\/sandzakpress.net\/arhiva\/wp-json\/wp\/v2\/posts\/78100\/revisions"}],"wp:featuredmedia":[{"embeddable":true,"href":"https:\/\/sandzakpress.net\/arhiva\/wp-json\/wp\/v2\/media\/78130"}],"wp:attachment":[{"href":"https:\/\/sandzakpress.net\/arhiva\/wp-json\/wp\/v2\/media?parent=78100"}],"wp:term":[{"taxonomy":"category","embeddable":true,"href":"https:\/\/sandzakpress.net\/arhiva\/wp-json\/wp\/v2\/categories?post=78100"},{"taxonomy":"post_tag","embeddable":true,"href":"https:\/\/sandzakpress.net\/arhiva\/wp-json\/wp\/v2\/tags?post=78100"}],"curies":[{"name":"wp","href":"https:\/\/api.w.org\/{rel}","templated":true}]}}