{"id":7810,"date":"2010-09-12T06:36:18","date_gmt":"2010-09-12T06:36:18","guid":{"rendered":"https:\/\/sandzakpress.net\/arhiva\/?p=7810"},"modified":"2010-09-12T06:36:18","modified_gmt":"2010-09-12T06:36:18","slug":"omladinci-kraj-morave","status":"publish","type":"post","link":"https:\/\/sandzakpress.net\/arhiva\/omladinci-kraj-morave\/","title":{"rendered":"Omladinci kraj Morave"},"content":{"rendered":"<p><strong><a href=\"https:\/\/sandzakpress.net\/arhiva\/wp-content\/uploads\/2010\/09\/Fikret-Grbovic_02_ocp_w380_h300.jpg\"><img loading=\"lazy\" decoding=\"async\" class=\"alignleft size-medium wp-image-7811\" title=\"Fikret-Grbovic_02_ocp_w380_h300\" src=\"https:\/\/sandzakpress.net\/arhiva\/wp-content\/uploads\/2010\/09\/Fikret-Grbovic_02_ocp_w380_h300-300x236.jpg\" alt=\"\" width=\"154\" height=\"121\" \/><\/a>Novi Pazar &#8211; Omladinci Novog Pazara gostuju sutra \u010da\u010danskom Borcu, u me\u010du \u0161estog kola fudbalske Omladinske lige Srbije.<\/strong><\/p>\n<p>\u201cIgramo protiv sna\u017enog rivala i veliki uspeh bio bi kada bi se ku\u0107i vratili nepora\u017eeni\u201d, rekao je radiju Sto plus trener novopazarskih omladinaca Izet Ljaji\u0107.<\/p>\n<blockquote><p><strong>Ostali parovi \u0161estog kola:<\/strong><\/p>\n<p>Radni\u010dki Novi Beograd &#8211; Sloga<\/p>\n<p>OFK Beograd \u2013 BSK Bor\u010da<\/p>\n<p>Vojvodina \u2013 \u010cukari\u010dki Stankom<\/p>\n<p>Rad \u2013 \u017delezni\u010dar<\/p>\n<p>Partizan \u2013 Banat<\/p>\n<p>Crvena zvezda \u2013 Radni\u010dki 1923<\/p>\n<p>Jagodina \u2013 Radni\u010dki Ni\u0161<\/p><\/blockquote>\n<p>Maksimalnih 15 bodova na vrhu tabele imaju Crvena zvezda i OFK Beograd, a sledi ni\u0161ki Radni\u010dki sa 12, pa Radni\u010dki 1923 i Borac sa po sedam bodova. Novi Pazar je dvanaesti sa \u0161est bodova.<\/p>\n<p>Utakmica Borac \u2013 Novi Pazar igra se u nedjelju, sa po\u010detkom od 11 \u010dasova.<\/p>\n<p>Izvor: <strong>RadioStoPlus.com<\/strong><\/p>\n","protected":false},"excerpt":{"rendered":"<p>Novi Pazar &#8211; Omladinci Novog Pazara gostuju sutra \u010da\u010danskom Borcu, u me\u010du \u0161estog kola fudbalske Omladinske lige Srbije. \u201cIgramo protiv sna\u017enog rivala i veliki uspeh bio bi kada bi se ku\u0107i vratili nepora\u017eeni\u201d, rekao je radiju Sto plus trener novopazarskih omladinaca Izet Ljaji\u0107. Ostali parovi \u0161estog kola: Radni\u010dki Novi Beograd &#8211; Sloga OFK Beograd \u2013 [&hellip;]<\/p>\n","protected":false},"author":83,"featured_media":7811,"comment_status":"open","ping_status":"open","sticky":false,"template":"","format":"standard","meta":{"footnotes":""},"categories":[72,13],"tags":[],"class_list":{"0":"post-7810","1":"post","2":"type-post","3":"status-publish","4":"format-standard","5":"has-post-thumbnail","7":"category-novi-pazar","8":"category-sport"},"yoast_head":"<!-- This site is optimized with the Yoast SEO Premium plugin v23.1 (Yoast SEO v24.9) - https:\/\/yoast.com\/wordpress\/plugins\/seo\/ -->\n<title>Omladinci kraj Morave<\/title>\n<meta name=\"robots\" content=\"index, follow, max-snippet:-1, max-image-preview:large, max-video-preview:-1\" \/>\n<link rel=\"canonical\" href=\"https:\/\/sandzakpress.net\/arhiva\/omladinci-kraj-morave\/\" \/>\n<meta property=\"og:locale\" content=\"bs_BA\" \/>\n<meta property=\"og:type\" content=\"article\" \/>\n<meta property=\"og:title\" content=\"Omladinci kraj Morave\" \/>\n<meta property=\"og:description\" content=\"Novi Pazar &#8211; Omladinci Novog Pazara gostuju sutra \u010da\u010danskom Borcu, u me\u010du \u0161estog kola fudbalske Omladinske lige Srbije. \u201cIgramo protiv sna\u017enog rivala i veliki uspeh bio bi kada bi se ku\u0107i vratili nepora\u017eeni\u201d, rekao je radiju Sto plus trener novopazarskih omladinaca Izet Ljaji\u0107. Ostali parovi \u0161estog kola: Radni\u010dki Novi Beograd &#8211; Sloga OFK Beograd \u2013 [&hellip;]\" \/>\n<meta property=\"og:url\" content=\"https:\/\/sandzakpress.net\/arhiva\/omladinci-kraj-morave\/\" \/>\n<meta property=\"og:site_name\" content=\"Sand\u017eak PRESS\" \/>\n<meta property=\"article:published_time\" content=\"2010-09-12T06:36:18+00:00\" \/>\n<meta property=\"og:image\" content=\"https:\/\/sandzakpress.net\/arhiva\/wp-content\/uploads\/2010\/09\/Fikret-Grbovic_02_ocp_w380_h300.jpg\" \/>\n\t<meta property=\"og:image:width\" content=\"380\" \/>\n\t<meta property=\"og:image:height\" content=\"300\" \/>\n\t<meta property=\"og:image:type\" content=\"image\/jpeg\" \/>\n<meta name=\"author\" content=\"bosniak\" \/>\n<meta name=\"twitter:card\" content=\"summary_large_image\" \/>\n<meta name=\"twitter:label1\" content=\"Written by\" \/>\n\t<meta name=\"twitter:data1\" content=\"bosniak\" \/>\n\t<meta name=\"twitter:label2\" content=\"Est. reading time\" \/>\n\t<meta name=\"twitter:data2\" content=\"1 minuta\" \/>\n<script type=\"application\/ld+json\" class=\"yoast-schema-graph\">{\"@context\":\"https:\/\/schema.org\",\"@graph\":[{\"@type\":\"Article\",\"@id\":\"https:\/\/sandzakpress.net\/arhiva\/omladinci-kraj-morave\/#article\",\"isPartOf\":{\"@id\":\"https:\/\/sandzakpress.net\/arhiva\/omladinci-kraj-morave\/\"},\"author\":{\"name\":\"bosniak\",\"@id\":\"https:\/\/sandzakpress.net\/arhiva\/#\/schema\/person\/c8baee722073534b583ea7bdb2e36c02\"},\"headline\":\"Omladinci kraj Morave\",\"datePublished\":\"2010-09-12T06:36:18+00:00\",\"mainEntityOfPage\":{\"@id\":\"https:\/\/sandzakpress.net\/arhiva\/omladinci-kraj-morave\/\"},\"wordCount\":133,\"commentCount\":0,\"publisher\":{\"@id\":\"https:\/\/sandzakpress.net\/arhiva\/#\/schema\/person\/6e72b67d6e51910a1117b3b483ba20bd\"},\"image\":{\"@id\":\"https:\/\/sandzakpress.net\/arhiva\/omladinci-kraj-morave\/#primaryimage\"},\"thumbnailUrl\":\"https:\/\/sandzakpress.net\/arhiva\/wp-content\/uploads\/2010\/09\/Fikret-Grbovic_02_ocp_w380_h300.jpg\",\"articleSection\":[\"Novi Pazar\",\"Sport\"],\"inLanguage\":\"bs-BA\",\"potentialAction\":[{\"@type\":\"CommentAction\",\"name\":\"Comment\",\"target\":[\"https:\/\/sandzakpress.net\/arhiva\/omladinci-kraj-morave\/#respond\"]}]},{\"@type\":\"WebPage\",\"@id\":\"https:\/\/sandzakpress.net\/arhiva\/omladinci-kraj-morave\/\",\"url\":\"https:\/\/sandzakpress.net\/arhiva\/omladinci-kraj-morave\/\",\"name\":\"Omladinci kraj Morave\",\"isPartOf\":{\"@id\":\"https:\/\/sandzakpress.net\/arhiva\/#website\"},\"primaryImageOfPage\":{\"@id\":\"https:\/\/sandzakpress.net\/arhiva\/omladinci-kraj-morave\/#primaryimage\"},\"image\":{\"@id\":\"https:\/\/sandzakpress.net\/arhiva\/omladinci-kraj-morave\/#primaryimage\"},\"thumbnailUrl\":\"https:\/\/sandzakpress.net\/arhiva\/wp-content\/uploads\/2010\/09\/Fikret-Grbovic_02_ocp_w380_h300.jpg\",\"datePublished\":\"2010-09-12T06:36:18+00:00\",\"breadcrumb\":{\"@id\":\"https:\/\/sandzakpress.net\/arhiva\/omladinci-kraj-morave\/#breadcrumb\"},\"inLanguage\":\"bs-BA\",\"potentialAction\":[{\"@type\":\"ReadAction\",\"target\":[\"https:\/\/sandzakpress.net\/arhiva\/omladinci-kraj-morave\/\"]}]},{\"@type\":\"ImageObject\",\"inLanguage\":\"bs-BA\",\"@id\":\"https:\/\/sandzakpress.net\/arhiva\/omladinci-kraj-morave\/#primaryimage\",\"url\":\"https:\/\/sandzakpress.net\/arhiva\/wp-content\/uploads\/2010\/09\/Fikret-Grbovic_02_ocp_w380_h300.jpg\",\"contentUrl\":\"https:\/\/sandzakpress.net\/arhiva\/wp-content\/uploads\/2010\/09\/Fikret-Grbovic_02_ocp_w380_h300.jpg\",\"width\":380,\"height\":300},{\"@type\":\"BreadcrumbList\",\"@id\":\"https:\/\/sandzakpress.net\/arhiva\/omladinci-kraj-morave\/#breadcrumb\",\"itemListElement\":[{\"@type\":\"ListItem\",\"position\":1,\"name\":\"Home\",\"item\":\"https:\/\/sandzakpress.net\/arhiva\/\"},{\"@type\":\"ListItem\",\"position\":2,\"name\":\"Omladinci kraj Morave\"}]},{\"@type\":\"WebSite\",\"@id\":\"https:\/\/sandzakpress.net\/arhiva\/#website\",\"url\":\"https:\/\/sandzakpress.net\/arhiva\/\",\"name\":\"Sand\u017eak PRESS\",\"description\":\"Prve elektronske novine u Sand\u017eaku\",\"publisher\":{\"@id\":\"https:\/\/sandzakpress.net\/arhiva\/#\/schema\/person\/6e72b67d6e51910a1117b3b483ba20bd\"},\"potentialAction\":[{\"@type\":\"SearchAction\",\"target\":{\"@type\":\"EntryPoint\",\"urlTemplate\":\"https:\/\/sandzakpress.net\/arhiva\/?s={search_term_string}\"},\"query-input\":{\"@type\":\"PropertyValueSpecification\",\"valueRequired\":true,\"valueName\":\"search_term_string\"}}],\"inLanguage\":\"bs-BA\"},{\"@type\":[\"Person\",\"Organization\"],\"@id\":\"https:\/\/sandzakpress.net\/arhiva\/#\/schema\/person\/6e72b67d6e51910a1117b3b483ba20bd\",\"name\":\"Kul\",\"image\":{\"@type\":\"ImageObject\",\"inLanguage\":\"bs-BA\",\"@id\":\"https:\/\/sandzakpress.net\/arhiva\/#\/schema\/person\/image\/\",\"url\":\"https:\/\/secure.gravatar.com\/avatar\/42263f39aa27ac04c43cab85c280eb2e?s=96&d=mm&r=pg\",\"contentUrl\":\"https:\/\/secure.gravatar.com\/avatar\/42263f39aa27ac04c43cab85c280eb2e?s=96&d=mm&r=pg\",\"caption\":\"Kul\"},\"logo\":{\"@id\":\"https:\/\/sandzakpress.net\/arhiva\/#\/schema\/person\/image\/\"}},{\"@type\":\"Person\",\"@id\":\"https:\/\/sandzakpress.net\/arhiva\/#\/schema\/person\/c8baee722073534b583ea7bdb2e36c02\",\"name\":\"bosniak\",\"image\":{\"@type\":\"ImageObject\",\"inLanguage\":\"bs-BA\",\"@id\":\"https:\/\/sandzakpress.net\/arhiva\/#\/schema\/person\/image\/\",\"url\":\"https:\/\/secure.gravatar.com\/avatar\/a04fd330bfe3a36a72a0ad4a6d89fca7?s=96&d=mm&r=pg\",\"contentUrl\":\"https:\/\/secure.gravatar.com\/avatar\/a04fd330bfe3a36a72a0ad4a6d89fca7?s=96&d=mm&r=pg\",\"caption\":\"bosniak\"},\"url\":\"https:\/\/sandzakpress.net\/arhiva\/author\/bosniak\/\"}]}<\/script>\n<!-- \/ Yoast SEO Premium plugin. -->","yoast_head_json":{"title":"Omladinci kraj Morave","robots":{"index":"index","follow":"follow","max-snippet":"max-snippet:-1","max-image-preview":"max-image-preview:large","max-video-preview":"max-video-preview:-1"},"canonical":"https:\/\/sandzakpress.net\/arhiva\/omladinci-kraj-morave\/","og_locale":"bs_BA","og_type":"article","og_title":"Omladinci kraj Morave","og_description":"Novi Pazar &#8211; Omladinci Novog Pazara gostuju sutra \u010da\u010danskom Borcu, u me\u010du \u0161estog kola fudbalske Omladinske lige Srbije. \u201cIgramo protiv sna\u017enog rivala i veliki uspeh bio bi kada bi se ku\u0107i vratili nepora\u017eeni\u201d, rekao je radiju Sto plus trener novopazarskih omladinaca Izet Ljaji\u0107. Ostali parovi \u0161estog kola: Radni\u010dki Novi Beograd &#8211; Sloga OFK Beograd \u2013 [&hellip;]","og_url":"https:\/\/sandzakpress.net\/arhiva\/omladinci-kraj-morave\/","og_site_name":"Sand\u017eak PRESS","article_published_time":"2010-09-12T06:36:18+00:00","og_image":[{"width":380,"height":300,"url":"https:\/\/sandzakpress.net\/arhiva\/wp-content\/uploads\/2010\/09\/Fikret-Grbovic_02_ocp_w380_h300.jpg","type":"image\/jpeg"}],"author":"bosniak","twitter_card":"summary_large_image","twitter_misc":{"Written by":"bosniak","Est. reading time":"1 minuta"},"schema":{"@context":"https:\/\/schema.org","@graph":[{"@type":"Article","@id":"https:\/\/sandzakpress.net\/arhiva\/omladinci-kraj-morave\/#article","isPartOf":{"@id":"https:\/\/sandzakpress.net\/arhiva\/omladinci-kraj-morave\/"},"author":{"name":"bosniak","@id":"https:\/\/sandzakpress.net\/arhiva\/#\/schema\/person\/c8baee722073534b583ea7bdb2e36c02"},"headline":"Omladinci kraj Morave","datePublished":"2010-09-12T06:36:18+00:00","mainEntityOfPage":{"@id":"https:\/\/sandzakpress.net\/arhiva\/omladinci-kraj-morave\/"},"wordCount":133,"commentCount":0,"publisher":{"@id":"https:\/\/sandzakpress.net\/arhiva\/#\/schema\/person\/6e72b67d6e51910a1117b3b483ba20bd"},"image":{"@id":"https:\/\/sandzakpress.net\/arhiva\/omladinci-kraj-morave\/#primaryimage"},"thumbnailUrl":"https:\/\/sandzakpress.net\/arhiva\/wp-content\/uploads\/2010\/09\/Fikret-Grbovic_02_ocp_w380_h300.jpg","articleSection":["Novi Pazar","Sport"],"inLanguage":"bs-BA","potentialAction":[{"@type":"CommentAction","name":"Comment","target":["https:\/\/sandzakpress.net\/arhiva\/omladinci-kraj-morave\/#respond"]}]},{"@type":"WebPage","@id":"https:\/\/sandzakpress.net\/arhiva\/omladinci-kraj-morave\/","url":"https:\/\/sandzakpress.net\/arhiva\/omladinci-kraj-morave\/","name":"Omladinci kraj Morave","isPartOf":{"@id":"https:\/\/sandzakpress.net\/arhiva\/#website"},"primaryImageOfPage":{"@id":"https:\/\/sandzakpress.net\/arhiva\/omladinci-kraj-morave\/#primaryimage"},"image":{"@id":"https:\/\/sandzakpress.net\/arhiva\/omladinci-kraj-morave\/#primaryimage"},"thumbnailUrl":"https:\/\/sandzakpress.net\/arhiva\/wp-content\/uploads\/2010\/09\/Fikret-Grbovic_02_ocp_w380_h300.jpg","datePublished":"2010-09-12T06:36:18+00:00","breadcrumb":{"@id":"https:\/\/sandzakpress.net\/arhiva\/omladinci-kraj-morave\/#breadcrumb"},"inLanguage":"bs-BA","potentialAction":[{"@type":"ReadAction","target":["https:\/\/sandzakpress.net\/arhiva\/omladinci-kraj-morave\/"]}]},{"@type":"ImageObject","inLanguage":"bs-BA","@id":"https:\/\/sandzakpress.net\/arhiva\/omladinci-kraj-morave\/#primaryimage","url":"https:\/\/sandzakpress.net\/arhiva\/wp-content\/uploads\/2010\/09\/Fikret-Grbovic_02_ocp_w380_h300.jpg","contentUrl":"https:\/\/sandzakpress.net\/arhiva\/wp-content\/uploads\/2010\/09\/Fikret-Grbovic_02_ocp_w380_h300.jpg","width":380,"height":300},{"@type":"BreadcrumbList","@id":"https:\/\/sandzakpress.net\/arhiva\/omladinci-kraj-morave\/#breadcrumb","itemListElement":[{"@type":"ListItem","position":1,"name":"Home","item":"https:\/\/sandzakpress.net\/arhiva\/"},{"@type":"ListItem","position":2,"name":"Omladinci kraj Morave"}]},{"@type":"WebSite","@id":"https:\/\/sandzakpress.net\/arhiva\/#website","url":"https:\/\/sandzakpress.net\/arhiva\/","name":"Sand\u017eak PRESS","description":"Prve elektronske novine u Sand\u017eaku","publisher":{"@id":"https:\/\/sandzakpress.net\/arhiva\/#\/schema\/person\/6e72b67d6e51910a1117b3b483ba20bd"},"potentialAction":[{"@type":"SearchAction","target":{"@type":"EntryPoint","urlTemplate":"https:\/\/sandzakpress.net\/arhiva\/?s={search_term_string}"},"query-input":{"@type":"PropertyValueSpecification","valueRequired":true,"valueName":"search_term_string"}}],"inLanguage":"bs-BA"},{"@type":["Person","Organization"],"@id":"https:\/\/sandzakpress.net\/arhiva\/#\/schema\/person\/6e72b67d6e51910a1117b3b483ba20bd","name":"Kul","image":{"@type":"ImageObject","inLanguage":"bs-BA","@id":"https:\/\/sandzakpress.net\/arhiva\/#\/schema\/person\/image\/","url":"https:\/\/secure.gravatar.com\/avatar\/42263f39aa27ac04c43cab85c280eb2e?s=96&d=mm&r=pg","contentUrl":"https:\/\/secure.gravatar.com\/avatar\/42263f39aa27ac04c43cab85c280eb2e?s=96&d=mm&r=pg","caption":"Kul"},"logo":{"@id":"https:\/\/sandzakpress.net\/arhiva\/#\/schema\/person\/image\/"}},{"@type":"Person","@id":"https:\/\/sandzakpress.net\/arhiva\/#\/schema\/person\/c8baee722073534b583ea7bdb2e36c02","name":"bosniak","image":{"@type":"ImageObject","inLanguage":"bs-BA","@id":"https:\/\/sandzakpress.net\/arhiva\/#\/schema\/person\/image\/","url":"https:\/\/secure.gravatar.com\/avatar\/a04fd330bfe3a36a72a0ad4a6d89fca7?s=96&d=mm&r=pg","contentUrl":"https:\/\/secure.gravatar.com\/avatar\/a04fd330bfe3a36a72a0ad4a6d89fca7?s=96&d=mm&r=pg","caption":"bosniak"},"url":"https:\/\/sandzakpress.net\/arhiva\/author\/bosniak\/"}]}},"_links":{"self":[{"href":"https:\/\/sandzakpress.net\/arhiva\/wp-json\/wp\/v2\/posts\/7810"}],"collection":[{"href":"https:\/\/sandzakpress.net\/arhiva\/wp-json\/wp\/v2\/posts"}],"about":[{"href":"https:\/\/sandzakpress.net\/arhiva\/wp-json\/wp\/v2\/types\/post"}],"author":[{"embeddable":true,"href":"https:\/\/sandzakpress.net\/arhiva\/wp-json\/wp\/v2\/users\/83"}],"replies":[{"embeddable":true,"href":"https:\/\/sandzakpress.net\/arhiva\/wp-json\/wp\/v2\/comments?post=7810"}],"version-history":[{"count":0,"href":"https:\/\/sandzakpress.net\/arhiva\/wp-json\/wp\/v2\/posts\/7810\/revisions"}],"wp:featuredmedia":[{"embeddable":true,"href":"https:\/\/sandzakpress.net\/arhiva\/wp-json\/wp\/v2\/media\/7811"}],"wp:attachment":[{"href":"https:\/\/sandzakpress.net\/arhiva\/wp-json\/wp\/v2\/media?parent=7810"}],"wp:term":[{"taxonomy":"category","embeddable":true,"href":"https:\/\/sandzakpress.net\/arhiva\/wp-json\/wp\/v2\/categories?post=7810"},{"taxonomy":"post_tag","embeddable":true,"href":"https:\/\/sandzakpress.net\/arhiva\/wp-json\/wp\/v2\/tags?post=7810"}],"curies":[{"name":"wp","href":"https:\/\/api.w.org\/{rel}","templated":true}]}}