{"id":7797,"date":"2010-09-12T05:54:48","date_gmt":"2010-09-12T05:54:48","guid":{"rendered":"https:\/\/sandzakpress.net\/arhiva\/?p=7797"},"modified":"2010-09-12T05:54:48","modified_gmt":"2010-09-12T05:54:48","slug":"i-muslimani-su-se-molili-u-srusenom-wtc-u","status":"publish","type":"post","link":"https:\/\/sandzakpress.net\/arhiva\/i-muslimani-su-se-molili-u-srusenom-wtc-u\/","title":{"rendered":"I muslimani su se molili u sru\u0161enom WTC-u"},"content":{"rendered":"<p><strong><a href=\"https:\/\/sandzakpress.net\/arhiva\/wp-content\/uploads\/2010\/09\/11seprembar.jpg\"><img loading=\"lazy\" decoding=\"async\" class=\"alignleft size-full wp-image-7798\" title=\"11seprembar\" src=\"https:\/\/sandzakpress.net\/arhiva\/wp-content\/uploads\/2010\/09\/11seprembar.jpg\" alt=\"\" width=\"180\" height=\"220\" \/><\/a>SAD &#8211; U dana\u0161njoj gu\u017evi oko gradnje d\u017eamije u blizini nekada\u0161njeg World Trade Centera, pre\u010desto se zaboravlja da je u multikulturalnom ozra\u010dju prije 11. septembra i islam imao svoje mjesto, i da su Al-Qaidini krvoloci ubijali svoje koliko i tu\u0111e. <\/strong><\/p>\n<p>Na sedamnaestom katu ju\u017enijeg od tornjeva-blizanaca bila je ure\u0111ena soba za molitvu, s mjestom za abdest (ritualno pranje vodom koja je tekla preko 40 kamenova), u kojoj su se Allahu molili svi muslimani iz WTC-a: brokeri, stolari i zidari, racepcionistice i sekretaricek&#8230; U tom \u0161arolikom dru\u0161tvu skpa su se, okrenuti Mekki, klanjali i ro\u0111eni Amerikanci, i doseljenici koji su stekli dr\u017eavljanstvo, i posjetitelji koji su poslovno do\u0161li u WTC, sva lica modernog zapadnog islama. Poslovni \u010dovjek iz Londona, Zafar Sarekashwala, sje\u0107a se da ga je o postojanju te sobe obavijestio poslovni partner \u017didov:<\/p>\n<p>&#8211; Bilo je to tako osloba\u0111aju\u0107e, tako mirno. Imao si osje\u0107aj da si u pravoj d\u017eamiji. Najbolji dio svega bio je \u0161to si bio u epicentru kapitalizma, u New York Cityju, u Svjetskom trgovinskom centru, a imao si taj otok duhovnosti. Mislim da takve kombinacije nije bilo nigdje drugo u svijetu.<\/p>\n<p>Nko na zna tko je tu sobu za molitvu organizirao \u2013 ve\u0107ina slu\u017ebenih arhiva nestala je u ru\u0161enju blizanaca, a ko je to pokrenuo ne znaju ni imami iz manhattanskih d\u017eamija, \u010diji su se vjernici znali moliti u toj prostoriji. \u010cak ni nakon \u0161to je muslimanski fanatik Ramzi Yousef 1993. podmetnuo bombu u WTC, neprijateljstava nije bilo i nikom nije smetalo \u0161to se oni Bogu mole u za to posebno ure\u0111enoj prostoriji.<\/p>\n<p>&#8211; Mi tu nismo bili stranci. Pripadali smo tamo. U\u0111e\u0161 ujutro u dizalo i pozdravi\u0161 kolegu gra\u0111evinara sa &#8220;selam alejkum&#8221;, a jo\u0161 petorica njih u odijelima i s kravatama odpozdravi ti &#8220;alejkum-selam&#8221; \u2013 sje\u0107a se elektri\u010dar Sinclair Hejazi Abdus-Salaam, koji je montirao stropne zvu\u010dnike u jednom uredu na 49. katu 11. septembra i uspio iza\u0107i iz zgrade; hitaju\u0107i do dogovorenog mjesta okupljanja za slu\u010daj nu\u017ede, na kri\u017eanju Broadwaya i ulice Vesey, najvi\u0161e se brinuo \u0161to nije u gu\u017evi vidio nikog od kolega muslimana od kojih je i doznao za sobu za molitvu.<\/p>\n<p>U sjevernom tornju, brojni muslimani koji su radili u restoranu &#8220;Windows of the World&#8221; sami su sebi improvizirali prostor za molitvu. Budu\u0107i da im je pauza na poslu bila prekratka da stignu do najbli\u017ee d\u017eamije, Masjid Manhattan u ulici Warren, \u010detiri ulice dalje, na stubi\u0161tu izme\u0111i 106. i 107. kata ra\u0161irili bi kartonske kutije od dostava hrane po betonu odmori\u0161ta i postavili stolnjak kao prostirku za molitvu. Tokom ramazana bi donijeli svoju omiljenu hranu od ku\u0107e i, \u010dim za\u0111e sunce, priredili iftar objed u menzi za zaposlenike.<\/p>\n<p>&#8211; Iftar je moje najdra\u017ee sje\u0107anje na WTC, to je bilo zbilja posebno \u2013 sje\u0107a se Sekou Siby, kuhar koji se doselio iz Obale Bjelokosti. On nije bio u smjeni 11. septembra, ali njegov ro\u0111ak, kolega i cimer Abdoul-Kaorim Traor\u00e9 jest, i skupa s konobarom Shabirom Ahmedom iz Banglade\u0161a bio je jedan od \u0161ezdesetak muslimana koji su poginuli u napadu na tornjeve-blizance. \u0160ef sale u restoranu, Fekkak Mamdouh iz Maroka, sje\u0107a se kako je par sedmica nakon napada klanjan salat al-Ghaib, molitva za one \u010dije truplo nije o\u010duvano, uz punu suradnju gradskih i saveznih vlasti, koje su dale autobuse za prijevoz imama i o\u017ealo\u0161\u0107enih do d\u017eamije u Warren Streetu, nadomak ru\u0161evina, da bi se dostojno odala po\u0161ta \u017ertvama muslimanima.<\/p>\n<p>Danas se u politi\u010dki uzavreloj klimi vodi \u017eestoka rasprava oko d\u017eamije na mjesti WTC-a, a sobe za molitvu u ju\u017enom tornju sje\u0107aju se samo oni pre\u017eivjeli koji su se tamo molili; \u010dak i John L. Esposito sa sveu\u010dili\u0161ta Georgetown, vode\u0107i ameri\u010dki stru\u010dnjak za islamske studije, u svojoj knjizi &#8220;Budu\u0107nost islama&#8221; samo je jednom usputno spominje. Dana\u0161nja \u017eu\u010dljivost u raspravi oko projekta d\u017eamije Park51 najvi\u0161e \u017ealosti one muslimane koji se sje\u0107aju molitvi u WTC-u, poput Fekkaka Mamdouha, koji ka\u017ee:<\/p>\n<p>&#8211; To je sramota, sramota, sramota. Ponekad se probudim i pomislim, nisam zbog toga do\u0161ao u Ameriku. Do\u0161ao sam ovamo da skupa s drugima gradim ovu zemlju. Ljudi koriste to pitanje za svoje vlastite politi\u010dke ciljeve. To je smi\u0161ljeno da bi se podupirala mr\u017enja.<\/p>\n<p>Izvor: <strong>IslamBosna.ba<\/strong><\/p>\n","protected":false},"excerpt":{"rendered":"<p>SAD &#8211; U dana\u0161njoj gu\u017evi oko gradnje d\u017eamije u blizini nekada\u0161njeg World Trade Centera, pre\u010desto se zaboravlja da je u multikulturalnom ozra\u010dju prije 11. septembra i islam imao svoje mjesto, i da su Al-Qaidini krvoloci ubijali svoje koliko i tu\u0111e. Na sedamnaestom katu ju\u017enijeg od tornjeva-blizanaca bila je ure\u0111ena soba za molitvu, s mjestom za [&hellip;]<\/p>\n","protected":false},"author":83,"featured_media":7798,"comment_status":"open","ping_status":"open","sticky":false,"template":"","format":"standard","meta":{"footnotes":""},"categories":[9],"tags":[],"class_list":{"0":"post-7797","1":"post","2":"type-post","3":"status-publish","4":"format-standard","5":"has-post-thumbnail","7":"category-svijet"},"yoast_head":"<!-- This site is optimized with the Yoast SEO Premium plugin v23.1 (Yoast SEO v24.9) - https:\/\/yoast.com\/wordpress\/plugins\/seo\/ -->\n<title>I muslimani su se molili u sru\u0161enom WTC-u<\/title>\n<meta name=\"robots\" content=\"index, follow, max-snippet:-1, max-image-preview:large, max-video-preview:-1\" \/>\n<link rel=\"canonical\" href=\"https:\/\/sandzakpress.net\/arhiva\/i-muslimani-su-se-molili-u-srusenom-wtc-u\/\" \/>\n<meta property=\"og:locale\" content=\"bs_BA\" \/>\n<meta property=\"og:type\" content=\"article\" \/>\n<meta property=\"og:title\" content=\"I muslimani su se molili u sru\u0161enom WTC-u\" \/>\n<meta property=\"og:description\" content=\"SAD &#8211; U dana\u0161njoj gu\u017evi oko gradnje d\u017eamije u blizini nekada\u0161njeg World Trade Centera, pre\u010desto se zaboravlja da je u multikulturalnom ozra\u010dju prije 11. septembra i islam imao svoje mjesto, i da su Al-Qaidini krvoloci ubijali svoje koliko i tu\u0111e. Na sedamnaestom katu ju\u017enijeg od tornjeva-blizanaca bila je ure\u0111ena soba za molitvu, s mjestom za [&hellip;]\" \/>\n<meta property=\"og:url\" content=\"https:\/\/sandzakpress.net\/arhiva\/i-muslimani-su-se-molili-u-srusenom-wtc-u\/\" \/>\n<meta property=\"og:site_name\" content=\"Sand\u017eak PRESS\" \/>\n<meta property=\"article:published_time\" content=\"2010-09-12T05:54:48+00:00\" \/>\n<meta property=\"og:image\" content=\"https:\/\/sandzakpress.net\/arhiva\/wp-content\/uploads\/2010\/09\/11seprembar.jpg\" \/>\n\t<meta property=\"og:image:width\" content=\"180\" \/>\n\t<meta property=\"og:image:height\" content=\"220\" \/>\n\t<meta property=\"og:image:type\" content=\"image\/jpeg\" \/>\n<meta name=\"author\" content=\"bosniak\" \/>\n<meta name=\"twitter:card\" content=\"summary_large_image\" \/>\n<meta name=\"twitter:label1\" content=\"Written by\" \/>\n\t<meta name=\"twitter:data1\" content=\"bosniak\" \/>\n\t<meta name=\"twitter:label2\" content=\"Est. reading time\" \/>\n\t<meta name=\"twitter:data2\" content=\"4 minute\" \/>\n<script type=\"application\/ld+json\" class=\"yoast-schema-graph\">{\"@context\":\"https:\/\/schema.org\",\"@graph\":[{\"@type\":\"Article\",\"@id\":\"https:\/\/sandzakpress.net\/arhiva\/i-muslimani-su-se-molili-u-srusenom-wtc-u\/#article\",\"isPartOf\":{\"@id\":\"https:\/\/sandzakpress.net\/arhiva\/i-muslimani-su-se-molili-u-srusenom-wtc-u\/\"},\"author\":{\"name\":\"bosniak\",\"@id\":\"https:\/\/sandzakpress.net\/arhiva\/#\/schema\/person\/c8baee722073534b583ea7bdb2e36c02\"},\"headline\":\"I muslimani su se molili u sru\u0161enom WTC-u\",\"datePublished\":\"2010-09-12T05:54:48+00:00\",\"mainEntityOfPage\":{\"@id\":\"https:\/\/sandzakpress.net\/arhiva\/i-muslimani-su-se-molili-u-srusenom-wtc-u\/\"},\"wordCount\":755,\"commentCount\":1,\"publisher\":{\"@id\":\"https:\/\/sandzakpress.net\/arhiva\/#\/schema\/person\/6e72b67d6e51910a1117b3b483ba20bd\"},\"image\":{\"@id\":\"https:\/\/sandzakpress.net\/arhiva\/i-muslimani-su-se-molili-u-srusenom-wtc-u\/#primaryimage\"},\"thumbnailUrl\":\"https:\/\/sandzakpress.net\/arhiva\/wp-content\/uploads\/2010\/09\/11seprembar.jpg\",\"articleSection\":[\"Svijet\"],\"inLanguage\":\"bs-BA\",\"potentialAction\":[{\"@type\":\"CommentAction\",\"name\":\"Comment\",\"target\":[\"https:\/\/sandzakpress.net\/arhiva\/i-muslimani-su-se-molili-u-srusenom-wtc-u\/#respond\"]}]},{\"@type\":\"WebPage\",\"@id\":\"https:\/\/sandzakpress.net\/arhiva\/i-muslimani-su-se-molili-u-srusenom-wtc-u\/\",\"url\":\"https:\/\/sandzakpress.net\/arhiva\/i-muslimani-su-se-molili-u-srusenom-wtc-u\/\",\"name\":\"I muslimani su se molili u sru\u0161enom WTC-u\",\"isPartOf\":{\"@id\":\"https:\/\/sandzakpress.net\/arhiva\/#website\"},\"primaryImageOfPage\":{\"@id\":\"https:\/\/sandzakpress.net\/arhiva\/i-muslimani-su-se-molili-u-srusenom-wtc-u\/#primaryimage\"},\"image\":{\"@id\":\"https:\/\/sandzakpress.net\/arhiva\/i-muslimani-su-se-molili-u-srusenom-wtc-u\/#primaryimage\"},\"thumbnailUrl\":\"https:\/\/sandzakpress.net\/arhiva\/wp-content\/uploads\/2010\/09\/11seprembar.jpg\",\"datePublished\":\"2010-09-12T05:54:48+00:00\",\"breadcrumb\":{\"@id\":\"https:\/\/sandzakpress.net\/arhiva\/i-muslimani-su-se-molili-u-srusenom-wtc-u\/#breadcrumb\"},\"inLanguage\":\"bs-BA\",\"potentialAction\":[{\"@type\":\"ReadAction\",\"target\":[\"https:\/\/sandzakpress.net\/arhiva\/i-muslimani-su-se-molili-u-srusenom-wtc-u\/\"]}]},{\"@type\":\"ImageObject\",\"inLanguage\":\"bs-BA\",\"@id\":\"https:\/\/sandzakpress.net\/arhiva\/i-muslimani-su-se-molili-u-srusenom-wtc-u\/#primaryimage\",\"url\":\"https:\/\/sandzakpress.net\/arhiva\/wp-content\/uploads\/2010\/09\/11seprembar.jpg\",\"contentUrl\":\"https:\/\/sandzakpress.net\/arhiva\/wp-content\/uploads\/2010\/09\/11seprembar.jpg\",\"width\":180,\"height\":220},{\"@type\":\"BreadcrumbList\",\"@id\":\"https:\/\/sandzakpress.net\/arhiva\/i-muslimani-su-se-molili-u-srusenom-wtc-u\/#breadcrumb\",\"itemListElement\":[{\"@type\":\"ListItem\",\"position\":1,\"name\":\"Home\",\"item\":\"https:\/\/sandzakpress.net\/arhiva\/\"},{\"@type\":\"ListItem\",\"position\":2,\"name\":\"I muslimani su se molili u sru\u0161enom WTC-u\"}]},{\"@type\":\"WebSite\",\"@id\":\"https:\/\/sandzakpress.net\/arhiva\/#website\",\"url\":\"https:\/\/sandzakpress.net\/arhiva\/\",\"name\":\"Sand\u017eak PRESS\",\"description\":\"Prve elektronske novine u Sand\u017eaku\",\"publisher\":{\"@id\":\"https:\/\/sandzakpress.net\/arhiva\/#\/schema\/person\/6e72b67d6e51910a1117b3b483ba20bd\"},\"potentialAction\":[{\"@type\":\"SearchAction\",\"target\":{\"@type\":\"EntryPoint\",\"urlTemplate\":\"https:\/\/sandzakpress.net\/arhiva\/?s={search_term_string}\"},\"query-input\":{\"@type\":\"PropertyValueSpecification\",\"valueRequired\":true,\"valueName\":\"search_term_string\"}}],\"inLanguage\":\"bs-BA\"},{\"@type\":[\"Person\",\"Organization\"],\"@id\":\"https:\/\/sandzakpress.net\/arhiva\/#\/schema\/person\/6e72b67d6e51910a1117b3b483ba20bd\",\"name\":\"Kul\",\"image\":{\"@type\":\"ImageObject\",\"inLanguage\":\"bs-BA\",\"@id\":\"https:\/\/sandzakpress.net\/arhiva\/#\/schema\/person\/image\/\",\"url\":\"https:\/\/secure.gravatar.com\/avatar\/42263f39aa27ac04c43cab85c280eb2e?s=96&d=mm&r=pg\",\"contentUrl\":\"https:\/\/secure.gravatar.com\/avatar\/42263f39aa27ac04c43cab85c280eb2e?s=96&d=mm&r=pg\",\"caption\":\"Kul\"},\"logo\":{\"@id\":\"https:\/\/sandzakpress.net\/arhiva\/#\/schema\/person\/image\/\"}},{\"@type\":\"Person\",\"@id\":\"https:\/\/sandzakpress.net\/arhiva\/#\/schema\/person\/c8baee722073534b583ea7bdb2e36c02\",\"name\":\"bosniak\",\"image\":{\"@type\":\"ImageObject\",\"inLanguage\":\"bs-BA\",\"@id\":\"https:\/\/sandzakpress.net\/arhiva\/#\/schema\/person\/image\/\",\"url\":\"https:\/\/secure.gravatar.com\/avatar\/a04fd330bfe3a36a72a0ad4a6d89fca7?s=96&d=mm&r=pg\",\"contentUrl\":\"https:\/\/secure.gravatar.com\/avatar\/a04fd330bfe3a36a72a0ad4a6d89fca7?s=96&d=mm&r=pg\",\"caption\":\"bosniak\"},\"url\":\"https:\/\/sandzakpress.net\/arhiva\/author\/bosniak\/\"}]}<\/script>\n<!-- \/ Yoast SEO Premium plugin. -->","yoast_head_json":{"title":"I muslimani su se molili u sru\u0161enom WTC-u","robots":{"index":"index","follow":"follow","max-snippet":"max-snippet:-1","max-image-preview":"max-image-preview:large","max-video-preview":"max-video-preview:-1"},"canonical":"https:\/\/sandzakpress.net\/arhiva\/i-muslimani-su-se-molili-u-srusenom-wtc-u\/","og_locale":"bs_BA","og_type":"article","og_title":"I muslimani su se molili u sru\u0161enom WTC-u","og_description":"SAD &#8211; U dana\u0161njoj gu\u017evi oko gradnje d\u017eamije u blizini nekada\u0161njeg World Trade Centera, pre\u010desto se zaboravlja da je u multikulturalnom ozra\u010dju prije 11. septembra i islam imao svoje mjesto, i da su Al-Qaidini krvoloci ubijali svoje koliko i tu\u0111e. Na sedamnaestom katu ju\u017enijeg od tornjeva-blizanaca bila je ure\u0111ena soba za molitvu, s mjestom za [&hellip;]","og_url":"https:\/\/sandzakpress.net\/arhiva\/i-muslimani-su-se-molili-u-srusenom-wtc-u\/","og_site_name":"Sand\u017eak PRESS","article_published_time":"2010-09-12T05:54:48+00:00","og_image":[{"width":180,"height":220,"url":"https:\/\/sandzakpress.net\/arhiva\/wp-content\/uploads\/2010\/09\/11seprembar.jpg","type":"image\/jpeg"}],"author":"bosniak","twitter_card":"summary_large_image","twitter_misc":{"Written by":"bosniak","Est. reading time":"4 minute"},"schema":{"@context":"https:\/\/schema.org","@graph":[{"@type":"Article","@id":"https:\/\/sandzakpress.net\/arhiva\/i-muslimani-su-se-molili-u-srusenom-wtc-u\/#article","isPartOf":{"@id":"https:\/\/sandzakpress.net\/arhiva\/i-muslimani-su-se-molili-u-srusenom-wtc-u\/"},"author":{"name":"bosniak","@id":"https:\/\/sandzakpress.net\/arhiva\/#\/schema\/person\/c8baee722073534b583ea7bdb2e36c02"},"headline":"I muslimani su se molili u sru\u0161enom WTC-u","datePublished":"2010-09-12T05:54:48+00:00","mainEntityOfPage":{"@id":"https:\/\/sandzakpress.net\/arhiva\/i-muslimani-su-se-molili-u-srusenom-wtc-u\/"},"wordCount":755,"commentCount":1,"publisher":{"@id":"https:\/\/sandzakpress.net\/arhiva\/#\/schema\/person\/6e72b67d6e51910a1117b3b483ba20bd"},"image":{"@id":"https:\/\/sandzakpress.net\/arhiva\/i-muslimani-su-se-molili-u-srusenom-wtc-u\/#primaryimage"},"thumbnailUrl":"https:\/\/sandzakpress.net\/arhiva\/wp-content\/uploads\/2010\/09\/11seprembar.jpg","articleSection":["Svijet"],"inLanguage":"bs-BA","potentialAction":[{"@type":"CommentAction","name":"Comment","target":["https:\/\/sandzakpress.net\/arhiva\/i-muslimani-su-se-molili-u-srusenom-wtc-u\/#respond"]}]},{"@type":"WebPage","@id":"https:\/\/sandzakpress.net\/arhiva\/i-muslimani-su-se-molili-u-srusenom-wtc-u\/","url":"https:\/\/sandzakpress.net\/arhiva\/i-muslimani-su-se-molili-u-srusenom-wtc-u\/","name":"I muslimani su se molili u sru\u0161enom WTC-u","isPartOf":{"@id":"https:\/\/sandzakpress.net\/arhiva\/#website"},"primaryImageOfPage":{"@id":"https:\/\/sandzakpress.net\/arhiva\/i-muslimani-su-se-molili-u-srusenom-wtc-u\/#primaryimage"},"image":{"@id":"https:\/\/sandzakpress.net\/arhiva\/i-muslimani-su-se-molili-u-srusenom-wtc-u\/#primaryimage"},"thumbnailUrl":"https:\/\/sandzakpress.net\/arhiva\/wp-content\/uploads\/2010\/09\/11seprembar.jpg","datePublished":"2010-09-12T05:54:48+00:00","breadcrumb":{"@id":"https:\/\/sandzakpress.net\/arhiva\/i-muslimani-su-se-molili-u-srusenom-wtc-u\/#breadcrumb"},"inLanguage":"bs-BA","potentialAction":[{"@type":"ReadAction","target":["https:\/\/sandzakpress.net\/arhiva\/i-muslimani-su-se-molili-u-srusenom-wtc-u\/"]}]},{"@type":"ImageObject","inLanguage":"bs-BA","@id":"https:\/\/sandzakpress.net\/arhiva\/i-muslimani-su-se-molili-u-srusenom-wtc-u\/#primaryimage","url":"https:\/\/sandzakpress.net\/arhiva\/wp-content\/uploads\/2010\/09\/11seprembar.jpg","contentUrl":"https:\/\/sandzakpress.net\/arhiva\/wp-content\/uploads\/2010\/09\/11seprembar.jpg","width":180,"height":220},{"@type":"BreadcrumbList","@id":"https:\/\/sandzakpress.net\/arhiva\/i-muslimani-su-se-molili-u-srusenom-wtc-u\/#breadcrumb","itemListElement":[{"@type":"ListItem","position":1,"name":"Home","item":"https:\/\/sandzakpress.net\/arhiva\/"},{"@type":"ListItem","position":2,"name":"I muslimani su se molili u sru\u0161enom WTC-u"}]},{"@type":"WebSite","@id":"https:\/\/sandzakpress.net\/arhiva\/#website","url":"https:\/\/sandzakpress.net\/arhiva\/","name":"Sand\u017eak PRESS","description":"Prve elektronske novine u Sand\u017eaku","publisher":{"@id":"https:\/\/sandzakpress.net\/arhiva\/#\/schema\/person\/6e72b67d6e51910a1117b3b483ba20bd"},"potentialAction":[{"@type":"SearchAction","target":{"@type":"EntryPoint","urlTemplate":"https:\/\/sandzakpress.net\/arhiva\/?s={search_term_string}"},"query-input":{"@type":"PropertyValueSpecification","valueRequired":true,"valueName":"search_term_string"}}],"inLanguage":"bs-BA"},{"@type":["Person","Organization"],"@id":"https:\/\/sandzakpress.net\/arhiva\/#\/schema\/person\/6e72b67d6e51910a1117b3b483ba20bd","name":"Kul","image":{"@type":"ImageObject","inLanguage":"bs-BA","@id":"https:\/\/sandzakpress.net\/arhiva\/#\/schema\/person\/image\/","url":"https:\/\/secure.gravatar.com\/avatar\/42263f39aa27ac04c43cab85c280eb2e?s=96&d=mm&r=pg","contentUrl":"https:\/\/secure.gravatar.com\/avatar\/42263f39aa27ac04c43cab85c280eb2e?s=96&d=mm&r=pg","caption":"Kul"},"logo":{"@id":"https:\/\/sandzakpress.net\/arhiva\/#\/schema\/person\/image\/"}},{"@type":"Person","@id":"https:\/\/sandzakpress.net\/arhiva\/#\/schema\/person\/c8baee722073534b583ea7bdb2e36c02","name":"bosniak","image":{"@type":"ImageObject","inLanguage":"bs-BA","@id":"https:\/\/sandzakpress.net\/arhiva\/#\/schema\/person\/image\/","url":"https:\/\/secure.gravatar.com\/avatar\/a04fd330bfe3a36a72a0ad4a6d89fca7?s=96&d=mm&r=pg","contentUrl":"https:\/\/secure.gravatar.com\/avatar\/a04fd330bfe3a36a72a0ad4a6d89fca7?s=96&d=mm&r=pg","caption":"bosniak"},"url":"https:\/\/sandzakpress.net\/arhiva\/author\/bosniak\/"}]}},"_links":{"self":[{"href":"https:\/\/sandzakpress.net\/arhiva\/wp-json\/wp\/v2\/posts\/7797"}],"collection":[{"href":"https:\/\/sandzakpress.net\/arhiva\/wp-json\/wp\/v2\/posts"}],"about":[{"href":"https:\/\/sandzakpress.net\/arhiva\/wp-json\/wp\/v2\/types\/post"}],"author":[{"embeddable":true,"href":"https:\/\/sandzakpress.net\/arhiva\/wp-json\/wp\/v2\/users\/83"}],"replies":[{"embeddable":true,"href":"https:\/\/sandzakpress.net\/arhiva\/wp-json\/wp\/v2\/comments?post=7797"}],"version-history":[{"count":0,"href":"https:\/\/sandzakpress.net\/arhiva\/wp-json\/wp\/v2\/posts\/7797\/revisions"}],"wp:featuredmedia":[{"embeddable":true,"href":"https:\/\/sandzakpress.net\/arhiva\/wp-json\/wp\/v2\/media\/7798"}],"wp:attachment":[{"href":"https:\/\/sandzakpress.net\/arhiva\/wp-json\/wp\/v2\/media?parent=7797"}],"wp:term":[{"taxonomy":"category","embeddable":true,"href":"https:\/\/sandzakpress.net\/arhiva\/wp-json\/wp\/v2\/categories?post=7797"},{"taxonomy":"post_tag","embeddable":true,"href":"https:\/\/sandzakpress.net\/arhiva\/wp-json\/wp\/v2\/tags?post=7797"}],"curies":[{"name":"wp","href":"https:\/\/api.w.org\/{rel}","templated":true}]}}