{"id":77903,"date":"2013-06-03T19:40:23","date_gmt":"2013-06-03T17:40:23","guid":{"rendered":"https:\/\/sandzakpress.net\/arhiva\/?p=77903"},"modified":"2013-06-04T13:20:36","modified_gmt":"2013-06-04T11:20:36","slug":"turci-albanci-bosnjaci-braco-zapad-nam-rusi-mostove","status":"publish","type":"post","link":"https:\/\/sandzakpress.net\/arhiva\/turci-albanci-bosnjaci-braco-zapad-nam-rusi-mostove\/","title":{"rendered":"Turci, Albanci, Bo\u0161njaci.. Bra\u0107o, Zapad nam ru\u0161i mostove"},"content":{"rendered":"<p><strong><a href=\"https:\/\/sandzakpress.net\/arhiva\/wp-content\/uploads\/2013\/06\/erdogan-protesti-su-odrzani-uz-podrsku-domacih-i-stranih-ekstremista_trt-bosanski-202882.jpg\"><img loading=\"lazy\" decoding=\"async\" class=\"alignleft size-medium wp-image-77904\" title=\"erdogan-protesti-su-odrzani-uz-podrsku-domacih-i-stranih-ekstremista_trt-bosanski-20288\" src=\"https:\/\/sandzakpress.net\/arhiva\/wp-content\/uploads\/2013\/06\/erdogan-protesti-su-odrzani-uz-podrsku-domacih-i-stranih-ekstremista_trt-bosanski-202882-300x181.jpg\" alt=\"\" width=\"300\" height=\"181\" \/><\/a>BIH &#8211; U vrijeme najve\u0107ih prosvjeda protiv turske islamisti\u010dke vlade kojoj je na \u010delu, turska novinska agencija Anadolija prenosi obra\u0107anje Recepa Tayyipa Erdogana Udruzi kulture i solidarnosti rumelijskih Turaka u Istanbulu.<br \/>\n<\/strong><br \/>\n&#8220;Zamislite Stari most u Mostaru. Zapad je sru\u0161io most, a mi smo ga izgradili. Sru\u0161ili su most na Drini, mi smo ga izgradili. Sru\u0161ili su d\u017eamije, a mi smo izgradili. Za\u0161to? Zato \u0161to mi imamo duhovni dug prema njima&#8221;, rekao je Erdogan.<\/p>\n<p>Erdogan je kazao kako je regija Balkana jedno od najljep\u0161ih zemljopisnih podru\u010dja na svijetu, ali, kako je naveo, zbog politi\u010dkih i etni\u010dkih sukoba, ta regija je platila visoku cijenu. &#8221;<\/p>\n<p>Svi mi znamo kako je bol na Balkanu duboka dovoljno za cijelo \u010dovje\u010danstvo&#8221;, poru\u010dio je turski premijer. &#8220;Na\u0161a \u017eelja i na\u0161i napori jesu ka tom putu, nau\u010diti lekciju iz doga\u0111aja na Balkanu i da u toj regiji vlada mir, stabilnost i sigurnost&#8221;, kazao je Erdogan.<\/p>\n<p>Izrazio je nadu turskih vlasti kako \u0107e u balkanskim zemljama demokracija oja\u010dati i do\u0107i do ekonomskog razvoja, nakon \u010dega \u0107e zemlje regije imati odr\u017eiv mir, odr\u017eivo bogatstvo i stabilnost.&#8221;Za to se trebaju potruditi sve zemlje regije. Ali, postoji i ova istina, da svijet nikad nije gledao na Balkan poput nas. Sada se vode pregovori za \u010dlanstvo u NATO-u. Ali zemlje Balkana i dalje nisu \u010dlanice, unato\u010d svim na\u0161im naporima. To je iz razloga \u0161to imaju druga\u010diji pogled na muslimane na Balkanu. Za\u0161to? Zato \u0161to sada govore da ne mogu iza\u0107i na kraj s Turskom. A, ako se pove\u0107a broj takvih zemalja na dvije, tri, \u010detiri, a znamo da muslimansko stanovni\u0161tvo na Balkanu nije ve\u0107insko, i oni oklijevaju unato\u010d tome. Ali vjerujem, na ovaj ili onaj na\u010din, prije ili kasnije, do\u0107i \u0107e sve na svoje mjesto. Mi, kao Turska, radimo sve \u0161to trebamo raditi i nastavit \u0107emo&#8221;, izjavio je Erdogan.<\/p>\n<p>Podsjetio je na problem imena Makedonije kad je rije\u010d o njenom \u010dlanstvu u NATO-u. &#8220;Pred onima koji ne \u017eele Makedoniju u NATO-u zbog problema sa imenom, jedino je Turska stajala ponosna. Zbog \u010dega poku\u0161ava\u0161 uskratiti \u010dlanstvo ovoj zemlji u NATO-u? Mi smo ih to otvoreno pitali, i gr\u010dkog premijera i odgovornog ministra i du\u017enosnike u raznim drugim zemljama. Govorili smo im da grije\u0161e. Ne mogu ka\u017enjavati makedonski narod zbog jedne rije\u010di, zbog jednog imena. Nastavit \u0107emo s tom borbom&#8221;, kazao je Erdogan.<br \/>\n<strong>Ponovno &#8220;otkriveni&#8221; Balkan<\/strong><\/p>\n<p>Turski premijer je u obra\u0107anju tako\u0111er istaknuo kako Turska ne gleda na Balkan radi interesa. &#8220;Balkan, sa svim etni\u010dkim i vjerskim skupinama je dio nas, to su na\u0161i susjedi, prijatelji, ro\u0111aci i bra\u0107a. Zato je bol Balkana na\u0161a bol. Radost Balkana je na\u0161a radost. Balkan je, da tako ka\u017eem, ponovno otkriven u Turskoj. Nakon Hladnog rata, digle su se barijere izme\u0111u nas i kona\u010dno smo opet blizu jedni drugima. Kako bi nadoknadili izgubljeno vrijeme, otvorili smo vrata bilateralnim susretima i suradnji. Gdje god da odemo na Balkanu, u koju god zemlju, sretnemo turske turiste, biznismene, investitore ili \u010dlanove nevladinih organizacija i ponosni smo na to. Po\u010dev\u0161i od Istanbula, u svakom turskom gradu primamo na\u0161u bra\u0107u i prijatelje iz balkanskih zemalja. Sa velikom odlu\u010dno\u0161\u0107u poduzimamo korake koji \u0107e pove\u0107ati politi\u010dku, ekonomsku, trgovinsku i kulturnu suradnju izme\u0111u Turske i balkanskih zemalja. Vi\u0161e se brinemo o na\u0161im djelima, povijesti i Turcima u toj regiji. Koliko god produbimo ove odnose, br\u017ee \u0107emo nadoknaditi izgubljeno vrijeme&#8221;, rekao je turski premijer Erdogan.<\/p>\n<p>Kazao je i kako se gra\u0111ani razli\u010ditih zemalja na Balkanu trebaju ujediniti. &#8220;Mi na Balkanu moramo biti jedno i sa Albancima i Turcima. Podsje\u0107am, i pisac turske himne Mehmet Akif Ersoy je bio Albanac. Ali je napisao himnu gdje je prenio osje\u0107aje Turaka. Kada je napisao himnu, dobio je gromoglasan aplauz u parlamentu, koji je trajao satima. Dokle god Turska raste, postaje bogatija i sna\u017enija, i na\u0161a bra\u0107a na Balkanu \u0107e imati velike koristi od toga. Za nas nema razlike izme\u0111u Istanbula, Ankare, Izmira, Burse, Edirnea i Skoplja, Prizrena, Sarajeva, Tirane, Soluna, Kard\u017ealija, Komotinija i Shumena. Mi ne mo\u017eemo \u017eivjeti odvojeno od njih. Ja ne mogu na jednu stranu staviti stvari koje sam do\u017eivio u Mostaru, Pri\u0161tini ili Prizrenu. Ljubav i interesiranje koje su ljudi pokazali prema meni tamo, isto i ja osje\u0107am za njih. Kako gledamo svoje gradove, tako gledamo i na gradove u toj regiji. Kao Turska, djelujemo kroz Tursku agenciju za suradnju i razvoj (TIKA), Institut Yunus Emre, privatni sektor &#8211; tako da smo na usluzi na\u0161oj bra\u0107i u svakom smislu. Poku\u0161avamo djelovati vi\u0161e kroz projekte koji \u0107e olak\u0161ati \u017eivot ljudima, za\u0161titi povijesna djela i vrijednosti&#8221;, rekao je Recep Tayyip Erdogan.<\/p>\n<p>Podsjetio je da su restaurirani ku\u0107a oca Mustafe Kemala Ataturka, Ali Riza Efendije, u Makedoniji, turbe Murat Hudavendigar na Kosovu, Sinan-pa\u0161ina d\u017eamija u Prizrenu i Fatih sultan d\u017eamija u Pri\u0161tini, dodav\u0161i da je zavr\u0161en projekat izgradnje d\u017eamije u Pri\u0161tini te da \u0107e uskoro po\u010deti gradnja.<\/p>\n<p>&#8220;Molim vas, sve, Turke, Albance, Bo\u0161njake.. Bra\u0107o, mi smo jedno, zajedno i ne\u0107emo nikad biti razdvojeni. Ne\u0107emo dati priliku onima koji \u017eele posijati sjeme razdvojenosti me\u0111u nama&#8221;<\/p>\n<p>Erdogan je podsjetio na svoj posjet prvom predsjedniku Predsjedni\u0161tva RBiH Aliji Izetbegovi\u0107u dok je le\u017eao na smrtnoj postelji. &#8220;Rekao mi je da mi ne mo\u017eemo niti smijemo biti daleko od ovih zemalja. Rekao mi je kako ne smijemo zanemariti to podru\u010dje. `Dolazit \u0107ete ovdje, gledat \u0107ete i interesirat \u0107ete se`, rekao mi je. Dan poslije dobili smo vijest o njegovoj smrti. Ali njegove rije\u010di su mi bile veliki savjet. Mi ne mo\u017eemo biti daleko od Rumelije. Ula\u017eemo napore kako bismo ostvarili odr\u017eiv mir i, \u0161to je jo\u0161 va\u017enije, kulturu su\u017eivota. Molim vas, sve, Turke, Albance, Bo\u0161njake.. Bra\u0107o, mi smo jedno, zajedno i ne\u0107emo nikad biti razdvojeni. Ne\u0107emo dati priliku onima koji \u017eele posijati sjeme razdvojenosti me\u0111u nama. Bit \u0107emo jedinstveni i veliki&#8221;, poru\u010dio je turski premijer.<\/p>\n<p>Na kraju svog govora, Erdogan je kazao kako \u010dvrsto vjeruje da \u0107e, uz podr\u0161ku sviju, ponovno na Balkanu zavladati mir i tolerancija, prenosi Anadolija<\/p>\n<p>(Dnevnik)<\/p>\n","protected":false},"excerpt":{"rendered":"<p>BIH &#8211; U vrijeme najve\u0107ih prosvjeda protiv turske islamisti\u010dke vlade kojoj je na \u010delu, turska novinska agencija Anadolija prenosi obra\u0107anje Recepa Tayyipa Erdogana Udruzi kulture i solidarnosti rumelijskih Turaka u Istanbulu. &#8220;Zamislite Stari most u Mostaru. Zapad je sru\u0161io most, a mi smo ga izgradili. Sru\u0161ili su most na Drini, mi smo ga izgradili. Sru\u0161ili [&hellip;]<\/p>\n","protected":false},"author":16,"featured_media":77904,"comment_status":"open","ping_status":"open","sticky":false,"template":"","format":"standard","meta":{"footnotes":""},"categories":[2860,2690,8957,2692],"tags":[],"class_list":{"0":"post-77903","1":"post","2":"type-post","3":"status-publish","4":"format-standard","5":"has-post-thumbnail","7":"category-bosna-i-hercegovina-gradovi","8":"category-kosovo-gradovi","9":"category-vijesti-dana","10":"category-turska-gradovi"},"yoast_head":"<!-- This site is optimized with the Yoast SEO Premium plugin v23.1 (Yoast SEO v24.9) - https:\/\/yoast.com\/wordpress\/plugins\/seo\/ -->\n<title>Turci, Albanci, Bo\u0161njaci.. Bra\u0107o, Zapad nam ru\u0161i mostove<\/title>\n<meta name=\"robots\" content=\"index, follow, max-snippet:-1, max-image-preview:large, max-video-preview:-1\" \/>\n<link rel=\"canonical\" href=\"https:\/\/sandzakpress.net\/arhiva\/turci-albanci-bosnjaci-braco-zapad-nam-rusi-mostove\/\" \/>\n<meta property=\"og:locale\" content=\"bs_BA\" \/>\n<meta property=\"og:type\" content=\"article\" \/>\n<meta property=\"og:title\" content=\"Turci, Albanci, Bo\u0161njaci.. Bra\u0107o, Zapad nam ru\u0161i mostove\" \/>\n<meta property=\"og:description\" content=\"BIH &#8211; U vrijeme najve\u0107ih prosvjeda protiv turske islamisti\u010dke vlade kojoj je na \u010delu, turska novinska agencija Anadolija prenosi obra\u0107anje Recepa Tayyipa Erdogana Udruzi kulture i solidarnosti rumelijskih Turaka u Istanbulu. &#8220;Zamislite Stari most u Mostaru. Zapad je sru\u0161io most, a mi smo ga izgradili. Sru\u0161ili su most na Drini, mi smo ga izgradili. Sru\u0161ili [&hellip;]\" \/>\n<meta property=\"og:url\" content=\"https:\/\/sandzakpress.net\/arhiva\/turci-albanci-bosnjaci-braco-zapad-nam-rusi-mostove\/\" \/>\n<meta property=\"og:site_name\" content=\"Sand\u017eak PRESS\" \/>\n<meta property=\"article:published_time\" content=\"2013-06-03T17:40:23+00:00\" \/>\n<meta property=\"article:modified_time\" content=\"2013-06-04T11:20:36+00:00\" \/>\n<meta property=\"og:image\" content=\"https:\/\/sandzakpress.net\/arhiva\/wp-content\/uploads\/2013\/06\/erdogan-protesti-su-odrzani-uz-podrsku-domacih-i-stranih-ekstremista_trt-bosanski-202882.jpg\" \/>\n\t<meta property=\"og:image:width\" content=\"600\" \/>\n\t<meta property=\"og:image:height\" content=\"363\" \/>\n\t<meta property=\"og:image:type\" content=\"image\/jpeg\" \/>\n<meta name=\"twitter:card\" content=\"summary_large_image\" \/>\n<meta name=\"twitter:label1\" content=\"Written by\" \/>\n\t<meta name=\"twitter:data1\" content=\"\" \/>\n\t<meta name=\"twitter:label2\" content=\"Est. reading time\" \/>\n\t<meta name=\"twitter:data2\" content=\"5 minuta\" \/>\n<script type=\"application\/ld+json\" class=\"yoast-schema-graph\">{\"@context\":\"https:\/\/schema.org\",\"@graph\":[{\"@type\":\"Article\",\"@id\":\"https:\/\/sandzakpress.net\/arhiva\/turci-albanci-bosnjaci-braco-zapad-nam-rusi-mostove\/#article\",\"isPartOf\":{\"@id\":\"https:\/\/sandzakpress.net\/arhiva\/turci-albanci-bosnjaci-braco-zapad-nam-rusi-mostove\/\"},\"author\":{\"name\":\"\",\"@id\":\"\"},\"headline\":\"Turci, Albanci, Bo\u0161njaci.. Bra\u0107o, Zapad nam ru\u0161i mostove\",\"datePublished\":\"2013-06-03T17:40:23+00:00\",\"dateModified\":\"2013-06-04T11:20:36+00:00\",\"mainEntityOfPage\":{\"@id\":\"https:\/\/sandzakpress.net\/arhiva\/turci-albanci-bosnjaci-braco-zapad-nam-rusi-mostove\/\"},\"wordCount\":1088,\"commentCount\":16,\"publisher\":{\"@id\":\"https:\/\/sandzakpress.net\/arhiva\/#\/schema\/person\/6e72b67d6e51910a1117b3b483ba20bd\"},\"image\":{\"@id\":\"https:\/\/sandzakpress.net\/arhiva\/turci-albanci-bosnjaci-braco-zapad-nam-rusi-mostove\/#primaryimage\"},\"thumbnailUrl\":\"https:\/\/sandzakpress.net\/arhiva\/wp-content\/uploads\/2013\/06\/erdogan-protesti-su-odrzani-uz-podrsku-domacih-i-stranih-ekstremista_trt-bosanski-202882.jpg\",\"articleSection\":[\"Bosna i Hercegovina\",\"Kosovo\",\"VIJESTI DANA\",\"Turska\"],\"inLanguage\":\"bs-BA\",\"potentialAction\":[{\"@type\":\"CommentAction\",\"name\":\"Comment\",\"target\":[\"https:\/\/sandzakpress.net\/arhiva\/turci-albanci-bosnjaci-braco-zapad-nam-rusi-mostove\/#respond\"]}]},{\"@type\":\"WebPage\",\"@id\":\"https:\/\/sandzakpress.net\/arhiva\/turci-albanci-bosnjaci-braco-zapad-nam-rusi-mostove\/\",\"url\":\"https:\/\/sandzakpress.net\/arhiva\/turci-albanci-bosnjaci-braco-zapad-nam-rusi-mostove\/\",\"name\":\"Turci, Albanci, Bo\u0161njaci.. Bra\u0107o, Zapad nam ru\u0161i mostove\",\"isPartOf\":{\"@id\":\"https:\/\/sandzakpress.net\/arhiva\/#website\"},\"primaryImageOfPage\":{\"@id\":\"https:\/\/sandzakpress.net\/arhiva\/turci-albanci-bosnjaci-braco-zapad-nam-rusi-mostove\/#primaryimage\"},\"image\":{\"@id\":\"https:\/\/sandzakpress.net\/arhiva\/turci-albanci-bosnjaci-braco-zapad-nam-rusi-mostove\/#primaryimage\"},\"thumbnailUrl\":\"https:\/\/sandzakpress.net\/arhiva\/wp-content\/uploads\/2013\/06\/erdogan-protesti-su-odrzani-uz-podrsku-domacih-i-stranih-ekstremista_trt-bosanski-202882.jpg\",\"datePublished\":\"2013-06-03T17:40:23+00:00\",\"dateModified\":\"2013-06-04T11:20:36+00:00\",\"breadcrumb\":{\"@id\":\"https:\/\/sandzakpress.net\/arhiva\/turci-albanci-bosnjaci-braco-zapad-nam-rusi-mostove\/#breadcrumb\"},\"inLanguage\":\"bs-BA\",\"potentialAction\":[{\"@type\":\"ReadAction\",\"target\":[\"https:\/\/sandzakpress.net\/arhiva\/turci-albanci-bosnjaci-braco-zapad-nam-rusi-mostove\/\"]}]},{\"@type\":\"ImageObject\",\"inLanguage\":\"bs-BA\",\"@id\":\"https:\/\/sandzakpress.net\/arhiva\/turci-albanci-bosnjaci-braco-zapad-nam-rusi-mostove\/#primaryimage\",\"url\":\"https:\/\/sandzakpress.net\/arhiva\/wp-content\/uploads\/2013\/06\/erdogan-protesti-su-odrzani-uz-podrsku-domacih-i-stranih-ekstremista_trt-bosanski-202882.jpg\",\"contentUrl\":\"https:\/\/sandzakpress.net\/arhiva\/wp-content\/uploads\/2013\/06\/erdogan-protesti-su-odrzani-uz-podrsku-domacih-i-stranih-ekstremista_trt-bosanski-202882.jpg\",\"width\":600,\"height\":363},{\"@type\":\"BreadcrumbList\",\"@id\":\"https:\/\/sandzakpress.net\/arhiva\/turci-albanci-bosnjaci-braco-zapad-nam-rusi-mostove\/#breadcrumb\",\"itemListElement\":[{\"@type\":\"ListItem\",\"position\":1,\"name\":\"Home\",\"item\":\"https:\/\/sandzakpress.net\/arhiva\/\"},{\"@type\":\"ListItem\",\"position\":2,\"name\":\"Turci, Albanci, Bo\u0161njaci.. Bra\u0107o, Zapad nam ru\u0161i mostove\"}]},{\"@type\":\"WebSite\",\"@id\":\"https:\/\/sandzakpress.net\/arhiva\/#website\",\"url\":\"https:\/\/sandzakpress.net\/arhiva\/\",\"name\":\"Sand\u017eak PRESS\",\"description\":\"Prve elektronske novine u Sand\u017eaku\",\"publisher\":{\"@id\":\"https:\/\/sandzakpress.net\/arhiva\/#\/schema\/person\/6e72b67d6e51910a1117b3b483ba20bd\"},\"potentialAction\":[{\"@type\":\"SearchAction\",\"target\":{\"@type\":\"EntryPoint\",\"urlTemplate\":\"https:\/\/sandzakpress.net\/arhiva\/?s={search_term_string}\"},\"query-input\":{\"@type\":\"PropertyValueSpecification\",\"valueRequired\":true,\"valueName\":\"search_term_string\"}}],\"inLanguage\":\"bs-BA\"},{\"@type\":[\"Person\",\"Organization\"],\"@id\":\"https:\/\/sandzakpress.net\/arhiva\/#\/schema\/person\/6e72b67d6e51910a1117b3b483ba20bd\",\"name\":\"Kul\",\"image\":{\"@type\":\"ImageObject\",\"inLanguage\":\"bs-BA\",\"@id\":\"https:\/\/sandzakpress.net\/arhiva\/#\/schema\/person\/image\/\",\"url\":\"https:\/\/secure.gravatar.com\/avatar\/42263f39aa27ac04c43cab85c280eb2e?s=96&d=mm&r=pg\",\"contentUrl\":\"https:\/\/secure.gravatar.com\/avatar\/42263f39aa27ac04c43cab85c280eb2e?s=96&d=mm&r=pg\",\"caption\":\"Kul\"},\"logo\":{\"@id\":\"https:\/\/sandzakpress.net\/arhiva\/#\/schema\/person\/image\/\"}},{\"@type\":\"Person\",\"@id\":\"\",\"url\":\"https:\/\/sandzakpress.net\/arhiva\/author\/\"}]}<\/script>\n<!-- \/ Yoast SEO Premium plugin. -->","yoast_head_json":{"title":"Turci, Albanci, Bo\u0161njaci.. Bra\u0107o, Zapad nam ru\u0161i mostove","robots":{"index":"index","follow":"follow","max-snippet":"max-snippet:-1","max-image-preview":"max-image-preview:large","max-video-preview":"max-video-preview:-1"},"canonical":"https:\/\/sandzakpress.net\/arhiva\/turci-albanci-bosnjaci-braco-zapad-nam-rusi-mostove\/","og_locale":"bs_BA","og_type":"article","og_title":"Turci, Albanci, Bo\u0161njaci.. Bra\u0107o, Zapad nam ru\u0161i mostove","og_description":"BIH &#8211; U vrijeme najve\u0107ih prosvjeda protiv turske islamisti\u010dke vlade kojoj je na \u010delu, turska novinska agencija Anadolija prenosi obra\u0107anje Recepa Tayyipa Erdogana Udruzi kulture i solidarnosti rumelijskih Turaka u Istanbulu. &#8220;Zamislite Stari most u Mostaru. Zapad je sru\u0161io most, a mi smo ga izgradili. Sru\u0161ili su most na Drini, mi smo ga izgradili. Sru\u0161ili [&hellip;]","og_url":"https:\/\/sandzakpress.net\/arhiva\/turci-albanci-bosnjaci-braco-zapad-nam-rusi-mostove\/","og_site_name":"Sand\u017eak PRESS","article_published_time":"2013-06-03T17:40:23+00:00","article_modified_time":"2013-06-04T11:20:36+00:00","og_image":[{"width":600,"height":363,"url":"https:\/\/sandzakpress.net\/arhiva\/wp-content\/uploads\/2013\/06\/erdogan-protesti-su-odrzani-uz-podrsku-domacih-i-stranih-ekstremista_trt-bosanski-202882.jpg","type":"image\/jpeg"}],"twitter_card":"summary_large_image","twitter_misc":{"Written by":"","Est. reading time":"5 minuta"},"schema":{"@context":"https:\/\/schema.org","@graph":[{"@type":"Article","@id":"https:\/\/sandzakpress.net\/arhiva\/turci-albanci-bosnjaci-braco-zapad-nam-rusi-mostove\/#article","isPartOf":{"@id":"https:\/\/sandzakpress.net\/arhiva\/turci-albanci-bosnjaci-braco-zapad-nam-rusi-mostove\/"},"author":{"name":"","@id":""},"headline":"Turci, Albanci, Bo\u0161njaci.. Bra\u0107o, Zapad nam ru\u0161i mostove","datePublished":"2013-06-03T17:40:23+00:00","dateModified":"2013-06-04T11:20:36+00:00","mainEntityOfPage":{"@id":"https:\/\/sandzakpress.net\/arhiva\/turci-albanci-bosnjaci-braco-zapad-nam-rusi-mostove\/"},"wordCount":1088,"commentCount":16,"publisher":{"@id":"https:\/\/sandzakpress.net\/arhiva\/#\/schema\/person\/6e72b67d6e51910a1117b3b483ba20bd"},"image":{"@id":"https:\/\/sandzakpress.net\/arhiva\/turci-albanci-bosnjaci-braco-zapad-nam-rusi-mostove\/#primaryimage"},"thumbnailUrl":"https:\/\/sandzakpress.net\/arhiva\/wp-content\/uploads\/2013\/06\/erdogan-protesti-su-odrzani-uz-podrsku-domacih-i-stranih-ekstremista_trt-bosanski-202882.jpg","articleSection":["Bosna i Hercegovina","Kosovo","VIJESTI DANA","Turska"],"inLanguage":"bs-BA","potentialAction":[{"@type":"CommentAction","name":"Comment","target":["https:\/\/sandzakpress.net\/arhiva\/turci-albanci-bosnjaci-braco-zapad-nam-rusi-mostove\/#respond"]}]},{"@type":"WebPage","@id":"https:\/\/sandzakpress.net\/arhiva\/turci-albanci-bosnjaci-braco-zapad-nam-rusi-mostove\/","url":"https:\/\/sandzakpress.net\/arhiva\/turci-albanci-bosnjaci-braco-zapad-nam-rusi-mostove\/","name":"Turci, Albanci, Bo\u0161njaci.. Bra\u0107o, Zapad nam ru\u0161i mostove","isPartOf":{"@id":"https:\/\/sandzakpress.net\/arhiva\/#website"},"primaryImageOfPage":{"@id":"https:\/\/sandzakpress.net\/arhiva\/turci-albanci-bosnjaci-braco-zapad-nam-rusi-mostove\/#primaryimage"},"image":{"@id":"https:\/\/sandzakpress.net\/arhiva\/turci-albanci-bosnjaci-braco-zapad-nam-rusi-mostove\/#primaryimage"},"thumbnailUrl":"https:\/\/sandzakpress.net\/arhiva\/wp-content\/uploads\/2013\/06\/erdogan-protesti-su-odrzani-uz-podrsku-domacih-i-stranih-ekstremista_trt-bosanski-202882.jpg","datePublished":"2013-06-03T17:40:23+00:00","dateModified":"2013-06-04T11:20:36+00:00","breadcrumb":{"@id":"https:\/\/sandzakpress.net\/arhiva\/turci-albanci-bosnjaci-braco-zapad-nam-rusi-mostove\/#breadcrumb"},"inLanguage":"bs-BA","potentialAction":[{"@type":"ReadAction","target":["https:\/\/sandzakpress.net\/arhiva\/turci-albanci-bosnjaci-braco-zapad-nam-rusi-mostove\/"]}]},{"@type":"ImageObject","inLanguage":"bs-BA","@id":"https:\/\/sandzakpress.net\/arhiva\/turci-albanci-bosnjaci-braco-zapad-nam-rusi-mostove\/#primaryimage","url":"https:\/\/sandzakpress.net\/arhiva\/wp-content\/uploads\/2013\/06\/erdogan-protesti-su-odrzani-uz-podrsku-domacih-i-stranih-ekstremista_trt-bosanski-202882.jpg","contentUrl":"https:\/\/sandzakpress.net\/arhiva\/wp-content\/uploads\/2013\/06\/erdogan-protesti-su-odrzani-uz-podrsku-domacih-i-stranih-ekstremista_trt-bosanski-202882.jpg","width":600,"height":363},{"@type":"BreadcrumbList","@id":"https:\/\/sandzakpress.net\/arhiva\/turci-albanci-bosnjaci-braco-zapad-nam-rusi-mostove\/#breadcrumb","itemListElement":[{"@type":"ListItem","position":1,"name":"Home","item":"https:\/\/sandzakpress.net\/arhiva\/"},{"@type":"ListItem","position":2,"name":"Turci, Albanci, Bo\u0161njaci.. Bra\u0107o, Zapad nam ru\u0161i mostove"}]},{"@type":"WebSite","@id":"https:\/\/sandzakpress.net\/arhiva\/#website","url":"https:\/\/sandzakpress.net\/arhiva\/","name":"Sand\u017eak PRESS","description":"Prve elektronske novine u Sand\u017eaku","publisher":{"@id":"https:\/\/sandzakpress.net\/arhiva\/#\/schema\/person\/6e72b67d6e51910a1117b3b483ba20bd"},"potentialAction":[{"@type":"SearchAction","target":{"@type":"EntryPoint","urlTemplate":"https:\/\/sandzakpress.net\/arhiva\/?s={search_term_string}"},"query-input":{"@type":"PropertyValueSpecification","valueRequired":true,"valueName":"search_term_string"}}],"inLanguage":"bs-BA"},{"@type":["Person","Organization"],"@id":"https:\/\/sandzakpress.net\/arhiva\/#\/schema\/person\/6e72b67d6e51910a1117b3b483ba20bd","name":"Kul","image":{"@type":"ImageObject","inLanguage":"bs-BA","@id":"https:\/\/sandzakpress.net\/arhiva\/#\/schema\/person\/image\/","url":"https:\/\/secure.gravatar.com\/avatar\/42263f39aa27ac04c43cab85c280eb2e?s=96&d=mm&r=pg","contentUrl":"https:\/\/secure.gravatar.com\/avatar\/42263f39aa27ac04c43cab85c280eb2e?s=96&d=mm&r=pg","caption":"Kul"},"logo":{"@id":"https:\/\/sandzakpress.net\/arhiva\/#\/schema\/person\/image\/"}},{"@type":"Person","@id":"","url":"https:\/\/sandzakpress.net\/arhiva\/author\/"}]}},"_links":{"self":[{"href":"https:\/\/sandzakpress.net\/arhiva\/wp-json\/wp\/v2\/posts\/77903"}],"collection":[{"href":"https:\/\/sandzakpress.net\/arhiva\/wp-json\/wp\/v2\/posts"}],"about":[{"href":"https:\/\/sandzakpress.net\/arhiva\/wp-json\/wp\/v2\/types\/post"}],"author":[{"embeddable":true,"href":"https:\/\/sandzakpress.net\/arhiva\/wp-json\/wp\/v2\/users\/16"}],"replies":[{"embeddable":true,"href":"https:\/\/sandzakpress.net\/arhiva\/wp-json\/wp\/v2\/comments?post=77903"}],"version-history":[{"count":0,"href":"https:\/\/sandzakpress.net\/arhiva\/wp-json\/wp\/v2\/posts\/77903\/revisions"}],"wp:featuredmedia":[{"embeddable":true,"href":"https:\/\/sandzakpress.net\/arhiva\/wp-json\/wp\/v2\/media\/77904"}],"wp:attachment":[{"href":"https:\/\/sandzakpress.net\/arhiva\/wp-json\/wp\/v2\/media?parent=77903"}],"wp:term":[{"taxonomy":"category","embeddable":true,"href":"https:\/\/sandzakpress.net\/arhiva\/wp-json\/wp\/v2\/categories?post=77903"},{"taxonomy":"post_tag","embeddable":true,"href":"https:\/\/sandzakpress.net\/arhiva\/wp-json\/wp\/v2\/tags?post=77903"}],"curies":[{"name":"wp","href":"https:\/\/api.w.org\/{rel}","templated":true}]}}