{"id":77790,"date":"2013-06-02T14:06:42","date_gmt":"2013-06-02T12:06:42","guid":{"rendered":"https:\/\/sandzakpress.net\/arhiva\/?p=77790"},"modified":"2013-06-02T14:06:42","modified_gmt":"2013-06-02T12:06:42","slug":"predsjednik-bnf-a-susreo-se-sa-zamjenikom-turskog-premijera-bekirom-bozdagom","status":"publish","type":"post","link":"https:\/\/sandzakpress.net\/arhiva\/predsjednik-bnf-a-susreo-se-sa-zamjenikom-turskog-premijera-bekirom-bozdagom\/","title":{"rendered":"Predsjednik BNF-a susreo se sa zamjenikom turskog premijera Bekirom Bozdagom"},"content":{"rendered":"<div class=\"articleEntry Normal\">\n<p style=\"text-align: justify;\"><strong><a href=\"https:\/\/sandzakpress.net\/arhiva\/wp-content\/uploads\/2013\/06\/1_179755_661822487167130_1701497831_n.jpg\"><img loading=\"lazy\" decoding=\"async\" class=\"alignleft size-medium wp-image-77789\" title=\"1_179755_661822487167130_1701497831_n\" src=\"https:\/\/sandzakpress.net\/arhiva\/wp-content\/uploads\/2013\/06\/1_179755_661822487167130_1701497831_n-300x206.jpg\" alt=\"\" width=\"300\" height=\"206\" \/><\/a>BIH, Francuska \u2013 U Parizu je 31. maja  2013. god., u organizaciji Francuskog vije\u0107a za muslimansku religiju i  Francuskog vije\u0107a za koordinaciju Turaka zvani\u010dno otvoren \u201eAnadolski  festival\u201c,\u00a0 u okviru kojeg Turci, Bo\u0161njaci i ostali bratski narodi u  Francuskoj prezentiraju vjeru, kulturu, naciju i tradiciju. Ovo je drugi  tradicionalni skup koji je odr\u017ean u Francuskoj.<\/strong><\/p>\n<p style=\"text-align: justify;\">Posje\u0107enost festivala je izuzetna,\u00a0 a  posebnu pa\u017enju posjetilaca privukao je \u0161tand Bo\u0161njaka, na kojem su u  organizaciji Bo\u0161nja\u010dkog Kulturnog Centra u Parizu bili izlo\u017eene  tradicionalne rukotvorine i\u00a0 obilje\u017eja kulture, historije, i umjetnosti  svih bo\u0161nja\u010dkih regija.<\/p>\n<p style=\"text-align: justify;\">Festival ima za cilj osigurati uvjete za su\u017eivot naroda u Francuskoj, kako Turaka tako i Bo\u0161njaka sa starosjediocima ove zemlje.<\/p>\n<p style=\"text-align: justify;\">Ovom festivalu prisustvovali su  predstavnici brojnih privrednih, vjerskih, kulturnih i drugih  organizacija iz Evrope i svijeta. Na poziv organizatora festivala u  svojstvu izaslanika Svjetskog bo\u0161nja\u010dkog kongresa reisu-l-uleme emeritus  dr. Mustafe Ceri\u0107a, prisustvovao je Hako Duljevi\u0107, predsjednik  Bo\u0161nja\u010dke nacionalne fondacije i \u0160efadil Li\u010dina, predsjednik BVKC  D\u017eemata Pariz.<\/p>\n<p style=\"text-align: justify;\">U toku svog boravka na ovom festivalu na\u0161i predstavnici su obavili niz sastanaka sa brojnim zvani\u010dnicima Francuske i Turske.<\/p>\n<p style=\"text-align: justify;\">Posebnu medijsku pa\u017enju i zna\u010daj imao je susret predstavnika SBK-a sa Zamjenikom premijera Republike Turske, Bekirom Bozdagom.<\/p>\n<p style=\"text-align: justify;\">(BNF)<\/p>\n<\/div>\n","protected":false},"excerpt":{"rendered":"<p>BIH, Francuska \u2013 U Parizu je 31. maja 2013. god., u organizaciji Francuskog vije\u0107a za muslimansku religiju i Francuskog vije\u0107a za koordinaciju Turaka zvani\u010dno otvoren \u201eAnadolski festival\u201c,\u00a0 u okviru kojeg Turci, Bo\u0161njaci i ostali bratski narodi u Francuskoj prezentiraju vjeru, kulturu, naciju i tradiciju. Ovo je drugi tradicionalni skup koji je odr\u017ean u Francuskoj. Posje\u0107enost [&hellip;]<\/p>\n","protected":false},"author":33,"featured_media":77789,"comment_status":"open","ping_status":"open","sticky":false,"template":"","format":"standard","meta":{"footnotes":""},"categories":[800,2860,9550,8957],"tags":[],"class_list":{"0":"post-77790","1":"post","2":"type-post","3":"status-publish","4":"format-standard","5":"has-post-thumbnail","7":"category-nacija","8":"category-bosna-i-hercegovina-gradovi","9":"category-francuska-dijaspora-gradovi-vase-vijesti","10":"category-vijesti-dana"},"yoast_head":"<!-- This site is optimized with the Yoast SEO Premium plugin v23.1 (Yoast SEO v24.9) - https:\/\/yoast.com\/wordpress\/plugins\/seo\/ -->\n<title>Predsjednik BNF-a susreo se sa zamjenikom turskog premijera Bekirom Bozdagom<\/title>\n<meta name=\"robots\" content=\"index, follow, max-snippet:-1, max-image-preview:large, max-video-preview:-1\" \/>\n<link rel=\"canonical\" href=\"https:\/\/sandzakpress.net\/arhiva\/predsjednik-bnf-a-susreo-se-sa-zamjenikom-turskog-premijera-bekirom-bozdagom\/\" \/>\n<meta property=\"og:locale\" content=\"bs_BA\" \/>\n<meta property=\"og:type\" content=\"article\" \/>\n<meta property=\"og:title\" content=\"Predsjednik BNF-a susreo se sa zamjenikom turskog premijera Bekirom Bozdagom\" \/>\n<meta property=\"og:description\" content=\"BIH, Francuska \u2013 U Parizu je 31. maja 2013. god., u organizaciji Francuskog vije\u0107a za muslimansku religiju i Francuskog vije\u0107a za koordinaciju Turaka zvani\u010dno otvoren \u201eAnadolski festival\u201c,\u00a0 u okviru kojeg Turci, Bo\u0161njaci i ostali bratski narodi u Francuskoj prezentiraju vjeru, kulturu, naciju i tradiciju. Ovo je drugi tradicionalni skup koji je odr\u017ean u Francuskoj. Posje\u0107enost [&hellip;]\" \/>\n<meta property=\"og:url\" content=\"https:\/\/sandzakpress.net\/arhiva\/predsjednik-bnf-a-susreo-se-sa-zamjenikom-turskog-premijera-bekirom-bozdagom\/\" \/>\n<meta property=\"og:site_name\" content=\"Sand\u017eak PRESS\" \/>\n<meta property=\"article:published_time\" content=\"2013-06-02T12:06:42+00:00\" \/>\n<meta property=\"og:image\" content=\"https:\/\/sandzakpress.net\/arhiva\/wp-content\/uploads\/2013\/06\/1_179755_661822487167130_1701497831_n.jpg\" \/>\n\t<meta property=\"og:image:width\" content=\"600\" \/>\n\t<meta property=\"og:image:height\" content=\"413\" \/>\n\t<meta property=\"og:image:type\" content=\"image\/jpeg\" \/>\n<meta name=\"twitter:card\" content=\"summary_large_image\" \/>\n<meta name=\"twitter:label1\" content=\"Written by\" \/>\n\t<meta name=\"twitter:data1\" content=\"\" \/>\n\t<meta name=\"twitter:label2\" content=\"Est. reading time\" \/>\n\t<meta name=\"twitter:data2\" content=\"1 minuta\" \/>\n<script type=\"application\/ld+json\" class=\"yoast-schema-graph\">{\"@context\":\"https:\/\/schema.org\",\"@graph\":[{\"@type\":\"Article\",\"@id\":\"https:\/\/sandzakpress.net\/arhiva\/predsjednik-bnf-a-susreo-se-sa-zamjenikom-turskog-premijera-bekirom-bozdagom\/#article\",\"isPartOf\":{\"@id\":\"https:\/\/sandzakpress.net\/arhiva\/predsjednik-bnf-a-susreo-se-sa-zamjenikom-turskog-premijera-bekirom-bozdagom\/\"},\"author\":{\"name\":\"\",\"@id\":\"\"},\"headline\":\"Predsjednik BNF-a susreo se sa zamjenikom turskog premijera Bekirom Bozdagom\",\"datePublished\":\"2013-06-02T12:06:42+00:00\",\"mainEntityOfPage\":{\"@id\":\"https:\/\/sandzakpress.net\/arhiva\/predsjednik-bnf-a-susreo-se-sa-zamjenikom-turskog-premijera-bekirom-bozdagom\/\"},\"wordCount\":226,\"commentCount\":0,\"publisher\":{\"@id\":\"https:\/\/sandzakpress.net\/arhiva\/#\/schema\/person\/6e72b67d6e51910a1117b3b483ba20bd\"},\"image\":{\"@id\":\"https:\/\/sandzakpress.net\/arhiva\/predsjednik-bnf-a-susreo-se-sa-zamjenikom-turskog-premijera-bekirom-bozdagom\/#primaryimage\"},\"thumbnailUrl\":\"https:\/\/sandzakpress.net\/arhiva\/wp-content\/uploads\/2013\/06\/1_179755_661822487167130_1701497831_n.jpg\",\"articleSection\":[\"Nacija\",\"Bosna i Hercegovina\",\"Francuska\",\"VIJESTI DANA\"],\"inLanguage\":\"bs-BA\",\"potentialAction\":[{\"@type\":\"CommentAction\",\"name\":\"Comment\",\"target\":[\"https:\/\/sandzakpress.net\/arhiva\/predsjednik-bnf-a-susreo-se-sa-zamjenikom-turskog-premijera-bekirom-bozdagom\/#respond\"]}]},{\"@type\":\"WebPage\",\"@id\":\"https:\/\/sandzakpress.net\/arhiva\/predsjednik-bnf-a-susreo-se-sa-zamjenikom-turskog-premijera-bekirom-bozdagom\/\",\"url\":\"https:\/\/sandzakpress.net\/arhiva\/predsjednik-bnf-a-susreo-se-sa-zamjenikom-turskog-premijera-bekirom-bozdagom\/\",\"name\":\"Predsjednik BNF-a susreo se sa zamjenikom turskog premijera Bekirom Bozdagom\",\"isPartOf\":{\"@id\":\"https:\/\/sandzakpress.net\/arhiva\/#website\"},\"primaryImageOfPage\":{\"@id\":\"https:\/\/sandzakpress.net\/arhiva\/predsjednik-bnf-a-susreo-se-sa-zamjenikom-turskog-premijera-bekirom-bozdagom\/#primaryimage\"},\"image\":{\"@id\":\"https:\/\/sandzakpress.net\/arhiva\/predsjednik-bnf-a-susreo-se-sa-zamjenikom-turskog-premijera-bekirom-bozdagom\/#primaryimage\"},\"thumbnailUrl\":\"https:\/\/sandzakpress.net\/arhiva\/wp-content\/uploads\/2013\/06\/1_179755_661822487167130_1701497831_n.jpg\",\"datePublished\":\"2013-06-02T12:06:42+00:00\",\"breadcrumb\":{\"@id\":\"https:\/\/sandzakpress.net\/arhiva\/predsjednik-bnf-a-susreo-se-sa-zamjenikom-turskog-premijera-bekirom-bozdagom\/#breadcrumb\"},\"inLanguage\":\"bs-BA\",\"potentialAction\":[{\"@type\":\"ReadAction\",\"target\":[\"https:\/\/sandzakpress.net\/arhiva\/predsjednik-bnf-a-susreo-se-sa-zamjenikom-turskog-premijera-bekirom-bozdagom\/\"]}]},{\"@type\":\"ImageObject\",\"inLanguage\":\"bs-BA\",\"@id\":\"https:\/\/sandzakpress.net\/arhiva\/predsjednik-bnf-a-susreo-se-sa-zamjenikom-turskog-premijera-bekirom-bozdagom\/#primaryimage\",\"url\":\"https:\/\/sandzakpress.net\/arhiva\/wp-content\/uploads\/2013\/06\/1_179755_661822487167130_1701497831_n.jpg\",\"contentUrl\":\"https:\/\/sandzakpress.net\/arhiva\/wp-content\/uploads\/2013\/06\/1_179755_661822487167130_1701497831_n.jpg\",\"width\":600,\"height\":413},{\"@type\":\"BreadcrumbList\",\"@id\":\"https:\/\/sandzakpress.net\/arhiva\/predsjednik-bnf-a-susreo-se-sa-zamjenikom-turskog-premijera-bekirom-bozdagom\/#breadcrumb\",\"itemListElement\":[{\"@type\":\"ListItem\",\"position\":1,\"name\":\"Home\",\"item\":\"https:\/\/sandzakpress.net\/arhiva\/\"},{\"@type\":\"ListItem\",\"position\":2,\"name\":\"Predsjednik BNF-a susreo se sa zamjenikom turskog premijera Bekirom Bozdagom\"}]},{\"@type\":\"WebSite\",\"@id\":\"https:\/\/sandzakpress.net\/arhiva\/#website\",\"url\":\"https:\/\/sandzakpress.net\/arhiva\/\",\"name\":\"Sand\u017eak PRESS\",\"description\":\"Prve elektronske novine u Sand\u017eaku\",\"publisher\":{\"@id\":\"https:\/\/sandzakpress.net\/arhiva\/#\/schema\/person\/6e72b67d6e51910a1117b3b483ba20bd\"},\"potentialAction\":[{\"@type\":\"SearchAction\",\"target\":{\"@type\":\"EntryPoint\",\"urlTemplate\":\"https:\/\/sandzakpress.net\/arhiva\/?s={search_term_string}\"},\"query-input\":{\"@type\":\"PropertyValueSpecification\",\"valueRequired\":true,\"valueName\":\"search_term_string\"}}],\"inLanguage\":\"bs-BA\"},{\"@type\":[\"Person\",\"Organization\"],\"@id\":\"https:\/\/sandzakpress.net\/arhiva\/#\/schema\/person\/6e72b67d6e51910a1117b3b483ba20bd\",\"name\":\"Kul\",\"image\":{\"@type\":\"ImageObject\",\"inLanguage\":\"bs-BA\",\"@id\":\"https:\/\/sandzakpress.net\/arhiva\/#\/schema\/person\/image\/\",\"url\":\"https:\/\/secure.gravatar.com\/avatar\/42263f39aa27ac04c43cab85c280eb2e?s=96&d=mm&r=pg\",\"contentUrl\":\"https:\/\/secure.gravatar.com\/avatar\/42263f39aa27ac04c43cab85c280eb2e?s=96&d=mm&r=pg\",\"caption\":\"Kul\"},\"logo\":{\"@id\":\"https:\/\/sandzakpress.net\/arhiva\/#\/schema\/person\/image\/\"}},{\"@type\":\"Person\",\"@id\":\"\",\"url\":\"https:\/\/sandzakpress.net\/arhiva\/author\/\"}]}<\/script>\n<!-- \/ Yoast SEO Premium plugin. -->","yoast_head_json":{"title":"Predsjednik BNF-a susreo se sa zamjenikom turskog premijera Bekirom Bozdagom","robots":{"index":"index","follow":"follow","max-snippet":"max-snippet:-1","max-image-preview":"max-image-preview:large","max-video-preview":"max-video-preview:-1"},"canonical":"https:\/\/sandzakpress.net\/arhiva\/predsjednik-bnf-a-susreo-se-sa-zamjenikom-turskog-premijera-bekirom-bozdagom\/","og_locale":"bs_BA","og_type":"article","og_title":"Predsjednik BNF-a susreo se sa zamjenikom turskog premijera Bekirom Bozdagom","og_description":"BIH, Francuska \u2013 U Parizu je 31. maja 2013. god., u organizaciji Francuskog vije\u0107a za muslimansku religiju i Francuskog vije\u0107a za koordinaciju Turaka zvani\u010dno otvoren \u201eAnadolski festival\u201c,\u00a0 u okviru kojeg Turci, Bo\u0161njaci i ostali bratski narodi u Francuskoj prezentiraju vjeru, kulturu, naciju i tradiciju. Ovo je drugi tradicionalni skup koji je odr\u017ean u Francuskoj. Posje\u0107enost [&hellip;]","og_url":"https:\/\/sandzakpress.net\/arhiva\/predsjednik-bnf-a-susreo-se-sa-zamjenikom-turskog-premijera-bekirom-bozdagom\/","og_site_name":"Sand\u017eak PRESS","article_published_time":"2013-06-02T12:06:42+00:00","og_image":[{"width":600,"height":413,"url":"https:\/\/sandzakpress.net\/arhiva\/wp-content\/uploads\/2013\/06\/1_179755_661822487167130_1701497831_n.jpg","type":"image\/jpeg"}],"twitter_card":"summary_large_image","twitter_misc":{"Written by":"","Est. reading time":"1 minuta"},"schema":{"@context":"https:\/\/schema.org","@graph":[{"@type":"Article","@id":"https:\/\/sandzakpress.net\/arhiva\/predsjednik-bnf-a-susreo-se-sa-zamjenikom-turskog-premijera-bekirom-bozdagom\/#article","isPartOf":{"@id":"https:\/\/sandzakpress.net\/arhiva\/predsjednik-bnf-a-susreo-se-sa-zamjenikom-turskog-premijera-bekirom-bozdagom\/"},"author":{"name":"","@id":""},"headline":"Predsjednik BNF-a susreo se sa zamjenikom turskog premijera Bekirom Bozdagom","datePublished":"2013-06-02T12:06:42+00:00","mainEntityOfPage":{"@id":"https:\/\/sandzakpress.net\/arhiva\/predsjednik-bnf-a-susreo-se-sa-zamjenikom-turskog-premijera-bekirom-bozdagom\/"},"wordCount":226,"commentCount":0,"publisher":{"@id":"https:\/\/sandzakpress.net\/arhiva\/#\/schema\/person\/6e72b67d6e51910a1117b3b483ba20bd"},"image":{"@id":"https:\/\/sandzakpress.net\/arhiva\/predsjednik-bnf-a-susreo-se-sa-zamjenikom-turskog-premijera-bekirom-bozdagom\/#primaryimage"},"thumbnailUrl":"https:\/\/sandzakpress.net\/arhiva\/wp-content\/uploads\/2013\/06\/1_179755_661822487167130_1701497831_n.jpg","articleSection":["Nacija","Bosna i Hercegovina","Francuska","VIJESTI DANA"],"inLanguage":"bs-BA","potentialAction":[{"@type":"CommentAction","name":"Comment","target":["https:\/\/sandzakpress.net\/arhiva\/predsjednik-bnf-a-susreo-se-sa-zamjenikom-turskog-premijera-bekirom-bozdagom\/#respond"]}]},{"@type":"WebPage","@id":"https:\/\/sandzakpress.net\/arhiva\/predsjednik-bnf-a-susreo-se-sa-zamjenikom-turskog-premijera-bekirom-bozdagom\/","url":"https:\/\/sandzakpress.net\/arhiva\/predsjednik-bnf-a-susreo-se-sa-zamjenikom-turskog-premijera-bekirom-bozdagom\/","name":"Predsjednik BNF-a susreo se sa zamjenikom turskog premijera Bekirom Bozdagom","isPartOf":{"@id":"https:\/\/sandzakpress.net\/arhiva\/#website"},"primaryImageOfPage":{"@id":"https:\/\/sandzakpress.net\/arhiva\/predsjednik-bnf-a-susreo-se-sa-zamjenikom-turskog-premijera-bekirom-bozdagom\/#primaryimage"},"image":{"@id":"https:\/\/sandzakpress.net\/arhiva\/predsjednik-bnf-a-susreo-se-sa-zamjenikom-turskog-premijera-bekirom-bozdagom\/#primaryimage"},"thumbnailUrl":"https:\/\/sandzakpress.net\/arhiva\/wp-content\/uploads\/2013\/06\/1_179755_661822487167130_1701497831_n.jpg","datePublished":"2013-06-02T12:06:42+00:00","breadcrumb":{"@id":"https:\/\/sandzakpress.net\/arhiva\/predsjednik-bnf-a-susreo-se-sa-zamjenikom-turskog-premijera-bekirom-bozdagom\/#breadcrumb"},"inLanguage":"bs-BA","potentialAction":[{"@type":"ReadAction","target":["https:\/\/sandzakpress.net\/arhiva\/predsjednik-bnf-a-susreo-se-sa-zamjenikom-turskog-premijera-bekirom-bozdagom\/"]}]},{"@type":"ImageObject","inLanguage":"bs-BA","@id":"https:\/\/sandzakpress.net\/arhiva\/predsjednik-bnf-a-susreo-se-sa-zamjenikom-turskog-premijera-bekirom-bozdagom\/#primaryimage","url":"https:\/\/sandzakpress.net\/arhiva\/wp-content\/uploads\/2013\/06\/1_179755_661822487167130_1701497831_n.jpg","contentUrl":"https:\/\/sandzakpress.net\/arhiva\/wp-content\/uploads\/2013\/06\/1_179755_661822487167130_1701497831_n.jpg","width":600,"height":413},{"@type":"BreadcrumbList","@id":"https:\/\/sandzakpress.net\/arhiva\/predsjednik-bnf-a-susreo-se-sa-zamjenikom-turskog-premijera-bekirom-bozdagom\/#breadcrumb","itemListElement":[{"@type":"ListItem","position":1,"name":"Home","item":"https:\/\/sandzakpress.net\/arhiva\/"},{"@type":"ListItem","position":2,"name":"Predsjednik BNF-a susreo se sa zamjenikom turskog premijera Bekirom Bozdagom"}]},{"@type":"WebSite","@id":"https:\/\/sandzakpress.net\/arhiva\/#website","url":"https:\/\/sandzakpress.net\/arhiva\/","name":"Sand\u017eak PRESS","description":"Prve elektronske novine u Sand\u017eaku","publisher":{"@id":"https:\/\/sandzakpress.net\/arhiva\/#\/schema\/person\/6e72b67d6e51910a1117b3b483ba20bd"},"potentialAction":[{"@type":"SearchAction","target":{"@type":"EntryPoint","urlTemplate":"https:\/\/sandzakpress.net\/arhiva\/?s={search_term_string}"},"query-input":{"@type":"PropertyValueSpecification","valueRequired":true,"valueName":"search_term_string"}}],"inLanguage":"bs-BA"},{"@type":["Person","Organization"],"@id":"https:\/\/sandzakpress.net\/arhiva\/#\/schema\/person\/6e72b67d6e51910a1117b3b483ba20bd","name":"Kul","image":{"@type":"ImageObject","inLanguage":"bs-BA","@id":"https:\/\/sandzakpress.net\/arhiva\/#\/schema\/person\/image\/","url":"https:\/\/secure.gravatar.com\/avatar\/42263f39aa27ac04c43cab85c280eb2e?s=96&d=mm&r=pg","contentUrl":"https:\/\/secure.gravatar.com\/avatar\/42263f39aa27ac04c43cab85c280eb2e?s=96&d=mm&r=pg","caption":"Kul"},"logo":{"@id":"https:\/\/sandzakpress.net\/arhiva\/#\/schema\/person\/image\/"}},{"@type":"Person","@id":"","url":"https:\/\/sandzakpress.net\/arhiva\/author\/"}]}},"_links":{"self":[{"href":"https:\/\/sandzakpress.net\/arhiva\/wp-json\/wp\/v2\/posts\/77790"}],"collection":[{"href":"https:\/\/sandzakpress.net\/arhiva\/wp-json\/wp\/v2\/posts"}],"about":[{"href":"https:\/\/sandzakpress.net\/arhiva\/wp-json\/wp\/v2\/types\/post"}],"author":[{"embeddable":true,"href":"https:\/\/sandzakpress.net\/arhiva\/wp-json\/wp\/v2\/users\/33"}],"replies":[{"embeddable":true,"href":"https:\/\/sandzakpress.net\/arhiva\/wp-json\/wp\/v2\/comments?post=77790"}],"version-history":[{"count":0,"href":"https:\/\/sandzakpress.net\/arhiva\/wp-json\/wp\/v2\/posts\/77790\/revisions"}],"wp:featuredmedia":[{"embeddable":true,"href":"https:\/\/sandzakpress.net\/arhiva\/wp-json\/wp\/v2\/media\/77789"}],"wp:attachment":[{"href":"https:\/\/sandzakpress.net\/arhiva\/wp-json\/wp\/v2\/media?parent=77790"}],"wp:term":[{"taxonomy":"category","embeddable":true,"href":"https:\/\/sandzakpress.net\/arhiva\/wp-json\/wp\/v2\/categories?post=77790"},{"taxonomy":"post_tag","embeddable":true,"href":"https:\/\/sandzakpress.net\/arhiva\/wp-json\/wp\/v2\/tags?post=77790"}],"curies":[{"name":"wp","href":"https:\/\/api.w.org\/{rel}","templated":true}]}}