{"id":77695,"date":"2013-06-01T20:44:29","date_gmt":"2013-06-01T18:44:29","guid":{"rendered":"https:\/\/sandzakpress.net\/arhiva\/?p=77695"},"modified":"2013-06-01T20:44:29","modified_gmt":"2013-06-01T18:44:29","slug":"arinc-provokatori-i-obavjestajne-sluzbe-stoje-iza-nereda-u-turskoj","status":"publish","type":"post","link":"https:\/\/sandzakpress.net\/arhiva\/arinc-provokatori-i-obavjestajne-sluzbe-stoje-iza-nereda-u-turskoj\/","title":{"rendered":"Arinc: Provokatori i obavje\u0161tajne slu\u017ebe stoje iza nereda u Turskoj"},"content":{"rendered":"<p><strong><a href=\"https:\/\/sandzakpress.net\/arhiva\/wp-content\/uploads\/2013\/06\/arinc-provokatori-i-obavjestajne-sluzbe-stoje-iza-nereda-u-turskoj_trt-bosanski-20238.jpg\"><img loading=\"lazy\" decoding=\"async\" class=\"alignleft size-medium wp-image-77696\" title=\"arinc-provokatori-i-obavjestajne-sluzbe-stoje-iza-nereda-u-turskoj_trt-bosanski-20238\" src=\"https:\/\/sandzakpress.net\/arhiva\/wp-content\/uploads\/2013\/06\/arinc-provokatori-i-obavjestajne-sluzbe-stoje-iza-nereda-u-turskoj_trt-bosanski-20238-300x181.jpg\" alt=\"\" width=\"300\" height=\"181\" \/><\/a>Turska &#8211; Zamjenik premijera Republike Turske Bulent Arinc, komentari\u0161u\u0107i nerede u Istanbulu, tokom sastanka vladaju\u0107e Partije pravde i razvoja (AK Parti) izjavio je da neke obavje\u0161tajne slu\u017ebe i provokatori \u017eele da stvore nerede i tenzije u Turskoj.<\/strong><\/p>\n<div>&#8220;O\u010digledno je da neki krugovi \u017eele da Turska postane zemlja u kojoj se lako mogu izazvati razni incidenti. Sjetimo se i provincije Reyhanli gdje su se desile eksplozije. Obavje\u0161tajne slu\u017ebe nekih zemalja i razni provokatori stoje iza ovih nareda, ali sam ubije\u0111en da ne\u0107e uspjeti u svojim namjerama da izmanipuliraju gra\u0111ane Turske i uni\u0161te socijalno tkivo zemlje&#8221;, rekao je Arinc.<\/div>\n<div><\/div>\n<div>Istakao je da svaki gra\u0111anin ima pravo da se protivi premje\u0161tanju stabala naglasiv\u0161i da &#8220;niko nema pravo da stvara haos i nerede u dru\u0161tvu&#8221;.<\/div>\n<div>&#8220;I sam bih se usprotivio ilegalnoj sje\u010di drve\u0107a i stabala. Moramo paziti na okoli\u0161 i dijelim zabrinutost svih gra\u0111ana koji istinski \u017eele da se posveti ve\u0107a pa\u017enja za\u0161titi zelenih povr\u0161ina i okoli\u0161a. Ali o\u010digledno je da su demonstranti u parku Gezi u centralnoj Istanbulskoj \u010detvrti Taksim poku\u0161ali da zloupotrijebe cijelu situaciju oko stabala i pokrenu gra\u0111ane protiv vlade&#8221;, rekao je Arinc.<\/div>\n<div>Napomenuo je da \u0107e biti ispitani svi navodi o prekomjernoj upotrebi sile prilikom intervencije policije protiv okupljenih demonstranata u parku Gezi.<\/div>\n<div>&#8220;Pojavile su se nemile scene u Istanbulu ju\u010der, ali sam siguran da policija nije uradila ni\u0161ta ilegalno. Mislim da je policija samo radila svoj posao kako bi osigurala sigurnost gra\u0111ana i uvela red i mir&#8221;, dodao je Arinc.<\/div>\n<div><\/div>\n<div>Istakao je da je cilj premje\u0161tanja starih stabala u parku Gezi bio da se pro\u0161iri prostor za pje\u0161ake u tom djelu Istanbula.<\/div>\n<div><\/div>\n<div>&#8220;Nije se premjestilo ni\u0161ta \u0161to nije bilo potrebno za tu namjeru. Tako\u0111er, stabla su preba\u010dena u jedan drugi dio grada gdje su zasa\u0111ena. Provokacije su tako nepotrebne jer je aktuelna vlada do sada posadila velike zelene povr\u0161ine&#8221;, kazao je Arinc.<\/div>\n<p>(trtbosanski)<\/p>\n","protected":false},"excerpt":{"rendered":"<p>Turska &#8211; Zamjenik premijera Republike Turske Bulent Arinc, komentari\u0161u\u0107i nerede u Istanbulu, tokom sastanka vladaju\u0107e Partije pravde i razvoja (AK Parti) izjavio je da neke obavje\u0161tajne slu\u017ebe i provokatori \u017eele da stvore nerede i tenzije u Turskoj. &#8220;O\u010digledno je da neki krugovi \u017eele da Turska postane zemlja u kojoj se lako mogu izazvati razni incidenti. [&hellip;]<\/p>\n","protected":false},"author":16,"featured_media":77696,"comment_status":"open","ping_status":"open","sticky":false,"template":"","format":"standard","meta":{"footnotes":""},"categories":[9,2692],"tags":[],"class_list":{"0":"post-77695","1":"post","2":"type-post","3":"status-publish","4":"format-standard","5":"has-post-thumbnail","7":"category-svijet","8":"category-turska-gradovi"},"yoast_head":"<!-- This site is optimized with the Yoast SEO Premium plugin v23.1 (Yoast SEO v24.9) - https:\/\/yoast.com\/wordpress\/plugins\/seo\/ -->\n<title>Arinc: Provokatori i obavje\u0161tajne slu\u017ebe stoje iza nereda u Turskoj<\/title>\n<meta name=\"robots\" content=\"index, follow, max-snippet:-1, max-image-preview:large, max-video-preview:-1\" \/>\n<link rel=\"canonical\" href=\"https:\/\/sandzakpress.net\/arhiva\/arinc-provokatori-i-obavjestajne-sluzbe-stoje-iza-nereda-u-turskoj\/\" \/>\n<meta property=\"og:locale\" content=\"bs_BA\" \/>\n<meta property=\"og:type\" content=\"article\" \/>\n<meta property=\"og:title\" content=\"Arinc: Provokatori i obavje\u0161tajne slu\u017ebe stoje iza nereda u Turskoj\" \/>\n<meta property=\"og:description\" content=\"Turska &#8211; Zamjenik premijera Republike Turske Bulent Arinc, komentari\u0161u\u0107i nerede u Istanbulu, tokom sastanka vladaju\u0107e Partije pravde i razvoja (AK Parti) izjavio je da neke obavje\u0161tajne slu\u017ebe i provokatori \u017eele da stvore nerede i tenzije u Turskoj. &#8220;O\u010digledno je da neki krugovi \u017eele da Turska postane zemlja u kojoj se lako mogu izazvati razni incidenti. [&hellip;]\" \/>\n<meta property=\"og:url\" content=\"https:\/\/sandzakpress.net\/arhiva\/arinc-provokatori-i-obavjestajne-sluzbe-stoje-iza-nereda-u-turskoj\/\" \/>\n<meta property=\"og:site_name\" content=\"Sand\u017eak PRESS\" \/>\n<meta property=\"article:published_time\" content=\"2013-06-01T18:44:29+00:00\" \/>\n<meta property=\"og:image\" content=\"https:\/\/sandzakpress.net\/arhiva\/wp-content\/uploads\/2013\/06\/arinc-provokatori-i-obavjestajne-sluzbe-stoje-iza-nereda-u-turskoj_trt-bosanski-20238.jpg\" \/>\n\t<meta property=\"og:image:width\" content=\"600\" \/>\n\t<meta property=\"og:image:height\" content=\"363\" \/>\n\t<meta property=\"og:image:type\" content=\"image\/jpeg\" \/>\n<meta name=\"twitter:card\" content=\"summary_large_image\" \/>\n<meta name=\"twitter:label1\" content=\"Written by\" \/>\n\t<meta name=\"twitter:data1\" content=\"\" \/>\n\t<meta name=\"twitter:label2\" content=\"Est. reading time\" \/>\n\t<meta name=\"twitter:data2\" content=\"2 minute\" \/>\n<script type=\"application\/ld+json\" class=\"yoast-schema-graph\">{\"@context\":\"https:\/\/schema.org\",\"@graph\":[{\"@type\":\"Article\",\"@id\":\"https:\/\/sandzakpress.net\/arhiva\/arinc-provokatori-i-obavjestajne-sluzbe-stoje-iza-nereda-u-turskoj\/#article\",\"isPartOf\":{\"@id\":\"https:\/\/sandzakpress.net\/arhiva\/arinc-provokatori-i-obavjestajne-sluzbe-stoje-iza-nereda-u-turskoj\/\"},\"author\":{\"name\":\"\",\"@id\":\"\"},\"headline\":\"Arinc: Provokatori i obavje\u0161tajne slu\u017ebe stoje iza nereda u Turskoj\",\"datePublished\":\"2013-06-01T18:44:29+00:00\",\"mainEntityOfPage\":{\"@id\":\"https:\/\/sandzakpress.net\/arhiva\/arinc-provokatori-i-obavjestajne-sluzbe-stoje-iza-nereda-u-turskoj\/\"},\"wordCount\":354,\"commentCount\":0,\"publisher\":{\"@id\":\"https:\/\/sandzakpress.net\/arhiva\/#\/schema\/person\/6e72b67d6e51910a1117b3b483ba20bd\"},\"image\":{\"@id\":\"https:\/\/sandzakpress.net\/arhiva\/arinc-provokatori-i-obavjestajne-sluzbe-stoje-iza-nereda-u-turskoj\/#primaryimage\"},\"thumbnailUrl\":\"https:\/\/sandzakpress.net\/arhiva\/wp-content\/uploads\/2013\/06\/arinc-provokatori-i-obavjestajne-sluzbe-stoje-iza-nereda-u-turskoj_trt-bosanski-20238.jpg\",\"articleSection\":[\"Svijet\",\"Turska\"],\"inLanguage\":\"bs-BA\",\"potentialAction\":[{\"@type\":\"CommentAction\",\"name\":\"Comment\",\"target\":[\"https:\/\/sandzakpress.net\/arhiva\/arinc-provokatori-i-obavjestajne-sluzbe-stoje-iza-nereda-u-turskoj\/#respond\"]}]},{\"@type\":\"WebPage\",\"@id\":\"https:\/\/sandzakpress.net\/arhiva\/arinc-provokatori-i-obavjestajne-sluzbe-stoje-iza-nereda-u-turskoj\/\",\"url\":\"https:\/\/sandzakpress.net\/arhiva\/arinc-provokatori-i-obavjestajne-sluzbe-stoje-iza-nereda-u-turskoj\/\",\"name\":\"Arinc: Provokatori i obavje\u0161tajne slu\u017ebe stoje iza nereda u Turskoj\",\"isPartOf\":{\"@id\":\"https:\/\/sandzakpress.net\/arhiva\/#website\"},\"primaryImageOfPage\":{\"@id\":\"https:\/\/sandzakpress.net\/arhiva\/arinc-provokatori-i-obavjestajne-sluzbe-stoje-iza-nereda-u-turskoj\/#primaryimage\"},\"image\":{\"@id\":\"https:\/\/sandzakpress.net\/arhiva\/arinc-provokatori-i-obavjestajne-sluzbe-stoje-iza-nereda-u-turskoj\/#primaryimage\"},\"thumbnailUrl\":\"https:\/\/sandzakpress.net\/arhiva\/wp-content\/uploads\/2013\/06\/arinc-provokatori-i-obavjestajne-sluzbe-stoje-iza-nereda-u-turskoj_trt-bosanski-20238.jpg\",\"datePublished\":\"2013-06-01T18:44:29+00:00\",\"breadcrumb\":{\"@id\":\"https:\/\/sandzakpress.net\/arhiva\/arinc-provokatori-i-obavjestajne-sluzbe-stoje-iza-nereda-u-turskoj\/#breadcrumb\"},\"inLanguage\":\"bs-BA\",\"potentialAction\":[{\"@type\":\"ReadAction\",\"target\":[\"https:\/\/sandzakpress.net\/arhiva\/arinc-provokatori-i-obavjestajne-sluzbe-stoje-iza-nereda-u-turskoj\/\"]}]},{\"@type\":\"ImageObject\",\"inLanguage\":\"bs-BA\",\"@id\":\"https:\/\/sandzakpress.net\/arhiva\/arinc-provokatori-i-obavjestajne-sluzbe-stoje-iza-nereda-u-turskoj\/#primaryimage\",\"url\":\"https:\/\/sandzakpress.net\/arhiva\/wp-content\/uploads\/2013\/06\/arinc-provokatori-i-obavjestajne-sluzbe-stoje-iza-nereda-u-turskoj_trt-bosanski-20238.jpg\",\"contentUrl\":\"https:\/\/sandzakpress.net\/arhiva\/wp-content\/uploads\/2013\/06\/arinc-provokatori-i-obavjestajne-sluzbe-stoje-iza-nereda-u-turskoj_trt-bosanski-20238.jpg\",\"width\":600,\"height\":363},{\"@type\":\"BreadcrumbList\",\"@id\":\"https:\/\/sandzakpress.net\/arhiva\/arinc-provokatori-i-obavjestajne-sluzbe-stoje-iza-nereda-u-turskoj\/#breadcrumb\",\"itemListElement\":[{\"@type\":\"ListItem\",\"position\":1,\"name\":\"Home\",\"item\":\"https:\/\/sandzakpress.net\/arhiva\/\"},{\"@type\":\"ListItem\",\"position\":2,\"name\":\"Arinc: Provokatori i obavje\u0161tajne slu\u017ebe stoje iza nereda u Turskoj\"}]},{\"@type\":\"WebSite\",\"@id\":\"https:\/\/sandzakpress.net\/arhiva\/#website\",\"url\":\"https:\/\/sandzakpress.net\/arhiva\/\",\"name\":\"Sand\u017eak PRESS\",\"description\":\"Prve elektronske novine u Sand\u017eaku\",\"publisher\":{\"@id\":\"https:\/\/sandzakpress.net\/arhiva\/#\/schema\/person\/6e72b67d6e51910a1117b3b483ba20bd\"},\"potentialAction\":[{\"@type\":\"SearchAction\",\"target\":{\"@type\":\"EntryPoint\",\"urlTemplate\":\"https:\/\/sandzakpress.net\/arhiva\/?s={search_term_string}\"},\"query-input\":{\"@type\":\"PropertyValueSpecification\",\"valueRequired\":true,\"valueName\":\"search_term_string\"}}],\"inLanguage\":\"bs-BA\"},{\"@type\":[\"Person\",\"Organization\"],\"@id\":\"https:\/\/sandzakpress.net\/arhiva\/#\/schema\/person\/6e72b67d6e51910a1117b3b483ba20bd\",\"name\":\"Kul\",\"image\":{\"@type\":\"ImageObject\",\"inLanguage\":\"bs-BA\",\"@id\":\"https:\/\/sandzakpress.net\/arhiva\/#\/schema\/person\/image\/\",\"url\":\"https:\/\/secure.gravatar.com\/avatar\/42263f39aa27ac04c43cab85c280eb2e?s=96&d=mm&r=pg\",\"contentUrl\":\"https:\/\/secure.gravatar.com\/avatar\/42263f39aa27ac04c43cab85c280eb2e?s=96&d=mm&r=pg\",\"caption\":\"Kul\"},\"logo\":{\"@id\":\"https:\/\/sandzakpress.net\/arhiva\/#\/schema\/person\/image\/\"}},{\"@type\":\"Person\",\"@id\":\"\",\"url\":\"https:\/\/sandzakpress.net\/arhiva\/author\/\"}]}<\/script>\n<!-- \/ Yoast SEO Premium plugin. -->","yoast_head_json":{"title":"Arinc: Provokatori i obavje\u0161tajne slu\u017ebe stoje iza nereda u Turskoj","robots":{"index":"index","follow":"follow","max-snippet":"max-snippet:-1","max-image-preview":"max-image-preview:large","max-video-preview":"max-video-preview:-1"},"canonical":"https:\/\/sandzakpress.net\/arhiva\/arinc-provokatori-i-obavjestajne-sluzbe-stoje-iza-nereda-u-turskoj\/","og_locale":"bs_BA","og_type":"article","og_title":"Arinc: Provokatori i obavje\u0161tajne slu\u017ebe stoje iza nereda u Turskoj","og_description":"Turska &#8211; Zamjenik premijera Republike Turske Bulent Arinc, komentari\u0161u\u0107i nerede u Istanbulu, tokom sastanka vladaju\u0107e Partije pravde i razvoja (AK Parti) izjavio je da neke obavje\u0161tajne slu\u017ebe i provokatori \u017eele da stvore nerede i tenzije u Turskoj. &#8220;O\u010digledno je da neki krugovi \u017eele da Turska postane zemlja u kojoj se lako mogu izazvati razni incidenti. [&hellip;]","og_url":"https:\/\/sandzakpress.net\/arhiva\/arinc-provokatori-i-obavjestajne-sluzbe-stoje-iza-nereda-u-turskoj\/","og_site_name":"Sand\u017eak PRESS","article_published_time":"2013-06-01T18:44:29+00:00","og_image":[{"width":600,"height":363,"url":"https:\/\/sandzakpress.net\/arhiva\/wp-content\/uploads\/2013\/06\/arinc-provokatori-i-obavjestajne-sluzbe-stoje-iza-nereda-u-turskoj_trt-bosanski-20238.jpg","type":"image\/jpeg"}],"twitter_card":"summary_large_image","twitter_misc":{"Written by":"","Est. reading time":"2 minute"},"schema":{"@context":"https:\/\/schema.org","@graph":[{"@type":"Article","@id":"https:\/\/sandzakpress.net\/arhiva\/arinc-provokatori-i-obavjestajne-sluzbe-stoje-iza-nereda-u-turskoj\/#article","isPartOf":{"@id":"https:\/\/sandzakpress.net\/arhiva\/arinc-provokatori-i-obavjestajne-sluzbe-stoje-iza-nereda-u-turskoj\/"},"author":{"name":"","@id":""},"headline":"Arinc: Provokatori i obavje\u0161tajne slu\u017ebe stoje iza nereda u Turskoj","datePublished":"2013-06-01T18:44:29+00:00","mainEntityOfPage":{"@id":"https:\/\/sandzakpress.net\/arhiva\/arinc-provokatori-i-obavjestajne-sluzbe-stoje-iza-nereda-u-turskoj\/"},"wordCount":354,"commentCount":0,"publisher":{"@id":"https:\/\/sandzakpress.net\/arhiva\/#\/schema\/person\/6e72b67d6e51910a1117b3b483ba20bd"},"image":{"@id":"https:\/\/sandzakpress.net\/arhiva\/arinc-provokatori-i-obavjestajne-sluzbe-stoje-iza-nereda-u-turskoj\/#primaryimage"},"thumbnailUrl":"https:\/\/sandzakpress.net\/arhiva\/wp-content\/uploads\/2013\/06\/arinc-provokatori-i-obavjestajne-sluzbe-stoje-iza-nereda-u-turskoj_trt-bosanski-20238.jpg","articleSection":["Svijet","Turska"],"inLanguage":"bs-BA","potentialAction":[{"@type":"CommentAction","name":"Comment","target":["https:\/\/sandzakpress.net\/arhiva\/arinc-provokatori-i-obavjestajne-sluzbe-stoje-iza-nereda-u-turskoj\/#respond"]}]},{"@type":"WebPage","@id":"https:\/\/sandzakpress.net\/arhiva\/arinc-provokatori-i-obavjestajne-sluzbe-stoje-iza-nereda-u-turskoj\/","url":"https:\/\/sandzakpress.net\/arhiva\/arinc-provokatori-i-obavjestajne-sluzbe-stoje-iza-nereda-u-turskoj\/","name":"Arinc: Provokatori i obavje\u0161tajne slu\u017ebe stoje iza nereda u Turskoj","isPartOf":{"@id":"https:\/\/sandzakpress.net\/arhiva\/#website"},"primaryImageOfPage":{"@id":"https:\/\/sandzakpress.net\/arhiva\/arinc-provokatori-i-obavjestajne-sluzbe-stoje-iza-nereda-u-turskoj\/#primaryimage"},"image":{"@id":"https:\/\/sandzakpress.net\/arhiva\/arinc-provokatori-i-obavjestajne-sluzbe-stoje-iza-nereda-u-turskoj\/#primaryimage"},"thumbnailUrl":"https:\/\/sandzakpress.net\/arhiva\/wp-content\/uploads\/2013\/06\/arinc-provokatori-i-obavjestajne-sluzbe-stoje-iza-nereda-u-turskoj_trt-bosanski-20238.jpg","datePublished":"2013-06-01T18:44:29+00:00","breadcrumb":{"@id":"https:\/\/sandzakpress.net\/arhiva\/arinc-provokatori-i-obavjestajne-sluzbe-stoje-iza-nereda-u-turskoj\/#breadcrumb"},"inLanguage":"bs-BA","potentialAction":[{"@type":"ReadAction","target":["https:\/\/sandzakpress.net\/arhiva\/arinc-provokatori-i-obavjestajne-sluzbe-stoje-iza-nereda-u-turskoj\/"]}]},{"@type":"ImageObject","inLanguage":"bs-BA","@id":"https:\/\/sandzakpress.net\/arhiva\/arinc-provokatori-i-obavjestajne-sluzbe-stoje-iza-nereda-u-turskoj\/#primaryimage","url":"https:\/\/sandzakpress.net\/arhiva\/wp-content\/uploads\/2013\/06\/arinc-provokatori-i-obavjestajne-sluzbe-stoje-iza-nereda-u-turskoj_trt-bosanski-20238.jpg","contentUrl":"https:\/\/sandzakpress.net\/arhiva\/wp-content\/uploads\/2013\/06\/arinc-provokatori-i-obavjestajne-sluzbe-stoje-iza-nereda-u-turskoj_trt-bosanski-20238.jpg","width":600,"height":363},{"@type":"BreadcrumbList","@id":"https:\/\/sandzakpress.net\/arhiva\/arinc-provokatori-i-obavjestajne-sluzbe-stoje-iza-nereda-u-turskoj\/#breadcrumb","itemListElement":[{"@type":"ListItem","position":1,"name":"Home","item":"https:\/\/sandzakpress.net\/arhiva\/"},{"@type":"ListItem","position":2,"name":"Arinc: Provokatori i obavje\u0161tajne slu\u017ebe stoje iza nereda u Turskoj"}]},{"@type":"WebSite","@id":"https:\/\/sandzakpress.net\/arhiva\/#website","url":"https:\/\/sandzakpress.net\/arhiva\/","name":"Sand\u017eak PRESS","description":"Prve elektronske novine u Sand\u017eaku","publisher":{"@id":"https:\/\/sandzakpress.net\/arhiva\/#\/schema\/person\/6e72b67d6e51910a1117b3b483ba20bd"},"potentialAction":[{"@type":"SearchAction","target":{"@type":"EntryPoint","urlTemplate":"https:\/\/sandzakpress.net\/arhiva\/?s={search_term_string}"},"query-input":{"@type":"PropertyValueSpecification","valueRequired":true,"valueName":"search_term_string"}}],"inLanguage":"bs-BA"},{"@type":["Person","Organization"],"@id":"https:\/\/sandzakpress.net\/arhiva\/#\/schema\/person\/6e72b67d6e51910a1117b3b483ba20bd","name":"Kul","image":{"@type":"ImageObject","inLanguage":"bs-BA","@id":"https:\/\/sandzakpress.net\/arhiva\/#\/schema\/person\/image\/","url":"https:\/\/secure.gravatar.com\/avatar\/42263f39aa27ac04c43cab85c280eb2e?s=96&d=mm&r=pg","contentUrl":"https:\/\/secure.gravatar.com\/avatar\/42263f39aa27ac04c43cab85c280eb2e?s=96&d=mm&r=pg","caption":"Kul"},"logo":{"@id":"https:\/\/sandzakpress.net\/arhiva\/#\/schema\/person\/image\/"}},{"@type":"Person","@id":"","url":"https:\/\/sandzakpress.net\/arhiva\/author\/"}]}},"_links":{"self":[{"href":"https:\/\/sandzakpress.net\/arhiva\/wp-json\/wp\/v2\/posts\/77695"}],"collection":[{"href":"https:\/\/sandzakpress.net\/arhiva\/wp-json\/wp\/v2\/posts"}],"about":[{"href":"https:\/\/sandzakpress.net\/arhiva\/wp-json\/wp\/v2\/types\/post"}],"author":[{"embeddable":true,"href":"https:\/\/sandzakpress.net\/arhiva\/wp-json\/wp\/v2\/users\/16"}],"replies":[{"embeddable":true,"href":"https:\/\/sandzakpress.net\/arhiva\/wp-json\/wp\/v2\/comments?post=77695"}],"version-history":[{"count":0,"href":"https:\/\/sandzakpress.net\/arhiva\/wp-json\/wp\/v2\/posts\/77695\/revisions"}],"wp:featuredmedia":[{"embeddable":true,"href":"https:\/\/sandzakpress.net\/arhiva\/wp-json\/wp\/v2\/media\/77696"}],"wp:attachment":[{"href":"https:\/\/sandzakpress.net\/arhiva\/wp-json\/wp\/v2\/media?parent=77695"}],"wp:term":[{"taxonomy":"category","embeddable":true,"href":"https:\/\/sandzakpress.net\/arhiva\/wp-json\/wp\/v2\/categories?post=77695"},{"taxonomy":"post_tag","embeddable":true,"href":"https:\/\/sandzakpress.net\/arhiva\/wp-json\/wp\/v2\/tags?post=77695"}],"curies":[{"name":"wp","href":"https:\/\/api.w.org\/{rel}","templated":true}]}}