{"id":7767,"date":"2010-09-09T01:10:41","date_gmt":"2010-09-09T01:10:41","guid":{"rendered":"https:\/\/sandzakpress.net\/arhiva\/?p=7767"},"modified":"2010-09-09T01:10:41","modified_gmt":"2010-09-09T01:10:41","slug":"legitimno-pravo-na-sandzak","status":"publish","type":"post","link":"https:\/\/sandzakpress.net\/arhiva\/legitimno-pravo-na-sandzak\/","title":{"rendered":"Legitimno pravo na Sand\u017eak"},"content":{"rendered":"<p><strong><a href=\"https:\/\/sandzakpress.net\/arhiva\/wp-content\/uploads\/2010\/09\/Sefket_krcic11_big1.jpg\"><img loading=\"lazy\" decoding=\"async\" class=\"alignleft size-medium wp-image-7768\" title=\"Sefket_krcic11_big1\" src=\"https:\/\/sandzakpress.net\/arhiva\/wp-content\/uploads\/2010\/09\/Sefket_krcic11_big1-300x259.jpg\" alt=\"\" width=\"300\" height=\"259\" \/><\/a>Ju\u017eni Sand\u017eak &#8211; Dru\u0161tvo za kulturu znanost i umjetnost Sand\u017eaka, sa sjedi\u0161tem u Novom Pazaru, ne mo\u017ee ostati ravnodu\u0161no na javna istupanja dr \u0160a\u0107ira Filandre, profesora Fakulteta politi\u010dkih nauka iz Sarajeva i novinara Rifata Rastodera, aktualnog potpredsjednika Parlementa Crne Gore u dnevniku \u201eVijesti\u201c, od 05. septembra 2010. g. (str.3.).<\/strong><\/p>\n<p>Naime, Filandra i Rastoder su se na neprimjeran na\u010din, suprotno njihovom intelektualnim renomeu, obru\u0161ili na legitimnu ideju povratka autonomije za Sand\u017eak, nazivaju\u0107i taj \u010din: \u201ePucanj u prazno koji nema podr\u0161ku u EU\u201c (Filandra) i \u201eNeko Bo\u0161njake uporno testira\u201c (Rastoder). Na taj na\u010din oni su se pridru\u017eili bezumnoj harangi protiv Bo\u0161njaka u Sand\u017eaku koju vode beograadski i podgori\u010dki mediji. Sve je to upereno protiv obnavljanja Narodnog vije\u0107a Sand\u017eaka (NVS) na \u010dijem je \u010delu poznati sand\u017ea\u010dki prvak D\u017eemail Suljevi\u0107, \u010diji je klju\u010dni zadatak povratak autonomije Sand\u017eaka i to na europskim principima. To je isto stajali\u0161te koje su uvek humanisti podr\u017eavali, a posebno sljedbenici legendarnog heroja Rifata Burd\u017eevi\u0107a.<\/p>\n<p>Da je kojim slu\u010dajem, na majskim izborima pao Milo \u0110ikanovi\u0107, sa svojom klikom, sigurno bi se dogodilo da se Rastoder kandiduje za jednog od lidera Bo\u0161njaka Sand\u017eaka. Me\u0111utim sada Rastoder govori ono \u0161to \u0110ukanovi\u0107 misli. S druge strane kada Rastoder i Filandra gostuju u Sand\u017eaku, sasvim suprotno zbore, pa nam nije jasno kada pri\u010daju istinu, a kada prepri\u010davaju narud\u017ebinu!<\/p>\n<p>U biti, ni prvi, ni drugi, ne razumiju probleme i \u017eelje gra\u0111ana Sand\u017eaka. Gra\u0111ani Sand\u017eaka su se masovno odazvali krajem oktobra 1991.g. kada su 98 odsto glasali za autonomiju. Zato, ako grije\u0161imo, onda ih pozivamo da do\u0111u u Novi Pazar, glavni grad Sand\u017eaka, koji ima dva univerziteta i vi\u0161e isturenih nastavnih odeljenja drugih univerziteta i da odr\u017ee predavanje o bo\u0161nja\u010dkom i sand\u017ea\u010dkom pitanju, ta\u010dnije da govore, odnosno da izla\u017eu svoja gledi\u0161ta u srcu Sand\u017eaka, tj. ono \u0161to mislite, a ne da plasiraju otrovne strijele preko crnogorskih medija. U njihovom istupanju u \u201eVijestima\u201c, oni napadaju jednu povijesnu ideju, koja ima upori\u0161te u realnom \u017eivotu. Ako to ne znaju naka Filandru podu\u010di profesor Muminovi\u0107 u Sarajevu, a Rastodera akademici Da\u0161i\u0107 i Laki\u0107 u Podgorici. Da oni ovo pitanje znaju ne bi tako nepromi\u0161ljeno istupali pred javnost Crne Gore i \u0161ire. Helem, bave se negiranjem Sand\u017eaka, \u0161to zna\u010di ne pucaju u prazno, ve\u0107 pucaju u sebe. To je njihovo intelektualno i nacionalno samoubistvo. Na taj na\u010din, negiranje Sand\u017eaka im je postalo zanimanje. Jednom rije\u010dju postali su de\u017eurni \u0110ukanovi telali, da o ovom pitanju zbore isklju\u010divo po narud\u017ebini.<br \/>\nUvjereni smo, da oni znaju da sand\u017ea\u010dka ideja vi\u0161e nije u sjenci totalitarnog srpsko-crnogorskog re\u017eima, i da, kao takva, vi\u0161e je nitko ne mo\u017ee zaustaviti, pa ni karada\u010dki hamali kao \u0161to su Filandra i Rastoder! Jer, sand\u017ea\u010dka ideja je legitimna i ima blagonaklonost mnogih subjekata u svijetu, ne samo od bo\u0161nja\u010dke dijaspore ve\u0107 i od brojnih drugih glasovitih institucija.<\/p>\n<p>Sand\u017ea\u010dko pitanje je legitimno i to sa klju\u010dnih aspekata: historijskog, me\u0111unarodno pravnog i nacionalnog aspekta. Zato, negirati tako poznatu ideju, zna\u010di nanositi zlo svom narodu i pomagati neprijateljima svoga naroda. Sand\u017eak nema nikakve veze sa genocidnom i dejtonskom tvorevinom Republikom Srpskom (koja egzistira od 1995.godine), na \u0161ta protogonisti Sand\u017eaka aludiraju. Do\u010dim, Sand\u017eak je vi\u0161evjekovna teritorijalna cjelina, koja je na nelegitiman na\u010din razbijena 1912, 1945, i 2006. godine.<\/p>\n<p>Izvor<strong>: Sandzak.nl<\/strong><\/p>\n","protected":false},"excerpt":{"rendered":"<p>Ju\u017eni Sand\u017eak &#8211; Dru\u0161tvo za kulturu znanost i umjetnost Sand\u017eaka, sa sjedi\u0161tem u Novom Pazaru, ne mo\u017ee ostati ravnodu\u0161no na javna istupanja dr \u0160a\u0107ira Filandre, profesora Fakulteta politi\u010dkih nauka iz Sarajeva i novinara Rifata Rastodera, aktualnog potpredsjednika Parlementa Crne Gore u dnevniku \u201eVijesti\u201c, od 05. septembra 2010. g. (str.3.). Naime, Filandra i Rastoder su se [&hellip;]<\/p>\n","protected":false},"author":83,"featured_media":7768,"comment_status":"open","ping_status":"open","sticky":false,"template":"","format":"standard","meta":{"footnotes":""},"categories":[398,800,397,396,395,399],"tags":[],"class_list":{"0":"post-7767","1":"post","2":"type-post","3":"status-publish","4":"format-standard","5":"has-post-thumbnail","7":"category-rozaje","8":"category-nacija","9":"category-berane","10":"category-bijelo_polje","11":"category-pljevlja_","12":"category-plav_"},"yoast_head":"<!-- This site is optimized with the Yoast SEO Premium plugin v23.1 (Yoast SEO v24.9) - https:\/\/yoast.com\/wordpress\/plugins\/seo\/ -->\n<title>Legitimno pravo na Sand\u017eak<\/title>\n<meta name=\"robots\" content=\"index, follow, max-snippet:-1, max-image-preview:large, max-video-preview:-1\" \/>\n<link rel=\"canonical\" href=\"https:\/\/sandzakpress.net\/arhiva\/legitimno-pravo-na-sandzak\/\" \/>\n<meta property=\"og:locale\" content=\"bs_BA\" \/>\n<meta property=\"og:type\" content=\"article\" \/>\n<meta property=\"og:title\" content=\"Legitimno pravo na Sand\u017eak\" \/>\n<meta property=\"og:description\" content=\"Ju\u017eni Sand\u017eak &#8211; Dru\u0161tvo za kulturu znanost i umjetnost Sand\u017eaka, sa sjedi\u0161tem u Novom Pazaru, ne mo\u017ee ostati ravnodu\u0161no na javna istupanja dr \u0160a\u0107ira Filandre, profesora Fakulteta politi\u010dkih nauka iz Sarajeva i novinara Rifata Rastodera, aktualnog potpredsjednika Parlementa Crne Gore u dnevniku \u201eVijesti\u201c, od 05. septembra 2010. g. (str.3.). Naime, Filandra i Rastoder su se [&hellip;]\" \/>\n<meta property=\"og:url\" content=\"https:\/\/sandzakpress.net\/arhiva\/legitimno-pravo-na-sandzak\/\" \/>\n<meta property=\"og:site_name\" content=\"Sand\u017eak PRESS\" \/>\n<meta property=\"article:published_time\" content=\"2010-09-09T01:10:41+00:00\" \/>\n<meta property=\"og:image\" content=\"https:\/\/sandzakpress.net\/arhiva\/wp-content\/uploads\/2010\/09\/Sefket_krcic11_big1.jpg\" \/>\n\t<meta property=\"og:image:width\" content=\"304\" \/>\n\t<meta property=\"og:image:height\" content=\"263\" \/>\n\t<meta property=\"og:image:type\" content=\"image\/jpeg\" \/>\n<meta name=\"author\" content=\"bosniak\" \/>\n<meta name=\"twitter:card\" content=\"summary_large_image\" \/>\n<meta name=\"twitter:label1\" content=\"Written by\" \/>\n\t<meta name=\"twitter:data1\" content=\"bosniak\" \/>\n\t<meta name=\"twitter:label2\" content=\"Est. reading time\" \/>\n\t<meta name=\"twitter:data2\" content=\"3 minute\" \/>\n<script type=\"application\/ld+json\" class=\"yoast-schema-graph\">{\"@context\":\"https:\/\/schema.org\",\"@graph\":[{\"@type\":\"Article\",\"@id\":\"https:\/\/sandzakpress.net\/arhiva\/legitimno-pravo-na-sandzak\/#article\",\"isPartOf\":{\"@id\":\"https:\/\/sandzakpress.net\/arhiva\/legitimno-pravo-na-sandzak\/\"},\"author\":{\"name\":\"bosniak\",\"@id\":\"https:\/\/sandzakpress.net\/arhiva\/#\/schema\/person\/c8baee722073534b583ea7bdb2e36c02\"},\"headline\":\"Legitimno pravo na Sand\u017eak\",\"datePublished\":\"2010-09-09T01:10:41+00:00\",\"mainEntityOfPage\":{\"@id\":\"https:\/\/sandzakpress.net\/arhiva\/legitimno-pravo-na-sandzak\/\"},\"wordCount\":615,\"commentCount\":1,\"publisher\":{\"@id\":\"https:\/\/sandzakpress.net\/arhiva\/#\/schema\/person\/6e72b67d6e51910a1117b3b483ba20bd\"},\"image\":{\"@id\":\"https:\/\/sandzakpress.net\/arhiva\/legitimno-pravo-na-sandzak\/#primaryimage\"},\"thumbnailUrl\":\"https:\/\/sandzakpress.net\/arhiva\/wp-content\/uploads\/2010\/09\/Sefket_krcic11_big1.jpg\",\"articleSection\":[\"Ro\u017eaje\",\"Nacija\",\"Berane\",\"Bijelo Polje\",\"Pljevlja\",\"Plav\"],\"inLanguage\":\"bs-BA\",\"potentialAction\":[{\"@type\":\"CommentAction\",\"name\":\"Comment\",\"target\":[\"https:\/\/sandzakpress.net\/arhiva\/legitimno-pravo-na-sandzak\/#respond\"]}]},{\"@type\":\"WebPage\",\"@id\":\"https:\/\/sandzakpress.net\/arhiva\/legitimno-pravo-na-sandzak\/\",\"url\":\"https:\/\/sandzakpress.net\/arhiva\/legitimno-pravo-na-sandzak\/\",\"name\":\"Legitimno pravo na Sand\u017eak\",\"isPartOf\":{\"@id\":\"https:\/\/sandzakpress.net\/arhiva\/#website\"},\"primaryImageOfPage\":{\"@id\":\"https:\/\/sandzakpress.net\/arhiva\/legitimno-pravo-na-sandzak\/#primaryimage\"},\"image\":{\"@id\":\"https:\/\/sandzakpress.net\/arhiva\/legitimno-pravo-na-sandzak\/#primaryimage\"},\"thumbnailUrl\":\"https:\/\/sandzakpress.net\/arhiva\/wp-content\/uploads\/2010\/09\/Sefket_krcic11_big1.jpg\",\"datePublished\":\"2010-09-09T01:10:41+00:00\",\"breadcrumb\":{\"@id\":\"https:\/\/sandzakpress.net\/arhiva\/legitimno-pravo-na-sandzak\/#breadcrumb\"},\"inLanguage\":\"bs-BA\",\"potentialAction\":[{\"@type\":\"ReadAction\",\"target\":[\"https:\/\/sandzakpress.net\/arhiva\/legitimno-pravo-na-sandzak\/\"]}]},{\"@type\":\"ImageObject\",\"inLanguage\":\"bs-BA\",\"@id\":\"https:\/\/sandzakpress.net\/arhiva\/legitimno-pravo-na-sandzak\/#primaryimage\",\"url\":\"https:\/\/sandzakpress.net\/arhiva\/wp-content\/uploads\/2010\/09\/Sefket_krcic11_big1.jpg\",\"contentUrl\":\"https:\/\/sandzakpress.net\/arhiva\/wp-content\/uploads\/2010\/09\/Sefket_krcic11_big1.jpg\",\"width\":304,\"height\":263},{\"@type\":\"BreadcrumbList\",\"@id\":\"https:\/\/sandzakpress.net\/arhiva\/legitimno-pravo-na-sandzak\/#breadcrumb\",\"itemListElement\":[{\"@type\":\"ListItem\",\"position\":1,\"name\":\"Home\",\"item\":\"https:\/\/sandzakpress.net\/arhiva\/\"},{\"@type\":\"ListItem\",\"position\":2,\"name\":\"Legitimno pravo na Sand\u017eak\"}]},{\"@type\":\"WebSite\",\"@id\":\"https:\/\/sandzakpress.net\/arhiva\/#website\",\"url\":\"https:\/\/sandzakpress.net\/arhiva\/\",\"name\":\"Sand\u017eak PRESS\",\"description\":\"Prve elektronske novine u Sand\u017eaku\",\"publisher\":{\"@id\":\"https:\/\/sandzakpress.net\/arhiva\/#\/schema\/person\/6e72b67d6e51910a1117b3b483ba20bd\"},\"potentialAction\":[{\"@type\":\"SearchAction\",\"target\":{\"@type\":\"EntryPoint\",\"urlTemplate\":\"https:\/\/sandzakpress.net\/arhiva\/?s={search_term_string}\"},\"query-input\":{\"@type\":\"PropertyValueSpecification\",\"valueRequired\":true,\"valueName\":\"search_term_string\"}}],\"inLanguage\":\"bs-BA\"},{\"@type\":[\"Person\",\"Organization\"],\"@id\":\"https:\/\/sandzakpress.net\/arhiva\/#\/schema\/person\/6e72b67d6e51910a1117b3b483ba20bd\",\"name\":\"Kul\",\"image\":{\"@type\":\"ImageObject\",\"inLanguage\":\"bs-BA\",\"@id\":\"https:\/\/sandzakpress.net\/arhiva\/#\/schema\/person\/image\/\",\"url\":\"https:\/\/secure.gravatar.com\/avatar\/42263f39aa27ac04c43cab85c280eb2e?s=96&d=mm&r=pg\",\"contentUrl\":\"https:\/\/secure.gravatar.com\/avatar\/42263f39aa27ac04c43cab85c280eb2e?s=96&d=mm&r=pg\",\"caption\":\"Kul\"},\"logo\":{\"@id\":\"https:\/\/sandzakpress.net\/arhiva\/#\/schema\/person\/image\/\"}},{\"@type\":\"Person\",\"@id\":\"https:\/\/sandzakpress.net\/arhiva\/#\/schema\/person\/c8baee722073534b583ea7bdb2e36c02\",\"name\":\"bosniak\",\"image\":{\"@type\":\"ImageObject\",\"inLanguage\":\"bs-BA\",\"@id\":\"https:\/\/sandzakpress.net\/arhiva\/#\/schema\/person\/image\/\",\"url\":\"https:\/\/secure.gravatar.com\/avatar\/a04fd330bfe3a36a72a0ad4a6d89fca7?s=96&d=mm&r=pg\",\"contentUrl\":\"https:\/\/secure.gravatar.com\/avatar\/a04fd330bfe3a36a72a0ad4a6d89fca7?s=96&d=mm&r=pg\",\"caption\":\"bosniak\"},\"url\":\"https:\/\/sandzakpress.net\/arhiva\/author\/bosniak\/\"}]}<\/script>\n<!-- \/ Yoast SEO Premium plugin. -->","yoast_head_json":{"title":"Legitimno pravo na Sand\u017eak","robots":{"index":"index","follow":"follow","max-snippet":"max-snippet:-1","max-image-preview":"max-image-preview:large","max-video-preview":"max-video-preview:-1"},"canonical":"https:\/\/sandzakpress.net\/arhiva\/legitimno-pravo-na-sandzak\/","og_locale":"bs_BA","og_type":"article","og_title":"Legitimno pravo na Sand\u017eak","og_description":"Ju\u017eni Sand\u017eak &#8211; Dru\u0161tvo za kulturu znanost i umjetnost Sand\u017eaka, sa sjedi\u0161tem u Novom Pazaru, ne mo\u017ee ostati ravnodu\u0161no na javna istupanja dr \u0160a\u0107ira Filandre, profesora Fakulteta politi\u010dkih nauka iz Sarajeva i novinara Rifata Rastodera, aktualnog potpredsjednika Parlementa Crne Gore u dnevniku \u201eVijesti\u201c, od 05. septembra 2010. g. (str.3.). Naime, Filandra i Rastoder su se [&hellip;]","og_url":"https:\/\/sandzakpress.net\/arhiva\/legitimno-pravo-na-sandzak\/","og_site_name":"Sand\u017eak PRESS","article_published_time":"2010-09-09T01:10:41+00:00","og_image":[{"width":304,"height":263,"url":"https:\/\/sandzakpress.net\/arhiva\/wp-content\/uploads\/2010\/09\/Sefket_krcic11_big1.jpg","type":"image\/jpeg"}],"author":"bosniak","twitter_card":"summary_large_image","twitter_misc":{"Written by":"bosniak","Est. reading time":"3 minute"},"schema":{"@context":"https:\/\/schema.org","@graph":[{"@type":"Article","@id":"https:\/\/sandzakpress.net\/arhiva\/legitimno-pravo-na-sandzak\/#article","isPartOf":{"@id":"https:\/\/sandzakpress.net\/arhiva\/legitimno-pravo-na-sandzak\/"},"author":{"name":"bosniak","@id":"https:\/\/sandzakpress.net\/arhiva\/#\/schema\/person\/c8baee722073534b583ea7bdb2e36c02"},"headline":"Legitimno pravo na Sand\u017eak","datePublished":"2010-09-09T01:10:41+00:00","mainEntityOfPage":{"@id":"https:\/\/sandzakpress.net\/arhiva\/legitimno-pravo-na-sandzak\/"},"wordCount":615,"commentCount":1,"publisher":{"@id":"https:\/\/sandzakpress.net\/arhiva\/#\/schema\/person\/6e72b67d6e51910a1117b3b483ba20bd"},"image":{"@id":"https:\/\/sandzakpress.net\/arhiva\/legitimno-pravo-na-sandzak\/#primaryimage"},"thumbnailUrl":"https:\/\/sandzakpress.net\/arhiva\/wp-content\/uploads\/2010\/09\/Sefket_krcic11_big1.jpg","articleSection":["Ro\u017eaje","Nacija","Berane","Bijelo Polje","Pljevlja","Plav"],"inLanguage":"bs-BA","potentialAction":[{"@type":"CommentAction","name":"Comment","target":["https:\/\/sandzakpress.net\/arhiva\/legitimno-pravo-na-sandzak\/#respond"]}]},{"@type":"WebPage","@id":"https:\/\/sandzakpress.net\/arhiva\/legitimno-pravo-na-sandzak\/","url":"https:\/\/sandzakpress.net\/arhiva\/legitimno-pravo-na-sandzak\/","name":"Legitimno pravo na Sand\u017eak","isPartOf":{"@id":"https:\/\/sandzakpress.net\/arhiva\/#website"},"primaryImageOfPage":{"@id":"https:\/\/sandzakpress.net\/arhiva\/legitimno-pravo-na-sandzak\/#primaryimage"},"image":{"@id":"https:\/\/sandzakpress.net\/arhiva\/legitimno-pravo-na-sandzak\/#primaryimage"},"thumbnailUrl":"https:\/\/sandzakpress.net\/arhiva\/wp-content\/uploads\/2010\/09\/Sefket_krcic11_big1.jpg","datePublished":"2010-09-09T01:10:41+00:00","breadcrumb":{"@id":"https:\/\/sandzakpress.net\/arhiva\/legitimno-pravo-na-sandzak\/#breadcrumb"},"inLanguage":"bs-BA","potentialAction":[{"@type":"ReadAction","target":["https:\/\/sandzakpress.net\/arhiva\/legitimno-pravo-na-sandzak\/"]}]},{"@type":"ImageObject","inLanguage":"bs-BA","@id":"https:\/\/sandzakpress.net\/arhiva\/legitimno-pravo-na-sandzak\/#primaryimage","url":"https:\/\/sandzakpress.net\/arhiva\/wp-content\/uploads\/2010\/09\/Sefket_krcic11_big1.jpg","contentUrl":"https:\/\/sandzakpress.net\/arhiva\/wp-content\/uploads\/2010\/09\/Sefket_krcic11_big1.jpg","width":304,"height":263},{"@type":"BreadcrumbList","@id":"https:\/\/sandzakpress.net\/arhiva\/legitimno-pravo-na-sandzak\/#breadcrumb","itemListElement":[{"@type":"ListItem","position":1,"name":"Home","item":"https:\/\/sandzakpress.net\/arhiva\/"},{"@type":"ListItem","position":2,"name":"Legitimno pravo na Sand\u017eak"}]},{"@type":"WebSite","@id":"https:\/\/sandzakpress.net\/arhiva\/#website","url":"https:\/\/sandzakpress.net\/arhiva\/","name":"Sand\u017eak PRESS","description":"Prve elektronske novine u Sand\u017eaku","publisher":{"@id":"https:\/\/sandzakpress.net\/arhiva\/#\/schema\/person\/6e72b67d6e51910a1117b3b483ba20bd"},"potentialAction":[{"@type":"SearchAction","target":{"@type":"EntryPoint","urlTemplate":"https:\/\/sandzakpress.net\/arhiva\/?s={search_term_string}"},"query-input":{"@type":"PropertyValueSpecification","valueRequired":true,"valueName":"search_term_string"}}],"inLanguage":"bs-BA"},{"@type":["Person","Organization"],"@id":"https:\/\/sandzakpress.net\/arhiva\/#\/schema\/person\/6e72b67d6e51910a1117b3b483ba20bd","name":"Kul","image":{"@type":"ImageObject","inLanguage":"bs-BA","@id":"https:\/\/sandzakpress.net\/arhiva\/#\/schema\/person\/image\/","url":"https:\/\/secure.gravatar.com\/avatar\/42263f39aa27ac04c43cab85c280eb2e?s=96&d=mm&r=pg","contentUrl":"https:\/\/secure.gravatar.com\/avatar\/42263f39aa27ac04c43cab85c280eb2e?s=96&d=mm&r=pg","caption":"Kul"},"logo":{"@id":"https:\/\/sandzakpress.net\/arhiva\/#\/schema\/person\/image\/"}},{"@type":"Person","@id":"https:\/\/sandzakpress.net\/arhiva\/#\/schema\/person\/c8baee722073534b583ea7bdb2e36c02","name":"bosniak","image":{"@type":"ImageObject","inLanguage":"bs-BA","@id":"https:\/\/sandzakpress.net\/arhiva\/#\/schema\/person\/image\/","url":"https:\/\/secure.gravatar.com\/avatar\/a04fd330bfe3a36a72a0ad4a6d89fca7?s=96&d=mm&r=pg","contentUrl":"https:\/\/secure.gravatar.com\/avatar\/a04fd330bfe3a36a72a0ad4a6d89fca7?s=96&d=mm&r=pg","caption":"bosniak"},"url":"https:\/\/sandzakpress.net\/arhiva\/author\/bosniak\/"}]}},"_links":{"self":[{"href":"https:\/\/sandzakpress.net\/arhiva\/wp-json\/wp\/v2\/posts\/7767"}],"collection":[{"href":"https:\/\/sandzakpress.net\/arhiva\/wp-json\/wp\/v2\/posts"}],"about":[{"href":"https:\/\/sandzakpress.net\/arhiva\/wp-json\/wp\/v2\/types\/post"}],"author":[{"embeddable":true,"href":"https:\/\/sandzakpress.net\/arhiva\/wp-json\/wp\/v2\/users\/83"}],"replies":[{"embeddable":true,"href":"https:\/\/sandzakpress.net\/arhiva\/wp-json\/wp\/v2\/comments?post=7767"}],"version-history":[{"count":0,"href":"https:\/\/sandzakpress.net\/arhiva\/wp-json\/wp\/v2\/posts\/7767\/revisions"}],"wp:featuredmedia":[{"embeddable":true,"href":"https:\/\/sandzakpress.net\/arhiva\/wp-json\/wp\/v2\/media\/7768"}],"wp:attachment":[{"href":"https:\/\/sandzakpress.net\/arhiva\/wp-json\/wp\/v2\/media?parent=7767"}],"wp:term":[{"taxonomy":"category","embeddable":true,"href":"https:\/\/sandzakpress.net\/arhiva\/wp-json\/wp\/v2\/categories?post=7767"},{"taxonomy":"post_tag","embeddable":true,"href":"https:\/\/sandzakpress.net\/arhiva\/wp-json\/wp\/v2\/tags?post=7767"}],"curies":[{"name":"wp","href":"https:\/\/api.w.org\/{rel}","templated":true}]}}