{"id":77559,"date":"2013-05-31T16:38:01","date_gmt":"2013-05-31T14:38:01","guid":{"rendered":"https:\/\/sandzakpress.net\/arhiva\/?p=77559"},"modified":"2013-05-31T16:38:01","modified_gmt":"2013-05-31T14:38:01","slug":"sukob-policije-i-demonstranata-u-istanbulu","status":"publish","type":"post","link":"https:\/\/sandzakpress.net\/arhiva\/sukob-policije-i-demonstranata-u-istanbulu\/","title":{"rendered":"Sukob policije i demonstranata u Istanbulu"},"content":{"rendered":"<p><strong><a href=\"https:\/\/sandzakpress.net\/arhiva\/wp-content\/uploads\/2013\/05\/sukob-policije-i-demonstranata-u-istanbulu_trt-bosanski-20199.jpg\"><img loading=\"lazy\" decoding=\"async\" class=\"alignleft size-medium wp-image-77560\" title=\"sukob-policije-i-demonstranata-u-istanbulu_trt-bosanski-20199\" src=\"https:\/\/sandzakpress.net\/arhiva\/wp-content\/uploads\/2013\/05\/sukob-policije-i-demonstranata-u-istanbulu_trt-bosanski-20199-300x181.jpg\" alt=\"\" width=\"300\" height=\"181\" \/><\/a>Turska &#8211; Grupa demonstranata sino\u0107 se okupila u centralnom istanbulskom Taksim Gazi Parku kako bi protestirali protiv po\u010detka gradnje u tom parku koji predvi\u0111a da se posijeku i stara stabla.<br \/>\n<\/strong><br \/>\nDemonstrantima su se u kasnim ve\u010dernjim satima pridru\u017eila i dva poslanika Velike skup\u0161tine Republike Turske iz reda vode\u0107e opozicione Narodne opozicione stranke (CHP), \u0161to je bio povod da policija privremeno prekine poku\u0161aj rastjerivanja mase suzavcima.<\/p>\n<p>Poslanik turskog parlamenta Ilhan Cihaner je kazao kako je poku\u0161ao telefonom razgovarati sa istanbulskim guvernerom i \u0161efom policije, ali da oni nisu odgovarali na njegove pozive.<\/p>\n<p>Policija je jutros oko pet sati po lokalnom vremenu uspjela rastjerati okupljene demonstrante i ukloniti \u0161atore i transparetne koje su postavili u parku.<\/p>\n<p>Tom prilikom do\u0161lo je do sukoba okupljenih i policije. Kako je izvijestio\u00a0 novinar AA, demonstranati su na policiju bacali staklene boce i kamenje.<\/p>\n<p>Lak\u0161e je povrije\u0111eno nekoliko demonstranata, a na mjesto doga\u0111aja stigle su i ekipe hitne medicinske pomo\u0107i i vatrogasnih slu\u017ebi.<\/p>\n<p>Nekoliko demonstranata je privedeno zbog naru\u0161avanja reda i mira u gradu.<\/p>\n<p>Specijalne policijske jedinice blokirale su ovu zonu i ne dozvoljavaju ulazak u Park.<\/p>\n<p>(trtbosanski)<\/p>\n","protected":false},"excerpt":{"rendered":"<p>Turska &#8211; Grupa demonstranata sino\u0107 se okupila u centralnom istanbulskom Taksim Gazi Parku kako bi protestirali protiv po\u010detka gradnje u tom parku koji predvi\u0111a da se posijeku i stara stabla. Demonstrantima su se u kasnim ve\u010dernjim satima pridru\u017eila i dva poslanika Velike skup\u0161tine Republike Turske iz reda vode\u0107e opozicione Narodne opozicione stranke (CHP), \u0161to je [&hellip;]<\/p>\n","protected":false},"author":16,"featured_media":77560,"comment_status":"open","ping_status":"open","sticky":false,"template":"","format":"standard","meta":{"footnotes":""},"categories":[800,2692],"tags":[],"class_list":{"0":"post-77559","1":"post","2":"type-post","3":"status-publish","4":"format-standard","5":"has-post-thumbnail","7":"category-nacija","8":"category-turska-gradovi"},"yoast_head":"<!-- This site is optimized with the Yoast SEO Premium plugin v23.1 (Yoast SEO v24.9) - https:\/\/yoast.com\/wordpress\/plugins\/seo\/ -->\n<title>Sukob policije i demonstranata u Istanbulu<\/title>\n<meta name=\"robots\" content=\"index, follow, max-snippet:-1, max-image-preview:large, max-video-preview:-1\" \/>\n<link rel=\"canonical\" href=\"https:\/\/sandzakpress.net\/arhiva\/sukob-policije-i-demonstranata-u-istanbulu\/\" \/>\n<meta property=\"og:locale\" content=\"bs_BA\" \/>\n<meta property=\"og:type\" content=\"article\" \/>\n<meta property=\"og:title\" content=\"Sukob policije i demonstranata u Istanbulu\" \/>\n<meta property=\"og:description\" content=\"Turska &#8211; Grupa demonstranata sino\u0107 se okupila u centralnom istanbulskom Taksim Gazi Parku kako bi protestirali protiv po\u010detka gradnje u tom parku koji predvi\u0111a da se posijeku i stara stabla. Demonstrantima su se u kasnim ve\u010dernjim satima pridru\u017eila i dva poslanika Velike skup\u0161tine Republike Turske iz reda vode\u0107e opozicione Narodne opozicione stranke (CHP), \u0161to je [&hellip;]\" \/>\n<meta property=\"og:url\" content=\"https:\/\/sandzakpress.net\/arhiva\/sukob-policije-i-demonstranata-u-istanbulu\/\" \/>\n<meta property=\"og:site_name\" content=\"Sand\u017eak PRESS\" \/>\n<meta property=\"article:published_time\" content=\"2013-05-31T14:38:01+00:00\" \/>\n<meta property=\"og:image\" content=\"https:\/\/sandzakpress.net\/arhiva\/wp-content\/uploads\/2013\/05\/sukob-policije-i-demonstranata-u-istanbulu_trt-bosanski-20199.jpg\" \/>\n\t<meta property=\"og:image:width\" content=\"600\" \/>\n\t<meta property=\"og:image:height\" content=\"363\" \/>\n\t<meta property=\"og:image:type\" content=\"image\/jpeg\" \/>\n<meta name=\"twitter:card\" content=\"summary_large_image\" \/>\n<meta name=\"twitter:label1\" content=\"Written by\" \/>\n\t<meta name=\"twitter:data1\" content=\"\" \/>\n\t<meta name=\"twitter:label2\" content=\"Est. reading time\" \/>\n\t<meta name=\"twitter:data2\" content=\"1 minuta\" \/>\n<script type=\"application\/ld+json\" class=\"yoast-schema-graph\">{\"@context\":\"https:\/\/schema.org\",\"@graph\":[{\"@type\":\"Article\",\"@id\":\"https:\/\/sandzakpress.net\/arhiva\/sukob-policije-i-demonstranata-u-istanbulu\/#article\",\"isPartOf\":{\"@id\":\"https:\/\/sandzakpress.net\/arhiva\/sukob-policije-i-demonstranata-u-istanbulu\/\"},\"author\":{\"name\":\"\",\"@id\":\"\"},\"headline\":\"Sukob policije i demonstranata u Istanbulu\",\"datePublished\":\"2013-05-31T14:38:01+00:00\",\"mainEntityOfPage\":{\"@id\":\"https:\/\/sandzakpress.net\/arhiva\/sukob-policije-i-demonstranata-u-istanbulu\/\"},\"wordCount\":202,\"commentCount\":0,\"publisher\":{\"@id\":\"https:\/\/sandzakpress.net\/arhiva\/#\/schema\/person\/6e72b67d6e51910a1117b3b483ba20bd\"},\"image\":{\"@id\":\"https:\/\/sandzakpress.net\/arhiva\/sukob-policije-i-demonstranata-u-istanbulu\/#primaryimage\"},\"thumbnailUrl\":\"https:\/\/sandzakpress.net\/arhiva\/wp-content\/uploads\/2013\/05\/sukob-policije-i-demonstranata-u-istanbulu_trt-bosanski-20199.jpg\",\"articleSection\":[\"Nacija\",\"Turska\"],\"inLanguage\":\"bs-BA\",\"potentialAction\":[{\"@type\":\"CommentAction\",\"name\":\"Comment\",\"target\":[\"https:\/\/sandzakpress.net\/arhiva\/sukob-policije-i-demonstranata-u-istanbulu\/#respond\"]}]},{\"@type\":\"WebPage\",\"@id\":\"https:\/\/sandzakpress.net\/arhiva\/sukob-policije-i-demonstranata-u-istanbulu\/\",\"url\":\"https:\/\/sandzakpress.net\/arhiva\/sukob-policije-i-demonstranata-u-istanbulu\/\",\"name\":\"Sukob policije i demonstranata u Istanbulu\",\"isPartOf\":{\"@id\":\"https:\/\/sandzakpress.net\/arhiva\/#website\"},\"primaryImageOfPage\":{\"@id\":\"https:\/\/sandzakpress.net\/arhiva\/sukob-policije-i-demonstranata-u-istanbulu\/#primaryimage\"},\"image\":{\"@id\":\"https:\/\/sandzakpress.net\/arhiva\/sukob-policije-i-demonstranata-u-istanbulu\/#primaryimage\"},\"thumbnailUrl\":\"https:\/\/sandzakpress.net\/arhiva\/wp-content\/uploads\/2013\/05\/sukob-policije-i-demonstranata-u-istanbulu_trt-bosanski-20199.jpg\",\"datePublished\":\"2013-05-31T14:38:01+00:00\",\"breadcrumb\":{\"@id\":\"https:\/\/sandzakpress.net\/arhiva\/sukob-policije-i-demonstranata-u-istanbulu\/#breadcrumb\"},\"inLanguage\":\"bs-BA\",\"potentialAction\":[{\"@type\":\"ReadAction\",\"target\":[\"https:\/\/sandzakpress.net\/arhiva\/sukob-policije-i-demonstranata-u-istanbulu\/\"]}]},{\"@type\":\"ImageObject\",\"inLanguage\":\"bs-BA\",\"@id\":\"https:\/\/sandzakpress.net\/arhiva\/sukob-policije-i-demonstranata-u-istanbulu\/#primaryimage\",\"url\":\"https:\/\/sandzakpress.net\/arhiva\/wp-content\/uploads\/2013\/05\/sukob-policije-i-demonstranata-u-istanbulu_trt-bosanski-20199.jpg\",\"contentUrl\":\"https:\/\/sandzakpress.net\/arhiva\/wp-content\/uploads\/2013\/05\/sukob-policije-i-demonstranata-u-istanbulu_trt-bosanski-20199.jpg\",\"width\":600,\"height\":363},{\"@type\":\"BreadcrumbList\",\"@id\":\"https:\/\/sandzakpress.net\/arhiva\/sukob-policije-i-demonstranata-u-istanbulu\/#breadcrumb\",\"itemListElement\":[{\"@type\":\"ListItem\",\"position\":1,\"name\":\"Home\",\"item\":\"https:\/\/sandzakpress.net\/arhiva\/\"},{\"@type\":\"ListItem\",\"position\":2,\"name\":\"Sukob policije i demonstranata u Istanbulu\"}]},{\"@type\":\"WebSite\",\"@id\":\"https:\/\/sandzakpress.net\/arhiva\/#website\",\"url\":\"https:\/\/sandzakpress.net\/arhiva\/\",\"name\":\"Sand\u017eak PRESS\",\"description\":\"Prve elektronske novine u Sand\u017eaku\",\"publisher\":{\"@id\":\"https:\/\/sandzakpress.net\/arhiva\/#\/schema\/person\/6e72b67d6e51910a1117b3b483ba20bd\"},\"potentialAction\":[{\"@type\":\"SearchAction\",\"target\":{\"@type\":\"EntryPoint\",\"urlTemplate\":\"https:\/\/sandzakpress.net\/arhiva\/?s={search_term_string}\"},\"query-input\":{\"@type\":\"PropertyValueSpecification\",\"valueRequired\":true,\"valueName\":\"search_term_string\"}}],\"inLanguage\":\"bs-BA\"},{\"@type\":[\"Person\",\"Organization\"],\"@id\":\"https:\/\/sandzakpress.net\/arhiva\/#\/schema\/person\/6e72b67d6e51910a1117b3b483ba20bd\",\"name\":\"Kul\",\"image\":{\"@type\":\"ImageObject\",\"inLanguage\":\"bs-BA\",\"@id\":\"https:\/\/sandzakpress.net\/arhiva\/#\/schema\/person\/image\/\",\"url\":\"https:\/\/secure.gravatar.com\/avatar\/42263f39aa27ac04c43cab85c280eb2e?s=96&d=mm&r=pg\",\"contentUrl\":\"https:\/\/secure.gravatar.com\/avatar\/42263f39aa27ac04c43cab85c280eb2e?s=96&d=mm&r=pg\",\"caption\":\"Kul\"},\"logo\":{\"@id\":\"https:\/\/sandzakpress.net\/arhiva\/#\/schema\/person\/image\/\"}},{\"@type\":\"Person\",\"@id\":\"\",\"url\":\"https:\/\/sandzakpress.net\/arhiva\/author\/\"}]}<\/script>\n<!-- \/ Yoast SEO Premium plugin. -->","yoast_head_json":{"title":"Sukob policije i demonstranata u Istanbulu","robots":{"index":"index","follow":"follow","max-snippet":"max-snippet:-1","max-image-preview":"max-image-preview:large","max-video-preview":"max-video-preview:-1"},"canonical":"https:\/\/sandzakpress.net\/arhiva\/sukob-policije-i-demonstranata-u-istanbulu\/","og_locale":"bs_BA","og_type":"article","og_title":"Sukob policije i demonstranata u Istanbulu","og_description":"Turska &#8211; Grupa demonstranata sino\u0107 se okupila u centralnom istanbulskom Taksim Gazi Parku kako bi protestirali protiv po\u010detka gradnje u tom parku koji predvi\u0111a da se posijeku i stara stabla. Demonstrantima su se u kasnim ve\u010dernjim satima pridru\u017eila i dva poslanika Velike skup\u0161tine Republike Turske iz reda vode\u0107e opozicione Narodne opozicione stranke (CHP), \u0161to je [&hellip;]","og_url":"https:\/\/sandzakpress.net\/arhiva\/sukob-policije-i-demonstranata-u-istanbulu\/","og_site_name":"Sand\u017eak PRESS","article_published_time":"2013-05-31T14:38:01+00:00","og_image":[{"width":600,"height":363,"url":"https:\/\/sandzakpress.net\/arhiva\/wp-content\/uploads\/2013\/05\/sukob-policije-i-demonstranata-u-istanbulu_trt-bosanski-20199.jpg","type":"image\/jpeg"}],"twitter_card":"summary_large_image","twitter_misc":{"Written by":"","Est. reading time":"1 minuta"},"schema":{"@context":"https:\/\/schema.org","@graph":[{"@type":"Article","@id":"https:\/\/sandzakpress.net\/arhiva\/sukob-policije-i-demonstranata-u-istanbulu\/#article","isPartOf":{"@id":"https:\/\/sandzakpress.net\/arhiva\/sukob-policije-i-demonstranata-u-istanbulu\/"},"author":{"name":"","@id":""},"headline":"Sukob policije i demonstranata u Istanbulu","datePublished":"2013-05-31T14:38:01+00:00","mainEntityOfPage":{"@id":"https:\/\/sandzakpress.net\/arhiva\/sukob-policije-i-demonstranata-u-istanbulu\/"},"wordCount":202,"commentCount":0,"publisher":{"@id":"https:\/\/sandzakpress.net\/arhiva\/#\/schema\/person\/6e72b67d6e51910a1117b3b483ba20bd"},"image":{"@id":"https:\/\/sandzakpress.net\/arhiva\/sukob-policije-i-demonstranata-u-istanbulu\/#primaryimage"},"thumbnailUrl":"https:\/\/sandzakpress.net\/arhiva\/wp-content\/uploads\/2013\/05\/sukob-policije-i-demonstranata-u-istanbulu_trt-bosanski-20199.jpg","articleSection":["Nacija","Turska"],"inLanguage":"bs-BA","potentialAction":[{"@type":"CommentAction","name":"Comment","target":["https:\/\/sandzakpress.net\/arhiva\/sukob-policije-i-demonstranata-u-istanbulu\/#respond"]}]},{"@type":"WebPage","@id":"https:\/\/sandzakpress.net\/arhiva\/sukob-policije-i-demonstranata-u-istanbulu\/","url":"https:\/\/sandzakpress.net\/arhiva\/sukob-policije-i-demonstranata-u-istanbulu\/","name":"Sukob policije i demonstranata u Istanbulu","isPartOf":{"@id":"https:\/\/sandzakpress.net\/arhiva\/#website"},"primaryImageOfPage":{"@id":"https:\/\/sandzakpress.net\/arhiva\/sukob-policije-i-demonstranata-u-istanbulu\/#primaryimage"},"image":{"@id":"https:\/\/sandzakpress.net\/arhiva\/sukob-policije-i-demonstranata-u-istanbulu\/#primaryimage"},"thumbnailUrl":"https:\/\/sandzakpress.net\/arhiva\/wp-content\/uploads\/2013\/05\/sukob-policije-i-demonstranata-u-istanbulu_trt-bosanski-20199.jpg","datePublished":"2013-05-31T14:38:01+00:00","breadcrumb":{"@id":"https:\/\/sandzakpress.net\/arhiva\/sukob-policije-i-demonstranata-u-istanbulu\/#breadcrumb"},"inLanguage":"bs-BA","potentialAction":[{"@type":"ReadAction","target":["https:\/\/sandzakpress.net\/arhiva\/sukob-policije-i-demonstranata-u-istanbulu\/"]}]},{"@type":"ImageObject","inLanguage":"bs-BA","@id":"https:\/\/sandzakpress.net\/arhiva\/sukob-policije-i-demonstranata-u-istanbulu\/#primaryimage","url":"https:\/\/sandzakpress.net\/arhiva\/wp-content\/uploads\/2013\/05\/sukob-policije-i-demonstranata-u-istanbulu_trt-bosanski-20199.jpg","contentUrl":"https:\/\/sandzakpress.net\/arhiva\/wp-content\/uploads\/2013\/05\/sukob-policije-i-demonstranata-u-istanbulu_trt-bosanski-20199.jpg","width":600,"height":363},{"@type":"BreadcrumbList","@id":"https:\/\/sandzakpress.net\/arhiva\/sukob-policije-i-demonstranata-u-istanbulu\/#breadcrumb","itemListElement":[{"@type":"ListItem","position":1,"name":"Home","item":"https:\/\/sandzakpress.net\/arhiva\/"},{"@type":"ListItem","position":2,"name":"Sukob policije i demonstranata u Istanbulu"}]},{"@type":"WebSite","@id":"https:\/\/sandzakpress.net\/arhiva\/#website","url":"https:\/\/sandzakpress.net\/arhiva\/","name":"Sand\u017eak PRESS","description":"Prve elektronske novine u Sand\u017eaku","publisher":{"@id":"https:\/\/sandzakpress.net\/arhiva\/#\/schema\/person\/6e72b67d6e51910a1117b3b483ba20bd"},"potentialAction":[{"@type":"SearchAction","target":{"@type":"EntryPoint","urlTemplate":"https:\/\/sandzakpress.net\/arhiva\/?s={search_term_string}"},"query-input":{"@type":"PropertyValueSpecification","valueRequired":true,"valueName":"search_term_string"}}],"inLanguage":"bs-BA"},{"@type":["Person","Organization"],"@id":"https:\/\/sandzakpress.net\/arhiva\/#\/schema\/person\/6e72b67d6e51910a1117b3b483ba20bd","name":"Kul","image":{"@type":"ImageObject","inLanguage":"bs-BA","@id":"https:\/\/sandzakpress.net\/arhiva\/#\/schema\/person\/image\/","url":"https:\/\/secure.gravatar.com\/avatar\/42263f39aa27ac04c43cab85c280eb2e?s=96&d=mm&r=pg","contentUrl":"https:\/\/secure.gravatar.com\/avatar\/42263f39aa27ac04c43cab85c280eb2e?s=96&d=mm&r=pg","caption":"Kul"},"logo":{"@id":"https:\/\/sandzakpress.net\/arhiva\/#\/schema\/person\/image\/"}},{"@type":"Person","@id":"","url":"https:\/\/sandzakpress.net\/arhiva\/author\/"}]}},"_links":{"self":[{"href":"https:\/\/sandzakpress.net\/arhiva\/wp-json\/wp\/v2\/posts\/77559"}],"collection":[{"href":"https:\/\/sandzakpress.net\/arhiva\/wp-json\/wp\/v2\/posts"}],"about":[{"href":"https:\/\/sandzakpress.net\/arhiva\/wp-json\/wp\/v2\/types\/post"}],"author":[{"embeddable":true,"href":"https:\/\/sandzakpress.net\/arhiva\/wp-json\/wp\/v2\/users\/16"}],"replies":[{"embeddable":true,"href":"https:\/\/sandzakpress.net\/arhiva\/wp-json\/wp\/v2\/comments?post=77559"}],"version-history":[{"count":0,"href":"https:\/\/sandzakpress.net\/arhiva\/wp-json\/wp\/v2\/posts\/77559\/revisions"}],"wp:featuredmedia":[{"embeddable":true,"href":"https:\/\/sandzakpress.net\/arhiva\/wp-json\/wp\/v2\/media\/77560"}],"wp:attachment":[{"href":"https:\/\/sandzakpress.net\/arhiva\/wp-json\/wp\/v2\/media?parent=77559"}],"wp:term":[{"taxonomy":"category","embeddable":true,"href":"https:\/\/sandzakpress.net\/arhiva\/wp-json\/wp\/v2\/categories?post=77559"},{"taxonomy":"post_tag","embeddable":true,"href":"https:\/\/sandzakpress.net\/arhiva\/wp-json\/wp\/v2\/tags?post=77559"}],"curies":[{"name":"wp","href":"https:\/\/api.w.org\/{rel}","templated":true}]}}