{"id":77556,"date":"2013-05-31T16:37:02","date_gmt":"2013-05-31T14:37:02","guid":{"rendered":"https:\/\/sandzakpress.net\/arhiva\/?p=77556"},"modified":"2013-05-31T16:37:02","modified_gmt":"2013-05-31T14:37:02","slug":"obiljezavanje-560-godisnjice-osvajanja-istanbula","status":"publish","type":"post","link":"https:\/\/sandzakpress.net\/arhiva\/obiljezavanje-560-godisnjice-osvajanja-istanbula\/","title":{"rendered":"Obilje\u017eavanje 560. godi\u0161njice osvajanja Istanbula"},"content":{"rendered":"<p><strong><a href=\"https:\/\/sandzakpress.net\/arhiva\/wp-content\/uploads\/2013\/05\/godisnjica-osvajanja-istanbula-ili-cu-ja-osvojiti-istanbul-ili-ce-istanbul-osvojiti-mene_trt-bosanski-20135.jpg\"><img loading=\"lazy\" decoding=\"async\" class=\"alignleft size-medium wp-image-77557\" title=\"godisnjica-osvajanja-istanbula-ili-cu-ja-osvojiti-istanbul-ili-ce-istanbul-osvojiti-mene_trt-bosanski-20135\" src=\"https:\/\/sandzakpress.net\/arhiva\/wp-content\/uploads\/2013\/05\/godisnjica-osvajanja-istanbula-ili-cu-ja-osvojiti-istanbul-ili-ce-istanbul-osvojiti-mene_trt-bosanski-20135-300x181.jpg\" alt=\"\" width=\"300\" height=\"181\" srcset=\"https:\/\/sandzakpress.net\/arhiva\/wp-content\/uploads\/2013\/05\/godisnjica-osvajanja-istanbula-ili-cu-ja-osvojiti-istanbul-ili-ce-istanbul-osvojiti-mene_trt-bosanski-20135-300x181.jpg 300w, https:\/\/sandzakpress.net\/arhiva\/wp-content\/uploads\/2013\/05\/godisnjica-osvajanja-istanbula-ili-cu-ja-osvojiti-istanbul-ili-ce-istanbul-osvojiti-mene_trt-bosanski-20135.jpg 600w\" sizes=\"(max-width: 300px) 100vw, 300px\" \/><\/a>Turska &#8211; U Istanbulu su po\u010dele proslave u znak obilje\u017eavanja 560-te godi\u0161njice od osvajanja grada.<\/strong><\/p>\n<div>\n<div>Obilje\u017eavanje ovog zna\u010dajnog datuma zapo\u010delo je u kompleksu Sultana Mehmeda Fatiha, u\u010denjem Kur'ana i zajedni\u010dkim namazima.<\/div>\n<div>Posjetiocima je nakon vjerske ceremonije poslu\u017eeno \u0161erbe i turske poslastice, a svojim prisustvom je ovaj datum obilje\u017eio i guverner Istanbula, Huseyin Avni Mutlu, u pratnji \u010delnika gradske uprave.<\/div>\n<\/div>\n<div>Ljudi koji \u017eele zavladati svijetom; takvi su pravi vizionari. Mehmed II, koji je sa samo 21 godinu preuzeo prijestolje, kao sedmi sultan Osmanskog carstva, imao je umije\u0107e, znanje i \u017eelju da vlada svijetom. Pokoriti Grad na Bosforu, ono u \u010demu nije bio uspje\u0161an njegov predak Yildirim Beyazit 1390. godine, bila je njegova sudbina.<\/div>\n<div>Istanbul&#8230; svjetski grad, \u010dija historija se prote\u017ee do prethistorijskih vremena; grad na stjeci\u0161tu Evrope i Azije.<\/div>\n<div>Za kraljeve i sultane svih najmo\u0107nijih imperija tokom historije Istanbul je uvijek bio san. Kralj Filip Makedonski je 340. godine p.n.e. bio prvi koji je opkolio grad sa neodoljivom \u017eeljom da ga pokori. Prije nego su ga Osmanlije osvojile, grad je pod opsadom bio 29 puta. Svaki od osvaja\u010da i civilizacija koje su se smjestile u ovom gradu, ostavili su li\u010dne tragove, drugima, da ih vide. Od svoje su ljepote i bogatstva dodali njegovom bogatstvu. Istanbul je oduvijek bio dom za razli\u010dite vjere, rase i jezike, obzirom da su njime kroz historiju vladale razli\u010dite civilizacije.<\/div>\n<div>Oni koji su vladali Istanbulom, ujedno su vladali i \u0161irim regionom, koji je sastajali\u0161te Evrope, Azije i Afrike. Uveliko su uticali na svjetsku historiju. Ve\u0107 od 330. godine n.e., Istanbul bija\u0161e prijestolnica Rimskog carstva, Bizanta i Latinske imperije. Sva tri su carstva u historiji zabilje\u017eena kao najja\u010da, najbogatija i najuticajnija u njihovom dobu.<\/div>\n<div>Kada je preuzeo prijestolje, 1451. godine, iako jo\u0161 uvijek vrlo mlad, Mehmed II je bio potkovan sa dovoljno znanja da su mu bile poznate sve historijske \u010dinjenice, ali i vo\u0111en snom da osvoji Istanbul.<\/div>\n<div>U to doba, Osmansko je carstvo iza sebe ostavilo jedan veoma kompliciran period i ponovo je bilo dovoljno jako da ovlada cijelom regijom. Osmansko carstvo je izvojevalo mnoge pobjede i osvajalo nepregledne teritorije. Me\u0111utim, za Mehmeda II to jo\u0161 uvijek nije bilo dovoljno, jer je od Osmanskog carstva htio napraviti globalnu silu.<\/div>\n<div>Jedini preostali izazov pred Mehmedom II bio je Istanbul, koji je jo\u0161 uvijek bio izvan njegove vladavine. U to vrijeme, Istanbul je bio najve\u0107i trgova\u010dki i kulturni centar u regionu, a osim toga, u njemu je bilo i sjedi\u0161te Pravoslavne crkve.<\/div>\n<div>Njegova geografska pozicija, spoznaja da predstavlja vjerski centar i da je jedan od najuticajnijih gradova svijeta u pogledu kulture i trgovine sve su \u010dinjenice koje su doprinosile vrijednosti Istanbula. Jedini na\u010din da se carstvo pretvori u glabalnu silu, bilo je osvajanje Istanbula. Sultan Mehemd II je bio u velikoj mjeri svjestan te \u010dinjenice.<\/div>\n<div>Stoga je, \u010dim je preuzeo prijestolje, po\u010deo sa pripremama za neizbje\u017eno osvajanje. Zapadnja\u010dke zemlje su smatrale da je novi sultan i previ\u0161e mlad i neiskusan da bi predstavljao ozbiljniju prijetnju. Pa\u0161e i visoki zvani\u010dnici njegovog carstva tako\u0111er su smatrali da Mehmed II nije spreman za napad. Me\u0111utim, sultan Mehmed II je bio odlu\u010dan u namjeri da preuzme Grad na Bosforu. Vo\u0111en tom odlu\u010dno\u0161\u0107u, po\u010deo je sa pripremama.<\/div>\n<div>Najprije je sagradio Rumelijsku utvrdu, preko puta Anadolske tvr\u0111ave &#8211; koju je izgradio njegov djed Yildirim Beyazit, kako bi bolje kontrolisao prolaze na moru. Poslao je posebnu grupu vojnika, koja bi neutralisala mogu\u0107e poja\u010danje iz Evrope. Naredio je da se naprave posebni topovi, koji \u0107e biti u stanju da probiju debele i visoke zidine Istanbula. Li\u010dno je osmislio topovsko \u0111ule. Vr\u0161io je pripreme kako na kopnu, tako i na moru, istovremeno pripremaju\u0107i vojsku za opsadu.<\/div>\n<div>Po zavr\u0161etku priprema, poslao je glasnika bizantinskom kralju, tra\u017ee\u0107i od njega da mu preda grad. Ubrzo je dobio odri\u010dan odgovor, \u0161to je bio znak da opsada mo\u017ee po\u010deti &#8211; 6. aprila, 1453. godine. Borba je na kopnu uveliko bjesnila, a novi front je otvoren i na moru &#8211; protiv mornarica iz Venecije i \u0110enove. Lanci koje su Bizantinci postavili izme\u0111u Halica i Karakoya, sprije\u010davali su osmansku mornaricu da se probije do Zlatnog roga (Halic). Mehmed II je tada detaljnije sagledao izazov koji je pred njim i naredio da se 72 galije preko trupaca (kopnom) prebace do Zlatnog roga. Po izvr\u0161enju ovog plana, cijela se situacija obrnula u korist Osmanlija. Shvativ\u0161i da postoji velika mogu\u0107nost da izgubi grad, bizantinski kralj je ponudio da plati hara\u010d, u zamjenu za obustavu opsade. Me\u0111utim, Mehmed II je odbio sve ponude.<\/div>\n<div><img loading=\"lazy\" decoding=\"async\" src=\"http:\/\/www.trtbosanski.com\/webimage\/image\/haber3_2013\/n6_stambol_small_alt.jpg\" alt=\"\" width=\"600\" height=\"363\" \/><\/div>\n<div>Nekoliko dana potom, 29. maja 1453. godine, osmanska je vojska u\u0161la u grad i proglasila pobjedu.<\/div>\n<div>Mehmed II, koji se ranije zarekao &#8220;Ili \u0107u ja osvojiti Istanbul, ili \u0107e Istanbul osvojiti mene&#8230;&#8221; postao je osvaja\u010d Istanbula. Historija ga od tog momenta vi\u0161e ne pamti kao Mehmeda II, nego kao Sultana Mehmeda Osvaja\u010da (Fatih).<\/div>\n<div>Iako je pokorio grad, Sultan Mehmed Fatih nije bio zlokoban po njegove starosjedioce. Panika i netrepeljivost, koja bi se povremeno pojavila, ubrzo je nestala, a gradu vra\u0107ena njegova sigurnost. Sultan je \u010dak dozvolio Grcima da izaberu patrijarha. Pozvao je novoizabranog patrijarha na ve\u010deru i uru\u010dio mu \u00a0\u017eezlo i krunu, s namjerom da uspostavi mir me\u0111u muslimanima i kr\u0161\u0107anima u gradu. Podjednaku blagonaklonost Sultan je pokazao i prema jevrejskoj i armenskoj zajednici u Istanbulu.<\/div>\n<div>Osvajanje Istanbula je unijelo velike promjene u tokove historije. Nakon 1058 godina je nestalo Isto\u010dno rimsko carstvo. Osmanska dr\u017eava je postala istinsko Carstvo, a Istanbul i prvi glavni grad novonastale svjetske sile. Osmanlije su stekle po\u0161tovanje i divljenje cijelog islamskog svijeta, ali su postali i realna prijetnja u o\u010dima zapadnja\u010dkih sila.<\/div>\n<div>Nakon osvajanja, Istanbul su napustili brojni mudraci Isto\u010dnog rimskog carstva i prebjegli na Zapad. Sa sobom su ponijeli i veliki broj knjiga, koje su preveli sa raznih jezika, \u0161to je Evropu poslu\u017eilo brojnim, do tada nepoznatim informacijama. Upravo je znanje koje su oni donijeli, pomoglo da se u Evropi ubrzo pokrene val reformacije, koji je vodio ka periodu renesanse.<\/div>\n<div>Po\u0161to je Put svile do\u0161ao pod kontrolu Turaka, Evropa je krenula u potragu za alternativnom putanjom, \u0161to je rezultiralo i novim geografskim otkri\u0107ima.<\/div>\n<div>Osvajanjem Istanbula, Sultan Mehmed Fatih je ostavio duboki trag kako u zapadnja\u010dkom svijetu, tako i u isto\u010dnja\u010dkim civilizacijama.<\/div>\n<p>(trtbosanski)<\/p>\n","protected":false},"excerpt":{"rendered":"<p>Turska &#8211; U Istanbulu su po\u010dele proslave u znak obilje\u017eavanja 560-te godi\u0161njice od osvajanja grada. Obilje\u017eavanje ovog zna\u010dajnog datuma zapo\u010delo je u kompleksu Sultana Mehmeda Fatiha, u\u010denjem Kur'ana i zajedni\u010dkim namazima. Posjetiocima je nakon vjerske ceremonije poslu\u017eeno \u0161erbe i turske poslastice, a svojim prisustvom je ovaj datum obilje\u017eio i guverner Istanbula, Huseyin Avni Mutlu, u [&hellip;]<\/p>\n","protected":false},"author":16,"featured_media":77557,"comment_status":"open","ping_status":"open","sticky":false,"template":"","format":"standard","meta":{"footnotes":""},"categories":[9,2692],"tags":[],"class_list":{"0":"post-77556","1":"post","2":"type-post","3":"status-publish","4":"format-standard","5":"has-post-thumbnail","7":"category-svijet","8":"category-turska-gradovi"},"yoast_head":"<!-- This site is optimized with the Yoast SEO Premium plugin v23.1 (Yoast SEO v24.9) - https:\/\/yoast.com\/wordpress\/plugins\/seo\/ -->\n<title>Obilje\u017eavanje 560. godi\u0161njice osvajanja Istanbula<\/title>\n<meta name=\"robots\" content=\"index, follow, max-snippet:-1, max-image-preview:large, max-video-preview:-1\" \/>\n<link rel=\"canonical\" href=\"https:\/\/sandzakpress.net\/arhiva\/obiljezavanje-560-godisnjice-osvajanja-istanbula\/\" \/>\n<meta property=\"og:locale\" content=\"bs_BA\" \/>\n<meta property=\"og:type\" content=\"article\" \/>\n<meta property=\"og:title\" content=\"Obilje\u017eavanje 560. godi\u0161njice osvajanja Istanbula\" \/>\n<meta property=\"og:description\" content=\"Turska &#8211; U Istanbulu su po\u010dele proslave u znak obilje\u017eavanja 560-te godi\u0161njice od osvajanja grada. Obilje\u017eavanje ovog zna\u010dajnog datuma zapo\u010delo je u kompleksu Sultana Mehmeda Fatiha, u\u010denjem Kur&#039;ana i zajedni\u010dkim namazima. Posjetiocima je nakon vjerske ceremonije poslu\u017eeno \u0161erbe i turske poslastice, a svojim prisustvom je ovaj datum obilje\u017eio i guverner Istanbula, Huseyin Avni Mutlu, u [&hellip;]\" \/>\n<meta property=\"og:url\" content=\"https:\/\/sandzakpress.net\/arhiva\/obiljezavanje-560-godisnjice-osvajanja-istanbula\/\" \/>\n<meta property=\"og:site_name\" content=\"Sand\u017eak PRESS\" \/>\n<meta property=\"article:published_time\" content=\"2013-05-31T14:37:02+00:00\" \/>\n<meta property=\"og:image\" content=\"https:\/\/sandzakpress.net\/arhiva\/wp-content\/uploads\/2013\/05\/godisnjica-osvajanja-istanbula-ili-cu-ja-osvojiti-istanbul-ili-ce-istanbul-osvojiti-mene_trt-bosanski-20135.jpg\" \/>\n\t<meta property=\"og:image:width\" content=\"600\" \/>\n\t<meta property=\"og:image:height\" content=\"363\" \/>\n\t<meta property=\"og:image:type\" content=\"image\/jpeg\" \/>\n<meta name=\"twitter:card\" content=\"summary_large_image\" \/>\n<meta name=\"twitter:label1\" content=\"Written by\" \/>\n\t<meta name=\"twitter:data1\" content=\"\" \/>\n\t<meta name=\"twitter:label2\" content=\"Est. reading time\" \/>\n\t<meta name=\"twitter:data2\" content=\"5 minuta\" \/>\n<script type=\"application\/ld+json\" class=\"yoast-schema-graph\">{\"@context\":\"https:\/\/schema.org\",\"@graph\":[{\"@type\":\"Article\",\"@id\":\"https:\/\/sandzakpress.net\/arhiva\/obiljezavanje-560-godisnjice-osvajanja-istanbula\/#article\",\"isPartOf\":{\"@id\":\"https:\/\/sandzakpress.net\/arhiva\/obiljezavanje-560-godisnjice-osvajanja-istanbula\/\"},\"author\":{\"name\":\"\",\"@id\":\"\"},\"headline\":\"Obilje\u017eavanje 560. godi\u0161njice osvajanja Istanbula\",\"datePublished\":\"2013-05-31T14:37:02+00:00\",\"mainEntityOfPage\":{\"@id\":\"https:\/\/sandzakpress.net\/arhiva\/obiljezavanje-560-godisnjice-osvajanja-istanbula\/\"},\"wordCount\":1091,\"commentCount\":0,\"publisher\":{\"@id\":\"https:\/\/sandzakpress.net\/arhiva\/#\/schema\/person\/6e72b67d6e51910a1117b3b483ba20bd\"},\"image\":{\"@id\":\"https:\/\/sandzakpress.net\/arhiva\/obiljezavanje-560-godisnjice-osvajanja-istanbula\/#primaryimage\"},\"thumbnailUrl\":\"https:\/\/sandzakpress.net\/arhiva\/wp-content\/uploads\/2013\/05\/godisnjica-osvajanja-istanbula-ili-cu-ja-osvojiti-istanbul-ili-ce-istanbul-osvojiti-mene_trt-bosanski-20135.jpg\",\"articleSection\":[\"Svijet\",\"Turska\"],\"inLanguage\":\"bs-BA\",\"potentialAction\":[{\"@type\":\"CommentAction\",\"name\":\"Comment\",\"target\":[\"https:\/\/sandzakpress.net\/arhiva\/obiljezavanje-560-godisnjice-osvajanja-istanbula\/#respond\"]}]},{\"@type\":\"WebPage\",\"@id\":\"https:\/\/sandzakpress.net\/arhiva\/obiljezavanje-560-godisnjice-osvajanja-istanbula\/\",\"url\":\"https:\/\/sandzakpress.net\/arhiva\/obiljezavanje-560-godisnjice-osvajanja-istanbula\/\",\"name\":\"Obilje\u017eavanje 560. godi\u0161njice osvajanja Istanbula\",\"isPartOf\":{\"@id\":\"https:\/\/sandzakpress.net\/arhiva\/#website\"},\"primaryImageOfPage\":{\"@id\":\"https:\/\/sandzakpress.net\/arhiva\/obiljezavanje-560-godisnjice-osvajanja-istanbula\/#primaryimage\"},\"image\":{\"@id\":\"https:\/\/sandzakpress.net\/arhiva\/obiljezavanje-560-godisnjice-osvajanja-istanbula\/#primaryimage\"},\"thumbnailUrl\":\"https:\/\/sandzakpress.net\/arhiva\/wp-content\/uploads\/2013\/05\/godisnjica-osvajanja-istanbula-ili-cu-ja-osvojiti-istanbul-ili-ce-istanbul-osvojiti-mene_trt-bosanski-20135.jpg\",\"datePublished\":\"2013-05-31T14:37:02+00:00\",\"breadcrumb\":{\"@id\":\"https:\/\/sandzakpress.net\/arhiva\/obiljezavanje-560-godisnjice-osvajanja-istanbula\/#breadcrumb\"},\"inLanguage\":\"bs-BA\",\"potentialAction\":[{\"@type\":\"ReadAction\",\"target\":[\"https:\/\/sandzakpress.net\/arhiva\/obiljezavanje-560-godisnjice-osvajanja-istanbula\/\"]}]},{\"@type\":\"ImageObject\",\"inLanguage\":\"bs-BA\",\"@id\":\"https:\/\/sandzakpress.net\/arhiva\/obiljezavanje-560-godisnjice-osvajanja-istanbula\/#primaryimage\",\"url\":\"https:\/\/sandzakpress.net\/arhiva\/wp-content\/uploads\/2013\/05\/godisnjica-osvajanja-istanbula-ili-cu-ja-osvojiti-istanbul-ili-ce-istanbul-osvojiti-mene_trt-bosanski-20135.jpg\",\"contentUrl\":\"https:\/\/sandzakpress.net\/arhiva\/wp-content\/uploads\/2013\/05\/godisnjica-osvajanja-istanbula-ili-cu-ja-osvojiti-istanbul-ili-ce-istanbul-osvojiti-mene_trt-bosanski-20135.jpg\",\"width\":\"600\",\"height\":\"363\"},{\"@type\":\"BreadcrumbList\",\"@id\":\"https:\/\/sandzakpress.net\/arhiva\/obiljezavanje-560-godisnjice-osvajanja-istanbula\/#breadcrumb\",\"itemListElement\":[{\"@type\":\"ListItem\",\"position\":1,\"name\":\"Home\",\"item\":\"https:\/\/sandzakpress.net\/arhiva\/\"},{\"@type\":\"ListItem\",\"position\":2,\"name\":\"Obilje\u017eavanje 560. godi\u0161njice osvajanja Istanbula\"}]},{\"@type\":\"WebSite\",\"@id\":\"https:\/\/sandzakpress.net\/arhiva\/#website\",\"url\":\"https:\/\/sandzakpress.net\/arhiva\/\",\"name\":\"Sand\u017eak PRESS\",\"description\":\"Prve elektronske novine u Sand\u017eaku\",\"publisher\":{\"@id\":\"https:\/\/sandzakpress.net\/arhiva\/#\/schema\/person\/6e72b67d6e51910a1117b3b483ba20bd\"},\"potentialAction\":[{\"@type\":\"SearchAction\",\"target\":{\"@type\":\"EntryPoint\",\"urlTemplate\":\"https:\/\/sandzakpress.net\/arhiva\/?s={search_term_string}\"},\"query-input\":{\"@type\":\"PropertyValueSpecification\",\"valueRequired\":true,\"valueName\":\"search_term_string\"}}],\"inLanguage\":\"bs-BA\"},{\"@type\":[\"Person\",\"Organization\"],\"@id\":\"https:\/\/sandzakpress.net\/arhiva\/#\/schema\/person\/6e72b67d6e51910a1117b3b483ba20bd\",\"name\":\"Kul\",\"image\":{\"@type\":\"ImageObject\",\"inLanguage\":\"bs-BA\",\"@id\":\"https:\/\/sandzakpress.net\/arhiva\/#\/schema\/person\/image\/\",\"url\":\"https:\/\/secure.gravatar.com\/avatar\/42263f39aa27ac04c43cab85c280eb2e?s=96&d=mm&r=pg\",\"contentUrl\":\"https:\/\/secure.gravatar.com\/avatar\/42263f39aa27ac04c43cab85c280eb2e?s=96&d=mm&r=pg\",\"caption\":\"Kul\"},\"logo\":{\"@id\":\"https:\/\/sandzakpress.net\/arhiva\/#\/schema\/person\/image\/\"}},{\"@type\":\"Person\",\"@id\":\"\",\"url\":\"https:\/\/sandzakpress.net\/arhiva\/author\/\"}]}<\/script>\n<!-- \/ Yoast SEO Premium plugin. -->","yoast_head_json":{"title":"Obilje\u017eavanje 560. godi\u0161njice osvajanja Istanbula","robots":{"index":"index","follow":"follow","max-snippet":"max-snippet:-1","max-image-preview":"max-image-preview:large","max-video-preview":"max-video-preview:-1"},"canonical":"https:\/\/sandzakpress.net\/arhiva\/obiljezavanje-560-godisnjice-osvajanja-istanbula\/","og_locale":"bs_BA","og_type":"article","og_title":"Obilje\u017eavanje 560. godi\u0161njice osvajanja Istanbula","og_description":"Turska &#8211; U Istanbulu su po\u010dele proslave u znak obilje\u017eavanja 560-te godi\u0161njice od osvajanja grada. Obilje\u017eavanje ovog zna\u010dajnog datuma zapo\u010delo je u kompleksu Sultana Mehmeda Fatiha, u\u010denjem Kur'ana i zajedni\u010dkim namazima. Posjetiocima je nakon vjerske ceremonije poslu\u017eeno \u0161erbe i turske poslastice, a svojim prisustvom je ovaj datum obilje\u017eio i guverner Istanbula, Huseyin Avni Mutlu, u [&hellip;]","og_url":"https:\/\/sandzakpress.net\/arhiva\/obiljezavanje-560-godisnjice-osvajanja-istanbula\/","og_site_name":"Sand\u017eak PRESS","article_published_time":"2013-05-31T14:37:02+00:00","og_image":[{"width":600,"height":363,"url":"https:\/\/sandzakpress.net\/arhiva\/wp-content\/uploads\/2013\/05\/godisnjica-osvajanja-istanbula-ili-cu-ja-osvojiti-istanbul-ili-ce-istanbul-osvojiti-mene_trt-bosanski-20135.jpg","type":"image\/jpeg"}],"twitter_card":"summary_large_image","twitter_misc":{"Written by":"","Est. reading time":"5 minuta"},"schema":{"@context":"https:\/\/schema.org","@graph":[{"@type":"Article","@id":"https:\/\/sandzakpress.net\/arhiva\/obiljezavanje-560-godisnjice-osvajanja-istanbula\/#article","isPartOf":{"@id":"https:\/\/sandzakpress.net\/arhiva\/obiljezavanje-560-godisnjice-osvajanja-istanbula\/"},"author":{"name":"","@id":""},"headline":"Obilje\u017eavanje 560. godi\u0161njice osvajanja Istanbula","datePublished":"2013-05-31T14:37:02+00:00","mainEntityOfPage":{"@id":"https:\/\/sandzakpress.net\/arhiva\/obiljezavanje-560-godisnjice-osvajanja-istanbula\/"},"wordCount":1091,"commentCount":0,"publisher":{"@id":"https:\/\/sandzakpress.net\/arhiva\/#\/schema\/person\/6e72b67d6e51910a1117b3b483ba20bd"},"image":{"@id":"https:\/\/sandzakpress.net\/arhiva\/obiljezavanje-560-godisnjice-osvajanja-istanbula\/#primaryimage"},"thumbnailUrl":"https:\/\/sandzakpress.net\/arhiva\/wp-content\/uploads\/2013\/05\/godisnjica-osvajanja-istanbula-ili-cu-ja-osvojiti-istanbul-ili-ce-istanbul-osvojiti-mene_trt-bosanski-20135.jpg","articleSection":["Svijet","Turska"],"inLanguage":"bs-BA","potentialAction":[{"@type":"CommentAction","name":"Comment","target":["https:\/\/sandzakpress.net\/arhiva\/obiljezavanje-560-godisnjice-osvajanja-istanbula\/#respond"]}]},{"@type":"WebPage","@id":"https:\/\/sandzakpress.net\/arhiva\/obiljezavanje-560-godisnjice-osvajanja-istanbula\/","url":"https:\/\/sandzakpress.net\/arhiva\/obiljezavanje-560-godisnjice-osvajanja-istanbula\/","name":"Obilje\u017eavanje 560. godi\u0161njice osvajanja Istanbula","isPartOf":{"@id":"https:\/\/sandzakpress.net\/arhiva\/#website"},"primaryImageOfPage":{"@id":"https:\/\/sandzakpress.net\/arhiva\/obiljezavanje-560-godisnjice-osvajanja-istanbula\/#primaryimage"},"image":{"@id":"https:\/\/sandzakpress.net\/arhiva\/obiljezavanje-560-godisnjice-osvajanja-istanbula\/#primaryimage"},"thumbnailUrl":"https:\/\/sandzakpress.net\/arhiva\/wp-content\/uploads\/2013\/05\/godisnjica-osvajanja-istanbula-ili-cu-ja-osvojiti-istanbul-ili-ce-istanbul-osvojiti-mene_trt-bosanski-20135.jpg","datePublished":"2013-05-31T14:37:02+00:00","breadcrumb":{"@id":"https:\/\/sandzakpress.net\/arhiva\/obiljezavanje-560-godisnjice-osvajanja-istanbula\/#breadcrumb"},"inLanguage":"bs-BA","potentialAction":[{"@type":"ReadAction","target":["https:\/\/sandzakpress.net\/arhiva\/obiljezavanje-560-godisnjice-osvajanja-istanbula\/"]}]},{"@type":"ImageObject","inLanguage":"bs-BA","@id":"https:\/\/sandzakpress.net\/arhiva\/obiljezavanje-560-godisnjice-osvajanja-istanbula\/#primaryimage","url":"https:\/\/sandzakpress.net\/arhiva\/wp-content\/uploads\/2013\/05\/godisnjica-osvajanja-istanbula-ili-cu-ja-osvojiti-istanbul-ili-ce-istanbul-osvojiti-mene_trt-bosanski-20135.jpg","contentUrl":"https:\/\/sandzakpress.net\/arhiva\/wp-content\/uploads\/2013\/05\/godisnjica-osvajanja-istanbula-ili-cu-ja-osvojiti-istanbul-ili-ce-istanbul-osvojiti-mene_trt-bosanski-20135.jpg","width":"600","height":"363"},{"@type":"BreadcrumbList","@id":"https:\/\/sandzakpress.net\/arhiva\/obiljezavanje-560-godisnjice-osvajanja-istanbula\/#breadcrumb","itemListElement":[{"@type":"ListItem","position":1,"name":"Home","item":"https:\/\/sandzakpress.net\/arhiva\/"},{"@type":"ListItem","position":2,"name":"Obilje\u017eavanje 560. godi\u0161njice osvajanja Istanbula"}]},{"@type":"WebSite","@id":"https:\/\/sandzakpress.net\/arhiva\/#website","url":"https:\/\/sandzakpress.net\/arhiva\/","name":"Sand\u017eak PRESS","description":"Prve elektronske novine u Sand\u017eaku","publisher":{"@id":"https:\/\/sandzakpress.net\/arhiva\/#\/schema\/person\/6e72b67d6e51910a1117b3b483ba20bd"},"potentialAction":[{"@type":"SearchAction","target":{"@type":"EntryPoint","urlTemplate":"https:\/\/sandzakpress.net\/arhiva\/?s={search_term_string}"},"query-input":{"@type":"PropertyValueSpecification","valueRequired":true,"valueName":"search_term_string"}}],"inLanguage":"bs-BA"},{"@type":["Person","Organization"],"@id":"https:\/\/sandzakpress.net\/arhiva\/#\/schema\/person\/6e72b67d6e51910a1117b3b483ba20bd","name":"Kul","image":{"@type":"ImageObject","inLanguage":"bs-BA","@id":"https:\/\/sandzakpress.net\/arhiva\/#\/schema\/person\/image\/","url":"https:\/\/secure.gravatar.com\/avatar\/42263f39aa27ac04c43cab85c280eb2e?s=96&d=mm&r=pg","contentUrl":"https:\/\/secure.gravatar.com\/avatar\/42263f39aa27ac04c43cab85c280eb2e?s=96&d=mm&r=pg","caption":"Kul"},"logo":{"@id":"https:\/\/sandzakpress.net\/arhiva\/#\/schema\/person\/image\/"}},{"@type":"Person","@id":"","url":"https:\/\/sandzakpress.net\/arhiva\/author\/"}]}},"_links":{"self":[{"href":"https:\/\/sandzakpress.net\/arhiva\/wp-json\/wp\/v2\/posts\/77556"}],"collection":[{"href":"https:\/\/sandzakpress.net\/arhiva\/wp-json\/wp\/v2\/posts"}],"about":[{"href":"https:\/\/sandzakpress.net\/arhiva\/wp-json\/wp\/v2\/types\/post"}],"author":[{"embeddable":true,"href":"https:\/\/sandzakpress.net\/arhiva\/wp-json\/wp\/v2\/users\/16"}],"replies":[{"embeddable":true,"href":"https:\/\/sandzakpress.net\/arhiva\/wp-json\/wp\/v2\/comments?post=77556"}],"version-history":[{"count":0,"href":"https:\/\/sandzakpress.net\/arhiva\/wp-json\/wp\/v2\/posts\/77556\/revisions"}],"wp:featuredmedia":[{"embeddable":true,"href":"https:\/\/sandzakpress.net\/arhiva\/wp-json\/wp\/v2\/media\/77557"}],"wp:attachment":[{"href":"https:\/\/sandzakpress.net\/arhiva\/wp-json\/wp\/v2\/media?parent=77556"}],"wp:term":[{"taxonomy":"category","embeddable":true,"href":"https:\/\/sandzakpress.net\/arhiva\/wp-json\/wp\/v2\/categories?post=77556"},{"taxonomy":"post_tag","embeddable":true,"href":"https:\/\/sandzakpress.net\/arhiva\/wp-json\/wp\/v2\/tags?post=77556"}],"curies":[{"name":"wp","href":"https:\/\/api.w.org\/{rel}","templated":true}]}}