{"id":77448,"date":"2013-05-29T17:35:52","date_gmt":"2013-05-29T15:35:52","guid":{"rendered":"https:\/\/sandzakpress.net\/arhiva\/?p=77448"},"modified":"2013-05-31T00:17:29","modified_gmt":"2013-05-30T22:17:29","slug":"plav-alarm-ga-spasio-daljeg-batinanja","status":"publish","type":"post","link":"https:\/\/sandzakpress.net\/arhiva\/plav-alarm-ga-spasio-daljeg-batinanja\/","title":{"rendered":"Plav: Alarm ga spasio daljeg batinanja"},"content":{"rendered":"<p><strong><a href=\"https:\/\/sandzakpress.net\/arhiva\/wp-content\/uploads\/2013\/05\/plav-alarm-ga-spasio-daljeg-batinanja-slika-282018.jpg\"><img loading=\"lazy\" decoding=\"async\" class=\"alignleft size-medium wp-image-77450\" title=\"plav-alarm-ga-spasio-daljeg-batinanja-slika-282018\" src=\"https:\/\/sandzakpress.net\/arhiva\/wp-content\/uploads\/2013\/05\/plav-alarm-ga-spasio-daljeg-batinanja-slika-282018-300x182.jpg\" alt=\"\" width=\"300\" height=\"182\" \/><\/a>Plav &#8211; Maskirani razbojnici upali su pro\u0161le srijede u ku\u0107u Plavljanina Mehmeda Jadadi\u0107a i po\u010deli da ga batinaju, ali ga je dalje torture spasio alarm koji se oglasio i otjerao napada\u010de.<\/strong><\/p>\n<p>Jadadi\u0107 je \u201cVijestima\u201d ispri\u010dao da je te ve\u010deri bio u svojoj trgovinskoj radnji, gdje je sre\u0111ivao dokumentaciju i da se ne\u0161to poslije pono\u0107i zaputio ka ku\u0107i.<\/p>\n<p>\u201eU 25 minuta poslije pono\u0107i bio sam ispred ku\u0107e. Podigao sam gara\u017ena vrata daljinskim, ne izlaze\u0107i iz auta i u\u0161ao vozilom u gara\u017eu. Kada sam otvorio vrata auta da iza\u0111em, dvije nepoznate, maskirane osobe stvorile su se ispred mene. Obojica su bila obu\u010dena u tamnu garderobu, a na glavi su imali fantomke\u201d, rekao je Jadadi\u0107.<\/p>\n<p>On je rekao da je nekako iza\u0161ao iz auta, kada ga je jedan od napada\u010da uhvatio za ruke.&#8221;Od udarca u glavu sam dobio rasjekotinu i krv me cijelog oblila&#8221;<\/p>\n<p>\u201cPoku\u0161ao sam da se otrgnem. Drugi me tada palicom udario po glavi, a zatim nastavio da me tu\u010de po tijelu. U tom guranju i kome\u0161anju, uklju\u010dio se sigurnosni alarm. Oni su tada prestali da me udaraju i nestali\u201c, ispri\u010dao je Jadadi\u0107.<\/p>\n<p>Objasnio je da je nakon toga pozvao policiju.<\/p>\n<p>\u201cOni su stigli u najkra\u0107em roku. Povezli su me u bolnicu, jer sam od udarca u glavu dobio rasjekotinu i krv me cijelog oblila. Policija je ostala da obezbje\u0111uje ku\u0107u, a ujutru su obavili i uvi\u0111aj. Moram re\u0107i da su bili maksimalno korektni i anga\u017eovani i na tome im se zahvaljujem\u201d, dodao je on.<\/p>\n<p>Jadadi\u0107 petnaest godina dr\u017ei malu prehrambenu radnju. On tvrdi da ne zna razlog napada, ali da pretpostavlja da su napada\u010di htjeli da ga savladaju, a potom i oplja\u010dkaju.<\/p>\n<p>\u201cNikad nisam imao poslovnih problema, niti kome \u0161ta dugujem, niti meni neko i\u0161ta duguje. Zato i ne znam kako da okarakteri\u0161em ovaj napad, osim da je razlog napada\u010da bio taj da me savladaju, a nakon toga da najvjerovatnije otu\u0111e stvari iz ku\u0107e\u201d, kazao je Jadadi\u0107.<\/p>\n<p>On je rekao da \u017eivi skromnim \u017eivotom, kao i, kako je rekao, ve\u0107ina gra\u0111ana Plava.<\/p>\n<p>\u201cJer, od prodavnice u kojoj radim, mogu jedva da pokrijem sve mjese\u010dne izdatke. Ako su mislili da \u0107e na\u0107i neke vrijednosti, onda su se prera\u010dunali, jer ih ja ne posjedujem\u201c, kazao je Jadadi\u0107.Iz ispostave policije Plav, \u201cVijestima\u201d je saop\u0161teno da se intezivno radi na tom slu\u010daju<\/p>\n<p>Istakao je da o svom slu\u010daju namjerno govori javno, jer \u017eeli da upozori sugra\u0111ane da se \u010duvaju od razbojnika.<\/p>\n<p>\u201eU posljednjih nekoliko mjeseci, par trgovaca napadnuto je ispred svojih ku\u0107a. Zato mislim da ovi doga\u0111aji nisu slu\u010dajni, nego dobro isplanirane kriminalne radnje\u201d, rekao je Jadadi\u0107.<\/p>\n<p>Iz ispostave policije Plav, \u201cVijestima\u201d je saop\u0161teno da se intezivno radi na tom slu\u010daju.<\/p>\n<p>\u201cDjelo je okvalifikovano kao nano\u0161enje lak\u0161ih tjelesnih povreda i policija intenzivno traga za po\u010diniocima ovog doga\u0111aja\u201c, saop\u0161teno je u policiji.<\/p>\n<p>(Vijesti)<\/p>\n","protected":false},"excerpt":{"rendered":"<p>Plav &#8211; Maskirani razbojnici upali su pro\u0161le srijede u ku\u0107u Plavljanina Mehmeda Jadadi\u0107a i po\u010deli da ga batinaju, ali ga je dalje torture spasio alarm koji se oglasio i otjerao napada\u010de. Jadadi\u0107 je \u201cVijestima\u201d ispri\u010dao da je te ve\u010deri bio u svojoj trgovinskoj radnji, gdje je sre\u0111ivao dokumentaciju i da se ne\u0161to poslije pono\u0107i zaputio [&hellip;]<\/p>\n","protected":false},"author":16,"featured_media":77450,"comment_status":"open","ping_status":"open","sticky":false,"template":"","format":"standard","meta":{"footnotes":""},"categories":[399,801,8957],"tags":[],"class_list":{"0":"post-77448","1":"post","2":"type-post","3":"status-publish","4":"format-standard","5":"has-post-thumbnail","7":"category-plav_","8":"category-crna_hronika","9":"category-vijesti-dana"},"yoast_head":"<!-- This site is optimized with the Yoast SEO Premium plugin v23.1 (Yoast SEO v24.9) - https:\/\/yoast.com\/wordpress\/plugins\/seo\/ -->\n<title>Plav: Alarm ga spasio daljeg batinanja<\/title>\n<meta name=\"robots\" content=\"index, follow, max-snippet:-1, max-image-preview:large, max-video-preview:-1\" \/>\n<link rel=\"canonical\" href=\"https:\/\/sandzakpress.net\/arhiva\/plav-alarm-ga-spasio-daljeg-batinanja\/\" \/>\n<meta property=\"og:locale\" content=\"bs_BA\" \/>\n<meta property=\"og:type\" content=\"article\" \/>\n<meta property=\"og:title\" content=\"Plav: Alarm ga spasio daljeg batinanja\" \/>\n<meta property=\"og:description\" content=\"Plav &#8211; Maskirani razbojnici upali su pro\u0161le srijede u ku\u0107u Plavljanina Mehmeda Jadadi\u0107a i po\u010deli da ga batinaju, ali ga je dalje torture spasio alarm koji se oglasio i otjerao napada\u010de. Jadadi\u0107 je \u201cVijestima\u201d ispri\u010dao da je te ve\u010deri bio u svojoj trgovinskoj radnji, gdje je sre\u0111ivao dokumentaciju i da se ne\u0161to poslije pono\u0107i zaputio [&hellip;]\" \/>\n<meta property=\"og:url\" content=\"https:\/\/sandzakpress.net\/arhiva\/plav-alarm-ga-spasio-daljeg-batinanja\/\" \/>\n<meta property=\"og:site_name\" content=\"Sand\u017eak PRESS\" \/>\n<meta property=\"article:published_time\" content=\"2013-05-29T15:35:52+00:00\" \/>\n<meta property=\"article:modified_time\" content=\"2013-05-30T22:17:29+00:00\" \/>\n<meta property=\"og:image\" content=\"https:\/\/sandzakpress.net\/arhiva\/wp-content\/uploads\/2013\/05\/plav-alarm-ga-spasio-daljeg-batinanja-slika-282018.jpg\" \/>\n\t<meta property=\"og:image:width\" content=\"519\" \/>\n\t<meta property=\"og:image:height\" content=\"316\" \/>\n\t<meta property=\"og:image:type\" content=\"image\/jpeg\" \/>\n<meta name=\"twitter:card\" content=\"summary_large_image\" \/>\n<meta name=\"twitter:label1\" content=\"Written by\" \/>\n\t<meta name=\"twitter:data1\" content=\"\" \/>\n\t<meta name=\"twitter:label2\" content=\"Est. reading time\" \/>\n\t<meta name=\"twitter:data2\" content=\"3 minute\" \/>\n<script type=\"application\/ld+json\" class=\"yoast-schema-graph\">{\"@context\":\"https:\/\/schema.org\",\"@graph\":[{\"@type\":\"Article\",\"@id\":\"https:\/\/sandzakpress.net\/arhiva\/plav-alarm-ga-spasio-daljeg-batinanja\/#article\",\"isPartOf\":{\"@id\":\"https:\/\/sandzakpress.net\/arhiva\/plav-alarm-ga-spasio-daljeg-batinanja\/\"},\"author\":{\"name\":\"\",\"@id\":\"\"},\"headline\":\"Plav: Alarm ga spasio daljeg batinanja\",\"datePublished\":\"2013-05-29T15:35:52+00:00\",\"dateModified\":\"2013-05-30T22:17:29+00:00\",\"mainEntityOfPage\":{\"@id\":\"https:\/\/sandzakpress.net\/arhiva\/plav-alarm-ga-spasio-daljeg-batinanja\/\"},\"wordCount\":524,\"commentCount\":0,\"publisher\":{\"@id\":\"https:\/\/sandzakpress.net\/arhiva\/#\/schema\/person\/6e72b67d6e51910a1117b3b483ba20bd\"},\"image\":{\"@id\":\"https:\/\/sandzakpress.net\/arhiva\/plav-alarm-ga-spasio-daljeg-batinanja\/#primaryimage\"},\"thumbnailUrl\":\"https:\/\/sandzakpress.net\/arhiva\/wp-content\/uploads\/2013\/05\/plav-alarm-ga-spasio-daljeg-batinanja-slika-282018.jpg\",\"articleSection\":[\"Plav\",\"Hronika\",\"VIJESTI DANA\"],\"inLanguage\":\"bs-BA\",\"potentialAction\":[{\"@type\":\"CommentAction\",\"name\":\"Comment\",\"target\":[\"https:\/\/sandzakpress.net\/arhiva\/plav-alarm-ga-spasio-daljeg-batinanja\/#respond\"]}]},{\"@type\":\"WebPage\",\"@id\":\"https:\/\/sandzakpress.net\/arhiva\/plav-alarm-ga-spasio-daljeg-batinanja\/\",\"url\":\"https:\/\/sandzakpress.net\/arhiva\/plav-alarm-ga-spasio-daljeg-batinanja\/\",\"name\":\"Plav: Alarm ga spasio daljeg batinanja\",\"isPartOf\":{\"@id\":\"https:\/\/sandzakpress.net\/arhiva\/#website\"},\"primaryImageOfPage\":{\"@id\":\"https:\/\/sandzakpress.net\/arhiva\/plav-alarm-ga-spasio-daljeg-batinanja\/#primaryimage\"},\"image\":{\"@id\":\"https:\/\/sandzakpress.net\/arhiva\/plav-alarm-ga-spasio-daljeg-batinanja\/#primaryimage\"},\"thumbnailUrl\":\"https:\/\/sandzakpress.net\/arhiva\/wp-content\/uploads\/2013\/05\/plav-alarm-ga-spasio-daljeg-batinanja-slika-282018.jpg\",\"datePublished\":\"2013-05-29T15:35:52+00:00\",\"dateModified\":\"2013-05-30T22:17:29+00:00\",\"breadcrumb\":{\"@id\":\"https:\/\/sandzakpress.net\/arhiva\/plav-alarm-ga-spasio-daljeg-batinanja\/#breadcrumb\"},\"inLanguage\":\"bs-BA\",\"potentialAction\":[{\"@type\":\"ReadAction\",\"target\":[\"https:\/\/sandzakpress.net\/arhiva\/plav-alarm-ga-spasio-daljeg-batinanja\/\"]}]},{\"@type\":\"ImageObject\",\"inLanguage\":\"bs-BA\",\"@id\":\"https:\/\/sandzakpress.net\/arhiva\/plav-alarm-ga-spasio-daljeg-batinanja\/#primaryimage\",\"url\":\"https:\/\/sandzakpress.net\/arhiva\/wp-content\/uploads\/2013\/05\/plav-alarm-ga-spasio-daljeg-batinanja-slika-282018.jpg\",\"contentUrl\":\"https:\/\/sandzakpress.net\/arhiva\/wp-content\/uploads\/2013\/05\/plav-alarm-ga-spasio-daljeg-batinanja-slika-282018.jpg\",\"width\":519,\"height\":316},{\"@type\":\"BreadcrumbList\",\"@id\":\"https:\/\/sandzakpress.net\/arhiva\/plav-alarm-ga-spasio-daljeg-batinanja\/#breadcrumb\",\"itemListElement\":[{\"@type\":\"ListItem\",\"position\":1,\"name\":\"Home\",\"item\":\"https:\/\/sandzakpress.net\/arhiva\/\"},{\"@type\":\"ListItem\",\"position\":2,\"name\":\"Plav: Alarm ga spasio daljeg batinanja\"}]},{\"@type\":\"WebSite\",\"@id\":\"https:\/\/sandzakpress.net\/arhiva\/#website\",\"url\":\"https:\/\/sandzakpress.net\/arhiva\/\",\"name\":\"Sand\u017eak PRESS\",\"description\":\"Prve elektronske novine u Sand\u017eaku\",\"publisher\":{\"@id\":\"https:\/\/sandzakpress.net\/arhiva\/#\/schema\/person\/6e72b67d6e51910a1117b3b483ba20bd\"},\"potentialAction\":[{\"@type\":\"SearchAction\",\"target\":{\"@type\":\"EntryPoint\",\"urlTemplate\":\"https:\/\/sandzakpress.net\/arhiva\/?s={search_term_string}\"},\"query-input\":{\"@type\":\"PropertyValueSpecification\",\"valueRequired\":true,\"valueName\":\"search_term_string\"}}],\"inLanguage\":\"bs-BA\"},{\"@type\":[\"Person\",\"Organization\"],\"@id\":\"https:\/\/sandzakpress.net\/arhiva\/#\/schema\/person\/6e72b67d6e51910a1117b3b483ba20bd\",\"name\":\"Kul\",\"image\":{\"@type\":\"ImageObject\",\"inLanguage\":\"bs-BA\",\"@id\":\"https:\/\/sandzakpress.net\/arhiva\/#\/schema\/person\/image\/\",\"url\":\"https:\/\/secure.gravatar.com\/avatar\/42263f39aa27ac04c43cab85c280eb2e?s=96&d=mm&r=pg\",\"contentUrl\":\"https:\/\/secure.gravatar.com\/avatar\/42263f39aa27ac04c43cab85c280eb2e?s=96&d=mm&r=pg\",\"caption\":\"Kul\"},\"logo\":{\"@id\":\"https:\/\/sandzakpress.net\/arhiva\/#\/schema\/person\/image\/\"}},{\"@type\":\"Person\",\"@id\":\"\",\"url\":\"https:\/\/sandzakpress.net\/arhiva\/author\/\"}]}<\/script>\n<!-- \/ Yoast SEO Premium plugin. -->","yoast_head_json":{"title":"Plav: Alarm ga spasio daljeg batinanja","robots":{"index":"index","follow":"follow","max-snippet":"max-snippet:-1","max-image-preview":"max-image-preview:large","max-video-preview":"max-video-preview:-1"},"canonical":"https:\/\/sandzakpress.net\/arhiva\/plav-alarm-ga-spasio-daljeg-batinanja\/","og_locale":"bs_BA","og_type":"article","og_title":"Plav: Alarm ga spasio daljeg batinanja","og_description":"Plav &#8211; Maskirani razbojnici upali su pro\u0161le srijede u ku\u0107u Plavljanina Mehmeda Jadadi\u0107a i po\u010deli da ga batinaju, ali ga je dalje torture spasio alarm koji se oglasio i otjerao napada\u010de. Jadadi\u0107 je \u201cVijestima\u201d ispri\u010dao da je te ve\u010deri bio u svojoj trgovinskoj radnji, gdje je sre\u0111ivao dokumentaciju i da se ne\u0161to poslije pono\u0107i zaputio [&hellip;]","og_url":"https:\/\/sandzakpress.net\/arhiva\/plav-alarm-ga-spasio-daljeg-batinanja\/","og_site_name":"Sand\u017eak PRESS","article_published_time":"2013-05-29T15:35:52+00:00","article_modified_time":"2013-05-30T22:17:29+00:00","og_image":[{"width":519,"height":316,"url":"https:\/\/sandzakpress.net\/arhiva\/wp-content\/uploads\/2013\/05\/plav-alarm-ga-spasio-daljeg-batinanja-slika-282018.jpg","type":"image\/jpeg"}],"twitter_card":"summary_large_image","twitter_misc":{"Written by":"","Est. reading time":"3 minute"},"schema":{"@context":"https:\/\/schema.org","@graph":[{"@type":"Article","@id":"https:\/\/sandzakpress.net\/arhiva\/plav-alarm-ga-spasio-daljeg-batinanja\/#article","isPartOf":{"@id":"https:\/\/sandzakpress.net\/arhiva\/plav-alarm-ga-spasio-daljeg-batinanja\/"},"author":{"name":"","@id":""},"headline":"Plav: Alarm ga spasio daljeg batinanja","datePublished":"2013-05-29T15:35:52+00:00","dateModified":"2013-05-30T22:17:29+00:00","mainEntityOfPage":{"@id":"https:\/\/sandzakpress.net\/arhiva\/plav-alarm-ga-spasio-daljeg-batinanja\/"},"wordCount":524,"commentCount":0,"publisher":{"@id":"https:\/\/sandzakpress.net\/arhiva\/#\/schema\/person\/6e72b67d6e51910a1117b3b483ba20bd"},"image":{"@id":"https:\/\/sandzakpress.net\/arhiva\/plav-alarm-ga-spasio-daljeg-batinanja\/#primaryimage"},"thumbnailUrl":"https:\/\/sandzakpress.net\/arhiva\/wp-content\/uploads\/2013\/05\/plav-alarm-ga-spasio-daljeg-batinanja-slika-282018.jpg","articleSection":["Plav","Hronika","VIJESTI DANA"],"inLanguage":"bs-BA","potentialAction":[{"@type":"CommentAction","name":"Comment","target":["https:\/\/sandzakpress.net\/arhiva\/plav-alarm-ga-spasio-daljeg-batinanja\/#respond"]}]},{"@type":"WebPage","@id":"https:\/\/sandzakpress.net\/arhiva\/plav-alarm-ga-spasio-daljeg-batinanja\/","url":"https:\/\/sandzakpress.net\/arhiva\/plav-alarm-ga-spasio-daljeg-batinanja\/","name":"Plav: Alarm ga spasio daljeg batinanja","isPartOf":{"@id":"https:\/\/sandzakpress.net\/arhiva\/#website"},"primaryImageOfPage":{"@id":"https:\/\/sandzakpress.net\/arhiva\/plav-alarm-ga-spasio-daljeg-batinanja\/#primaryimage"},"image":{"@id":"https:\/\/sandzakpress.net\/arhiva\/plav-alarm-ga-spasio-daljeg-batinanja\/#primaryimage"},"thumbnailUrl":"https:\/\/sandzakpress.net\/arhiva\/wp-content\/uploads\/2013\/05\/plav-alarm-ga-spasio-daljeg-batinanja-slika-282018.jpg","datePublished":"2013-05-29T15:35:52+00:00","dateModified":"2013-05-30T22:17:29+00:00","breadcrumb":{"@id":"https:\/\/sandzakpress.net\/arhiva\/plav-alarm-ga-spasio-daljeg-batinanja\/#breadcrumb"},"inLanguage":"bs-BA","potentialAction":[{"@type":"ReadAction","target":["https:\/\/sandzakpress.net\/arhiva\/plav-alarm-ga-spasio-daljeg-batinanja\/"]}]},{"@type":"ImageObject","inLanguage":"bs-BA","@id":"https:\/\/sandzakpress.net\/arhiva\/plav-alarm-ga-spasio-daljeg-batinanja\/#primaryimage","url":"https:\/\/sandzakpress.net\/arhiva\/wp-content\/uploads\/2013\/05\/plav-alarm-ga-spasio-daljeg-batinanja-slika-282018.jpg","contentUrl":"https:\/\/sandzakpress.net\/arhiva\/wp-content\/uploads\/2013\/05\/plav-alarm-ga-spasio-daljeg-batinanja-slika-282018.jpg","width":519,"height":316},{"@type":"BreadcrumbList","@id":"https:\/\/sandzakpress.net\/arhiva\/plav-alarm-ga-spasio-daljeg-batinanja\/#breadcrumb","itemListElement":[{"@type":"ListItem","position":1,"name":"Home","item":"https:\/\/sandzakpress.net\/arhiva\/"},{"@type":"ListItem","position":2,"name":"Plav: Alarm ga spasio daljeg batinanja"}]},{"@type":"WebSite","@id":"https:\/\/sandzakpress.net\/arhiva\/#website","url":"https:\/\/sandzakpress.net\/arhiva\/","name":"Sand\u017eak PRESS","description":"Prve elektronske novine u Sand\u017eaku","publisher":{"@id":"https:\/\/sandzakpress.net\/arhiva\/#\/schema\/person\/6e72b67d6e51910a1117b3b483ba20bd"},"potentialAction":[{"@type":"SearchAction","target":{"@type":"EntryPoint","urlTemplate":"https:\/\/sandzakpress.net\/arhiva\/?s={search_term_string}"},"query-input":{"@type":"PropertyValueSpecification","valueRequired":true,"valueName":"search_term_string"}}],"inLanguage":"bs-BA"},{"@type":["Person","Organization"],"@id":"https:\/\/sandzakpress.net\/arhiva\/#\/schema\/person\/6e72b67d6e51910a1117b3b483ba20bd","name":"Kul","image":{"@type":"ImageObject","inLanguage":"bs-BA","@id":"https:\/\/sandzakpress.net\/arhiva\/#\/schema\/person\/image\/","url":"https:\/\/secure.gravatar.com\/avatar\/42263f39aa27ac04c43cab85c280eb2e?s=96&d=mm&r=pg","contentUrl":"https:\/\/secure.gravatar.com\/avatar\/42263f39aa27ac04c43cab85c280eb2e?s=96&d=mm&r=pg","caption":"Kul"},"logo":{"@id":"https:\/\/sandzakpress.net\/arhiva\/#\/schema\/person\/image\/"}},{"@type":"Person","@id":"","url":"https:\/\/sandzakpress.net\/arhiva\/author\/"}]}},"_links":{"self":[{"href":"https:\/\/sandzakpress.net\/arhiva\/wp-json\/wp\/v2\/posts\/77448"}],"collection":[{"href":"https:\/\/sandzakpress.net\/arhiva\/wp-json\/wp\/v2\/posts"}],"about":[{"href":"https:\/\/sandzakpress.net\/arhiva\/wp-json\/wp\/v2\/types\/post"}],"author":[{"embeddable":true,"href":"https:\/\/sandzakpress.net\/arhiva\/wp-json\/wp\/v2\/users\/16"}],"replies":[{"embeddable":true,"href":"https:\/\/sandzakpress.net\/arhiva\/wp-json\/wp\/v2\/comments?post=77448"}],"version-history":[{"count":0,"href":"https:\/\/sandzakpress.net\/arhiva\/wp-json\/wp\/v2\/posts\/77448\/revisions"}],"wp:featuredmedia":[{"embeddable":true,"href":"https:\/\/sandzakpress.net\/arhiva\/wp-json\/wp\/v2\/media\/77450"}],"wp:attachment":[{"href":"https:\/\/sandzakpress.net\/arhiva\/wp-json\/wp\/v2\/media?parent=77448"}],"wp:term":[{"taxonomy":"category","embeddable":true,"href":"https:\/\/sandzakpress.net\/arhiva\/wp-json\/wp\/v2\/categories?post=77448"},{"taxonomy":"post_tag","embeddable":true,"href":"https:\/\/sandzakpress.net\/arhiva\/wp-json\/wp\/v2\/tags?post=77448"}],"curies":[{"name":"wp","href":"https:\/\/api.w.org\/{rel}","templated":true}]}}