{"id":77258,"date":"2013-05-28T17:41:00","date_gmt":"2013-05-28T15:41:00","guid":{"rendered":"https:\/\/sandzakpress.net\/arhiva\/?p=77258"},"modified":"2013-06-28T22:07:53","modified_gmt":"2013-06-28T20:07:53","slug":"petnjica-od-danas-i-zvanicno-opstina","status":"publish","type":"post","link":"https:\/\/sandzakpress.net\/arhiva\/petnjica-od-danas-i-zvanicno-opstina\/","title":{"rendered":"Petnjica od danas i zvani\u010dno op\u0161tina"},"content":{"rendered":"<p><a href=\"https:\/\/sandzakpress.net\/arhiva\/wp-content\/uploads\/2013\/05\/580312_168246293343739_1664197471_n.jpg\"><img loading=\"lazy\" decoding=\"async\" class=\"aligncenter size-full wp-image-77274\" title=\"580312_168246293343739_1664197471_n\" src=\"https:\/\/sandzakpress.net\/arhiva\/wp-content\/uploads\/2013\/05\/580312_168246293343739_1664197471_n.jpg\" alt=\"\" width=\"616\" height=\"462\" \/><\/a><\/p>\n<p><strong>Petnjica &#8211; Skup\u0161tina je odlu\u010dila da Petnjica bude op\u0161tina, kako je predvi\u0111eno izmjenama Zakona o teritorijalnoj organizaciji. Poslanici ipak nijesu imali sluha za amandmane SNP koji je tra\u017eio da se precizira razgrani\u010denje sa Beranama, kao i da se, osim u Petnjici, organizuju novi lokalni izbori u Beranama.<\/strong><\/p>\n<p>Predstavnik predlaga\u010da Rifat Rastoder (SDP) kazao je da su ta rje\u0161enja ve\u0107 konsituisana u zakonu, te da bi njihovo eventaulno prihvatanje dovelo u pitanje saglasnot koja je postuignuta o njegovom usvajanju.<\/p>\n<p>\u201cPredlo\u017eeni amandnani ne zadiru u cilj zakona a to je osnivanje op\u0161tine Petnjica, niti se mo\u017ee re\u0107i da \u0107e dovesti u pitanju saglasnost, ali njihovim neprihvatanjem dovodite u pitanje praksti\u010dnu primjenu zakona\u201d, poru\u010dio je Neven Go\u0161ovi\u0107 (SNP).<\/p>\n<p>Ni poslanicima Pozitivne nije bilo jasno zbog \u010dega su amandmani SNP-a neprihvatljivi.<\/p>\n<p>\u201cPozitivna je glasala za zakon ne zbog predlaga\u010da ve\u0107 zbog gra\u0111ana\u201d, poru\u010dila je Azra Jasavi\u0107 iz Pozitivne.<\/p>\n<p>Nakon \u0161to su njihovi amandmani odbijeni, jedino su predstavnici SNP bili uzdr\u017eani prilikom glasanja o dodjeljivanju statusa op\u0161tine Petnjici.<\/p>\n<p>(Vijesti)<\/p>\n","protected":false},"excerpt":{"rendered":"<p>Petnjica &#8211; Skup\u0161tina je odlu\u010dila da Petnjica bude op\u0161tina, kako je predvi\u0111eno izmjenama Zakona o teritorijalnoj organizaciji. Poslanici ipak nijesu imali sluha za amandmane SNP koji je tra\u017eio da se precizira razgrani\u010denje sa Beranama, kao i da se, osim u Petnjici, organizuju novi lokalni izbori u Beranama. Predstavnik predlaga\u010da Rifat Rastoder (SDP) kazao je da [&hellip;]<\/p>\n","protected":false},"author":83,"featured_media":77274,"comment_status":"open","ping_status":"open","sticky":false,"template":"","format":"standard","meta":{"footnotes":""},"categories":[800,397,10174,8957],"tags":[],"class_list":{"0":"post-77258","1":"post","2":"type-post","3":"status-publish","4":"format-standard","5":"has-post-thumbnail","7":"category-nacija","8":"category-berane","9":"category-petnjica-vase-vijesti","10":"category-vijesti-dana"},"yoast_head":"<!-- This site is optimized with the Yoast SEO Premium plugin v23.1 (Yoast SEO v24.9) - https:\/\/yoast.com\/wordpress\/plugins\/seo\/ -->\n<title>Petnjica od danas i zvani\u010dno op\u0161tina<\/title>\n<meta name=\"robots\" content=\"index, follow, max-snippet:-1, max-image-preview:large, max-video-preview:-1\" \/>\n<link rel=\"canonical\" href=\"https:\/\/sandzakpress.net\/arhiva\/petnjica-od-danas-i-zvanicno-opstina\/\" \/>\n<meta property=\"og:locale\" content=\"bs_BA\" \/>\n<meta property=\"og:type\" content=\"article\" \/>\n<meta property=\"og:title\" content=\"Petnjica od danas i zvani\u010dno op\u0161tina\" \/>\n<meta property=\"og:description\" content=\"Petnjica &#8211; Skup\u0161tina je odlu\u010dila da Petnjica bude op\u0161tina, kako je predvi\u0111eno izmjenama Zakona o teritorijalnoj organizaciji. Poslanici ipak nijesu imali sluha za amandmane SNP koji je tra\u017eio da se precizira razgrani\u010denje sa Beranama, kao i da se, osim u Petnjici, organizuju novi lokalni izbori u Beranama. Predstavnik predlaga\u010da Rifat Rastoder (SDP) kazao je da [&hellip;]\" \/>\n<meta property=\"og:url\" content=\"https:\/\/sandzakpress.net\/arhiva\/petnjica-od-danas-i-zvanicno-opstina\/\" \/>\n<meta property=\"og:site_name\" content=\"Sand\u017eak PRESS\" \/>\n<meta property=\"article:published_time\" content=\"2013-05-28T15:41:00+00:00\" \/>\n<meta property=\"article:modified_time\" content=\"2013-06-28T20:07:53+00:00\" \/>\n<meta property=\"og:image\" content=\"https:\/\/sandzakpress.net\/arhiva\/wp-content\/uploads\/2013\/05\/580312_168246293343739_1664197471_n.jpg\" \/>\n\t<meta property=\"og:image:width\" content=\"616\" \/>\n\t<meta property=\"og:image:height\" content=\"462\" \/>\n\t<meta property=\"og:image:type\" content=\"image\/jpeg\" \/>\n<meta name=\"author\" content=\"bosniak\" \/>\n<meta name=\"twitter:card\" content=\"summary_large_image\" \/>\n<meta name=\"twitter:label1\" content=\"Written by\" \/>\n\t<meta name=\"twitter:data1\" content=\"bosniak\" \/>\n\t<meta name=\"twitter:label2\" content=\"Est. reading time\" \/>\n\t<meta name=\"twitter:data2\" content=\"1 minuta\" \/>\n<script type=\"application\/ld+json\" class=\"yoast-schema-graph\">{\"@context\":\"https:\/\/schema.org\",\"@graph\":[{\"@type\":\"Article\",\"@id\":\"https:\/\/sandzakpress.net\/arhiva\/petnjica-od-danas-i-zvanicno-opstina\/#article\",\"isPartOf\":{\"@id\":\"https:\/\/sandzakpress.net\/arhiva\/petnjica-od-danas-i-zvanicno-opstina\/\"},\"author\":{\"name\":\"bosniak\",\"@id\":\"https:\/\/sandzakpress.net\/arhiva\/#\/schema\/person\/c8baee722073534b583ea7bdb2e36c02\"},\"headline\":\"Petnjica od danas i zvani\u010dno op\u0161tina\",\"datePublished\":\"2013-05-28T15:41:00+00:00\",\"dateModified\":\"2013-06-28T20:07:53+00:00\",\"mainEntityOfPage\":{\"@id\":\"https:\/\/sandzakpress.net\/arhiva\/petnjica-od-danas-i-zvanicno-opstina\/\"},\"wordCount\":192,\"commentCount\":12,\"publisher\":{\"@id\":\"https:\/\/sandzakpress.net\/arhiva\/#\/schema\/person\/6e72b67d6e51910a1117b3b483ba20bd\"},\"image\":{\"@id\":\"https:\/\/sandzakpress.net\/arhiva\/petnjica-od-danas-i-zvanicno-opstina\/#primaryimage\"},\"thumbnailUrl\":\"https:\/\/sandzakpress.net\/arhiva\/wp-content\/uploads\/2013\/05\/580312_168246293343739_1664197471_n.jpg\",\"articleSection\":[\"Nacija\",\"Berane\",\"Petnjica\",\"VIJESTI DANA\"],\"inLanguage\":\"bs-BA\",\"potentialAction\":[{\"@type\":\"CommentAction\",\"name\":\"Comment\",\"target\":[\"https:\/\/sandzakpress.net\/arhiva\/petnjica-od-danas-i-zvanicno-opstina\/#respond\"]}]},{\"@type\":\"WebPage\",\"@id\":\"https:\/\/sandzakpress.net\/arhiva\/petnjica-od-danas-i-zvanicno-opstina\/\",\"url\":\"https:\/\/sandzakpress.net\/arhiva\/petnjica-od-danas-i-zvanicno-opstina\/\",\"name\":\"Petnjica od danas i zvani\u010dno op\u0161tina\",\"isPartOf\":{\"@id\":\"https:\/\/sandzakpress.net\/arhiva\/#website\"},\"primaryImageOfPage\":{\"@id\":\"https:\/\/sandzakpress.net\/arhiva\/petnjica-od-danas-i-zvanicno-opstina\/#primaryimage\"},\"image\":{\"@id\":\"https:\/\/sandzakpress.net\/arhiva\/petnjica-od-danas-i-zvanicno-opstina\/#primaryimage\"},\"thumbnailUrl\":\"https:\/\/sandzakpress.net\/arhiva\/wp-content\/uploads\/2013\/05\/580312_168246293343739_1664197471_n.jpg\",\"datePublished\":\"2013-05-28T15:41:00+00:00\",\"dateModified\":\"2013-06-28T20:07:53+00:00\",\"breadcrumb\":{\"@id\":\"https:\/\/sandzakpress.net\/arhiva\/petnjica-od-danas-i-zvanicno-opstina\/#breadcrumb\"},\"inLanguage\":\"bs-BA\",\"potentialAction\":[{\"@type\":\"ReadAction\",\"target\":[\"https:\/\/sandzakpress.net\/arhiva\/petnjica-od-danas-i-zvanicno-opstina\/\"]}]},{\"@type\":\"ImageObject\",\"inLanguage\":\"bs-BA\",\"@id\":\"https:\/\/sandzakpress.net\/arhiva\/petnjica-od-danas-i-zvanicno-opstina\/#primaryimage\",\"url\":\"https:\/\/sandzakpress.net\/arhiva\/wp-content\/uploads\/2013\/05\/580312_168246293343739_1664197471_n.jpg\",\"contentUrl\":\"https:\/\/sandzakpress.net\/arhiva\/wp-content\/uploads\/2013\/05\/580312_168246293343739_1664197471_n.jpg\",\"width\":616,\"height\":462},{\"@type\":\"BreadcrumbList\",\"@id\":\"https:\/\/sandzakpress.net\/arhiva\/petnjica-od-danas-i-zvanicno-opstina\/#breadcrumb\",\"itemListElement\":[{\"@type\":\"ListItem\",\"position\":1,\"name\":\"Home\",\"item\":\"https:\/\/sandzakpress.net\/arhiva\/\"},{\"@type\":\"ListItem\",\"position\":2,\"name\":\"Petnjica od danas i zvani\u010dno op\u0161tina\"}]},{\"@type\":\"WebSite\",\"@id\":\"https:\/\/sandzakpress.net\/arhiva\/#website\",\"url\":\"https:\/\/sandzakpress.net\/arhiva\/\",\"name\":\"Sand\u017eak PRESS\",\"description\":\"Prve elektronske novine u Sand\u017eaku\",\"publisher\":{\"@id\":\"https:\/\/sandzakpress.net\/arhiva\/#\/schema\/person\/6e72b67d6e51910a1117b3b483ba20bd\"},\"potentialAction\":[{\"@type\":\"SearchAction\",\"target\":{\"@type\":\"EntryPoint\",\"urlTemplate\":\"https:\/\/sandzakpress.net\/arhiva\/?s={search_term_string}\"},\"query-input\":{\"@type\":\"PropertyValueSpecification\",\"valueRequired\":true,\"valueName\":\"search_term_string\"}}],\"inLanguage\":\"bs-BA\"},{\"@type\":[\"Person\",\"Organization\"],\"@id\":\"https:\/\/sandzakpress.net\/arhiva\/#\/schema\/person\/6e72b67d6e51910a1117b3b483ba20bd\",\"name\":\"Kul\",\"image\":{\"@type\":\"ImageObject\",\"inLanguage\":\"bs-BA\",\"@id\":\"https:\/\/sandzakpress.net\/arhiva\/#\/schema\/person\/image\/\",\"url\":\"https:\/\/secure.gravatar.com\/avatar\/42263f39aa27ac04c43cab85c280eb2e?s=96&d=mm&r=pg\",\"contentUrl\":\"https:\/\/secure.gravatar.com\/avatar\/42263f39aa27ac04c43cab85c280eb2e?s=96&d=mm&r=pg\",\"caption\":\"Kul\"},\"logo\":{\"@id\":\"https:\/\/sandzakpress.net\/arhiva\/#\/schema\/person\/image\/\"}},{\"@type\":\"Person\",\"@id\":\"https:\/\/sandzakpress.net\/arhiva\/#\/schema\/person\/c8baee722073534b583ea7bdb2e36c02\",\"name\":\"bosniak\",\"image\":{\"@type\":\"ImageObject\",\"inLanguage\":\"bs-BA\",\"@id\":\"https:\/\/sandzakpress.net\/arhiva\/#\/schema\/person\/image\/\",\"url\":\"https:\/\/secure.gravatar.com\/avatar\/a04fd330bfe3a36a72a0ad4a6d89fca7?s=96&d=mm&r=pg\",\"contentUrl\":\"https:\/\/secure.gravatar.com\/avatar\/a04fd330bfe3a36a72a0ad4a6d89fca7?s=96&d=mm&r=pg\",\"caption\":\"bosniak\"},\"url\":\"https:\/\/sandzakpress.net\/arhiva\/author\/bosniak\/\"}]}<\/script>\n<!-- \/ Yoast SEO Premium plugin. -->","yoast_head_json":{"title":"Petnjica od danas i zvani\u010dno op\u0161tina","robots":{"index":"index","follow":"follow","max-snippet":"max-snippet:-1","max-image-preview":"max-image-preview:large","max-video-preview":"max-video-preview:-1"},"canonical":"https:\/\/sandzakpress.net\/arhiva\/petnjica-od-danas-i-zvanicno-opstina\/","og_locale":"bs_BA","og_type":"article","og_title":"Petnjica od danas i zvani\u010dno op\u0161tina","og_description":"Petnjica &#8211; Skup\u0161tina je odlu\u010dila da Petnjica bude op\u0161tina, kako je predvi\u0111eno izmjenama Zakona o teritorijalnoj organizaciji. Poslanici ipak nijesu imali sluha za amandmane SNP koji je tra\u017eio da se precizira razgrani\u010denje sa Beranama, kao i da se, osim u Petnjici, organizuju novi lokalni izbori u Beranama. Predstavnik predlaga\u010da Rifat Rastoder (SDP) kazao je da [&hellip;]","og_url":"https:\/\/sandzakpress.net\/arhiva\/petnjica-od-danas-i-zvanicno-opstina\/","og_site_name":"Sand\u017eak PRESS","article_published_time":"2013-05-28T15:41:00+00:00","article_modified_time":"2013-06-28T20:07:53+00:00","og_image":[{"width":616,"height":462,"url":"https:\/\/sandzakpress.net\/arhiva\/wp-content\/uploads\/2013\/05\/580312_168246293343739_1664197471_n.jpg","type":"image\/jpeg"}],"author":"bosniak","twitter_card":"summary_large_image","twitter_misc":{"Written by":"bosniak","Est. reading time":"1 minuta"},"schema":{"@context":"https:\/\/schema.org","@graph":[{"@type":"Article","@id":"https:\/\/sandzakpress.net\/arhiva\/petnjica-od-danas-i-zvanicno-opstina\/#article","isPartOf":{"@id":"https:\/\/sandzakpress.net\/arhiva\/petnjica-od-danas-i-zvanicno-opstina\/"},"author":{"name":"bosniak","@id":"https:\/\/sandzakpress.net\/arhiva\/#\/schema\/person\/c8baee722073534b583ea7bdb2e36c02"},"headline":"Petnjica od danas i zvani\u010dno op\u0161tina","datePublished":"2013-05-28T15:41:00+00:00","dateModified":"2013-06-28T20:07:53+00:00","mainEntityOfPage":{"@id":"https:\/\/sandzakpress.net\/arhiva\/petnjica-od-danas-i-zvanicno-opstina\/"},"wordCount":192,"commentCount":12,"publisher":{"@id":"https:\/\/sandzakpress.net\/arhiva\/#\/schema\/person\/6e72b67d6e51910a1117b3b483ba20bd"},"image":{"@id":"https:\/\/sandzakpress.net\/arhiva\/petnjica-od-danas-i-zvanicno-opstina\/#primaryimage"},"thumbnailUrl":"https:\/\/sandzakpress.net\/arhiva\/wp-content\/uploads\/2013\/05\/580312_168246293343739_1664197471_n.jpg","articleSection":["Nacija","Berane","Petnjica","VIJESTI DANA"],"inLanguage":"bs-BA","potentialAction":[{"@type":"CommentAction","name":"Comment","target":["https:\/\/sandzakpress.net\/arhiva\/petnjica-od-danas-i-zvanicno-opstina\/#respond"]}]},{"@type":"WebPage","@id":"https:\/\/sandzakpress.net\/arhiva\/petnjica-od-danas-i-zvanicno-opstina\/","url":"https:\/\/sandzakpress.net\/arhiva\/petnjica-od-danas-i-zvanicno-opstina\/","name":"Petnjica od danas i zvani\u010dno op\u0161tina","isPartOf":{"@id":"https:\/\/sandzakpress.net\/arhiva\/#website"},"primaryImageOfPage":{"@id":"https:\/\/sandzakpress.net\/arhiva\/petnjica-od-danas-i-zvanicno-opstina\/#primaryimage"},"image":{"@id":"https:\/\/sandzakpress.net\/arhiva\/petnjica-od-danas-i-zvanicno-opstina\/#primaryimage"},"thumbnailUrl":"https:\/\/sandzakpress.net\/arhiva\/wp-content\/uploads\/2013\/05\/580312_168246293343739_1664197471_n.jpg","datePublished":"2013-05-28T15:41:00+00:00","dateModified":"2013-06-28T20:07:53+00:00","breadcrumb":{"@id":"https:\/\/sandzakpress.net\/arhiva\/petnjica-od-danas-i-zvanicno-opstina\/#breadcrumb"},"inLanguage":"bs-BA","potentialAction":[{"@type":"ReadAction","target":["https:\/\/sandzakpress.net\/arhiva\/petnjica-od-danas-i-zvanicno-opstina\/"]}]},{"@type":"ImageObject","inLanguage":"bs-BA","@id":"https:\/\/sandzakpress.net\/arhiva\/petnjica-od-danas-i-zvanicno-opstina\/#primaryimage","url":"https:\/\/sandzakpress.net\/arhiva\/wp-content\/uploads\/2013\/05\/580312_168246293343739_1664197471_n.jpg","contentUrl":"https:\/\/sandzakpress.net\/arhiva\/wp-content\/uploads\/2013\/05\/580312_168246293343739_1664197471_n.jpg","width":616,"height":462},{"@type":"BreadcrumbList","@id":"https:\/\/sandzakpress.net\/arhiva\/petnjica-od-danas-i-zvanicno-opstina\/#breadcrumb","itemListElement":[{"@type":"ListItem","position":1,"name":"Home","item":"https:\/\/sandzakpress.net\/arhiva\/"},{"@type":"ListItem","position":2,"name":"Petnjica od danas i zvani\u010dno op\u0161tina"}]},{"@type":"WebSite","@id":"https:\/\/sandzakpress.net\/arhiva\/#website","url":"https:\/\/sandzakpress.net\/arhiva\/","name":"Sand\u017eak PRESS","description":"Prve elektronske novine u Sand\u017eaku","publisher":{"@id":"https:\/\/sandzakpress.net\/arhiva\/#\/schema\/person\/6e72b67d6e51910a1117b3b483ba20bd"},"potentialAction":[{"@type":"SearchAction","target":{"@type":"EntryPoint","urlTemplate":"https:\/\/sandzakpress.net\/arhiva\/?s={search_term_string}"},"query-input":{"@type":"PropertyValueSpecification","valueRequired":true,"valueName":"search_term_string"}}],"inLanguage":"bs-BA"},{"@type":["Person","Organization"],"@id":"https:\/\/sandzakpress.net\/arhiva\/#\/schema\/person\/6e72b67d6e51910a1117b3b483ba20bd","name":"Kul","image":{"@type":"ImageObject","inLanguage":"bs-BA","@id":"https:\/\/sandzakpress.net\/arhiva\/#\/schema\/person\/image\/","url":"https:\/\/secure.gravatar.com\/avatar\/42263f39aa27ac04c43cab85c280eb2e?s=96&d=mm&r=pg","contentUrl":"https:\/\/secure.gravatar.com\/avatar\/42263f39aa27ac04c43cab85c280eb2e?s=96&d=mm&r=pg","caption":"Kul"},"logo":{"@id":"https:\/\/sandzakpress.net\/arhiva\/#\/schema\/person\/image\/"}},{"@type":"Person","@id":"https:\/\/sandzakpress.net\/arhiva\/#\/schema\/person\/c8baee722073534b583ea7bdb2e36c02","name":"bosniak","image":{"@type":"ImageObject","inLanguage":"bs-BA","@id":"https:\/\/sandzakpress.net\/arhiva\/#\/schema\/person\/image\/","url":"https:\/\/secure.gravatar.com\/avatar\/a04fd330bfe3a36a72a0ad4a6d89fca7?s=96&d=mm&r=pg","contentUrl":"https:\/\/secure.gravatar.com\/avatar\/a04fd330bfe3a36a72a0ad4a6d89fca7?s=96&d=mm&r=pg","caption":"bosniak"},"url":"https:\/\/sandzakpress.net\/arhiva\/author\/bosniak\/"}]}},"_links":{"self":[{"href":"https:\/\/sandzakpress.net\/arhiva\/wp-json\/wp\/v2\/posts\/77258"}],"collection":[{"href":"https:\/\/sandzakpress.net\/arhiva\/wp-json\/wp\/v2\/posts"}],"about":[{"href":"https:\/\/sandzakpress.net\/arhiva\/wp-json\/wp\/v2\/types\/post"}],"author":[{"embeddable":true,"href":"https:\/\/sandzakpress.net\/arhiva\/wp-json\/wp\/v2\/users\/83"}],"replies":[{"embeddable":true,"href":"https:\/\/sandzakpress.net\/arhiva\/wp-json\/wp\/v2\/comments?post=77258"}],"version-history":[{"count":0,"href":"https:\/\/sandzakpress.net\/arhiva\/wp-json\/wp\/v2\/posts\/77258\/revisions"}],"wp:featuredmedia":[{"embeddable":true,"href":"https:\/\/sandzakpress.net\/arhiva\/wp-json\/wp\/v2\/media\/77274"}],"wp:attachment":[{"href":"https:\/\/sandzakpress.net\/arhiva\/wp-json\/wp\/v2\/media?parent=77258"}],"wp:term":[{"taxonomy":"category","embeddable":true,"href":"https:\/\/sandzakpress.net\/arhiva\/wp-json\/wp\/v2\/categories?post=77258"},{"taxonomy":"post_tag","embeddable":true,"href":"https:\/\/sandzakpress.net\/arhiva\/wp-json\/wp\/v2\/tags?post=77258"}],"curies":[{"name":"wp","href":"https:\/\/api.w.org\/{rel}","templated":true}]}}