{"id":77203,"date":"2013-08-09T01:23:32","date_gmt":"2013-08-08T23:23:32","guid":{"rendered":"https:\/\/sandzakpress.net\/arhiva\/?p=77203"},"modified":"2013-08-09T01:33:25","modified_gmt":"2013-08-08T23:33:25","slug":"hfz-ef-inicijativa-pomirenja-ili-daljeg-razdora","status":"publish","type":"post","link":"https:\/\/sandzakpress.net\/arhiva\/hfz-ef-inicijativa-pomirenja-ili-daljeg-razdora\/","title":{"rendered":"Inicijativa pomirenja ili daljeg razdora"},"content":{"rendered":"<figure id=\"attachment_77212\" aria-describedby=\"caption-attachment-77212\" style=\"width: 300px\" class=\"wp-caption alignleft\"><a href=\"https:\/\/sandzakpress.net\/arhiva\/wp-content\/uploads\/2013\/05\/Moja-slika-4.1.jpg\"><img loading=\"lazy\" decoding=\"async\" class=\"size-medium wp-image-77212\" title=\"Moja-slika-4.\" alt=\"\" src=\"https:\/\/sandzakpress.net\/arhiva\/wp-content\/uploads\/2013\/05\/Moja-slika-4.1-300x147.jpg\" width=\"300\" height=\"147\" \/><\/a><figcaption id=\"caption-attachment-77212\" class=\"wp-caption-text\">Autor: Hfz. Abdurrahman Kujevi\u0107<\/figcaption><\/figure>\n<p>Od kako su nam nevjernici sru\u0161ili Hilafet, uz pomo\u0107 na\u0161ih pomalo naivnih muslimana, trpimo pora\u017eavaju\u0107e posljedice na svim prostorima gdje \u017eivi ummet Muhammeda, sallallahu &#8216;alejhi ve sellem. U takvim okolnostima, mi muslimani Balkana, nakon \u0161to smo ostavljeni od bra\u0107e Osmanlija na milost i nemilost neprijatelju, organizirali smo se kroz Islamsku zajednicu koja je predstavljala i do danas ostala sto\u017eer na\u0161eg opstanka, koja je istovremeno substituirala instituciju Hilafeta bez koje muslimanima nema opstanka na jednom prostoru.<\/p>\n<p>Re\u017eimi dr\u017eava u kojima smo se na\u0161li dobro su shvatili na\u0161u nasu\u0161nu potrebu za Islamskom zajednicom pa su je uvijek gledali kontrolirati uglavnom preko \u010delnih ljudi koje \u0107e oni birati i postavljati, koji \u0107e biti njihovi \u010duvari ili kontrolori da se ovaj narod slu\u010dajno ne probudi, ne podigne glavu i iskoristi Islam kao najbolji, optimalni put kojeg je Allah kao blagodat podario ljudskom rodu.<\/p>\n<p>Moramo, na \u017ealost, priznati da su u tome uglavnom uspijevali, osim u nekim rijetkim situacijama. Jedan od rijetkih momenata koji im se oteo kontroli jeste momenat osnivanja sand\u017ea\u010dkog Muftijstva, Me\u0161ihata islamske zajednice Sand\u017eaka i izbor Muamera\u00a0 ef. Zukorli\u0107a za Sand\u017ea\u010dkog Muftiju i predvodnika ovih institucija. Desilo se to u periodu kada je velikosrpska \u010detni\u010dka ideologija bila zaokupljena ratovima zapo\u010detim sa ciljem stvaranja Velike Srbije, kada je Sand\u017eaku i muslimanima sa ovog prostora bila predvi\u0111ena likvidacija u zavr\u0161nici tih velikodr\u017eavnih procesa, pa se zbog toga i nije mnogo vodilo ra\u010duna na doga\u0111anja u Islamskoj zajednici Sand\u017eaka. Tada smo do\u017eivjeli da na \u010delu Islamske zajednice do\u0111u ljudi koji su u\u010deni i sposobni da povedu svoj narod u vjersko i nacionalno bu\u0111enje i op\u0161ti dru\u0161tveni prosperitet.<\/p>\n<figure style=\"width: 298px\" class=\"wp-caption alignright\"><img loading=\"lazy\" decoding=\"async\" alt=\"\" src=\"http:\/\/images3.kurir-info.rs\/slika-620x419\/muftija-zukorlic-struja-dug-kamate-ne-placa-1361658114-272417.jpg\" width=\"298\" height=\"201\" \/><figcaption class=\"wp-caption-text\">Muftija na meti, jer dr\u017eava nema kontrolu nad njim<\/figcaption><\/figure>\n<p>Ve\u0107 na samom po\u010detku djelovanja, vo\u0111a ovog projekta muftija sand\u017ea\u010dki Muemaer ef. Zukorli\u0107 je zbog neo\u010dekivanog i za re\u017eim neuobi\u010dajenog na\u010dina djelovanja na sebe skrenuo pa\u017enju. Re\u017eimu je i u takvim okolnostima ubrzo postalo jasno da se novi muftija ne smije ispustiti\u00a0 pa su po starom iskustvu i ve\u0107 oprobanim metodama poku\u0161ali i njega potkupiti, nude\u0107i mu pored ostalog, institucije dr\u017eave Srbije na raspolaganju kao li\u010dni servis, tra\u017ee\u0107i za uzvrat da se odrekne veze sa Bosnom i imena Sand\u017eak u nazivu Islamske zajednice.<\/p>\n<p>Me\u0111utim, vjera, karakter i dostojanstvo na\u0161eg Muftije su pobijedili taj izazov. Pomognut Allahovom milo\u0161\u0107u i dobrotom, na\u0161 Muftija je bez razmi\u0161ljanja presko\u010dio tu zamku. Re\u017eim, shvativ\u0161i neu\u010dinkovitost starih metoda uspostave kontrole, otvoreno objavljuje rat Islamskoj zajednici ali i svim na\u0161im institucijama koje su u me\u0111uvremenu proizvedene kao vakufi i brzo i produktivno ve\u0107 ostvarivale svoju zada\u0107u. Jasno je, glavni na\u0161 grijeh je bio to \u0161to smo izabrali slobodu, da sami o sebi odlu\u010dujemo i da se pred nikim, osim pred Allahom, ne ponizimo.<\/p>\n<p>Nakon \u0161to nisu uspjeli da potkupe i porobe predvodnike Islamske zajednice, pribjegli su drugim metodama. Naime, srpska akademija nauka i umjetnosti, kao ideolog porobljavanja svega \u0161to se ne krsti Svetosavljem, instruirala je dr\u017eavni aparat da prona\u0111u malu grupu efendija u Islamskoj zajednici koji su prihvatili tu ne\u010dasnu ulogu da budu u slu\u017ebi neprijatelja islama, protiv Allaha, Njegovog Poslanika i muslimana. Plan je bio da se preuzme Islamska zajednica i stavi pod kontrolom odanih, odnosno prodanih hod\u017ea.Ali, Allah Uzvi\u0161eni je bio na strani iskrenih robova, pa je re\u017eimu ovaj plan propao.<\/p>\n<p>Kr\u0161e\u0107i dr\u017eavne zakone, kojima se izri\u010dito ka\u017ee da u dr\u017eavi Srbiji mo\u017ee biti registrovana samo jedna Islamska zajednica, prodate hod\u017ee su bespravno osnovali privatnu islamsku zajednicu i legalizirali njeno postojanje kao islamsku zajednicu Srbije. Nema sumnje da se grupa prodatih hod\u017ea na \u010delu sa Ademom Zilki\u0107em tom prilikom ogrije\u0161ila o \u0160erijat, kao \u0161to se i njihov nalogodavac ogrije\u0161io o zakon dr\u017eave Srbije. Kako Srbija i \u201ene donosi zakone za nas ve\u0107 za na\u0161e neprijatelje\u201c, kako bi rekao jedan srpski velikan, ovo kr\u0161enje zakona za nju i ne predstavlja nikakvu novinu niti bilo kakav sistemski problem.<\/p>\n<figure id=\"attachment_84557\" aria-describedby=\"caption-attachment-84557\" style=\"width: 300px\" class=\"wp-caption alignleft\"><img loading=\"lazy\" decoding=\"async\" class=\"size-medium wp-image-84557\" alt=\"149435_1454306083285_5329702_n\" src=\"https:\/\/sandzakpress.net\/arhiva\/wp-content\/uploads\/2013\/05\/149435_1454306083285_5329702_n-300x231.jpg\" width=\"300\" height=\"231\" \/><figcaption id=\"caption-attachment-84557\" class=\"wp-caption-text\">Razara\u010di Islamske zajednice iz 2007.<\/figcaption><\/figure>\n<p>Izgleda da problema nije bilo ni za hod\u017ee koji su drsko, javno pogazili \u0160erijat, i nakon toga, kao da se ni\u0161ta nije desilo, stavili ahmediju na glavu. Oni su time pomogli neprijatelje islama protiv islama i muslimana, a op\u0107epoznata je stvar da ovo djelo islamski u\u010denjaci tretiraju kao djelo nevjerstva i otpadni\u0161tva. Kao dokaz za to dovoljno govori da su u poku\u0161aju preuzimanja Islamske zajednice anga\u017eirali policijske snage da ulaze u d\u017eamije, skrnave\u0107i njihovu svetost, kako bi izbacivali \u010destitu ulemu i efendije ovoga naroda koji su stali da za\u0161tite interese islama i muslimana.<\/p>\n<p>Ova grupica hod\u017ea predvo\u0111ena Ademom Zilki\u0107em, potpomognuta pojedinim sand\u017ea\u010dkim politi\u010darima, nanijela je nesagledive \u0161tetne posljedice koje \u0107e historija pamtiti. Narod je, ipak, pro\u010ditao namjere ove grupacije i \u017eestoko im se suprotstavio, te uspio da sprije\u010di realizaciju tih njihovih izdajni\u010dkih nakana.<\/p>\n<p>Pro\u0161lo je skoro \u0161est godina \u010dvrste odbrane islamske zajednice. U tom cijelom periodu napadi nisu prestajali. Neprijatelji islama i muslimana su pokazali da se ne\u0107e zaustaviti. U toj nakani, mnogobrojni faktori koji \u017eele da preuzmu i porobe Islamsku zajednicu su posegnuli za vrlo lukavim i dobro maskiranim metodama. U zadnje vrijeme se tako, pojavljuje tzv. \u201einicijativa za izmirenje\u201c pokrenuta u koordinaciji sa imamima Adema Zilki\u0107a. Kako bi se sakrila, vje\u0161to maskirala i u\u010dinila legitimnom, re\u017eim je obezbijedio \u00a0da ova inicijativa bude pokrenuta od strane slu\u017ebenika na\u0161e, tradicionalne islamske zajednice. \u00a0Ne mogu a da ne prokomentari\u0161em ovu pojavu koja je donijela vi\u0161e \u0161tete nego koristi. Pokrenuli su je na\u0161a bra\u0107a i kolege sa kojima smo imali jako prisne i dobre odnose, koje i dalje, u ime Allaha, volimo i za koje se molimo Allahu da im pomogne da shvate pogubnost koraka koje poduhvataju u tom smjeru. Zbog toga nas ovo mnogo vi\u0161e boli, ali i obavezuje \u00a0ukazati im na gre\u0161ke koje su u\u010dinili. Mo\u017eda nisu ni svjesni koliko njihova djela i postupke zloupotrebljavaju i koriste mnogobrojne politi\u010dke i obavje\u0161tanje strukture za ostvarivanje svojih ciljeva.<\/p>\n<p>Grupa imama iz na\u0161e islamske zajednice zajedno sa izdajni\u010dkim imamima iz Zilki\u0107eve paravjerske tvorevine, bez znanja vrha Islamske zajednice, a u cilju realizacije nakane tzv.pomiranja, i\u0161la je u Tursku, poku\u0161avaju\u0107i da pokrene vanjske faktore da se ponovo umije\u0161aju u unutra\u0161nje poslove Islamske zajednice. Time su prekr\u0161ili ustav islamske zajednice jer su poku\u0161ali da je predstavljaju bez prethodno dobijenog ovla\u0161\u0107enja.<\/p>\n<p>Pokreta\u010di tzv. \u201einicijative za pomirenje\u201c, su ovim amnestirali izdajni\u010dke hod\u017ee koji su stali uz prljavu misiju Adema Zilki\u0107a. Zaboravilo se da su svi oni koji su prihvatili ahmediju Adema Zilki\u0107a sau\u010desnici u grijehu kojeg su \u010dinili\u00a0 spram vjere i ovog naroda. Zar se mo\u017ee do te mjere gajiti naivnost da se oslonimo na one ljude koji su jedanput izdali interese vjere i naroda?! Nema sumnje da oni koji su u\u010dinili jedanput prevaru i izdaju, da \u0107e to stalno \u010diniti.<\/p>\n<figure id=\"attachment_84558\" aria-describedby=\"caption-attachment-84558\" style=\"width: 300px\" class=\"wp-caption alignright\"><img loading=\"lazy\" decoding=\"async\" class=\"size-medium wp-image-84558\" alt=\"1150370_591966424181229_540996587_n\" src=\"https:\/\/sandzakpress.net\/arhiva\/wp-content\/uploads\/2013\/05\/1150370_591966424181229_540996587_n-300x199.jpg\" width=\"300\" height=\"199\" \/><figcaption id=\"caption-attachment-84558\" class=\"wp-caption-text\">Bekir Maki\u0107 u dru\u0161tvu Demirovi\u0107a, glavnog kandidata za &#8220;muftiju&#8221; ujedinjene\/tre\u0107e islamske zajednice&#8221;<\/figcaption><\/figure>\n<p>Pomirenje i muslihunluk je obaveza muslimanima. Ali, i ovaj \u0161eriatski princip ima svoja pravila. Popravljanje stanja i izmirenje u Kur'anu je spomenuto terminom \u201eislah\u201c, \u0161to zna\u010di \u201ered, mir, harmonija\u201c, a oni koji sprovode ovu \u010dasnu ulogu nazivaju se \u201emuslihuni\u201c, a to zna\u010di \u201eoni koji red i mir donose\u201c. A mi smo svjedoci da je ova inicijativa za pomirenje donijela razdor, nered, jo\u0161 ve\u0107u smutnju i fitneluk, tako da se zbog svih prijestupa ova inicijativa ne mo\u017ee ni nazvati \u201epomiruju\u0107om\u201c. Stoga su s pravom ove doga\u0111aje ljudi u islamskoj zajednici nazvali drugim poku\u0161ajem pu\u010da u islamskoj zajednici. U ovim posljednjim doga\u0111ajima mogle su se vidjeti razli\u010diti apsurdi. Mogli smo vidjeti kako u\u010denik \u010diste i \u010dasne Medinske \u0161kole ide na noge predvodniku sekta\u0161tva i razbijanja islamske zajednice. Da nismo to vidjeli svojim o\u010dima nikada u ne\u0161to tako ne bismo mogli povjerovati.<\/p>\n<p>\u017delim da istaknem da je rukovodstvo islamske zajednice, svakako za popravljanje stanja, rje\u0161avanje problema i izmirivanje me\u0111u ljudima i jedinstvo muslimana, ali ne pod svaku cijenu. Mi jesmo za jedinstvo koje \u0107e prije svega obilje\u017eiti prijestupnike i garantovati autonomnost i slobodu islamske zajednice od uticaja politi\u010dara i dr\u017eavnih organa na nju, za jedinstvo koje \u0107e pred historijom napraviti razliku izme\u0111u onih koji su \u010dvrsto branili interese islama, muslimana i naroda, i onih koji su radili za interes neprijatelja muslimana ove zajednice.<\/p>\n<p>Izra\u017eavam zahvalnost Allahu Uzvi\u0161enom Koji je sprije\u010dio mnogobrojne probleme i posljedice koje su se planirale i \u00a0bile nadvile nad ovim narodom. Zahvalnost dugujemo i vrhovnom Muftiji svih Bo\u0161njaka svijeta sa sjedi\u0161tem u Sarajevu, gaziji na\u0161eg naroda, Reisu-l-ulemi, mr. Husein ef. Kavazovi\u0107u, koji je kao bedem \u010dvrsto stao u odbrani slobode Islamske zajednice i po\u0161tovanju njenih organa, i pored mnogobrojnih negativnih pritisaka koji su mu dolazili \u00a0sa svih strana. Molimo Allaha da ga nagradi, sa\u010duva i pomogne u daljem vo\u0111enju na\u0161eg naroda ka uspjehu i ponosu. Tako\u0111er, neka Allah nagradi Sand\u017ea\u010dkog Muftiju i njegove saradnike, poput Re\u0161ada ef. Plojovi\u0107a, koji su i ovog puta \u010dvrsto stali u odbrani principa \u0161eriata i temeljnih postulata Islamske zajednice.<\/p>\n<p>Na kraju molim Allaha da sve nas uputi na Pravi put, da nam otvori srca ka istini, oprosti grijehe i ujedini nas na istini, tevhidu (Allahovoj jedno\u0107i) i podari uspjeh na dunjaluku i na ahiretu. Amin.<\/p>\n<p style=\"text-align: right;\"><strong>Pomo\u0107nik sand\u017ea\u010dkog muftije za ju\u017eni Sand\u017eak<\/strong><\/p>\n<p style=\"text-align: right;\"><strong>hfz. Abdurrahman ef. Kujevi\u0107<\/strong><\/p>\n","protected":false},"excerpt":{"rendered":"<p>Hfz. Abdurrahman Kujevi\u0107<\/p>\n","protected":false},"author":83,"featured_media":77212,"comment_status":"open","ping_status":"open","sticky":false,"template":"","format":"standard","meta":{"footnotes":""},"categories":[72,398,10196,327],"tags":[10204,10252],"class_list":{"0":"post-77203","1":"post","2":"type-post","3":"status-publish","4":"format-standard","5":"has-post-thumbnail","7":"category-novi-pazar","8":"category-rozaje","9":"category-iz-pera-nasih-autora","10":"category-tutin","11":"tag-muftija-muamer-zukorlic","12":"tag-hfz-abdurrahman-kujevic"},"yoast_head":"<!-- This site is optimized with the Yoast SEO Premium plugin v23.1 (Yoast SEO v24.9) - https:\/\/yoast.com\/wordpress\/plugins\/seo\/ -->\n<title>Inicijativa pomirenja ili daljeg razdora<\/title>\n<meta name=\"robots\" content=\"index, follow, max-snippet:-1, max-image-preview:large, max-video-preview:-1\" \/>\n<link rel=\"canonical\" href=\"https:\/\/sandzakpress.net\/arhiva\/hfz-ef-inicijativa-pomirenja-ili-daljeg-razdora\/\" \/>\n<meta property=\"og:locale\" content=\"bs_BA\" \/>\n<meta property=\"og:type\" content=\"article\" \/>\n<meta property=\"og:title\" content=\"Inicijativa pomirenja ili daljeg razdora\" \/>\n<meta property=\"og:description\" content=\"Hfz. Abdurrahman Kujevi\u0107\" \/>\n<meta property=\"og:url\" content=\"https:\/\/sandzakpress.net\/arhiva\/hfz-ef-inicijativa-pomirenja-ili-daljeg-razdora\/\" \/>\n<meta property=\"og:site_name\" content=\"Sand\u017eak PRESS\" \/>\n<meta property=\"article:published_time\" content=\"2013-08-08T23:23:32+00:00\" \/>\n<meta property=\"article:modified_time\" content=\"2013-08-08T23:33:25+00:00\" \/>\n<meta property=\"og:image\" content=\"https:\/\/sandzakpress.net\/arhiva\/wp-content\/uploads\/2013\/05\/Moja-slika-4.1.jpg\" \/>\n\t<meta property=\"og:image:width\" content=\"616\" \/>\n\t<meta property=\"og:image:height\" content=\"303\" \/>\n\t<meta property=\"og:image:type\" content=\"image\/jpeg\" \/>\n<meta name=\"author\" content=\"bosniak\" \/>\n<meta name=\"twitter:card\" content=\"summary_large_image\" \/>\n<meta name=\"twitter:label1\" content=\"Written by\" \/>\n\t<meta name=\"twitter:data1\" content=\"bosniak\" \/>\n\t<meta name=\"twitter:label2\" content=\"Est. reading time\" \/>\n\t<meta name=\"twitter:data2\" content=\"8 minuta\" \/>\n<script type=\"application\/ld+json\" class=\"yoast-schema-graph\">{\"@context\":\"https:\/\/schema.org\",\"@graph\":[{\"@type\":\"Article\",\"@id\":\"https:\/\/sandzakpress.net\/arhiva\/hfz-ef-inicijativa-pomirenja-ili-daljeg-razdora\/#article\",\"isPartOf\":{\"@id\":\"https:\/\/sandzakpress.net\/arhiva\/hfz-ef-inicijativa-pomirenja-ili-daljeg-razdora\/\"},\"author\":{\"name\":\"bosniak\",\"@id\":\"https:\/\/sandzakpress.net\/arhiva\/#\/schema\/person\/c8baee722073534b583ea7bdb2e36c02\"},\"headline\":\"Inicijativa pomirenja ili daljeg razdora\",\"datePublished\":\"2013-08-08T23:23:32+00:00\",\"dateModified\":\"2013-08-08T23:33:25+00:00\",\"mainEntityOfPage\":{\"@id\":\"https:\/\/sandzakpress.net\/arhiva\/hfz-ef-inicijativa-pomirenja-ili-daljeg-razdora\/\"},\"wordCount\":1701,\"commentCount\":20,\"publisher\":{\"@id\":\"https:\/\/sandzakpress.net\/arhiva\/#\/schema\/person\/6e72b67d6e51910a1117b3b483ba20bd\"},\"image\":{\"@id\":\"https:\/\/sandzakpress.net\/arhiva\/hfz-ef-inicijativa-pomirenja-ili-daljeg-razdora\/#primaryimage\"},\"thumbnailUrl\":\"https:\/\/sandzakpress.net\/arhiva\/wp-content\/uploads\/2013\/05\/Moja-slika-4.1.jpg\",\"keywords\":[\"muftija Muamer Zukorli\u0107\",\"Hfz. Abdurrahman Kujevi\u0107\"],\"articleSection\":[\"Novi Pazar\",\"Ro\u017eaje\",\"Iz pera na\u0161ih autora\",\"Tutin\"],\"inLanguage\":\"bs-BA\",\"potentialAction\":[{\"@type\":\"CommentAction\",\"name\":\"Comment\",\"target\":[\"https:\/\/sandzakpress.net\/arhiva\/hfz-ef-inicijativa-pomirenja-ili-daljeg-razdora\/#respond\"]}]},{\"@type\":\"WebPage\",\"@id\":\"https:\/\/sandzakpress.net\/arhiva\/hfz-ef-inicijativa-pomirenja-ili-daljeg-razdora\/\",\"url\":\"https:\/\/sandzakpress.net\/arhiva\/hfz-ef-inicijativa-pomirenja-ili-daljeg-razdora\/\",\"name\":\"Inicijativa pomirenja ili daljeg razdora\",\"isPartOf\":{\"@id\":\"https:\/\/sandzakpress.net\/arhiva\/#website\"},\"primaryImageOfPage\":{\"@id\":\"https:\/\/sandzakpress.net\/arhiva\/hfz-ef-inicijativa-pomirenja-ili-daljeg-razdora\/#primaryimage\"},\"image\":{\"@id\":\"https:\/\/sandzakpress.net\/arhiva\/hfz-ef-inicijativa-pomirenja-ili-daljeg-razdora\/#primaryimage\"},\"thumbnailUrl\":\"https:\/\/sandzakpress.net\/arhiva\/wp-content\/uploads\/2013\/05\/Moja-slika-4.1.jpg\",\"datePublished\":\"2013-08-08T23:23:32+00:00\",\"dateModified\":\"2013-08-08T23:33:25+00:00\",\"breadcrumb\":{\"@id\":\"https:\/\/sandzakpress.net\/arhiva\/hfz-ef-inicijativa-pomirenja-ili-daljeg-razdora\/#breadcrumb\"},\"inLanguage\":\"bs-BA\",\"potentialAction\":[{\"@type\":\"ReadAction\",\"target\":[\"https:\/\/sandzakpress.net\/arhiva\/hfz-ef-inicijativa-pomirenja-ili-daljeg-razdora\/\"]}]},{\"@type\":\"ImageObject\",\"inLanguage\":\"bs-BA\",\"@id\":\"https:\/\/sandzakpress.net\/arhiva\/hfz-ef-inicijativa-pomirenja-ili-daljeg-razdora\/#primaryimage\",\"url\":\"https:\/\/sandzakpress.net\/arhiva\/wp-content\/uploads\/2013\/05\/Moja-slika-4.1.jpg\",\"contentUrl\":\"https:\/\/sandzakpress.net\/arhiva\/wp-content\/uploads\/2013\/05\/Moja-slika-4.1.jpg\",\"width\":616,\"height\":303},{\"@type\":\"BreadcrumbList\",\"@id\":\"https:\/\/sandzakpress.net\/arhiva\/hfz-ef-inicijativa-pomirenja-ili-daljeg-razdora\/#breadcrumb\",\"itemListElement\":[{\"@type\":\"ListItem\",\"position\":1,\"name\":\"Home\",\"item\":\"https:\/\/sandzakpress.net\/arhiva\/\"},{\"@type\":\"ListItem\",\"position\":2,\"name\":\"Inicijativa pomirenja ili daljeg razdora\"}]},{\"@type\":\"WebSite\",\"@id\":\"https:\/\/sandzakpress.net\/arhiva\/#website\",\"url\":\"https:\/\/sandzakpress.net\/arhiva\/\",\"name\":\"Sand\u017eak PRESS\",\"description\":\"Prve elektronske novine u Sand\u017eaku\",\"publisher\":{\"@id\":\"https:\/\/sandzakpress.net\/arhiva\/#\/schema\/person\/6e72b67d6e51910a1117b3b483ba20bd\"},\"potentialAction\":[{\"@type\":\"SearchAction\",\"target\":{\"@type\":\"EntryPoint\",\"urlTemplate\":\"https:\/\/sandzakpress.net\/arhiva\/?s={search_term_string}\"},\"query-input\":{\"@type\":\"PropertyValueSpecification\",\"valueRequired\":true,\"valueName\":\"search_term_string\"}}],\"inLanguage\":\"bs-BA\"},{\"@type\":[\"Person\",\"Organization\"],\"@id\":\"https:\/\/sandzakpress.net\/arhiva\/#\/schema\/person\/6e72b67d6e51910a1117b3b483ba20bd\",\"name\":\"Kul\",\"image\":{\"@type\":\"ImageObject\",\"inLanguage\":\"bs-BA\",\"@id\":\"https:\/\/sandzakpress.net\/arhiva\/#\/schema\/person\/image\/\",\"url\":\"https:\/\/secure.gravatar.com\/avatar\/42263f39aa27ac04c43cab85c280eb2e?s=96&d=mm&r=pg\",\"contentUrl\":\"https:\/\/secure.gravatar.com\/avatar\/42263f39aa27ac04c43cab85c280eb2e?s=96&d=mm&r=pg\",\"caption\":\"Kul\"},\"logo\":{\"@id\":\"https:\/\/sandzakpress.net\/arhiva\/#\/schema\/person\/image\/\"}},{\"@type\":\"Person\",\"@id\":\"https:\/\/sandzakpress.net\/arhiva\/#\/schema\/person\/c8baee722073534b583ea7bdb2e36c02\",\"name\":\"bosniak\",\"image\":{\"@type\":\"ImageObject\",\"inLanguage\":\"bs-BA\",\"@id\":\"https:\/\/sandzakpress.net\/arhiva\/#\/schema\/person\/image\/\",\"url\":\"https:\/\/secure.gravatar.com\/avatar\/a04fd330bfe3a36a72a0ad4a6d89fca7?s=96&d=mm&r=pg\",\"contentUrl\":\"https:\/\/secure.gravatar.com\/avatar\/a04fd330bfe3a36a72a0ad4a6d89fca7?s=96&d=mm&r=pg\",\"caption\":\"bosniak\"},\"url\":\"https:\/\/sandzakpress.net\/arhiva\/author\/bosniak\/\"}]}<\/script>\n<!-- \/ Yoast SEO Premium plugin. -->","yoast_head_json":{"title":"Inicijativa pomirenja ili daljeg razdora","robots":{"index":"index","follow":"follow","max-snippet":"max-snippet:-1","max-image-preview":"max-image-preview:large","max-video-preview":"max-video-preview:-1"},"canonical":"https:\/\/sandzakpress.net\/arhiva\/hfz-ef-inicijativa-pomirenja-ili-daljeg-razdora\/","og_locale":"bs_BA","og_type":"article","og_title":"Inicijativa pomirenja ili daljeg razdora","og_description":"Hfz. Abdurrahman Kujevi\u0107","og_url":"https:\/\/sandzakpress.net\/arhiva\/hfz-ef-inicijativa-pomirenja-ili-daljeg-razdora\/","og_site_name":"Sand\u017eak PRESS","article_published_time":"2013-08-08T23:23:32+00:00","article_modified_time":"2013-08-08T23:33:25+00:00","og_image":[{"width":616,"height":303,"url":"https:\/\/sandzakpress.net\/arhiva\/wp-content\/uploads\/2013\/05\/Moja-slika-4.1.jpg","type":"image\/jpeg"}],"author":"bosniak","twitter_card":"summary_large_image","twitter_misc":{"Written by":"bosniak","Est. reading time":"8 minuta"},"schema":{"@context":"https:\/\/schema.org","@graph":[{"@type":"Article","@id":"https:\/\/sandzakpress.net\/arhiva\/hfz-ef-inicijativa-pomirenja-ili-daljeg-razdora\/#article","isPartOf":{"@id":"https:\/\/sandzakpress.net\/arhiva\/hfz-ef-inicijativa-pomirenja-ili-daljeg-razdora\/"},"author":{"name":"bosniak","@id":"https:\/\/sandzakpress.net\/arhiva\/#\/schema\/person\/c8baee722073534b583ea7bdb2e36c02"},"headline":"Inicijativa pomirenja ili daljeg razdora","datePublished":"2013-08-08T23:23:32+00:00","dateModified":"2013-08-08T23:33:25+00:00","mainEntityOfPage":{"@id":"https:\/\/sandzakpress.net\/arhiva\/hfz-ef-inicijativa-pomirenja-ili-daljeg-razdora\/"},"wordCount":1701,"commentCount":20,"publisher":{"@id":"https:\/\/sandzakpress.net\/arhiva\/#\/schema\/person\/6e72b67d6e51910a1117b3b483ba20bd"},"image":{"@id":"https:\/\/sandzakpress.net\/arhiva\/hfz-ef-inicijativa-pomirenja-ili-daljeg-razdora\/#primaryimage"},"thumbnailUrl":"https:\/\/sandzakpress.net\/arhiva\/wp-content\/uploads\/2013\/05\/Moja-slika-4.1.jpg","keywords":["muftija Muamer Zukorli\u0107","Hfz. Abdurrahman Kujevi\u0107"],"articleSection":["Novi Pazar","Ro\u017eaje","Iz pera na\u0161ih autora","Tutin"],"inLanguage":"bs-BA","potentialAction":[{"@type":"CommentAction","name":"Comment","target":["https:\/\/sandzakpress.net\/arhiva\/hfz-ef-inicijativa-pomirenja-ili-daljeg-razdora\/#respond"]}]},{"@type":"WebPage","@id":"https:\/\/sandzakpress.net\/arhiva\/hfz-ef-inicijativa-pomirenja-ili-daljeg-razdora\/","url":"https:\/\/sandzakpress.net\/arhiva\/hfz-ef-inicijativa-pomirenja-ili-daljeg-razdora\/","name":"Inicijativa pomirenja ili daljeg razdora","isPartOf":{"@id":"https:\/\/sandzakpress.net\/arhiva\/#website"},"primaryImageOfPage":{"@id":"https:\/\/sandzakpress.net\/arhiva\/hfz-ef-inicijativa-pomirenja-ili-daljeg-razdora\/#primaryimage"},"image":{"@id":"https:\/\/sandzakpress.net\/arhiva\/hfz-ef-inicijativa-pomirenja-ili-daljeg-razdora\/#primaryimage"},"thumbnailUrl":"https:\/\/sandzakpress.net\/arhiva\/wp-content\/uploads\/2013\/05\/Moja-slika-4.1.jpg","datePublished":"2013-08-08T23:23:32+00:00","dateModified":"2013-08-08T23:33:25+00:00","breadcrumb":{"@id":"https:\/\/sandzakpress.net\/arhiva\/hfz-ef-inicijativa-pomirenja-ili-daljeg-razdora\/#breadcrumb"},"inLanguage":"bs-BA","potentialAction":[{"@type":"ReadAction","target":["https:\/\/sandzakpress.net\/arhiva\/hfz-ef-inicijativa-pomirenja-ili-daljeg-razdora\/"]}]},{"@type":"ImageObject","inLanguage":"bs-BA","@id":"https:\/\/sandzakpress.net\/arhiva\/hfz-ef-inicijativa-pomirenja-ili-daljeg-razdora\/#primaryimage","url":"https:\/\/sandzakpress.net\/arhiva\/wp-content\/uploads\/2013\/05\/Moja-slika-4.1.jpg","contentUrl":"https:\/\/sandzakpress.net\/arhiva\/wp-content\/uploads\/2013\/05\/Moja-slika-4.1.jpg","width":616,"height":303},{"@type":"BreadcrumbList","@id":"https:\/\/sandzakpress.net\/arhiva\/hfz-ef-inicijativa-pomirenja-ili-daljeg-razdora\/#breadcrumb","itemListElement":[{"@type":"ListItem","position":1,"name":"Home","item":"https:\/\/sandzakpress.net\/arhiva\/"},{"@type":"ListItem","position":2,"name":"Inicijativa pomirenja ili daljeg razdora"}]},{"@type":"WebSite","@id":"https:\/\/sandzakpress.net\/arhiva\/#website","url":"https:\/\/sandzakpress.net\/arhiva\/","name":"Sand\u017eak PRESS","description":"Prve elektronske novine u Sand\u017eaku","publisher":{"@id":"https:\/\/sandzakpress.net\/arhiva\/#\/schema\/person\/6e72b67d6e51910a1117b3b483ba20bd"},"potentialAction":[{"@type":"SearchAction","target":{"@type":"EntryPoint","urlTemplate":"https:\/\/sandzakpress.net\/arhiva\/?s={search_term_string}"},"query-input":{"@type":"PropertyValueSpecification","valueRequired":true,"valueName":"search_term_string"}}],"inLanguage":"bs-BA"},{"@type":["Person","Organization"],"@id":"https:\/\/sandzakpress.net\/arhiva\/#\/schema\/person\/6e72b67d6e51910a1117b3b483ba20bd","name":"Kul","image":{"@type":"ImageObject","inLanguage":"bs-BA","@id":"https:\/\/sandzakpress.net\/arhiva\/#\/schema\/person\/image\/","url":"https:\/\/secure.gravatar.com\/avatar\/42263f39aa27ac04c43cab85c280eb2e?s=96&d=mm&r=pg","contentUrl":"https:\/\/secure.gravatar.com\/avatar\/42263f39aa27ac04c43cab85c280eb2e?s=96&d=mm&r=pg","caption":"Kul"},"logo":{"@id":"https:\/\/sandzakpress.net\/arhiva\/#\/schema\/person\/image\/"}},{"@type":"Person","@id":"https:\/\/sandzakpress.net\/arhiva\/#\/schema\/person\/c8baee722073534b583ea7bdb2e36c02","name":"bosniak","image":{"@type":"ImageObject","inLanguage":"bs-BA","@id":"https:\/\/sandzakpress.net\/arhiva\/#\/schema\/person\/image\/","url":"https:\/\/secure.gravatar.com\/avatar\/a04fd330bfe3a36a72a0ad4a6d89fca7?s=96&d=mm&r=pg","contentUrl":"https:\/\/secure.gravatar.com\/avatar\/a04fd330bfe3a36a72a0ad4a6d89fca7?s=96&d=mm&r=pg","caption":"bosniak"},"url":"https:\/\/sandzakpress.net\/arhiva\/author\/bosniak\/"}]}},"_links":{"self":[{"href":"https:\/\/sandzakpress.net\/arhiva\/wp-json\/wp\/v2\/posts\/77203"}],"collection":[{"href":"https:\/\/sandzakpress.net\/arhiva\/wp-json\/wp\/v2\/posts"}],"about":[{"href":"https:\/\/sandzakpress.net\/arhiva\/wp-json\/wp\/v2\/types\/post"}],"author":[{"embeddable":true,"href":"https:\/\/sandzakpress.net\/arhiva\/wp-json\/wp\/v2\/users\/83"}],"replies":[{"embeddable":true,"href":"https:\/\/sandzakpress.net\/arhiva\/wp-json\/wp\/v2\/comments?post=77203"}],"version-history":[{"count":0,"href":"https:\/\/sandzakpress.net\/arhiva\/wp-json\/wp\/v2\/posts\/77203\/revisions"}],"wp:featuredmedia":[{"embeddable":true,"href":"https:\/\/sandzakpress.net\/arhiva\/wp-json\/wp\/v2\/media\/77212"}],"wp:attachment":[{"href":"https:\/\/sandzakpress.net\/arhiva\/wp-json\/wp\/v2\/media?parent=77203"}],"wp:term":[{"taxonomy":"category","embeddable":true,"href":"https:\/\/sandzakpress.net\/arhiva\/wp-json\/wp\/v2\/categories?post=77203"},{"taxonomy":"post_tag","embeddable":true,"href":"https:\/\/sandzakpress.net\/arhiva\/wp-json\/wp\/v2\/tags?post=77203"}],"curies":[{"name":"wp","href":"https:\/\/api.w.org\/{rel}","templated":true}]}}