{"id":77042,"date":"2013-05-25T19:12:19","date_gmt":"2013-05-25T17:12:19","guid":{"rendered":"https:\/\/sandzakpress.net\/arhiva\/?p=77042"},"modified":"2013-05-27T14:04:42","modified_gmt":"2013-05-27T12:04:42","slug":"perinatalna-zdrastvena-zastita-uskoro-u-novom-pazaru","status":"publish","type":"post","link":"https:\/\/sandzakpress.net\/arhiva\/perinatalna-zdrastvena-zastita-uskoro-u-novom-pazaru\/","title":{"rendered":"Perinatalna zdrastvena za\u0161tita uskoro u Novom Pazaru"},"content":{"rendered":"<p><strong><a href=\"https:\/\/sandzakpress.net\/arhiva\/wp-content\/uploads\/2013\/05\/perinatalna-zdrastvena-zatita-uskoro-u-novom-pazaru.jpg\"><img loading=\"lazy\" decoding=\"async\" class=\"alignleft size-medium wp-image-77043\" title=\"perinatalna zdrastvena zatita uskoro u novom pazaru\" src=\"https:\/\/sandzakpress.net\/arhiva\/wp-content\/uploads\/2013\/05\/perinatalna-zdrastvena-zatita-uskoro-u-novom-pazaru-300x201.jpg\" alt=\"\" width=\"300\" height=\"201\" \/><\/a>Novi Pazar &#8211; Eminentni stru\u010dnasti iz oblasti pedijatrije iz zemlje i inostranstva govorili su danas na Simpozijum pedijatara u Novom Pazaru o zna\u010daju preventivnog zdravlja majki i novorodjene djece, kao i o ve\u0107oj odgovornosti prema novom \u017eivotu.<\/strong><\/p>\n<p>Tema skupa je \u201eRegionalna saradnja u perinatalnoj za\u0161titi i milenijumski ciljevi\u201c, a projekat finansira Evropska unija.<\/p>\n<p>Direktor Op\u0161te bolnice Novi Pazar dr Mirsad Djerlek rekao je otvaraju\u0107i skup da je projekat\u00a0 o perinatalnoj zdrastvenoj za\u0161titi dugogodi\u0161nji cilj novopazarske zdrastvene struke i izrazio zadovoljstvo \u0161to je ta ideja uz zalaganje lekarskog\u00a0 tima i uz pomo\u0107\u00a0 prijatelja iz regiona za\u017eivela.<\/p>\n<p>\u201cZaista mi je velika \u010dast da sam na \u010delu zdrastvene institucije koja ima ovakav tim lekara i projekat \u0107e sigurno biti od velike va\u017enosti \u010dime \u0107emo se ponositi. Verujem da \u0107e on preventivno imati veliku va\u017enost kada je u pitanju zdravlje dece\u201d, rekao je Djerlek.<\/p>\n<p>Gradona\u010delnik Novog Pazara dr Meho Mahmutovi\u0107 podr\u017eao je realizaciju ovog projekta i u skorije vreme najavio po\u010detak niza novih, sa ciljem da se pobolj\u0161lja kvalitet zdrastvene za\u0161tite gradjana.<\/p>\n<p>On smatra da se poslednjih godina novopazarski Zdrastveni centar u organizacionom smislu zna\u010dajno razvio, te da \u0107e se taj pozitivan trend\u00a0 i nastaviti.<\/p>\n<p>\u201cNovi Pazar ima veliki broj odli\u010dnih lekara koji su poznati i van zemlje i u tom smislu nisam iznenadjen da su pedijatri pokrenuli jedan ovako zna\u010dajan projekat, te im \u010destitam. Ima\u0107e podr\u0161ku lokalne samouprave za svaku dobru ideju, jer nam je zajedni\u010dki cilj da u Novom Pazaru dobijemo jedan kvalitetan Klini\u010dki centar, a regionalna saradnja nam je, takodje, od velikog zna\u010daja\u201d, rekao je Mahmutovi\u0107.<\/p>\n<p>Tokom dvodnevnog simpozijuma o perinatalnoj zdrastvenoj za\u0161tititi u\u010desnici \u0107e kroz brojna pitanja razmjenjivati ideje i iskustva.<\/p>\n<p>Partneri na ovom projektu su Op\u0161ta bolnica Bijelo Polje\u00a0 i Sand\u017ea\u010dka razvojna agencija SEDA, a podr\u0161ku, znanje i iskustvo\u00a0 pru\u017eili su i brojni eminentni lekari\u00a0 iz zemlje i inostranstva.<\/p>\n<p>(Rtv NP)<\/p>\n","protected":false},"excerpt":{"rendered":"<p>Novi Pazar &#8211; Eminentni stru\u010dnasti iz oblasti pedijatrije iz zemlje i inostranstva govorili su danas na Simpozijum pedijatara u Novom Pazaru o zna\u010daju preventivnog zdravlja majki i novorodjene djece, kao i o ve\u0107oj odgovornosti prema novom \u017eivotu. Tema skupa je \u201eRegionalna saradnja u perinatalnoj za\u0161titi i milenijumski ciljevi\u201c, a projekat finansira Evropska unija. Direktor Op\u0161te [&hellip;]<\/p>\n","protected":false},"author":16,"featured_media":77043,"comment_status":"open","ping_status":"open","sticky":false,"template":"","format":"standard","meta":{"footnotes":""},"categories":[72,5],"tags":[],"class_list":{"0":"post-77042","1":"post","2":"type-post","3":"status-publish","4":"format-standard","5":"has-post-thumbnail","7":"category-novi-pazar","8":"category-drustvo"},"yoast_head":"<!-- This site is optimized with the Yoast SEO Premium plugin v23.1 (Yoast SEO v24.9) - https:\/\/yoast.com\/wordpress\/plugins\/seo\/ -->\n<title>Perinatalna zdrastvena za\u0161tita uskoro u Novom Pazaru<\/title>\n<meta name=\"robots\" content=\"index, follow, max-snippet:-1, max-image-preview:large, max-video-preview:-1\" \/>\n<link rel=\"canonical\" href=\"https:\/\/sandzakpress.net\/arhiva\/perinatalna-zdrastvena-zastita-uskoro-u-novom-pazaru\/\" \/>\n<meta property=\"og:locale\" content=\"bs_BA\" \/>\n<meta property=\"og:type\" content=\"article\" \/>\n<meta property=\"og:title\" content=\"Perinatalna zdrastvena za\u0161tita uskoro u Novom Pazaru\" \/>\n<meta property=\"og:description\" content=\"Novi Pazar &#8211; Eminentni stru\u010dnasti iz oblasti pedijatrije iz zemlje i inostranstva govorili su danas na Simpozijum pedijatara u Novom Pazaru o zna\u010daju preventivnog zdravlja majki i novorodjene djece, kao i o ve\u0107oj odgovornosti prema novom \u017eivotu. Tema skupa je \u201eRegionalna saradnja u perinatalnoj za\u0161titi i milenijumski ciljevi\u201c, a projekat finansira Evropska unija. Direktor Op\u0161te [&hellip;]\" \/>\n<meta property=\"og:url\" content=\"https:\/\/sandzakpress.net\/arhiva\/perinatalna-zdrastvena-zastita-uskoro-u-novom-pazaru\/\" \/>\n<meta property=\"og:site_name\" content=\"Sand\u017eak PRESS\" \/>\n<meta property=\"article:published_time\" content=\"2013-05-25T17:12:19+00:00\" \/>\n<meta property=\"article:modified_time\" content=\"2013-05-27T12:04:42+00:00\" \/>\n<meta property=\"og:image\" content=\"https:\/\/sandzakpress.net\/arhiva\/wp-content\/uploads\/2013\/05\/perinatalna-zdrastvena-zatita-uskoro-u-novom-pazaru.jpg\" \/>\n\t<meta property=\"og:image:width\" content=\"450\" \/>\n\t<meta property=\"og:image:height\" content=\"302\" \/>\n\t<meta property=\"og:image:type\" content=\"image\/jpeg\" \/>\n<meta name=\"twitter:card\" content=\"summary_large_image\" \/>\n<meta name=\"twitter:label1\" content=\"Written by\" \/>\n\t<meta name=\"twitter:data1\" content=\"\" \/>\n\t<meta name=\"twitter:label2\" content=\"Est. reading time\" \/>\n\t<meta name=\"twitter:data2\" content=\"2 minute\" \/>\n<script type=\"application\/ld+json\" class=\"yoast-schema-graph\">{\"@context\":\"https:\/\/schema.org\",\"@graph\":[{\"@type\":\"Article\",\"@id\":\"https:\/\/sandzakpress.net\/arhiva\/perinatalna-zdrastvena-zastita-uskoro-u-novom-pazaru\/#article\",\"isPartOf\":{\"@id\":\"https:\/\/sandzakpress.net\/arhiva\/perinatalna-zdrastvena-zastita-uskoro-u-novom-pazaru\/\"},\"author\":{\"name\":\"\",\"@id\":\"\"},\"headline\":\"Perinatalna zdrastvena za\u0161tita uskoro u Novom Pazaru\",\"datePublished\":\"2013-05-25T17:12:19+00:00\",\"dateModified\":\"2013-05-27T12:04:42+00:00\",\"mainEntityOfPage\":{\"@id\":\"https:\/\/sandzakpress.net\/arhiva\/perinatalna-zdrastvena-zastita-uskoro-u-novom-pazaru\/\"},\"wordCount\":341,\"commentCount\":0,\"publisher\":{\"@id\":\"https:\/\/sandzakpress.net\/arhiva\/#\/schema\/person\/6e72b67d6e51910a1117b3b483ba20bd\"},\"image\":{\"@id\":\"https:\/\/sandzakpress.net\/arhiva\/perinatalna-zdrastvena-zastita-uskoro-u-novom-pazaru\/#primaryimage\"},\"thumbnailUrl\":\"https:\/\/sandzakpress.net\/arhiva\/wp-content\/uploads\/2013\/05\/perinatalna-zdrastvena-zatita-uskoro-u-novom-pazaru.jpg\",\"articleSection\":[\"Novi Pazar\",\"Dru\u0161tvo\"],\"inLanguage\":\"bs-BA\",\"potentialAction\":[{\"@type\":\"CommentAction\",\"name\":\"Comment\",\"target\":[\"https:\/\/sandzakpress.net\/arhiva\/perinatalna-zdrastvena-zastita-uskoro-u-novom-pazaru\/#respond\"]}]},{\"@type\":\"WebPage\",\"@id\":\"https:\/\/sandzakpress.net\/arhiva\/perinatalna-zdrastvena-zastita-uskoro-u-novom-pazaru\/\",\"url\":\"https:\/\/sandzakpress.net\/arhiva\/perinatalna-zdrastvena-zastita-uskoro-u-novom-pazaru\/\",\"name\":\"Perinatalna zdrastvena za\u0161tita uskoro u Novom Pazaru\",\"isPartOf\":{\"@id\":\"https:\/\/sandzakpress.net\/arhiva\/#website\"},\"primaryImageOfPage\":{\"@id\":\"https:\/\/sandzakpress.net\/arhiva\/perinatalna-zdrastvena-zastita-uskoro-u-novom-pazaru\/#primaryimage\"},\"image\":{\"@id\":\"https:\/\/sandzakpress.net\/arhiva\/perinatalna-zdrastvena-zastita-uskoro-u-novom-pazaru\/#primaryimage\"},\"thumbnailUrl\":\"https:\/\/sandzakpress.net\/arhiva\/wp-content\/uploads\/2013\/05\/perinatalna-zdrastvena-zatita-uskoro-u-novom-pazaru.jpg\",\"datePublished\":\"2013-05-25T17:12:19+00:00\",\"dateModified\":\"2013-05-27T12:04:42+00:00\",\"breadcrumb\":{\"@id\":\"https:\/\/sandzakpress.net\/arhiva\/perinatalna-zdrastvena-zastita-uskoro-u-novom-pazaru\/#breadcrumb\"},\"inLanguage\":\"bs-BA\",\"potentialAction\":[{\"@type\":\"ReadAction\",\"target\":[\"https:\/\/sandzakpress.net\/arhiva\/perinatalna-zdrastvena-zastita-uskoro-u-novom-pazaru\/\"]}]},{\"@type\":\"ImageObject\",\"inLanguage\":\"bs-BA\",\"@id\":\"https:\/\/sandzakpress.net\/arhiva\/perinatalna-zdrastvena-zastita-uskoro-u-novom-pazaru\/#primaryimage\",\"url\":\"https:\/\/sandzakpress.net\/arhiva\/wp-content\/uploads\/2013\/05\/perinatalna-zdrastvena-zatita-uskoro-u-novom-pazaru.jpg\",\"contentUrl\":\"https:\/\/sandzakpress.net\/arhiva\/wp-content\/uploads\/2013\/05\/perinatalna-zdrastvena-zatita-uskoro-u-novom-pazaru.jpg\",\"width\":450,\"height\":302},{\"@type\":\"BreadcrumbList\",\"@id\":\"https:\/\/sandzakpress.net\/arhiva\/perinatalna-zdrastvena-zastita-uskoro-u-novom-pazaru\/#breadcrumb\",\"itemListElement\":[{\"@type\":\"ListItem\",\"position\":1,\"name\":\"Home\",\"item\":\"https:\/\/sandzakpress.net\/arhiva\/\"},{\"@type\":\"ListItem\",\"position\":2,\"name\":\"Perinatalna zdrastvena za\u0161tita uskoro u Novom Pazaru\"}]},{\"@type\":\"WebSite\",\"@id\":\"https:\/\/sandzakpress.net\/arhiva\/#website\",\"url\":\"https:\/\/sandzakpress.net\/arhiva\/\",\"name\":\"Sand\u017eak PRESS\",\"description\":\"Prve elektronske novine u Sand\u017eaku\",\"publisher\":{\"@id\":\"https:\/\/sandzakpress.net\/arhiva\/#\/schema\/person\/6e72b67d6e51910a1117b3b483ba20bd\"},\"potentialAction\":[{\"@type\":\"SearchAction\",\"target\":{\"@type\":\"EntryPoint\",\"urlTemplate\":\"https:\/\/sandzakpress.net\/arhiva\/?s={search_term_string}\"},\"query-input\":{\"@type\":\"PropertyValueSpecification\",\"valueRequired\":true,\"valueName\":\"search_term_string\"}}],\"inLanguage\":\"bs-BA\"},{\"@type\":[\"Person\",\"Organization\"],\"@id\":\"https:\/\/sandzakpress.net\/arhiva\/#\/schema\/person\/6e72b67d6e51910a1117b3b483ba20bd\",\"name\":\"Kul\",\"image\":{\"@type\":\"ImageObject\",\"inLanguage\":\"bs-BA\",\"@id\":\"https:\/\/sandzakpress.net\/arhiva\/#\/schema\/person\/image\/\",\"url\":\"https:\/\/secure.gravatar.com\/avatar\/42263f39aa27ac04c43cab85c280eb2e?s=96&d=mm&r=pg\",\"contentUrl\":\"https:\/\/secure.gravatar.com\/avatar\/42263f39aa27ac04c43cab85c280eb2e?s=96&d=mm&r=pg\",\"caption\":\"Kul\"},\"logo\":{\"@id\":\"https:\/\/sandzakpress.net\/arhiva\/#\/schema\/person\/image\/\"}},{\"@type\":\"Person\",\"@id\":\"\",\"url\":\"https:\/\/sandzakpress.net\/arhiva\/author\/\"}]}<\/script>\n<!-- \/ Yoast SEO Premium plugin. -->","yoast_head_json":{"title":"Perinatalna zdrastvena za\u0161tita uskoro u Novom Pazaru","robots":{"index":"index","follow":"follow","max-snippet":"max-snippet:-1","max-image-preview":"max-image-preview:large","max-video-preview":"max-video-preview:-1"},"canonical":"https:\/\/sandzakpress.net\/arhiva\/perinatalna-zdrastvena-zastita-uskoro-u-novom-pazaru\/","og_locale":"bs_BA","og_type":"article","og_title":"Perinatalna zdrastvena za\u0161tita uskoro u Novom Pazaru","og_description":"Novi Pazar &#8211; Eminentni stru\u010dnasti iz oblasti pedijatrije iz zemlje i inostranstva govorili su danas na Simpozijum pedijatara u Novom Pazaru o zna\u010daju preventivnog zdravlja majki i novorodjene djece, kao i o ve\u0107oj odgovornosti prema novom \u017eivotu. Tema skupa je \u201eRegionalna saradnja u perinatalnoj za\u0161titi i milenijumski ciljevi\u201c, a projekat finansira Evropska unija. Direktor Op\u0161te [&hellip;]","og_url":"https:\/\/sandzakpress.net\/arhiva\/perinatalna-zdrastvena-zastita-uskoro-u-novom-pazaru\/","og_site_name":"Sand\u017eak PRESS","article_published_time":"2013-05-25T17:12:19+00:00","article_modified_time":"2013-05-27T12:04:42+00:00","og_image":[{"width":450,"height":302,"url":"https:\/\/sandzakpress.net\/arhiva\/wp-content\/uploads\/2013\/05\/perinatalna-zdrastvena-zatita-uskoro-u-novom-pazaru.jpg","type":"image\/jpeg"}],"twitter_card":"summary_large_image","twitter_misc":{"Written by":"","Est. reading time":"2 minute"},"schema":{"@context":"https:\/\/schema.org","@graph":[{"@type":"Article","@id":"https:\/\/sandzakpress.net\/arhiva\/perinatalna-zdrastvena-zastita-uskoro-u-novom-pazaru\/#article","isPartOf":{"@id":"https:\/\/sandzakpress.net\/arhiva\/perinatalna-zdrastvena-zastita-uskoro-u-novom-pazaru\/"},"author":{"name":"","@id":""},"headline":"Perinatalna zdrastvena za\u0161tita uskoro u Novom Pazaru","datePublished":"2013-05-25T17:12:19+00:00","dateModified":"2013-05-27T12:04:42+00:00","mainEntityOfPage":{"@id":"https:\/\/sandzakpress.net\/arhiva\/perinatalna-zdrastvena-zastita-uskoro-u-novom-pazaru\/"},"wordCount":341,"commentCount":0,"publisher":{"@id":"https:\/\/sandzakpress.net\/arhiva\/#\/schema\/person\/6e72b67d6e51910a1117b3b483ba20bd"},"image":{"@id":"https:\/\/sandzakpress.net\/arhiva\/perinatalna-zdrastvena-zastita-uskoro-u-novom-pazaru\/#primaryimage"},"thumbnailUrl":"https:\/\/sandzakpress.net\/arhiva\/wp-content\/uploads\/2013\/05\/perinatalna-zdrastvena-zatita-uskoro-u-novom-pazaru.jpg","articleSection":["Novi Pazar","Dru\u0161tvo"],"inLanguage":"bs-BA","potentialAction":[{"@type":"CommentAction","name":"Comment","target":["https:\/\/sandzakpress.net\/arhiva\/perinatalna-zdrastvena-zastita-uskoro-u-novom-pazaru\/#respond"]}]},{"@type":"WebPage","@id":"https:\/\/sandzakpress.net\/arhiva\/perinatalna-zdrastvena-zastita-uskoro-u-novom-pazaru\/","url":"https:\/\/sandzakpress.net\/arhiva\/perinatalna-zdrastvena-zastita-uskoro-u-novom-pazaru\/","name":"Perinatalna zdrastvena za\u0161tita uskoro u Novom Pazaru","isPartOf":{"@id":"https:\/\/sandzakpress.net\/arhiva\/#website"},"primaryImageOfPage":{"@id":"https:\/\/sandzakpress.net\/arhiva\/perinatalna-zdrastvena-zastita-uskoro-u-novom-pazaru\/#primaryimage"},"image":{"@id":"https:\/\/sandzakpress.net\/arhiva\/perinatalna-zdrastvena-zastita-uskoro-u-novom-pazaru\/#primaryimage"},"thumbnailUrl":"https:\/\/sandzakpress.net\/arhiva\/wp-content\/uploads\/2013\/05\/perinatalna-zdrastvena-zatita-uskoro-u-novom-pazaru.jpg","datePublished":"2013-05-25T17:12:19+00:00","dateModified":"2013-05-27T12:04:42+00:00","breadcrumb":{"@id":"https:\/\/sandzakpress.net\/arhiva\/perinatalna-zdrastvena-zastita-uskoro-u-novom-pazaru\/#breadcrumb"},"inLanguage":"bs-BA","potentialAction":[{"@type":"ReadAction","target":["https:\/\/sandzakpress.net\/arhiva\/perinatalna-zdrastvena-zastita-uskoro-u-novom-pazaru\/"]}]},{"@type":"ImageObject","inLanguage":"bs-BA","@id":"https:\/\/sandzakpress.net\/arhiva\/perinatalna-zdrastvena-zastita-uskoro-u-novom-pazaru\/#primaryimage","url":"https:\/\/sandzakpress.net\/arhiva\/wp-content\/uploads\/2013\/05\/perinatalna-zdrastvena-zatita-uskoro-u-novom-pazaru.jpg","contentUrl":"https:\/\/sandzakpress.net\/arhiva\/wp-content\/uploads\/2013\/05\/perinatalna-zdrastvena-zatita-uskoro-u-novom-pazaru.jpg","width":450,"height":302},{"@type":"BreadcrumbList","@id":"https:\/\/sandzakpress.net\/arhiva\/perinatalna-zdrastvena-zastita-uskoro-u-novom-pazaru\/#breadcrumb","itemListElement":[{"@type":"ListItem","position":1,"name":"Home","item":"https:\/\/sandzakpress.net\/arhiva\/"},{"@type":"ListItem","position":2,"name":"Perinatalna zdrastvena za\u0161tita uskoro u Novom Pazaru"}]},{"@type":"WebSite","@id":"https:\/\/sandzakpress.net\/arhiva\/#website","url":"https:\/\/sandzakpress.net\/arhiva\/","name":"Sand\u017eak PRESS","description":"Prve elektronske novine u Sand\u017eaku","publisher":{"@id":"https:\/\/sandzakpress.net\/arhiva\/#\/schema\/person\/6e72b67d6e51910a1117b3b483ba20bd"},"potentialAction":[{"@type":"SearchAction","target":{"@type":"EntryPoint","urlTemplate":"https:\/\/sandzakpress.net\/arhiva\/?s={search_term_string}"},"query-input":{"@type":"PropertyValueSpecification","valueRequired":true,"valueName":"search_term_string"}}],"inLanguage":"bs-BA"},{"@type":["Person","Organization"],"@id":"https:\/\/sandzakpress.net\/arhiva\/#\/schema\/person\/6e72b67d6e51910a1117b3b483ba20bd","name":"Kul","image":{"@type":"ImageObject","inLanguage":"bs-BA","@id":"https:\/\/sandzakpress.net\/arhiva\/#\/schema\/person\/image\/","url":"https:\/\/secure.gravatar.com\/avatar\/42263f39aa27ac04c43cab85c280eb2e?s=96&d=mm&r=pg","contentUrl":"https:\/\/secure.gravatar.com\/avatar\/42263f39aa27ac04c43cab85c280eb2e?s=96&d=mm&r=pg","caption":"Kul"},"logo":{"@id":"https:\/\/sandzakpress.net\/arhiva\/#\/schema\/person\/image\/"}},{"@type":"Person","@id":"","url":"https:\/\/sandzakpress.net\/arhiva\/author\/"}]}},"_links":{"self":[{"href":"https:\/\/sandzakpress.net\/arhiva\/wp-json\/wp\/v2\/posts\/77042"}],"collection":[{"href":"https:\/\/sandzakpress.net\/arhiva\/wp-json\/wp\/v2\/posts"}],"about":[{"href":"https:\/\/sandzakpress.net\/arhiva\/wp-json\/wp\/v2\/types\/post"}],"author":[{"embeddable":true,"href":"https:\/\/sandzakpress.net\/arhiva\/wp-json\/wp\/v2\/users\/16"}],"replies":[{"embeddable":true,"href":"https:\/\/sandzakpress.net\/arhiva\/wp-json\/wp\/v2\/comments?post=77042"}],"version-history":[{"count":0,"href":"https:\/\/sandzakpress.net\/arhiva\/wp-json\/wp\/v2\/posts\/77042\/revisions"}],"wp:featuredmedia":[{"embeddable":true,"href":"https:\/\/sandzakpress.net\/arhiva\/wp-json\/wp\/v2\/media\/77043"}],"wp:attachment":[{"href":"https:\/\/sandzakpress.net\/arhiva\/wp-json\/wp\/v2\/media?parent=77042"}],"wp:term":[{"taxonomy":"category","embeddable":true,"href":"https:\/\/sandzakpress.net\/arhiva\/wp-json\/wp\/v2\/categories?post=77042"},{"taxonomy":"post_tag","embeddable":true,"href":"https:\/\/sandzakpress.net\/arhiva\/wp-json\/wp\/v2\/tags?post=77042"}],"curies":[{"name":"wp","href":"https:\/\/api.w.org\/{rel}","templated":true}]}}