{"id":77021,"date":"2013-05-25T18:57:35","date_gmt":"2013-05-25T16:57:35","guid":{"rendered":"https:\/\/sandzakpress.net\/arhiva\/?p=77021"},"modified":"2013-05-25T18:57:35","modified_gmt":"2013-05-25T16:57:35","slug":"bayern-i-dortmund-u-borbi-za-titulu-prvaka-evrope-na-wembleyu","status":"publish","type":"post","link":"https:\/\/sandzakpress.net\/arhiva\/bayern-i-dortmund-u-borbi-za-titulu-prvaka-evrope-na-wembleyu\/","title":{"rendered":"Bayern i Dortmund u borbi za titulu prvaka Evrope na Wembleyu"},"content":{"rendered":"<p><strong><a href=\"https:\/\/sandzakpress.net\/arhiva\/wp-content\/uploads\/2013\/05\/wembley1.jpg\"><img loading=\"lazy\" decoding=\"async\" class=\"alignleft size-full wp-image-77022\" title=\"wembley1\" src=\"https:\/\/sandzakpress.net\/arhiva\/wp-content\/uploads\/2013\/05\/wembley1.jpg\" alt=\"\" width=\"280\" height=\"210\" \/><\/a>Njema\u010dka &#8211; Stadion Wembley u Londonu \u0107e ve\u010deras biti popri\u0161te obra\u010duna njema\u010dkih rivala Dortmunda i Bayerna u finalu Lige prvaka.<\/strong><\/p>\n<p>Bavarci se navija\u010dima \u017eele iskupiti za pro\u0161logodi\u0161nji neuspjeh i to na ra\u010dun Borussije, dok ekipa iz Dortmunda namjerava iskoristiti veliku priliku i osvojiti evropski trofej.<\/p>\n<div>\n<div>Bayern dolazi u London odlu\u010dan da izbri\u0161e bol nakon poraza u pro\u0161logodi\u0161njem finalu na doma\u0107em terenu. Bavarci su ostali bez naslova prvaka Evrope i u finalu 2010. godine, a sada se nadaju da \u0107e okusiti slast pobjede protiv Dortmunda, rivala kojeg su ve\u0107 porazili u borbi za titulu u Bundesligi. Klub iz Minhena tra\u017ei svoju petu evropsku krunu. U polufinalu su eliminisali Barcelonu, ali ni Dortmund nije imao lagan zadatak protiv Real Madrida. Tim Jurgena Kloppa se nada ponavljanju uspjeha iz 1997. godine, kada je Dortmund u jedinom odigranom finalu uspio postati evropski prvak.<\/div>\n<div>Bayern i Dortmund su se samo jednom sreli u Ligi prvaka i to u sezoni 1997\/1998., u kojoj je Borussija branila titulu prvaka Evrope. U Minhenu je bilo 0:0, a Dortmund je na svom terenu pobijedio golom Stephanea Chapuisata iz 109. minute. Ove dvije ekipe su odigrale ukupno 100 me\u0111usobnih utakmica, Bayern je pobijedio 45, a Dortmund 26 puta, dok je 29 utakmica zavr\u0161eno remijem.<\/div>\n<div>U sezoni 2012\/2013. Bayern u \u010detiri utakmice nije izgubio od Dortmunda. U Minhenu i Dortmundu u okviru Bundeslige je bilo 1:1, dok su Bavarci u njema\u010dkom Super Kupu pobijedili Dortmund rezultatom 2:1 u Minhenu 12. augusta. Trijumfovali su i u \u010detvrtfinalu Kupa golom Arjena Robbena 27. februara.<\/div>\n<div>Mnogi analiti\u010dari, nogometni znalci i navija\u010di daju prednost Bayernu, no, svi se sla\u017eu u \u010dinjenici da Dortmund ipak ima adute kojima mo\u017ee produ\u017eiti agoniju Bavaraca kada je rije\u010d o finalima Lige prvaka. Ko \u0107e biti na evropskom tronu ove sezone, ostaje da se vidi. Utakmica po\u010dinje u 20:45 sati.<\/div>\n<div>\n<h3>Svi osvaja\u010di Lige prvaka:<\/h3>\n<div>1956. Real Madrid (\u0160panija)<\/div>\n<div>1957. Real Madrid (\u0160panija)<\/div>\n<div>1958. Real Madrid (\u0160panija)<\/div>\n<div>1959. Real Madrid (\u0160panija)<\/div>\n<div>1960. Real Madrid (\u0160panija)<\/div>\n<div>1961. Benfica (Portugal)<\/div>\n<div>1962. Benfica (Portugal)<\/div>\n<div>1963. Milan (Italija)<\/div>\n<div>1964. Inter (Italija)<\/div>\n<div>1965. Inter (Italija)<\/div>\n<div>1966. Real Madrid (\u0160panija)<\/div>\n<div>1967. Celtic (\u0160kotska)<\/div>\n<div>1968. Manchester United (Engleska)<\/div>\n<div>1969. Milan (Italija)<\/div>\n<div>1970. Feyenoord (Holandija)<\/div>\n<div>1971. Ajax (Holandija)<\/div>\n<div>1972. Ajax (Holandija)<\/div>\n<div>1973. Ajax (Holandija)<\/div>\n<div>1974. Bayern Munchen (Zapadna Njema\u010dka)<\/div>\n<div>1975. Bayern Munchen (Zapadna Njema\u010dka)<\/div>\n<div>1976. Bayern Munchen (Zapadna Njema\u010dka)<\/div>\n<div>1977. Liverpool (Engleska)<\/div>\n<div>1978. Liverpool (Engleska)<\/div>\n<div>1979. Nottingham Forest (Engleska)<\/div>\n<div>1980. Nottingham Forest (Engleska)<\/div>\n<div>1981. Liverpool (Engleska)<\/div>\n<div>1982. Aston Villa (Engleska)<\/div>\n<div>1983. Hamburger (Zapadna Njema\u010dka)<\/div>\n<div>1984. Liverpool (Engleska)<\/div>\n<div>1985. Juventus (Italija)<\/div>\n<div>1986. Steaua (Rumunija)<\/div>\n<div>1987. Porto (Portugal)<\/div>\n<div>1988. PSV (Holandija)<\/div>\n<div>1989. Milan (Italija)<\/div>\n<div>1990. Milan (Italija)<\/div>\n<div>1991. Crvena zvezda (Jugoslavija)<\/div>\n<div>1992. Barcelona (\u0160panija)<\/div>\n<div>1993. Olympique de Marseille (Francuska)<\/div>\n<div>1994. Milan (Italija)<\/div>\n<div>1995. Ajax (Holandija)<\/div>\n<div>1996. Juventus (Italija)<\/div>\n<div>1997. Borussia Dortmund (Njema\u010dka)<\/div>\n<div>1998. Real Madrid (\u0160panija)<\/div>\n<div>1999. Manchester United (Engleska)<\/div>\n<div>2000. Real Madrid (\u0160panija)<\/div>\n<div>2001. Bayern Munchen (Njema\u010dka)<\/div>\n<div>2002. Real Madrid (\u0160panija)<\/div>\n<div>2003. Milan (Italija)<\/div>\n<div>2004. Porto (Portugal)<\/div>\n<div>2005. Liverpool (Engleska)<\/div>\n<div>2006. Barcelona (\u0160panija)<\/div>\n<div>2007. Milan (Italija)<\/div>\n<div>2008. Manchester United (Engleska)<\/div>\n<div>2009. Barcelona (\u0160panija)<\/div>\n<div>2010. Inter (Italija)<\/div>\n<div>2011. Barcelona (\u0160panija)<\/div>\n<div>2012. Chelsea (Engleska)<\/div>\n<\/div>\n<div><\/div>\n<div>(Info-KS)<\/div>\n<\/div>\n","protected":false},"excerpt":{"rendered":"<p>Njema\u010dka &#8211; Stadion Wembley u Londonu \u0107e ve\u010deras biti popri\u0161te obra\u010duna njema\u010dkih rivala Dortmunda i Bayerna u finalu Lige prvaka. Bavarci se navija\u010dima \u017eele iskupiti za pro\u0161logodi\u0161nji neuspjeh i to na ra\u010dun Borussije, dok ekipa iz Dortmunda namjerava iskoristiti veliku priliku i osvojiti evropski trofej. Bayern dolazi u London odlu\u010dan da izbri\u0161e bol nakon poraza [&hellip;]<\/p>\n","protected":false},"author":16,"featured_media":77022,"comment_status":"open","ping_status":"open","sticky":false,"template":"","format":"standard","meta":{"footnotes":""},"categories":[9538,9],"tags":[],"class_list":{"0":"post-77021","1":"post","2":"type-post","3":"status-publish","4":"format-standard","5":"has-post-thumbnail","7":"category-njemacka-dijaspora-gradovi-vase-vijesti","8":"category-svijet"},"yoast_head":"<!-- This site is optimized with the Yoast SEO Premium plugin v23.1 (Yoast SEO v24.9) - https:\/\/yoast.com\/wordpress\/plugins\/seo\/ -->\n<title>Bayern i Dortmund u borbi za titulu prvaka Evrope na Wembleyu<\/title>\n<meta name=\"robots\" content=\"index, follow, max-snippet:-1, max-image-preview:large, max-video-preview:-1\" \/>\n<link rel=\"canonical\" href=\"https:\/\/sandzakpress.net\/arhiva\/bayern-i-dortmund-u-borbi-za-titulu-prvaka-evrope-na-wembleyu\/\" \/>\n<meta property=\"og:locale\" content=\"bs_BA\" \/>\n<meta property=\"og:type\" content=\"article\" \/>\n<meta property=\"og:title\" content=\"Bayern i Dortmund u borbi za titulu prvaka Evrope na Wembleyu\" \/>\n<meta property=\"og:description\" content=\"Njema\u010dka &#8211; Stadion Wembley u Londonu \u0107e ve\u010deras biti popri\u0161te obra\u010duna njema\u010dkih rivala Dortmunda i Bayerna u finalu Lige prvaka. Bavarci se navija\u010dima \u017eele iskupiti za pro\u0161logodi\u0161nji neuspjeh i to na ra\u010dun Borussije, dok ekipa iz Dortmunda namjerava iskoristiti veliku priliku i osvojiti evropski trofej. Bayern dolazi u London odlu\u010dan da izbri\u0161e bol nakon poraza [&hellip;]\" \/>\n<meta property=\"og:url\" content=\"https:\/\/sandzakpress.net\/arhiva\/bayern-i-dortmund-u-borbi-za-titulu-prvaka-evrope-na-wembleyu\/\" \/>\n<meta property=\"og:site_name\" content=\"Sand\u017eak PRESS\" \/>\n<meta property=\"article:published_time\" content=\"2013-05-25T16:57:35+00:00\" \/>\n<meta property=\"og:image\" content=\"https:\/\/sandzakpress.net\/arhiva\/wp-content\/uploads\/2013\/05\/wembley1.jpg\" \/>\n\t<meta property=\"og:image:width\" content=\"280\" \/>\n\t<meta property=\"og:image:height\" content=\"210\" \/>\n\t<meta property=\"og:image:type\" content=\"image\/jpeg\" \/>\n<meta name=\"twitter:card\" content=\"summary_large_image\" \/>\n<meta name=\"twitter:label1\" content=\"Written by\" \/>\n\t<meta name=\"twitter:data1\" content=\"\" \/>\n\t<meta name=\"twitter:label2\" content=\"Est. reading time\" \/>\n\t<meta name=\"twitter:data2\" content=\"2 minute\" \/>\n<script type=\"application\/ld+json\" class=\"yoast-schema-graph\">{\"@context\":\"https:\/\/schema.org\",\"@graph\":[{\"@type\":\"Article\",\"@id\":\"https:\/\/sandzakpress.net\/arhiva\/bayern-i-dortmund-u-borbi-za-titulu-prvaka-evrope-na-wembleyu\/#article\",\"isPartOf\":{\"@id\":\"https:\/\/sandzakpress.net\/arhiva\/bayern-i-dortmund-u-borbi-za-titulu-prvaka-evrope-na-wembleyu\/\"},\"author\":{\"name\":\"\",\"@id\":\"\"},\"headline\":\"Bayern i Dortmund u borbi za titulu prvaka Evrope na Wembleyu\",\"datePublished\":\"2013-05-25T16:57:35+00:00\",\"mainEntityOfPage\":{\"@id\":\"https:\/\/sandzakpress.net\/arhiva\/bayern-i-dortmund-u-borbi-za-titulu-prvaka-evrope-na-wembleyu\/\"},\"wordCount\":473,\"commentCount\":0,\"publisher\":{\"@id\":\"https:\/\/sandzakpress.net\/arhiva\/#\/schema\/person\/6e72b67d6e51910a1117b3b483ba20bd\"},\"image\":{\"@id\":\"https:\/\/sandzakpress.net\/arhiva\/bayern-i-dortmund-u-borbi-za-titulu-prvaka-evrope-na-wembleyu\/#primaryimage\"},\"thumbnailUrl\":\"https:\/\/sandzakpress.net\/arhiva\/wp-content\/uploads\/2013\/05\/wembley1.jpg\",\"articleSection\":[\"Njema\u010dka\",\"Svijet\"],\"inLanguage\":\"bs-BA\",\"potentialAction\":[{\"@type\":\"CommentAction\",\"name\":\"Comment\",\"target\":[\"https:\/\/sandzakpress.net\/arhiva\/bayern-i-dortmund-u-borbi-za-titulu-prvaka-evrope-na-wembleyu\/#respond\"]}]},{\"@type\":\"WebPage\",\"@id\":\"https:\/\/sandzakpress.net\/arhiva\/bayern-i-dortmund-u-borbi-za-titulu-prvaka-evrope-na-wembleyu\/\",\"url\":\"https:\/\/sandzakpress.net\/arhiva\/bayern-i-dortmund-u-borbi-za-titulu-prvaka-evrope-na-wembleyu\/\",\"name\":\"Bayern i Dortmund u borbi za titulu prvaka Evrope na Wembleyu\",\"isPartOf\":{\"@id\":\"https:\/\/sandzakpress.net\/arhiva\/#website\"},\"primaryImageOfPage\":{\"@id\":\"https:\/\/sandzakpress.net\/arhiva\/bayern-i-dortmund-u-borbi-za-titulu-prvaka-evrope-na-wembleyu\/#primaryimage\"},\"image\":{\"@id\":\"https:\/\/sandzakpress.net\/arhiva\/bayern-i-dortmund-u-borbi-za-titulu-prvaka-evrope-na-wembleyu\/#primaryimage\"},\"thumbnailUrl\":\"https:\/\/sandzakpress.net\/arhiva\/wp-content\/uploads\/2013\/05\/wembley1.jpg\",\"datePublished\":\"2013-05-25T16:57:35+00:00\",\"breadcrumb\":{\"@id\":\"https:\/\/sandzakpress.net\/arhiva\/bayern-i-dortmund-u-borbi-za-titulu-prvaka-evrope-na-wembleyu\/#breadcrumb\"},\"inLanguage\":\"bs-BA\",\"potentialAction\":[{\"@type\":\"ReadAction\",\"target\":[\"https:\/\/sandzakpress.net\/arhiva\/bayern-i-dortmund-u-borbi-za-titulu-prvaka-evrope-na-wembleyu\/\"]}]},{\"@type\":\"ImageObject\",\"inLanguage\":\"bs-BA\",\"@id\":\"https:\/\/sandzakpress.net\/arhiva\/bayern-i-dortmund-u-borbi-za-titulu-prvaka-evrope-na-wembleyu\/#primaryimage\",\"url\":\"https:\/\/sandzakpress.net\/arhiva\/wp-content\/uploads\/2013\/05\/wembley1.jpg\",\"contentUrl\":\"https:\/\/sandzakpress.net\/arhiva\/wp-content\/uploads\/2013\/05\/wembley1.jpg\",\"width\":280,\"height\":210},{\"@type\":\"BreadcrumbList\",\"@id\":\"https:\/\/sandzakpress.net\/arhiva\/bayern-i-dortmund-u-borbi-za-titulu-prvaka-evrope-na-wembleyu\/#breadcrumb\",\"itemListElement\":[{\"@type\":\"ListItem\",\"position\":1,\"name\":\"Home\",\"item\":\"https:\/\/sandzakpress.net\/arhiva\/\"},{\"@type\":\"ListItem\",\"position\":2,\"name\":\"Bayern i Dortmund u borbi za titulu prvaka Evrope na Wembleyu\"}]},{\"@type\":\"WebSite\",\"@id\":\"https:\/\/sandzakpress.net\/arhiva\/#website\",\"url\":\"https:\/\/sandzakpress.net\/arhiva\/\",\"name\":\"Sand\u017eak PRESS\",\"description\":\"Prve elektronske novine u Sand\u017eaku\",\"publisher\":{\"@id\":\"https:\/\/sandzakpress.net\/arhiva\/#\/schema\/person\/6e72b67d6e51910a1117b3b483ba20bd\"},\"potentialAction\":[{\"@type\":\"SearchAction\",\"target\":{\"@type\":\"EntryPoint\",\"urlTemplate\":\"https:\/\/sandzakpress.net\/arhiva\/?s={search_term_string}\"},\"query-input\":{\"@type\":\"PropertyValueSpecification\",\"valueRequired\":true,\"valueName\":\"search_term_string\"}}],\"inLanguage\":\"bs-BA\"},{\"@type\":[\"Person\",\"Organization\"],\"@id\":\"https:\/\/sandzakpress.net\/arhiva\/#\/schema\/person\/6e72b67d6e51910a1117b3b483ba20bd\",\"name\":\"Kul\",\"image\":{\"@type\":\"ImageObject\",\"inLanguage\":\"bs-BA\",\"@id\":\"https:\/\/sandzakpress.net\/arhiva\/#\/schema\/person\/image\/\",\"url\":\"https:\/\/secure.gravatar.com\/avatar\/42263f39aa27ac04c43cab85c280eb2e?s=96&d=mm&r=pg\",\"contentUrl\":\"https:\/\/secure.gravatar.com\/avatar\/42263f39aa27ac04c43cab85c280eb2e?s=96&d=mm&r=pg\",\"caption\":\"Kul\"},\"logo\":{\"@id\":\"https:\/\/sandzakpress.net\/arhiva\/#\/schema\/person\/image\/\"}},{\"@type\":\"Person\",\"@id\":\"\",\"url\":\"https:\/\/sandzakpress.net\/arhiva\/author\/\"}]}<\/script>\n<!-- \/ Yoast SEO Premium plugin. -->","yoast_head_json":{"title":"Bayern i Dortmund u borbi za titulu prvaka Evrope na Wembleyu","robots":{"index":"index","follow":"follow","max-snippet":"max-snippet:-1","max-image-preview":"max-image-preview:large","max-video-preview":"max-video-preview:-1"},"canonical":"https:\/\/sandzakpress.net\/arhiva\/bayern-i-dortmund-u-borbi-za-titulu-prvaka-evrope-na-wembleyu\/","og_locale":"bs_BA","og_type":"article","og_title":"Bayern i Dortmund u borbi za titulu prvaka Evrope na Wembleyu","og_description":"Njema\u010dka &#8211; Stadion Wembley u Londonu \u0107e ve\u010deras biti popri\u0161te obra\u010duna njema\u010dkih rivala Dortmunda i Bayerna u finalu Lige prvaka. Bavarci se navija\u010dima \u017eele iskupiti za pro\u0161logodi\u0161nji neuspjeh i to na ra\u010dun Borussije, dok ekipa iz Dortmunda namjerava iskoristiti veliku priliku i osvojiti evropski trofej. Bayern dolazi u London odlu\u010dan da izbri\u0161e bol nakon poraza [&hellip;]","og_url":"https:\/\/sandzakpress.net\/arhiva\/bayern-i-dortmund-u-borbi-za-titulu-prvaka-evrope-na-wembleyu\/","og_site_name":"Sand\u017eak PRESS","article_published_time":"2013-05-25T16:57:35+00:00","og_image":[{"width":280,"height":210,"url":"https:\/\/sandzakpress.net\/arhiva\/wp-content\/uploads\/2013\/05\/wembley1.jpg","type":"image\/jpeg"}],"twitter_card":"summary_large_image","twitter_misc":{"Written by":"","Est. reading time":"2 minute"},"schema":{"@context":"https:\/\/schema.org","@graph":[{"@type":"Article","@id":"https:\/\/sandzakpress.net\/arhiva\/bayern-i-dortmund-u-borbi-za-titulu-prvaka-evrope-na-wembleyu\/#article","isPartOf":{"@id":"https:\/\/sandzakpress.net\/arhiva\/bayern-i-dortmund-u-borbi-za-titulu-prvaka-evrope-na-wembleyu\/"},"author":{"name":"","@id":""},"headline":"Bayern i Dortmund u borbi za titulu prvaka Evrope na Wembleyu","datePublished":"2013-05-25T16:57:35+00:00","mainEntityOfPage":{"@id":"https:\/\/sandzakpress.net\/arhiva\/bayern-i-dortmund-u-borbi-za-titulu-prvaka-evrope-na-wembleyu\/"},"wordCount":473,"commentCount":0,"publisher":{"@id":"https:\/\/sandzakpress.net\/arhiva\/#\/schema\/person\/6e72b67d6e51910a1117b3b483ba20bd"},"image":{"@id":"https:\/\/sandzakpress.net\/arhiva\/bayern-i-dortmund-u-borbi-za-titulu-prvaka-evrope-na-wembleyu\/#primaryimage"},"thumbnailUrl":"https:\/\/sandzakpress.net\/arhiva\/wp-content\/uploads\/2013\/05\/wembley1.jpg","articleSection":["Njema\u010dka","Svijet"],"inLanguage":"bs-BA","potentialAction":[{"@type":"CommentAction","name":"Comment","target":["https:\/\/sandzakpress.net\/arhiva\/bayern-i-dortmund-u-borbi-za-titulu-prvaka-evrope-na-wembleyu\/#respond"]}]},{"@type":"WebPage","@id":"https:\/\/sandzakpress.net\/arhiva\/bayern-i-dortmund-u-borbi-za-titulu-prvaka-evrope-na-wembleyu\/","url":"https:\/\/sandzakpress.net\/arhiva\/bayern-i-dortmund-u-borbi-za-titulu-prvaka-evrope-na-wembleyu\/","name":"Bayern i Dortmund u borbi za titulu prvaka Evrope na Wembleyu","isPartOf":{"@id":"https:\/\/sandzakpress.net\/arhiva\/#website"},"primaryImageOfPage":{"@id":"https:\/\/sandzakpress.net\/arhiva\/bayern-i-dortmund-u-borbi-za-titulu-prvaka-evrope-na-wembleyu\/#primaryimage"},"image":{"@id":"https:\/\/sandzakpress.net\/arhiva\/bayern-i-dortmund-u-borbi-za-titulu-prvaka-evrope-na-wembleyu\/#primaryimage"},"thumbnailUrl":"https:\/\/sandzakpress.net\/arhiva\/wp-content\/uploads\/2013\/05\/wembley1.jpg","datePublished":"2013-05-25T16:57:35+00:00","breadcrumb":{"@id":"https:\/\/sandzakpress.net\/arhiva\/bayern-i-dortmund-u-borbi-za-titulu-prvaka-evrope-na-wembleyu\/#breadcrumb"},"inLanguage":"bs-BA","potentialAction":[{"@type":"ReadAction","target":["https:\/\/sandzakpress.net\/arhiva\/bayern-i-dortmund-u-borbi-za-titulu-prvaka-evrope-na-wembleyu\/"]}]},{"@type":"ImageObject","inLanguage":"bs-BA","@id":"https:\/\/sandzakpress.net\/arhiva\/bayern-i-dortmund-u-borbi-za-titulu-prvaka-evrope-na-wembleyu\/#primaryimage","url":"https:\/\/sandzakpress.net\/arhiva\/wp-content\/uploads\/2013\/05\/wembley1.jpg","contentUrl":"https:\/\/sandzakpress.net\/arhiva\/wp-content\/uploads\/2013\/05\/wembley1.jpg","width":280,"height":210},{"@type":"BreadcrumbList","@id":"https:\/\/sandzakpress.net\/arhiva\/bayern-i-dortmund-u-borbi-za-titulu-prvaka-evrope-na-wembleyu\/#breadcrumb","itemListElement":[{"@type":"ListItem","position":1,"name":"Home","item":"https:\/\/sandzakpress.net\/arhiva\/"},{"@type":"ListItem","position":2,"name":"Bayern i Dortmund u borbi za titulu prvaka Evrope na Wembleyu"}]},{"@type":"WebSite","@id":"https:\/\/sandzakpress.net\/arhiva\/#website","url":"https:\/\/sandzakpress.net\/arhiva\/","name":"Sand\u017eak PRESS","description":"Prve elektronske novine u Sand\u017eaku","publisher":{"@id":"https:\/\/sandzakpress.net\/arhiva\/#\/schema\/person\/6e72b67d6e51910a1117b3b483ba20bd"},"potentialAction":[{"@type":"SearchAction","target":{"@type":"EntryPoint","urlTemplate":"https:\/\/sandzakpress.net\/arhiva\/?s={search_term_string}"},"query-input":{"@type":"PropertyValueSpecification","valueRequired":true,"valueName":"search_term_string"}}],"inLanguage":"bs-BA"},{"@type":["Person","Organization"],"@id":"https:\/\/sandzakpress.net\/arhiva\/#\/schema\/person\/6e72b67d6e51910a1117b3b483ba20bd","name":"Kul","image":{"@type":"ImageObject","inLanguage":"bs-BA","@id":"https:\/\/sandzakpress.net\/arhiva\/#\/schema\/person\/image\/","url":"https:\/\/secure.gravatar.com\/avatar\/42263f39aa27ac04c43cab85c280eb2e?s=96&d=mm&r=pg","contentUrl":"https:\/\/secure.gravatar.com\/avatar\/42263f39aa27ac04c43cab85c280eb2e?s=96&d=mm&r=pg","caption":"Kul"},"logo":{"@id":"https:\/\/sandzakpress.net\/arhiva\/#\/schema\/person\/image\/"}},{"@type":"Person","@id":"","url":"https:\/\/sandzakpress.net\/arhiva\/author\/"}]}},"_links":{"self":[{"href":"https:\/\/sandzakpress.net\/arhiva\/wp-json\/wp\/v2\/posts\/77021"}],"collection":[{"href":"https:\/\/sandzakpress.net\/arhiva\/wp-json\/wp\/v2\/posts"}],"about":[{"href":"https:\/\/sandzakpress.net\/arhiva\/wp-json\/wp\/v2\/types\/post"}],"author":[{"embeddable":true,"href":"https:\/\/sandzakpress.net\/arhiva\/wp-json\/wp\/v2\/users\/16"}],"replies":[{"embeddable":true,"href":"https:\/\/sandzakpress.net\/arhiva\/wp-json\/wp\/v2\/comments?post=77021"}],"version-history":[{"count":0,"href":"https:\/\/sandzakpress.net\/arhiva\/wp-json\/wp\/v2\/posts\/77021\/revisions"}],"wp:featuredmedia":[{"embeddable":true,"href":"https:\/\/sandzakpress.net\/arhiva\/wp-json\/wp\/v2\/media\/77022"}],"wp:attachment":[{"href":"https:\/\/sandzakpress.net\/arhiva\/wp-json\/wp\/v2\/media?parent=77021"}],"wp:term":[{"taxonomy":"category","embeddable":true,"href":"https:\/\/sandzakpress.net\/arhiva\/wp-json\/wp\/v2\/categories?post=77021"},{"taxonomy":"post_tag","embeddable":true,"href":"https:\/\/sandzakpress.net\/arhiva\/wp-json\/wp\/v2\/tags?post=77021"}],"curies":[{"name":"wp","href":"https:\/\/api.w.org\/{rel}","templated":true}]}}