{"id":76956,"date":"2013-05-25T09:42:48","date_gmt":"2013-05-25T07:42:48","guid":{"rendered":"https:\/\/sandzakpress.net\/arhiva\/?p=76956"},"modified":"2013-05-25T17:53:54","modified_gmt":"2013-05-25T15:53:54","slug":"obiljezeno-550-godina-od-boravka-sultan-mehmed-fatiha-na-prostoru-sandzaka","status":"publish","type":"post","link":"https:\/\/sandzakpress.net\/arhiva\/obiljezeno-550-godina-od-boravka-sultan-mehmed-fatiha-na-prostoru-sandzaka\/","title":{"rendered":"Obilje\u017eeno 550 godina od boravka Sultan Mehmed Fatiha na prostoru Sand\u017eaka"},"content":{"rendered":"<p><strong><a href=\"https:\/\/sandzakpress.net\/arhiva\/wp-content\/uploads\/2013\/05\/okrugli-sto-550-godina-od-dzume-smf-2.jpg\"><img loading=\"lazy\" decoding=\"async\" class=\"alignleft size-medium wp-image-76957\" title=\"okrugli sto 550 godina od dzume smf (2)\" src=\"https:\/\/sandzakpress.net\/arhiva\/wp-content\/uploads\/2013\/05\/okrugli-sto-550-godina-od-dzume-smf-2-300x199.jpg\" alt=\"\" width=\"300\" height=\"199\" \/><\/a>Novi Pazar &#8211; Dana, 24. maja 2013.godine, nakon d\u017eume namaza u prostorijama IKC Altun Alem, odr\u017ean je okrugli sto u povodu obilje\u017eavanja 550.godina od boravka Sultan Mehmed Fatiha na ovim prostorima.<\/strong><\/p>\n<p><strong> <\/strong><\/p>\n<p><strong>Uvodni\u010dari ovog okruglog stola bili su: Fatmir Ba\u010di, dr. Admir Muratovi\u0107 i mr. Jahja Fehratovi\u0107.<\/strong><!--more--><\/p>\n<p>Uvodni\u010dari su govorili o \u017eivotu i djelu Sultana, kao i o slobodi koju je on donio na ovim prostorima. U svom obra\u0107anju Fatmir Ba\u0107i je podsetio prisutne na hadis Poslanika a.s. koji govori o blagoslovljenom osvaja\u010du Konstantinopolisa.<\/p>\n<p>Mr. Jahja Fehratovi\u0107 je govore\u0107i o \u017eivotu sultana spomenuo \u010dinjenicu da je ta\u010dno prije 550.godina Sultam Fatih klanjao ikindiju a zatim i prvu d\u017eumu namaz u Lejlek d\u017eamiju koju je on predvodio. Sultan je dolaze\u0107i na ovi prostorima donio slobodu i znanje.<\/p>\n<p>\u201e Cjelokupan identitet Bo\u0161njaka danas, zasniva se upravo na onome \u0161to nam je Mehmed el-Fatih zajedno sa svojom blagoslovljenom vojskom dostavio te d\u017eume i te ikindije prije 550. godina ovdje u Novom Pazaru, odakle se uputi prema Bosni, prema Klju\u010du i prema dr.gradovima, da i do njih stigne ta blagoslov od Gospodara.\u201c \u2013rekao je mr. Fehratovi\u0107.<\/p>\n<p>On je tako\u0111er spomenuo i predanje u kome stoji da prvi vakuf koji je ostavio Sultan Fatih je vakuf gdje se danas nalazi Internacionalni Univerzitet.<\/p>\n<p style=\"text-align: center;\"><a href=\"https:\/\/sandzakpress.net\/arhiva\/wp-content\/uploads\/2013\/05\/okrugli-sto-550-godina-od-dzume-smf-1.jpg\"><img loading=\"lazy\" decoding=\"async\" class=\"size-full wp-image-76958 aligncenter\" title=\"okrugli sto 550 godina od dzume smf (1)\" src=\"https:\/\/sandzakpress.net\/arhiva\/wp-content\/uploads\/2013\/05\/okrugli-sto-550-godina-od-dzume-smf-1.jpg\" alt=\"\" width=\"620\" height=\"412\" \/><\/a><\/p>\n<p>Dr. Admir Muratovi\u0107 je u svom izlaganju stavio akcenat na \u201eAhadnamu\u201c, dokumentu Sultan Mehmed Fatiha iz 1463.godine datom Franjevcima u Bosni a koji se ti\u010de za\u0161tite ljudskih prava. Taj dokumen se i danas \u010duva u samostanu u Fojnici. On je nastao po ugledu na Medinsku povelju i Omerovu ahadnamu, koja zapo\u010dinje bismilom.<\/p>\n<p>Sultan Mehmed Fatih je u tom dokumentu dao veliku pa\u017enju bosanskim sve\u0161tenicima, daju\u0107i im garanciju za \u017eivot, imovinu i bogomolje. Dr. Muratovi\u0107 je naglasio da je nama danas potrebna ahadnama.<\/p>\n<p>\u201e Nama je potrebna kao garancija da imamo pravo i\u0161\u010dekivati bolju budu\u0107nost, sigurniju budu\u0107nost, i kao garancija da oni koji pretenduju da budu ideolo\u0161ki nasljednici Sultan Fatiha, nau\u010de od Sultana da je on uva\u017eavao specifi\u010dnost i osobenost naroda gdje se dolazio i gdje je \u017eelio ostvariti svoj uticaj.\u201c<\/p>\n<p>On je na kraju kazao da je Sultanova vojska na prostoru Balkana do\u0161la sa sabljom ali sa njome\u00a0 nisu ostali tolike godine, o tome svjedo\u010di i Petrova Crkva i manastiri oko Pazara i na Kosovu kao i manastiri po Srbiji.<\/p>\n<p>Okrugli sto zavr\u0161en je u\u010denjem fatihe za du\u0161u Sultan Mehmeda el- Fatiha.<\/p>\n<p><strong>(Mesihat)<\/strong><\/p>\n","protected":false},"excerpt":{"rendered":"<p>Novi Pazar &#8211; Dana, 24. maja 2013.godine, nakon d\u017eume namaza u prostorijama IKC Altun Alem, odr\u017ean je okrugli sto u povodu obilje\u017eavanja 550.godina od boravka Sultan Mehmed Fatiha na ovim prostorima. Uvodni\u010dari ovog okruglog stola bili su: Fatmir Ba\u010di, dr. Admir Muratovi\u0107 i mr. Jahja Fehratovi\u0107.<\/p>\n","protected":false},"author":83,"featured_media":76957,"comment_status":"open","ping_status":"open","sticky":false,"template":"","format":"standard","meta":{"footnotes":""},"categories":[72,8957,2692],"tags":[],"class_list":{"0":"post-76956","1":"post","2":"type-post","3":"status-publish","4":"format-standard","5":"has-post-thumbnail","7":"category-novi-pazar","8":"category-vijesti-dana","9":"category-turska-gradovi"},"yoast_head":"<!-- This site is optimized with the Yoast SEO Premium plugin v23.1 (Yoast SEO v24.9) - https:\/\/yoast.com\/wordpress\/plugins\/seo\/ -->\n<title>Obilje\u017eeno 550 godina od boravka Sultan Mehmed Fatiha na prostoru Sand\u017eaka<\/title>\n<meta name=\"robots\" content=\"index, follow, max-snippet:-1, max-image-preview:large, max-video-preview:-1\" \/>\n<link rel=\"canonical\" href=\"https:\/\/sandzakpress.net\/arhiva\/obiljezeno-550-godina-od-boravka-sultan-mehmed-fatiha-na-prostoru-sandzaka\/\" \/>\n<meta property=\"og:locale\" content=\"bs_BA\" \/>\n<meta property=\"og:type\" content=\"article\" \/>\n<meta property=\"og:title\" content=\"Obilje\u017eeno 550 godina od boravka Sultan Mehmed Fatiha na prostoru Sand\u017eaka\" \/>\n<meta property=\"og:description\" content=\"Novi Pazar &#8211; Dana, 24. maja 2013.godine, nakon d\u017eume namaza u prostorijama IKC Altun Alem, odr\u017ean je okrugli sto u povodu obilje\u017eavanja 550.godina od boravka Sultan Mehmed Fatiha na ovim prostorima. Uvodni\u010dari ovog okruglog stola bili su: Fatmir Ba\u010di, dr. Admir Muratovi\u0107 i mr. Jahja Fehratovi\u0107.\" \/>\n<meta property=\"og:url\" content=\"https:\/\/sandzakpress.net\/arhiva\/obiljezeno-550-godina-od-boravka-sultan-mehmed-fatiha-na-prostoru-sandzaka\/\" \/>\n<meta property=\"og:site_name\" content=\"Sand\u017eak PRESS\" \/>\n<meta property=\"article:published_time\" content=\"2013-05-25T07:42:48+00:00\" \/>\n<meta property=\"article:modified_time\" content=\"2013-05-25T15:53:54+00:00\" \/>\n<meta property=\"og:image\" content=\"https:\/\/sandzakpress.net\/arhiva\/wp-content\/uploads\/2013\/05\/okrugli-sto-550-godina-od-dzume-smf-2.jpg\" \/>\n\t<meta property=\"og:image:width\" content=\"616\" \/>\n\t<meta property=\"og:image:height\" content=\"409\" \/>\n\t<meta property=\"og:image:type\" content=\"image\/jpeg\" \/>\n<meta name=\"author\" content=\"bosniak\" \/>\n<meta name=\"twitter:card\" content=\"summary_large_image\" \/>\n<meta name=\"twitter:label1\" content=\"Written by\" \/>\n\t<meta name=\"twitter:data1\" content=\"bosniak\" \/>\n\t<meta name=\"twitter:label2\" content=\"Est. reading time\" \/>\n\t<meta name=\"twitter:data2\" content=\"2 minute\" \/>\n<script type=\"application\/ld+json\" class=\"yoast-schema-graph\">{\"@context\":\"https:\/\/schema.org\",\"@graph\":[{\"@type\":\"Article\",\"@id\":\"https:\/\/sandzakpress.net\/arhiva\/obiljezeno-550-godina-od-boravka-sultan-mehmed-fatiha-na-prostoru-sandzaka\/#article\",\"isPartOf\":{\"@id\":\"https:\/\/sandzakpress.net\/arhiva\/obiljezeno-550-godina-od-boravka-sultan-mehmed-fatiha-na-prostoru-sandzaka\/\"},\"author\":{\"name\":\"bosniak\",\"@id\":\"https:\/\/sandzakpress.net\/arhiva\/#\/schema\/person\/c8baee722073534b583ea7bdb2e36c02\"},\"headline\":\"Obilje\u017eeno 550 godina od boravka Sultan Mehmed Fatiha na prostoru Sand\u017eaka\",\"datePublished\":\"2013-05-25T07:42:48+00:00\",\"dateModified\":\"2013-05-25T15:53:54+00:00\",\"mainEntityOfPage\":{\"@id\":\"https:\/\/sandzakpress.net\/arhiva\/obiljezeno-550-godina-od-boravka-sultan-mehmed-fatiha-na-prostoru-sandzaka\/\"},\"wordCount\":435,\"commentCount\":0,\"publisher\":{\"@id\":\"https:\/\/sandzakpress.net\/arhiva\/#\/schema\/person\/6e72b67d6e51910a1117b3b483ba20bd\"},\"image\":{\"@id\":\"https:\/\/sandzakpress.net\/arhiva\/obiljezeno-550-godina-od-boravka-sultan-mehmed-fatiha-na-prostoru-sandzaka\/#primaryimage\"},\"thumbnailUrl\":\"https:\/\/sandzakpress.net\/arhiva\/wp-content\/uploads\/2013\/05\/okrugli-sto-550-godina-od-dzume-smf-2.jpg\",\"articleSection\":[\"Novi Pazar\",\"VIJESTI DANA\",\"Turska\"],\"inLanguage\":\"bs-BA\",\"potentialAction\":[{\"@type\":\"CommentAction\",\"name\":\"Comment\",\"target\":[\"https:\/\/sandzakpress.net\/arhiva\/obiljezeno-550-godina-od-boravka-sultan-mehmed-fatiha-na-prostoru-sandzaka\/#respond\"]}]},{\"@type\":\"WebPage\",\"@id\":\"https:\/\/sandzakpress.net\/arhiva\/obiljezeno-550-godina-od-boravka-sultan-mehmed-fatiha-na-prostoru-sandzaka\/\",\"url\":\"https:\/\/sandzakpress.net\/arhiva\/obiljezeno-550-godina-od-boravka-sultan-mehmed-fatiha-na-prostoru-sandzaka\/\",\"name\":\"Obilje\u017eeno 550 godina od boravka Sultan Mehmed Fatiha na prostoru Sand\u017eaka\",\"isPartOf\":{\"@id\":\"https:\/\/sandzakpress.net\/arhiva\/#website\"},\"primaryImageOfPage\":{\"@id\":\"https:\/\/sandzakpress.net\/arhiva\/obiljezeno-550-godina-od-boravka-sultan-mehmed-fatiha-na-prostoru-sandzaka\/#primaryimage\"},\"image\":{\"@id\":\"https:\/\/sandzakpress.net\/arhiva\/obiljezeno-550-godina-od-boravka-sultan-mehmed-fatiha-na-prostoru-sandzaka\/#primaryimage\"},\"thumbnailUrl\":\"https:\/\/sandzakpress.net\/arhiva\/wp-content\/uploads\/2013\/05\/okrugli-sto-550-godina-od-dzume-smf-2.jpg\",\"datePublished\":\"2013-05-25T07:42:48+00:00\",\"dateModified\":\"2013-05-25T15:53:54+00:00\",\"breadcrumb\":{\"@id\":\"https:\/\/sandzakpress.net\/arhiva\/obiljezeno-550-godina-od-boravka-sultan-mehmed-fatiha-na-prostoru-sandzaka\/#breadcrumb\"},\"inLanguage\":\"bs-BA\",\"potentialAction\":[{\"@type\":\"ReadAction\",\"target\":[\"https:\/\/sandzakpress.net\/arhiva\/obiljezeno-550-godina-od-boravka-sultan-mehmed-fatiha-na-prostoru-sandzaka\/\"]}]},{\"@type\":\"ImageObject\",\"inLanguage\":\"bs-BA\",\"@id\":\"https:\/\/sandzakpress.net\/arhiva\/obiljezeno-550-godina-od-boravka-sultan-mehmed-fatiha-na-prostoru-sandzaka\/#primaryimage\",\"url\":\"https:\/\/sandzakpress.net\/arhiva\/wp-content\/uploads\/2013\/05\/okrugli-sto-550-godina-od-dzume-smf-2.jpg\",\"contentUrl\":\"https:\/\/sandzakpress.net\/arhiva\/wp-content\/uploads\/2013\/05\/okrugli-sto-550-godina-od-dzume-smf-2.jpg\",\"width\":616,\"height\":409},{\"@type\":\"BreadcrumbList\",\"@id\":\"https:\/\/sandzakpress.net\/arhiva\/obiljezeno-550-godina-od-boravka-sultan-mehmed-fatiha-na-prostoru-sandzaka\/#breadcrumb\",\"itemListElement\":[{\"@type\":\"ListItem\",\"position\":1,\"name\":\"Home\",\"item\":\"https:\/\/sandzakpress.net\/arhiva\/\"},{\"@type\":\"ListItem\",\"position\":2,\"name\":\"Obilje\u017eeno 550 godina od boravka Sultan Mehmed Fatiha na prostoru Sand\u017eaka\"}]},{\"@type\":\"WebSite\",\"@id\":\"https:\/\/sandzakpress.net\/arhiva\/#website\",\"url\":\"https:\/\/sandzakpress.net\/arhiva\/\",\"name\":\"Sand\u017eak PRESS\",\"description\":\"Prve elektronske novine u Sand\u017eaku\",\"publisher\":{\"@id\":\"https:\/\/sandzakpress.net\/arhiva\/#\/schema\/person\/6e72b67d6e51910a1117b3b483ba20bd\"},\"potentialAction\":[{\"@type\":\"SearchAction\",\"target\":{\"@type\":\"EntryPoint\",\"urlTemplate\":\"https:\/\/sandzakpress.net\/arhiva\/?s={search_term_string}\"},\"query-input\":{\"@type\":\"PropertyValueSpecification\",\"valueRequired\":true,\"valueName\":\"search_term_string\"}}],\"inLanguage\":\"bs-BA\"},{\"@type\":[\"Person\",\"Organization\"],\"@id\":\"https:\/\/sandzakpress.net\/arhiva\/#\/schema\/person\/6e72b67d6e51910a1117b3b483ba20bd\",\"name\":\"Kul\",\"image\":{\"@type\":\"ImageObject\",\"inLanguage\":\"bs-BA\",\"@id\":\"https:\/\/sandzakpress.net\/arhiva\/#\/schema\/person\/image\/\",\"url\":\"https:\/\/secure.gravatar.com\/avatar\/42263f39aa27ac04c43cab85c280eb2e?s=96&d=mm&r=pg\",\"contentUrl\":\"https:\/\/secure.gravatar.com\/avatar\/42263f39aa27ac04c43cab85c280eb2e?s=96&d=mm&r=pg\",\"caption\":\"Kul\"},\"logo\":{\"@id\":\"https:\/\/sandzakpress.net\/arhiva\/#\/schema\/person\/image\/\"}},{\"@type\":\"Person\",\"@id\":\"https:\/\/sandzakpress.net\/arhiva\/#\/schema\/person\/c8baee722073534b583ea7bdb2e36c02\",\"name\":\"bosniak\",\"image\":{\"@type\":\"ImageObject\",\"inLanguage\":\"bs-BA\",\"@id\":\"https:\/\/sandzakpress.net\/arhiva\/#\/schema\/person\/image\/\",\"url\":\"https:\/\/secure.gravatar.com\/avatar\/a04fd330bfe3a36a72a0ad4a6d89fca7?s=96&d=mm&r=pg\",\"contentUrl\":\"https:\/\/secure.gravatar.com\/avatar\/a04fd330bfe3a36a72a0ad4a6d89fca7?s=96&d=mm&r=pg\",\"caption\":\"bosniak\"},\"url\":\"https:\/\/sandzakpress.net\/arhiva\/author\/bosniak\/\"}]}<\/script>\n<!-- \/ Yoast SEO Premium plugin. -->","yoast_head_json":{"title":"Obilje\u017eeno 550 godina od boravka Sultan Mehmed Fatiha na prostoru Sand\u017eaka","robots":{"index":"index","follow":"follow","max-snippet":"max-snippet:-1","max-image-preview":"max-image-preview:large","max-video-preview":"max-video-preview:-1"},"canonical":"https:\/\/sandzakpress.net\/arhiva\/obiljezeno-550-godina-od-boravka-sultan-mehmed-fatiha-na-prostoru-sandzaka\/","og_locale":"bs_BA","og_type":"article","og_title":"Obilje\u017eeno 550 godina od boravka Sultan Mehmed Fatiha na prostoru Sand\u017eaka","og_description":"Novi Pazar &#8211; Dana, 24. maja 2013.godine, nakon d\u017eume namaza u prostorijama IKC Altun Alem, odr\u017ean je okrugli sto u povodu obilje\u017eavanja 550.godina od boravka Sultan Mehmed Fatiha na ovim prostorima. Uvodni\u010dari ovog okruglog stola bili su: Fatmir Ba\u010di, dr. Admir Muratovi\u0107 i mr. Jahja Fehratovi\u0107.","og_url":"https:\/\/sandzakpress.net\/arhiva\/obiljezeno-550-godina-od-boravka-sultan-mehmed-fatiha-na-prostoru-sandzaka\/","og_site_name":"Sand\u017eak PRESS","article_published_time":"2013-05-25T07:42:48+00:00","article_modified_time":"2013-05-25T15:53:54+00:00","og_image":[{"width":616,"height":409,"url":"https:\/\/sandzakpress.net\/arhiva\/wp-content\/uploads\/2013\/05\/okrugli-sto-550-godina-od-dzume-smf-2.jpg","type":"image\/jpeg"}],"author":"bosniak","twitter_card":"summary_large_image","twitter_misc":{"Written by":"bosniak","Est. reading time":"2 minute"},"schema":{"@context":"https:\/\/schema.org","@graph":[{"@type":"Article","@id":"https:\/\/sandzakpress.net\/arhiva\/obiljezeno-550-godina-od-boravka-sultan-mehmed-fatiha-na-prostoru-sandzaka\/#article","isPartOf":{"@id":"https:\/\/sandzakpress.net\/arhiva\/obiljezeno-550-godina-od-boravka-sultan-mehmed-fatiha-na-prostoru-sandzaka\/"},"author":{"name":"bosniak","@id":"https:\/\/sandzakpress.net\/arhiva\/#\/schema\/person\/c8baee722073534b583ea7bdb2e36c02"},"headline":"Obilje\u017eeno 550 godina od boravka Sultan Mehmed Fatiha na prostoru Sand\u017eaka","datePublished":"2013-05-25T07:42:48+00:00","dateModified":"2013-05-25T15:53:54+00:00","mainEntityOfPage":{"@id":"https:\/\/sandzakpress.net\/arhiva\/obiljezeno-550-godina-od-boravka-sultan-mehmed-fatiha-na-prostoru-sandzaka\/"},"wordCount":435,"commentCount":0,"publisher":{"@id":"https:\/\/sandzakpress.net\/arhiva\/#\/schema\/person\/6e72b67d6e51910a1117b3b483ba20bd"},"image":{"@id":"https:\/\/sandzakpress.net\/arhiva\/obiljezeno-550-godina-od-boravka-sultan-mehmed-fatiha-na-prostoru-sandzaka\/#primaryimage"},"thumbnailUrl":"https:\/\/sandzakpress.net\/arhiva\/wp-content\/uploads\/2013\/05\/okrugli-sto-550-godina-od-dzume-smf-2.jpg","articleSection":["Novi Pazar","VIJESTI DANA","Turska"],"inLanguage":"bs-BA","potentialAction":[{"@type":"CommentAction","name":"Comment","target":["https:\/\/sandzakpress.net\/arhiva\/obiljezeno-550-godina-od-boravka-sultan-mehmed-fatiha-na-prostoru-sandzaka\/#respond"]}]},{"@type":"WebPage","@id":"https:\/\/sandzakpress.net\/arhiva\/obiljezeno-550-godina-od-boravka-sultan-mehmed-fatiha-na-prostoru-sandzaka\/","url":"https:\/\/sandzakpress.net\/arhiva\/obiljezeno-550-godina-od-boravka-sultan-mehmed-fatiha-na-prostoru-sandzaka\/","name":"Obilje\u017eeno 550 godina od boravka Sultan Mehmed Fatiha na prostoru Sand\u017eaka","isPartOf":{"@id":"https:\/\/sandzakpress.net\/arhiva\/#website"},"primaryImageOfPage":{"@id":"https:\/\/sandzakpress.net\/arhiva\/obiljezeno-550-godina-od-boravka-sultan-mehmed-fatiha-na-prostoru-sandzaka\/#primaryimage"},"image":{"@id":"https:\/\/sandzakpress.net\/arhiva\/obiljezeno-550-godina-od-boravka-sultan-mehmed-fatiha-na-prostoru-sandzaka\/#primaryimage"},"thumbnailUrl":"https:\/\/sandzakpress.net\/arhiva\/wp-content\/uploads\/2013\/05\/okrugli-sto-550-godina-od-dzume-smf-2.jpg","datePublished":"2013-05-25T07:42:48+00:00","dateModified":"2013-05-25T15:53:54+00:00","breadcrumb":{"@id":"https:\/\/sandzakpress.net\/arhiva\/obiljezeno-550-godina-od-boravka-sultan-mehmed-fatiha-na-prostoru-sandzaka\/#breadcrumb"},"inLanguage":"bs-BA","potentialAction":[{"@type":"ReadAction","target":["https:\/\/sandzakpress.net\/arhiva\/obiljezeno-550-godina-od-boravka-sultan-mehmed-fatiha-na-prostoru-sandzaka\/"]}]},{"@type":"ImageObject","inLanguage":"bs-BA","@id":"https:\/\/sandzakpress.net\/arhiva\/obiljezeno-550-godina-od-boravka-sultan-mehmed-fatiha-na-prostoru-sandzaka\/#primaryimage","url":"https:\/\/sandzakpress.net\/arhiva\/wp-content\/uploads\/2013\/05\/okrugli-sto-550-godina-od-dzume-smf-2.jpg","contentUrl":"https:\/\/sandzakpress.net\/arhiva\/wp-content\/uploads\/2013\/05\/okrugli-sto-550-godina-od-dzume-smf-2.jpg","width":616,"height":409},{"@type":"BreadcrumbList","@id":"https:\/\/sandzakpress.net\/arhiva\/obiljezeno-550-godina-od-boravka-sultan-mehmed-fatiha-na-prostoru-sandzaka\/#breadcrumb","itemListElement":[{"@type":"ListItem","position":1,"name":"Home","item":"https:\/\/sandzakpress.net\/arhiva\/"},{"@type":"ListItem","position":2,"name":"Obilje\u017eeno 550 godina od boravka Sultan Mehmed Fatiha na prostoru Sand\u017eaka"}]},{"@type":"WebSite","@id":"https:\/\/sandzakpress.net\/arhiva\/#website","url":"https:\/\/sandzakpress.net\/arhiva\/","name":"Sand\u017eak PRESS","description":"Prve elektronske novine u Sand\u017eaku","publisher":{"@id":"https:\/\/sandzakpress.net\/arhiva\/#\/schema\/person\/6e72b67d6e51910a1117b3b483ba20bd"},"potentialAction":[{"@type":"SearchAction","target":{"@type":"EntryPoint","urlTemplate":"https:\/\/sandzakpress.net\/arhiva\/?s={search_term_string}"},"query-input":{"@type":"PropertyValueSpecification","valueRequired":true,"valueName":"search_term_string"}}],"inLanguage":"bs-BA"},{"@type":["Person","Organization"],"@id":"https:\/\/sandzakpress.net\/arhiva\/#\/schema\/person\/6e72b67d6e51910a1117b3b483ba20bd","name":"Kul","image":{"@type":"ImageObject","inLanguage":"bs-BA","@id":"https:\/\/sandzakpress.net\/arhiva\/#\/schema\/person\/image\/","url":"https:\/\/secure.gravatar.com\/avatar\/42263f39aa27ac04c43cab85c280eb2e?s=96&d=mm&r=pg","contentUrl":"https:\/\/secure.gravatar.com\/avatar\/42263f39aa27ac04c43cab85c280eb2e?s=96&d=mm&r=pg","caption":"Kul"},"logo":{"@id":"https:\/\/sandzakpress.net\/arhiva\/#\/schema\/person\/image\/"}},{"@type":"Person","@id":"https:\/\/sandzakpress.net\/arhiva\/#\/schema\/person\/c8baee722073534b583ea7bdb2e36c02","name":"bosniak","image":{"@type":"ImageObject","inLanguage":"bs-BA","@id":"https:\/\/sandzakpress.net\/arhiva\/#\/schema\/person\/image\/","url":"https:\/\/secure.gravatar.com\/avatar\/a04fd330bfe3a36a72a0ad4a6d89fca7?s=96&d=mm&r=pg","contentUrl":"https:\/\/secure.gravatar.com\/avatar\/a04fd330bfe3a36a72a0ad4a6d89fca7?s=96&d=mm&r=pg","caption":"bosniak"},"url":"https:\/\/sandzakpress.net\/arhiva\/author\/bosniak\/"}]}},"_links":{"self":[{"href":"https:\/\/sandzakpress.net\/arhiva\/wp-json\/wp\/v2\/posts\/76956"}],"collection":[{"href":"https:\/\/sandzakpress.net\/arhiva\/wp-json\/wp\/v2\/posts"}],"about":[{"href":"https:\/\/sandzakpress.net\/arhiva\/wp-json\/wp\/v2\/types\/post"}],"author":[{"embeddable":true,"href":"https:\/\/sandzakpress.net\/arhiva\/wp-json\/wp\/v2\/users\/83"}],"replies":[{"embeddable":true,"href":"https:\/\/sandzakpress.net\/arhiva\/wp-json\/wp\/v2\/comments?post=76956"}],"version-history":[{"count":0,"href":"https:\/\/sandzakpress.net\/arhiva\/wp-json\/wp\/v2\/posts\/76956\/revisions"}],"wp:featuredmedia":[{"embeddable":true,"href":"https:\/\/sandzakpress.net\/arhiva\/wp-json\/wp\/v2\/media\/76957"}],"wp:attachment":[{"href":"https:\/\/sandzakpress.net\/arhiva\/wp-json\/wp\/v2\/media?parent=76956"}],"wp:term":[{"taxonomy":"category","embeddable":true,"href":"https:\/\/sandzakpress.net\/arhiva\/wp-json\/wp\/v2\/categories?post=76956"},{"taxonomy":"post_tag","embeddable":true,"href":"https:\/\/sandzakpress.net\/arhiva\/wp-json\/wp\/v2\/tags?post=76956"}],"curies":[{"name":"wp","href":"https:\/\/api.w.org\/{rel}","templated":true}]}}