{"id":7671,"date":"2010-09-07T06:24:17","date_gmt":"2010-09-07T06:24:17","guid":{"rendered":"https:\/\/sandzakpress.net\/arhiva\/?p=7671"},"modified":"2010-09-07T06:24:17","modified_gmt":"2010-09-07T06:24:17","slug":"kikbokseri-otputovali-na-taru","status":"publish","type":"post","link":"https:\/\/sandzakpress.net\/arhiva\/kikbokseri-otputovali-na-taru\/","title":{"rendered":"Kikbokseri otputovali na Taru"},"content":{"rendered":"<p><strong><a href=\"https:\/\/sandzakpress.net\/arhiva\/wp-content\/uploads\/2010\/09\/IMG_1769_ocp_w380_h300.jpg\"><img loading=\"lazy\" decoding=\"async\" class=\"alignleft size-medium wp-image-7672\" title=\"IMG_1769_ocp_w380_h300\" src=\"https:\/\/sandzakpress.net\/arhiva\/wp-content\/uploads\/2010\/09\/IMG_1769_ocp_w380_h300-300x236.jpg\" alt=\"\" width=\"300\" height=\"236\" \/><\/a>Novi Pazar &#8211; Petoro novopazarskih kikboksera putuje ve\u010deras na Taru, gdje \u0107e se u narednih 12 dana pripremati za\u00a0Svjetsko prvenstvo juniora i kadeta, koje \u0107e se odr\u017eati u Beogradu od 19. do 26. septembra.<\/strong><\/p>\n<p>\u0160ef stru\u010dnog \u0161taba ovog kluba Husein Dupljak istakao je da je u\u010de\u0161\u0107e ovolikog broja njegovih mladih takmi\u010dara veliko priznanje za grad i klub.<\/p>\n<p>\u201cMe\u0111u 35 reprezentativaca koji \u0107e se pripremati na Tari najvi\u0161e ih je iz Novog Pazara. Radili smo pakleno i isplatilo se, a potvrdu o\u010dekujem i na \u0161ampionatu Sveta, gdje, vjerujem, mo\u017eemo do najmanje dvije zlatne medalje\u2019\u2019, rekao je Dupljak.<\/p>\n<p>\u201cDobru formu smo potvrdili i na\u00a0Prvenstvu Centralne Srbije u Ni\u0161u, gdje smo imali svojevrstan zavr\u0161ni ispit i gdje smo osvojili pet zlatnih medalja\u201d, kazao je Dupljak i dodao da Grad Novi Pazar i Sportski savez zna\u010dajno poma\u017eu kikbokserima.<\/p>\n<p>Predsjednik kluba Raif Tuti\u0107 rekao je da je odlazak petoro reprezentativaca iz Novog Pazara na zavr\u0161ne pripreme za Svjetsko prvenstvo potvrda stru\u010dnog rada u klubu.<\/p>\n<p>\u201cOvo je za nas priznanje i jedan sve\u010dani trenutak. Nadam se da \u0107e biti ukra\u0161en i medaljama sa najzna\u010dajnijeg ovogodi\u0161njeg takmi\u010denja u ovom uzrastu\u2019\u2019, rekao je Tuti\u0107.<\/p>\n<p>Reprezentativci Ajla Luka\u010d i Kenan Hajdarovi\u0107 isti\u010du da su spremni da u \u017eestokoj konkurenciji potvrde svoj kvalitet.<\/p>\n<p>\u201cTrener Dupljak je odli\u010dno sproveo trena\u017eni ciklus. Optimista sam i o\u010dekujem medalju\u2019\u2019, rekla je Luka\u010deva.<\/p>\n<p>\u201cRadi\u0107u u kategoriji do 60 kilograma, nadam se u disciplini K1, gdje su protivnici izuzetno jaki. Pri\u017eeljkujem finale, a sanjam zlato\u2019\u2019, kazao je Hajdarovi\u0107.<\/p>\n<p>Osim Ajle Luka\u010d i Kenana Hajdarovi\u0107a me\u0111u reprezentativcima Srbije bi\u0107e iMirela Barud\u017ei\u0107, Semir Nicevi\u0107 i Sedad Bukvi\u0107.<\/p>\n<p>Dobre rezultate novopazarskim kikbokserima na predstoje\u0107en takmi\u010denju po\u017eeleo je i direktor Sportskog saveza Enver Gusinac.<\/p>\n<p>\u201cNadam se da \u0107e ovo petoro reprezentativaca uspe\u0161no predstavljati Novi Pazar i Srbiju, \u010dak i osvojiti neku od medalja\u2019\u2019, rekao je Gusinac.<\/p>\n<p>Izvor: <strong>RadioStoPlus.com<\/strong><\/p>\n","protected":false},"excerpt":{"rendered":"<p>Novi Pazar &#8211; Petoro novopazarskih kikboksera putuje ve\u010deras na Taru, gdje \u0107e se u narednih 12 dana pripremati za\u00a0Svjetsko prvenstvo juniora i kadeta, koje \u0107e se odr\u017eati u Beogradu od 19. do 26. septembra. \u0160ef stru\u010dnog \u0161taba ovog kluba Husein Dupljak istakao je da je u\u010de\u0161\u0107e ovolikog broja njegovih mladih takmi\u010dara veliko priznanje za grad [&hellip;]<\/p>\n","protected":false},"author":83,"featured_media":7672,"comment_status":"open","ping_status":"open","sticky":false,"template":"","format":"standard","meta":{"footnotes":""},"categories":[72,13],"tags":[],"class_list":{"0":"post-7671","1":"post","2":"type-post","3":"status-publish","4":"format-standard","5":"has-post-thumbnail","7":"category-novi-pazar","8":"category-sport"},"yoast_head":"<!-- This site is optimized with the Yoast SEO Premium plugin v23.1 (Yoast SEO v24.9) - https:\/\/yoast.com\/wordpress\/plugins\/seo\/ -->\n<title>Kikbokseri otputovali na Taru<\/title>\n<meta name=\"robots\" content=\"index, follow, max-snippet:-1, max-image-preview:large, max-video-preview:-1\" \/>\n<link rel=\"canonical\" href=\"https:\/\/sandzakpress.net\/arhiva\/kikbokseri-otputovali-na-taru\/\" \/>\n<meta property=\"og:locale\" content=\"bs_BA\" \/>\n<meta property=\"og:type\" content=\"article\" \/>\n<meta property=\"og:title\" content=\"Kikbokseri otputovali na Taru\" \/>\n<meta property=\"og:description\" content=\"Novi Pazar &#8211; Petoro novopazarskih kikboksera putuje ve\u010deras na Taru, gdje \u0107e se u narednih 12 dana pripremati za\u00a0Svjetsko prvenstvo juniora i kadeta, koje \u0107e se odr\u017eati u Beogradu od 19. do 26. septembra. \u0160ef stru\u010dnog \u0161taba ovog kluba Husein Dupljak istakao je da je u\u010de\u0161\u0107e ovolikog broja njegovih mladih takmi\u010dara veliko priznanje za grad [&hellip;]\" \/>\n<meta property=\"og:url\" content=\"https:\/\/sandzakpress.net\/arhiva\/kikbokseri-otputovali-na-taru\/\" \/>\n<meta property=\"og:site_name\" content=\"Sand\u017eak PRESS\" \/>\n<meta property=\"article:published_time\" content=\"2010-09-07T06:24:17+00:00\" \/>\n<meta property=\"og:image\" content=\"https:\/\/sandzakpress.net\/arhiva\/wp-content\/uploads\/2010\/09\/IMG_1769_ocp_w380_h300.jpg\" \/>\n\t<meta property=\"og:image:width\" content=\"380\" \/>\n\t<meta property=\"og:image:height\" content=\"300\" \/>\n\t<meta property=\"og:image:type\" content=\"image\/jpeg\" \/>\n<meta name=\"author\" content=\"bosniak\" \/>\n<meta name=\"twitter:card\" content=\"summary_large_image\" \/>\n<meta name=\"twitter:label1\" content=\"Written by\" \/>\n\t<meta name=\"twitter:data1\" content=\"bosniak\" \/>\n\t<meta name=\"twitter:label2\" content=\"Est. reading time\" \/>\n\t<meta name=\"twitter:data2\" content=\"2 minute\" \/>\n<script type=\"application\/ld+json\" class=\"yoast-schema-graph\">{\"@context\":\"https:\/\/schema.org\",\"@graph\":[{\"@type\":\"Article\",\"@id\":\"https:\/\/sandzakpress.net\/arhiva\/kikbokseri-otputovali-na-taru\/#article\",\"isPartOf\":{\"@id\":\"https:\/\/sandzakpress.net\/arhiva\/kikbokseri-otputovali-na-taru\/\"},\"author\":{\"name\":\"bosniak\",\"@id\":\"https:\/\/sandzakpress.net\/arhiva\/#\/schema\/person\/c8baee722073534b583ea7bdb2e36c02\"},\"headline\":\"Kikbokseri otputovali na Taru\",\"datePublished\":\"2010-09-07T06:24:17+00:00\",\"mainEntityOfPage\":{\"@id\":\"https:\/\/sandzakpress.net\/arhiva\/kikbokseri-otputovali-na-taru\/\"},\"wordCount\":336,\"commentCount\":0,\"publisher\":{\"@id\":\"https:\/\/sandzakpress.net\/arhiva\/#\/schema\/person\/6e72b67d6e51910a1117b3b483ba20bd\"},\"image\":{\"@id\":\"https:\/\/sandzakpress.net\/arhiva\/kikbokseri-otputovali-na-taru\/#primaryimage\"},\"thumbnailUrl\":\"https:\/\/sandzakpress.net\/arhiva\/wp-content\/uploads\/2010\/09\/IMG_1769_ocp_w380_h300.jpg\",\"articleSection\":[\"Novi Pazar\",\"Sport\"],\"inLanguage\":\"bs-BA\",\"potentialAction\":[{\"@type\":\"CommentAction\",\"name\":\"Comment\",\"target\":[\"https:\/\/sandzakpress.net\/arhiva\/kikbokseri-otputovali-na-taru\/#respond\"]}]},{\"@type\":\"WebPage\",\"@id\":\"https:\/\/sandzakpress.net\/arhiva\/kikbokseri-otputovali-na-taru\/\",\"url\":\"https:\/\/sandzakpress.net\/arhiva\/kikbokseri-otputovali-na-taru\/\",\"name\":\"Kikbokseri otputovali na Taru\",\"isPartOf\":{\"@id\":\"https:\/\/sandzakpress.net\/arhiva\/#website\"},\"primaryImageOfPage\":{\"@id\":\"https:\/\/sandzakpress.net\/arhiva\/kikbokseri-otputovali-na-taru\/#primaryimage\"},\"image\":{\"@id\":\"https:\/\/sandzakpress.net\/arhiva\/kikbokseri-otputovali-na-taru\/#primaryimage\"},\"thumbnailUrl\":\"https:\/\/sandzakpress.net\/arhiva\/wp-content\/uploads\/2010\/09\/IMG_1769_ocp_w380_h300.jpg\",\"datePublished\":\"2010-09-07T06:24:17+00:00\",\"breadcrumb\":{\"@id\":\"https:\/\/sandzakpress.net\/arhiva\/kikbokseri-otputovali-na-taru\/#breadcrumb\"},\"inLanguage\":\"bs-BA\",\"potentialAction\":[{\"@type\":\"ReadAction\",\"target\":[\"https:\/\/sandzakpress.net\/arhiva\/kikbokseri-otputovali-na-taru\/\"]}]},{\"@type\":\"ImageObject\",\"inLanguage\":\"bs-BA\",\"@id\":\"https:\/\/sandzakpress.net\/arhiva\/kikbokseri-otputovali-na-taru\/#primaryimage\",\"url\":\"https:\/\/sandzakpress.net\/arhiva\/wp-content\/uploads\/2010\/09\/IMG_1769_ocp_w380_h300.jpg\",\"contentUrl\":\"https:\/\/sandzakpress.net\/arhiva\/wp-content\/uploads\/2010\/09\/IMG_1769_ocp_w380_h300.jpg\",\"width\":380,\"height\":300},{\"@type\":\"BreadcrumbList\",\"@id\":\"https:\/\/sandzakpress.net\/arhiva\/kikbokseri-otputovali-na-taru\/#breadcrumb\",\"itemListElement\":[{\"@type\":\"ListItem\",\"position\":1,\"name\":\"Home\",\"item\":\"https:\/\/sandzakpress.net\/arhiva\/\"},{\"@type\":\"ListItem\",\"position\":2,\"name\":\"Kikbokseri otputovali na Taru\"}]},{\"@type\":\"WebSite\",\"@id\":\"https:\/\/sandzakpress.net\/arhiva\/#website\",\"url\":\"https:\/\/sandzakpress.net\/arhiva\/\",\"name\":\"Sand\u017eak PRESS\",\"description\":\"Prve elektronske novine u Sand\u017eaku\",\"publisher\":{\"@id\":\"https:\/\/sandzakpress.net\/arhiva\/#\/schema\/person\/6e72b67d6e51910a1117b3b483ba20bd\"},\"potentialAction\":[{\"@type\":\"SearchAction\",\"target\":{\"@type\":\"EntryPoint\",\"urlTemplate\":\"https:\/\/sandzakpress.net\/arhiva\/?s={search_term_string}\"},\"query-input\":{\"@type\":\"PropertyValueSpecification\",\"valueRequired\":true,\"valueName\":\"search_term_string\"}}],\"inLanguage\":\"bs-BA\"},{\"@type\":[\"Person\",\"Organization\"],\"@id\":\"https:\/\/sandzakpress.net\/arhiva\/#\/schema\/person\/6e72b67d6e51910a1117b3b483ba20bd\",\"name\":\"Kul\",\"image\":{\"@type\":\"ImageObject\",\"inLanguage\":\"bs-BA\",\"@id\":\"https:\/\/sandzakpress.net\/arhiva\/#\/schema\/person\/image\/\",\"url\":\"https:\/\/secure.gravatar.com\/avatar\/42263f39aa27ac04c43cab85c280eb2e?s=96&d=mm&r=pg\",\"contentUrl\":\"https:\/\/secure.gravatar.com\/avatar\/42263f39aa27ac04c43cab85c280eb2e?s=96&d=mm&r=pg\",\"caption\":\"Kul\"},\"logo\":{\"@id\":\"https:\/\/sandzakpress.net\/arhiva\/#\/schema\/person\/image\/\"}},{\"@type\":\"Person\",\"@id\":\"https:\/\/sandzakpress.net\/arhiva\/#\/schema\/person\/c8baee722073534b583ea7bdb2e36c02\",\"name\":\"bosniak\",\"image\":{\"@type\":\"ImageObject\",\"inLanguage\":\"bs-BA\",\"@id\":\"https:\/\/sandzakpress.net\/arhiva\/#\/schema\/person\/image\/\",\"url\":\"https:\/\/secure.gravatar.com\/avatar\/a04fd330bfe3a36a72a0ad4a6d89fca7?s=96&d=mm&r=pg\",\"contentUrl\":\"https:\/\/secure.gravatar.com\/avatar\/a04fd330bfe3a36a72a0ad4a6d89fca7?s=96&d=mm&r=pg\",\"caption\":\"bosniak\"},\"url\":\"https:\/\/sandzakpress.net\/arhiva\/author\/bosniak\/\"}]}<\/script>\n<!-- \/ Yoast SEO Premium plugin. -->","yoast_head_json":{"title":"Kikbokseri otputovali na Taru","robots":{"index":"index","follow":"follow","max-snippet":"max-snippet:-1","max-image-preview":"max-image-preview:large","max-video-preview":"max-video-preview:-1"},"canonical":"https:\/\/sandzakpress.net\/arhiva\/kikbokseri-otputovali-na-taru\/","og_locale":"bs_BA","og_type":"article","og_title":"Kikbokseri otputovali na Taru","og_description":"Novi Pazar &#8211; Petoro novopazarskih kikboksera putuje ve\u010deras na Taru, gdje \u0107e se u narednih 12 dana pripremati za\u00a0Svjetsko prvenstvo juniora i kadeta, koje \u0107e se odr\u017eati u Beogradu od 19. do 26. septembra. \u0160ef stru\u010dnog \u0161taba ovog kluba Husein Dupljak istakao je da je u\u010de\u0161\u0107e ovolikog broja njegovih mladih takmi\u010dara veliko priznanje za grad [&hellip;]","og_url":"https:\/\/sandzakpress.net\/arhiva\/kikbokseri-otputovali-na-taru\/","og_site_name":"Sand\u017eak PRESS","article_published_time":"2010-09-07T06:24:17+00:00","og_image":[{"width":380,"height":300,"url":"https:\/\/sandzakpress.net\/arhiva\/wp-content\/uploads\/2010\/09\/IMG_1769_ocp_w380_h300.jpg","type":"image\/jpeg"}],"author":"bosniak","twitter_card":"summary_large_image","twitter_misc":{"Written by":"bosniak","Est. reading time":"2 minute"},"schema":{"@context":"https:\/\/schema.org","@graph":[{"@type":"Article","@id":"https:\/\/sandzakpress.net\/arhiva\/kikbokseri-otputovali-na-taru\/#article","isPartOf":{"@id":"https:\/\/sandzakpress.net\/arhiva\/kikbokseri-otputovali-na-taru\/"},"author":{"name":"bosniak","@id":"https:\/\/sandzakpress.net\/arhiva\/#\/schema\/person\/c8baee722073534b583ea7bdb2e36c02"},"headline":"Kikbokseri otputovali na Taru","datePublished":"2010-09-07T06:24:17+00:00","mainEntityOfPage":{"@id":"https:\/\/sandzakpress.net\/arhiva\/kikbokseri-otputovali-na-taru\/"},"wordCount":336,"commentCount":0,"publisher":{"@id":"https:\/\/sandzakpress.net\/arhiva\/#\/schema\/person\/6e72b67d6e51910a1117b3b483ba20bd"},"image":{"@id":"https:\/\/sandzakpress.net\/arhiva\/kikbokseri-otputovali-na-taru\/#primaryimage"},"thumbnailUrl":"https:\/\/sandzakpress.net\/arhiva\/wp-content\/uploads\/2010\/09\/IMG_1769_ocp_w380_h300.jpg","articleSection":["Novi Pazar","Sport"],"inLanguage":"bs-BA","potentialAction":[{"@type":"CommentAction","name":"Comment","target":["https:\/\/sandzakpress.net\/arhiva\/kikbokseri-otputovali-na-taru\/#respond"]}]},{"@type":"WebPage","@id":"https:\/\/sandzakpress.net\/arhiva\/kikbokseri-otputovali-na-taru\/","url":"https:\/\/sandzakpress.net\/arhiva\/kikbokseri-otputovali-na-taru\/","name":"Kikbokseri otputovali na Taru","isPartOf":{"@id":"https:\/\/sandzakpress.net\/arhiva\/#website"},"primaryImageOfPage":{"@id":"https:\/\/sandzakpress.net\/arhiva\/kikbokseri-otputovali-na-taru\/#primaryimage"},"image":{"@id":"https:\/\/sandzakpress.net\/arhiva\/kikbokseri-otputovali-na-taru\/#primaryimage"},"thumbnailUrl":"https:\/\/sandzakpress.net\/arhiva\/wp-content\/uploads\/2010\/09\/IMG_1769_ocp_w380_h300.jpg","datePublished":"2010-09-07T06:24:17+00:00","breadcrumb":{"@id":"https:\/\/sandzakpress.net\/arhiva\/kikbokseri-otputovali-na-taru\/#breadcrumb"},"inLanguage":"bs-BA","potentialAction":[{"@type":"ReadAction","target":["https:\/\/sandzakpress.net\/arhiva\/kikbokseri-otputovali-na-taru\/"]}]},{"@type":"ImageObject","inLanguage":"bs-BA","@id":"https:\/\/sandzakpress.net\/arhiva\/kikbokseri-otputovali-na-taru\/#primaryimage","url":"https:\/\/sandzakpress.net\/arhiva\/wp-content\/uploads\/2010\/09\/IMG_1769_ocp_w380_h300.jpg","contentUrl":"https:\/\/sandzakpress.net\/arhiva\/wp-content\/uploads\/2010\/09\/IMG_1769_ocp_w380_h300.jpg","width":380,"height":300},{"@type":"BreadcrumbList","@id":"https:\/\/sandzakpress.net\/arhiva\/kikbokseri-otputovali-na-taru\/#breadcrumb","itemListElement":[{"@type":"ListItem","position":1,"name":"Home","item":"https:\/\/sandzakpress.net\/arhiva\/"},{"@type":"ListItem","position":2,"name":"Kikbokseri otputovali na Taru"}]},{"@type":"WebSite","@id":"https:\/\/sandzakpress.net\/arhiva\/#website","url":"https:\/\/sandzakpress.net\/arhiva\/","name":"Sand\u017eak PRESS","description":"Prve elektronske novine u Sand\u017eaku","publisher":{"@id":"https:\/\/sandzakpress.net\/arhiva\/#\/schema\/person\/6e72b67d6e51910a1117b3b483ba20bd"},"potentialAction":[{"@type":"SearchAction","target":{"@type":"EntryPoint","urlTemplate":"https:\/\/sandzakpress.net\/arhiva\/?s={search_term_string}"},"query-input":{"@type":"PropertyValueSpecification","valueRequired":true,"valueName":"search_term_string"}}],"inLanguage":"bs-BA"},{"@type":["Person","Organization"],"@id":"https:\/\/sandzakpress.net\/arhiva\/#\/schema\/person\/6e72b67d6e51910a1117b3b483ba20bd","name":"Kul","image":{"@type":"ImageObject","inLanguage":"bs-BA","@id":"https:\/\/sandzakpress.net\/arhiva\/#\/schema\/person\/image\/","url":"https:\/\/secure.gravatar.com\/avatar\/42263f39aa27ac04c43cab85c280eb2e?s=96&d=mm&r=pg","contentUrl":"https:\/\/secure.gravatar.com\/avatar\/42263f39aa27ac04c43cab85c280eb2e?s=96&d=mm&r=pg","caption":"Kul"},"logo":{"@id":"https:\/\/sandzakpress.net\/arhiva\/#\/schema\/person\/image\/"}},{"@type":"Person","@id":"https:\/\/sandzakpress.net\/arhiva\/#\/schema\/person\/c8baee722073534b583ea7bdb2e36c02","name":"bosniak","image":{"@type":"ImageObject","inLanguage":"bs-BA","@id":"https:\/\/sandzakpress.net\/arhiva\/#\/schema\/person\/image\/","url":"https:\/\/secure.gravatar.com\/avatar\/a04fd330bfe3a36a72a0ad4a6d89fca7?s=96&d=mm&r=pg","contentUrl":"https:\/\/secure.gravatar.com\/avatar\/a04fd330bfe3a36a72a0ad4a6d89fca7?s=96&d=mm&r=pg","caption":"bosniak"},"url":"https:\/\/sandzakpress.net\/arhiva\/author\/bosniak\/"}]}},"_links":{"self":[{"href":"https:\/\/sandzakpress.net\/arhiva\/wp-json\/wp\/v2\/posts\/7671"}],"collection":[{"href":"https:\/\/sandzakpress.net\/arhiva\/wp-json\/wp\/v2\/posts"}],"about":[{"href":"https:\/\/sandzakpress.net\/arhiva\/wp-json\/wp\/v2\/types\/post"}],"author":[{"embeddable":true,"href":"https:\/\/sandzakpress.net\/arhiva\/wp-json\/wp\/v2\/users\/83"}],"replies":[{"embeddable":true,"href":"https:\/\/sandzakpress.net\/arhiva\/wp-json\/wp\/v2\/comments?post=7671"}],"version-history":[{"count":0,"href":"https:\/\/sandzakpress.net\/arhiva\/wp-json\/wp\/v2\/posts\/7671\/revisions"}],"wp:featuredmedia":[{"embeddable":true,"href":"https:\/\/sandzakpress.net\/arhiva\/wp-json\/wp\/v2\/media\/7672"}],"wp:attachment":[{"href":"https:\/\/sandzakpress.net\/arhiva\/wp-json\/wp\/v2\/media?parent=7671"}],"wp:term":[{"taxonomy":"category","embeddable":true,"href":"https:\/\/sandzakpress.net\/arhiva\/wp-json\/wp\/v2\/categories?post=7671"},{"taxonomy":"post_tag","embeddable":true,"href":"https:\/\/sandzakpress.net\/arhiva\/wp-json\/wp\/v2\/tags?post=7671"}],"curies":[{"name":"wp","href":"https:\/\/api.w.org\/{rel}","templated":true}]}}