{"id":7669,"date":"2010-09-07T06:21:11","date_gmt":"2010-09-07T06:21:11","guid":{"rendered":"https:\/\/sandzakpress.net\/arhiva\/?p=7669"},"modified":"2010-09-07T06:21:11","modified_gmt":"2010-09-07T06:21:11","slug":"oebs-zabrinut-zbog-nepriznavanja-bnv-a","status":"publish","type":"post","link":"https:\/\/sandzakpress.net\/arhiva\/oebs-zabrinut-zbog-nepriznavanja-bnv-a\/","title":{"rendered":"OEBS zabrinut zbog nepriznavanja BNV-a"},"content":{"rendered":"<p><strong><a href=\"https:\/\/sandzakpress.net\/arhiva\/wp-content\/uploads\/2010\/09\/OEBS-nagradio-licnosti-godine-u-Srbiji.jpg\"><img loading=\"lazy\" decoding=\"async\" class=\"alignleft size-full wp-image-7668\" title=\"OEBS-nagradio-licnosti-godine-u-Srbiji\" src=\"https:\/\/sandzakpress.net\/arhiva\/wp-content\/uploads\/2010\/09\/OEBS-nagradio-licnosti-godine-u-Srbiji.jpg\" alt=\"\" width=\"150\" height=\"84\" \/><\/a>Sjeverni Sand\u017eak &#8211; Misija OEBS-a u Srbiji zatra\u017eila je da se \u0161to prije prona\u0111e, od strane Dr\u017eave, \u00a0re\u0161enje za Bo\u0161nja\u010dko nacionalno vije\u0107e izraziv\u0161i zabrinutost zbog doga\u0111aja koji su uslijedili nakon \u0161to je BNV, konstituisano 7. jula, progla\u0161eno za neregularno.<\/strong><\/p>\n<p>\u0160ef Misije Dimitrios Kipreos saop\u0161tio je danas da je uvjeren da niko ne \u017eeli da vidi kako Bo\u0161nja\u010dko vije\u0107e postaje ta\u010dka razdora i ukazao da rezultat izbora odr\u017eanog 6. juna nisu osporili predstavnici ni jedne od tri bira\u010dke liste.<\/p>\n<p>&#8220;Misija OEBS-a poziva sve strane da u duhu gra\u0111anske odgovornosti \u0161to prije prona\u0111u zajedni\u010dko re\u0161enje na osnovu iskazane volje bira\u010da na tim izborima&#8221;, naveo je Kipreos i istakao da OEBS pozdravlja postupke Povjerenice za ravnopravnost (Nevene Petru\u0161i\u0107) i Za\u0161titnika gra\u0111ana (Sa\u0161e Jankovi\u0107a).<\/p>\n<p>Za\u0161titnik gra\u0111ana Sa\u0161a Jankovi\u0107 pokrenuo je nedavno postupak protiv Ministarstva za ljudska i manjinska prava radi utvr\u0111ivanja eventualnih propusta u izboru i konstitisanja nacionalnih vije\u0107a nacionalnih manjina kojima bi njihova prava mogla biti ugro\u017eena.<\/p>\n<p>Izvor: <strong>SandzakPRESS.net<\/strong><\/p>\n","protected":false},"excerpt":{"rendered":"<p>Sjeverni Sand\u017eak &#8211; Misija OEBS-a u Srbiji zatra\u017eila je da se \u0161to prije prona\u0111e, od strane Dr\u017eave, \u00a0re\u0161enje za Bo\u0161nja\u010dko nacionalno vije\u0107e izraziv\u0161i zabrinutost zbog doga\u0111aja koji su uslijedili nakon \u0161to je BNV, konstituisano 7. jula, progla\u0161eno za neregularno. \u0160ef Misije Dimitrios Kipreos saop\u0161tio je danas da je uvjeren da niko ne \u017eeli da vidi [&hellip;]<\/p>\n","protected":false},"author":83,"featured_media":7668,"comment_status":"open","ping_status":"open","sticky":false,"template":"","format":"standard","meta":{"footnotes":""},"categories":[72,800,52,327,392,393,394],"tags":[],"class_list":{"0":"post-7669","1":"post","2":"type-post","3":"status-publish","4":"format-standard","5":"has-post-thumbnail","7":"category-novi-pazar","8":"category-nacija","9":"category-sjenica","10":"category-tutin","11":"category-prijepolje_","12":"category-priboj","13":"category-nova-varos"},"yoast_head":"<!-- This site is optimized with the Yoast SEO Premium plugin v23.1 (Yoast SEO v24.9) - https:\/\/yoast.com\/wordpress\/plugins\/seo\/ -->\n<title>OEBS zabrinut zbog nepriznavanja BNV-a<\/title>\n<meta name=\"robots\" content=\"index, follow, max-snippet:-1, max-image-preview:large, max-video-preview:-1\" \/>\n<link rel=\"canonical\" href=\"https:\/\/sandzakpress.net\/arhiva\/oebs-zabrinut-zbog-nepriznavanja-bnv-a\/\" \/>\n<meta property=\"og:locale\" content=\"bs_BA\" \/>\n<meta property=\"og:type\" content=\"article\" \/>\n<meta property=\"og:title\" content=\"OEBS zabrinut zbog nepriznavanja BNV-a\" \/>\n<meta property=\"og:description\" content=\"Sjeverni Sand\u017eak &#8211; Misija OEBS-a u Srbiji zatra\u017eila je da se \u0161to prije prona\u0111e, od strane Dr\u017eave, \u00a0re\u0161enje za Bo\u0161nja\u010dko nacionalno vije\u0107e izraziv\u0161i zabrinutost zbog doga\u0111aja koji su uslijedili nakon \u0161to je BNV, konstituisano 7. jula, progla\u0161eno za neregularno. \u0160ef Misije Dimitrios Kipreos saop\u0161tio je danas da je uvjeren da niko ne \u017eeli da vidi [&hellip;]\" \/>\n<meta property=\"og:url\" content=\"https:\/\/sandzakpress.net\/arhiva\/oebs-zabrinut-zbog-nepriznavanja-bnv-a\/\" \/>\n<meta property=\"og:site_name\" content=\"Sand\u017eak PRESS\" \/>\n<meta property=\"article:published_time\" content=\"2010-09-07T06:21:11+00:00\" \/>\n<meta property=\"og:image\" content=\"https:\/\/sandzakpress.net\/arhiva\/wp-content\/uploads\/2010\/09\/OEBS-nagradio-licnosti-godine-u-Srbiji.jpg\" \/>\n\t<meta property=\"og:image:width\" content=\"150\" \/>\n\t<meta property=\"og:image:height\" content=\"84\" \/>\n\t<meta property=\"og:image:type\" content=\"image\/jpeg\" \/>\n<meta name=\"author\" content=\"bosniak\" \/>\n<meta name=\"twitter:card\" content=\"summary_large_image\" \/>\n<meta name=\"twitter:label1\" content=\"Written by\" \/>\n\t<meta name=\"twitter:data1\" content=\"bosniak\" \/>\n\t<meta name=\"twitter:label2\" content=\"Est. reading time\" \/>\n\t<meta name=\"twitter:data2\" content=\"1 minuta\" \/>\n<script type=\"application\/ld+json\" class=\"yoast-schema-graph\">{\"@context\":\"https:\/\/schema.org\",\"@graph\":[{\"@type\":\"Article\",\"@id\":\"https:\/\/sandzakpress.net\/arhiva\/oebs-zabrinut-zbog-nepriznavanja-bnv-a\/#article\",\"isPartOf\":{\"@id\":\"https:\/\/sandzakpress.net\/arhiva\/oebs-zabrinut-zbog-nepriznavanja-bnv-a\/\"},\"author\":{\"name\":\"bosniak\",\"@id\":\"https:\/\/sandzakpress.net\/arhiva\/#\/schema\/person\/c8baee722073534b583ea7bdb2e36c02\"},\"headline\":\"OEBS zabrinut zbog nepriznavanja BNV-a\",\"datePublished\":\"2010-09-07T06:21:11+00:00\",\"mainEntityOfPage\":{\"@id\":\"https:\/\/sandzakpress.net\/arhiva\/oebs-zabrinut-zbog-nepriznavanja-bnv-a\/\"},\"wordCount\":194,\"commentCount\":0,\"publisher\":{\"@id\":\"https:\/\/sandzakpress.net\/arhiva\/#\/schema\/person\/6e72b67d6e51910a1117b3b483ba20bd\"},\"image\":{\"@id\":\"https:\/\/sandzakpress.net\/arhiva\/oebs-zabrinut-zbog-nepriznavanja-bnv-a\/#primaryimage\"},\"thumbnailUrl\":\"https:\/\/sandzakpress.net\/arhiva\/wp-content\/uploads\/2010\/09\/OEBS-nagradio-licnosti-godine-u-Srbiji.jpg\",\"articleSection\":[\"Novi Pazar\",\"Nacija\",\"Sjenica\",\"Tutin\",\"Prijepolje\",\"Priboj\",\"Nova Varo\u0161\"],\"inLanguage\":\"bs-BA\",\"potentialAction\":[{\"@type\":\"CommentAction\",\"name\":\"Comment\",\"target\":[\"https:\/\/sandzakpress.net\/arhiva\/oebs-zabrinut-zbog-nepriznavanja-bnv-a\/#respond\"]}]},{\"@type\":\"WebPage\",\"@id\":\"https:\/\/sandzakpress.net\/arhiva\/oebs-zabrinut-zbog-nepriznavanja-bnv-a\/\",\"url\":\"https:\/\/sandzakpress.net\/arhiva\/oebs-zabrinut-zbog-nepriznavanja-bnv-a\/\",\"name\":\"OEBS zabrinut zbog nepriznavanja BNV-a\",\"isPartOf\":{\"@id\":\"https:\/\/sandzakpress.net\/arhiva\/#website\"},\"primaryImageOfPage\":{\"@id\":\"https:\/\/sandzakpress.net\/arhiva\/oebs-zabrinut-zbog-nepriznavanja-bnv-a\/#primaryimage\"},\"image\":{\"@id\":\"https:\/\/sandzakpress.net\/arhiva\/oebs-zabrinut-zbog-nepriznavanja-bnv-a\/#primaryimage\"},\"thumbnailUrl\":\"https:\/\/sandzakpress.net\/arhiva\/wp-content\/uploads\/2010\/09\/OEBS-nagradio-licnosti-godine-u-Srbiji.jpg\",\"datePublished\":\"2010-09-07T06:21:11+00:00\",\"breadcrumb\":{\"@id\":\"https:\/\/sandzakpress.net\/arhiva\/oebs-zabrinut-zbog-nepriznavanja-bnv-a\/#breadcrumb\"},\"inLanguage\":\"bs-BA\",\"potentialAction\":[{\"@type\":\"ReadAction\",\"target\":[\"https:\/\/sandzakpress.net\/arhiva\/oebs-zabrinut-zbog-nepriznavanja-bnv-a\/\"]}]},{\"@type\":\"ImageObject\",\"inLanguage\":\"bs-BA\",\"@id\":\"https:\/\/sandzakpress.net\/arhiva\/oebs-zabrinut-zbog-nepriznavanja-bnv-a\/#primaryimage\",\"url\":\"https:\/\/sandzakpress.net\/arhiva\/wp-content\/uploads\/2010\/09\/OEBS-nagradio-licnosti-godine-u-Srbiji.jpg\",\"contentUrl\":\"https:\/\/sandzakpress.net\/arhiva\/wp-content\/uploads\/2010\/09\/OEBS-nagradio-licnosti-godine-u-Srbiji.jpg\",\"width\":150,\"height\":84},{\"@type\":\"BreadcrumbList\",\"@id\":\"https:\/\/sandzakpress.net\/arhiva\/oebs-zabrinut-zbog-nepriznavanja-bnv-a\/#breadcrumb\",\"itemListElement\":[{\"@type\":\"ListItem\",\"position\":1,\"name\":\"Home\",\"item\":\"https:\/\/sandzakpress.net\/arhiva\/\"},{\"@type\":\"ListItem\",\"position\":2,\"name\":\"OEBS zabrinut zbog nepriznavanja BNV-a\"}]},{\"@type\":\"WebSite\",\"@id\":\"https:\/\/sandzakpress.net\/arhiva\/#website\",\"url\":\"https:\/\/sandzakpress.net\/arhiva\/\",\"name\":\"Sand\u017eak PRESS\",\"description\":\"Prve elektronske novine u Sand\u017eaku\",\"publisher\":{\"@id\":\"https:\/\/sandzakpress.net\/arhiva\/#\/schema\/person\/6e72b67d6e51910a1117b3b483ba20bd\"},\"potentialAction\":[{\"@type\":\"SearchAction\",\"target\":{\"@type\":\"EntryPoint\",\"urlTemplate\":\"https:\/\/sandzakpress.net\/arhiva\/?s={search_term_string}\"},\"query-input\":{\"@type\":\"PropertyValueSpecification\",\"valueRequired\":true,\"valueName\":\"search_term_string\"}}],\"inLanguage\":\"bs-BA\"},{\"@type\":[\"Person\",\"Organization\"],\"@id\":\"https:\/\/sandzakpress.net\/arhiva\/#\/schema\/person\/6e72b67d6e51910a1117b3b483ba20bd\",\"name\":\"Kul\",\"image\":{\"@type\":\"ImageObject\",\"inLanguage\":\"bs-BA\",\"@id\":\"https:\/\/sandzakpress.net\/arhiva\/#\/schema\/person\/image\/\",\"url\":\"https:\/\/secure.gravatar.com\/avatar\/42263f39aa27ac04c43cab85c280eb2e?s=96&d=mm&r=pg\",\"contentUrl\":\"https:\/\/secure.gravatar.com\/avatar\/42263f39aa27ac04c43cab85c280eb2e?s=96&d=mm&r=pg\",\"caption\":\"Kul\"},\"logo\":{\"@id\":\"https:\/\/sandzakpress.net\/arhiva\/#\/schema\/person\/image\/\"}},{\"@type\":\"Person\",\"@id\":\"https:\/\/sandzakpress.net\/arhiva\/#\/schema\/person\/c8baee722073534b583ea7bdb2e36c02\",\"name\":\"bosniak\",\"image\":{\"@type\":\"ImageObject\",\"inLanguage\":\"bs-BA\",\"@id\":\"https:\/\/sandzakpress.net\/arhiva\/#\/schema\/person\/image\/\",\"url\":\"https:\/\/secure.gravatar.com\/avatar\/a04fd330bfe3a36a72a0ad4a6d89fca7?s=96&d=mm&r=pg\",\"contentUrl\":\"https:\/\/secure.gravatar.com\/avatar\/a04fd330bfe3a36a72a0ad4a6d89fca7?s=96&d=mm&r=pg\",\"caption\":\"bosniak\"},\"url\":\"https:\/\/sandzakpress.net\/arhiva\/author\/bosniak\/\"}]}<\/script>\n<!-- \/ Yoast SEO Premium plugin. -->","yoast_head_json":{"title":"OEBS zabrinut zbog nepriznavanja BNV-a","robots":{"index":"index","follow":"follow","max-snippet":"max-snippet:-1","max-image-preview":"max-image-preview:large","max-video-preview":"max-video-preview:-1"},"canonical":"https:\/\/sandzakpress.net\/arhiva\/oebs-zabrinut-zbog-nepriznavanja-bnv-a\/","og_locale":"bs_BA","og_type":"article","og_title":"OEBS zabrinut zbog nepriznavanja BNV-a","og_description":"Sjeverni Sand\u017eak &#8211; Misija OEBS-a u Srbiji zatra\u017eila je da se \u0161to prije prona\u0111e, od strane Dr\u017eave, \u00a0re\u0161enje za Bo\u0161nja\u010dko nacionalno vije\u0107e izraziv\u0161i zabrinutost zbog doga\u0111aja koji su uslijedili nakon \u0161to je BNV, konstituisano 7. jula, progla\u0161eno za neregularno. \u0160ef Misije Dimitrios Kipreos saop\u0161tio je danas da je uvjeren da niko ne \u017eeli da vidi [&hellip;]","og_url":"https:\/\/sandzakpress.net\/arhiva\/oebs-zabrinut-zbog-nepriznavanja-bnv-a\/","og_site_name":"Sand\u017eak PRESS","article_published_time":"2010-09-07T06:21:11+00:00","og_image":[{"width":150,"height":84,"url":"https:\/\/sandzakpress.net\/arhiva\/wp-content\/uploads\/2010\/09\/OEBS-nagradio-licnosti-godine-u-Srbiji.jpg","type":"image\/jpeg"}],"author":"bosniak","twitter_card":"summary_large_image","twitter_misc":{"Written by":"bosniak","Est. reading time":"1 minuta"},"schema":{"@context":"https:\/\/schema.org","@graph":[{"@type":"Article","@id":"https:\/\/sandzakpress.net\/arhiva\/oebs-zabrinut-zbog-nepriznavanja-bnv-a\/#article","isPartOf":{"@id":"https:\/\/sandzakpress.net\/arhiva\/oebs-zabrinut-zbog-nepriznavanja-bnv-a\/"},"author":{"name":"bosniak","@id":"https:\/\/sandzakpress.net\/arhiva\/#\/schema\/person\/c8baee722073534b583ea7bdb2e36c02"},"headline":"OEBS zabrinut zbog nepriznavanja BNV-a","datePublished":"2010-09-07T06:21:11+00:00","mainEntityOfPage":{"@id":"https:\/\/sandzakpress.net\/arhiva\/oebs-zabrinut-zbog-nepriznavanja-bnv-a\/"},"wordCount":194,"commentCount":0,"publisher":{"@id":"https:\/\/sandzakpress.net\/arhiva\/#\/schema\/person\/6e72b67d6e51910a1117b3b483ba20bd"},"image":{"@id":"https:\/\/sandzakpress.net\/arhiva\/oebs-zabrinut-zbog-nepriznavanja-bnv-a\/#primaryimage"},"thumbnailUrl":"https:\/\/sandzakpress.net\/arhiva\/wp-content\/uploads\/2010\/09\/OEBS-nagradio-licnosti-godine-u-Srbiji.jpg","articleSection":["Novi Pazar","Nacija","Sjenica","Tutin","Prijepolje","Priboj","Nova Varo\u0161"],"inLanguage":"bs-BA","potentialAction":[{"@type":"CommentAction","name":"Comment","target":["https:\/\/sandzakpress.net\/arhiva\/oebs-zabrinut-zbog-nepriznavanja-bnv-a\/#respond"]}]},{"@type":"WebPage","@id":"https:\/\/sandzakpress.net\/arhiva\/oebs-zabrinut-zbog-nepriznavanja-bnv-a\/","url":"https:\/\/sandzakpress.net\/arhiva\/oebs-zabrinut-zbog-nepriznavanja-bnv-a\/","name":"OEBS zabrinut zbog nepriznavanja BNV-a","isPartOf":{"@id":"https:\/\/sandzakpress.net\/arhiva\/#website"},"primaryImageOfPage":{"@id":"https:\/\/sandzakpress.net\/arhiva\/oebs-zabrinut-zbog-nepriznavanja-bnv-a\/#primaryimage"},"image":{"@id":"https:\/\/sandzakpress.net\/arhiva\/oebs-zabrinut-zbog-nepriznavanja-bnv-a\/#primaryimage"},"thumbnailUrl":"https:\/\/sandzakpress.net\/arhiva\/wp-content\/uploads\/2010\/09\/OEBS-nagradio-licnosti-godine-u-Srbiji.jpg","datePublished":"2010-09-07T06:21:11+00:00","breadcrumb":{"@id":"https:\/\/sandzakpress.net\/arhiva\/oebs-zabrinut-zbog-nepriznavanja-bnv-a\/#breadcrumb"},"inLanguage":"bs-BA","potentialAction":[{"@type":"ReadAction","target":["https:\/\/sandzakpress.net\/arhiva\/oebs-zabrinut-zbog-nepriznavanja-bnv-a\/"]}]},{"@type":"ImageObject","inLanguage":"bs-BA","@id":"https:\/\/sandzakpress.net\/arhiva\/oebs-zabrinut-zbog-nepriznavanja-bnv-a\/#primaryimage","url":"https:\/\/sandzakpress.net\/arhiva\/wp-content\/uploads\/2010\/09\/OEBS-nagradio-licnosti-godine-u-Srbiji.jpg","contentUrl":"https:\/\/sandzakpress.net\/arhiva\/wp-content\/uploads\/2010\/09\/OEBS-nagradio-licnosti-godine-u-Srbiji.jpg","width":150,"height":84},{"@type":"BreadcrumbList","@id":"https:\/\/sandzakpress.net\/arhiva\/oebs-zabrinut-zbog-nepriznavanja-bnv-a\/#breadcrumb","itemListElement":[{"@type":"ListItem","position":1,"name":"Home","item":"https:\/\/sandzakpress.net\/arhiva\/"},{"@type":"ListItem","position":2,"name":"OEBS zabrinut zbog nepriznavanja BNV-a"}]},{"@type":"WebSite","@id":"https:\/\/sandzakpress.net\/arhiva\/#website","url":"https:\/\/sandzakpress.net\/arhiva\/","name":"Sand\u017eak PRESS","description":"Prve elektronske novine u Sand\u017eaku","publisher":{"@id":"https:\/\/sandzakpress.net\/arhiva\/#\/schema\/person\/6e72b67d6e51910a1117b3b483ba20bd"},"potentialAction":[{"@type":"SearchAction","target":{"@type":"EntryPoint","urlTemplate":"https:\/\/sandzakpress.net\/arhiva\/?s={search_term_string}"},"query-input":{"@type":"PropertyValueSpecification","valueRequired":true,"valueName":"search_term_string"}}],"inLanguage":"bs-BA"},{"@type":["Person","Organization"],"@id":"https:\/\/sandzakpress.net\/arhiva\/#\/schema\/person\/6e72b67d6e51910a1117b3b483ba20bd","name":"Kul","image":{"@type":"ImageObject","inLanguage":"bs-BA","@id":"https:\/\/sandzakpress.net\/arhiva\/#\/schema\/person\/image\/","url":"https:\/\/secure.gravatar.com\/avatar\/42263f39aa27ac04c43cab85c280eb2e?s=96&d=mm&r=pg","contentUrl":"https:\/\/secure.gravatar.com\/avatar\/42263f39aa27ac04c43cab85c280eb2e?s=96&d=mm&r=pg","caption":"Kul"},"logo":{"@id":"https:\/\/sandzakpress.net\/arhiva\/#\/schema\/person\/image\/"}},{"@type":"Person","@id":"https:\/\/sandzakpress.net\/arhiva\/#\/schema\/person\/c8baee722073534b583ea7bdb2e36c02","name":"bosniak","image":{"@type":"ImageObject","inLanguage":"bs-BA","@id":"https:\/\/sandzakpress.net\/arhiva\/#\/schema\/person\/image\/","url":"https:\/\/secure.gravatar.com\/avatar\/a04fd330bfe3a36a72a0ad4a6d89fca7?s=96&d=mm&r=pg","contentUrl":"https:\/\/secure.gravatar.com\/avatar\/a04fd330bfe3a36a72a0ad4a6d89fca7?s=96&d=mm&r=pg","caption":"bosniak"},"url":"https:\/\/sandzakpress.net\/arhiva\/author\/bosniak\/"}]}},"_links":{"self":[{"href":"https:\/\/sandzakpress.net\/arhiva\/wp-json\/wp\/v2\/posts\/7669"}],"collection":[{"href":"https:\/\/sandzakpress.net\/arhiva\/wp-json\/wp\/v2\/posts"}],"about":[{"href":"https:\/\/sandzakpress.net\/arhiva\/wp-json\/wp\/v2\/types\/post"}],"author":[{"embeddable":true,"href":"https:\/\/sandzakpress.net\/arhiva\/wp-json\/wp\/v2\/users\/83"}],"replies":[{"embeddable":true,"href":"https:\/\/sandzakpress.net\/arhiva\/wp-json\/wp\/v2\/comments?post=7669"}],"version-history":[{"count":0,"href":"https:\/\/sandzakpress.net\/arhiva\/wp-json\/wp\/v2\/posts\/7669\/revisions"}],"wp:featuredmedia":[{"embeddable":true,"href":"https:\/\/sandzakpress.net\/arhiva\/wp-json\/wp\/v2\/media\/7668"}],"wp:attachment":[{"href":"https:\/\/sandzakpress.net\/arhiva\/wp-json\/wp\/v2\/media?parent=7669"}],"wp:term":[{"taxonomy":"category","embeddable":true,"href":"https:\/\/sandzakpress.net\/arhiva\/wp-json\/wp\/v2\/categories?post=7669"},{"taxonomy":"post_tag","embeddable":true,"href":"https:\/\/sandzakpress.net\/arhiva\/wp-json\/wp\/v2\/tags?post=7669"}],"curies":[{"name":"wp","href":"https:\/\/api.w.org\/{rel}","templated":true}]}}