{"id":76663,"date":"2013-05-22T18:05:22","date_gmt":"2013-05-22T16:05:22","guid":{"rendered":"https:\/\/sandzakpress.net\/arhiva\/?p=76663"},"modified":"2013-05-24T11:25:23","modified_gmt":"2013-05-24T09:25:23","slug":"podvig-bosnjaka-nusatela-u-svicarskoj-kupili-crkvu-napravili-dzamiju","status":"publish","type":"post","link":"https:\/\/sandzakpress.net\/arhiva\/podvig-bosnjaka-nusatela-u-svicarskoj-kupili-crkvu-napravili-dzamiju\/","title":{"rendered":"Podvig Bo\u0161njaka Nu\u0161atela u \u0160vicarskoj: Kupili crkvu, napravili d\u017eamiju"},"content":{"rendered":"<p><strong><a href=\"https:\/\/sandzakpress.net\/arhiva\/wp-content\/uploads\/2013\/05\/podvig-bosnjaka-nusatela-u-svicarskoj-kupili-crkvu-napravili-dzamiju.jpg\"><img loading=\"lazy\" decoding=\"async\" class=\"alignleft size-medium wp-image-76664\" title=\"podvig-bosnjaka-nusatela-u-svicarskoj-kupili-crkvu-napravili-dzamiju\" src=\"https:\/\/sandzakpress.net\/arhiva\/wp-content\/uploads\/2013\/05\/podvig-bosnjaka-nusatela-u-svicarskoj-kupili-crkvu-napravili-dzamiju-300x225.jpg\" alt=\"\" width=\"300\" height=\"225\" \/><\/a>\u0160vicarska &#8211; Bo\u0161njaci Nu\u0161atela u \u0160vicarskoj 18. maja ove godine otvorili su svoju d\u017eamiju. I ne bi u tome bilo ni\u0161ta neobi\u010dno da ta d\u017eamija, prije nego su je Bo\u0161njaci kupili, nije bila crkva.<\/strong><\/p>\n<div>\n<div>\n<div id=\"full-width-slider\">\n<div>No, pri\u010di o tome vratit \u0107emo se kasnije. Sad recimo da je otvaranju, proklanjavanju d\u017eamije, osim njenog imama hafiza Mustafe efendije Mehi\u0107a i d\u017eematlija, prisustvovao i muftija tuzlanski Vahid efendija Fazlovi\u0107, izaslanik reisu-l-uleme BiH.<\/div>\n<\/div>\n<\/div>\n<p>D\u017eemat od 296 \u010dlanova<\/p>\n<p>&#8220;D\u017eamija nema munaru zato \u0161to je referendumom, kojeg je inicirala nacionalna stranka UDC 29. novembra 2009, zabranjena izgradnja munara u \u0160vicarskoj. Ubije\u0111en sam, jednog \u0107e dana uz ovu d\u017eamiju i munara biti dogra\u0111ena. Ho\u0107e li biti ezana? Munara nije zabranjena zbog toga \u0161to se s nje ezan u\u010di, ve\u0107 je zabranjena kao simbol muslimana. Ezan \u0107e se u\u010diti unutar d\u017eamije tako da \u0107e se sasvim malo \u010duti vani. Ne, s lokalnim crkvenim velikodostojnicima nemamo saradnju. Ni mi ni oni, za sada, nismo tra\u017eili da se upoznamo, sara\u0111ujemo. \u010cekamo da oni prvi reaguju, a mo\u017eda i oni \u010dekaju na nas!? No, prije proklanjavanja (otvorenja) d\u017eamije, pozvali smo kom\u0161ije da im prezentujemo objekat i ponudimo saradnju. \u010cestitali su nam i zahvalili na na\u0161oj otvorenosti za dogovor. Sada se pripremamo da pozovemo \u010ditav region na dan otvorenih vrata i prezentujemo im d\u017eamiju. D\u017eemat trenutno ima 296 \u010dlanova. Po na\u0161oj evidenciji, u kantonu Neuchatel \u017eivi oko 350 bo\u0161nja\u010dkih porodica, tako da o\u010dekujemo priliv \u010dlanstva. To je realno zato \u0161to je d\u017eemat jedina institucija koja okuplja i brine o Bo\u0161njacima&#8221;, ka\u017ee hafiz Mustafa efendija Mehi\u0107.<\/p>\n<p>Bo\u0161njaci su crkvu kupili od neoapostola, protestanata \u010diji su finansijeri bili Amerikanci. Crkva nije imala krst ni vani ni unutra. Prodavala se za milion franaka, 850.000.000 eura. Kad joj je cijena pala na 680.000 franaka, oko 400.000 eura, kupili su je Bo\u0161njaci pod uvjetom da im op\u0161tina dozvoli dogradnju jo\u0161 250 kvadratnih metara. Za kupovinu crkve anga\u017eovali su Bo\u0161njaci arhitektu, \u0160vicarca koji ima firmu, i notara \u0160vicarca. Nakon sitnih peripetija, crkva je kupljena, dobivene su i dozvole za nadogradnju.<\/p>\n<p>U banci se ibretili<\/p>\n<p>Izgradnja d\u017eamije, kulturnog centra, ko\u0161tala je oko 950.000 eura. D\u017eematlije su skupile novac, podignut je i kredit u banci. U usmenim razgovorima, bankari su obe\u0107avali kredit, s tim da su Bo\u0161njaci morali dati 25 posto akontacije. No, kad je sve trebalo staviti na papir, banke su odustajale. Kantonalna banka kod koje je d\u017eemat Nu\u0161atel imao ra\u010dun, pristala im je dati kredit pod uvjetom da umjesto 25, uplate 50 posto akontacije. Dakle, za mjesec trebalo je skupiti 220.000 franaka. Skupili su novac za manje od mjesec. U banci se ibretili. Kako god, d\u017eamija i kulturni centar Bo\u0161njaka u Nu\u0161atelu ima oko 500 kvadratnih metara, kafeteriju, salu za sastanke, sobu za goste&#8230;<\/p>\n<p>(Oslobo\u0111enje)<\/p>\n<\/div>\n","protected":false},"excerpt":{"rendered":"<p>\u0160vicarska &#8211; Bo\u0161njaci Nu\u0161atela u \u0160vicarskoj 18. maja ove godine otvorili su svoju d\u017eamiju. I ne bi u tome bilo ni\u0161ta neobi\u010dno da ta d\u017eamija, prije nego su je Bo\u0161njaci kupili, nije bila crkva. No, pri\u010di o tome vratit \u0107emo se kasnije. Sad recimo da je otvaranju, proklanjavanju d\u017eamije, osim njenog imama hafiza Mustafe efendije [&hellip;]<\/p>\n","protected":false},"author":16,"featured_media":76664,"comment_status":"open","ping_status":"open","sticky":false,"template":"","format":"standard","meta":{"footnotes":""},"categories":[800,9544,8957],"tags":[],"class_list":{"0":"post-76663","1":"post","2":"type-post","3":"status-publish","4":"format-standard","5":"has-post-thumbnail","7":"category-nacija","8":"category-svicarska-dijaspora-gradovi-vase-vijesti","9":"category-vijesti-dana"},"yoast_head":"<!-- This site is optimized with the Yoast SEO Premium plugin v23.1 (Yoast SEO v24.9) - https:\/\/yoast.com\/wordpress\/plugins\/seo\/ -->\n<title>Podvig Bo\u0161njaka Nu\u0161atela u \u0160vicarskoj: Kupili crkvu, napravili d\u017eamiju<\/title>\n<meta name=\"robots\" content=\"index, follow, max-snippet:-1, max-image-preview:large, max-video-preview:-1\" \/>\n<link rel=\"canonical\" href=\"https:\/\/sandzakpress.net\/arhiva\/podvig-bosnjaka-nusatela-u-svicarskoj-kupili-crkvu-napravili-dzamiju\/\" \/>\n<meta property=\"og:locale\" content=\"bs_BA\" \/>\n<meta property=\"og:type\" content=\"article\" \/>\n<meta property=\"og:title\" content=\"Podvig Bo\u0161njaka Nu\u0161atela u \u0160vicarskoj: Kupili crkvu, napravili d\u017eamiju\" \/>\n<meta property=\"og:description\" content=\"\u0160vicarska &#8211; Bo\u0161njaci Nu\u0161atela u \u0160vicarskoj 18. maja ove godine otvorili su svoju d\u017eamiju. I ne bi u tome bilo ni\u0161ta neobi\u010dno da ta d\u017eamija, prije nego su je Bo\u0161njaci kupili, nije bila crkva. No, pri\u010di o tome vratit \u0107emo se kasnije. Sad recimo da je otvaranju, proklanjavanju d\u017eamije, osim njenog imama hafiza Mustafe efendije [&hellip;]\" \/>\n<meta property=\"og:url\" content=\"https:\/\/sandzakpress.net\/arhiva\/podvig-bosnjaka-nusatela-u-svicarskoj-kupili-crkvu-napravili-dzamiju\/\" \/>\n<meta property=\"og:site_name\" content=\"Sand\u017eak PRESS\" \/>\n<meta property=\"article:published_time\" content=\"2013-05-22T16:05:22+00:00\" \/>\n<meta property=\"article:modified_time\" content=\"2013-05-24T09:25:23+00:00\" \/>\n<meta property=\"og:image\" content=\"https:\/\/sandzakpress.net\/arhiva\/wp-content\/uploads\/2013\/05\/podvig-bosnjaka-nusatela-u-svicarskoj-kupili-crkvu-napravili-dzamiju.jpg\" \/>\n\t<meta property=\"og:image:width\" content=\"580\" \/>\n\t<meta property=\"og:image:height\" content=\"435\" \/>\n\t<meta property=\"og:image:type\" content=\"image\/jpeg\" \/>\n<meta name=\"twitter:card\" content=\"summary_large_image\" \/>\n<meta name=\"twitter:label1\" content=\"Written by\" \/>\n\t<meta name=\"twitter:data1\" content=\"\" \/>\n\t<meta name=\"twitter:label2\" content=\"Est. reading time\" \/>\n\t<meta name=\"twitter:data2\" content=\"2 minute\" \/>\n<script type=\"application\/ld+json\" class=\"yoast-schema-graph\">{\"@context\":\"https:\/\/schema.org\",\"@graph\":[{\"@type\":\"Article\",\"@id\":\"https:\/\/sandzakpress.net\/arhiva\/podvig-bosnjaka-nusatela-u-svicarskoj-kupili-crkvu-napravili-dzamiju\/#article\",\"isPartOf\":{\"@id\":\"https:\/\/sandzakpress.net\/arhiva\/podvig-bosnjaka-nusatela-u-svicarskoj-kupili-crkvu-napravili-dzamiju\/\"},\"author\":{\"name\":\"\",\"@id\":\"\"},\"headline\":\"Podvig Bo\u0161njaka Nu\u0161atela u \u0160vicarskoj: Kupili crkvu, napravili d\u017eamiju\",\"datePublished\":\"2013-05-22T16:05:22+00:00\",\"dateModified\":\"2013-05-24T09:25:23+00:00\",\"mainEntityOfPage\":{\"@id\":\"https:\/\/sandzakpress.net\/arhiva\/podvig-bosnjaka-nusatela-u-svicarskoj-kupili-crkvu-napravili-dzamiju\/\"},\"wordCount\":494,\"commentCount\":1,\"publisher\":{\"@id\":\"https:\/\/sandzakpress.net\/arhiva\/#\/schema\/person\/6e72b67d6e51910a1117b3b483ba20bd\"},\"image\":{\"@id\":\"https:\/\/sandzakpress.net\/arhiva\/podvig-bosnjaka-nusatela-u-svicarskoj-kupili-crkvu-napravili-dzamiju\/#primaryimage\"},\"thumbnailUrl\":\"https:\/\/sandzakpress.net\/arhiva\/wp-content\/uploads\/2013\/05\/podvig-bosnjaka-nusatela-u-svicarskoj-kupili-crkvu-napravili-dzamiju.jpg\",\"articleSection\":[\"Nacija\",\"\u0160vicarska\",\"VIJESTI DANA\"],\"inLanguage\":\"bs-BA\",\"potentialAction\":[{\"@type\":\"CommentAction\",\"name\":\"Comment\",\"target\":[\"https:\/\/sandzakpress.net\/arhiva\/podvig-bosnjaka-nusatela-u-svicarskoj-kupili-crkvu-napravili-dzamiju\/#respond\"]}]},{\"@type\":\"WebPage\",\"@id\":\"https:\/\/sandzakpress.net\/arhiva\/podvig-bosnjaka-nusatela-u-svicarskoj-kupili-crkvu-napravili-dzamiju\/\",\"url\":\"https:\/\/sandzakpress.net\/arhiva\/podvig-bosnjaka-nusatela-u-svicarskoj-kupili-crkvu-napravili-dzamiju\/\",\"name\":\"Podvig Bo\u0161njaka Nu\u0161atela u \u0160vicarskoj: Kupili crkvu, napravili d\u017eamiju\",\"isPartOf\":{\"@id\":\"https:\/\/sandzakpress.net\/arhiva\/#website\"},\"primaryImageOfPage\":{\"@id\":\"https:\/\/sandzakpress.net\/arhiva\/podvig-bosnjaka-nusatela-u-svicarskoj-kupili-crkvu-napravili-dzamiju\/#primaryimage\"},\"image\":{\"@id\":\"https:\/\/sandzakpress.net\/arhiva\/podvig-bosnjaka-nusatela-u-svicarskoj-kupili-crkvu-napravili-dzamiju\/#primaryimage\"},\"thumbnailUrl\":\"https:\/\/sandzakpress.net\/arhiva\/wp-content\/uploads\/2013\/05\/podvig-bosnjaka-nusatela-u-svicarskoj-kupili-crkvu-napravili-dzamiju.jpg\",\"datePublished\":\"2013-05-22T16:05:22+00:00\",\"dateModified\":\"2013-05-24T09:25:23+00:00\",\"breadcrumb\":{\"@id\":\"https:\/\/sandzakpress.net\/arhiva\/podvig-bosnjaka-nusatela-u-svicarskoj-kupili-crkvu-napravili-dzamiju\/#breadcrumb\"},\"inLanguage\":\"bs-BA\",\"potentialAction\":[{\"@type\":\"ReadAction\",\"target\":[\"https:\/\/sandzakpress.net\/arhiva\/podvig-bosnjaka-nusatela-u-svicarskoj-kupili-crkvu-napravili-dzamiju\/\"]}]},{\"@type\":\"ImageObject\",\"inLanguage\":\"bs-BA\",\"@id\":\"https:\/\/sandzakpress.net\/arhiva\/podvig-bosnjaka-nusatela-u-svicarskoj-kupili-crkvu-napravili-dzamiju\/#primaryimage\",\"url\":\"https:\/\/sandzakpress.net\/arhiva\/wp-content\/uploads\/2013\/05\/podvig-bosnjaka-nusatela-u-svicarskoj-kupili-crkvu-napravili-dzamiju.jpg\",\"contentUrl\":\"https:\/\/sandzakpress.net\/arhiva\/wp-content\/uploads\/2013\/05\/podvig-bosnjaka-nusatela-u-svicarskoj-kupili-crkvu-napravili-dzamiju.jpg\",\"width\":580,\"height\":435},{\"@type\":\"BreadcrumbList\",\"@id\":\"https:\/\/sandzakpress.net\/arhiva\/podvig-bosnjaka-nusatela-u-svicarskoj-kupili-crkvu-napravili-dzamiju\/#breadcrumb\",\"itemListElement\":[{\"@type\":\"ListItem\",\"position\":1,\"name\":\"Home\",\"item\":\"https:\/\/sandzakpress.net\/arhiva\/\"},{\"@type\":\"ListItem\",\"position\":2,\"name\":\"Podvig Bo\u0161njaka Nu\u0161atela u \u0160vicarskoj: Kupili crkvu, napravili d\u017eamiju\"}]},{\"@type\":\"WebSite\",\"@id\":\"https:\/\/sandzakpress.net\/arhiva\/#website\",\"url\":\"https:\/\/sandzakpress.net\/arhiva\/\",\"name\":\"Sand\u017eak PRESS\",\"description\":\"Prve elektronske novine u Sand\u017eaku\",\"publisher\":{\"@id\":\"https:\/\/sandzakpress.net\/arhiva\/#\/schema\/person\/6e72b67d6e51910a1117b3b483ba20bd\"},\"potentialAction\":[{\"@type\":\"SearchAction\",\"target\":{\"@type\":\"EntryPoint\",\"urlTemplate\":\"https:\/\/sandzakpress.net\/arhiva\/?s={search_term_string}\"},\"query-input\":{\"@type\":\"PropertyValueSpecification\",\"valueRequired\":true,\"valueName\":\"search_term_string\"}}],\"inLanguage\":\"bs-BA\"},{\"@type\":[\"Person\",\"Organization\"],\"@id\":\"https:\/\/sandzakpress.net\/arhiva\/#\/schema\/person\/6e72b67d6e51910a1117b3b483ba20bd\",\"name\":\"Kul\",\"image\":{\"@type\":\"ImageObject\",\"inLanguage\":\"bs-BA\",\"@id\":\"https:\/\/sandzakpress.net\/arhiva\/#\/schema\/person\/image\/\",\"url\":\"https:\/\/secure.gravatar.com\/avatar\/42263f39aa27ac04c43cab85c280eb2e?s=96&d=mm&r=pg\",\"contentUrl\":\"https:\/\/secure.gravatar.com\/avatar\/42263f39aa27ac04c43cab85c280eb2e?s=96&d=mm&r=pg\",\"caption\":\"Kul\"},\"logo\":{\"@id\":\"https:\/\/sandzakpress.net\/arhiva\/#\/schema\/person\/image\/\"}},{\"@type\":\"Person\",\"@id\":\"\",\"url\":\"https:\/\/sandzakpress.net\/arhiva\/author\/\"}]}<\/script>\n<!-- \/ Yoast SEO Premium plugin. -->","yoast_head_json":{"title":"Podvig Bo\u0161njaka Nu\u0161atela u \u0160vicarskoj: Kupili crkvu, napravili d\u017eamiju","robots":{"index":"index","follow":"follow","max-snippet":"max-snippet:-1","max-image-preview":"max-image-preview:large","max-video-preview":"max-video-preview:-1"},"canonical":"https:\/\/sandzakpress.net\/arhiva\/podvig-bosnjaka-nusatela-u-svicarskoj-kupili-crkvu-napravili-dzamiju\/","og_locale":"bs_BA","og_type":"article","og_title":"Podvig Bo\u0161njaka Nu\u0161atela u \u0160vicarskoj: Kupili crkvu, napravili d\u017eamiju","og_description":"\u0160vicarska &#8211; Bo\u0161njaci Nu\u0161atela u \u0160vicarskoj 18. maja ove godine otvorili su svoju d\u017eamiju. I ne bi u tome bilo ni\u0161ta neobi\u010dno da ta d\u017eamija, prije nego su je Bo\u0161njaci kupili, nije bila crkva. No, pri\u010di o tome vratit \u0107emo se kasnije. Sad recimo da je otvaranju, proklanjavanju d\u017eamije, osim njenog imama hafiza Mustafe efendije [&hellip;]","og_url":"https:\/\/sandzakpress.net\/arhiva\/podvig-bosnjaka-nusatela-u-svicarskoj-kupili-crkvu-napravili-dzamiju\/","og_site_name":"Sand\u017eak PRESS","article_published_time":"2013-05-22T16:05:22+00:00","article_modified_time":"2013-05-24T09:25:23+00:00","og_image":[{"width":580,"height":435,"url":"https:\/\/sandzakpress.net\/arhiva\/wp-content\/uploads\/2013\/05\/podvig-bosnjaka-nusatela-u-svicarskoj-kupili-crkvu-napravili-dzamiju.jpg","type":"image\/jpeg"}],"twitter_card":"summary_large_image","twitter_misc":{"Written by":"","Est. reading time":"2 minute"},"schema":{"@context":"https:\/\/schema.org","@graph":[{"@type":"Article","@id":"https:\/\/sandzakpress.net\/arhiva\/podvig-bosnjaka-nusatela-u-svicarskoj-kupili-crkvu-napravili-dzamiju\/#article","isPartOf":{"@id":"https:\/\/sandzakpress.net\/arhiva\/podvig-bosnjaka-nusatela-u-svicarskoj-kupili-crkvu-napravili-dzamiju\/"},"author":{"name":"","@id":""},"headline":"Podvig Bo\u0161njaka Nu\u0161atela u \u0160vicarskoj: Kupili crkvu, napravili d\u017eamiju","datePublished":"2013-05-22T16:05:22+00:00","dateModified":"2013-05-24T09:25:23+00:00","mainEntityOfPage":{"@id":"https:\/\/sandzakpress.net\/arhiva\/podvig-bosnjaka-nusatela-u-svicarskoj-kupili-crkvu-napravili-dzamiju\/"},"wordCount":494,"commentCount":1,"publisher":{"@id":"https:\/\/sandzakpress.net\/arhiva\/#\/schema\/person\/6e72b67d6e51910a1117b3b483ba20bd"},"image":{"@id":"https:\/\/sandzakpress.net\/arhiva\/podvig-bosnjaka-nusatela-u-svicarskoj-kupili-crkvu-napravili-dzamiju\/#primaryimage"},"thumbnailUrl":"https:\/\/sandzakpress.net\/arhiva\/wp-content\/uploads\/2013\/05\/podvig-bosnjaka-nusatela-u-svicarskoj-kupili-crkvu-napravili-dzamiju.jpg","articleSection":["Nacija","\u0160vicarska","VIJESTI DANA"],"inLanguage":"bs-BA","potentialAction":[{"@type":"CommentAction","name":"Comment","target":["https:\/\/sandzakpress.net\/arhiva\/podvig-bosnjaka-nusatela-u-svicarskoj-kupili-crkvu-napravili-dzamiju\/#respond"]}]},{"@type":"WebPage","@id":"https:\/\/sandzakpress.net\/arhiva\/podvig-bosnjaka-nusatela-u-svicarskoj-kupili-crkvu-napravili-dzamiju\/","url":"https:\/\/sandzakpress.net\/arhiva\/podvig-bosnjaka-nusatela-u-svicarskoj-kupili-crkvu-napravili-dzamiju\/","name":"Podvig Bo\u0161njaka Nu\u0161atela u \u0160vicarskoj: Kupili crkvu, napravili d\u017eamiju","isPartOf":{"@id":"https:\/\/sandzakpress.net\/arhiva\/#website"},"primaryImageOfPage":{"@id":"https:\/\/sandzakpress.net\/arhiva\/podvig-bosnjaka-nusatela-u-svicarskoj-kupili-crkvu-napravili-dzamiju\/#primaryimage"},"image":{"@id":"https:\/\/sandzakpress.net\/arhiva\/podvig-bosnjaka-nusatela-u-svicarskoj-kupili-crkvu-napravili-dzamiju\/#primaryimage"},"thumbnailUrl":"https:\/\/sandzakpress.net\/arhiva\/wp-content\/uploads\/2013\/05\/podvig-bosnjaka-nusatela-u-svicarskoj-kupili-crkvu-napravili-dzamiju.jpg","datePublished":"2013-05-22T16:05:22+00:00","dateModified":"2013-05-24T09:25:23+00:00","breadcrumb":{"@id":"https:\/\/sandzakpress.net\/arhiva\/podvig-bosnjaka-nusatela-u-svicarskoj-kupili-crkvu-napravili-dzamiju\/#breadcrumb"},"inLanguage":"bs-BA","potentialAction":[{"@type":"ReadAction","target":["https:\/\/sandzakpress.net\/arhiva\/podvig-bosnjaka-nusatela-u-svicarskoj-kupili-crkvu-napravili-dzamiju\/"]}]},{"@type":"ImageObject","inLanguage":"bs-BA","@id":"https:\/\/sandzakpress.net\/arhiva\/podvig-bosnjaka-nusatela-u-svicarskoj-kupili-crkvu-napravili-dzamiju\/#primaryimage","url":"https:\/\/sandzakpress.net\/arhiva\/wp-content\/uploads\/2013\/05\/podvig-bosnjaka-nusatela-u-svicarskoj-kupili-crkvu-napravili-dzamiju.jpg","contentUrl":"https:\/\/sandzakpress.net\/arhiva\/wp-content\/uploads\/2013\/05\/podvig-bosnjaka-nusatela-u-svicarskoj-kupili-crkvu-napravili-dzamiju.jpg","width":580,"height":435},{"@type":"BreadcrumbList","@id":"https:\/\/sandzakpress.net\/arhiva\/podvig-bosnjaka-nusatela-u-svicarskoj-kupili-crkvu-napravili-dzamiju\/#breadcrumb","itemListElement":[{"@type":"ListItem","position":1,"name":"Home","item":"https:\/\/sandzakpress.net\/arhiva\/"},{"@type":"ListItem","position":2,"name":"Podvig Bo\u0161njaka Nu\u0161atela u \u0160vicarskoj: Kupili crkvu, napravili d\u017eamiju"}]},{"@type":"WebSite","@id":"https:\/\/sandzakpress.net\/arhiva\/#website","url":"https:\/\/sandzakpress.net\/arhiva\/","name":"Sand\u017eak PRESS","description":"Prve elektronske novine u Sand\u017eaku","publisher":{"@id":"https:\/\/sandzakpress.net\/arhiva\/#\/schema\/person\/6e72b67d6e51910a1117b3b483ba20bd"},"potentialAction":[{"@type":"SearchAction","target":{"@type":"EntryPoint","urlTemplate":"https:\/\/sandzakpress.net\/arhiva\/?s={search_term_string}"},"query-input":{"@type":"PropertyValueSpecification","valueRequired":true,"valueName":"search_term_string"}}],"inLanguage":"bs-BA"},{"@type":["Person","Organization"],"@id":"https:\/\/sandzakpress.net\/arhiva\/#\/schema\/person\/6e72b67d6e51910a1117b3b483ba20bd","name":"Kul","image":{"@type":"ImageObject","inLanguage":"bs-BA","@id":"https:\/\/sandzakpress.net\/arhiva\/#\/schema\/person\/image\/","url":"https:\/\/secure.gravatar.com\/avatar\/42263f39aa27ac04c43cab85c280eb2e?s=96&d=mm&r=pg","contentUrl":"https:\/\/secure.gravatar.com\/avatar\/42263f39aa27ac04c43cab85c280eb2e?s=96&d=mm&r=pg","caption":"Kul"},"logo":{"@id":"https:\/\/sandzakpress.net\/arhiva\/#\/schema\/person\/image\/"}},{"@type":"Person","@id":"","url":"https:\/\/sandzakpress.net\/arhiva\/author\/"}]}},"_links":{"self":[{"href":"https:\/\/sandzakpress.net\/arhiva\/wp-json\/wp\/v2\/posts\/76663"}],"collection":[{"href":"https:\/\/sandzakpress.net\/arhiva\/wp-json\/wp\/v2\/posts"}],"about":[{"href":"https:\/\/sandzakpress.net\/arhiva\/wp-json\/wp\/v2\/types\/post"}],"author":[{"embeddable":true,"href":"https:\/\/sandzakpress.net\/arhiva\/wp-json\/wp\/v2\/users\/16"}],"replies":[{"embeddable":true,"href":"https:\/\/sandzakpress.net\/arhiva\/wp-json\/wp\/v2\/comments?post=76663"}],"version-history":[{"count":0,"href":"https:\/\/sandzakpress.net\/arhiva\/wp-json\/wp\/v2\/posts\/76663\/revisions"}],"wp:featuredmedia":[{"embeddable":true,"href":"https:\/\/sandzakpress.net\/arhiva\/wp-json\/wp\/v2\/media\/76664"}],"wp:attachment":[{"href":"https:\/\/sandzakpress.net\/arhiva\/wp-json\/wp\/v2\/media?parent=76663"}],"wp:term":[{"taxonomy":"category","embeddable":true,"href":"https:\/\/sandzakpress.net\/arhiva\/wp-json\/wp\/v2\/categories?post=76663"},{"taxonomy":"post_tag","embeddable":true,"href":"https:\/\/sandzakpress.net\/arhiva\/wp-json\/wp\/v2\/tags?post=76663"}],"curies":[{"name":"wp","href":"https:\/\/api.w.org\/{rel}","templated":true}]}}