{"id":76476,"date":"2013-05-20T18:58:55","date_gmt":"2013-05-20T16:58:55","guid":{"rendered":"https:\/\/sandzakpress.net\/arhiva\/?p=76476"},"modified":"2013-06-28T21:52:53","modified_gmt":"2013-06-28T19:52:53","slug":"gusinje-sukob-albanaca-i-pravoslavaca","status":"publish","type":"post","link":"https:\/\/sandzakpress.net\/arhiva\/gusinje-sukob-albanaca-i-pravoslavaca\/","title":{"rendered":"Gusinje: Sukob Albanaca i pravoslavaca"},"content":{"rendered":"<p><span><strong><a href=\"https:\/\/sandzakpress.net\/arhiva\/wp-content\/uploads\/2013\/05\/REG-martinovici-3-otac-zelj_620x0.jpg\"><img loading=\"lazy\" decoding=\"async\" class=\"alignleft size-medium wp-image-76477\" title=\"REG-martinovici-3-otac-zelj_620x0\" src=\"https:\/\/sandzakpress.net\/arhiva\/wp-content\/uploads\/2013\/05\/REG-martinovici-3-otac-zelj_620x0-300x180.jpg\" alt=\"\" width=\"300\" height=\"180\" \/><\/a>Plav &#8211; Sve\u0161tenstvo Mitropolije crnogorsko-primorske i pravoslavni vernici du\u017ee vrijeme trpe \u0161ikaniranja tamo\u0161njih Albanaca, koji su se namjerili da im zabrane obnovu crkvi\u0161ta, ali i da urede grobove najbli\u017eih. <\/strong><\/span><\/p>\n<p><span>Ba\u0161 na mjestu gde su 1941. njihovi preci, \u010dija imena su poznata i \u010dime su se potomci hvalili u Osnovnom sudu u Plavu, poru\u0161ili kamenu crkvu Svetog Vasilija Ostro\u0161kog \u010dudotvorca, sagra\u0111enu 1938. godine.<\/span><\/p>\n<p><span>Te\u017eak incident izme\u0111u Albanaca koji bi hteli da zavode red u op\u0161tini Plav i njihovih suseda pravoslavaca, pre nekoliko dana spre\u010dili su pripadnici policije iz Plava, ali, vi\u0161e nije sigurno da \u201cslede\u0107eg puta\u201d, ne\u0107e biti i posljedica.<\/span><\/p>\n<p><span>&#8211; Planirali smo da na dan Svetog Vasilija kada je slu\u017eena Bo\u017eja slu\u017eba uredimo crkvi\u0161te i groblje povr\u0161ine 23 ara. Trebalo je da radimo nekoliko dana, ali su na\u0161i susedi Albanci poku\u0161ali da sve to prekinu, \u010dak i da nas fizi\u010dki napadnu. Tvrdili su, ponovo bez osnova, da je to njihov posed &#8211; ka\u017ee jerej \u017deljan Savi\u0107.<\/span><\/p>\n<p><span>&#8211; Ulje na vatru dolivao je komunalni policajac Adem Milju\u0161. Tvrdio je da zidina crkve, odnosno temelja ku\u0107i\u0161ta, mo\u017ee biti i zidina ne\u010dije ku\u0107e. Time ne samo da je prekora\u010dio svoja ovla\u0161\u0107enja ve\u0107 i neke ljudske norme.<\/span><\/p>\n<p><span>Savi\u0107 svjedo\u010di da je me\u0161tanin Naim Preljvukaj izrekao opasne pretnje.<\/span><\/p>\n<p><span>&#8211; Nekoga \u0107u preseliti na groblje ako se nastave radovi &#8211; govorio je Preljvukaj, prema re\u010dima oca \u017deljana.<\/span><\/p>\n<div><strong>\u0160TA KA\u017dE ISTORIJA<\/strong><\/div>\n<div>POSTOJE dokumenti po kojima je 3. aprila 1902. godine, mitropolit Mitrofan Ban nalo\u017eio sve\u0161teniku gusinjskom \u0110or\u0111u \u0160ekularcu da ogradi pravoslavno groblje i mesto za crkvu, \u010dija gradnja je po\u010dela 1928, a zavr\u0161ena deset godina kasnije. Osve\u0107enje je obavio vikarni episkop budimljanski Nikolaj Jokanovi\u0107 sa sve\u0161tenstvom. Januara 1940, prema izve\u0161taju sve\u0161tenika \u0110or\u0111a, u Martinovi\u0107ima je \u017eivelo 154 Srba.<\/div>\n<p><span>Jerej nudi nesumnjive dokaze da kameni zid predstavlja ostatke crkve, jer to potvr\u0111uje oltarska apsida, mnogobrojni elementi gradnje i ostaci krsta sa nekada\u0161nje crkve.<\/span><\/p>\n<p><span>&#8211; Pokazuje to i katastarski list. Presude Osnovnog suda u Plavu, Vi\u0161eg u Bijelom Polju i Vrhovnog suda Crne Gore. Me\u0111utim, Albanci to ne priznaju kao ni katastarski posedovni list. Tvrde da je sve nelegalno &#8211; dodaje otac \u017deljan.<\/span><\/p>\n<p><span>Jerej isti\u010de da Albanci ne po\u0161tuju zakone dr\u017eave i poku\u0161avaju da sami \u201czavedu red\u201d kako njima odgovara &#8211; ru\u0161enjem ostataka zida, paljenjem kolaca za ogradu oko groblja i crkvi\u0161ta, poku\u0161ajima ometanja radova.<\/span><\/p>\n<p><span>&#8211; Nadam se da \u0107e nas dr\u017eava za\u0161tititi &#8211; ka\u017ee otac \u017deljan Savi\u0107 i dodaje da ne mo\u017ee da veruje da se na severu Crne Gore, na mjestu gde se ova dr\u017eava grani\u010di sa Albanijom, nekom uskra\u0107uje pravo da neguje svoju vjeru i pravoslavne obi\u010daje.<\/span><\/p>\n<p><span>(Novosti)<\/span><\/p>\n","protected":false},"excerpt":{"rendered":"<p>Plav &#8211; Sve\u0161tenstvo Mitropolije crnogorsko-primorske i pravoslavni vernici du\u017ee vrijeme trpe \u0161ikaniranja tamo\u0161njih Albanaca, koji su se namjerili da im zabrane obnovu crkvi\u0161ta, ali i da urede grobove najbli\u017eih. Ba\u0161 na mjestu gde su 1941. njihovi preci, \u010dija imena su poznata i \u010dime su se potomci hvalili u Osnovnom sudu u Plavu, poru\u0161ili kamenu crkvu [&hellip;]<\/p>\n","protected":false},"author":83,"featured_media":76477,"comment_status":"open","ping_status":"open","sticky":false,"template":"","format":"standard","meta":{"footnotes":""},"categories":[399,10173,801],"tags":[],"class_list":{"0":"post-76476","1":"post","2":"type-post","3":"status-publish","4":"format-standard","5":"has-post-thumbnail","7":"category-plav_","8":"category-gusinje-vase-vijesti","9":"category-crna_hronika"},"yoast_head":"<!-- This site is optimized with the Yoast SEO Premium plugin v23.1 (Yoast SEO v24.9) - https:\/\/yoast.com\/wordpress\/plugins\/seo\/ -->\n<title>Gusinje: Sukob Albanaca i pravoslavaca<\/title>\n<meta name=\"robots\" content=\"index, follow, max-snippet:-1, max-image-preview:large, max-video-preview:-1\" \/>\n<link rel=\"canonical\" href=\"https:\/\/sandzakpress.net\/arhiva\/gusinje-sukob-albanaca-i-pravoslavaca\/\" \/>\n<meta property=\"og:locale\" content=\"bs_BA\" \/>\n<meta property=\"og:type\" content=\"article\" \/>\n<meta property=\"og:title\" content=\"Gusinje: Sukob Albanaca i pravoslavaca\" \/>\n<meta property=\"og:description\" content=\"Plav &#8211; Sve\u0161tenstvo Mitropolije crnogorsko-primorske i pravoslavni vernici du\u017ee vrijeme trpe \u0161ikaniranja tamo\u0161njih Albanaca, koji su se namjerili da im zabrane obnovu crkvi\u0161ta, ali i da urede grobove najbli\u017eih. Ba\u0161 na mjestu gde su 1941. njihovi preci, \u010dija imena su poznata i \u010dime su se potomci hvalili u Osnovnom sudu u Plavu, poru\u0161ili kamenu crkvu [&hellip;]\" \/>\n<meta property=\"og:url\" content=\"https:\/\/sandzakpress.net\/arhiva\/gusinje-sukob-albanaca-i-pravoslavaca\/\" \/>\n<meta property=\"og:site_name\" content=\"Sand\u017eak PRESS\" \/>\n<meta property=\"article:published_time\" content=\"2013-05-20T16:58:55+00:00\" \/>\n<meta property=\"article:modified_time\" content=\"2013-06-28T19:52:53+00:00\" \/>\n<meta property=\"og:image\" content=\"https:\/\/sandzakpress.net\/arhiva\/wp-content\/uploads\/2013\/05\/REG-martinovici-3-otac-zelj_620x0.jpg\" \/>\n\t<meta property=\"og:image:width\" content=\"616\" \/>\n\t<meta property=\"og:image:height\" content=\"370\" \/>\n\t<meta property=\"og:image:type\" content=\"image\/jpeg\" \/>\n<meta name=\"author\" content=\"bosniak\" \/>\n<meta name=\"twitter:card\" content=\"summary_large_image\" \/>\n<meta name=\"twitter:label1\" content=\"Written by\" \/>\n\t<meta name=\"twitter:data1\" content=\"bosniak\" \/>\n\t<meta name=\"twitter:label2\" content=\"Est. reading time\" \/>\n\t<meta name=\"twitter:data2\" content=\"2 minute\" \/>\n<script type=\"application\/ld+json\" class=\"yoast-schema-graph\">{\"@context\":\"https:\/\/schema.org\",\"@graph\":[{\"@type\":\"Article\",\"@id\":\"https:\/\/sandzakpress.net\/arhiva\/gusinje-sukob-albanaca-i-pravoslavaca\/#article\",\"isPartOf\":{\"@id\":\"https:\/\/sandzakpress.net\/arhiva\/gusinje-sukob-albanaca-i-pravoslavaca\/\"},\"author\":{\"name\":\"bosniak\",\"@id\":\"https:\/\/sandzakpress.net\/arhiva\/#\/schema\/person\/c8baee722073534b583ea7bdb2e36c02\"},\"headline\":\"Gusinje: Sukob Albanaca i pravoslavaca\",\"datePublished\":\"2013-05-20T16:58:55+00:00\",\"dateModified\":\"2013-06-28T19:52:53+00:00\",\"mainEntityOfPage\":{\"@id\":\"https:\/\/sandzakpress.net\/arhiva\/gusinje-sukob-albanaca-i-pravoslavaca\/\"},\"wordCount\":484,\"commentCount\":1,\"publisher\":{\"@id\":\"https:\/\/sandzakpress.net\/arhiva\/#\/schema\/person\/6e72b67d6e51910a1117b3b483ba20bd\"},\"image\":{\"@id\":\"https:\/\/sandzakpress.net\/arhiva\/gusinje-sukob-albanaca-i-pravoslavaca\/#primaryimage\"},\"thumbnailUrl\":\"https:\/\/sandzakpress.net\/arhiva\/wp-content\/uploads\/2013\/05\/REG-martinovici-3-otac-zelj_620x0.jpg\",\"articleSection\":[\"Plav\",\"Gusinje\",\"Hronika\"],\"inLanguage\":\"bs-BA\",\"potentialAction\":[{\"@type\":\"CommentAction\",\"name\":\"Comment\",\"target\":[\"https:\/\/sandzakpress.net\/arhiva\/gusinje-sukob-albanaca-i-pravoslavaca\/#respond\"]}]},{\"@type\":\"WebPage\",\"@id\":\"https:\/\/sandzakpress.net\/arhiva\/gusinje-sukob-albanaca-i-pravoslavaca\/\",\"url\":\"https:\/\/sandzakpress.net\/arhiva\/gusinje-sukob-albanaca-i-pravoslavaca\/\",\"name\":\"Gusinje: Sukob Albanaca i pravoslavaca\",\"isPartOf\":{\"@id\":\"https:\/\/sandzakpress.net\/arhiva\/#website\"},\"primaryImageOfPage\":{\"@id\":\"https:\/\/sandzakpress.net\/arhiva\/gusinje-sukob-albanaca-i-pravoslavaca\/#primaryimage\"},\"image\":{\"@id\":\"https:\/\/sandzakpress.net\/arhiva\/gusinje-sukob-albanaca-i-pravoslavaca\/#primaryimage\"},\"thumbnailUrl\":\"https:\/\/sandzakpress.net\/arhiva\/wp-content\/uploads\/2013\/05\/REG-martinovici-3-otac-zelj_620x0.jpg\",\"datePublished\":\"2013-05-20T16:58:55+00:00\",\"dateModified\":\"2013-06-28T19:52:53+00:00\",\"breadcrumb\":{\"@id\":\"https:\/\/sandzakpress.net\/arhiva\/gusinje-sukob-albanaca-i-pravoslavaca\/#breadcrumb\"},\"inLanguage\":\"bs-BA\",\"potentialAction\":[{\"@type\":\"ReadAction\",\"target\":[\"https:\/\/sandzakpress.net\/arhiva\/gusinje-sukob-albanaca-i-pravoslavaca\/\"]}]},{\"@type\":\"ImageObject\",\"inLanguage\":\"bs-BA\",\"@id\":\"https:\/\/sandzakpress.net\/arhiva\/gusinje-sukob-albanaca-i-pravoslavaca\/#primaryimage\",\"url\":\"https:\/\/sandzakpress.net\/arhiva\/wp-content\/uploads\/2013\/05\/REG-martinovici-3-otac-zelj_620x0.jpg\",\"contentUrl\":\"https:\/\/sandzakpress.net\/arhiva\/wp-content\/uploads\/2013\/05\/REG-martinovici-3-otac-zelj_620x0.jpg\",\"width\":616,\"height\":370},{\"@type\":\"BreadcrumbList\",\"@id\":\"https:\/\/sandzakpress.net\/arhiva\/gusinje-sukob-albanaca-i-pravoslavaca\/#breadcrumb\",\"itemListElement\":[{\"@type\":\"ListItem\",\"position\":1,\"name\":\"Home\",\"item\":\"https:\/\/sandzakpress.net\/arhiva\/\"},{\"@type\":\"ListItem\",\"position\":2,\"name\":\"Gusinje: Sukob Albanaca i pravoslavaca\"}]},{\"@type\":\"WebSite\",\"@id\":\"https:\/\/sandzakpress.net\/arhiva\/#website\",\"url\":\"https:\/\/sandzakpress.net\/arhiva\/\",\"name\":\"Sand\u017eak PRESS\",\"description\":\"Prve elektronske novine u Sand\u017eaku\",\"publisher\":{\"@id\":\"https:\/\/sandzakpress.net\/arhiva\/#\/schema\/person\/6e72b67d6e51910a1117b3b483ba20bd\"},\"potentialAction\":[{\"@type\":\"SearchAction\",\"target\":{\"@type\":\"EntryPoint\",\"urlTemplate\":\"https:\/\/sandzakpress.net\/arhiva\/?s={search_term_string}\"},\"query-input\":{\"@type\":\"PropertyValueSpecification\",\"valueRequired\":true,\"valueName\":\"search_term_string\"}}],\"inLanguage\":\"bs-BA\"},{\"@type\":[\"Person\",\"Organization\"],\"@id\":\"https:\/\/sandzakpress.net\/arhiva\/#\/schema\/person\/6e72b67d6e51910a1117b3b483ba20bd\",\"name\":\"Kul\",\"image\":{\"@type\":\"ImageObject\",\"inLanguage\":\"bs-BA\",\"@id\":\"https:\/\/sandzakpress.net\/arhiva\/#\/schema\/person\/image\/\",\"url\":\"https:\/\/secure.gravatar.com\/avatar\/42263f39aa27ac04c43cab85c280eb2e?s=96&d=mm&r=pg\",\"contentUrl\":\"https:\/\/secure.gravatar.com\/avatar\/42263f39aa27ac04c43cab85c280eb2e?s=96&d=mm&r=pg\",\"caption\":\"Kul\"},\"logo\":{\"@id\":\"https:\/\/sandzakpress.net\/arhiva\/#\/schema\/person\/image\/\"}},{\"@type\":\"Person\",\"@id\":\"https:\/\/sandzakpress.net\/arhiva\/#\/schema\/person\/c8baee722073534b583ea7bdb2e36c02\",\"name\":\"bosniak\",\"image\":{\"@type\":\"ImageObject\",\"inLanguage\":\"bs-BA\",\"@id\":\"https:\/\/sandzakpress.net\/arhiva\/#\/schema\/person\/image\/\",\"url\":\"https:\/\/secure.gravatar.com\/avatar\/a04fd330bfe3a36a72a0ad4a6d89fca7?s=96&d=mm&r=pg\",\"contentUrl\":\"https:\/\/secure.gravatar.com\/avatar\/a04fd330bfe3a36a72a0ad4a6d89fca7?s=96&d=mm&r=pg\",\"caption\":\"bosniak\"},\"url\":\"https:\/\/sandzakpress.net\/arhiva\/author\/bosniak\/\"}]}<\/script>\n<!-- \/ Yoast SEO Premium plugin. -->","yoast_head_json":{"title":"Gusinje: Sukob Albanaca i pravoslavaca","robots":{"index":"index","follow":"follow","max-snippet":"max-snippet:-1","max-image-preview":"max-image-preview:large","max-video-preview":"max-video-preview:-1"},"canonical":"https:\/\/sandzakpress.net\/arhiva\/gusinje-sukob-albanaca-i-pravoslavaca\/","og_locale":"bs_BA","og_type":"article","og_title":"Gusinje: Sukob Albanaca i pravoslavaca","og_description":"Plav &#8211; Sve\u0161tenstvo Mitropolije crnogorsko-primorske i pravoslavni vernici du\u017ee vrijeme trpe \u0161ikaniranja tamo\u0161njih Albanaca, koji su se namjerili da im zabrane obnovu crkvi\u0161ta, ali i da urede grobove najbli\u017eih. Ba\u0161 na mjestu gde su 1941. njihovi preci, \u010dija imena su poznata i \u010dime su se potomci hvalili u Osnovnom sudu u Plavu, poru\u0161ili kamenu crkvu [&hellip;]","og_url":"https:\/\/sandzakpress.net\/arhiva\/gusinje-sukob-albanaca-i-pravoslavaca\/","og_site_name":"Sand\u017eak PRESS","article_published_time":"2013-05-20T16:58:55+00:00","article_modified_time":"2013-06-28T19:52:53+00:00","og_image":[{"width":616,"height":370,"url":"https:\/\/sandzakpress.net\/arhiva\/wp-content\/uploads\/2013\/05\/REG-martinovici-3-otac-zelj_620x0.jpg","type":"image\/jpeg"}],"author":"bosniak","twitter_card":"summary_large_image","twitter_misc":{"Written by":"bosniak","Est. reading time":"2 minute"},"schema":{"@context":"https:\/\/schema.org","@graph":[{"@type":"Article","@id":"https:\/\/sandzakpress.net\/arhiva\/gusinje-sukob-albanaca-i-pravoslavaca\/#article","isPartOf":{"@id":"https:\/\/sandzakpress.net\/arhiva\/gusinje-sukob-albanaca-i-pravoslavaca\/"},"author":{"name":"bosniak","@id":"https:\/\/sandzakpress.net\/arhiva\/#\/schema\/person\/c8baee722073534b583ea7bdb2e36c02"},"headline":"Gusinje: Sukob Albanaca i pravoslavaca","datePublished":"2013-05-20T16:58:55+00:00","dateModified":"2013-06-28T19:52:53+00:00","mainEntityOfPage":{"@id":"https:\/\/sandzakpress.net\/arhiva\/gusinje-sukob-albanaca-i-pravoslavaca\/"},"wordCount":484,"commentCount":1,"publisher":{"@id":"https:\/\/sandzakpress.net\/arhiva\/#\/schema\/person\/6e72b67d6e51910a1117b3b483ba20bd"},"image":{"@id":"https:\/\/sandzakpress.net\/arhiva\/gusinje-sukob-albanaca-i-pravoslavaca\/#primaryimage"},"thumbnailUrl":"https:\/\/sandzakpress.net\/arhiva\/wp-content\/uploads\/2013\/05\/REG-martinovici-3-otac-zelj_620x0.jpg","articleSection":["Plav","Gusinje","Hronika"],"inLanguage":"bs-BA","potentialAction":[{"@type":"CommentAction","name":"Comment","target":["https:\/\/sandzakpress.net\/arhiva\/gusinje-sukob-albanaca-i-pravoslavaca\/#respond"]}]},{"@type":"WebPage","@id":"https:\/\/sandzakpress.net\/arhiva\/gusinje-sukob-albanaca-i-pravoslavaca\/","url":"https:\/\/sandzakpress.net\/arhiva\/gusinje-sukob-albanaca-i-pravoslavaca\/","name":"Gusinje: Sukob Albanaca i pravoslavaca","isPartOf":{"@id":"https:\/\/sandzakpress.net\/arhiva\/#website"},"primaryImageOfPage":{"@id":"https:\/\/sandzakpress.net\/arhiva\/gusinje-sukob-albanaca-i-pravoslavaca\/#primaryimage"},"image":{"@id":"https:\/\/sandzakpress.net\/arhiva\/gusinje-sukob-albanaca-i-pravoslavaca\/#primaryimage"},"thumbnailUrl":"https:\/\/sandzakpress.net\/arhiva\/wp-content\/uploads\/2013\/05\/REG-martinovici-3-otac-zelj_620x0.jpg","datePublished":"2013-05-20T16:58:55+00:00","dateModified":"2013-06-28T19:52:53+00:00","breadcrumb":{"@id":"https:\/\/sandzakpress.net\/arhiva\/gusinje-sukob-albanaca-i-pravoslavaca\/#breadcrumb"},"inLanguage":"bs-BA","potentialAction":[{"@type":"ReadAction","target":["https:\/\/sandzakpress.net\/arhiva\/gusinje-sukob-albanaca-i-pravoslavaca\/"]}]},{"@type":"ImageObject","inLanguage":"bs-BA","@id":"https:\/\/sandzakpress.net\/arhiva\/gusinje-sukob-albanaca-i-pravoslavaca\/#primaryimage","url":"https:\/\/sandzakpress.net\/arhiva\/wp-content\/uploads\/2013\/05\/REG-martinovici-3-otac-zelj_620x0.jpg","contentUrl":"https:\/\/sandzakpress.net\/arhiva\/wp-content\/uploads\/2013\/05\/REG-martinovici-3-otac-zelj_620x0.jpg","width":616,"height":370},{"@type":"BreadcrumbList","@id":"https:\/\/sandzakpress.net\/arhiva\/gusinje-sukob-albanaca-i-pravoslavaca\/#breadcrumb","itemListElement":[{"@type":"ListItem","position":1,"name":"Home","item":"https:\/\/sandzakpress.net\/arhiva\/"},{"@type":"ListItem","position":2,"name":"Gusinje: Sukob Albanaca i pravoslavaca"}]},{"@type":"WebSite","@id":"https:\/\/sandzakpress.net\/arhiva\/#website","url":"https:\/\/sandzakpress.net\/arhiva\/","name":"Sand\u017eak PRESS","description":"Prve elektronske novine u Sand\u017eaku","publisher":{"@id":"https:\/\/sandzakpress.net\/arhiva\/#\/schema\/person\/6e72b67d6e51910a1117b3b483ba20bd"},"potentialAction":[{"@type":"SearchAction","target":{"@type":"EntryPoint","urlTemplate":"https:\/\/sandzakpress.net\/arhiva\/?s={search_term_string}"},"query-input":{"@type":"PropertyValueSpecification","valueRequired":true,"valueName":"search_term_string"}}],"inLanguage":"bs-BA"},{"@type":["Person","Organization"],"@id":"https:\/\/sandzakpress.net\/arhiva\/#\/schema\/person\/6e72b67d6e51910a1117b3b483ba20bd","name":"Kul","image":{"@type":"ImageObject","inLanguage":"bs-BA","@id":"https:\/\/sandzakpress.net\/arhiva\/#\/schema\/person\/image\/","url":"https:\/\/secure.gravatar.com\/avatar\/42263f39aa27ac04c43cab85c280eb2e?s=96&d=mm&r=pg","contentUrl":"https:\/\/secure.gravatar.com\/avatar\/42263f39aa27ac04c43cab85c280eb2e?s=96&d=mm&r=pg","caption":"Kul"},"logo":{"@id":"https:\/\/sandzakpress.net\/arhiva\/#\/schema\/person\/image\/"}},{"@type":"Person","@id":"https:\/\/sandzakpress.net\/arhiva\/#\/schema\/person\/c8baee722073534b583ea7bdb2e36c02","name":"bosniak","image":{"@type":"ImageObject","inLanguage":"bs-BA","@id":"https:\/\/sandzakpress.net\/arhiva\/#\/schema\/person\/image\/","url":"https:\/\/secure.gravatar.com\/avatar\/a04fd330bfe3a36a72a0ad4a6d89fca7?s=96&d=mm&r=pg","contentUrl":"https:\/\/secure.gravatar.com\/avatar\/a04fd330bfe3a36a72a0ad4a6d89fca7?s=96&d=mm&r=pg","caption":"bosniak"},"url":"https:\/\/sandzakpress.net\/arhiva\/author\/bosniak\/"}]}},"_links":{"self":[{"href":"https:\/\/sandzakpress.net\/arhiva\/wp-json\/wp\/v2\/posts\/76476"}],"collection":[{"href":"https:\/\/sandzakpress.net\/arhiva\/wp-json\/wp\/v2\/posts"}],"about":[{"href":"https:\/\/sandzakpress.net\/arhiva\/wp-json\/wp\/v2\/types\/post"}],"author":[{"embeddable":true,"href":"https:\/\/sandzakpress.net\/arhiva\/wp-json\/wp\/v2\/users\/83"}],"replies":[{"embeddable":true,"href":"https:\/\/sandzakpress.net\/arhiva\/wp-json\/wp\/v2\/comments?post=76476"}],"version-history":[{"count":0,"href":"https:\/\/sandzakpress.net\/arhiva\/wp-json\/wp\/v2\/posts\/76476\/revisions"}],"wp:featuredmedia":[{"embeddable":true,"href":"https:\/\/sandzakpress.net\/arhiva\/wp-json\/wp\/v2\/media\/76477"}],"wp:attachment":[{"href":"https:\/\/sandzakpress.net\/arhiva\/wp-json\/wp\/v2\/media?parent=76476"}],"wp:term":[{"taxonomy":"category","embeddable":true,"href":"https:\/\/sandzakpress.net\/arhiva\/wp-json\/wp\/v2\/categories?post=76476"},{"taxonomy":"post_tag","embeddable":true,"href":"https:\/\/sandzakpress.net\/arhiva\/wp-json\/wp\/v2\/tags?post=76476"}],"curies":[{"name":"wp","href":"https:\/\/api.w.org\/{rel}","templated":true}]}}