{"id":76411,"date":"2013-05-20T18:35:41","date_gmt":"2013-05-20T16:35:41","guid":{"rendered":"https:\/\/sandzakpress.net\/arhiva\/?p=76411"},"modified":"2013-05-20T23:00:54","modified_gmt":"2013-05-20T21:00:54","slug":"reisu-l-ulema-i-davutoglu-se-saglasili-da-ce-od-sada-brigu-za-islamsku-zajednicu-u-sandzaku-voditi-iskljucivo-rijaset-iz","status":"publish","type":"post","link":"https:\/\/sandzakpress.net\/arhiva\/reisu-l-ulema-i-davutoglu-se-saglasili-da-ce-od-sada-brigu-za-islamsku-zajednicu-u-sandzaku-voditi-iskljucivo-rijaset-iz\/","title":{"rendered":"Reisu-l-ulema i Davutoglu se saglasili da \u0107e od sada brigu za IZ u Sand\u017eaku voditi isklju\u010divo Rijaset IZuBiH"},"content":{"rendered":"<p><strong><a href=\"https:\/\/sandzakpress.net\/arhiva\/wp-content\/uploads\/2013\/05\/03.jpg\"><img loading=\"lazy\" decoding=\"async\" class=\"alignleft size-medium wp-image-76418\" title=\"03\" src=\"https:\/\/sandzakpress.net\/arhiva\/wp-content\/uploads\/2013\/05\/03-300x228.jpg\" alt=\"\" width=\"300\" height=\"228\" \/><\/a>BiH, Turska &#8211; Ministar vanjskih poslova Republike Turske Ahmet Davutoglu posjetio je reisu-l-ulemu Husein ef. Kavazovi\u0107a u njegovom uredu. Davutoglu\u00a0 govorio je afirmativno o Bosni i Bo\u0161njacima i ulozi IZ-e u unapre\u0111enju sveukupnih prilika u dr\u017eavi. U tom smislu ministar Davutoglu je obe\u0107ao svaku pomo\u0107 Republike Turske IZ-i u BiH.<\/strong><\/p>\n<p>Reisu-l-ulema Husein ef. Kavazovi\u0107 istakao je da Islamska zajednica \u00a0prolazi kroz izazove zbog \u010dinjenice da se prostire na 4 balkanske dr\u017eave ali da to istovremeno predstavlja priliku za ja\u010danje veza sa nemuslimanskim zajednicama na tlu Evrope.<\/p>\n<p>Dvojica sagovornika su se slo\u017eili da je od izuzetnog zna\u010daja mir i jedinstvo u Islamske zajednice u BiH kao i dovr\u0161etak obnove infrastrukture Islamske zajednice \u00a0na cijelom njenom podru\u010dju.\u00a0 U tom smislu, reisu-l-ulema Kavazovi\u0107 je obavijestio ministra Davutoglua da je Rijaset IZu BiH ovu, 2013. godinu, proglasio Godinom Alad\u017ee d\u017eemije.<\/p>\n<p>Reisu-l-ulema i Ministar su se dotakli stanja IZ-e u Sand\u017eaku. Iskazana je zajedni\u010dka briga i spremnost da se procesi u ovom dijelu IZ-e u BiH intenzivno prate te da \u0107e procese u stabiliziranju stanja voditi isklju\u010divo Rijaset IZ-e u BiH.<\/p>\n<p><strong><span style=\"text-decoration: underline;\">Vidi vi\u0161e:<\/span><\/strong><\/p>\n<h2><a href=\"https:\/\/sandzakpress.net\/arhiva\/ugljanin-%E2%80%9Eturska-inicijativa-je-propala-i-nadam-se-da-se-politika-vise-nece-mijesati-u-vjerska-pitanja%E2%80%9C\">Ugljanin: \u201eTurska inicijativa je propala i nadam se da se politika vi\u0161e ne\u0107e mije\u0161ati u vjerska pitanja\u201c<\/a><\/h2>\n<h2><a href=\"https:\/\/sandzakpress.net\/arhiva\/konferencija-islamskih-zajednica-zelja-nam-je-da-naredni-put-prisustvuje-i-muftija-zukorlic\">Konferencija Islamskih zajednica: \u2018\u017delja nam je da naredni put prisustvuje i muftija Zukorli\u0107\u2019<\/a><\/h2>\n<p>(Rijaset)<\/p>\n","protected":false},"excerpt":{"rendered":"<p>BiH, Turska &#8211; Ministar vanjskih poslova Republike Turske Ahmet Davutoglu posjetio je reisu-l-ulemu Husein ef. Kavazovi\u0107a u njegovom uredu. Davutoglu\u00a0 govorio je afirmativno o Bosni i Bo\u0161njacima i ulozi IZ-e u unapre\u0111enju sveukupnih prilika u dr\u017eavi. U tom smislu ministar Davutoglu je obe\u0107ao svaku pomo\u0107 Republike Turske IZ-i u BiH. Reisu-l-ulema Husein ef. Kavazovi\u0107 istakao [&hellip;]<\/p>\n","protected":false},"author":83,"featured_media":76418,"comment_status":"open","ping_status":"open","sticky":false,"template":"","format":"standard","meta":{"footnotes":""},"categories":[72,800,2860,8957,2692],"tags":[],"class_list":{"0":"post-76411","1":"post","2":"type-post","3":"status-publish","4":"format-standard","5":"has-post-thumbnail","7":"category-novi-pazar","8":"category-nacija","9":"category-bosna-i-hercegovina-gradovi","10":"category-vijesti-dana","11":"category-turska-gradovi"},"yoast_head":"<!-- This site is optimized with the Yoast SEO Premium plugin v23.1 (Yoast SEO v24.9) - https:\/\/yoast.com\/wordpress\/plugins\/seo\/ -->\n<title>Reisu-l-ulema i Davutoglu se saglasili da \u0107e od sada brigu za IZ u Sand\u017eaku voditi isklju\u010divo Rijaset IZuBiH<\/title>\n<meta name=\"robots\" content=\"index, follow, max-snippet:-1, max-image-preview:large, max-video-preview:-1\" \/>\n<link rel=\"canonical\" href=\"https:\/\/sandzakpress.net\/arhiva\/reisu-l-ulema-i-davutoglu-se-saglasili-da-ce-od-sada-brigu-za-islamsku-zajednicu-u-sandzaku-voditi-iskljucivo-rijaset-iz\/\" \/>\n<meta property=\"og:locale\" content=\"bs_BA\" \/>\n<meta property=\"og:type\" content=\"article\" \/>\n<meta property=\"og:title\" content=\"Reisu-l-ulema i Davutoglu se saglasili da \u0107e od sada brigu za IZ u Sand\u017eaku voditi isklju\u010divo Rijaset IZuBiH\" \/>\n<meta property=\"og:description\" content=\"BiH, Turska &#8211; Ministar vanjskih poslova Republike Turske Ahmet Davutoglu posjetio je reisu-l-ulemu Husein ef. Kavazovi\u0107a u njegovom uredu. Davutoglu\u00a0 govorio je afirmativno o Bosni i Bo\u0161njacima i ulozi IZ-e u unapre\u0111enju sveukupnih prilika u dr\u017eavi. U tom smislu ministar Davutoglu je obe\u0107ao svaku pomo\u0107 Republike Turske IZ-i u BiH. Reisu-l-ulema Husein ef. Kavazovi\u0107 istakao [&hellip;]\" \/>\n<meta property=\"og:url\" content=\"https:\/\/sandzakpress.net\/arhiva\/reisu-l-ulema-i-davutoglu-se-saglasili-da-ce-od-sada-brigu-za-islamsku-zajednicu-u-sandzaku-voditi-iskljucivo-rijaset-iz\/\" \/>\n<meta property=\"og:site_name\" content=\"Sand\u017eak PRESS\" \/>\n<meta property=\"article:published_time\" content=\"2013-05-20T16:35:41+00:00\" \/>\n<meta property=\"article:modified_time\" content=\"2013-05-20T21:00:54+00:00\" \/>\n<meta property=\"og:image\" content=\"https:\/\/sandzakpress.net\/arhiva\/wp-content\/uploads\/2013\/05\/03.jpg\" \/>\n\t<meta property=\"og:image:width\" content=\"604\" \/>\n\t<meta property=\"og:image:height\" content=\"461\" \/>\n\t<meta property=\"og:image:type\" content=\"image\/jpeg\" \/>\n<meta name=\"author\" content=\"bosniak\" \/>\n<meta name=\"twitter:card\" content=\"summary_large_image\" \/>\n<meta name=\"twitter:label1\" content=\"Written by\" \/>\n\t<meta name=\"twitter:data1\" content=\"bosniak\" \/>\n\t<meta name=\"twitter:label2\" content=\"Est. reading time\" \/>\n\t<meta name=\"twitter:data2\" content=\"1 minuta\" \/>\n<script type=\"application\/ld+json\" class=\"yoast-schema-graph\">{\"@context\":\"https:\/\/schema.org\",\"@graph\":[{\"@type\":\"Article\",\"@id\":\"https:\/\/sandzakpress.net\/arhiva\/reisu-l-ulema-i-davutoglu-se-saglasili-da-ce-od-sada-brigu-za-islamsku-zajednicu-u-sandzaku-voditi-iskljucivo-rijaset-iz\/#article\",\"isPartOf\":{\"@id\":\"https:\/\/sandzakpress.net\/arhiva\/reisu-l-ulema-i-davutoglu-se-saglasili-da-ce-od-sada-brigu-za-islamsku-zajednicu-u-sandzaku-voditi-iskljucivo-rijaset-iz\/\"},\"author\":{\"name\":\"bosniak\",\"@id\":\"https:\/\/sandzakpress.net\/arhiva\/#\/schema\/person\/c8baee722073534b583ea7bdb2e36c02\"},\"headline\":\"Reisu-l-ulema i Davutoglu se saglasili da \u0107e od sada brigu za IZ u Sand\u017eaku voditi isklju\u010divo Rijaset IZuBiH\",\"datePublished\":\"2013-05-20T16:35:41+00:00\",\"dateModified\":\"2013-05-20T21:00:54+00:00\",\"mainEntityOfPage\":{\"@id\":\"https:\/\/sandzakpress.net\/arhiva\/reisu-l-ulema-i-davutoglu-se-saglasili-da-ce-od-sada-brigu-za-islamsku-zajednicu-u-sandzaku-voditi-iskljucivo-rijaset-iz\/\"},\"wordCount\":247,\"commentCount\":5,\"publisher\":{\"@id\":\"https:\/\/sandzakpress.net\/arhiva\/#\/schema\/person\/6e72b67d6e51910a1117b3b483ba20bd\"},\"image\":{\"@id\":\"https:\/\/sandzakpress.net\/arhiva\/reisu-l-ulema-i-davutoglu-se-saglasili-da-ce-od-sada-brigu-za-islamsku-zajednicu-u-sandzaku-voditi-iskljucivo-rijaset-iz\/#primaryimage\"},\"thumbnailUrl\":\"https:\/\/sandzakpress.net\/arhiva\/wp-content\/uploads\/2013\/05\/03.jpg\",\"articleSection\":[\"Novi Pazar\",\"Nacija\",\"Bosna i Hercegovina\",\"VIJESTI DANA\",\"Turska\"],\"inLanguage\":\"bs-BA\",\"potentialAction\":[{\"@type\":\"CommentAction\",\"name\":\"Comment\",\"target\":[\"https:\/\/sandzakpress.net\/arhiva\/reisu-l-ulema-i-davutoglu-se-saglasili-da-ce-od-sada-brigu-za-islamsku-zajednicu-u-sandzaku-voditi-iskljucivo-rijaset-iz\/#respond\"]}]},{\"@type\":\"WebPage\",\"@id\":\"https:\/\/sandzakpress.net\/arhiva\/reisu-l-ulema-i-davutoglu-se-saglasili-da-ce-od-sada-brigu-za-islamsku-zajednicu-u-sandzaku-voditi-iskljucivo-rijaset-iz\/\",\"url\":\"https:\/\/sandzakpress.net\/arhiva\/reisu-l-ulema-i-davutoglu-se-saglasili-da-ce-od-sada-brigu-za-islamsku-zajednicu-u-sandzaku-voditi-iskljucivo-rijaset-iz\/\",\"name\":\"Reisu-l-ulema i Davutoglu se saglasili da \u0107e od sada brigu za IZ u Sand\u017eaku voditi isklju\u010divo Rijaset IZuBiH\",\"isPartOf\":{\"@id\":\"https:\/\/sandzakpress.net\/arhiva\/#website\"},\"primaryImageOfPage\":{\"@id\":\"https:\/\/sandzakpress.net\/arhiva\/reisu-l-ulema-i-davutoglu-se-saglasili-da-ce-od-sada-brigu-za-islamsku-zajednicu-u-sandzaku-voditi-iskljucivo-rijaset-iz\/#primaryimage\"},\"image\":{\"@id\":\"https:\/\/sandzakpress.net\/arhiva\/reisu-l-ulema-i-davutoglu-se-saglasili-da-ce-od-sada-brigu-za-islamsku-zajednicu-u-sandzaku-voditi-iskljucivo-rijaset-iz\/#primaryimage\"},\"thumbnailUrl\":\"https:\/\/sandzakpress.net\/arhiva\/wp-content\/uploads\/2013\/05\/03.jpg\",\"datePublished\":\"2013-05-20T16:35:41+00:00\",\"dateModified\":\"2013-05-20T21:00:54+00:00\",\"breadcrumb\":{\"@id\":\"https:\/\/sandzakpress.net\/arhiva\/reisu-l-ulema-i-davutoglu-se-saglasili-da-ce-od-sada-brigu-za-islamsku-zajednicu-u-sandzaku-voditi-iskljucivo-rijaset-iz\/#breadcrumb\"},\"inLanguage\":\"bs-BA\",\"potentialAction\":[{\"@type\":\"ReadAction\",\"target\":[\"https:\/\/sandzakpress.net\/arhiva\/reisu-l-ulema-i-davutoglu-se-saglasili-da-ce-od-sada-brigu-za-islamsku-zajednicu-u-sandzaku-voditi-iskljucivo-rijaset-iz\/\"]}]},{\"@type\":\"ImageObject\",\"inLanguage\":\"bs-BA\",\"@id\":\"https:\/\/sandzakpress.net\/arhiva\/reisu-l-ulema-i-davutoglu-se-saglasili-da-ce-od-sada-brigu-za-islamsku-zajednicu-u-sandzaku-voditi-iskljucivo-rijaset-iz\/#primaryimage\",\"url\":\"https:\/\/sandzakpress.net\/arhiva\/wp-content\/uploads\/2013\/05\/03.jpg\",\"contentUrl\":\"https:\/\/sandzakpress.net\/arhiva\/wp-content\/uploads\/2013\/05\/03.jpg\",\"width\":604,\"height\":461},{\"@type\":\"BreadcrumbList\",\"@id\":\"https:\/\/sandzakpress.net\/arhiva\/reisu-l-ulema-i-davutoglu-se-saglasili-da-ce-od-sada-brigu-za-islamsku-zajednicu-u-sandzaku-voditi-iskljucivo-rijaset-iz\/#breadcrumb\",\"itemListElement\":[{\"@type\":\"ListItem\",\"position\":1,\"name\":\"Home\",\"item\":\"https:\/\/sandzakpress.net\/arhiva\/\"},{\"@type\":\"ListItem\",\"position\":2,\"name\":\"Reisu-l-ulema i Davutoglu se saglasili da \u0107e od sada brigu za IZ u Sand\u017eaku voditi isklju\u010divo Rijaset IZuBiH\"}]},{\"@type\":\"WebSite\",\"@id\":\"https:\/\/sandzakpress.net\/arhiva\/#website\",\"url\":\"https:\/\/sandzakpress.net\/arhiva\/\",\"name\":\"Sand\u017eak PRESS\",\"description\":\"Prve elektronske novine u Sand\u017eaku\",\"publisher\":{\"@id\":\"https:\/\/sandzakpress.net\/arhiva\/#\/schema\/person\/6e72b67d6e51910a1117b3b483ba20bd\"},\"potentialAction\":[{\"@type\":\"SearchAction\",\"target\":{\"@type\":\"EntryPoint\",\"urlTemplate\":\"https:\/\/sandzakpress.net\/arhiva\/?s={search_term_string}\"},\"query-input\":{\"@type\":\"PropertyValueSpecification\",\"valueRequired\":true,\"valueName\":\"search_term_string\"}}],\"inLanguage\":\"bs-BA\"},{\"@type\":[\"Person\",\"Organization\"],\"@id\":\"https:\/\/sandzakpress.net\/arhiva\/#\/schema\/person\/6e72b67d6e51910a1117b3b483ba20bd\",\"name\":\"Kul\",\"image\":{\"@type\":\"ImageObject\",\"inLanguage\":\"bs-BA\",\"@id\":\"https:\/\/sandzakpress.net\/arhiva\/#\/schema\/person\/image\/\",\"url\":\"https:\/\/secure.gravatar.com\/avatar\/42263f39aa27ac04c43cab85c280eb2e?s=96&d=mm&r=pg\",\"contentUrl\":\"https:\/\/secure.gravatar.com\/avatar\/42263f39aa27ac04c43cab85c280eb2e?s=96&d=mm&r=pg\",\"caption\":\"Kul\"},\"logo\":{\"@id\":\"https:\/\/sandzakpress.net\/arhiva\/#\/schema\/person\/image\/\"}},{\"@type\":\"Person\",\"@id\":\"https:\/\/sandzakpress.net\/arhiva\/#\/schema\/person\/c8baee722073534b583ea7bdb2e36c02\",\"name\":\"bosniak\",\"image\":{\"@type\":\"ImageObject\",\"inLanguage\":\"bs-BA\",\"@id\":\"https:\/\/sandzakpress.net\/arhiva\/#\/schema\/person\/image\/\",\"url\":\"https:\/\/secure.gravatar.com\/avatar\/a04fd330bfe3a36a72a0ad4a6d89fca7?s=96&d=mm&r=pg\",\"contentUrl\":\"https:\/\/secure.gravatar.com\/avatar\/a04fd330bfe3a36a72a0ad4a6d89fca7?s=96&d=mm&r=pg\",\"caption\":\"bosniak\"},\"url\":\"https:\/\/sandzakpress.net\/arhiva\/author\/bosniak\/\"}]}<\/script>\n<!-- \/ Yoast SEO Premium plugin. -->","yoast_head_json":{"title":"Reisu-l-ulema i Davutoglu se saglasili da \u0107e od sada brigu za IZ u Sand\u017eaku voditi isklju\u010divo Rijaset IZuBiH","robots":{"index":"index","follow":"follow","max-snippet":"max-snippet:-1","max-image-preview":"max-image-preview:large","max-video-preview":"max-video-preview:-1"},"canonical":"https:\/\/sandzakpress.net\/arhiva\/reisu-l-ulema-i-davutoglu-se-saglasili-da-ce-od-sada-brigu-za-islamsku-zajednicu-u-sandzaku-voditi-iskljucivo-rijaset-iz\/","og_locale":"bs_BA","og_type":"article","og_title":"Reisu-l-ulema i Davutoglu se saglasili da \u0107e od sada brigu za IZ u Sand\u017eaku voditi isklju\u010divo Rijaset IZuBiH","og_description":"BiH, Turska &#8211; Ministar vanjskih poslova Republike Turske Ahmet Davutoglu posjetio je reisu-l-ulemu Husein ef. Kavazovi\u0107a u njegovom uredu. Davutoglu\u00a0 govorio je afirmativno o Bosni i Bo\u0161njacima i ulozi IZ-e u unapre\u0111enju sveukupnih prilika u dr\u017eavi. U tom smislu ministar Davutoglu je obe\u0107ao svaku pomo\u0107 Republike Turske IZ-i u BiH. Reisu-l-ulema Husein ef. Kavazovi\u0107 istakao [&hellip;]","og_url":"https:\/\/sandzakpress.net\/arhiva\/reisu-l-ulema-i-davutoglu-se-saglasili-da-ce-od-sada-brigu-za-islamsku-zajednicu-u-sandzaku-voditi-iskljucivo-rijaset-iz\/","og_site_name":"Sand\u017eak PRESS","article_published_time":"2013-05-20T16:35:41+00:00","article_modified_time":"2013-05-20T21:00:54+00:00","og_image":[{"width":604,"height":461,"url":"https:\/\/sandzakpress.net\/arhiva\/wp-content\/uploads\/2013\/05\/03.jpg","type":"image\/jpeg"}],"author":"bosniak","twitter_card":"summary_large_image","twitter_misc":{"Written by":"bosniak","Est. reading time":"1 minuta"},"schema":{"@context":"https:\/\/schema.org","@graph":[{"@type":"Article","@id":"https:\/\/sandzakpress.net\/arhiva\/reisu-l-ulema-i-davutoglu-se-saglasili-da-ce-od-sada-brigu-za-islamsku-zajednicu-u-sandzaku-voditi-iskljucivo-rijaset-iz\/#article","isPartOf":{"@id":"https:\/\/sandzakpress.net\/arhiva\/reisu-l-ulema-i-davutoglu-se-saglasili-da-ce-od-sada-brigu-za-islamsku-zajednicu-u-sandzaku-voditi-iskljucivo-rijaset-iz\/"},"author":{"name":"bosniak","@id":"https:\/\/sandzakpress.net\/arhiva\/#\/schema\/person\/c8baee722073534b583ea7bdb2e36c02"},"headline":"Reisu-l-ulema i Davutoglu se saglasili da \u0107e od sada brigu za IZ u Sand\u017eaku voditi isklju\u010divo Rijaset IZuBiH","datePublished":"2013-05-20T16:35:41+00:00","dateModified":"2013-05-20T21:00:54+00:00","mainEntityOfPage":{"@id":"https:\/\/sandzakpress.net\/arhiva\/reisu-l-ulema-i-davutoglu-se-saglasili-da-ce-od-sada-brigu-za-islamsku-zajednicu-u-sandzaku-voditi-iskljucivo-rijaset-iz\/"},"wordCount":247,"commentCount":5,"publisher":{"@id":"https:\/\/sandzakpress.net\/arhiva\/#\/schema\/person\/6e72b67d6e51910a1117b3b483ba20bd"},"image":{"@id":"https:\/\/sandzakpress.net\/arhiva\/reisu-l-ulema-i-davutoglu-se-saglasili-da-ce-od-sada-brigu-za-islamsku-zajednicu-u-sandzaku-voditi-iskljucivo-rijaset-iz\/#primaryimage"},"thumbnailUrl":"https:\/\/sandzakpress.net\/arhiva\/wp-content\/uploads\/2013\/05\/03.jpg","articleSection":["Novi Pazar","Nacija","Bosna i Hercegovina","VIJESTI DANA","Turska"],"inLanguage":"bs-BA","potentialAction":[{"@type":"CommentAction","name":"Comment","target":["https:\/\/sandzakpress.net\/arhiva\/reisu-l-ulema-i-davutoglu-se-saglasili-da-ce-od-sada-brigu-za-islamsku-zajednicu-u-sandzaku-voditi-iskljucivo-rijaset-iz\/#respond"]}]},{"@type":"WebPage","@id":"https:\/\/sandzakpress.net\/arhiva\/reisu-l-ulema-i-davutoglu-se-saglasili-da-ce-od-sada-brigu-za-islamsku-zajednicu-u-sandzaku-voditi-iskljucivo-rijaset-iz\/","url":"https:\/\/sandzakpress.net\/arhiva\/reisu-l-ulema-i-davutoglu-se-saglasili-da-ce-od-sada-brigu-za-islamsku-zajednicu-u-sandzaku-voditi-iskljucivo-rijaset-iz\/","name":"Reisu-l-ulema i Davutoglu se saglasili da \u0107e od sada brigu za IZ u Sand\u017eaku voditi isklju\u010divo Rijaset IZuBiH","isPartOf":{"@id":"https:\/\/sandzakpress.net\/arhiva\/#website"},"primaryImageOfPage":{"@id":"https:\/\/sandzakpress.net\/arhiva\/reisu-l-ulema-i-davutoglu-se-saglasili-da-ce-od-sada-brigu-za-islamsku-zajednicu-u-sandzaku-voditi-iskljucivo-rijaset-iz\/#primaryimage"},"image":{"@id":"https:\/\/sandzakpress.net\/arhiva\/reisu-l-ulema-i-davutoglu-se-saglasili-da-ce-od-sada-brigu-za-islamsku-zajednicu-u-sandzaku-voditi-iskljucivo-rijaset-iz\/#primaryimage"},"thumbnailUrl":"https:\/\/sandzakpress.net\/arhiva\/wp-content\/uploads\/2013\/05\/03.jpg","datePublished":"2013-05-20T16:35:41+00:00","dateModified":"2013-05-20T21:00:54+00:00","breadcrumb":{"@id":"https:\/\/sandzakpress.net\/arhiva\/reisu-l-ulema-i-davutoglu-se-saglasili-da-ce-od-sada-brigu-za-islamsku-zajednicu-u-sandzaku-voditi-iskljucivo-rijaset-iz\/#breadcrumb"},"inLanguage":"bs-BA","potentialAction":[{"@type":"ReadAction","target":["https:\/\/sandzakpress.net\/arhiva\/reisu-l-ulema-i-davutoglu-se-saglasili-da-ce-od-sada-brigu-za-islamsku-zajednicu-u-sandzaku-voditi-iskljucivo-rijaset-iz\/"]}]},{"@type":"ImageObject","inLanguage":"bs-BA","@id":"https:\/\/sandzakpress.net\/arhiva\/reisu-l-ulema-i-davutoglu-se-saglasili-da-ce-od-sada-brigu-za-islamsku-zajednicu-u-sandzaku-voditi-iskljucivo-rijaset-iz\/#primaryimage","url":"https:\/\/sandzakpress.net\/arhiva\/wp-content\/uploads\/2013\/05\/03.jpg","contentUrl":"https:\/\/sandzakpress.net\/arhiva\/wp-content\/uploads\/2013\/05\/03.jpg","width":604,"height":461},{"@type":"BreadcrumbList","@id":"https:\/\/sandzakpress.net\/arhiva\/reisu-l-ulema-i-davutoglu-se-saglasili-da-ce-od-sada-brigu-za-islamsku-zajednicu-u-sandzaku-voditi-iskljucivo-rijaset-iz\/#breadcrumb","itemListElement":[{"@type":"ListItem","position":1,"name":"Home","item":"https:\/\/sandzakpress.net\/arhiva\/"},{"@type":"ListItem","position":2,"name":"Reisu-l-ulema i Davutoglu se saglasili da \u0107e od sada brigu za IZ u Sand\u017eaku voditi isklju\u010divo Rijaset IZuBiH"}]},{"@type":"WebSite","@id":"https:\/\/sandzakpress.net\/arhiva\/#website","url":"https:\/\/sandzakpress.net\/arhiva\/","name":"Sand\u017eak PRESS","description":"Prve elektronske novine u Sand\u017eaku","publisher":{"@id":"https:\/\/sandzakpress.net\/arhiva\/#\/schema\/person\/6e72b67d6e51910a1117b3b483ba20bd"},"potentialAction":[{"@type":"SearchAction","target":{"@type":"EntryPoint","urlTemplate":"https:\/\/sandzakpress.net\/arhiva\/?s={search_term_string}"},"query-input":{"@type":"PropertyValueSpecification","valueRequired":true,"valueName":"search_term_string"}}],"inLanguage":"bs-BA"},{"@type":["Person","Organization"],"@id":"https:\/\/sandzakpress.net\/arhiva\/#\/schema\/person\/6e72b67d6e51910a1117b3b483ba20bd","name":"Kul","image":{"@type":"ImageObject","inLanguage":"bs-BA","@id":"https:\/\/sandzakpress.net\/arhiva\/#\/schema\/person\/image\/","url":"https:\/\/secure.gravatar.com\/avatar\/42263f39aa27ac04c43cab85c280eb2e?s=96&d=mm&r=pg","contentUrl":"https:\/\/secure.gravatar.com\/avatar\/42263f39aa27ac04c43cab85c280eb2e?s=96&d=mm&r=pg","caption":"Kul"},"logo":{"@id":"https:\/\/sandzakpress.net\/arhiva\/#\/schema\/person\/image\/"}},{"@type":"Person","@id":"https:\/\/sandzakpress.net\/arhiva\/#\/schema\/person\/c8baee722073534b583ea7bdb2e36c02","name":"bosniak","image":{"@type":"ImageObject","inLanguage":"bs-BA","@id":"https:\/\/sandzakpress.net\/arhiva\/#\/schema\/person\/image\/","url":"https:\/\/secure.gravatar.com\/avatar\/a04fd330bfe3a36a72a0ad4a6d89fca7?s=96&d=mm&r=pg","contentUrl":"https:\/\/secure.gravatar.com\/avatar\/a04fd330bfe3a36a72a0ad4a6d89fca7?s=96&d=mm&r=pg","caption":"bosniak"},"url":"https:\/\/sandzakpress.net\/arhiva\/author\/bosniak\/"}]}},"_links":{"self":[{"href":"https:\/\/sandzakpress.net\/arhiva\/wp-json\/wp\/v2\/posts\/76411"}],"collection":[{"href":"https:\/\/sandzakpress.net\/arhiva\/wp-json\/wp\/v2\/posts"}],"about":[{"href":"https:\/\/sandzakpress.net\/arhiva\/wp-json\/wp\/v2\/types\/post"}],"author":[{"embeddable":true,"href":"https:\/\/sandzakpress.net\/arhiva\/wp-json\/wp\/v2\/users\/83"}],"replies":[{"embeddable":true,"href":"https:\/\/sandzakpress.net\/arhiva\/wp-json\/wp\/v2\/comments?post=76411"}],"version-history":[{"count":0,"href":"https:\/\/sandzakpress.net\/arhiva\/wp-json\/wp\/v2\/posts\/76411\/revisions"}],"wp:featuredmedia":[{"embeddable":true,"href":"https:\/\/sandzakpress.net\/arhiva\/wp-json\/wp\/v2\/media\/76418"}],"wp:attachment":[{"href":"https:\/\/sandzakpress.net\/arhiva\/wp-json\/wp\/v2\/media?parent=76411"}],"wp:term":[{"taxonomy":"category","embeddable":true,"href":"https:\/\/sandzakpress.net\/arhiva\/wp-json\/wp\/v2\/categories?post=76411"},{"taxonomy":"post_tag","embeddable":true,"href":"https:\/\/sandzakpress.net\/arhiva\/wp-json\/wp\/v2\/tags?post=76411"}],"curies":[{"name":"wp","href":"https:\/\/api.w.org\/{rel}","templated":true}]}}