{"id":7623,"date":"2010-09-06T04:06:06","date_gmt":"2010-09-06T04:06:06","guid":{"rendered":"https:\/\/sandzakpress.net\/arhiva\/?p=7623"},"modified":"2010-09-06T04:06:06","modified_gmt":"2010-09-06T04:06:06","slug":"svaki-napad-na-iran-zavrsit-ce-unistenjem-izraela","status":"publish","type":"post","link":"https:\/\/sandzakpress.net\/arhiva\/svaki-napad-na-iran-zavrsit-ce-unistenjem-izraela\/","title":{"rendered":"Svaki napad na Iran zavr\u0161it \u0107e uni\u0161tenjem Izraela"},"content":{"rendered":"<p><strong><a href=\"https:\/\/sandzakpress.net\/arhiva\/wp-content\/uploads\/2010\/09\/mahmoud_ahmadinejad-11.jpg\"><img loading=\"lazy\" decoding=\"async\" class=\"alignleft size-full wp-image-7624\" title=\"mahmoud_ahmadinejad (1)\" src=\"https:\/\/sandzakpress.net\/arhiva\/wp-content\/uploads\/2010\/09\/mahmoud_ahmadinejad-11.jpg\" alt=\"\" width=\"180\" height=\"220\" \/><\/a>Iran, Palestina &#8211; Iranski predsjednik Mahmoud Ahmadinejad upozorio je u nedjelju da bi se svaki napad na njegovu zemlju zavr\u0161io &#8220;uni\u0161tenjem&#8221; Izraela, u izjavi u Dohi, gdje je doputovao u kratku posjetu.<\/strong><\/p>\n<p>&#8220;Svaki \u010din napada na Iran imao bi za posljedicu uni\u0161tenje cionisti\u010dkog re\u017eima (Izraela)&#8221;, rekao je novinarima iranski predsjednik koji se treba sastati s katarskim emirom, \u0161eikom Hamadom bin Khalifom al-Thanijem.<\/p>\n<p>Iranski re\u017eim, zakleti neprijatelj Izraela, kojem redovito prijeti uni\u0161tenjem, podr\u017eava islamisti\u010dki pokret Hamas koji je na vlasti u Pojasu Gaze i protivi se bilo kakvoj nagodbi sa \u017eidovskom dr\u017eavom.<\/p>\n<p>Izrael nikada nije isklju\u010dio vojno rje\u0161enje u iranskom nuklearnom pitanju, prenijela je Hina. Zapadne zemlje i Izrael sumnjaju da Teheran pod izlikom miroljubivog programa \u017eeli proizvesti atomsko oru\u017eje, \u0161to Iran opovrgava.<\/p>\n<p>Izvor:\u00a0 <strong>IslamBosna.ba<\/strong><\/p>\n","protected":false},"excerpt":{"rendered":"<p>Iran, Palestina &#8211; Iranski predsjednik Mahmoud Ahmadinejad upozorio je u nedjelju da bi se svaki napad na njegovu zemlju zavr\u0161io &#8220;uni\u0161tenjem&#8221; Izraela, u izjavi u Dohi, gdje je doputovao u kratku posjetu. &#8220;Svaki \u010din napada na Iran imao bi za posljedicu uni\u0161tenje cionisti\u010dkog re\u017eima (Izraela)&#8221;, rekao je novinarima iranski predsjednik koji se treba sastati s [&hellip;]<\/p>\n","protected":false},"author":83,"featured_media":7624,"comment_status":"open","ping_status":"open","sticky":false,"template":"","format":"standard","meta":{"footnotes":""},"categories":[9],"tags":[],"class_list":{"0":"post-7623","1":"post","2":"type-post","3":"status-publish","4":"format-standard","5":"has-post-thumbnail","7":"category-svijet"},"yoast_head":"<!-- This site is optimized with the Yoast SEO Premium plugin v23.1 (Yoast SEO v24.9) - https:\/\/yoast.com\/wordpress\/plugins\/seo\/ -->\n<title>Svaki napad na Iran zavr\u0161it \u0107e uni\u0161tenjem Izraela<\/title>\n<meta name=\"robots\" content=\"index, follow, max-snippet:-1, max-image-preview:large, max-video-preview:-1\" \/>\n<link rel=\"canonical\" href=\"https:\/\/sandzakpress.net\/arhiva\/svaki-napad-na-iran-zavrsit-ce-unistenjem-izraela\/\" \/>\n<meta property=\"og:locale\" content=\"bs_BA\" \/>\n<meta property=\"og:type\" content=\"article\" \/>\n<meta property=\"og:title\" content=\"Svaki napad na Iran zavr\u0161it \u0107e uni\u0161tenjem Izraela\" \/>\n<meta property=\"og:description\" content=\"Iran, Palestina &#8211; Iranski predsjednik Mahmoud Ahmadinejad upozorio je u nedjelju da bi se svaki napad na njegovu zemlju zavr\u0161io &#8220;uni\u0161tenjem&#8221; Izraela, u izjavi u Dohi, gdje je doputovao u kratku posjetu. &#8220;Svaki \u010din napada na Iran imao bi za posljedicu uni\u0161tenje cionisti\u010dkog re\u017eima (Izraela)&#8221;, rekao je novinarima iranski predsjednik koji se treba sastati s [&hellip;]\" \/>\n<meta property=\"og:url\" content=\"https:\/\/sandzakpress.net\/arhiva\/svaki-napad-na-iran-zavrsit-ce-unistenjem-izraela\/\" \/>\n<meta property=\"og:site_name\" content=\"Sand\u017eak PRESS\" \/>\n<meta property=\"article:published_time\" content=\"2010-09-06T04:06:06+00:00\" \/>\n<meta property=\"og:image\" content=\"https:\/\/sandzakpress.net\/arhiva\/wp-content\/uploads\/2010\/09\/mahmoud_ahmadinejad-11.jpg\" \/>\n\t<meta property=\"og:image:width\" content=\"180\" \/>\n\t<meta property=\"og:image:height\" content=\"220\" \/>\n\t<meta property=\"og:image:type\" content=\"image\/jpeg\" \/>\n<meta name=\"author\" content=\"bosniak\" \/>\n<meta name=\"twitter:card\" content=\"summary_large_image\" \/>\n<meta name=\"twitter:label1\" content=\"Written by\" \/>\n\t<meta name=\"twitter:data1\" content=\"bosniak\" \/>\n\t<meta name=\"twitter:label2\" content=\"Est. reading time\" \/>\n\t<meta name=\"twitter:data2\" content=\"1 minuta\" \/>\n<script type=\"application\/ld+json\" class=\"yoast-schema-graph\">{\"@context\":\"https:\/\/schema.org\",\"@graph\":[{\"@type\":\"Article\",\"@id\":\"https:\/\/sandzakpress.net\/arhiva\/svaki-napad-na-iran-zavrsit-ce-unistenjem-izraela\/#article\",\"isPartOf\":{\"@id\":\"https:\/\/sandzakpress.net\/arhiva\/svaki-napad-na-iran-zavrsit-ce-unistenjem-izraela\/\"},\"author\":{\"name\":\"bosniak\",\"@id\":\"https:\/\/sandzakpress.net\/arhiva\/#\/schema\/person\/c8baee722073534b583ea7bdb2e36c02\"},\"headline\":\"Svaki napad na Iran zavr\u0161it \u0107e uni\u0161tenjem Izraela\",\"datePublished\":\"2010-09-06T04:06:06+00:00\",\"mainEntityOfPage\":{\"@id\":\"https:\/\/sandzakpress.net\/arhiva\/svaki-napad-na-iran-zavrsit-ce-unistenjem-izraela\/\"},\"wordCount\":148,\"commentCount\":0,\"publisher\":{\"@id\":\"https:\/\/sandzakpress.net\/arhiva\/#\/schema\/person\/6e72b67d6e51910a1117b3b483ba20bd\"},\"image\":{\"@id\":\"https:\/\/sandzakpress.net\/arhiva\/svaki-napad-na-iran-zavrsit-ce-unistenjem-izraela\/#primaryimage\"},\"thumbnailUrl\":\"https:\/\/sandzakpress.net\/arhiva\/wp-content\/uploads\/2010\/09\/mahmoud_ahmadinejad-11.jpg\",\"articleSection\":[\"Svijet\"],\"inLanguage\":\"bs-BA\",\"potentialAction\":[{\"@type\":\"CommentAction\",\"name\":\"Comment\",\"target\":[\"https:\/\/sandzakpress.net\/arhiva\/svaki-napad-na-iran-zavrsit-ce-unistenjem-izraela\/#respond\"]}]},{\"@type\":\"WebPage\",\"@id\":\"https:\/\/sandzakpress.net\/arhiva\/svaki-napad-na-iran-zavrsit-ce-unistenjem-izraela\/\",\"url\":\"https:\/\/sandzakpress.net\/arhiva\/svaki-napad-na-iran-zavrsit-ce-unistenjem-izraela\/\",\"name\":\"Svaki napad na Iran zavr\u0161it \u0107e uni\u0161tenjem Izraela\",\"isPartOf\":{\"@id\":\"https:\/\/sandzakpress.net\/arhiva\/#website\"},\"primaryImageOfPage\":{\"@id\":\"https:\/\/sandzakpress.net\/arhiva\/svaki-napad-na-iran-zavrsit-ce-unistenjem-izraela\/#primaryimage\"},\"image\":{\"@id\":\"https:\/\/sandzakpress.net\/arhiva\/svaki-napad-na-iran-zavrsit-ce-unistenjem-izraela\/#primaryimage\"},\"thumbnailUrl\":\"https:\/\/sandzakpress.net\/arhiva\/wp-content\/uploads\/2010\/09\/mahmoud_ahmadinejad-11.jpg\",\"datePublished\":\"2010-09-06T04:06:06+00:00\",\"breadcrumb\":{\"@id\":\"https:\/\/sandzakpress.net\/arhiva\/svaki-napad-na-iran-zavrsit-ce-unistenjem-izraela\/#breadcrumb\"},\"inLanguage\":\"bs-BA\",\"potentialAction\":[{\"@type\":\"ReadAction\",\"target\":[\"https:\/\/sandzakpress.net\/arhiva\/svaki-napad-na-iran-zavrsit-ce-unistenjem-izraela\/\"]}]},{\"@type\":\"ImageObject\",\"inLanguage\":\"bs-BA\",\"@id\":\"https:\/\/sandzakpress.net\/arhiva\/svaki-napad-na-iran-zavrsit-ce-unistenjem-izraela\/#primaryimage\",\"url\":\"https:\/\/sandzakpress.net\/arhiva\/wp-content\/uploads\/2010\/09\/mahmoud_ahmadinejad-11.jpg\",\"contentUrl\":\"https:\/\/sandzakpress.net\/arhiva\/wp-content\/uploads\/2010\/09\/mahmoud_ahmadinejad-11.jpg\",\"width\":180,\"height\":220},{\"@type\":\"BreadcrumbList\",\"@id\":\"https:\/\/sandzakpress.net\/arhiva\/svaki-napad-na-iran-zavrsit-ce-unistenjem-izraela\/#breadcrumb\",\"itemListElement\":[{\"@type\":\"ListItem\",\"position\":1,\"name\":\"Home\",\"item\":\"https:\/\/sandzakpress.net\/arhiva\/\"},{\"@type\":\"ListItem\",\"position\":2,\"name\":\"Svaki napad na Iran zavr\u0161it \u0107e uni\u0161tenjem Izraela\"}]},{\"@type\":\"WebSite\",\"@id\":\"https:\/\/sandzakpress.net\/arhiva\/#website\",\"url\":\"https:\/\/sandzakpress.net\/arhiva\/\",\"name\":\"Sand\u017eak PRESS\",\"description\":\"Prve elektronske novine u Sand\u017eaku\",\"publisher\":{\"@id\":\"https:\/\/sandzakpress.net\/arhiva\/#\/schema\/person\/6e72b67d6e51910a1117b3b483ba20bd\"},\"potentialAction\":[{\"@type\":\"SearchAction\",\"target\":{\"@type\":\"EntryPoint\",\"urlTemplate\":\"https:\/\/sandzakpress.net\/arhiva\/?s={search_term_string}\"},\"query-input\":{\"@type\":\"PropertyValueSpecification\",\"valueRequired\":true,\"valueName\":\"search_term_string\"}}],\"inLanguage\":\"bs-BA\"},{\"@type\":[\"Person\",\"Organization\"],\"@id\":\"https:\/\/sandzakpress.net\/arhiva\/#\/schema\/person\/6e72b67d6e51910a1117b3b483ba20bd\",\"name\":\"Kul\",\"image\":{\"@type\":\"ImageObject\",\"inLanguage\":\"bs-BA\",\"@id\":\"https:\/\/sandzakpress.net\/arhiva\/#\/schema\/person\/image\/\",\"url\":\"https:\/\/secure.gravatar.com\/avatar\/42263f39aa27ac04c43cab85c280eb2e?s=96&d=mm&r=pg\",\"contentUrl\":\"https:\/\/secure.gravatar.com\/avatar\/42263f39aa27ac04c43cab85c280eb2e?s=96&d=mm&r=pg\",\"caption\":\"Kul\"},\"logo\":{\"@id\":\"https:\/\/sandzakpress.net\/arhiva\/#\/schema\/person\/image\/\"}},{\"@type\":\"Person\",\"@id\":\"https:\/\/sandzakpress.net\/arhiva\/#\/schema\/person\/c8baee722073534b583ea7bdb2e36c02\",\"name\":\"bosniak\",\"image\":{\"@type\":\"ImageObject\",\"inLanguage\":\"bs-BA\",\"@id\":\"https:\/\/sandzakpress.net\/arhiva\/#\/schema\/person\/image\/\",\"url\":\"https:\/\/secure.gravatar.com\/avatar\/a04fd330bfe3a36a72a0ad4a6d89fca7?s=96&d=mm&r=pg\",\"contentUrl\":\"https:\/\/secure.gravatar.com\/avatar\/a04fd330bfe3a36a72a0ad4a6d89fca7?s=96&d=mm&r=pg\",\"caption\":\"bosniak\"},\"url\":\"https:\/\/sandzakpress.net\/arhiva\/author\/bosniak\/\"}]}<\/script>\n<!-- \/ Yoast SEO Premium plugin. -->","yoast_head_json":{"title":"Svaki napad na Iran zavr\u0161it \u0107e uni\u0161tenjem Izraela","robots":{"index":"index","follow":"follow","max-snippet":"max-snippet:-1","max-image-preview":"max-image-preview:large","max-video-preview":"max-video-preview:-1"},"canonical":"https:\/\/sandzakpress.net\/arhiva\/svaki-napad-na-iran-zavrsit-ce-unistenjem-izraela\/","og_locale":"bs_BA","og_type":"article","og_title":"Svaki napad na Iran zavr\u0161it \u0107e uni\u0161tenjem Izraela","og_description":"Iran, Palestina &#8211; Iranski predsjednik Mahmoud Ahmadinejad upozorio je u nedjelju da bi se svaki napad na njegovu zemlju zavr\u0161io &#8220;uni\u0161tenjem&#8221; Izraela, u izjavi u Dohi, gdje je doputovao u kratku posjetu. &#8220;Svaki \u010din napada na Iran imao bi za posljedicu uni\u0161tenje cionisti\u010dkog re\u017eima (Izraela)&#8221;, rekao je novinarima iranski predsjednik koji se treba sastati s [&hellip;]","og_url":"https:\/\/sandzakpress.net\/arhiva\/svaki-napad-na-iran-zavrsit-ce-unistenjem-izraela\/","og_site_name":"Sand\u017eak PRESS","article_published_time":"2010-09-06T04:06:06+00:00","og_image":[{"width":180,"height":220,"url":"https:\/\/sandzakpress.net\/arhiva\/wp-content\/uploads\/2010\/09\/mahmoud_ahmadinejad-11.jpg","type":"image\/jpeg"}],"author":"bosniak","twitter_card":"summary_large_image","twitter_misc":{"Written by":"bosniak","Est. reading time":"1 minuta"},"schema":{"@context":"https:\/\/schema.org","@graph":[{"@type":"Article","@id":"https:\/\/sandzakpress.net\/arhiva\/svaki-napad-na-iran-zavrsit-ce-unistenjem-izraela\/#article","isPartOf":{"@id":"https:\/\/sandzakpress.net\/arhiva\/svaki-napad-na-iran-zavrsit-ce-unistenjem-izraela\/"},"author":{"name":"bosniak","@id":"https:\/\/sandzakpress.net\/arhiva\/#\/schema\/person\/c8baee722073534b583ea7bdb2e36c02"},"headline":"Svaki napad na Iran zavr\u0161it \u0107e uni\u0161tenjem Izraela","datePublished":"2010-09-06T04:06:06+00:00","mainEntityOfPage":{"@id":"https:\/\/sandzakpress.net\/arhiva\/svaki-napad-na-iran-zavrsit-ce-unistenjem-izraela\/"},"wordCount":148,"commentCount":0,"publisher":{"@id":"https:\/\/sandzakpress.net\/arhiva\/#\/schema\/person\/6e72b67d6e51910a1117b3b483ba20bd"},"image":{"@id":"https:\/\/sandzakpress.net\/arhiva\/svaki-napad-na-iran-zavrsit-ce-unistenjem-izraela\/#primaryimage"},"thumbnailUrl":"https:\/\/sandzakpress.net\/arhiva\/wp-content\/uploads\/2010\/09\/mahmoud_ahmadinejad-11.jpg","articleSection":["Svijet"],"inLanguage":"bs-BA","potentialAction":[{"@type":"CommentAction","name":"Comment","target":["https:\/\/sandzakpress.net\/arhiva\/svaki-napad-na-iran-zavrsit-ce-unistenjem-izraela\/#respond"]}]},{"@type":"WebPage","@id":"https:\/\/sandzakpress.net\/arhiva\/svaki-napad-na-iran-zavrsit-ce-unistenjem-izraela\/","url":"https:\/\/sandzakpress.net\/arhiva\/svaki-napad-na-iran-zavrsit-ce-unistenjem-izraela\/","name":"Svaki napad na Iran zavr\u0161it \u0107e uni\u0161tenjem Izraela","isPartOf":{"@id":"https:\/\/sandzakpress.net\/arhiva\/#website"},"primaryImageOfPage":{"@id":"https:\/\/sandzakpress.net\/arhiva\/svaki-napad-na-iran-zavrsit-ce-unistenjem-izraela\/#primaryimage"},"image":{"@id":"https:\/\/sandzakpress.net\/arhiva\/svaki-napad-na-iran-zavrsit-ce-unistenjem-izraela\/#primaryimage"},"thumbnailUrl":"https:\/\/sandzakpress.net\/arhiva\/wp-content\/uploads\/2010\/09\/mahmoud_ahmadinejad-11.jpg","datePublished":"2010-09-06T04:06:06+00:00","breadcrumb":{"@id":"https:\/\/sandzakpress.net\/arhiva\/svaki-napad-na-iran-zavrsit-ce-unistenjem-izraela\/#breadcrumb"},"inLanguage":"bs-BA","potentialAction":[{"@type":"ReadAction","target":["https:\/\/sandzakpress.net\/arhiva\/svaki-napad-na-iran-zavrsit-ce-unistenjem-izraela\/"]}]},{"@type":"ImageObject","inLanguage":"bs-BA","@id":"https:\/\/sandzakpress.net\/arhiva\/svaki-napad-na-iran-zavrsit-ce-unistenjem-izraela\/#primaryimage","url":"https:\/\/sandzakpress.net\/arhiva\/wp-content\/uploads\/2010\/09\/mahmoud_ahmadinejad-11.jpg","contentUrl":"https:\/\/sandzakpress.net\/arhiva\/wp-content\/uploads\/2010\/09\/mahmoud_ahmadinejad-11.jpg","width":180,"height":220},{"@type":"BreadcrumbList","@id":"https:\/\/sandzakpress.net\/arhiva\/svaki-napad-na-iran-zavrsit-ce-unistenjem-izraela\/#breadcrumb","itemListElement":[{"@type":"ListItem","position":1,"name":"Home","item":"https:\/\/sandzakpress.net\/arhiva\/"},{"@type":"ListItem","position":2,"name":"Svaki napad na Iran zavr\u0161it \u0107e uni\u0161tenjem Izraela"}]},{"@type":"WebSite","@id":"https:\/\/sandzakpress.net\/arhiva\/#website","url":"https:\/\/sandzakpress.net\/arhiva\/","name":"Sand\u017eak PRESS","description":"Prve elektronske novine u Sand\u017eaku","publisher":{"@id":"https:\/\/sandzakpress.net\/arhiva\/#\/schema\/person\/6e72b67d6e51910a1117b3b483ba20bd"},"potentialAction":[{"@type":"SearchAction","target":{"@type":"EntryPoint","urlTemplate":"https:\/\/sandzakpress.net\/arhiva\/?s={search_term_string}"},"query-input":{"@type":"PropertyValueSpecification","valueRequired":true,"valueName":"search_term_string"}}],"inLanguage":"bs-BA"},{"@type":["Person","Organization"],"@id":"https:\/\/sandzakpress.net\/arhiva\/#\/schema\/person\/6e72b67d6e51910a1117b3b483ba20bd","name":"Kul","image":{"@type":"ImageObject","inLanguage":"bs-BA","@id":"https:\/\/sandzakpress.net\/arhiva\/#\/schema\/person\/image\/","url":"https:\/\/secure.gravatar.com\/avatar\/42263f39aa27ac04c43cab85c280eb2e?s=96&d=mm&r=pg","contentUrl":"https:\/\/secure.gravatar.com\/avatar\/42263f39aa27ac04c43cab85c280eb2e?s=96&d=mm&r=pg","caption":"Kul"},"logo":{"@id":"https:\/\/sandzakpress.net\/arhiva\/#\/schema\/person\/image\/"}},{"@type":"Person","@id":"https:\/\/sandzakpress.net\/arhiva\/#\/schema\/person\/c8baee722073534b583ea7bdb2e36c02","name":"bosniak","image":{"@type":"ImageObject","inLanguage":"bs-BA","@id":"https:\/\/sandzakpress.net\/arhiva\/#\/schema\/person\/image\/","url":"https:\/\/secure.gravatar.com\/avatar\/a04fd330bfe3a36a72a0ad4a6d89fca7?s=96&d=mm&r=pg","contentUrl":"https:\/\/secure.gravatar.com\/avatar\/a04fd330bfe3a36a72a0ad4a6d89fca7?s=96&d=mm&r=pg","caption":"bosniak"},"url":"https:\/\/sandzakpress.net\/arhiva\/author\/bosniak\/"}]}},"_links":{"self":[{"href":"https:\/\/sandzakpress.net\/arhiva\/wp-json\/wp\/v2\/posts\/7623"}],"collection":[{"href":"https:\/\/sandzakpress.net\/arhiva\/wp-json\/wp\/v2\/posts"}],"about":[{"href":"https:\/\/sandzakpress.net\/arhiva\/wp-json\/wp\/v2\/types\/post"}],"author":[{"embeddable":true,"href":"https:\/\/sandzakpress.net\/arhiva\/wp-json\/wp\/v2\/users\/83"}],"replies":[{"embeddable":true,"href":"https:\/\/sandzakpress.net\/arhiva\/wp-json\/wp\/v2\/comments?post=7623"}],"version-history":[{"count":0,"href":"https:\/\/sandzakpress.net\/arhiva\/wp-json\/wp\/v2\/posts\/7623\/revisions"}],"wp:featuredmedia":[{"embeddable":true,"href":"https:\/\/sandzakpress.net\/arhiva\/wp-json\/wp\/v2\/media\/7624"}],"wp:attachment":[{"href":"https:\/\/sandzakpress.net\/arhiva\/wp-json\/wp\/v2\/media?parent=7623"}],"wp:term":[{"taxonomy":"category","embeddable":true,"href":"https:\/\/sandzakpress.net\/arhiva\/wp-json\/wp\/v2\/categories?post=7623"},{"taxonomy":"post_tag","embeddable":true,"href":"https:\/\/sandzakpress.net\/arhiva\/wp-json\/wp\/v2\/tags?post=7623"}],"curies":[{"name":"wp","href":"https:\/\/api.w.org\/{rel}","templated":true}]}}