{"id":76153,"date":"2013-05-16T23:17:23","date_gmt":"2013-05-16T21:17:23","guid":{"rendered":"https:\/\/sandzakpress.net\/arhiva\/?p=76153"},"modified":"2013-05-17T15:38:08","modified_gmt":"2013-05-17T13:38:08","slug":"muftija-pozivamo-bratski-one-koji-su-izasli-iz-islamske-zajednice-da-se-dostojanstveno-vrate","status":"publish","type":"post","link":"https:\/\/sandzakpress.net\/arhiva\/muftija-pozivamo-bratski-one-koji-su-izasli-iz-islamske-zajednice-da-se-dostojanstveno-vrate\/","title":{"rendered":"Muftija: &#8216;Pozivamo bratski one koji su iza\u0161li iz Islamske zajednice da se dostojanstveno vrate&#8217;"},"content":{"rendered":"<p><strong><a href=\"https:\/\/sandzakpress.net\/arhiva\/wp-content\/uploads\/2013\/05\/svecana-akademija-maturanata-2013-30.jpg\"><img loading=\"lazy\" decoding=\"async\" class=\"alignleft size-medium wp-image-76154\" title=\"svecana akademija maturanata 2013 30\" src=\"https:\/\/sandzakpress.net\/arhiva\/wp-content\/uploads\/2013\/05\/svecana-akademija-maturanata-2013-30-300x199.jpg\" alt=\"\" width=\"300\" height=\"199\" \/><\/a>Sjeverni Sand\u017eak &#8211; U svom obra\u0107anju na akademiji medrese &#8220;Gazi Isa-beg&#8221; muftija sand\u017ea\u010dki Muamer ef. Zukorli\u0107 se osvrnuo na stanje u Sand\u017eaku, a posebno na va\u017enost jedinstva Bo\u0161njaka.<\/strong><\/p>\n<p>\u201eZadnjih pet godina naj\u010de\u0161\u0107e izgovorena rije\u010d ovdje bila je jedinstvo. \u010covjek najvi\u0161e pri\u010da o onome \u0161to mu nedostaje. Kad je \u017eedan samo da mu je vode, a kad pije vode poslije je mnogo ni ne spominje dok ponovo ne o\u017eedni. Da, mi smo \u017eedni jedinstva, i kako vrijeme odmi\u010de sve vi\u0161e smo \u017eedni i \u017eeljni i bori\u0107emo se da ga povratimo.\u201c<\/p>\n<p>Muftija je na kraju obra\u0107anja pozvao one koji su iza\u0161li iz Islamske zajednice da se u nju vrate. \u201eMi im pru\u017eamo ruku i to \u010dasno i iskreno, bratski im pru\u017eamo ruku. \u010cak \u017eelimo da se vrate dostojanstveno, ne \u017eelimo im suditi, jer mi smo poziva\u010di a nismo sudije.\u201c \u2013 zaklju\u010dio je Muftija.<\/p>\n<div class=\"youtube-embed\" data-video_id=\"YfwS2hXqUak\"><iframe loading=\"lazy\" title=\"Muftija: &#039;Pozivamo bratski one koji su iza\u0161li iz Islamske zajednice da se dostojanstveno vrate&#039;\" width=\"696\" height=\"522\" src=\"https:\/\/www.youtube.com\/embed\/YfwS2hXqUak?feature=oembed&#038;enablejsapi=1\" frameborder=\"0\" allow=\"accelerometer; autoplay; encrypted-media; gyroscope; picture-in-picture\" allowfullscreen><\/iframe><\/div>\n<p>(Me\u0161ihat)<\/p>\n","protected":false},"excerpt":{"rendered":"<p>Sjeverni Sand\u017eak &#8211; U svom obra\u0107anju na akademiji medrese &#8220;Gazi Isa-beg&#8221; muftija sand\u017ea\u010dki Muamer ef. Zukorli\u0107 se osvrnuo na stanje u Sand\u017eaku, a posebno na va\u017enost jedinstva Bo\u0161njaka. \u201eZadnjih pet godina naj\u010de\u0161\u0107e izgovorena rije\u010d ovdje bila je jedinstvo. \u010covjek najvi\u0161e pri\u010da o onome \u0161to mu nedostaje. Kad je \u017eedan samo da mu je vode, a [&hellip;]<\/p>\n","protected":false},"author":83,"featured_media":76154,"comment_status":"open","ping_status":"open","sticky":false,"template":"","format":"standard","meta":{"footnotes":""},"categories":[72,800,52,327,392,8957],"tags":[],"class_list":{"0":"post-76153","1":"post","2":"type-post","3":"status-publish","4":"format-standard","5":"has-post-thumbnail","7":"category-novi-pazar","8":"category-nacija","9":"category-sjenica","10":"category-tutin","11":"category-prijepolje_","12":"category-vijesti-dana"},"yoast_head":"<!-- This site is optimized with the Yoast SEO Premium plugin v23.1 (Yoast SEO v24.9) - https:\/\/yoast.com\/wordpress\/plugins\/seo\/ -->\n<title>Muftija: &#039;Pozivamo bratski one koji su iza\u0161li iz Islamske zajednice da se dostojanstveno vrate&#039;<\/title>\n<meta name=\"robots\" content=\"index, follow, max-snippet:-1, max-image-preview:large, max-video-preview:-1\" \/>\n<link rel=\"canonical\" href=\"https:\/\/sandzakpress.net\/arhiva\/muftija-pozivamo-bratski-one-koji-su-izasli-iz-islamske-zajednice-da-se-dostojanstveno-vrate\/\" \/>\n<meta property=\"og:locale\" content=\"bs_BA\" \/>\n<meta property=\"og:type\" content=\"article\" \/>\n<meta property=\"og:title\" content=\"Muftija: &#039;Pozivamo bratski one koji su iza\u0161li iz Islamske zajednice da se dostojanstveno vrate&#039;\" \/>\n<meta property=\"og:description\" content=\"Sjeverni Sand\u017eak &#8211; U svom obra\u0107anju na akademiji medrese &#8220;Gazi Isa-beg&#8221; muftija sand\u017ea\u010dki Muamer ef. Zukorli\u0107 se osvrnuo na stanje u Sand\u017eaku, a posebno na va\u017enost jedinstva Bo\u0161njaka. \u201eZadnjih pet godina naj\u010de\u0161\u0107e izgovorena rije\u010d ovdje bila je jedinstvo. \u010covjek najvi\u0161e pri\u010da o onome \u0161to mu nedostaje. Kad je \u017eedan samo da mu je vode, a [&hellip;]\" \/>\n<meta property=\"og:url\" content=\"https:\/\/sandzakpress.net\/arhiva\/muftija-pozivamo-bratski-one-koji-su-izasli-iz-islamske-zajednice-da-se-dostojanstveno-vrate\/\" \/>\n<meta property=\"og:site_name\" content=\"Sand\u017eak PRESS\" \/>\n<meta property=\"article:published_time\" content=\"2013-05-16T21:17:23+00:00\" \/>\n<meta property=\"article:modified_time\" content=\"2013-05-17T13:38:08+00:00\" \/>\n<meta property=\"og:image\" content=\"https:\/\/sandzakpress.net\/arhiva\/wp-content\/uploads\/2013\/05\/svecana-akademija-maturanata-2013-30.jpg\" \/>\n\t<meta property=\"og:image:width\" content=\"616\" \/>\n\t<meta property=\"og:image:height\" content=\"409\" \/>\n\t<meta property=\"og:image:type\" content=\"image\/jpeg\" \/>\n<meta name=\"author\" content=\"bosniak\" \/>\n<meta name=\"twitter:card\" content=\"summary_large_image\" \/>\n<meta name=\"twitter:label1\" content=\"Written by\" \/>\n\t<meta name=\"twitter:data1\" content=\"bosniak\" \/>\n\t<meta name=\"twitter:label2\" content=\"Est. reading time\" \/>\n\t<meta name=\"twitter:data2\" content=\"1 minuta\" \/>\n<script type=\"application\/ld+json\" class=\"yoast-schema-graph\">{\"@context\":\"https:\/\/schema.org\",\"@graph\":[{\"@type\":\"Article\",\"@id\":\"https:\/\/sandzakpress.net\/arhiva\/muftija-pozivamo-bratski-one-koji-su-izasli-iz-islamske-zajednice-da-se-dostojanstveno-vrate\/#article\",\"isPartOf\":{\"@id\":\"https:\/\/sandzakpress.net\/arhiva\/muftija-pozivamo-bratski-one-koji-su-izasli-iz-islamske-zajednice-da-se-dostojanstveno-vrate\/\"},\"author\":{\"name\":\"bosniak\",\"@id\":\"https:\/\/sandzakpress.net\/arhiva\/#\/schema\/person\/c8baee722073534b583ea7bdb2e36c02\"},\"headline\":\"Muftija: &#8216;Pozivamo bratski one koji su iza\u0161li iz Islamske zajednice da se dostojanstveno vrate&#8217;\",\"datePublished\":\"2013-05-16T21:17:23+00:00\",\"dateModified\":\"2013-05-17T13:38:08+00:00\",\"mainEntityOfPage\":{\"@id\":\"https:\/\/sandzakpress.net\/arhiva\/muftija-pozivamo-bratski-one-koji-su-izasli-iz-islamske-zajednice-da-se-dostojanstveno-vrate\/\"},\"wordCount\":186,\"commentCount\":3,\"publisher\":{\"@id\":\"https:\/\/sandzakpress.net\/arhiva\/#\/schema\/person\/6e72b67d6e51910a1117b3b483ba20bd\"},\"image\":{\"@id\":\"https:\/\/sandzakpress.net\/arhiva\/muftija-pozivamo-bratski-one-koji-su-izasli-iz-islamske-zajednice-da-se-dostojanstveno-vrate\/#primaryimage\"},\"thumbnailUrl\":\"https:\/\/sandzakpress.net\/arhiva\/wp-content\/uploads\/2013\/05\/svecana-akademija-maturanata-2013-30.jpg\",\"articleSection\":[\"Novi Pazar\",\"Nacija\",\"Sjenica\",\"Tutin\",\"Prijepolje\",\"VIJESTI DANA\"],\"inLanguage\":\"bs-BA\",\"potentialAction\":[{\"@type\":\"CommentAction\",\"name\":\"Comment\",\"target\":[\"https:\/\/sandzakpress.net\/arhiva\/muftija-pozivamo-bratski-one-koji-su-izasli-iz-islamske-zajednice-da-se-dostojanstveno-vrate\/#respond\"]}]},{\"@type\":\"WebPage\",\"@id\":\"https:\/\/sandzakpress.net\/arhiva\/muftija-pozivamo-bratski-one-koji-su-izasli-iz-islamske-zajednice-da-se-dostojanstveno-vrate\/\",\"url\":\"https:\/\/sandzakpress.net\/arhiva\/muftija-pozivamo-bratski-one-koji-su-izasli-iz-islamske-zajednice-da-se-dostojanstveno-vrate\/\",\"name\":\"Muftija: 'Pozivamo bratski one koji su iza\u0161li iz Islamske zajednice da se dostojanstveno vrate'\",\"isPartOf\":{\"@id\":\"https:\/\/sandzakpress.net\/arhiva\/#website\"},\"primaryImageOfPage\":{\"@id\":\"https:\/\/sandzakpress.net\/arhiva\/muftija-pozivamo-bratski-one-koji-su-izasli-iz-islamske-zajednice-da-se-dostojanstveno-vrate\/#primaryimage\"},\"image\":{\"@id\":\"https:\/\/sandzakpress.net\/arhiva\/muftija-pozivamo-bratski-one-koji-su-izasli-iz-islamske-zajednice-da-se-dostojanstveno-vrate\/#primaryimage\"},\"thumbnailUrl\":\"https:\/\/sandzakpress.net\/arhiva\/wp-content\/uploads\/2013\/05\/svecana-akademija-maturanata-2013-30.jpg\",\"datePublished\":\"2013-05-16T21:17:23+00:00\",\"dateModified\":\"2013-05-17T13:38:08+00:00\",\"breadcrumb\":{\"@id\":\"https:\/\/sandzakpress.net\/arhiva\/muftija-pozivamo-bratski-one-koji-su-izasli-iz-islamske-zajednice-da-se-dostojanstveno-vrate\/#breadcrumb\"},\"inLanguage\":\"bs-BA\",\"potentialAction\":[{\"@type\":\"ReadAction\",\"target\":[\"https:\/\/sandzakpress.net\/arhiva\/muftija-pozivamo-bratski-one-koji-su-izasli-iz-islamske-zajednice-da-se-dostojanstveno-vrate\/\"]}]},{\"@type\":\"ImageObject\",\"inLanguage\":\"bs-BA\",\"@id\":\"https:\/\/sandzakpress.net\/arhiva\/muftija-pozivamo-bratski-one-koji-su-izasli-iz-islamske-zajednice-da-se-dostojanstveno-vrate\/#primaryimage\",\"url\":\"https:\/\/sandzakpress.net\/arhiva\/wp-content\/uploads\/2013\/05\/svecana-akademija-maturanata-2013-30.jpg\",\"contentUrl\":\"https:\/\/sandzakpress.net\/arhiva\/wp-content\/uploads\/2013\/05\/svecana-akademija-maturanata-2013-30.jpg\",\"width\":616,\"height\":409},{\"@type\":\"BreadcrumbList\",\"@id\":\"https:\/\/sandzakpress.net\/arhiva\/muftija-pozivamo-bratski-one-koji-su-izasli-iz-islamske-zajednice-da-se-dostojanstveno-vrate\/#breadcrumb\",\"itemListElement\":[{\"@type\":\"ListItem\",\"position\":1,\"name\":\"Home\",\"item\":\"https:\/\/sandzakpress.net\/arhiva\/\"},{\"@type\":\"ListItem\",\"position\":2,\"name\":\"Muftija: &#8216;Pozivamo bratski one koji su iza\u0161li iz Islamske zajednice da se dostojanstveno vrate&#8217;\"}]},{\"@type\":\"WebSite\",\"@id\":\"https:\/\/sandzakpress.net\/arhiva\/#website\",\"url\":\"https:\/\/sandzakpress.net\/arhiva\/\",\"name\":\"Sand\u017eak PRESS\",\"description\":\"Prve elektronske novine u Sand\u017eaku\",\"publisher\":{\"@id\":\"https:\/\/sandzakpress.net\/arhiva\/#\/schema\/person\/6e72b67d6e51910a1117b3b483ba20bd\"},\"potentialAction\":[{\"@type\":\"SearchAction\",\"target\":{\"@type\":\"EntryPoint\",\"urlTemplate\":\"https:\/\/sandzakpress.net\/arhiva\/?s={search_term_string}\"},\"query-input\":{\"@type\":\"PropertyValueSpecification\",\"valueRequired\":true,\"valueName\":\"search_term_string\"}}],\"inLanguage\":\"bs-BA\"},{\"@type\":[\"Person\",\"Organization\"],\"@id\":\"https:\/\/sandzakpress.net\/arhiva\/#\/schema\/person\/6e72b67d6e51910a1117b3b483ba20bd\",\"name\":\"Kul\",\"image\":{\"@type\":\"ImageObject\",\"inLanguage\":\"bs-BA\",\"@id\":\"https:\/\/sandzakpress.net\/arhiva\/#\/schema\/person\/image\/\",\"url\":\"https:\/\/secure.gravatar.com\/avatar\/42263f39aa27ac04c43cab85c280eb2e?s=96&d=mm&r=pg\",\"contentUrl\":\"https:\/\/secure.gravatar.com\/avatar\/42263f39aa27ac04c43cab85c280eb2e?s=96&d=mm&r=pg\",\"caption\":\"Kul\"},\"logo\":{\"@id\":\"https:\/\/sandzakpress.net\/arhiva\/#\/schema\/person\/image\/\"}},{\"@type\":\"Person\",\"@id\":\"https:\/\/sandzakpress.net\/arhiva\/#\/schema\/person\/c8baee722073534b583ea7bdb2e36c02\",\"name\":\"bosniak\",\"image\":{\"@type\":\"ImageObject\",\"inLanguage\":\"bs-BA\",\"@id\":\"https:\/\/sandzakpress.net\/arhiva\/#\/schema\/person\/image\/\",\"url\":\"https:\/\/secure.gravatar.com\/avatar\/a04fd330bfe3a36a72a0ad4a6d89fca7?s=96&d=mm&r=pg\",\"contentUrl\":\"https:\/\/secure.gravatar.com\/avatar\/a04fd330bfe3a36a72a0ad4a6d89fca7?s=96&d=mm&r=pg\",\"caption\":\"bosniak\"},\"url\":\"https:\/\/sandzakpress.net\/arhiva\/author\/bosniak\/\"}]}<\/script>\n<!-- \/ Yoast SEO Premium plugin. -->","yoast_head_json":{"title":"Muftija: 'Pozivamo bratski one koji su iza\u0161li iz Islamske zajednice da se dostojanstveno vrate'","robots":{"index":"index","follow":"follow","max-snippet":"max-snippet:-1","max-image-preview":"max-image-preview:large","max-video-preview":"max-video-preview:-1"},"canonical":"https:\/\/sandzakpress.net\/arhiva\/muftija-pozivamo-bratski-one-koji-su-izasli-iz-islamske-zajednice-da-se-dostojanstveno-vrate\/","og_locale":"bs_BA","og_type":"article","og_title":"Muftija: 'Pozivamo bratski one koji su iza\u0161li iz Islamske zajednice da se dostojanstveno vrate'","og_description":"Sjeverni Sand\u017eak &#8211; U svom obra\u0107anju na akademiji medrese &#8220;Gazi Isa-beg&#8221; muftija sand\u017ea\u010dki Muamer ef. Zukorli\u0107 se osvrnuo na stanje u Sand\u017eaku, a posebno na va\u017enost jedinstva Bo\u0161njaka. \u201eZadnjih pet godina naj\u010de\u0161\u0107e izgovorena rije\u010d ovdje bila je jedinstvo. \u010covjek najvi\u0161e pri\u010da o onome \u0161to mu nedostaje. Kad je \u017eedan samo da mu je vode, a [&hellip;]","og_url":"https:\/\/sandzakpress.net\/arhiva\/muftija-pozivamo-bratski-one-koji-su-izasli-iz-islamske-zajednice-da-se-dostojanstveno-vrate\/","og_site_name":"Sand\u017eak PRESS","article_published_time":"2013-05-16T21:17:23+00:00","article_modified_time":"2013-05-17T13:38:08+00:00","og_image":[{"width":616,"height":409,"url":"https:\/\/sandzakpress.net\/arhiva\/wp-content\/uploads\/2013\/05\/svecana-akademija-maturanata-2013-30.jpg","type":"image\/jpeg"}],"author":"bosniak","twitter_card":"summary_large_image","twitter_misc":{"Written by":"bosniak","Est. reading time":"1 minuta"},"schema":{"@context":"https:\/\/schema.org","@graph":[{"@type":"Article","@id":"https:\/\/sandzakpress.net\/arhiva\/muftija-pozivamo-bratski-one-koji-su-izasli-iz-islamske-zajednice-da-se-dostojanstveno-vrate\/#article","isPartOf":{"@id":"https:\/\/sandzakpress.net\/arhiva\/muftija-pozivamo-bratski-one-koji-su-izasli-iz-islamske-zajednice-da-se-dostojanstveno-vrate\/"},"author":{"name":"bosniak","@id":"https:\/\/sandzakpress.net\/arhiva\/#\/schema\/person\/c8baee722073534b583ea7bdb2e36c02"},"headline":"Muftija: &#8216;Pozivamo bratski one koji su iza\u0161li iz Islamske zajednice da se dostojanstveno vrate&#8217;","datePublished":"2013-05-16T21:17:23+00:00","dateModified":"2013-05-17T13:38:08+00:00","mainEntityOfPage":{"@id":"https:\/\/sandzakpress.net\/arhiva\/muftija-pozivamo-bratski-one-koji-su-izasli-iz-islamske-zajednice-da-se-dostojanstveno-vrate\/"},"wordCount":186,"commentCount":3,"publisher":{"@id":"https:\/\/sandzakpress.net\/arhiva\/#\/schema\/person\/6e72b67d6e51910a1117b3b483ba20bd"},"image":{"@id":"https:\/\/sandzakpress.net\/arhiva\/muftija-pozivamo-bratski-one-koji-su-izasli-iz-islamske-zajednice-da-se-dostojanstveno-vrate\/#primaryimage"},"thumbnailUrl":"https:\/\/sandzakpress.net\/arhiva\/wp-content\/uploads\/2013\/05\/svecana-akademija-maturanata-2013-30.jpg","articleSection":["Novi Pazar","Nacija","Sjenica","Tutin","Prijepolje","VIJESTI DANA"],"inLanguage":"bs-BA","potentialAction":[{"@type":"CommentAction","name":"Comment","target":["https:\/\/sandzakpress.net\/arhiva\/muftija-pozivamo-bratski-one-koji-su-izasli-iz-islamske-zajednice-da-se-dostojanstveno-vrate\/#respond"]}]},{"@type":"WebPage","@id":"https:\/\/sandzakpress.net\/arhiva\/muftija-pozivamo-bratski-one-koji-su-izasli-iz-islamske-zajednice-da-se-dostojanstveno-vrate\/","url":"https:\/\/sandzakpress.net\/arhiva\/muftija-pozivamo-bratski-one-koji-su-izasli-iz-islamske-zajednice-da-se-dostojanstveno-vrate\/","name":"Muftija: 'Pozivamo bratski one koji su iza\u0161li iz Islamske zajednice da se dostojanstveno vrate'","isPartOf":{"@id":"https:\/\/sandzakpress.net\/arhiva\/#website"},"primaryImageOfPage":{"@id":"https:\/\/sandzakpress.net\/arhiva\/muftija-pozivamo-bratski-one-koji-su-izasli-iz-islamske-zajednice-da-se-dostojanstveno-vrate\/#primaryimage"},"image":{"@id":"https:\/\/sandzakpress.net\/arhiva\/muftija-pozivamo-bratski-one-koji-su-izasli-iz-islamske-zajednice-da-se-dostojanstveno-vrate\/#primaryimage"},"thumbnailUrl":"https:\/\/sandzakpress.net\/arhiva\/wp-content\/uploads\/2013\/05\/svecana-akademija-maturanata-2013-30.jpg","datePublished":"2013-05-16T21:17:23+00:00","dateModified":"2013-05-17T13:38:08+00:00","breadcrumb":{"@id":"https:\/\/sandzakpress.net\/arhiva\/muftija-pozivamo-bratski-one-koji-su-izasli-iz-islamske-zajednice-da-se-dostojanstveno-vrate\/#breadcrumb"},"inLanguage":"bs-BA","potentialAction":[{"@type":"ReadAction","target":["https:\/\/sandzakpress.net\/arhiva\/muftija-pozivamo-bratski-one-koji-su-izasli-iz-islamske-zajednice-da-se-dostojanstveno-vrate\/"]}]},{"@type":"ImageObject","inLanguage":"bs-BA","@id":"https:\/\/sandzakpress.net\/arhiva\/muftija-pozivamo-bratski-one-koji-su-izasli-iz-islamske-zajednice-da-se-dostojanstveno-vrate\/#primaryimage","url":"https:\/\/sandzakpress.net\/arhiva\/wp-content\/uploads\/2013\/05\/svecana-akademija-maturanata-2013-30.jpg","contentUrl":"https:\/\/sandzakpress.net\/arhiva\/wp-content\/uploads\/2013\/05\/svecana-akademija-maturanata-2013-30.jpg","width":616,"height":409},{"@type":"BreadcrumbList","@id":"https:\/\/sandzakpress.net\/arhiva\/muftija-pozivamo-bratski-one-koji-su-izasli-iz-islamske-zajednice-da-se-dostojanstveno-vrate\/#breadcrumb","itemListElement":[{"@type":"ListItem","position":1,"name":"Home","item":"https:\/\/sandzakpress.net\/arhiva\/"},{"@type":"ListItem","position":2,"name":"Muftija: &#8216;Pozivamo bratski one koji su iza\u0161li iz Islamske zajednice da se dostojanstveno vrate&#8217;"}]},{"@type":"WebSite","@id":"https:\/\/sandzakpress.net\/arhiva\/#website","url":"https:\/\/sandzakpress.net\/arhiva\/","name":"Sand\u017eak PRESS","description":"Prve elektronske novine u Sand\u017eaku","publisher":{"@id":"https:\/\/sandzakpress.net\/arhiva\/#\/schema\/person\/6e72b67d6e51910a1117b3b483ba20bd"},"potentialAction":[{"@type":"SearchAction","target":{"@type":"EntryPoint","urlTemplate":"https:\/\/sandzakpress.net\/arhiva\/?s={search_term_string}"},"query-input":{"@type":"PropertyValueSpecification","valueRequired":true,"valueName":"search_term_string"}}],"inLanguage":"bs-BA"},{"@type":["Person","Organization"],"@id":"https:\/\/sandzakpress.net\/arhiva\/#\/schema\/person\/6e72b67d6e51910a1117b3b483ba20bd","name":"Kul","image":{"@type":"ImageObject","inLanguage":"bs-BA","@id":"https:\/\/sandzakpress.net\/arhiva\/#\/schema\/person\/image\/","url":"https:\/\/secure.gravatar.com\/avatar\/42263f39aa27ac04c43cab85c280eb2e?s=96&d=mm&r=pg","contentUrl":"https:\/\/secure.gravatar.com\/avatar\/42263f39aa27ac04c43cab85c280eb2e?s=96&d=mm&r=pg","caption":"Kul"},"logo":{"@id":"https:\/\/sandzakpress.net\/arhiva\/#\/schema\/person\/image\/"}},{"@type":"Person","@id":"https:\/\/sandzakpress.net\/arhiva\/#\/schema\/person\/c8baee722073534b583ea7bdb2e36c02","name":"bosniak","image":{"@type":"ImageObject","inLanguage":"bs-BA","@id":"https:\/\/sandzakpress.net\/arhiva\/#\/schema\/person\/image\/","url":"https:\/\/secure.gravatar.com\/avatar\/a04fd330bfe3a36a72a0ad4a6d89fca7?s=96&d=mm&r=pg","contentUrl":"https:\/\/secure.gravatar.com\/avatar\/a04fd330bfe3a36a72a0ad4a6d89fca7?s=96&d=mm&r=pg","caption":"bosniak"},"url":"https:\/\/sandzakpress.net\/arhiva\/author\/bosniak\/"}]}},"_links":{"self":[{"href":"https:\/\/sandzakpress.net\/arhiva\/wp-json\/wp\/v2\/posts\/76153"}],"collection":[{"href":"https:\/\/sandzakpress.net\/arhiva\/wp-json\/wp\/v2\/posts"}],"about":[{"href":"https:\/\/sandzakpress.net\/arhiva\/wp-json\/wp\/v2\/types\/post"}],"author":[{"embeddable":true,"href":"https:\/\/sandzakpress.net\/arhiva\/wp-json\/wp\/v2\/users\/83"}],"replies":[{"embeddable":true,"href":"https:\/\/sandzakpress.net\/arhiva\/wp-json\/wp\/v2\/comments?post=76153"}],"version-history":[{"count":0,"href":"https:\/\/sandzakpress.net\/arhiva\/wp-json\/wp\/v2\/posts\/76153\/revisions"}],"wp:featuredmedia":[{"embeddable":true,"href":"https:\/\/sandzakpress.net\/arhiva\/wp-json\/wp\/v2\/media\/76154"}],"wp:attachment":[{"href":"https:\/\/sandzakpress.net\/arhiva\/wp-json\/wp\/v2\/media?parent=76153"}],"wp:term":[{"taxonomy":"category","embeddable":true,"href":"https:\/\/sandzakpress.net\/arhiva\/wp-json\/wp\/v2\/categories?post=76153"},{"taxonomy":"post_tag","embeddable":true,"href":"https:\/\/sandzakpress.net\/arhiva\/wp-json\/wp\/v2\/tags?post=76153"}],"curies":[{"name":"wp","href":"https:\/\/api.w.org\/{rel}","templated":true}]}}