{"id":76098,"date":"2013-05-16T21:26:39","date_gmt":"2013-05-16T19:26:39","guid":{"rendered":"https:\/\/sandzakpress.net\/arhiva\/?p=76098"},"modified":"2013-05-16T21:26:39","modified_gmt":"2013-05-16T19:26:39","slug":"tribina-prof-dr-sefika-kurdica-u-rozajama","status":"publish","type":"post","link":"https:\/\/sandzakpress.net\/arhiva\/tribina-prof-dr-sefika-kurdica-u-rozajama\/","title":{"rendered":"Tribina prof. dr. \u0160efika Kurdi\u0107a u Ro\u017eajama"},"content":{"rendered":"<p><strong><a href=\"https:\/\/sandzakpress.net\/arhiva\/wp-content\/uploads\/2013\/05\/123.jpg\"><img loading=\"lazy\" decoding=\"async\" class=\"alignleft size-medium wp-image-76099\" title=\"123\" src=\"https:\/\/sandzakpress.net\/arhiva\/wp-content\/uploads\/2013\/05\/123-300x216.jpg\" alt=\"\" width=\"300\" height=\"216\" \/><\/a>Ro\u017eaje \u2013 Dana, 06.05.2013. godine, sa ak\u0161am-namaza, u velikoj sali Centra za kulturu u Ro\u017eajama odr\u017eana je tribina i promocija knjige na temu \u201eSmak svijeta, evo dolazi\u201c Izlaga\u010d i gost predava\u010d je bio cijenjeni i ugledni alim\u00a0prof. dr. \u0160efik Kurdi\u0107.<\/strong><\/p>\n<p>Uvodno a\u0161ere je prou\u010dio\u00a0<strong>Amer ef. Dautovi\u0107<\/strong>, koji je svojim milozvu\u010dnim glasom ustvari nagovijestio samo ono \u0161to \u0107e do\u0107i poslije, a to je izlaganje uva\u017eenog musafira, dok je moderator ove ve\u010deri bio glavni imam odbora IZ-e Ro\u017eaje<strong>Rejhan ef. Hot<\/strong>. U zaista prelijepom ambijentu i popunjenoj sali, na \u0161to prof. Kurdi\u0107 nije krio odu\u0161evljenje, imali smo priliku slu\u0161ati profesorovo pitko, aktuelno i atraktivno predavanje, \u0161to i nije \u010desta prilika. Sahat vremena vaza, savjeta, ali i dosjetki je pro\u0161ao kao dlanom od dlan, \u0161to zapravo predstavlja pokazatelj da je doista bila \u010dast u\u017eivati i slu\u0161ati izlaganje ovog eminentnog predava\u010da.<\/p>\n<p>Tema koja bi kod drugih izazvala strah bivala nam je predo\u010dena i predstavljena u jednom sasvim novom ruhu i svjetlu, gdje smo iza\u0161li sa predavanja motivisaniji za daljnji rad i napredak na polju Islama nego prije. \u201eNa\u0161a domovina nije London ni Bon ni Avganistan, pa \u010dak ni Pakistan. Najbolja i najpre\u010da nam domovina je, uistinu, Kaburistan.\u201c, jedna je od mudrih, a istovremeno duboko umnih izjava profesora Kurdi\u0107a kojom je htio da nas podsjeti na na\u0161u posljednu stanicu. A da o trenutku nastupanja smaka svijeta nisu obavije\u0161tene \u201eMaje ni Smaje\u201c ve\u0107 su nam samo poznati mali i veliki predznaci, tako\u0111er je bio podstrek za prisutne da obogate svoju ku\u0107nu biblioteku knjigom promovisanom te no\u0107i \u010diji je sadr\u017eaj upravo 348 hadisa o kraju svijeta.<\/p>\n<p>Naime, tema o kojoj smo ve\u010deras slu\u0161ali je zapravo i naslov posljednje knjige po\u0161tovanog autora koju smo takodjer imali \u010dast dobaviti nakon tribine. Odu\u0161evljenje nakon tribine je bilo vidljivo na licima sviju prisutnih, ali i izuzetan odziv na ovo predavanje nama iz Islamske zajednice mogu biti samo lijepa motivacija, da u organizovanju sli\u010dnih dru\u017eenja ustrajemo.<\/p>\n<p>(monteislam)<\/p>\n","protected":false},"excerpt":{"rendered":"<p>Ro\u017eaje \u2013 Dana, 06.05.2013. godine, sa ak\u0161am-namaza, u velikoj sali Centra za kulturu u Ro\u017eajama odr\u017eana je tribina i promocija knjige na temu \u201eSmak svijeta, evo dolazi\u201c Izlaga\u010d i gost predava\u010d je bio cijenjeni i ugledni alim\u00a0prof. dr. \u0160efik Kurdi\u0107. Uvodno a\u0161ere je prou\u010dio\u00a0Amer ef. Dautovi\u0107, koji je svojim milozvu\u010dnim glasom ustvari nagovijestio samo ono [&hellip;]<\/p>\n","protected":false},"author":16,"featured_media":76099,"comment_status":"open","ping_status":"open","sticky":false,"template":"","format":"standard","meta":{"footnotes":""},"categories":[398,802],"tags":[],"class_list":{"0":"post-76098","1":"post","2":"type-post","3":"status-publish","4":"format-standard","5":"has-post-thumbnail","7":"category-rozaje","8":"category-islamska_zajednica"},"yoast_head":"<!-- This site is optimized with the Yoast SEO Premium plugin v23.1 (Yoast SEO v24.9) - https:\/\/yoast.com\/wordpress\/plugins\/seo\/ -->\n<title>Tribina prof. dr. \u0160efika Kurdi\u0107a u Ro\u017eajama<\/title>\n<meta name=\"robots\" content=\"index, follow, max-snippet:-1, max-image-preview:large, max-video-preview:-1\" \/>\n<link rel=\"canonical\" href=\"https:\/\/sandzakpress.net\/arhiva\/tribina-prof-dr-sefika-kurdica-u-rozajama\/\" \/>\n<meta property=\"og:locale\" content=\"bs_BA\" \/>\n<meta property=\"og:type\" content=\"article\" \/>\n<meta property=\"og:title\" content=\"Tribina prof. dr. \u0160efika Kurdi\u0107a u Ro\u017eajama\" \/>\n<meta property=\"og:description\" content=\"Ro\u017eaje \u2013 Dana, 06.05.2013. godine, sa ak\u0161am-namaza, u velikoj sali Centra za kulturu u Ro\u017eajama odr\u017eana je tribina i promocija knjige na temu \u201eSmak svijeta, evo dolazi\u201c Izlaga\u010d i gost predava\u010d je bio cijenjeni i ugledni alim\u00a0prof. dr. \u0160efik Kurdi\u0107. Uvodno a\u0161ere je prou\u010dio\u00a0Amer ef. Dautovi\u0107, koji je svojim milozvu\u010dnim glasom ustvari nagovijestio samo ono [&hellip;]\" \/>\n<meta property=\"og:url\" content=\"https:\/\/sandzakpress.net\/arhiva\/tribina-prof-dr-sefika-kurdica-u-rozajama\/\" \/>\n<meta property=\"og:site_name\" content=\"Sand\u017eak PRESS\" \/>\n<meta property=\"article:published_time\" content=\"2013-05-16T19:26:39+00:00\" \/>\n<meta property=\"og:image\" content=\"https:\/\/sandzakpress.net\/arhiva\/wp-content\/uploads\/2013\/05\/123.jpg\" \/>\n\t<meta property=\"og:image:width\" content=\"616\" \/>\n\t<meta property=\"og:image:height\" content=\"445\" \/>\n\t<meta property=\"og:image:type\" content=\"image\/jpeg\" \/>\n<meta name=\"twitter:card\" content=\"summary_large_image\" \/>\n<meta name=\"twitter:label1\" content=\"Written by\" \/>\n\t<meta name=\"twitter:data1\" content=\"\" \/>\n\t<meta name=\"twitter:label2\" content=\"Est. reading time\" \/>\n\t<meta name=\"twitter:data2\" content=\"2 minute\" \/>\n<script type=\"application\/ld+json\" class=\"yoast-schema-graph\">{\"@context\":\"https:\/\/schema.org\",\"@graph\":[{\"@type\":\"Article\",\"@id\":\"https:\/\/sandzakpress.net\/arhiva\/tribina-prof-dr-sefika-kurdica-u-rozajama\/#article\",\"isPartOf\":{\"@id\":\"https:\/\/sandzakpress.net\/arhiva\/tribina-prof-dr-sefika-kurdica-u-rozajama\/\"},\"author\":{\"name\":\"\",\"@id\":\"\"},\"headline\":\"Tribina prof. dr. \u0160efika Kurdi\u0107a u Ro\u017eajama\",\"datePublished\":\"2013-05-16T19:26:39+00:00\",\"mainEntityOfPage\":{\"@id\":\"https:\/\/sandzakpress.net\/arhiva\/tribina-prof-dr-sefika-kurdica-u-rozajama\/\"},\"wordCount\":356,\"commentCount\":0,\"publisher\":{\"@id\":\"https:\/\/sandzakpress.net\/arhiva\/#\/schema\/person\/6e72b67d6e51910a1117b3b483ba20bd\"},\"image\":{\"@id\":\"https:\/\/sandzakpress.net\/arhiva\/tribina-prof-dr-sefika-kurdica-u-rozajama\/#primaryimage\"},\"thumbnailUrl\":\"https:\/\/sandzakpress.net\/arhiva\/wp-content\/uploads\/2013\/05\/123.jpg\",\"articleSection\":[\"Ro\u017eaje\",\"Islamska zajednica\"],\"inLanguage\":\"bs-BA\",\"potentialAction\":[{\"@type\":\"CommentAction\",\"name\":\"Comment\",\"target\":[\"https:\/\/sandzakpress.net\/arhiva\/tribina-prof-dr-sefika-kurdica-u-rozajama\/#respond\"]}]},{\"@type\":\"WebPage\",\"@id\":\"https:\/\/sandzakpress.net\/arhiva\/tribina-prof-dr-sefika-kurdica-u-rozajama\/\",\"url\":\"https:\/\/sandzakpress.net\/arhiva\/tribina-prof-dr-sefika-kurdica-u-rozajama\/\",\"name\":\"Tribina prof. dr. \u0160efika Kurdi\u0107a u Ro\u017eajama\",\"isPartOf\":{\"@id\":\"https:\/\/sandzakpress.net\/arhiva\/#website\"},\"primaryImageOfPage\":{\"@id\":\"https:\/\/sandzakpress.net\/arhiva\/tribina-prof-dr-sefika-kurdica-u-rozajama\/#primaryimage\"},\"image\":{\"@id\":\"https:\/\/sandzakpress.net\/arhiva\/tribina-prof-dr-sefika-kurdica-u-rozajama\/#primaryimage\"},\"thumbnailUrl\":\"https:\/\/sandzakpress.net\/arhiva\/wp-content\/uploads\/2013\/05\/123.jpg\",\"datePublished\":\"2013-05-16T19:26:39+00:00\",\"breadcrumb\":{\"@id\":\"https:\/\/sandzakpress.net\/arhiva\/tribina-prof-dr-sefika-kurdica-u-rozajama\/#breadcrumb\"},\"inLanguage\":\"bs-BA\",\"potentialAction\":[{\"@type\":\"ReadAction\",\"target\":[\"https:\/\/sandzakpress.net\/arhiva\/tribina-prof-dr-sefika-kurdica-u-rozajama\/\"]}]},{\"@type\":\"ImageObject\",\"inLanguage\":\"bs-BA\",\"@id\":\"https:\/\/sandzakpress.net\/arhiva\/tribina-prof-dr-sefika-kurdica-u-rozajama\/#primaryimage\",\"url\":\"https:\/\/sandzakpress.net\/arhiva\/wp-content\/uploads\/2013\/05\/123.jpg\",\"contentUrl\":\"https:\/\/sandzakpress.net\/arhiva\/wp-content\/uploads\/2013\/05\/123.jpg\",\"width\":616,\"height\":445},{\"@type\":\"BreadcrumbList\",\"@id\":\"https:\/\/sandzakpress.net\/arhiva\/tribina-prof-dr-sefika-kurdica-u-rozajama\/#breadcrumb\",\"itemListElement\":[{\"@type\":\"ListItem\",\"position\":1,\"name\":\"Home\",\"item\":\"https:\/\/sandzakpress.net\/arhiva\/\"},{\"@type\":\"ListItem\",\"position\":2,\"name\":\"Tribina prof. dr. \u0160efika Kurdi\u0107a u Ro\u017eajama\"}]},{\"@type\":\"WebSite\",\"@id\":\"https:\/\/sandzakpress.net\/arhiva\/#website\",\"url\":\"https:\/\/sandzakpress.net\/arhiva\/\",\"name\":\"Sand\u017eak PRESS\",\"description\":\"Prve elektronske novine u Sand\u017eaku\",\"publisher\":{\"@id\":\"https:\/\/sandzakpress.net\/arhiva\/#\/schema\/person\/6e72b67d6e51910a1117b3b483ba20bd\"},\"potentialAction\":[{\"@type\":\"SearchAction\",\"target\":{\"@type\":\"EntryPoint\",\"urlTemplate\":\"https:\/\/sandzakpress.net\/arhiva\/?s={search_term_string}\"},\"query-input\":{\"@type\":\"PropertyValueSpecification\",\"valueRequired\":true,\"valueName\":\"search_term_string\"}}],\"inLanguage\":\"bs-BA\"},{\"@type\":[\"Person\",\"Organization\"],\"@id\":\"https:\/\/sandzakpress.net\/arhiva\/#\/schema\/person\/6e72b67d6e51910a1117b3b483ba20bd\",\"name\":\"Kul\",\"image\":{\"@type\":\"ImageObject\",\"inLanguage\":\"bs-BA\",\"@id\":\"https:\/\/sandzakpress.net\/arhiva\/#\/schema\/person\/image\/\",\"url\":\"https:\/\/secure.gravatar.com\/avatar\/42263f39aa27ac04c43cab85c280eb2e?s=96&d=mm&r=pg\",\"contentUrl\":\"https:\/\/secure.gravatar.com\/avatar\/42263f39aa27ac04c43cab85c280eb2e?s=96&d=mm&r=pg\",\"caption\":\"Kul\"},\"logo\":{\"@id\":\"https:\/\/sandzakpress.net\/arhiva\/#\/schema\/person\/image\/\"}},{\"@type\":\"Person\",\"@id\":\"\",\"url\":\"https:\/\/sandzakpress.net\/arhiva\/author\/\"}]}<\/script>\n<!-- \/ Yoast SEO Premium plugin. -->","yoast_head_json":{"title":"Tribina prof. dr. \u0160efika Kurdi\u0107a u Ro\u017eajama","robots":{"index":"index","follow":"follow","max-snippet":"max-snippet:-1","max-image-preview":"max-image-preview:large","max-video-preview":"max-video-preview:-1"},"canonical":"https:\/\/sandzakpress.net\/arhiva\/tribina-prof-dr-sefika-kurdica-u-rozajama\/","og_locale":"bs_BA","og_type":"article","og_title":"Tribina prof. dr. \u0160efika Kurdi\u0107a u Ro\u017eajama","og_description":"Ro\u017eaje \u2013 Dana, 06.05.2013. godine, sa ak\u0161am-namaza, u velikoj sali Centra za kulturu u Ro\u017eajama odr\u017eana je tribina i promocija knjige na temu \u201eSmak svijeta, evo dolazi\u201c Izlaga\u010d i gost predava\u010d je bio cijenjeni i ugledni alim\u00a0prof. dr. \u0160efik Kurdi\u0107. Uvodno a\u0161ere je prou\u010dio\u00a0Amer ef. Dautovi\u0107, koji je svojim milozvu\u010dnim glasom ustvari nagovijestio samo ono [&hellip;]","og_url":"https:\/\/sandzakpress.net\/arhiva\/tribina-prof-dr-sefika-kurdica-u-rozajama\/","og_site_name":"Sand\u017eak PRESS","article_published_time":"2013-05-16T19:26:39+00:00","og_image":[{"width":616,"height":445,"url":"https:\/\/sandzakpress.net\/arhiva\/wp-content\/uploads\/2013\/05\/123.jpg","type":"image\/jpeg"}],"twitter_card":"summary_large_image","twitter_misc":{"Written by":"","Est. reading time":"2 minute"},"schema":{"@context":"https:\/\/schema.org","@graph":[{"@type":"Article","@id":"https:\/\/sandzakpress.net\/arhiva\/tribina-prof-dr-sefika-kurdica-u-rozajama\/#article","isPartOf":{"@id":"https:\/\/sandzakpress.net\/arhiva\/tribina-prof-dr-sefika-kurdica-u-rozajama\/"},"author":{"name":"","@id":""},"headline":"Tribina prof. dr. \u0160efika Kurdi\u0107a u Ro\u017eajama","datePublished":"2013-05-16T19:26:39+00:00","mainEntityOfPage":{"@id":"https:\/\/sandzakpress.net\/arhiva\/tribina-prof-dr-sefika-kurdica-u-rozajama\/"},"wordCount":356,"commentCount":0,"publisher":{"@id":"https:\/\/sandzakpress.net\/arhiva\/#\/schema\/person\/6e72b67d6e51910a1117b3b483ba20bd"},"image":{"@id":"https:\/\/sandzakpress.net\/arhiva\/tribina-prof-dr-sefika-kurdica-u-rozajama\/#primaryimage"},"thumbnailUrl":"https:\/\/sandzakpress.net\/arhiva\/wp-content\/uploads\/2013\/05\/123.jpg","articleSection":["Ro\u017eaje","Islamska zajednica"],"inLanguage":"bs-BA","potentialAction":[{"@type":"CommentAction","name":"Comment","target":["https:\/\/sandzakpress.net\/arhiva\/tribina-prof-dr-sefika-kurdica-u-rozajama\/#respond"]}]},{"@type":"WebPage","@id":"https:\/\/sandzakpress.net\/arhiva\/tribina-prof-dr-sefika-kurdica-u-rozajama\/","url":"https:\/\/sandzakpress.net\/arhiva\/tribina-prof-dr-sefika-kurdica-u-rozajama\/","name":"Tribina prof. dr. \u0160efika Kurdi\u0107a u Ro\u017eajama","isPartOf":{"@id":"https:\/\/sandzakpress.net\/arhiva\/#website"},"primaryImageOfPage":{"@id":"https:\/\/sandzakpress.net\/arhiva\/tribina-prof-dr-sefika-kurdica-u-rozajama\/#primaryimage"},"image":{"@id":"https:\/\/sandzakpress.net\/arhiva\/tribina-prof-dr-sefika-kurdica-u-rozajama\/#primaryimage"},"thumbnailUrl":"https:\/\/sandzakpress.net\/arhiva\/wp-content\/uploads\/2013\/05\/123.jpg","datePublished":"2013-05-16T19:26:39+00:00","breadcrumb":{"@id":"https:\/\/sandzakpress.net\/arhiva\/tribina-prof-dr-sefika-kurdica-u-rozajama\/#breadcrumb"},"inLanguage":"bs-BA","potentialAction":[{"@type":"ReadAction","target":["https:\/\/sandzakpress.net\/arhiva\/tribina-prof-dr-sefika-kurdica-u-rozajama\/"]}]},{"@type":"ImageObject","inLanguage":"bs-BA","@id":"https:\/\/sandzakpress.net\/arhiva\/tribina-prof-dr-sefika-kurdica-u-rozajama\/#primaryimage","url":"https:\/\/sandzakpress.net\/arhiva\/wp-content\/uploads\/2013\/05\/123.jpg","contentUrl":"https:\/\/sandzakpress.net\/arhiva\/wp-content\/uploads\/2013\/05\/123.jpg","width":616,"height":445},{"@type":"BreadcrumbList","@id":"https:\/\/sandzakpress.net\/arhiva\/tribina-prof-dr-sefika-kurdica-u-rozajama\/#breadcrumb","itemListElement":[{"@type":"ListItem","position":1,"name":"Home","item":"https:\/\/sandzakpress.net\/arhiva\/"},{"@type":"ListItem","position":2,"name":"Tribina prof. dr. \u0160efika Kurdi\u0107a u Ro\u017eajama"}]},{"@type":"WebSite","@id":"https:\/\/sandzakpress.net\/arhiva\/#website","url":"https:\/\/sandzakpress.net\/arhiva\/","name":"Sand\u017eak PRESS","description":"Prve elektronske novine u Sand\u017eaku","publisher":{"@id":"https:\/\/sandzakpress.net\/arhiva\/#\/schema\/person\/6e72b67d6e51910a1117b3b483ba20bd"},"potentialAction":[{"@type":"SearchAction","target":{"@type":"EntryPoint","urlTemplate":"https:\/\/sandzakpress.net\/arhiva\/?s={search_term_string}"},"query-input":{"@type":"PropertyValueSpecification","valueRequired":true,"valueName":"search_term_string"}}],"inLanguage":"bs-BA"},{"@type":["Person","Organization"],"@id":"https:\/\/sandzakpress.net\/arhiva\/#\/schema\/person\/6e72b67d6e51910a1117b3b483ba20bd","name":"Kul","image":{"@type":"ImageObject","inLanguage":"bs-BA","@id":"https:\/\/sandzakpress.net\/arhiva\/#\/schema\/person\/image\/","url":"https:\/\/secure.gravatar.com\/avatar\/42263f39aa27ac04c43cab85c280eb2e?s=96&d=mm&r=pg","contentUrl":"https:\/\/secure.gravatar.com\/avatar\/42263f39aa27ac04c43cab85c280eb2e?s=96&d=mm&r=pg","caption":"Kul"},"logo":{"@id":"https:\/\/sandzakpress.net\/arhiva\/#\/schema\/person\/image\/"}},{"@type":"Person","@id":"","url":"https:\/\/sandzakpress.net\/arhiva\/author\/"}]}},"_links":{"self":[{"href":"https:\/\/sandzakpress.net\/arhiva\/wp-json\/wp\/v2\/posts\/76098"}],"collection":[{"href":"https:\/\/sandzakpress.net\/arhiva\/wp-json\/wp\/v2\/posts"}],"about":[{"href":"https:\/\/sandzakpress.net\/arhiva\/wp-json\/wp\/v2\/types\/post"}],"author":[{"embeddable":true,"href":"https:\/\/sandzakpress.net\/arhiva\/wp-json\/wp\/v2\/users\/16"}],"replies":[{"embeddable":true,"href":"https:\/\/sandzakpress.net\/arhiva\/wp-json\/wp\/v2\/comments?post=76098"}],"version-history":[{"count":0,"href":"https:\/\/sandzakpress.net\/arhiva\/wp-json\/wp\/v2\/posts\/76098\/revisions"}],"wp:featuredmedia":[{"embeddable":true,"href":"https:\/\/sandzakpress.net\/arhiva\/wp-json\/wp\/v2\/media\/76099"}],"wp:attachment":[{"href":"https:\/\/sandzakpress.net\/arhiva\/wp-json\/wp\/v2\/media?parent=76098"}],"wp:term":[{"taxonomy":"category","embeddable":true,"href":"https:\/\/sandzakpress.net\/arhiva\/wp-json\/wp\/v2\/categories?post=76098"},{"taxonomy":"post_tag","embeddable":true,"href":"https:\/\/sandzakpress.net\/arhiva\/wp-json\/wp\/v2\/tags?post=76098"}],"curies":[{"name":"wp","href":"https:\/\/api.w.org\/{rel}","templated":true}]}}