{"id":76067,"date":"2013-05-16T21:11:01","date_gmt":"2013-05-16T19:11:01","guid":{"rendered":"https:\/\/sandzakpress.net\/arhiva\/?p=76067"},"modified":"2013-05-16T21:11:01","modified_gmt":"2013-05-16T19:11:01","slug":"pljevlja-izgradnja-fabrike-cementa-starteski-je-interes-nase-opstine","status":"publish","type":"post","link":"https:\/\/sandzakpress.net\/arhiva\/pljevlja-izgradnja-fabrike-cementa-starteski-je-interes-nase-opstine\/","title":{"rendered":"Pljevlja: Izgradnja Fabrike cementa starte\u0161ki je interes na\u0161e op\u0161tine"},"content":{"rendered":"<p><strong><a href=\"https:\/\/sandzakpress.net\/arhiva\/wp-content\/uploads\/2013\/05\/thumb6.jpg\"><img loading=\"lazy\" decoding=\"async\" class=\"alignleft size-medium wp-image-76070\" title=\"thumb\" src=\"https:\/\/sandzakpress.net\/arhiva\/wp-content\/uploads\/2013\/05\/thumb6-300x164.jpg\" alt=\"\" width=\"300\" height=\"164\" \/><\/a>Pljevlja &#8211; Op\u0161tina Pljevlja uputila je inicijativu Vladi Crne Gore odnosno Ministarstvu ekonomije da raspi\u0161e Javni poziv za me\u0111unarodnu pretkvalifikaciju investitora zainteresovanih za dodijelu koncesija za detaljna geolo\u0161ka istra\u017eivanja i ekspoloataciju mineralne sirovine cementnog laporca na tehnogenom le\u017ei\u0161tu \u201eJagnjilo\u201c .<\/strong><\/p>\n<p>Inicijativa nadle\u017enom ministarstvu je dostavljena zbog strate\u0161kog zna\u010daja valorizacije cementnog laporca za na\u0161u op\u0161tinu i dr\u017eavu Crnu Goru, kao i prethodne aktivnosti Vlade Crne Gore i op\u0161tine Pljevlja\u00a0 vezane za izgradnju cementare.<\/p>\n<p>U obrazlo\u017eenju za raspisivanje Javnog me\u0111unarodnog poziva za dodjelu koncesija za detaljna geolo\u0161ka istra\u017eivanja i eksploataciju mineralne sirovine cementnog laporca iz na\u0161e op\u0161tine podsje\u0107aju Vladu da na le\u017eisti Jagnjilo ima oko 60 miliona tona laporca i laporovitog kre\u010dnjaka.\u00a0 Ovo tehnogeno le\u017ei\u0161te zahvata povr\u0161inu od 90 hektra, a njegov projektovani kapacitet dozvoljava\u00a0 odlaganje jo\u0161 oko 10 milina tona \u010dvrste mase, \u0161to prema dosada\u0161njem godi\u0161njem tempu odlaganja iznosi manje od \u010detiri godine. Zbog otvorenosti le\u017ei\u0161te \u00a0predstavlja crnu ekolo\u0161ku ta\u010du. Iskori\u0161tenje laporca za proizvodnju cementa starte\u0161ki je interes op\u0161tine, te je prostorno-planskim dokumentima definisana lokacija za izgradnju fabrike cementa u neposrednoj blizini tehnogenog le\u017eit\u0161ta.<\/p>\n<p>Tokom pro\u0161le godine op\u0161tinu\u00a0 Pljevlja posjetilo je vi\u0161e stranih investitora koji su izrazili zainteresovanost za eksploataciju laporca i izgradnju febrike Cementa. Me\u0111u njima je gra\u0111evinsko preduze\u0107e \u201eSfera\u201c iz Sank Peterburga \u010dije vlasnik vi\u0161e puta boravio u Pljevljima\u00a0 a sa svojim namjerama li\u010dno je upoznao predsjednika dr\u017eave i predstavnike Ministarstva ekonomije.<\/p>\n<p>Vlasnik \u201eSfera\u201c ponudio je oko 305 miliona evra za izgradnju fabrike ,kapaciteta \u00a0milion i 500 hiljada tona cementa godi\u0161nje na ve\u0107 ponu\u0111enoj ili drugoj lokaciji , izgradnju pruge Otilovi\u0107i Prjepolje kao i dodatno\u00a0 finasirnje\u00a0 izgradnju silosa za cement u luci Bar. Investitor je ponudio izgradnju sopstvenim sredstvima bez u\u010de\u0161\u0107a op\u0161tine i dr\u017eave po najsavremenijim tehnolo\u0161kim i ekolo\u0161kim evropskim standardima.<\/p>\n<p>Uz saglasnost predsjednika dr\u017eave, Vlade Crne Gore i ovla\u0161\u0107enje Skup\u0161tine op\u0161tine Pljevlja op\u0161tina je sa \u201eSferom\u201c potpisala ugovor o osnivanju Akcionarskog dru\u0161tva \u201eCrnogorsk icement Pljevlja\u201c koje\u00a0 je ovih dana registrovana i u Centralnom registru privrednog suda u Podgorici.<\/p>\n<p>U dopisu iz na\u0161e op\u0161tine pozivaju nadle\u017eno Ministarstvo da razmotri zakonske mogu\u0107nosti da novi investiri nastavi zapo\u010deti proces oko dobijanje koncesija prema\u00a0 Javnom pozivu iz 2010. Godine,\u0161to bi i\u0161lo u prilog br\u017eem procesu dobijanja prethodnih dozvola i br\u017eem po\u010detku realizacije izgradnje fabrike cementa.<\/p>\n<p>(Pvportal)<\/p>\n","protected":false},"excerpt":{"rendered":"<p>Pljevlja &#8211; Op\u0161tina Pljevlja uputila je inicijativu Vladi Crne Gore odnosno Ministarstvu ekonomije da raspi\u0161e Javni poziv za me\u0111unarodnu pretkvalifikaciju investitora zainteresovanih za dodijelu koncesija za detaljna geolo\u0161ka istra\u017eivanja i ekspoloataciju mineralne sirovine cementnog laporca na tehnogenom le\u017ei\u0161tu \u201eJagnjilo\u201c . Inicijativa nadle\u017enom ministarstvu je dostavljena zbog strate\u0161kog zna\u010daja valorizacije cementnog laporca za na\u0161u op\u0161tinu i [&hellip;]<\/p>\n","protected":false},"author":16,"featured_media":76070,"comment_status":"open","ping_status":"open","sticky":false,"template":"","format":"standard","meta":{"footnotes":""},"categories":[3,395],"tags":[],"class_list":{"0":"post-76067","1":"post","2":"type-post","3":"status-publish","4":"format-standard","5":"has-post-thumbnail","7":"category-privreda","8":"category-pljevlja_"},"yoast_head":"<!-- This site is optimized with the Yoast SEO Premium plugin v23.1 (Yoast SEO v24.9) - https:\/\/yoast.com\/wordpress\/plugins\/seo\/ -->\n<title>Pljevlja: Izgradnja Fabrike cementa starte\u0161ki je interes na\u0161e op\u0161tine<\/title>\n<meta name=\"robots\" content=\"index, follow, max-snippet:-1, max-image-preview:large, max-video-preview:-1\" \/>\n<link rel=\"canonical\" href=\"https:\/\/sandzakpress.net\/arhiva\/pljevlja-izgradnja-fabrike-cementa-starteski-je-interes-nase-opstine\/\" \/>\n<meta property=\"og:locale\" content=\"bs_BA\" \/>\n<meta property=\"og:type\" content=\"article\" \/>\n<meta property=\"og:title\" content=\"Pljevlja: Izgradnja Fabrike cementa starte\u0161ki je interes na\u0161e op\u0161tine\" \/>\n<meta property=\"og:description\" content=\"Pljevlja &#8211; Op\u0161tina Pljevlja uputila je inicijativu Vladi Crne Gore odnosno Ministarstvu ekonomije da raspi\u0161e Javni poziv za me\u0111unarodnu pretkvalifikaciju investitora zainteresovanih za dodijelu koncesija za detaljna geolo\u0161ka istra\u017eivanja i ekspoloataciju mineralne sirovine cementnog laporca na tehnogenom le\u017ei\u0161tu \u201eJagnjilo\u201c . Inicijativa nadle\u017enom ministarstvu je dostavljena zbog strate\u0161kog zna\u010daja valorizacije cementnog laporca za na\u0161u op\u0161tinu i [&hellip;]\" \/>\n<meta property=\"og:url\" content=\"https:\/\/sandzakpress.net\/arhiva\/pljevlja-izgradnja-fabrike-cementa-starteski-je-interes-nase-opstine\/\" \/>\n<meta property=\"og:site_name\" content=\"Sand\u017eak PRESS\" \/>\n<meta property=\"article:published_time\" content=\"2013-05-16T19:11:01+00:00\" \/>\n<meta property=\"og:image\" content=\"https:\/\/sandzakpress.net\/arhiva\/wp-content\/uploads\/2013\/05\/thumb6.jpg\" \/>\n\t<meta property=\"og:image:width\" content=\"616\" \/>\n\t<meta property=\"og:image:height\" content=\"338\" \/>\n\t<meta property=\"og:image:type\" content=\"image\/jpeg\" \/>\n<meta name=\"twitter:card\" content=\"summary_large_image\" \/>\n<meta name=\"twitter:label1\" content=\"Written by\" \/>\n\t<meta name=\"twitter:data1\" content=\"\" \/>\n\t<meta name=\"twitter:label2\" content=\"Est. reading time\" \/>\n\t<meta name=\"twitter:data2\" content=\"2 minute\" \/>\n<script type=\"application\/ld+json\" class=\"yoast-schema-graph\">{\"@context\":\"https:\/\/schema.org\",\"@graph\":[{\"@type\":\"Article\",\"@id\":\"https:\/\/sandzakpress.net\/arhiva\/pljevlja-izgradnja-fabrike-cementa-starteski-je-interes-nase-opstine\/#article\",\"isPartOf\":{\"@id\":\"https:\/\/sandzakpress.net\/arhiva\/pljevlja-izgradnja-fabrike-cementa-starteski-je-interes-nase-opstine\/\"},\"author\":{\"name\":\"\",\"@id\":\"\"},\"headline\":\"Pljevlja: Izgradnja Fabrike cementa starte\u0161ki je interes na\u0161e op\u0161tine\",\"datePublished\":\"2013-05-16T19:11:01+00:00\",\"mainEntityOfPage\":{\"@id\":\"https:\/\/sandzakpress.net\/arhiva\/pljevlja-izgradnja-fabrike-cementa-starteski-je-interes-nase-opstine\/\"},\"wordCount\":439,\"commentCount\":0,\"publisher\":{\"@id\":\"https:\/\/sandzakpress.net\/arhiva\/#\/schema\/person\/6e72b67d6e51910a1117b3b483ba20bd\"},\"image\":{\"@id\":\"https:\/\/sandzakpress.net\/arhiva\/pljevlja-izgradnja-fabrike-cementa-starteski-je-interes-nase-opstine\/#primaryimage\"},\"thumbnailUrl\":\"https:\/\/sandzakpress.net\/arhiva\/wp-content\/uploads\/2013\/05\/thumb6.jpg\",\"articleSection\":[\"Privreda\",\"Pljevlja\"],\"inLanguage\":\"bs-BA\",\"potentialAction\":[{\"@type\":\"CommentAction\",\"name\":\"Comment\",\"target\":[\"https:\/\/sandzakpress.net\/arhiva\/pljevlja-izgradnja-fabrike-cementa-starteski-je-interes-nase-opstine\/#respond\"]}]},{\"@type\":\"WebPage\",\"@id\":\"https:\/\/sandzakpress.net\/arhiva\/pljevlja-izgradnja-fabrike-cementa-starteski-je-interes-nase-opstine\/\",\"url\":\"https:\/\/sandzakpress.net\/arhiva\/pljevlja-izgradnja-fabrike-cementa-starteski-je-interes-nase-opstine\/\",\"name\":\"Pljevlja: Izgradnja Fabrike cementa starte\u0161ki je interes na\u0161e op\u0161tine\",\"isPartOf\":{\"@id\":\"https:\/\/sandzakpress.net\/arhiva\/#website\"},\"primaryImageOfPage\":{\"@id\":\"https:\/\/sandzakpress.net\/arhiva\/pljevlja-izgradnja-fabrike-cementa-starteski-je-interes-nase-opstine\/#primaryimage\"},\"image\":{\"@id\":\"https:\/\/sandzakpress.net\/arhiva\/pljevlja-izgradnja-fabrike-cementa-starteski-je-interes-nase-opstine\/#primaryimage\"},\"thumbnailUrl\":\"https:\/\/sandzakpress.net\/arhiva\/wp-content\/uploads\/2013\/05\/thumb6.jpg\",\"datePublished\":\"2013-05-16T19:11:01+00:00\",\"breadcrumb\":{\"@id\":\"https:\/\/sandzakpress.net\/arhiva\/pljevlja-izgradnja-fabrike-cementa-starteski-je-interes-nase-opstine\/#breadcrumb\"},\"inLanguage\":\"bs-BA\",\"potentialAction\":[{\"@type\":\"ReadAction\",\"target\":[\"https:\/\/sandzakpress.net\/arhiva\/pljevlja-izgradnja-fabrike-cementa-starteski-je-interes-nase-opstine\/\"]}]},{\"@type\":\"ImageObject\",\"inLanguage\":\"bs-BA\",\"@id\":\"https:\/\/sandzakpress.net\/arhiva\/pljevlja-izgradnja-fabrike-cementa-starteski-je-interes-nase-opstine\/#primaryimage\",\"url\":\"https:\/\/sandzakpress.net\/arhiva\/wp-content\/uploads\/2013\/05\/thumb6.jpg\",\"contentUrl\":\"https:\/\/sandzakpress.net\/arhiva\/wp-content\/uploads\/2013\/05\/thumb6.jpg\",\"width\":616,\"height\":338},{\"@type\":\"BreadcrumbList\",\"@id\":\"https:\/\/sandzakpress.net\/arhiva\/pljevlja-izgradnja-fabrike-cementa-starteski-je-interes-nase-opstine\/#breadcrumb\",\"itemListElement\":[{\"@type\":\"ListItem\",\"position\":1,\"name\":\"Home\",\"item\":\"https:\/\/sandzakpress.net\/arhiva\/\"},{\"@type\":\"ListItem\",\"position\":2,\"name\":\"Pljevlja: Izgradnja Fabrike cementa starte\u0161ki je interes na\u0161e op\u0161tine\"}]},{\"@type\":\"WebSite\",\"@id\":\"https:\/\/sandzakpress.net\/arhiva\/#website\",\"url\":\"https:\/\/sandzakpress.net\/arhiva\/\",\"name\":\"Sand\u017eak PRESS\",\"description\":\"Prve elektronske novine u Sand\u017eaku\",\"publisher\":{\"@id\":\"https:\/\/sandzakpress.net\/arhiva\/#\/schema\/person\/6e72b67d6e51910a1117b3b483ba20bd\"},\"potentialAction\":[{\"@type\":\"SearchAction\",\"target\":{\"@type\":\"EntryPoint\",\"urlTemplate\":\"https:\/\/sandzakpress.net\/arhiva\/?s={search_term_string}\"},\"query-input\":{\"@type\":\"PropertyValueSpecification\",\"valueRequired\":true,\"valueName\":\"search_term_string\"}}],\"inLanguage\":\"bs-BA\"},{\"@type\":[\"Person\",\"Organization\"],\"@id\":\"https:\/\/sandzakpress.net\/arhiva\/#\/schema\/person\/6e72b67d6e51910a1117b3b483ba20bd\",\"name\":\"Kul\",\"image\":{\"@type\":\"ImageObject\",\"inLanguage\":\"bs-BA\",\"@id\":\"https:\/\/sandzakpress.net\/arhiva\/#\/schema\/person\/image\/\",\"url\":\"https:\/\/secure.gravatar.com\/avatar\/42263f39aa27ac04c43cab85c280eb2e?s=96&d=mm&r=pg\",\"contentUrl\":\"https:\/\/secure.gravatar.com\/avatar\/42263f39aa27ac04c43cab85c280eb2e?s=96&d=mm&r=pg\",\"caption\":\"Kul\"},\"logo\":{\"@id\":\"https:\/\/sandzakpress.net\/arhiva\/#\/schema\/person\/image\/\"}},{\"@type\":\"Person\",\"@id\":\"\",\"url\":\"https:\/\/sandzakpress.net\/arhiva\/author\/\"}]}<\/script>\n<!-- \/ Yoast SEO Premium plugin. -->","yoast_head_json":{"title":"Pljevlja: Izgradnja Fabrike cementa starte\u0161ki je interes na\u0161e op\u0161tine","robots":{"index":"index","follow":"follow","max-snippet":"max-snippet:-1","max-image-preview":"max-image-preview:large","max-video-preview":"max-video-preview:-1"},"canonical":"https:\/\/sandzakpress.net\/arhiva\/pljevlja-izgradnja-fabrike-cementa-starteski-je-interes-nase-opstine\/","og_locale":"bs_BA","og_type":"article","og_title":"Pljevlja: Izgradnja Fabrike cementa starte\u0161ki je interes na\u0161e op\u0161tine","og_description":"Pljevlja &#8211; Op\u0161tina Pljevlja uputila je inicijativu Vladi Crne Gore odnosno Ministarstvu ekonomije da raspi\u0161e Javni poziv za me\u0111unarodnu pretkvalifikaciju investitora zainteresovanih za dodijelu koncesija za detaljna geolo\u0161ka istra\u017eivanja i ekspoloataciju mineralne sirovine cementnog laporca na tehnogenom le\u017ei\u0161tu \u201eJagnjilo\u201c . Inicijativa nadle\u017enom ministarstvu je dostavljena zbog strate\u0161kog zna\u010daja valorizacije cementnog laporca za na\u0161u op\u0161tinu i [&hellip;]","og_url":"https:\/\/sandzakpress.net\/arhiva\/pljevlja-izgradnja-fabrike-cementa-starteski-je-interes-nase-opstine\/","og_site_name":"Sand\u017eak PRESS","article_published_time":"2013-05-16T19:11:01+00:00","og_image":[{"width":616,"height":338,"url":"https:\/\/sandzakpress.net\/arhiva\/wp-content\/uploads\/2013\/05\/thumb6.jpg","type":"image\/jpeg"}],"twitter_card":"summary_large_image","twitter_misc":{"Written by":"","Est. reading time":"2 minute"},"schema":{"@context":"https:\/\/schema.org","@graph":[{"@type":"Article","@id":"https:\/\/sandzakpress.net\/arhiva\/pljevlja-izgradnja-fabrike-cementa-starteski-je-interes-nase-opstine\/#article","isPartOf":{"@id":"https:\/\/sandzakpress.net\/arhiva\/pljevlja-izgradnja-fabrike-cementa-starteski-je-interes-nase-opstine\/"},"author":{"name":"","@id":""},"headline":"Pljevlja: Izgradnja Fabrike cementa starte\u0161ki je interes na\u0161e op\u0161tine","datePublished":"2013-05-16T19:11:01+00:00","mainEntityOfPage":{"@id":"https:\/\/sandzakpress.net\/arhiva\/pljevlja-izgradnja-fabrike-cementa-starteski-je-interes-nase-opstine\/"},"wordCount":439,"commentCount":0,"publisher":{"@id":"https:\/\/sandzakpress.net\/arhiva\/#\/schema\/person\/6e72b67d6e51910a1117b3b483ba20bd"},"image":{"@id":"https:\/\/sandzakpress.net\/arhiva\/pljevlja-izgradnja-fabrike-cementa-starteski-je-interes-nase-opstine\/#primaryimage"},"thumbnailUrl":"https:\/\/sandzakpress.net\/arhiva\/wp-content\/uploads\/2013\/05\/thumb6.jpg","articleSection":["Privreda","Pljevlja"],"inLanguage":"bs-BA","potentialAction":[{"@type":"CommentAction","name":"Comment","target":["https:\/\/sandzakpress.net\/arhiva\/pljevlja-izgradnja-fabrike-cementa-starteski-je-interes-nase-opstine\/#respond"]}]},{"@type":"WebPage","@id":"https:\/\/sandzakpress.net\/arhiva\/pljevlja-izgradnja-fabrike-cementa-starteski-je-interes-nase-opstine\/","url":"https:\/\/sandzakpress.net\/arhiva\/pljevlja-izgradnja-fabrike-cementa-starteski-je-interes-nase-opstine\/","name":"Pljevlja: Izgradnja Fabrike cementa starte\u0161ki je interes na\u0161e op\u0161tine","isPartOf":{"@id":"https:\/\/sandzakpress.net\/arhiva\/#website"},"primaryImageOfPage":{"@id":"https:\/\/sandzakpress.net\/arhiva\/pljevlja-izgradnja-fabrike-cementa-starteski-je-interes-nase-opstine\/#primaryimage"},"image":{"@id":"https:\/\/sandzakpress.net\/arhiva\/pljevlja-izgradnja-fabrike-cementa-starteski-je-interes-nase-opstine\/#primaryimage"},"thumbnailUrl":"https:\/\/sandzakpress.net\/arhiva\/wp-content\/uploads\/2013\/05\/thumb6.jpg","datePublished":"2013-05-16T19:11:01+00:00","breadcrumb":{"@id":"https:\/\/sandzakpress.net\/arhiva\/pljevlja-izgradnja-fabrike-cementa-starteski-je-interes-nase-opstine\/#breadcrumb"},"inLanguage":"bs-BA","potentialAction":[{"@type":"ReadAction","target":["https:\/\/sandzakpress.net\/arhiva\/pljevlja-izgradnja-fabrike-cementa-starteski-je-interes-nase-opstine\/"]}]},{"@type":"ImageObject","inLanguage":"bs-BA","@id":"https:\/\/sandzakpress.net\/arhiva\/pljevlja-izgradnja-fabrike-cementa-starteski-je-interes-nase-opstine\/#primaryimage","url":"https:\/\/sandzakpress.net\/arhiva\/wp-content\/uploads\/2013\/05\/thumb6.jpg","contentUrl":"https:\/\/sandzakpress.net\/arhiva\/wp-content\/uploads\/2013\/05\/thumb6.jpg","width":616,"height":338},{"@type":"BreadcrumbList","@id":"https:\/\/sandzakpress.net\/arhiva\/pljevlja-izgradnja-fabrike-cementa-starteski-je-interes-nase-opstine\/#breadcrumb","itemListElement":[{"@type":"ListItem","position":1,"name":"Home","item":"https:\/\/sandzakpress.net\/arhiva\/"},{"@type":"ListItem","position":2,"name":"Pljevlja: Izgradnja Fabrike cementa starte\u0161ki je interes na\u0161e op\u0161tine"}]},{"@type":"WebSite","@id":"https:\/\/sandzakpress.net\/arhiva\/#website","url":"https:\/\/sandzakpress.net\/arhiva\/","name":"Sand\u017eak PRESS","description":"Prve elektronske novine u Sand\u017eaku","publisher":{"@id":"https:\/\/sandzakpress.net\/arhiva\/#\/schema\/person\/6e72b67d6e51910a1117b3b483ba20bd"},"potentialAction":[{"@type":"SearchAction","target":{"@type":"EntryPoint","urlTemplate":"https:\/\/sandzakpress.net\/arhiva\/?s={search_term_string}"},"query-input":{"@type":"PropertyValueSpecification","valueRequired":true,"valueName":"search_term_string"}}],"inLanguage":"bs-BA"},{"@type":["Person","Organization"],"@id":"https:\/\/sandzakpress.net\/arhiva\/#\/schema\/person\/6e72b67d6e51910a1117b3b483ba20bd","name":"Kul","image":{"@type":"ImageObject","inLanguage":"bs-BA","@id":"https:\/\/sandzakpress.net\/arhiva\/#\/schema\/person\/image\/","url":"https:\/\/secure.gravatar.com\/avatar\/42263f39aa27ac04c43cab85c280eb2e?s=96&d=mm&r=pg","contentUrl":"https:\/\/secure.gravatar.com\/avatar\/42263f39aa27ac04c43cab85c280eb2e?s=96&d=mm&r=pg","caption":"Kul"},"logo":{"@id":"https:\/\/sandzakpress.net\/arhiva\/#\/schema\/person\/image\/"}},{"@type":"Person","@id":"","url":"https:\/\/sandzakpress.net\/arhiva\/author\/"}]}},"_links":{"self":[{"href":"https:\/\/sandzakpress.net\/arhiva\/wp-json\/wp\/v2\/posts\/76067"}],"collection":[{"href":"https:\/\/sandzakpress.net\/arhiva\/wp-json\/wp\/v2\/posts"}],"about":[{"href":"https:\/\/sandzakpress.net\/arhiva\/wp-json\/wp\/v2\/types\/post"}],"author":[{"embeddable":true,"href":"https:\/\/sandzakpress.net\/arhiva\/wp-json\/wp\/v2\/users\/16"}],"replies":[{"embeddable":true,"href":"https:\/\/sandzakpress.net\/arhiva\/wp-json\/wp\/v2\/comments?post=76067"}],"version-history":[{"count":0,"href":"https:\/\/sandzakpress.net\/arhiva\/wp-json\/wp\/v2\/posts\/76067\/revisions"}],"wp:featuredmedia":[{"embeddable":true,"href":"https:\/\/sandzakpress.net\/arhiva\/wp-json\/wp\/v2\/media\/76070"}],"wp:attachment":[{"href":"https:\/\/sandzakpress.net\/arhiva\/wp-json\/wp\/v2\/media?parent=76067"}],"wp:term":[{"taxonomy":"category","embeddable":true,"href":"https:\/\/sandzakpress.net\/arhiva\/wp-json\/wp\/v2\/categories?post=76067"},{"taxonomy":"post_tag","embeddable":true,"href":"https:\/\/sandzakpress.net\/arhiva\/wp-json\/wp\/v2\/tags?post=76067"}],"curies":[{"name":"wp","href":"https:\/\/api.w.org\/{rel}","templated":true}]}}