{"id":75888,"date":"2013-05-14T21:32:57","date_gmt":"2013-05-14T19:32:57","guid":{"rendered":"https:\/\/sandzakpress.net\/arhiva\/?p=75888"},"modified":"2013-05-15T12:27:28","modified_gmt":"2013-05-15T10:27:28","slug":"dvadeset-novih-diplomaca-fis-a-svecana-dodjela-diploma-foto","status":"publish","type":"post","link":"https:\/\/sandzakpress.net\/arhiva\/dvadeset-novih-diplomaca-fis-a-svecana-dodjela-diploma-foto\/","title":{"rendered":"Dvadeset novih diplomaca FIS-a: SVE\u010cANA DODJELA DIPLOMA (Foto)"},"content":{"rendered":"<p><a href=\"https:\/\/sandzakpress.net\/arhiva\/wp-content\/uploads\/2013\/05\/dodjela-diploma-na-FIS-u-14.05.2012-13.jpg\"><img loading=\"lazy\" decoding=\"async\" class=\"aligncenter size-full wp-image-75889\" title=\"dodjela diploma na FIS-u, 14.05.2012 13\" src=\"https:\/\/sandzakpress.net\/arhiva\/wp-content\/uploads\/2013\/05\/dodjela-diploma-na-FIS-u-14.05.2012-13.jpg\" alt=\"\" width=\"620\" height=\"412\" \/><\/a><\/p>\n<p><strong>Novi Pazar &#8211; U ponedjeljak 13.05.2013. godine odr\u017eana je sve\u010dana dodjela diploma za dvadeset diplomaca Fakluteta za islamske studije u Novom Pazaru.<\/strong><\/p>\n<p><strong><img decoding=\"async\" src=\"http:\/\/mesihat.org\/images\/stories\/dodjela%20diploma%20na%20FIS-u,%2014.05.2012\/dodjela%20diploma%20na%20FIS-u,%2014.05.2012%2006.jpg\" alt=\"\" \/><\/strong><\/p>\n<p>Sve\u010danost je odr\u017eana u Velikoj sali Me\u0161ihata, a skupu su prisustvovale brojne delegacije: Islamske zajednice na \u010delu sa podpredsjednikom Re\u0161ad-ef. Plojovi\u0107em, Internacionalnog univerziteta predvo\u0111enu prorektoricom dr. Amelom Luka\u010d-Zorani\u0107 i generalnim menad\u017eerom Elmom Elfi\u0107-Zukorli\u0107, Fakulteta za islamske nauke iz Sarajeva predvo\u0111enu dekanom prof. dr. Ismetom Bu\u0161atli\u0107em, Fakulteta za islamske studije predvo\u0111enu dekanom hfz. dr. Almir-ef. Pramenkovi\u0107em, te brojne druge, kao i roditelji diplomaca, studenti FIS-a i maturanti Medrese i drugih srednjih \u0161kola.<\/p>\n<p><img decoding=\"async\" src=\"http:\/\/mesihat.org\/images\/stories\/dodjela%20diploma%20na%20FIS-u,%2014.05.2012\/dodjela%20diploma%20na%20FIS-u,%2014.05.2012%2002.jpg\" alt=\"\" \/><\/p>\n<p>Ovogodi\u0161nji diplomci FIS-a su:<\/p>\n<ul>\n<li><span style=\"color: #000000;\">Jamini (Sejran) Azra, ro\u0111ena 04.04.1988. u Mitrovici, Kosovo, diplomirala na temu: \u201cKloniranje u svjetlu islamskog u\u010denja\u201d;<\/span><\/li>\n<li><span style=\"color: #000000;\">Gojak (Sejfo) Admir, ro\u0111en 01.04.1985. u Prijepolju, diplomirao na temu: \u201cVakufi u Prijepolju\u201d<\/span><\/li>\n<li><span style=\"color: #000000;\">\u010cupovi\u0107 (Smailj) Semir ro\u0111en 07.02.1989. u Tutinu, diplomirao na temu: \u201cEutanazija\u201d<\/span><\/li>\n<li><span style=\"color: #000000;\">Muri\u0107 (Ragip) Zineta, ro\u0111ena 12.12.1987. u Ro\u017eajama, diplomirala na temu: \u201cBo\u0161nja\u010dki obi\u010daji u ro\u017eajskom kraju\u201d<\/span><\/li>\n<li><span style=\"color: #000000;\">Mehovi\u0107 (Bajram) Selma, ro\u0111ena 27.05.1987. u Ro\u017eajama, diplomirala na temu: Muhammed, a.s. kao odgajatelj<\/span><\/li>\n<li><span style=\"color: #000000;\">Plojovi\u0107 (Daut) Selma, ro\u0111ena 27.12.1989. u Novom Pazaru, diplomirala na temu: \u201cPolurje\u010denica u Kur'an'i-kerimu\u201d<\/span><\/li>\n<li><span style=\"color: #000000;\">Ademovi\u0107 (Rasim) Zijad, ro\u0111en 03.03.1983. u Novom Pazaru, diplomirao na temu: \u201cVaspitno-obrazovni rad u kombinovanom odjeljenju\u201d<\/span><\/li>\n<li><span style=\"color: #000000;\">\u0160krijelj (Ahmet) Sead, ro\u0111en 22.10.1988. u Novom Pazaru, diplomirao na temu: \u201cUticaj razvoda braka na vaspitanje djece\u201d<\/span><\/li>\n<li><span style=\"color: #000000;\">Halitovi\u0107 (Halit) Nezrina, ro\u0111ena 31.07.1989. u Novom Pazaru, diplomirala na temu: \u201cInterakcija i komunikacija u nastavnom procesu\u201d<\/span><\/li>\n<li><span style=\"color: #000000;\">Arifovi\u0107 (Senad) Had\u017eera, ro\u0111ena 02.05.1989. u Sjenici, diplomirala na temu: \u201cUloga roditelja u odgoju i obrazovanju djece\u201d<\/span><\/li>\n<li><span style=\"color: #000000;\">Plojovi\u0107 (D\u017eemo) Mukadesa, ro\u0111ena 16.03.1989. u Novom Pazaru, diplomirala na temu: \u201cFaktori nastavnog procesa\u201d<\/span><\/li>\n<li><span style=\"color: #000000;\">Hamidovi\u0107 (Fehim) Mensur, ro\u0111en 08.09.1973. u Sjenici, diplomirao na temu: \u201cSjeni\u010dki imami 20. vijeka i njihov doprinos o\u010duvanju islama\u201d<\/span><\/li>\n<li><span style=\"color: #000000;\">Doljanac (Tasim) Admir, ro\u0111en 26.07.1985. u Novom Pazaru, diplomirao na temu: \u201cMediji i ljudska prava\u201d<\/span><\/li>\n<li><span style=\"color: #000000;\">\u0160krijelj (Harun) Emil, ro\u0111en 25.11.1988. u Bar, Crna Gora, diplomirao na temu: \u201cKomunikaciona sredstva u svjetlu islama\u201d<\/span><\/li>\n<li><span style=\"color: #000000;\">Gazi\u0107 (Rustem) Enes, ro\u0111en 14.10.1972. u \u017dep\u010de, Bosna i Hercegovina, diplomirao na temu: \u201cSaradnja porodice i \u0161kole kao faktor prevencije neuspjeha u\u010denika\u201d<\/span><\/li>\n<li><span style=\"color: #000000;\">Be\u0107ovi\u0107 (Abdulah) D\u017eeneta, ro\u0111ena 31.06.1989. u Bagdadu, Irak, diplomirala na temu: \u201cOblici i metode rada u nastavi\u201d<\/span><\/li>\n<li><span style=\"color: #000000;\">Bihorac (Had\u017eo) Sabrina, ro\u0111ena 25.05.1988. u Novom Pazaru, diplomirala na temu: \u201cKompetencije savremenog nastavnika\u201d<\/span><\/li>\n<li><span style=\"color: #000000;\">Ba\u017edar (Mersad) Sulejman, ro\u0111ena 29.08.1988. u Sjenici, diplomirao na temu: \u201cNastavnik kao faktor u nastavno-obrazovnom procesu u savremenoj \u0161koli\u201d<\/span><\/li>\n<li><span style=\"color: #000000;\">Graca (Zeno) Selma, ro\u0111ena 21.12.1987. u Sjenici, diplomirala na temu: \u201cUticaj namaza i dove na psihu \u010dovjeka\u201d<\/span><\/li>\n<li><span style=\"color: #000000;\">Cucak (Rasim) Senada, ro\u0111ena 01.03.1988. u Sjenici, diplomirala na temu: \u201cUticaj \u0161tampanih medija na odgoj djece\u201d<\/span><\/li>\n<\/ul>\n<p><img decoding=\"async\" src=\"http:\/\/mesihat.org\/images\/stories\/dodjela%20diploma%20na%20FIS-u,%2014.05.2012\/dodjela%20diploma%20na%20FIS-u,%2014.05.2012%2010.jpg\" alt=\"\" \/><\/p>\n<p>Prisutnima su se obratili podrpedsjednik Me\u0161ihata Re\u0161ad-ef. Plojovi\u0107 i dekan FIN-a dr. Ismet Bu\u0161atli\u0107, a u ime doma\u0107ina obratio se dekan Pramenkovi\u0107.<\/p>\n<p>U\u010denjem fatihe za du\u0161u rah. prof. dr. Mehmeda Me\u0161i\u0107a prisutni su se prisjetili njegovog rada i djela na polju islamske znanosti. U\u010denica Medrese Naida Zekovi\u0107 pro\u010dtala je svoj rad napisan nakon smrti prof. Me\u0161i\u0107a.<\/p>\n<p>Fakultet za islamske studije u Novom Pazaru posthumno je dodijelio Plaketu rah. prof. Me\u0161i\u0107u koju je primio njegov sin Tarik Me\u0161i\u0107.<\/p>\n<p><img decoding=\"async\" src=\"http:\/\/mesihat.org\/images\/stories\/dodjela%20diploma%20na%20FIS-u,%2014.05.2012\/dodjela%20diploma%20na%20FIS-u,%2014.05.2012%2014.jpg\" alt=\"\" \/><\/p>\n<p><strong>Salahudin Feti\u0107 (Mesihat.org)<\/strong><\/p>\n","protected":false},"excerpt":{"rendered":"<p>Novi Pazar &#8211; U ponedjeljak 13.05.2013. godine odr\u017eana je sve\u010dana dodjela diploma za dvadeset diplomaca Fakluteta za islamske studije u Novom Pazaru. Sve\u010danost je odr\u017eana u Velikoj sali Me\u0161ihata, a skupu su prisustvovale brojne delegacije: Islamske zajednice na \u010delu sa podpredsjednikom Re\u0161ad-ef. Plojovi\u0107em, Internacionalnog univerziteta predvo\u0111enu prorektoricom dr. Amelom Luka\u010d-Zorani\u0107 i generalnim menad\u017eerom Elmom Elfi\u0107-Zukorli\u0107, [&hellip;]<\/p>\n","protected":false},"author":83,"featured_media":75889,"comment_status":"open","ping_status":"open","sticky":false,"template":"","format":"standard","meta":{"footnotes":""},"categories":[72,398,52,327,392,4,8957],"tags":[],"class_list":{"0":"post-75888","1":"post","2":"type-post","3":"status-publish","4":"format-standard","5":"has-post-thumbnail","7":"category-novi-pazar","8":"category-rozaje","9":"category-sjenica","10":"category-tutin","11":"category-prijepolje_","12":"category-obrazovanje","13":"category-vijesti-dana"},"yoast_head":"<!-- This site is optimized with the Yoast SEO Premium plugin v23.1 (Yoast SEO v24.9) - https:\/\/yoast.com\/wordpress\/plugins\/seo\/ -->\n<title>Dvadeset novih diplomaca FIS-a: SVE\u010cANA DODJELA DIPLOMA (Foto)<\/title>\n<meta name=\"robots\" content=\"index, follow, max-snippet:-1, max-image-preview:large, max-video-preview:-1\" \/>\n<link rel=\"canonical\" href=\"https:\/\/sandzakpress.net\/arhiva\/dvadeset-novih-diplomaca-fis-a-svecana-dodjela-diploma-foto\/\" \/>\n<meta property=\"og:locale\" content=\"bs_BA\" \/>\n<meta property=\"og:type\" content=\"article\" \/>\n<meta property=\"og:title\" content=\"Dvadeset novih diplomaca FIS-a: SVE\u010cANA DODJELA DIPLOMA (Foto)\" \/>\n<meta property=\"og:description\" content=\"Novi Pazar &#8211; U ponedjeljak 13.05.2013. godine odr\u017eana je sve\u010dana dodjela diploma za dvadeset diplomaca Fakluteta za islamske studije u Novom Pazaru. Sve\u010danost je odr\u017eana u Velikoj sali Me\u0161ihata, a skupu su prisustvovale brojne delegacije: Islamske zajednice na \u010delu sa podpredsjednikom Re\u0161ad-ef. Plojovi\u0107em, Internacionalnog univerziteta predvo\u0111enu prorektoricom dr. Amelom Luka\u010d-Zorani\u0107 i generalnim menad\u017eerom Elmom Elfi\u0107-Zukorli\u0107, [&hellip;]\" \/>\n<meta property=\"og:url\" content=\"https:\/\/sandzakpress.net\/arhiva\/dvadeset-novih-diplomaca-fis-a-svecana-dodjela-diploma-foto\/\" \/>\n<meta property=\"og:site_name\" content=\"Sand\u017eak PRESS\" \/>\n<meta property=\"article:published_time\" content=\"2013-05-14T19:32:57+00:00\" \/>\n<meta property=\"article:modified_time\" content=\"2013-05-15T10:27:28+00:00\" \/>\n<meta property=\"og:image\" content=\"https:\/\/sandzakpress.net\/arhiva\/wp-content\/uploads\/2013\/05\/dodjela-diploma-na-FIS-u-14.05.2012-13.jpg\" \/>\n\t<meta property=\"og:image:width\" content=\"616\" \/>\n\t<meta property=\"og:image:height\" content=\"409\" \/>\n\t<meta property=\"og:image:type\" content=\"image\/jpeg\" \/>\n<meta name=\"author\" content=\"bosniak\" \/>\n<meta name=\"twitter:card\" content=\"summary_large_image\" \/>\n<meta name=\"twitter:label1\" content=\"Written by\" \/>\n\t<meta name=\"twitter:data1\" content=\"bosniak\" \/>\n\t<meta name=\"twitter:label2\" content=\"Est. reading time\" \/>\n\t<meta name=\"twitter:data2\" content=\"3 minute\" \/>\n<script type=\"application\/ld+json\" class=\"yoast-schema-graph\">{\"@context\":\"https:\/\/schema.org\",\"@graph\":[{\"@type\":\"Article\",\"@id\":\"https:\/\/sandzakpress.net\/arhiva\/dvadeset-novih-diplomaca-fis-a-svecana-dodjela-diploma-foto\/#article\",\"isPartOf\":{\"@id\":\"https:\/\/sandzakpress.net\/arhiva\/dvadeset-novih-diplomaca-fis-a-svecana-dodjela-diploma-foto\/\"},\"author\":{\"name\":\"bosniak\",\"@id\":\"https:\/\/sandzakpress.net\/arhiva\/#\/schema\/person\/c8baee722073534b583ea7bdb2e36c02\"},\"headline\":\"Dvadeset novih diplomaca FIS-a: SVE\u010cANA DODJELA DIPLOMA (Foto)\",\"datePublished\":\"2013-05-14T19:32:57+00:00\",\"dateModified\":\"2013-05-15T10:27:28+00:00\",\"mainEntityOfPage\":{\"@id\":\"https:\/\/sandzakpress.net\/arhiva\/dvadeset-novih-diplomaca-fis-a-svecana-dodjela-diploma-foto\/\"},\"wordCount\":558,\"commentCount\":1,\"publisher\":{\"@id\":\"https:\/\/sandzakpress.net\/arhiva\/#\/schema\/person\/6e72b67d6e51910a1117b3b483ba20bd\"},\"image\":{\"@id\":\"https:\/\/sandzakpress.net\/arhiva\/dvadeset-novih-diplomaca-fis-a-svecana-dodjela-diploma-foto\/#primaryimage\"},\"thumbnailUrl\":\"https:\/\/sandzakpress.net\/arhiva\/wp-content\/uploads\/2013\/05\/dodjela-diploma-na-FIS-u-14.05.2012-13.jpg\",\"articleSection\":[\"Novi Pazar\",\"Ro\u017eaje\",\"Sjenica\",\"Tutin\",\"Prijepolje\",\"Obrazovanje\",\"VIJESTI DANA\"],\"inLanguage\":\"bs-BA\",\"potentialAction\":[{\"@type\":\"CommentAction\",\"name\":\"Comment\",\"target\":[\"https:\/\/sandzakpress.net\/arhiva\/dvadeset-novih-diplomaca-fis-a-svecana-dodjela-diploma-foto\/#respond\"]}]},{\"@type\":\"WebPage\",\"@id\":\"https:\/\/sandzakpress.net\/arhiva\/dvadeset-novih-diplomaca-fis-a-svecana-dodjela-diploma-foto\/\",\"url\":\"https:\/\/sandzakpress.net\/arhiva\/dvadeset-novih-diplomaca-fis-a-svecana-dodjela-diploma-foto\/\",\"name\":\"Dvadeset novih diplomaca FIS-a: SVE\u010cANA DODJELA DIPLOMA (Foto)\",\"isPartOf\":{\"@id\":\"https:\/\/sandzakpress.net\/arhiva\/#website\"},\"primaryImageOfPage\":{\"@id\":\"https:\/\/sandzakpress.net\/arhiva\/dvadeset-novih-diplomaca-fis-a-svecana-dodjela-diploma-foto\/#primaryimage\"},\"image\":{\"@id\":\"https:\/\/sandzakpress.net\/arhiva\/dvadeset-novih-diplomaca-fis-a-svecana-dodjela-diploma-foto\/#primaryimage\"},\"thumbnailUrl\":\"https:\/\/sandzakpress.net\/arhiva\/wp-content\/uploads\/2013\/05\/dodjela-diploma-na-FIS-u-14.05.2012-13.jpg\",\"datePublished\":\"2013-05-14T19:32:57+00:00\",\"dateModified\":\"2013-05-15T10:27:28+00:00\",\"breadcrumb\":{\"@id\":\"https:\/\/sandzakpress.net\/arhiva\/dvadeset-novih-diplomaca-fis-a-svecana-dodjela-diploma-foto\/#breadcrumb\"},\"inLanguage\":\"bs-BA\",\"potentialAction\":[{\"@type\":\"ReadAction\",\"target\":[\"https:\/\/sandzakpress.net\/arhiva\/dvadeset-novih-diplomaca-fis-a-svecana-dodjela-diploma-foto\/\"]}]},{\"@type\":\"ImageObject\",\"inLanguage\":\"bs-BA\",\"@id\":\"https:\/\/sandzakpress.net\/arhiva\/dvadeset-novih-diplomaca-fis-a-svecana-dodjela-diploma-foto\/#primaryimage\",\"url\":\"https:\/\/sandzakpress.net\/arhiva\/wp-content\/uploads\/2013\/05\/dodjela-diploma-na-FIS-u-14.05.2012-13.jpg\",\"contentUrl\":\"https:\/\/sandzakpress.net\/arhiva\/wp-content\/uploads\/2013\/05\/dodjela-diploma-na-FIS-u-14.05.2012-13.jpg\",\"width\":616,\"height\":409},{\"@type\":\"BreadcrumbList\",\"@id\":\"https:\/\/sandzakpress.net\/arhiva\/dvadeset-novih-diplomaca-fis-a-svecana-dodjela-diploma-foto\/#breadcrumb\",\"itemListElement\":[{\"@type\":\"ListItem\",\"position\":1,\"name\":\"Home\",\"item\":\"https:\/\/sandzakpress.net\/arhiva\/\"},{\"@type\":\"ListItem\",\"position\":2,\"name\":\"Dvadeset novih diplomaca FIS-a: SVE\u010cANA DODJELA DIPLOMA (Foto)\"}]},{\"@type\":\"WebSite\",\"@id\":\"https:\/\/sandzakpress.net\/arhiva\/#website\",\"url\":\"https:\/\/sandzakpress.net\/arhiva\/\",\"name\":\"Sand\u017eak PRESS\",\"description\":\"Prve elektronske novine u Sand\u017eaku\",\"publisher\":{\"@id\":\"https:\/\/sandzakpress.net\/arhiva\/#\/schema\/person\/6e72b67d6e51910a1117b3b483ba20bd\"},\"potentialAction\":[{\"@type\":\"SearchAction\",\"target\":{\"@type\":\"EntryPoint\",\"urlTemplate\":\"https:\/\/sandzakpress.net\/arhiva\/?s={search_term_string}\"},\"query-input\":{\"@type\":\"PropertyValueSpecification\",\"valueRequired\":true,\"valueName\":\"search_term_string\"}}],\"inLanguage\":\"bs-BA\"},{\"@type\":[\"Person\",\"Organization\"],\"@id\":\"https:\/\/sandzakpress.net\/arhiva\/#\/schema\/person\/6e72b67d6e51910a1117b3b483ba20bd\",\"name\":\"Kul\",\"image\":{\"@type\":\"ImageObject\",\"inLanguage\":\"bs-BA\",\"@id\":\"https:\/\/sandzakpress.net\/arhiva\/#\/schema\/person\/image\/\",\"url\":\"https:\/\/secure.gravatar.com\/avatar\/42263f39aa27ac04c43cab85c280eb2e?s=96&d=mm&r=pg\",\"contentUrl\":\"https:\/\/secure.gravatar.com\/avatar\/42263f39aa27ac04c43cab85c280eb2e?s=96&d=mm&r=pg\",\"caption\":\"Kul\"},\"logo\":{\"@id\":\"https:\/\/sandzakpress.net\/arhiva\/#\/schema\/person\/image\/\"}},{\"@type\":\"Person\",\"@id\":\"https:\/\/sandzakpress.net\/arhiva\/#\/schema\/person\/c8baee722073534b583ea7bdb2e36c02\",\"name\":\"bosniak\",\"image\":{\"@type\":\"ImageObject\",\"inLanguage\":\"bs-BA\",\"@id\":\"https:\/\/sandzakpress.net\/arhiva\/#\/schema\/person\/image\/\",\"url\":\"https:\/\/secure.gravatar.com\/avatar\/a04fd330bfe3a36a72a0ad4a6d89fca7?s=96&d=mm&r=pg\",\"contentUrl\":\"https:\/\/secure.gravatar.com\/avatar\/a04fd330bfe3a36a72a0ad4a6d89fca7?s=96&d=mm&r=pg\",\"caption\":\"bosniak\"},\"url\":\"https:\/\/sandzakpress.net\/arhiva\/author\/bosniak\/\"}]}<\/script>\n<!-- \/ Yoast SEO Premium plugin. -->","yoast_head_json":{"title":"Dvadeset novih diplomaca FIS-a: SVE\u010cANA DODJELA DIPLOMA (Foto)","robots":{"index":"index","follow":"follow","max-snippet":"max-snippet:-1","max-image-preview":"max-image-preview:large","max-video-preview":"max-video-preview:-1"},"canonical":"https:\/\/sandzakpress.net\/arhiva\/dvadeset-novih-diplomaca-fis-a-svecana-dodjela-diploma-foto\/","og_locale":"bs_BA","og_type":"article","og_title":"Dvadeset novih diplomaca FIS-a: SVE\u010cANA DODJELA DIPLOMA (Foto)","og_description":"Novi Pazar &#8211; U ponedjeljak 13.05.2013. godine odr\u017eana je sve\u010dana dodjela diploma za dvadeset diplomaca Fakluteta za islamske studije u Novom Pazaru. Sve\u010danost je odr\u017eana u Velikoj sali Me\u0161ihata, a skupu su prisustvovale brojne delegacije: Islamske zajednice na \u010delu sa podpredsjednikom Re\u0161ad-ef. Plojovi\u0107em, Internacionalnog univerziteta predvo\u0111enu prorektoricom dr. Amelom Luka\u010d-Zorani\u0107 i generalnim menad\u017eerom Elmom Elfi\u0107-Zukorli\u0107, [&hellip;]","og_url":"https:\/\/sandzakpress.net\/arhiva\/dvadeset-novih-diplomaca-fis-a-svecana-dodjela-diploma-foto\/","og_site_name":"Sand\u017eak PRESS","article_published_time":"2013-05-14T19:32:57+00:00","article_modified_time":"2013-05-15T10:27:28+00:00","og_image":[{"width":616,"height":409,"url":"https:\/\/sandzakpress.net\/arhiva\/wp-content\/uploads\/2013\/05\/dodjela-diploma-na-FIS-u-14.05.2012-13.jpg","type":"image\/jpeg"}],"author":"bosniak","twitter_card":"summary_large_image","twitter_misc":{"Written by":"bosniak","Est. reading time":"3 minute"},"schema":{"@context":"https:\/\/schema.org","@graph":[{"@type":"Article","@id":"https:\/\/sandzakpress.net\/arhiva\/dvadeset-novih-diplomaca-fis-a-svecana-dodjela-diploma-foto\/#article","isPartOf":{"@id":"https:\/\/sandzakpress.net\/arhiva\/dvadeset-novih-diplomaca-fis-a-svecana-dodjela-diploma-foto\/"},"author":{"name":"bosniak","@id":"https:\/\/sandzakpress.net\/arhiva\/#\/schema\/person\/c8baee722073534b583ea7bdb2e36c02"},"headline":"Dvadeset novih diplomaca FIS-a: SVE\u010cANA DODJELA DIPLOMA (Foto)","datePublished":"2013-05-14T19:32:57+00:00","dateModified":"2013-05-15T10:27:28+00:00","mainEntityOfPage":{"@id":"https:\/\/sandzakpress.net\/arhiva\/dvadeset-novih-diplomaca-fis-a-svecana-dodjela-diploma-foto\/"},"wordCount":558,"commentCount":1,"publisher":{"@id":"https:\/\/sandzakpress.net\/arhiva\/#\/schema\/person\/6e72b67d6e51910a1117b3b483ba20bd"},"image":{"@id":"https:\/\/sandzakpress.net\/arhiva\/dvadeset-novih-diplomaca-fis-a-svecana-dodjela-diploma-foto\/#primaryimage"},"thumbnailUrl":"https:\/\/sandzakpress.net\/arhiva\/wp-content\/uploads\/2013\/05\/dodjela-diploma-na-FIS-u-14.05.2012-13.jpg","articleSection":["Novi Pazar","Ro\u017eaje","Sjenica","Tutin","Prijepolje","Obrazovanje","VIJESTI DANA"],"inLanguage":"bs-BA","potentialAction":[{"@type":"CommentAction","name":"Comment","target":["https:\/\/sandzakpress.net\/arhiva\/dvadeset-novih-diplomaca-fis-a-svecana-dodjela-diploma-foto\/#respond"]}]},{"@type":"WebPage","@id":"https:\/\/sandzakpress.net\/arhiva\/dvadeset-novih-diplomaca-fis-a-svecana-dodjela-diploma-foto\/","url":"https:\/\/sandzakpress.net\/arhiva\/dvadeset-novih-diplomaca-fis-a-svecana-dodjela-diploma-foto\/","name":"Dvadeset novih diplomaca FIS-a: SVE\u010cANA DODJELA DIPLOMA (Foto)","isPartOf":{"@id":"https:\/\/sandzakpress.net\/arhiva\/#website"},"primaryImageOfPage":{"@id":"https:\/\/sandzakpress.net\/arhiva\/dvadeset-novih-diplomaca-fis-a-svecana-dodjela-diploma-foto\/#primaryimage"},"image":{"@id":"https:\/\/sandzakpress.net\/arhiva\/dvadeset-novih-diplomaca-fis-a-svecana-dodjela-diploma-foto\/#primaryimage"},"thumbnailUrl":"https:\/\/sandzakpress.net\/arhiva\/wp-content\/uploads\/2013\/05\/dodjela-diploma-na-FIS-u-14.05.2012-13.jpg","datePublished":"2013-05-14T19:32:57+00:00","dateModified":"2013-05-15T10:27:28+00:00","breadcrumb":{"@id":"https:\/\/sandzakpress.net\/arhiva\/dvadeset-novih-diplomaca-fis-a-svecana-dodjela-diploma-foto\/#breadcrumb"},"inLanguage":"bs-BA","potentialAction":[{"@type":"ReadAction","target":["https:\/\/sandzakpress.net\/arhiva\/dvadeset-novih-diplomaca-fis-a-svecana-dodjela-diploma-foto\/"]}]},{"@type":"ImageObject","inLanguage":"bs-BA","@id":"https:\/\/sandzakpress.net\/arhiva\/dvadeset-novih-diplomaca-fis-a-svecana-dodjela-diploma-foto\/#primaryimage","url":"https:\/\/sandzakpress.net\/arhiva\/wp-content\/uploads\/2013\/05\/dodjela-diploma-na-FIS-u-14.05.2012-13.jpg","contentUrl":"https:\/\/sandzakpress.net\/arhiva\/wp-content\/uploads\/2013\/05\/dodjela-diploma-na-FIS-u-14.05.2012-13.jpg","width":616,"height":409},{"@type":"BreadcrumbList","@id":"https:\/\/sandzakpress.net\/arhiva\/dvadeset-novih-diplomaca-fis-a-svecana-dodjela-diploma-foto\/#breadcrumb","itemListElement":[{"@type":"ListItem","position":1,"name":"Home","item":"https:\/\/sandzakpress.net\/arhiva\/"},{"@type":"ListItem","position":2,"name":"Dvadeset novih diplomaca FIS-a: SVE\u010cANA DODJELA DIPLOMA (Foto)"}]},{"@type":"WebSite","@id":"https:\/\/sandzakpress.net\/arhiva\/#website","url":"https:\/\/sandzakpress.net\/arhiva\/","name":"Sand\u017eak PRESS","description":"Prve elektronske novine u Sand\u017eaku","publisher":{"@id":"https:\/\/sandzakpress.net\/arhiva\/#\/schema\/person\/6e72b67d6e51910a1117b3b483ba20bd"},"potentialAction":[{"@type":"SearchAction","target":{"@type":"EntryPoint","urlTemplate":"https:\/\/sandzakpress.net\/arhiva\/?s={search_term_string}"},"query-input":{"@type":"PropertyValueSpecification","valueRequired":true,"valueName":"search_term_string"}}],"inLanguage":"bs-BA"},{"@type":["Person","Organization"],"@id":"https:\/\/sandzakpress.net\/arhiva\/#\/schema\/person\/6e72b67d6e51910a1117b3b483ba20bd","name":"Kul","image":{"@type":"ImageObject","inLanguage":"bs-BA","@id":"https:\/\/sandzakpress.net\/arhiva\/#\/schema\/person\/image\/","url":"https:\/\/secure.gravatar.com\/avatar\/42263f39aa27ac04c43cab85c280eb2e?s=96&d=mm&r=pg","contentUrl":"https:\/\/secure.gravatar.com\/avatar\/42263f39aa27ac04c43cab85c280eb2e?s=96&d=mm&r=pg","caption":"Kul"},"logo":{"@id":"https:\/\/sandzakpress.net\/arhiva\/#\/schema\/person\/image\/"}},{"@type":"Person","@id":"https:\/\/sandzakpress.net\/arhiva\/#\/schema\/person\/c8baee722073534b583ea7bdb2e36c02","name":"bosniak","image":{"@type":"ImageObject","inLanguage":"bs-BA","@id":"https:\/\/sandzakpress.net\/arhiva\/#\/schema\/person\/image\/","url":"https:\/\/secure.gravatar.com\/avatar\/a04fd330bfe3a36a72a0ad4a6d89fca7?s=96&d=mm&r=pg","contentUrl":"https:\/\/secure.gravatar.com\/avatar\/a04fd330bfe3a36a72a0ad4a6d89fca7?s=96&d=mm&r=pg","caption":"bosniak"},"url":"https:\/\/sandzakpress.net\/arhiva\/author\/bosniak\/"}]}},"_links":{"self":[{"href":"https:\/\/sandzakpress.net\/arhiva\/wp-json\/wp\/v2\/posts\/75888"}],"collection":[{"href":"https:\/\/sandzakpress.net\/arhiva\/wp-json\/wp\/v2\/posts"}],"about":[{"href":"https:\/\/sandzakpress.net\/arhiva\/wp-json\/wp\/v2\/types\/post"}],"author":[{"embeddable":true,"href":"https:\/\/sandzakpress.net\/arhiva\/wp-json\/wp\/v2\/users\/83"}],"replies":[{"embeddable":true,"href":"https:\/\/sandzakpress.net\/arhiva\/wp-json\/wp\/v2\/comments?post=75888"}],"version-history":[{"count":0,"href":"https:\/\/sandzakpress.net\/arhiva\/wp-json\/wp\/v2\/posts\/75888\/revisions"}],"wp:featuredmedia":[{"embeddable":true,"href":"https:\/\/sandzakpress.net\/arhiva\/wp-json\/wp\/v2\/media\/75889"}],"wp:attachment":[{"href":"https:\/\/sandzakpress.net\/arhiva\/wp-json\/wp\/v2\/media?parent=75888"}],"wp:term":[{"taxonomy":"category","embeddable":true,"href":"https:\/\/sandzakpress.net\/arhiva\/wp-json\/wp\/v2\/categories?post=75888"},{"taxonomy":"post_tag","embeddable":true,"href":"https:\/\/sandzakpress.net\/arhiva\/wp-json\/wp\/v2\/tags?post=75888"}],"curies":[{"name":"wp","href":"https:\/\/api.w.org\/{rel}","templated":true}]}}