{"id":75396,"date":"2013-05-10T16:18:02","date_gmt":"2013-05-10T14:18:02","guid":{"rendered":"https:\/\/sandzakpress.net\/arhiva\/?p=75396"},"modified":"2013-05-12T14:00:31","modified_gmt":"2013-05-12T12:00:31","slug":"cestitke-u-povodu-dana-zastave-sandzaka2","status":"publish","type":"post","link":"https:\/\/sandzakpress.net\/arhiva\/cestitke-u-povodu-dana-zastave-sandzaka2\/","title":{"rendered":"\u010cestitke u povodu Dana zastave Sand\u017eaka"},"content":{"rendered":"<p><a href=\"https:\/\/sandzakpress.net\/arhiva\/wp-content\/uploads\/2013\/05\/images31.jpg\"><img loading=\"lazy\" decoding=\"async\" class=\"aligncenter size-full wp-image-75525\" title=\"images3\" src=\"https:\/\/sandzakpress.net\/arhiva\/wp-content\/uploads\/2013\/05\/images31.jpg\" alt=\"\" width=\"298\" height=\"169\" \/><\/a><\/p>\n<h1 style=\"text-align: center;\">Dan zastave Sand\u017eaka<\/h1>\n<h3><strong>Narodno vije\u0107e Sand\u017eaka<\/strong><\/h3>\n<p style=\"text-align: center;\"><img loading=\"lazy\" decoding=\"async\" class=\"alignleft\" src=\"https:\/\/sandzakpress.net\/arhiva\/wp-content\/uploads\/2012\/10\/sead-sacirovic1.jpg\" alt=\"\" width=\"256\" height=\"214\" \/><\/p>\n<p>Uprkos \u010dinjenici da se Sand\u017eak nalazi u hroni\u010dnoj ekonomskoj krizi, kao i u nestabilnim politi\u010dkim prilikama za\u0161ta krivicu snose beogradski i podgori\u010dki re\u017eim kao i nesposobni i neodgovorni politi\u010dki mo\u0107nici koji vladaju sand\u017ea\u010dkim gradovima, Sand\u017eaklije; Bo\u0161njaci, Srbi, Albanci, Crno Gorci i drugi ne smiju dopustiti da pesimizam i me\u0111usobno nepovjerenje budu kamen spoticanja u namjeri da na\u0161 zajedni\u010dki \u017eivot u\u010dinimo sigurnijim, boljim i kvalitetnijim. Mir, su\u017eivot i tolerancija nemaju alternativu. Ovo su osnovne i temeljne vrijednosti Sand\u017eka koje svi zajedno trebamo graditi i uzdizati radi svijetle budu\u0107nosti.<\/p>\n<p>Pored \u010dinjenice da ovogodi\u0161nji Dan bo\u0161nja\u010dke zastave Bo\u0161njaci do\u010dekuju optere\u0107eni stalnim, kontinuiranim i beskrupuloznim napadima na njihov nacionalni i vjerski korpus, na slobodu i autonomnost Islamske zajednice, na njene autoritete posebno na glavnog muftiju Muamera ef. Zukorli\u0107a, izra\u017eavam nadu da \u0107e sile mraka nestati pod valom slobodarskog duha Sand\u017eaklija koji zarad budu\u0107nosti svoje djece ne\u0107e dozvoliti eskalaciju neslaganja niti rje\u0161avanje bilo kakvog pitanja na nasilan, neciviliziran i antidemokratski na\u010din. Ponavljam da sloboda, autonomnost i jedinstvo predstavljaju osnovne potrebe i \u00a0vrijednosti ne samo Islamske zajednice ve\u0107 i cijelog Sand\u017eaka koji u samo takvim uslovima ima mogu\u0107nost opstanka.<\/p>\n<p>U nastojanju da ostvare slobodu Sand\u017eaklije su podnijele velike gubitke da bi sad olako, igraju\u0107i se, pojedinci ili grupe nastojali uskratiti im mir, ekonomski napredak i pobolj\u0161anje sveukupnih \u017eivotnih uslova. Pozivam sve one koji rade na destabilizaciji prilika u Sand\u017eaku da sa time hitno prestanu. Pozivam re\u017eim u Beogradu, te neodgovorne politi\u010dare iz redova Bo\u0161njaka kao i posrnule pojedince iz redova uleme da ostave IZ u Srbiji i njenog poglavara muftiju Zukorli\u0107a da kora\u010da putem razvoja, \u0161irenja ideja mira, zajedni\u0161tva i su\u017eivota. IZ mora i treba biti slobodna i autonomna.<\/p>\n<p>Po\u0161tovani gra\u0111ani Sand\u017eaka, bez obzira na veliki teret koji svakog trenutka osje\u0107amo, siguran sam\u00a0 da imamo snage, \u017eelje i umije\u0107a odgovoriti na izazove pred nama. I dalje \u0107emo biti vrijedni, vizionarski raspolo\u017eeni i hrabri da stvari mijenjamo na bolje. To mi dugujemo jedni drugima.<\/p>\n<p>Svim Bo\u0161njacima \u010destitam 11. maj Dan bo\u0161nja\u010dke zastave.<\/p>\n<p>Predsjednik Izvr\u0161nog vije\u0107a Sand\u017eaka<\/p>\n<p>Sead \u0160a\u0107irovi\u0107<\/p>\n<p>&#8212;&#8212;&#8212;&#8212;&#8212;&#8212;&#8212;&#8212;&#8212;&#8212;&#8212;&#8212;&#8212;&#8212;&#8212;&#8212;&#8212;&#8212;&#8212;&#8212;&#8212;&#8212;&#8212;&#8212;&#8212;&#8212;&#8212;&#8212;&#8212;&#8212;&#8212;&#8212;&#8212;&#8212;-<\/p>\n<h3><strong>Bo\u0161nja\u010dko nacionalno vije\u0107e<\/strong><\/h3>\n<p><img loading=\"lazy\" decoding=\"async\" class=\"alignleft\" src=\"https:\/\/sandzakpress.net\/arhiva\/wp-content\/uploads\/2012\/11\/Samir_Tandir_21.jpg\" alt=\"\" width=\"235\" height=\"314\" \/>Bo\u0161njaci u Sand\u017eaku i Srbiji obilje\u017eavaju 11. maj kao nacionalni praznik bo\u0161njackog naroda \u201cDan bo\u0161njacke zastave\u201d \u010duvaju\u0107i tako uspomenu na svijetle datume iz svoje povijesti.<\/p>\n<p>I ovaj 11. maj Bo\u0161njaci u Sand\u017eaku i Srbiji do\u010dekuju pomije\u0161anih osje\u0107anja, sretni zbog nacionalnog praznika, ali i zabrinuti zbog \u010dinjenice da je na\u0161 narod diskriminisan, i da mu se Ustavom zagarantovana prava brutalno kr\u0161e, tako\u0111er podsje\u0107amo da Bo\u0161nja\u010dko nacionalno vije\u0107e koje su Bo\u0161njaci izabrali na demokratskim izborima jo\u0161 uvjek funkcioni\u0161e pod opstrukcijama resornog ministarstva.<\/p>\n<p>Uprkos svemu mi Bo\u0161njaci sa optimizmom gledamo u budu\u0107nost i u tom smislu svim Bo\u0161njakinjama i Bo\u0161njacima \u010destitam 11. maj nacionalni blagdan \u201eDan bo\u0161nja\u010dke zastave\u201c.<\/p>\n<div>Predsjednik<\/p>\n<p>Samir Tandir<\/p>\n<\/div>\n<p>.<\/p>\n<p>&#8212;&#8212;&#8212;&#8212;&#8212;&#8212;&#8212;&#8212;&#8212;&#8212;&#8212;&#8212;&#8212;&#8212;&#8212;&#8212;&#8212;&#8212;&#8212;&#8212;&#8212;&#8212;&#8212;&#8212;&#8212;&#8212;&#8212;&#8212;&#8212;&#8212;&#8212;&#8212;&#8212;&#8212;-<\/p>\n<h3><strong>BDZ &#8211; Bo\u0161nja\u010dka demokratska zajednica<\/strong><\/h3>\n<p><img loading=\"lazy\" decoding=\"async\" class=\"alignleft\" src=\"https:\/\/sandzakpress.net\/arhiva\/wp-content\/uploads\/2011\/11\/jahja-fehratovic.jpg\" alt=\"\" width=\"230\" height=\"234\" \/>Svim pripadnicima bo\u0161nja\u010dkog naroda u svoje li\u010dno ime i u ime Bo\u0161nja\u010dke demokratske zajednice \u010destitam Dan nacionalne zastave, uz \u017eelje da jedinstveni pod nacionalnim bajrakom do\u0111emo do pune slobode, okon\u010damo borbu za nas vjerski, kulturni i nacionalni identitet i ostvarimo ideju evropske prekograni\u010dne autonomne regije Sand\u017eak.<br \/>\nBo\u0161nja\u010dka demokratska zajednica \u0107e u tom duhu neumorno raditi na ostvarivanju individualnih i kolektivnih prava Bo\u0161njaka i obezbje\u0111ivanju uvjeta za dostojanstven \u017eivot na\u0161ih sunarodnika i svih gra\u0111ana Sand\u017eaka \u0161to je temelj svakog drugog prosperiteta.<\/p>\n<div>Predsjednik<\/div>\n<div>mr. Jahja Fehratovi\u0107<\/div>\n<div>.<\/div>\n<div>.<\/div>\n<p>&#8212;&#8212;&#8212;&#8212;&#8212;&#8212;&#8212;&#8212;&#8212;&#8212;&#8212;&#8212;&#8212;&#8212;&#8212;&#8212;&#8212;&#8212;&#8212;&#8212;&#8212;&#8212;&#8212;&#8212;&#8212;&#8212;&#8212;&#8212;&#8212;&#8212;&#8212;&#8212;&#8212;&#8212;-<\/p>\n<h3>SDA &#8211; Stranka demokratske akcije<\/h3>\n<p><img loading=\"lazy\" decoding=\"async\" class=\"alignleft\" src=\"https:\/\/sandzakpress.net\/arhiva\/wp-content\/uploads\/2012\/08\/sulejman1.jpg\" alt=\"\" width=\"236\" height=\"199\" \/><\/p>\n<p>Povodom obilje\u017eavanja 11. maja, Dana bo\u0161nja\u010dke nacionalne zastave, predsjednik SDA Sand\u017eaka i ministar u Vladi Srbije Dr Sulejman Ugljanin uputio je \u010destitku svim Bo\u0161njacima koji proslavljaju ovaj dan.<\/p>\n<p>Dragi Bo\u0161njaci,<\/p>\n<p>prije dvadesetdvije godine, 11. maja 1991. osnovano je Bo\u0161nja\u010dko nacionalno vije\u0107e koje obilje\u017eava veoma va\u017ean period u historijskom razvoju Bo\u0161njaka i potpunom formiranju njihove nacionalne zajednice. U protekle 22. godine uspje\u0161nog rada i djelovanja, pobolj\u0161ali smo nacionalni status Bo\u0161njaka i postali prepoznatljivi u svijetu po svojoj kulturi, jeziku, nacionalnim praznicima i zastavi koju ponosno isti\u010demo.<\/p>\n<p>Nastavi\u0107emo tako i ubudu\u0107e, zala\u017eu\u0107i se za prava Bo\u0161njaka svuda i uvijek.<\/p>\n<p>Uz ovu poruku vam iskreno \u010destitam Dan bo\u0161nja\u010dke nacionalne zastave, sa \u017eeljom da ga obilje\u017eimo u miru, zdravlju i sre\u0107i.<\/p>\n<p>&#8212;&#8212;&#8212;&#8212;&#8212;&#8212;&#8212;&#8212;&#8212;&#8212;&#8212;&#8212;&#8212;&#8212;&#8212;&#8212;&#8212;&#8212;&#8212;&#8212;&#8212;&#8212;&#8212;&#8212;&#8212;&#8212;&#8212;&#8212;&#8212;&#8212;&#8212;&#8212;&#8212;&#8212;-<\/p>\n<h3><strong>ZSD &#8211; Povodom 11. maja &#8211; Dana bo\u0161nja\u010dke nacionalne zastave &#8211; ZSD upu\u0107uje srda\u010dne \u010destitke<\/strong><\/h3>\n<p><a href=\"https:\/\/sandzakpress.net\/arhiva\/wp-content\/uploads\/2013\/05\/mithat-mujovic-1.jpg\"><img loading=\"lazy\" decoding=\"async\" class=\"alignleft size-full wp-image-75429\" title=\"mithat-mujovic-1\" src=\"https:\/\/sandzakpress.net\/arhiva\/wp-content\/uploads\/2013\/05\/mithat-mujovic-1.jpg\" alt=\"\" width=\"236\" height=\"219\" \/><\/a>U posljednjih nekoliko mjeseci Bo\u0161njaci iz Sandzaka suo\u010deni su sa nemilosrdnom i intenzivnom medijskom hajkom kao i napadima re\u017eimskih politi\u010dara\u00a0 i nesavjesnih pojedinaca koji imaju cilj oslabiti sveop\u0107e budjenje Bo\u0161nja\u010dkog naroda.<img decoding=\"async\" title=\"Vi\u0161e...\" src=\"http:\/\/www.zsd.eu.com\/wp-includes\/js\/tinymce\/plugins\/wordpress\/img\/trans.gif\" alt=\"\" \/><img decoding=\"async\" title=\"Vi\u0161e...\" src=\"http:\/\/www.zsd.eu.com\/wp-includes\/js\/tinymce\/plugins\/wordpress\/img\/trans.gif\" alt=\"\" \/><\/p>\n<p>Dvije decenije predanog rada odgovornih Bo\u0161njaka i vrijednih aktivista na \u010delu sa liderom bo\u0161nja\u010dkog pokreta muftijom Zukorli\u0107em rezultirale su izgradnjom zna\u010dajnih institucija koje su nada opstanka Bo\u0161njaka u Sandzaku.<\/p>\n<p>Svjesni smo da je put ka slobodi izuzetno skup ali smo spremni platiti cijenu i ne\u0107emo dozvoliti da na\u0161om sudbinom upravljaju drugi.<\/p>\n<p>Zastava Sandzaka ne\u0107e nikada biti zastava predaje i poraza ve\u0107 zastava ponosa, dostojanstva, pobjede \u00a0i slobode. Ma koliko put bio dug odlu\u010dni smo do\u0107i do cilja, ma koliko mrak zuluma i nepravde napada\u010da potrajao ne\u0107emo zaspati dok ne do\u010dekamo jutro pobjede i uspjeha.<\/p>\n<p>U tom pogledu \u010destitamo svim Bo\u0161njacima u zemlji i dijaspori dan bo\u0161nja\u010dke nacionalne zastave Sandzaka sa \u017eeljom da ujedinjenim snagama \u010duvamo na\u0161 vjerski kulturni i nacionalni identitet.<\/p>\n<p><strong>Predsjednik ZSD<\/strong><\/p>\n<p><strong>Mithat Mujovi\u0107<\/strong><\/p>\n<p>&#8212;&#8212;&#8212;&#8212;&#8212;&#8212;&#8212;&#8212;&#8212;&#8212;&#8212;&#8212;&#8212;&#8212;&#8212;&#8212;&#8212;&#8212;&#8212;&#8212;&#8212;&#8212;&#8212;&#8212;&#8212;&#8212;&#8212;&#8212;&#8212;&#8212;&#8212;&#8212;&#8212;&#8212;-<\/p>\n<h3>BKZ &#8211; \u010cestitamo bo\u0161nja\u010dki blagdan &#8211; Dan zastave<\/h3>\n<p>U povodu jednog od najzna\u010dajnijih blagdana u Bo\u0161njaka, dana na\u0161eg ponositog bajraka, svim Bo\u0161njacima u domovini i imigraciji, u ime Bo\u0161nja\u010dke kulturne zajednice u Sand\u017eaku, Crnoj Gori, Makedoniji, Kosovu, Americi, Luksemburgu, Austriji, Belgiji, Njema\u010dkoj i dr, \u010destitam ovaj blagdan sa \u017eeljom da ga provedu u rahatluku, miru i blagostanju, te da u narednom periodu diljem dunjaluka se jo\u0161 vi\u0161e zavihori na\u0161 di\u010dni bajrak.<\/p>\n<p><strong>Podpredsjednik<\/strong><\/p>\n<p><strong>dr. Samina Dazdarevi\u0107<\/strong><\/p>\n","protected":false},"excerpt":{"rendered":"<p>Dan zastave Sand\u017eaka Narodno vije\u0107e Sand\u017eaka Uprkos \u010dinjenici da se Sand\u017eak nalazi u hroni\u010dnoj ekonomskoj krizi, kao i u nestabilnim politi\u010dkim prilikama za\u0161ta krivicu snose beogradski i podgori\u010dki re\u017eim kao i nesposobni i neodgovorni politi\u010dki mo\u0107nici koji vladaju sand\u017ea\u010dkim gradovima, Sand\u017eaklije; Bo\u0161njaci, Srbi, Albanci, Crno Gorci i drugi ne smiju dopustiti da pesimizam i me\u0111usobno [&hellip;]<\/p>\n","protected":false},"author":83,"featured_media":75525,"comment_status":"open","ping_status":"open","sticky":false,"template":"","format":"standard","meta":{"footnotes":""},"categories":[398,800,72,52,397,327,392,396,393,395,399,394,8957],"tags":[],"class_list":{"0":"post-75396","1":"post","2":"type-post","3":"status-publish","4":"format-standard","5":"has-post-thumbnail","7":"category-rozaje","8":"category-nacija","9":"category-novi-pazar","10":"category-sjenica","11":"category-berane","12":"category-tutin","13":"category-prijepolje_","14":"category-bijelo_polje","15":"category-priboj","16":"category-pljevlja_","17":"category-plav_","18":"category-nova-varos","19":"category-vijesti-dana"},"yoast_head":"<!-- This site is optimized with the Yoast SEO Premium plugin v23.1 (Yoast SEO v24.9) - https:\/\/yoast.com\/wordpress\/plugins\/seo\/ -->\n<title>\u010cestitke u povodu Dana zastave Sand\u017eaka<\/title>\n<meta name=\"robots\" content=\"index, follow, max-snippet:-1, max-image-preview:large, max-video-preview:-1\" \/>\n<link rel=\"canonical\" href=\"https:\/\/sandzakpress.net\/arhiva\/cestitke-u-povodu-dana-zastave-sandzaka2\/\" \/>\n<meta property=\"og:locale\" content=\"bs_BA\" \/>\n<meta property=\"og:type\" content=\"article\" \/>\n<meta property=\"og:title\" content=\"\u010cestitke u povodu Dana zastave Sand\u017eaka\" \/>\n<meta property=\"og:description\" content=\"Dan zastave Sand\u017eaka Narodno vije\u0107e Sand\u017eaka Uprkos \u010dinjenici da se Sand\u017eak nalazi u hroni\u010dnoj ekonomskoj krizi, kao i u nestabilnim politi\u010dkim prilikama za\u0161ta krivicu snose beogradski i podgori\u010dki re\u017eim kao i nesposobni i neodgovorni politi\u010dki mo\u0107nici koji vladaju sand\u017ea\u010dkim gradovima, Sand\u017eaklije; Bo\u0161njaci, Srbi, Albanci, Crno Gorci i drugi ne smiju dopustiti da pesimizam i me\u0111usobno [&hellip;]\" \/>\n<meta property=\"og:url\" content=\"https:\/\/sandzakpress.net\/arhiva\/cestitke-u-povodu-dana-zastave-sandzaka2\/\" \/>\n<meta property=\"og:site_name\" content=\"Sand\u017eak PRESS\" \/>\n<meta property=\"article:published_time\" content=\"2013-05-10T14:18:02+00:00\" \/>\n<meta property=\"article:modified_time\" content=\"2013-05-12T12:00:31+00:00\" \/>\n<meta property=\"og:image\" content=\"https:\/\/sandzakpress.net\/arhiva\/wp-content\/uploads\/2013\/05\/images31.jpg\" \/>\n\t<meta property=\"og:image:width\" content=\"298\" \/>\n\t<meta property=\"og:image:height\" content=\"169\" \/>\n\t<meta property=\"og:image:type\" content=\"image\/jpeg\" \/>\n<meta name=\"author\" content=\"bosniak\" \/>\n<meta name=\"twitter:card\" content=\"summary_large_image\" \/>\n<meta name=\"twitter:label1\" content=\"Written by\" \/>\n\t<meta name=\"twitter:data1\" content=\"bosniak\" \/>\n\t<meta name=\"twitter:label2\" content=\"Est. reading time\" \/>\n\t<meta name=\"twitter:data2\" content=\"5 minuta\" \/>\n<script type=\"application\/ld+json\" class=\"yoast-schema-graph\">{\"@context\":\"https:\/\/schema.org\",\"@graph\":[{\"@type\":\"Article\",\"@id\":\"https:\/\/sandzakpress.net\/arhiva\/cestitke-u-povodu-dana-zastave-sandzaka2\/#article\",\"isPartOf\":{\"@id\":\"https:\/\/sandzakpress.net\/arhiva\/cestitke-u-povodu-dana-zastave-sandzaka2\/\"},\"author\":{\"name\":\"bosniak\",\"@id\":\"https:\/\/sandzakpress.net\/arhiva\/#\/schema\/person\/c8baee722073534b583ea7bdb2e36c02\"},\"headline\":\"\u010cestitke u povodu Dana zastave Sand\u017eaka\",\"datePublished\":\"2013-05-10T14:18:02+00:00\",\"dateModified\":\"2013-05-12T12:00:31+00:00\",\"mainEntityOfPage\":{\"@id\":\"https:\/\/sandzakpress.net\/arhiva\/cestitke-u-povodu-dana-zastave-sandzaka2\/\"},\"wordCount\":1079,\"commentCount\":4,\"publisher\":{\"@id\":\"https:\/\/sandzakpress.net\/arhiva\/#\/schema\/person\/6e72b67d6e51910a1117b3b483ba20bd\"},\"image\":{\"@id\":\"https:\/\/sandzakpress.net\/arhiva\/cestitke-u-povodu-dana-zastave-sandzaka2\/#primaryimage\"},\"thumbnailUrl\":\"https:\/\/sandzakpress.net\/arhiva\/wp-content\/uploads\/2013\/05\/images31.jpg\",\"articleSection\":[\"Ro\u017eaje\",\"Nacija\",\"Novi Pazar\",\"Sjenica\",\"Berane\",\"Tutin\",\"Prijepolje\",\"Bijelo Polje\",\"Priboj\",\"Pljevlja\",\"Plav\",\"Nova Varo\u0161\",\"VIJESTI DANA\"],\"inLanguage\":\"bs-BA\",\"potentialAction\":[{\"@type\":\"CommentAction\",\"name\":\"Comment\",\"target\":[\"https:\/\/sandzakpress.net\/arhiva\/cestitke-u-povodu-dana-zastave-sandzaka2\/#respond\"]}]},{\"@type\":\"WebPage\",\"@id\":\"https:\/\/sandzakpress.net\/arhiva\/cestitke-u-povodu-dana-zastave-sandzaka2\/\",\"url\":\"https:\/\/sandzakpress.net\/arhiva\/cestitke-u-povodu-dana-zastave-sandzaka2\/\",\"name\":\"\u010cestitke u povodu Dana zastave Sand\u017eaka\",\"isPartOf\":{\"@id\":\"https:\/\/sandzakpress.net\/arhiva\/#website\"},\"primaryImageOfPage\":{\"@id\":\"https:\/\/sandzakpress.net\/arhiva\/cestitke-u-povodu-dana-zastave-sandzaka2\/#primaryimage\"},\"image\":{\"@id\":\"https:\/\/sandzakpress.net\/arhiva\/cestitke-u-povodu-dana-zastave-sandzaka2\/#primaryimage\"},\"thumbnailUrl\":\"https:\/\/sandzakpress.net\/arhiva\/wp-content\/uploads\/2013\/05\/images31.jpg\",\"datePublished\":\"2013-05-10T14:18:02+00:00\",\"dateModified\":\"2013-05-12T12:00:31+00:00\",\"breadcrumb\":{\"@id\":\"https:\/\/sandzakpress.net\/arhiva\/cestitke-u-povodu-dana-zastave-sandzaka2\/#breadcrumb\"},\"inLanguage\":\"bs-BA\",\"potentialAction\":[{\"@type\":\"ReadAction\",\"target\":[\"https:\/\/sandzakpress.net\/arhiva\/cestitke-u-povodu-dana-zastave-sandzaka2\/\"]}]},{\"@type\":\"ImageObject\",\"inLanguage\":\"bs-BA\",\"@id\":\"https:\/\/sandzakpress.net\/arhiva\/cestitke-u-povodu-dana-zastave-sandzaka2\/#primaryimage\",\"url\":\"https:\/\/sandzakpress.net\/arhiva\/wp-content\/uploads\/2013\/05\/images31.jpg\",\"contentUrl\":\"https:\/\/sandzakpress.net\/arhiva\/wp-content\/uploads\/2013\/05\/images31.jpg\",\"width\":298,\"height\":169},{\"@type\":\"BreadcrumbList\",\"@id\":\"https:\/\/sandzakpress.net\/arhiva\/cestitke-u-povodu-dana-zastave-sandzaka2\/#breadcrumb\",\"itemListElement\":[{\"@type\":\"ListItem\",\"position\":1,\"name\":\"Home\",\"item\":\"https:\/\/sandzakpress.net\/arhiva\/\"},{\"@type\":\"ListItem\",\"position\":2,\"name\":\"\u010cestitke u povodu Dana zastave Sand\u017eaka\"}]},{\"@type\":\"WebSite\",\"@id\":\"https:\/\/sandzakpress.net\/arhiva\/#website\",\"url\":\"https:\/\/sandzakpress.net\/arhiva\/\",\"name\":\"Sand\u017eak PRESS\",\"description\":\"Prve elektronske novine u Sand\u017eaku\",\"publisher\":{\"@id\":\"https:\/\/sandzakpress.net\/arhiva\/#\/schema\/person\/6e72b67d6e51910a1117b3b483ba20bd\"},\"potentialAction\":[{\"@type\":\"SearchAction\",\"target\":{\"@type\":\"EntryPoint\",\"urlTemplate\":\"https:\/\/sandzakpress.net\/arhiva\/?s={search_term_string}\"},\"query-input\":{\"@type\":\"PropertyValueSpecification\",\"valueRequired\":true,\"valueName\":\"search_term_string\"}}],\"inLanguage\":\"bs-BA\"},{\"@type\":[\"Person\",\"Organization\"],\"@id\":\"https:\/\/sandzakpress.net\/arhiva\/#\/schema\/person\/6e72b67d6e51910a1117b3b483ba20bd\",\"name\":\"Kul\",\"image\":{\"@type\":\"ImageObject\",\"inLanguage\":\"bs-BA\",\"@id\":\"https:\/\/sandzakpress.net\/arhiva\/#\/schema\/person\/image\/\",\"url\":\"https:\/\/secure.gravatar.com\/avatar\/42263f39aa27ac04c43cab85c280eb2e?s=96&d=mm&r=pg\",\"contentUrl\":\"https:\/\/secure.gravatar.com\/avatar\/42263f39aa27ac04c43cab85c280eb2e?s=96&d=mm&r=pg\",\"caption\":\"Kul\"},\"logo\":{\"@id\":\"https:\/\/sandzakpress.net\/arhiva\/#\/schema\/person\/image\/\"}},{\"@type\":\"Person\",\"@id\":\"https:\/\/sandzakpress.net\/arhiva\/#\/schema\/person\/c8baee722073534b583ea7bdb2e36c02\",\"name\":\"bosniak\",\"image\":{\"@type\":\"ImageObject\",\"inLanguage\":\"bs-BA\",\"@id\":\"https:\/\/sandzakpress.net\/arhiva\/#\/schema\/person\/image\/\",\"url\":\"https:\/\/secure.gravatar.com\/avatar\/a04fd330bfe3a36a72a0ad4a6d89fca7?s=96&d=mm&r=pg\",\"contentUrl\":\"https:\/\/secure.gravatar.com\/avatar\/a04fd330bfe3a36a72a0ad4a6d89fca7?s=96&d=mm&r=pg\",\"caption\":\"bosniak\"},\"url\":\"https:\/\/sandzakpress.net\/arhiva\/author\/bosniak\/\"}]}<\/script>\n<!-- \/ Yoast SEO Premium plugin. -->","yoast_head_json":{"title":"\u010cestitke u povodu Dana zastave Sand\u017eaka","robots":{"index":"index","follow":"follow","max-snippet":"max-snippet:-1","max-image-preview":"max-image-preview:large","max-video-preview":"max-video-preview:-1"},"canonical":"https:\/\/sandzakpress.net\/arhiva\/cestitke-u-povodu-dana-zastave-sandzaka2\/","og_locale":"bs_BA","og_type":"article","og_title":"\u010cestitke u povodu Dana zastave Sand\u017eaka","og_description":"Dan zastave Sand\u017eaka Narodno vije\u0107e Sand\u017eaka Uprkos \u010dinjenici da se Sand\u017eak nalazi u hroni\u010dnoj ekonomskoj krizi, kao i u nestabilnim politi\u010dkim prilikama za\u0161ta krivicu snose beogradski i podgori\u010dki re\u017eim kao i nesposobni i neodgovorni politi\u010dki mo\u0107nici koji vladaju sand\u017ea\u010dkim gradovima, Sand\u017eaklije; Bo\u0161njaci, Srbi, Albanci, Crno Gorci i drugi ne smiju dopustiti da pesimizam i me\u0111usobno [&hellip;]","og_url":"https:\/\/sandzakpress.net\/arhiva\/cestitke-u-povodu-dana-zastave-sandzaka2\/","og_site_name":"Sand\u017eak PRESS","article_published_time":"2013-05-10T14:18:02+00:00","article_modified_time":"2013-05-12T12:00:31+00:00","og_image":[{"width":298,"height":169,"url":"https:\/\/sandzakpress.net\/arhiva\/wp-content\/uploads\/2013\/05\/images31.jpg","type":"image\/jpeg"}],"author":"bosniak","twitter_card":"summary_large_image","twitter_misc":{"Written by":"bosniak","Est. reading time":"5 minuta"},"schema":{"@context":"https:\/\/schema.org","@graph":[{"@type":"Article","@id":"https:\/\/sandzakpress.net\/arhiva\/cestitke-u-povodu-dana-zastave-sandzaka2\/#article","isPartOf":{"@id":"https:\/\/sandzakpress.net\/arhiva\/cestitke-u-povodu-dana-zastave-sandzaka2\/"},"author":{"name":"bosniak","@id":"https:\/\/sandzakpress.net\/arhiva\/#\/schema\/person\/c8baee722073534b583ea7bdb2e36c02"},"headline":"\u010cestitke u povodu Dana zastave Sand\u017eaka","datePublished":"2013-05-10T14:18:02+00:00","dateModified":"2013-05-12T12:00:31+00:00","mainEntityOfPage":{"@id":"https:\/\/sandzakpress.net\/arhiva\/cestitke-u-povodu-dana-zastave-sandzaka2\/"},"wordCount":1079,"commentCount":4,"publisher":{"@id":"https:\/\/sandzakpress.net\/arhiva\/#\/schema\/person\/6e72b67d6e51910a1117b3b483ba20bd"},"image":{"@id":"https:\/\/sandzakpress.net\/arhiva\/cestitke-u-povodu-dana-zastave-sandzaka2\/#primaryimage"},"thumbnailUrl":"https:\/\/sandzakpress.net\/arhiva\/wp-content\/uploads\/2013\/05\/images31.jpg","articleSection":["Ro\u017eaje","Nacija","Novi Pazar","Sjenica","Berane","Tutin","Prijepolje","Bijelo Polje","Priboj","Pljevlja","Plav","Nova Varo\u0161","VIJESTI DANA"],"inLanguage":"bs-BA","potentialAction":[{"@type":"CommentAction","name":"Comment","target":["https:\/\/sandzakpress.net\/arhiva\/cestitke-u-povodu-dana-zastave-sandzaka2\/#respond"]}]},{"@type":"WebPage","@id":"https:\/\/sandzakpress.net\/arhiva\/cestitke-u-povodu-dana-zastave-sandzaka2\/","url":"https:\/\/sandzakpress.net\/arhiva\/cestitke-u-povodu-dana-zastave-sandzaka2\/","name":"\u010cestitke u povodu Dana zastave Sand\u017eaka","isPartOf":{"@id":"https:\/\/sandzakpress.net\/arhiva\/#website"},"primaryImageOfPage":{"@id":"https:\/\/sandzakpress.net\/arhiva\/cestitke-u-povodu-dana-zastave-sandzaka2\/#primaryimage"},"image":{"@id":"https:\/\/sandzakpress.net\/arhiva\/cestitke-u-povodu-dana-zastave-sandzaka2\/#primaryimage"},"thumbnailUrl":"https:\/\/sandzakpress.net\/arhiva\/wp-content\/uploads\/2013\/05\/images31.jpg","datePublished":"2013-05-10T14:18:02+00:00","dateModified":"2013-05-12T12:00:31+00:00","breadcrumb":{"@id":"https:\/\/sandzakpress.net\/arhiva\/cestitke-u-povodu-dana-zastave-sandzaka2\/#breadcrumb"},"inLanguage":"bs-BA","potentialAction":[{"@type":"ReadAction","target":["https:\/\/sandzakpress.net\/arhiva\/cestitke-u-povodu-dana-zastave-sandzaka2\/"]}]},{"@type":"ImageObject","inLanguage":"bs-BA","@id":"https:\/\/sandzakpress.net\/arhiva\/cestitke-u-povodu-dana-zastave-sandzaka2\/#primaryimage","url":"https:\/\/sandzakpress.net\/arhiva\/wp-content\/uploads\/2013\/05\/images31.jpg","contentUrl":"https:\/\/sandzakpress.net\/arhiva\/wp-content\/uploads\/2013\/05\/images31.jpg","width":298,"height":169},{"@type":"BreadcrumbList","@id":"https:\/\/sandzakpress.net\/arhiva\/cestitke-u-povodu-dana-zastave-sandzaka2\/#breadcrumb","itemListElement":[{"@type":"ListItem","position":1,"name":"Home","item":"https:\/\/sandzakpress.net\/arhiva\/"},{"@type":"ListItem","position":2,"name":"\u010cestitke u povodu Dana zastave Sand\u017eaka"}]},{"@type":"WebSite","@id":"https:\/\/sandzakpress.net\/arhiva\/#website","url":"https:\/\/sandzakpress.net\/arhiva\/","name":"Sand\u017eak PRESS","description":"Prve elektronske novine u Sand\u017eaku","publisher":{"@id":"https:\/\/sandzakpress.net\/arhiva\/#\/schema\/person\/6e72b67d6e51910a1117b3b483ba20bd"},"potentialAction":[{"@type":"SearchAction","target":{"@type":"EntryPoint","urlTemplate":"https:\/\/sandzakpress.net\/arhiva\/?s={search_term_string}"},"query-input":{"@type":"PropertyValueSpecification","valueRequired":true,"valueName":"search_term_string"}}],"inLanguage":"bs-BA"},{"@type":["Person","Organization"],"@id":"https:\/\/sandzakpress.net\/arhiva\/#\/schema\/person\/6e72b67d6e51910a1117b3b483ba20bd","name":"Kul","image":{"@type":"ImageObject","inLanguage":"bs-BA","@id":"https:\/\/sandzakpress.net\/arhiva\/#\/schema\/person\/image\/","url":"https:\/\/secure.gravatar.com\/avatar\/42263f39aa27ac04c43cab85c280eb2e?s=96&d=mm&r=pg","contentUrl":"https:\/\/secure.gravatar.com\/avatar\/42263f39aa27ac04c43cab85c280eb2e?s=96&d=mm&r=pg","caption":"Kul"},"logo":{"@id":"https:\/\/sandzakpress.net\/arhiva\/#\/schema\/person\/image\/"}},{"@type":"Person","@id":"https:\/\/sandzakpress.net\/arhiva\/#\/schema\/person\/c8baee722073534b583ea7bdb2e36c02","name":"bosniak","image":{"@type":"ImageObject","inLanguage":"bs-BA","@id":"https:\/\/sandzakpress.net\/arhiva\/#\/schema\/person\/image\/","url":"https:\/\/secure.gravatar.com\/avatar\/a04fd330bfe3a36a72a0ad4a6d89fca7?s=96&d=mm&r=pg","contentUrl":"https:\/\/secure.gravatar.com\/avatar\/a04fd330bfe3a36a72a0ad4a6d89fca7?s=96&d=mm&r=pg","caption":"bosniak"},"url":"https:\/\/sandzakpress.net\/arhiva\/author\/bosniak\/"}]}},"_links":{"self":[{"href":"https:\/\/sandzakpress.net\/arhiva\/wp-json\/wp\/v2\/posts\/75396"}],"collection":[{"href":"https:\/\/sandzakpress.net\/arhiva\/wp-json\/wp\/v2\/posts"}],"about":[{"href":"https:\/\/sandzakpress.net\/arhiva\/wp-json\/wp\/v2\/types\/post"}],"author":[{"embeddable":true,"href":"https:\/\/sandzakpress.net\/arhiva\/wp-json\/wp\/v2\/users\/83"}],"replies":[{"embeddable":true,"href":"https:\/\/sandzakpress.net\/arhiva\/wp-json\/wp\/v2\/comments?post=75396"}],"version-history":[{"count":0,"href":"https:\/\/sandzakpress.net\/arhiva\/wp-json\/wp\/v2\/posts\/75396\/revisions"}],"wp:featuredmedia":[{"embeddable":true,"href":"https:\/\/sandzakpress.net\/arhiva\/wp-json\/wp\/v2\/media\/75525"}],"wp:attachment":[{"href":"https:\/\/sandzakpress.net\/arhiva\/wp-json\/wp\/v2\/media?parent=75396"}],"wp:term":[{"taxonomy":"category","embeddable":true,"href":"https:\/\/sandzakpress.net\/arhiva\/wp-json\/wp\/v2\/categories?post=75396"},{"taxonomy":"post_tag","embeddable":true,"href":"https:\/\/sandzakpress.net\/arhiva\/wp-json\/wp\/v2\/tags?post=75396"}],"curies":[{"name":"wp","href":"https:\/\/api.w.org\/{rel}","templated":true}]}}